{"id":2520,"date":"2022-03-15T11:26:32","date_gmt":"2022-03-15T10:26:32","guid":{"rendered":"https:\/\/infos-droitshumains.net\/?p=2520"},"modified":"2023-04-06T12:10:29","modified_gmt":"2023-04-06T10:10:29","slug":"mois-de-la-femme-les-femmes-avocates-du-barreau-de-kinshasa-gombe-invitees-a-quitter-lavocat-generaliste-et-a-se-specialiser","status":"publish","type":"post","link":"https:\/\/infos-droitshumains.net\/?p=2520","title":{"rendered":"Mois de la femme: Les femmes Avocates du barreau de Kinshasa-Gombe invit\u00e9es \u00e0 quitter l&rsquo;avocat g\u00e9n\u00e9raliste et \u00e0 se sp\u00e9cialiser"},"content":{"rendered":"\n<p><strong>R\u00e9daction:+243817406088<\/strong><\/p>\n\n\n\n<p>A l&rsquo;occasion du mois de la femme, la commission genre et exercice du m\u00e9tier par la femme du barreau de Kinshasa-Gombe a, ce lundi 14 mars 2022 \u00e0 l&rsquo;h\u00f4tel B\u00e9atrice, organis\u00e9 un atelier d&rsquo;\u00e9changes.<\/p>\n\n\n\n<p>Cette rencontre de r\u00e9flexion r\u00e9unissant les femmes avocates du barreau de Kinshasa-Gombe, s&rsquo;est ax\u00e9e sur le th\u00e8me : <strong>\u00abPlaidoyer pour la sp\u00e9cialisation et l&rsquo;acquisition des comp\u00e9tences des femmes avocates pour un d\u00e9veloppement durable\u00bb.<\/strong><\/p>\n\n\n\n<figure class=\"wp-block-image alignfull size-large\"><img data-recalc-dims=\"1\" height=\"360\" width=\"640\" decoding=\"async\" src=\"https:\/\/i0.wp.com\/infos-droitshumains.net\/wp-content\/uploads\/2022\/03\/vlcsnap-2022-03-15-10h57m43s221_1-1024x576.jpg?resize=640%2C360&#038;ssl=1\" alt=\"\" class=\"wp-image-2525\"\/><\/figure>\n\n\n\n<p>Le b\u00e2tonnier de l\u2019ordre du barreau de KKinshasa-Gomb a, appel\u00e9 les participantes \u00e0 prendre conscience du r\u00f4le qui est le leur dans le d\u00e9veloppement d&rsquo;elles-m\u00eames, du barreau et de la R\u00e9publique toute enti\u00e8re.<\/p>\n\n\n\n<p><strong><em>\u00abVous avez un grand r\u00f4le \u00e0 jouer pour d\u00e9velopper notre pays et notre corporation. Demeurez conscientes pour contribuer \u00e0 votre \u00e9panouissement, du barreau et du pays\u00bb<\/em><\/strong>, a rappel\u00e9 Jean-Claude Mbaki.<\/p>\n\n\n\n<figure class=\"wp-block-image alignfull size-large\"><img data-recalc-dims=\"1\" height=\"360\" width=\"640\" decoding=\"async\" src=\"https:\/\/i0.wp.com\/infos-droitshumains.net\/wp-content\/uploads\/2022\/03\/vlcsnap-2022-03-15-10h56m02s215_1-1024x576.jpg?resize=640%2C360&#038;ssl=1\" alt=\"\" class=\"wp-image-2527\"\/><\/figure>\n\n\n\n<p>S\u2019appuyant sur le th\u00e8me du jour, Danius Tshey-A-Tshey, doyen du conseil de l&rsquo;ordre,  exhort\u00e9 ces avocates \u00e0 l&rsquo;\u00e9veil de conscience.<\/p>\n\n\n\n<p><strong><em>\u00abPrenez conscience de ce que vous \u00eates et distinguez-vous\u00bb.<\/em><\/strong><\/p>\n\n\n\n<p>Il a \u00e9galement somm\u00e9 les participantes \u00e0 quitter l&rsquo;avocat g\u00e9n\u00e9raliste et \u00e0 se sp\u00e9cialiser sur un domaine.<\/p>\n\n\n\n<p><strong><em>\u00abIl est n\u00e9cessaire que vous vous sp\u00e9cialisiez sur un domaine. cela vous permettra de vous focaliser sur un sujet de droit, le maitriser. \u00c7a peut vous propulser dans votre m\u00e9tier\u00bb<\/em><\/strong>, a-t-il conclu.<\/p>\n\n\n\n<figure class=\"wp-block-image alignfull size-large\"><img data-recalc-dims=\"1\" height=\"360\" width=\"640\" decoding=\"async\" src=\"https:\/\/i0.wp.com\/infos-droitshumains.net\/wp-content\/uploads\/2022\/03\/vlcsnap-2022-03-15-10h54m50s439_1-1024x576.jpg?resize=640%2C360&#038;ssl=1\" alt=\"\" class=\"wp-image-2529\"\/><\/figure>\n\n\n\n<p>Conscientes de l\u2019importance de leur r\u00f4le dans la soci\u00e9t\u00e9, les femmes avocates du barreau de Kinshasa\/Gombe ont promis de mettre en application les enseignements appris. Me. Chantal Muepu Kiseme, pr\u00e9sidente de la commission genre et exercice du m\u00e9tier par la femme du barreau de Kinshasa-Gombe, a promis d\u2019en faire large \u00e9chos aux avocates absentes.<\/p>\n\n\n\n<figure class=\"wp-block-image alignfull size-large\"><img data-recalc-dims=\"1\" height=\"360\" width=\"640\" decoding=\"async\" src=\"https:\/\/i0.wp.com\/infos-droitshumains.net\/wp-content\/uploads\/2022\/03\/vlcsnap-2022-03-15-10h54m19s326_1-1024x576.jpg?resize=640%2C360&#038;ssl=1\" alt=\"\" class=\"wp-image-2530\"\/><\/figure>\n\n\n\n<p>AM<\/p>\n","protected":false},"excerpt":{"rendered":"<p>R\u00e9daction:+243817406088 A l&rsquo;occasion du mois de la femme, la commission genre et exercice du m\u00e9tier&#8230;<\/p>\n","protected":false},"author":2,"featured_media":0,"comment_status":"closed","ping_status":"open","sticky":false,"template":"","format":"standard","meta":{"_jetpack_memberships_contains_paid_content":false,"footnotes":""},"categories":[6,8],"tags":[],"class_list":["post-2520","post","type-post","status-publish","format-standard","hentry","category-justice","category-societe"],"yoast_head":"<!-- This site is optimized with the Yoast SEO plugin v27.5 - https:\/\/yoast.com\/product\/yoast-seo-wordpress\/ -->\n<title>Mois de la femme: Les femmes Avocates du barreau de Kinshasa-Gombe invit\u00e9es \u00e0 quitter l&#039;avocat g\u00e9n\u00e9raliste et \u00e0 se sp\u00e9cialiser - Infos Droits Humains<\/title>\n<meta name=\"robots\" content=\"index, follow, max-snippet:-1, max-image-preview:large, max-video-preview:-1\" \/>\n<link rel=\"canonical\" href=\"https:\/\/infos-droitshumains.net\/?p=2520\" \/>\n<meta property=\"og:locale\" content=\"fr_FR\" \/>\n<meta property=\"og:type\" content=\"article\" \/>\n<meta property=\"og:title\" content=\"Mois de la femme: Les femmes Avocates du barreau de Kinshasa-Gombe invit\u00e9es \u00e0 quitter l&#039;avocat g\u00e9n\u00e9raliste et \u00e0 se sp\u00e9cialiser - Infos Droits Humains\" \/>\n<meta property=\"og:description\" content=\"R\u00e9daction:+243817406088 A l&rsquo;occasion du mois de la femme, la commission genre et exercice du m\u00e9tier...\" \/>\n<meta property=\"og:url\" content=\"https:\/\/infos-droitshumains.net\/?p=2520\" \/>\n<meta property=\"og:site_name\" content=\"Infos Droits Humains\" \/>\n<meta property=\"article:published_time\" content=\"2022-03-15T10:26:32+00:00\" \/>\n<meta property=\"article:modified_time\" content=\"2023-04-06T10:10:29+00:00\" \/>\n<meta property=\"og:image\" content=\"https:\/\/infos-droitshumains.net\/wp-content\/uploads\/2022\/03\/vlcsnap-2022-03-15-10h57m43s221_1-1024x576.jpg\" \/>\n<meta name=\"author\" content=\"Jo\u00ebl Diawa\" \/>\n<meta name=\"twitter:card\" content=\"summary_large_image\" \/>\n<meta name=\"twitter:label1\" content=\"\u00c9crit par\" \/>\n\t<meta name=\"twitter:data1\" content=\"Jo\u00ebl Diawa\" \/>\n\t<meta name=\"twitter:label2\" content=\"Dur\u00e9e de lecture estim\u00e9e\" \/>\n\t<meta name=\"twitter:data2\" content=\"1 minute\" \/>\n<script type=\"application\/ld+json\" class=\"yoast-schema-graph\">{\"@context\":\"https:\\\/\\\/schema.org\",\"@graph\":[{\"@type\":\"Article\",\"@id\":\"https:\\\/\\\/infos-droitshumains.net\\\/?p=2520#article\",\"isPartOf\":{\"@id\":\"https:\\\/\\\/infos-droitshumains.net\\\/?p=2520\"},\"author\":{\"name\":\"Jo\u00ebl Diawa\",\"@id\":\"https:\\\/\\\/infos-droitshumains.net\\\/#\\\/schema\\\/person\\\/3dc5e921c3302172e0ed4362f96faab7\"},\"headline\":\"Mois de la femme: Les femmes Avocates du barreau de Kinshasa-Gombe invit\u00e9es \u00e0 quitter l&rsquo;avocat g\u00e9n\u00e9raliste et \u00e0 se sp\u00e9cialiser\",\"datePublished\":\"2022-03-15T10:26:32+00:00\",\"dateModified\":\"2023-04-06T10:10:29+00:00\",\"mainEntityOfPage\":{\"@id\":\"https:\\\/\\\/infos-droitshumains.net\\\/?p=2520\"},\"wordCount\":313,\"publisher\":{\"@id\":\"https:\\\/\\\/infos-droitshumains.net\\\/#organization\"},\"image\":{\"@id\":\"https:\\\/\\\/infos-droitshumains.net\\\/?p=2520#primaryimage\"},\"thumbnailUrl\":\"https:\\\/\\\/infos-droitshumains.net\\\/wp-content\\\/uploads\\\/2022\\\/03\\\/vlcsnap-2022-03-15-10h57m43s221_1-1024x576.jpg\",\"articleSection\":[\"Justice\",\"Soci\u00e9t\u00e9\"],\"inLanguage\":\"fr-FR\"},{\"@type\":\"WebPage\",\"@id\":\"https:\\\/\\\/infos-droitshumains.net\\\/?p=2520\",\"url\":\"https:\\\/\\\/infos-droitshumains.net\\\/?p=2520\",\"name\":\"Mois de la femme: Les femmes Avocates du barreau de Kinshasa-Gombe invit\u00e9es \u00e0 quitter l'avocat g\u00e9n\u00e9raliste et \u00e0 se sp\u00e9cialiser - Infos Droits Humains\",\"isPartOf\":{\"@id\":\"https:\\\/\\\/infos-droitshumains.net\\\/#website\"},\"primaryImageOfPage\":{\"@id\":\"https:\\\/\\\/infos-droitshumains.net\\\/?p=2520#primaryimage\"},\"image\":{\"@id\":\"https:\\\/\\\/infos-droitshumains.net\\\/?p=2520#primaryimage\"},\"thumbnailUrl\":\"https:\\\/\\\/infos-droitshumains.net\\\/wp-content\\\/uploads\\\/2022\\\/03\\\/vlcsnap-2022-03-15-10h57m43s221_1-1024x576.jpg\",\"datePublished\":\"2022-03-15T10:26:32+00:00\",\"dateModified\":\"2023-04-06T10:10:29+00:00\",\"breadcrumb\":{\"@id\":\"https:\\\/\\\/infos-droitshumains.net\\\/?p=2520#breadcrumb\"},\"inLanguage\":\"fr-FR\",\"potentialAction\":[{\"@type\":\"ReadAction\",\"target\":[\"https:\\\/\\\/infos-droitshumains.net\\\/?p=2520\"]}]},{\"@type\":\"ImageObject\",\"inLanguage\":\"fr-FR\",\"@id\":\"https:\\\/\\\/infos-droitshumains.net\\\/?p=2520#primaryimage\",\"url\":\"https:\\\/\\\/infos-droitshumains.net\\\/wp-content\\\/uploads\\\/2022\\\/03\\\/vlcsnap-2022-03-15-10h57m43s221_1-1024x576.jpg\",\"contentUrl\":\"https:\\\/\\\/infos-droitshumains.net\\\/wp-content\\\/uploads\\\/2022\\\/03\\\/vlcsnap-2022-03-15-10h57m43s221_1-1024x576.jpg\"},{\"@type\":\"BreadcrumbList\",\"@id\":\"https:\\\/\\\/infos-droitshumains.net\\\/?p=2520#breadcrumb\",\"itemListElement\":[{\"@type\":\"ListItem\",\"position\":1,\"name\":\"Accueil\",\"item\":\"https:\\\/\\\/infos-droitshumains.net\\\/\"},{\"@type\":\"ListItem\",\"position\":2,\"name\":\"Mois de la femme: Les femmes Avocates du barreau de Kinshasa-Gombe invit\u00e9es \u00e0 quitter l&rsquo;avocat g\u00e9n\u00e9raliste et \u00e0 se sp\u00e9cialiser\"}]},{\"@type\":\"WebSite\",\"@id\":\"https:\\\/\\\/infos-droitshumains.net\\\/#website\",\"url\":\"https:\\\/\\\/infos-droitshumains.net\\\/\",\"name\":\"Infos Droits Humains\",\"description\":\"S&#039;informer est un droit\",\"publisher\":{\"@id\":\"https:\\\/\\\/infos-droitshumains.net\\\/#organization\"},\"potentialAction\":[{\"@type\":\"SearchAction\",\"target\":{\"@type\":\"EntryPoint\",\"urlTemplate\":\"https:\\\/\\\/infos-droitshumains.net\\\/?s={search_term_string}\"},\"query-input\":{\"@type\":\"PropertyValueSpecification\",\"valueRequired\":true,\"valueName\":\"search_term_string\"}}],\"inLanguage\":\"fr-FR\"},{\"@type\":\"Organization\",\"@id\":\"https:\\\/\\\/infos-droitshumains.net\\\/#organization\",\"name\":\"Infos Droits Humains\",\"url\":\"https:\\\/\\\/infos-droitshumains.net\\\/\",\"logo\":{\"@type\":\"ImageObject\",\"inLanguage\":\"fr-FR\",\"@id\":\"https:\\\/\\\/infos-droitshumains.net\\\/#\\\/schema\\\/logo\\\/image\\\/\",\"url\":\"https:\\\/\\\/i0.wp.com\\\/infos-droitshumains.net\\\/wp-content\\\/uploads\\\/2022\\\/05\\\/Logo.png?fit=333%2C129&ssl=1\",\"contentUrl\":\"https:\\\/\\\/i0.wp.com\\\/infos-droitshumains.net\\\/wp-content\\\/uploads\\\/2022\\\/05\\\/Logo.png?fit=333%2C129&ssl=1\",\"width\":333,\"height\":129,\"caption\":\"Infos Droits Humains\"},\"image\":{\"@id\":\"https:\\\/\\\/infos-droitshumains.net\\\/#\\\/schema\\\/logo\\\/image\\\/\"}},{\"@type\":\"Person\",\"@id\":\"https:\\\/\\\/infos-droitshumains.net\\\/#\\\/schema\\\/person\\\/3dc5e921c3302172e0ed4362f96faab7\",\"name\":\"Jo\u00ebl Diawa\",\"image\":{\"@type\":\"ImageObject\",\"inLanguage\":\"fr-FR\",\"@id\":\"https:\\\/\\\/secure.gravatar.com\\\/avatar\\\/729bea6ff4604c624417803c477363be8e3c7186deaa65713313f9b4b820f41c?s=96&d=mm&r=g\",\"url\":\"https:\\\/\\\/secure.gravatar.com\\\/avatar\\\/729bea6ff4604c624417803c477363be8e3c7186deaa65713313f9b4b820f41c?s=96&d=mm&r=g\",\"contentUrl\":\"https:\\\/\\\/secure.gravatar.com\\\/avatar\\\/729bea6ff4604c624417803c477363be8e3c7186deaa65713313f9b4b820f41c?s=96&d=mm&r=g\",\"caption\":\"Jo\u00ebl Diawa\"},\"sameAs\":[\"https:\\\/\\\/www.infos-droitshumains.net\"],\"url\":\"https:\\\/\\\/infos-droitshumains.net\\\/?author=2\"}]}<\/script>\n<!-- \/ Yoast SEO plugin. -->","yoast_head_json":{"title":"Mois de la femme: Les femmes Avocates du barreau de Kinshasa-Gombe invit\u00e9es \u00e0 quitter l'avocat g\u00e9n\u00e9raliste et \u00e0 se sp\u00e9cialiser - Infos Droits Humains","robots":{"index":"index","follow":"follow","max-snippet":"max-snippet:-1","max-image-preview":"max-image-preview:large","max-video-preview":"max-video-preview:-1"},"canonical":"https:\/\/infos-droitshumains.net\/?p=2520","og_locale":"fr_FR","og_type":"article","og_title":"Mois de la femme: Les femmes Avocates du barreau de Kinshasa-Gombe invit\u00e9es \u00e0 quitter l'avocat g\u00e9n\u00e9raliste et \u00e0 se sp\u00e9cialiser - Infos Droits Humains","og_description":"R\u00e9daction:+243817406088 A l&rsquo;occasion du mois de la femme, la commission genre et exercice du m\u00e9tier...","og_url":"https:\/\/infos-droitshumains.net\/?p=2520","og_site_name":"Infos Droits Humains","article_published_time":"2022-03-15T10:26:32+00:00","article_modified_time":"2023-04-06T10:10:29+00:00","og_image":[{"url":"https:\/\/infos-droitshumains.net\/wp-content\/uploads\/2022\/03\/vlcsnap-2022-03-15-10h57m43s221_1-1024x576.jpg","type":"","width":"","height":""}],"author":"Jo\u00ebl Diawa","twitter_card":"summary_large_image","twitter_misc":{"\u00c9crit par":"Jo\u00ebl Diawa","Dur\u00e9e de lecture estim\u00e9e":"1 minute"},"schema":{"@context":"https:\/\/schema.org","@graph":[{"@type":"Article","@id":"https:\/\/infos-droitshumains.net\/?p=2520#article","isPartOf":{"@id":"https:\/\/infos-droitshumains.net\/?p=2520"},"author":{"name":"Jo\u00ebl Diawa","@id":"https:\/\/infos-droitshumains.net\/#\/schema\/person\/3dc5e921c3302172e0ed4362f96faab7"},"headline":"Mois de la femme: Les femmes Avocates du barreau de Kinshasa-Gombe invit\u00e9es \u00e0 quitter l&rsquo;avocat g\u00e9n\u00e9raliste et \u00e0 se sp\u00e9cialiser","datePublished":"2022-03-15T10:26:32+00:00","dateModified":"2023-04-06T10:10:29+00:00","mainEntityOfPage":{"@id":"https:\/\/infos-droitshumains.net\/?p=2520"},"wordCount":313,"publisher":{"@id":"https:\/\/infos-droitshumains.net\/#organization"},"image":{"@id":"https:\/\/infos-droitshumains.net\/?p=2520#primaryimage"},"thumbnailUrl":"https:\/\/infos-droitshumains.net\/wp-content\/uploads\/2022\/03\/vlcsnap-2022-03-15-10h57m43s221_1-1024x576.jpg","articleSection":["Justice","Soci\u00e9t\u00e9"],"inLanguage":"fr-FR"},{"@type":"WebPage","@id":"https:\/\/infos-droitshumains.net\/?p=2520","url":"https:\/\/infos-droitshumains.net\/?p=2520","name":"Mois de la femme: Les femmes Avocates du barreau de Kinshasa-Gombe invit\u00e9es \u00e0 quitter l'avocat g\u00e9n\u00e9raliste et \u00e0 se sp\u00e9cialiser - Infos Droits Humains","isPartOf":{"@id":"https:\/\/infos-droitshumains.net\/#website"},"primaryImageOfPage":{"@id":"https:\/\/infos-droitshumains.net\/?p=2520#primaryimage"},"image":{"@id":"https:\/\/infos-droitshumains.net\/?p=2520#primaryimage"},"thumbnailUrl":"https:\/\/infos-droitshumains.net\/wp-content\/uploads\/2022\/03\/vlcsnap-2022-03-15-10h57m43s221_1-1024x576.jpg","datePublished":"2022-03-15T10:26:32+00:00","dateModified":"2023-04-06T10:10:29+00:00","breadcrumb":{"@id":"https:\/\/infos-droitshumains.net\/?p=2520#breadcrumb"},"inLanguage":"fr-FR","potentialAction":[{"@type":"ReadAction","target":["https:\/\/infos-droitshumains.net\/?p=2520"]}]},{"@type":"ImageObject","inLanguage":"fr-FR","@id":"https:\/\/infos-droitshumains.net\/?p=2520#primaryimage","url":"https:\/\/infos-droitshumains.net\/wp-content\/uploads\/2022\/03\/vlcsnap-2022-03-15-10h57m43s221_1-1024x576.jpg","contentUrl":"https:\/\/infos-droitshumains.net\/wp-content\/uploads\/2022\/03\/vlcsnap-2022-03-15-10h57m43s221_1-1024x576.jpg"},{"@type":"BreadcrumbList","@id":"https:\/\/infos-droitshumains.net\/?p=2520#breadcrumb","itemListElement":[{"@type":"ListItem","position":1,"name":"Accueil","item":"https:\/\/infos-droitshumains.net\/"},{"@type":"ListItem","position":2,"name":"Mois de la femme: Les femmes Avocates du barreau de Kinshasa-Gombe invit\u00e9es \u00e0 quitter l&rsquo;avocat g\u00e9n\u00e9raliste et \u00e0 se sp\u00e9cialiser"}]},{"@type":"WebSite","@id":"https:\/\/infos-droitshumains.net\/#website","url":"https:\/\/infos-droitshumains.net\/","name":"Infos Droits Humains","description":"S&#039;informer est un droit","publisher":{"@id":"https:\/\/infos-droitshumains.net\/#organization"},"potentialAction":[{"@type":"SearchAction","target":{"@type":"EntryPoint","urlTemplate":"https:\/\/infos-droitshumains.net\/?s={search_term_string}"},"query-input":{"@type":"PropertyValueSpecification","valueRequired":true,"valueName":"search_term_string"}}],"inLanguage":"fr-FR"},{"@type":"Organization","@id":"https:\/\/infos-droitshumains.net\/#organization","name":"Infos Droits Humains","url":"https:\/\/infos-droitshumains.net\/","logo":{"@type":"ImageObject","inLanguage":"fr-FR","@id":"https:\/\/infos-droitshumains.net\/#\/schema\/logo\/image\/","url":"https:\/\/i0.wp.com\/infos-droitshumains.net\/wp-content\/uploads\/2022\/05\/Logo.png?fit=333%2C129&ssl=1","contentUrl":"https:\/\/i0.wp.com\/infos-droitshumains.net\/wp-content\/uploads\/2022\/05\/Logo.png?fit=333%2C129&ssl=1","width":333,"height":129,"caption":"Infos Droits Humains"},"image":{"@id":"https:\/\/infos-droitshumains.net\/#\/schema\/logo\/image\/"}},{"@type":"Person","@id":"https:\/\/infos-droitshumains.net\/#\/schema\/person\/3dc5e921c3302172e0ed4362f96faab7","name":"Jo\u00ebl Diawa","image":{"@type":"ImageObject","inLanguage":"fr-FR","@id":"https:\/\/secure.gravatar.com\/avatar\/729bea6ff4604c624417803c477363be8e3c7186deaa65713313f9b4b820f41c?s=96&d=mm&r=g","url":"https:\/\/secure.gravatar.com\/avatar\/729bea6ff4604c624417803c477363be8e3c7186deaa65713313f9b4b820f41c?s=96&d=mm&r=g","contentUrl":"https:\/\/secure.gravatar.com\/avatar\/729bea6ff4604c624417803c477363be8e3c7186deaa65713313f9b4b820f41c?s=96&d=mm&r=g","caption":"Jo\u00ebl Diawa"},"sameAs":["https:\/\/www.infos-droitshumains.net"],"url":"https:\/\/infos-droitshumains.net\/?author=2"}]}},"featured_image_urls":{"full":"","thumbnail":"","medium":"","medium_large":"","large":"","1536x1536":"","2048x2048":"","covernews-slider-full":"","covernews-slider-center":"","covernews-featured":"","covernews-medium":"","covernews-medium-square":""},"author_info":{"display_name":"Jo\u00ebl Diawa","author_link":"https:\/\/infos-droitshumains.net\/?author=2"},"category_info":"<a href=\"https:\/\/infos-droitshumains.net\/?cat=6\" rel=\"category\">Justice<\/a> <a href=\"https:\/\/infos-droitshumains.net\/?cat=8\" rel=\"category\">Soci\u00e9t\u00e9<\/a>","tag_info":"Soci\u00e9t\u00e9","comment_count":"0","jetpack_featured_media_url":"","jetpack-related-posts":[],"jetpack_sharing_enabled":true,"_links":{"self":[{"href":"https:\/\/infos-droitshumains.net\/index.php?rest_route=\/wp\/v2\/posts\/2520","targetHints":{"allow":["GET"]}}],"collection":[{"href":"https:\/\/infos-droitshumains.net\/index.php?rest_route=\/wp\/v2\/posts"}],"about":[{"href":"https:\/\/infos-droitshumains.net\/index.php?rest_route=\/wp\/v2\/types\/post"}],"author":[{"embeddable":true,"href":"https:\/\/infos-droitshumains.net\/index.php?rest_route=\/wp\/v2\/users\/2"}],"replies":[{"embeddable":true,"href":"https:\/\/infos-droitshumains.net\/index.php?rest_route=%2Fwp%2Fv2%2Fcomments&post=2520"}],"version-history":[{"count":5,"href":"https:\/\/infos-droitshumains.net\/index.php?rest_route=\/wp\/v2\/posts\/2520\/revisions"}],"predecessor-version":[{"id":2531,"href":"https:\/\/infos-droitshumains.net\/index.php?rest_route=\/wp\/v2\/posts\/2520\/revisions\/2531"}],"wp:attachment":[{"href":"https:\/\/infos-droitshumains.net\/index.php?rest_route=%2Fwp%2Fv2%2Fmedia&parent=2520"}],"wp:term":[{"taxonomy":"category","embeddable":true,"href":"https:\/\/infos-droitshumains.net\/index.php?rest_route=%2Fwp%2Fv2%2Fcategories&post=2520"},{"taxonomy":"post_tag","embeddable":true,"href":"https:\/\/infos-droitshumains.net\/index.php?rest_route=%2Fwp%2Fv2%2Ftags&post=2520"}],"curies":[{"name":"wp","href":"https:\/\/api.w.org\/{rel}","templated":true}]}}