{"id":2488,"date":"2022-03-14T12:41:15","date_gmt":"2022-03-14T11:41:15","guid":{"rendered":"https:\/\/infos-droitshumains.net\/?p=2488"},"modified":"2023-04-06T12:10:29","modified_gmt":"2023-04-06T10:10:29","slug":"religion-la-paroisse-saint-etienne-dessacralisee-objets-liturgiques-voles","status":"publish","type":"post","link":"https:\/\/infos-droitshumains.net\/?p=2488","title":{"rendered":"Religion : La Paroisse Saint Etienne d\u00e9sacralis\u00e9e, objets liturgiques vol\u00e9s"},"content":{"rendered":"\n<p><strong>R\u00e9daction:+243817406088<\/strong><\/p>\n\n\n\n<p>Depuis un certain temps ; les \u00e9glises catholiques de la ville de Kinshasa sont victimes de vol des objets liturgiques. La derni\u00e8re en date est la Paroisse Saint Etienne situ\u00e9e dans la commune de Kisenso.<\/p>\n\n\n\n<p>Le samedi 12 mars dernier, cette Paroisse du Doyenn\u00e9 Saint Esprit victime d\u2019un vol des ornements liturgiques.  Les statuts de la Sainte Vierge Marie, les calices et les encensoirs en or, les aubes, chasuble etc\u2026<\/p>\n\n\n\n<figure class=\"wp-block-image alignfull size-large\"><img data-recalc-dims=\"1\" height=\"432\" width=\"640\" decoding=\"async\" src=\"https:\/\/i0.wp.com\/infos-droitshumains.net\/wp-content\/uploads\/2022\/03\/IMG-20220314-WA0007_1-1024x691.jpg?resize=640%2C432&#038;ssl=1\" alt=\"\" class=\"wp-image-2497\"\/><\/figure>\n\n\n\n<figure class=\"wp-block-image alignfull size-large\"><img data-recalc-dims=\"1\" height=\"419\" width=\"640\" decoding=\"async\" src=\"https:\/\/i0.wp.com\/infos-droitshumains.net\/wp-content\/uploads\/2022\/03\/IMG-20220314-WA0008_1-1024x671.jpg?resize=640%2C419&#038;ssl=1\" alt=\"\" class=\"wp-image-2499\"\/><\/figure>\n\n\n\n<figure class=\"wp-block-image alignfull size-large\"><img data-recalc-dims=\"1\" height=\"440\" width=\"640\" decoding=\"async\" src=\"https:\/\/i0.wp.com\/infos-droitshumains.net\/wp-content\/uploads\/2022\/03\/IMG-20220314-WA0010_1-1024x704.jpg?resize=640%2C440&#038;ssl=1\" alt=\"\" class=\"wp-image-2501\"\/><\/figure>\n\n\n\n<p><strong><em>\u00abIls ont entr\u00e9s \u00e0 la chapelle de la cure, sans autorisation des pr\u00eatres. C&rsquo;est le cur\u00e9 qui l\u2019a vu en sortant de la chapelle avec un sac. C\u2019est alors qu\u2019il l\u2019a interpell\u00e9 et l\u2019a demand\u00e9 d&rsquo;ouvrir son sac. Quand il a ouvert, les objets sacr\u00e9s y ont \u00e9t\u00e9 retrouv\u00e9s\u00bb<\/em><\/strong> a t\u00e9moign\u00e9 \u00e0 la r\u00e9daction d\u2019infos-droitshumains.net, Charis Mavungu, pr\u00e9sident de la jeunesse de la Paroisse Saint Etienne.<\/p>\n\n\n\n<p>Selon la m\u00eame source, <strong><em>\u00abces voleurs ne sont pas des paroissiens\u00bb<\/em><\/strong>, ni les habitants de Kisenso.<\/p>\n\n\n\n<p><strong><em>\u00abFolo Ezoka Dieu Merci et Lumono Kinduku Guy (nom des deux voleurs) sont des ex-s\u00e9minaristes de Mweka dans le Bandundu. Ils passent dans toutes les maisons religieuses pour demander de l\u2019aides sociales tout en \u00e9tudiant la maison afin de voler les objets sacr\u00e9es\u00bb<\/em><\/strong> a-t-il soulign\u00e9.<\/p>\n\n\n\n<figure class=\"wp-block-image alignfull size-large\"><img data-recalc-dims=\"1\" height=\"440\" width=\"640\" decoding=\"async\" src=\"https:\/\/i0.wp.com\/infos-droitshumains.net\/wp-content\/uploads\/2022\/03\/IMG-20220314-WA0003_1-1024x704.jpg?resize=640%2C440&#038;ssl=1\" alt=\"\" class=\"wp-image-2495\"\/><\/figure>\n\n\n\n<p>Apr\u00e8s \u00eatre arr\u00eat\u00e9s, ces malfrats ont \u00e9t\u00e9 transf\u00e9r\u00e9s \u00e0 la maison communale de Kisenso.<\/p>\n\n\n\n<p>Ayant \u00e9t\u00e9 tenu au courant, le cardinal Fridolin Ambongo a instruit le vicaire judiciaire de l\u2019archidioc\u00e8se de Kinshasa de prendre des dispositions, r\u00e9cup\u00e9rer les objets vol\u00e9s et es ramener l&rsquo;archev\u00each\u00e9.<\/p>\n\n\n\n<p>La r\u00e9daction<\/p>\n","protected":false},"excerpt":{"rendered":"<p>R\u00e9daction:+243817406088 Depuis un certain temps ; les \u00e9glises catholiques de la ville de Kinshasa sont&#8230;<\/p>\n","protected":false},"author":2,"featured_media":0,"comment_status":"closed","ping_status":"open","sticky":false,"template":"","format":"standard","meta":{"_jetpack_memberships_contains_paid_content":false,"footnotes":""},"categories":[8],"tags":[],"class_list":["post-2488","post","type-post","status-publish","format-standard","hentry","category-societe"],"yoast_head":"<!-- This site is optimized with the Yoast SEO plugin v27.5 - https:\/\/yoast.com\/product\/yoast-seo-wordpress\/ -->\n<title>Religion : La Paroisse Saint Etienne d\u00e9sacralis\u00e9e, objets liturgiques vol\u00e9s - Infos Droits Humains<\/title>\n<meta name=\"robots\" content=\"index, follow, max-snippet:-1, max-image-preview:large, max-video-preview:-1\" \/>\n<link rel=\"canonical\" href=\"https:\/\/infos-droitshumains.net\/?p=2488\" \/>\n<meta property=\"og:locale\" content=\"fr_FR\" \/>\n<meta property=\"og:type\" content=\"article\" \/>\n<meta property=\"og:title\" content=\"Religion : La Paroisse Saint Etienne d\u00e9sacralis\u00e9e, objets liturgiques vol\u00e9s - Infos Droits Humains\" \/>\n<meta property=\"og:description\" content=\"R\u00e9daction:+243817406088 Depuis un certain temps ; les \u00e9glises catholiques de la ville de Kinshasa sont...\" \/>\n<meta property=\"og:url\" content=\"https:\/\/infos-droitshumains.net\/?p=2488\" \/>\n<meta property=\"og:site_name\" content=\"Infos Droits Humains\" \/>\n<meta property=\"article:published_time\" content=\"2022-03-14T11:41:15+00:00\" \/>\n<meta property=\"article:modified_time\" content=\"2023-04-06T10:10:29+00:00\" \/>\n<meta property=\"og:image\" content=\"https:\/\/infos-droitshumains.net\/wp-content\/uploads\/2022\/03\/IMG-20220314-WA0007_1-1024x691.jpg\" \/>\n<meta name=\"author\" content=\"Jo\u00ebl Diawa\" \/>\n<meta name=\"twitter:card\" content=\"summary_large_image\" \/>\n<meta name=\"twitter:label1\" content=\"\u00c9crit par\" \/>\n\t<meta name=\"twitter:data1\" content=\"Jo\u00ebl Diawa\" \/>\n\t<meta name=\"twitter:label2\" content=\"Dur\u00e9e de lecture estim\u00e9e\" \/>\n\t<meta name=\"twitter:data2\" content=\"1 minute\" \/>\n<script type=\"application\/ld+json\" class=\"yoast-schema-graph\">{\"@context\":\"https:\\\/\\\/schema.org\",\"@graph\":[{\"@type\":\"Article\",\"@id\":\"https:\\\/\\\/infos-droitshumains.net\\\/?p=2488#article\",\"isPartOf\":{\"@id\":\"https:\\\/\\\/infos-droitshumains.net\\\/?p=2488\"},\"author\":{\"name\":\"Jo\u00ebl Diawa\",\"@id\":\"https:\\\/\\\/infos-droitshumains.net\\\/#\\\/schema\\\/person\\\/3dc5e921c3302172e0ed4362f96faab7\"},\"headline\":\"Religion : La Paroisse Saint Etienne d\u00e9sacralis\u00e9e, objets liturgiques vol\u00e9s\",\"datePublished\":\"2022-03-14T11:41:15+00:00\",\"dateModified\":\"2023-04-06T10:10:29+00:00\",\"mainEntityOfPage\":{\"@id\":\"https:\\\/\\\/infos-droitshumains.net\\\/?p=2488\"},\"wordCount\":285,\"publisher\":{\"@id\":\"https:\\\/\\\/infos-droitshumains.net\\\/#organization\"},\"image\":{\"@id\":\"https:\\\/\\\/infos-droitshumains.net\\\/?p=2488#primaryimage\"},\"thumbnailUrl\":\"https:\\\/\\\/infos-droitshumains.net\\\/wp-content\\\/uploads\\\/2022\\\/03\\\/IMG-20220314-WA0007_1-1024x691.jpg\",\"articleSection\":[\"Soci\u00e9t\u00e9\"],\"inLanguage\":\"fr-FR\"},{\"@type\":\"WebPage\",\"@id\":\"https:\\\/\\\/infos-droitshumains.net\\\/?p=2488\",\"url\":\"https:\\\/\\\/infos-droitshumains.net\\\/?p=2488\",\"name\":\"Religion : La Paroisse Saint Etienne d\u00e9sacralis\u00e9e, objets liturgiques vol\u00e9s - Infos Droits Humains\",\"isPartOf\":{\"@id\":\"https:\\\/\\\/infos-droitshumains.net\\\/#website\"},\"primaryImageOfPage\":{\"@id\":\"https:\\\/\\\/infos-droitshumains.net\\\/?p=2488#primaryimage\"},\"image\":{\"@id\":\"https:\\\/\\\/infos-droitshumains.net\\\/?p=2488#primaryimage\"},\"thumbnailUrl\":\"https:\\\/\\\/infos-droitshumains.net\\\/wp-content\\\/uploads\\\/2022\\\/03\\\/IMG-20220314-WA0007_1-1024x691.jpg\",\"datePublished\":\"2022-03-14T11:41:15+00:00\",\"dateModified\":\"2023-04-06T10:10:29+00:00\",\"breadcrumb\":{\"@id\":\"https:\\\/\\\/infos-droitshumains.net\\\/?p=2488#breadcrumb\"},\"inLanguage\":\"fr-FR\",\"potentialAction\":[{\"@type\":\"ReadAction\",\"target\":[\"https:\\\/\\\/infos-droitshumains.net\\\/?p=2488\"]}]},{\"@type\":\"ImageObject\",\"inLanguage\":\"fr-FR\",\"@id\":\"https:\\\/\\\/infos-droitshumains.net\\\/?p=2488#primaryimage\",\"url\":\"https:\\\/\\\/infos-droitshumains.net\\\/wp-content\\\/uploads\\\/2022\\\/03\\\/IMG-20220314-WA0007_1-1024x691.jpg\",\"contentUrl\":\"https:\\\/\\\/infos-droitshumains.net\\\/wp-content\\\/uploads\\\/2022\\\/03\\\/IMG-20220314-WA0007_1-1024x691.jpg\"},{\"@type\":\"BreadcrumbList\",\"@id\":\"https:\\\/\\\/infos-droitshumains.net\\\/?p=2488#breadcrumb\",\"itemListElement\":[{\"@type\":\"ListItem\",\"position\":1,\"name\":\"Accueil\",\"item\":\"https:\\\/\\\/infos-droitshumains.net\\\/\"},{\"@type\":\"ListItem\",\"position\":2,\"name\":\"Religion : La Paroisse Saint Etienne d\u00e9sacralis\u00e9e, objets liturgiques vol\u00e9s\"}]},{\"@type\":\"WebSite\",\"@id\":\"https:\\\/\\\/infos-droitshumains.net\\\/#website\",\"url\":\"https:\\\/\\\/infos-droitshumains.net\\\/\",\"name\":\"Infos Droits Humains\",\"description\":\"S&#039;informer est un droit\",\"publisher\":{\"@id\":\"https:\\\/\\\/infos-droitshumains.net\\\/#organization\"},\"potentialAction\":[{\"@type\":\"SearchAction\",\"target\":{\"@type\":\"EntryPoint\",\"urlTemplate\":\"https:\\\/\\\/infos-droitshumains.net\\\/?s={search_term_string}\"},\"query-input\":{\"@type\":\"PropertyValueSpecification\",\"valueRequired\":true,\"valueName\":\"search_term_string\"}}],\"inLanguage\":\"fr-FR\"},{\"@type\":\"Organization\",\"@id\":\"https:\\\/\\\/infos-droitshumains.net\\\/#organization\",\"name\":\"Infos Droits Humains\",\"url\":\"https:\\\/\\\/infos-droitshumains.net\\\/\",\"logo\":{\"@type\":\"ImageObject\",\"inLanguage\":\"fr-FR\",\"@id\":\"https:\\\/\\\/infos-droitshumains.net\\\/#\\\/schema\\\/logo\\\/image\\\/\",\"url\":\"https:\\\/\\\/i0.wp.com\\\/infos-droitshumains.net\\\/wp-content\\\/uploads\\\/2022\\\/05\\\/Logo.png?fit=333%2C129&ssl=1\",\"contentUrl\":\"https:\\\/\\\/i0.wp.com\\\/infos-droitshumains.net\\\/wp-content\\\/uploads\\\/2022\\\/05\\\/Logo.png?fit=333%2C129&ssl=1\",\"width\":333,\"height\":129,\"caption\":\"Infos Droits Humains\"},\"image\":{\"@id\":\"https:\\\/\\\/infos-droitshumains.net\\\/#\\\/schema\\\/logo\\\/image\\\/\"}},{\"@type\":\"Person\",\"@id\":\"https:\\\/\\\/infos-droitshumains.net\\\/#\\\/schema\\\/person\\\/3dc5e921c3302172e0ed4362f96faab7\",\"name\":\"Jo\u00ebl Diawa\",\"image\":{\"@type\":\"ImageObject\",\"inLanguage\":\"fr-FR\",\"@id\":\"https:\\\/\\\/secure.gravatar.com\\\/avatar\\\/729bea6ff4604c624417803c477363be8e3c7186deaa65713313f9b4b820f41c?s=96&d=mm&r=g\",\"url\":\"https:\\\/\\\/secure.gravatar.com\\\/avatar\\\/729bea6ff4604c624417803c477363be8e3c7186deaa65713313f9b4b820f41c?s=96&d=mm&r=g\",\"contentUrl\":\"https:\\\/\\\/secure.gravatar.com\\\/avatar\\\/729bea6ff4604c624417803c477363be8e3c7186deaa65713313f9b4b820f41c?s=96&d=mm&r=g\",\"caption\":\"Jo\u00ebl Diawa\"},\"sameAs\":[\"https:\\\/\\\/www.infos-droitshumains.net\"],\"url\":\"https:\\\/\\\/infos-droitshumains.net\\\/?author=2\"}]}<\/script>\n<!-- \/ Yoast SEO plugin. -->","yoast_head_json":{"title":"Religion : La Paroisse Saint Etienne d\u00e9sacralis\u00e9e, objets liturgiques vol\u00e9s - Infos Droits Humains","robots":{"index":"index","follow":"follow","max-snippet":"max-snippet:-1","max-image-preview":"max-image-preview:large","max-video-preview":"max-video-preview:-1"},"canonical":"https:\/\/infos-droitshumains.net\/?p=2488","og_locale":"fr_FR","og_type":"article","og_title":"Religion : La Paroisse Saint Etienne d\u00e9sacralis\u00e9e, objets liturgiques vol\u00e9s - Infos Droits Humains","og_description":"R\u00e9daction:+243817406088 Depuis un certain temps ; les \u00e9glises catholiques de la ville de Kinshasa sont...","og_url":"https:\/\/infos-droitshumains.net\/?p=2488","og_site_name":"Infos Droits Humains","article_published_time":"2022-03-14T11:41:15+00:00","article_modified_time":"2023-04-06T10:10:29+00:00","og_image":[{"url":"https:\/\/infos-droitshumains.net\/wp-content\/uploads\/2022\/03\/IMG-20220314-WA0007_1-1024x691.jpg","type":"","width":"","height":""}],"author":"Jo\u00ebl Diawa","twitter_card":"summary_large_image","twitter_misc":{"\u00c9crit par":"Jo\u00ebl Diawa","Dur\u00e9e de lecture estim\u00e9e":"1 minute"},"schema":{"@context":"https:\/\/schema.org","@graph":[{"@type":"Article","@id":"https:\/\/infos-droitshumains.net\/?p=2488#article","isPartOf":{"@id":"https:\/\/infos-droitshumains.net\/?p=2488"},"author":{"name":"Jo\u00ebl Diawa","@id":"https:\/\/infos-droitshumains.net\/#\/schema\/person\/3dc5e921c3302172e0ed4362f96faab7"},"headline":"Religion : La Paroisse Saint Etienne d\u00e9sacralis\u00e9e, objets liturgiques vol\u00e9s","datePublished":"2022-03-14T11:41:15+00:00","dateModified":"2023-04-06T10:10:29+00:00","mainEntityOfPage":{"@id":"https:\/\/infos-droitshumains.net\/?p=2488"},"wordCount":285,"publisher":{"@id":"https:\/\/infos-droitshumains.net\/#organization"},"image":{"@id":"https:\/\/infos-droitshumains.net\/?p=2488#primaryimage"},"thumbnailUrl":"https:\/\/infos-droitshumains.net\/wp-content\/uploads\/2022\/03\/IMG-20220314-WA0007_1-1024x691.jpg","articleSection":["Soci\u00e9t\u00e9"],"inLanguage":"fr-FR"},{"@type":"WebPage","@id":"https:\/\/infos-droitshumains.net\/?p=2488","url":"https:\/\/infos-droitshumains.net\/?p=2488","name":"Religion : La Paroisse Saint Etienne d\u00e9sacralis\u00e9e, objets liturgiques vol\u00e9s - Infos Droits Humains","isPartOf":{"@id":"https:\/\/infos-droitshumains.net\/#website"},"primaryImageOfPage":{"@id":"https:\/\/infos-droitshumains.net\/?p=2488#primaryimage"},"image":{"@id":"https:\/\/infos-droitshumains.net\/?p=2488#primaryimage"},"thumbnailUrl":"https:\/\/infos-droitshumains.net\/wp-content\/uploads\/2022\/03\/IMG-20220314-WA0007_1-1024x691.jpg","datePublished":"2022-03-14T11:41:15+00:00","dateModified":"2023-04-06T10:10:29+00:00","breadcrumb":{"@id":"https:\/\/infos-droitshumains.net\/?p=2488#breadcrumb"},"inLanguage":"fr-FR","potentialAction":[{"@type":"ReadAction","target":["https:\/\/infos-droitshumains.net\/?p=2488"]}]},{"@type":"ImageObject","inLanguage":"fr-FR","@id":"https:\/\/infos-droitshumains.net\/?p=2488#primaryimage","url":"https:\/\/infos-droitshumains.net\/wp-content\/uploads\/2022\/03\/IMG-20220314-WA0007_1-1024x691.jpg","contentUrl":"https:\/\/infos-droitshumains.net\/wp-content\/uploads\/2022\/03\/IMG-20220314-WA0007_1-1024x691.jpg"},{"@type":"BreadcrumbList","@id":"https:\/\/infos-droitshumains.net\/?p=2488#breadcrumb","itemListElement":[{"@type":"ListItem","position":1,"name":"Accueil","item":"https:\/\/infos-droitshumains.net\/"},{"@type":"ListItem","position":2,"name":"Religion : La Paroisse Saint Etienne d\u00e9sacralis\u00e9e, objets liturgiques vol\u00e9s"}]},{"@type":"WebSite","@id":"https:\/\/infos-droitshumains.net\/#website","url":"https:\/\/infos-droitshumains.net\/","name":"Infos Droits Humains","description":"S&#039;informer est un droit","publisher":{"@id":"https:\/\/infos-droitshumains.net\/#organization"},"potentialAction":[{"@type":"SearchAction","target":{"@type":"EntryPoint","urlTemplate":"https:\/\/infos-droitshumains.net\/?s={search_term_string}"},"query-input":{"@type":"PropertyValueSpecification","valueRequired":true,"valueName":"search_term_string"}}],"inLanguage":"fr-FR"},{"@type":"Organization","@id":"https:\/\/infos-droitshumains.net\/#organization","name":"Infos Droits Humains","url":"https:\/\/infos-droitshumains.net\/","logo":{"@type":"ImageObject","inLanguage":"fr-FR","@id":"https:\/\/infos-droitshumains.net\/#\/schema\/logo\/image\/","url":"https:\/\/i0.wp.com\/infos-droitshumains.net\/wp-content\/uploads\/2022\/05\/Logo.png?fit=333%2C129&ssl=1","contentUrl":"https:\/\/i0.wp.com\/infos-droitshumains.net\/wp-content\/uploads\/2022\/05\/Logo.png?fit=333%2C129&ssl=1","width":333,"height":129,"caption":"Infos Droits Humains"},"image":{"@id":"https:\/\/infos-droitshumains.net\/#\/schema\/logo\/image\/"}},{"@type":"Person","@id":"https:\/\/infos-droitshumains.net\/#\/schema\/person\/3dc5e921c3302172e0ed4362f96faab7","name":"Jo\u00ebl Diawa","image":{"@type":"ImageObject","inLanguage":"fr-FR","@id":"https:\/\/secure.gravatar.com\/avatar\/729bea6ff4604c624417803c477363be8e3c7186deaa65713313f9b4b820f41c?s=96&d=mm&r=g","url":"https:\/\/secure.gravatar.com\/avatar\/729bea6ff4604c624417803c477363be8e3c7186deaa65713313f9b4b820f41c?s=96&d=mm&r=g","contentUrl":"https:\/\/secure.gravatar.com\/avatar\/729bea6ff4604c624417803c477363be8e3c7186deaa65713313f9b4b820f41c?s=96&d=mm&r=g","caption":"Jo\u00ebl Diawa"},"sameAs":["https:\/\/www.infos-droitshumains.net"],"url":"https:\/\/infos-droitshumains.net\/?author=2"}]}},"featured_image_urls":{"full":"","thumbnail":"","medium":"","medium_large":"","large":"","1536x1536":"","2048x2048":"","covernews-slider-full":"","covernews-slider-center":"","covernews-featured":"","covernews-medium":"","covernews-medium-square":""},"author_info":{"display_name":"Jo\u00ebl Diawa","author_link":"https:\/\/infos-droitshumains.net\/?author=2"},"category_info":"<a href=\"https:\/\/infos-droitshumains.net\/?cat=8\" rel=\"category\">Soci\u00e9t\u00e9<\/a>","tag_info":"Soci\u00e9t\u00e9","comment_count":"0","jetpack_featured_media_url":"","jetpack-related-posts":[],"jetpack_sharing_enabled":true,"_links":{"self":[{"href":"https:\/\/infos-droitshumains.net\/index.php?rest_route=\/wp\/v2\/posts\/2488","targetHints":{"allow":["GET"]}}],"collection":[{"href":"https:\/\/infos-droitshumains.net\/index.php?rest_route=\/wp\/v2\/posts"}],"about":[{"href":"https:\/\/infos-droitshumains.net\/index.php?rest_route=\/wp\/v2\/types\/post"}],"author":[{"embeddable":true,"href":"https:\/\/infos-droitshumains.net\/index.php?rest_route=\/wp\/v2\/users\/2"}],"replies":[{"embeddable":true,"href":"https:\/\/infos-droitshumains.net\/index.php?rest_route=%2Fwp%2Fv2%2Fcomments&post=2488"}],"version-history":[{"count":10,"href":"https:\/\/infos-droitshumains.net\/index.php?rest_route=\/wp\/v2\/posts\/2488\/revisions"}],"predecessor-version":[{"id":2503,"href":"https:\/\/infos-droitshumains.net\/index.php?rest_route=\/wp\/v2\/posts\/2488\/revisions\/2503"}],"wp:attachment":[{"href":"https:\/\/infos-droitshumains.net\/index.php?rest_route=%2Fwp%2Fv2%2Fmedia&parent=2488"}],"wp:term":[{"taxonomy":"category","embeddable":true,"href":"https:\/\/infos-droitshumains.net\/index.php?rest_route=%2Fwp%2Fv2%2Fcategories&post=2488"},{"taxonomy":"post_tag","embeddable":true,"href":"https:\/\/infos-droitshumains.net\/index.php?rest_route=%2Fwp%2Fv2%2Ftags&post=2488"}],"curies":[{"name":"wp","href":"https:\/\/api.w.org\/{rel}","templated":true}]}}