{"id":2471,"date":"2022-03-12T13:57:04","date_gmt":"2022-03-12T12:57:04","guid":{"rendered":"https:\/\/infos-droitshumains.net\/?p=2471"},"modified":"2023-04-06T12:10:29","modified_gmt":"2023-04-06T10:10:29","slug":"rdc-le-leadership-de-patrick-kayembe-permet-a-linpp-de-gagner-la-confiance-de-ses-partenaires","status":"publish","type":"post","link":"https:\/\/infos-droitshumains.net\/?p=2471","title":{"rendered":"RDC : le leadership de Patrick Kayembe permet \u00e0 l\u2019INPP de gagner la confiance de ses partenaires"},"content":{"rendered":"\n<p><strong>R\u00e9daction:+243817406088<\/strong><\/p>\n\n\n\n<p>Le Directeur G\u00e9n\u00e9ral  de l\u2019Institut National de Pr\u00e9paration Professionnelle, Patrick Kayembe Nsumpi, a pu rendre possible l&rsquo;effectivit\u00e9 du manuel de proc\u00e9dure administrative, financier et comptable. Ce vade-mecum  en mati\u00e8re de passation de march\u00e9s a d\u00e9j\u00e0 \u00e9t\u00e9 valid\u00e9 par le Comit\u00e9 de gestion, avalis\u00e9 par le conseil d&rsquo;administration et mis en application \u00e0 l\u2019Institut National de Pr\u00e9paration Professionnelle. <\/p>\n\n\n\n<p>Gr\u00e2ce \u00e0 son leadership fort, la France, l\u2019Agence Japonaise de Coop\u00e9ration Internationale, JICA, la Soci\u00e9t\u00e9 Allemande pour la Coop\u00e9ration Internationale GIZ, la Banque mondiale, le PNUD et bien d&rsquo;autres partenaires ont r\u00e9it\u00e9r\u00e9 leur confiance et reconduit le partenariat avec l&rsquo;INPP.<\/p>\n\n\n\n<p>A cet effet, la JICA avait cl\u00f4tur\u00e9 le mois dernier la premi\u00e8re phase du projet <strong><em>\u00ab\u00a0solide\u00a0\u00bb<\/em><\/strong> et lanc\u00e9 par la m\u00eame occasion la deuxi\u00e8me phase.<\/p>\n\n\n\n<p>Patrick Kayembe, \u00e9pris par la volont\u00e9 de mettre les sources humaines dans des bonnes conditions, il a r\u00e9gularis\u00e9 la paie des salaires.<\/p>\n\n\n\n<p><strong><em>\u00abDepuis sont av\u00e8nement, les salaires du mois de septembre \u00e0 f\u00e9vrier ont \u00e9t\u00e9 r\u00e9guli\u00e8rement pay\u00e9s\u00bb <\/em><\/strong>nous confirme une source \u00e0 l&rsquo;INPP.<\/p>\n\n\n\n<p>Comme pour faire honneur aux femmes <strong><em>\u00aben ce mois de Mars, les cadres et agents attendent d&rsquo;ici la fin de ce mois une hausse de salaire, conform\u00e9ment \u00e0 la promesse du Directeur G\u00e9n\u00e9ral\u00bb<\/em><\/strong> a laiss\u00e9 entendre une autre source.<\/p>\n\n\n\n<p>Tout porte \u00e0 croire que les caisses de l&rsquo;INPP tournent en plein r\u00e9gime. <\/p>\n\n\n\n<p>Une commission est mise en place afin d&rsquo;\u00e9valuer et fixer le budget de la grande activit\u00e9 d&rsquo;inauguration du b\u00e2timent de l&rsquo;INPP \u00e0 Mbandaka par le chef de l&rsquo;\u00e9tat qui y s\u00e9journera dans les prochains jours. Ce b\u00e2timent, \u0153uvre du financement fran\u00e7ais, a pu \u00eatre achev\u00e9 gr\u00e2ce \u00e0 un management fort du patron de l&rsquo;INPP ,qui a est parvenu \u00e0 \u00e9quiper le b\u00e2timent qui est d\u00e9j\u00e0 partiellement  occup\u00e9 et n&rsquo;attend plus que son inauguration pour \u00eatre totalement op\u00e9rationnel.<\/p>\n\n\n\n<p>Cet \u00e9v\u00e9nement r\u00e9pond \u00e0 un calendrier \u00e9tabli entre l&rsquo;INPP et le partenaire qui ont programm\u00e9 apr\u00e8s \u00e9valuation, de commencer par l&rsquo;inauguration du b\u00e2timent de Goma en d\u00e9cembre dernier puis l&rsquo;\u00e9tape de Mbandaka programm\u00e9 pour bient\u00f4t.<\/p>\n\n\n\n<p>L&rsquo;occasion faisant le larron, Patrick Kayembe Nsumpi a jug\u00e9 bon de laisser l&rsquo;honneur au chef de l&rsquo;\u00e9tat de couper le rubans.<\/p>\n\n\n\n<p>\u00ab<strong><em>Ce b\u00e2timent est le symbole que l&rsquo;INPP a la volont\u00e9 de se pencher sur la formation de la jeunesse de la province mais aussi son rayonnement<\/em><\/strong>\u00bb a d\u00e9clar\u00e9 au num\u00e9ro un de L\u2019INPP, le gouverneur de province de l\u2019\u00e9quateur.<\/p>\n\n\n\n<p>L&rsquo;homme de la modernit\u00e9 (comme l\u2019ont surnomm\u00e9 les agents et cadres de l\u2019INPP), compte bien poursuivre son action dans le cadre du projet du d\u00e9veloppement de 145 territoires o\u00f9 l&rsquo;INPP compte jouer un grand r\u00f4le.<\/p>\n\n\n\n<p>Jo\u00ebl Diawa<\/p>\n","protected":false},"excerpt":{"rendered":"<p>R\u00e9daction:+243817406088 Le Directeur G\u00e9n\u00e9ral de l\u2019Institut National de Pr\u00e9paration Professionnelle, Patrick Kayembe Nsumpi, a pu&#8230;<\/p>\n","protected":false},"author":2,"featured_media":0,"comment_status":"closed","ping_status":"open","sticky":false,"template":"","format":"standard","meta":{"_jetpack_memberships_contains_paid_content":false,"footnotes":""},"categories":[1],"tags":[],"class_list":["post-2471","post","type-post","status-publish","format-standard","hentry","category-non-classe"],"yoast_head":"<!-- This site is optimized with the Yoast SEO plugin v27.5 - https:\/\/yoast.com\/product\/yoast-seo-wordpress\/ -->\n<title>RDC : le leadership de Patrick Kayembe permet \u00e0 l\u2019INPP de gagner la confiance de ses partenaires - Infos Droits Humains<\/title>\n<meta name=\"robots\" content=\"index, follow, max-snippet:-1, max-image-preview:large, max-video-preview:-1\" \/>\n<link rel=\"canonical\" href=\"https:\/\/infos-droitshumains.net\/?p=2471\" \/>\n<meta property=\"og:locale\" content=\"fr_FR\" \/>\n<meta property=\"og:type\" content=\"article\" \/>\n<meta property=\"og:title\" content=\"RDC : le leadership de Patrick Kayembe permet \u00e0 l\u2019INPP de gagner la confiance de ses partenaires - Infos Droits Humains\" \/>\n<meta property=\"og:description\" content=\"R\u00e9daction:+243817406088 Le Directeur G\u00e9n\u00e9ral de l\u2019Institut National de Pr\u00e9paration Professionnelle, Patrick Kayembe Nsumpi, a pu...\" \/>\n<meta property=\"og:url\" content=\"https:\/\/infos-droitshumains.net\/?p=2471\" \/>\n<meta property=\"og:site_name\" content=\"Infos Droits Humains\" \/>\n<meta property=\"article:published_time\" content=\"2022-03-12T12:57:04+00:00\" \/>\n<meta property=\"article:modified_time\" content=\"2023-04-06T10:10:29+00:00\" \/>\n<meta name=\"author\" content=\"Jo\u00ebl Diawa\" \/>\n<meta name=\"twitter:card\" content=\"summary_large_image\" \/>\n<meta name=\"twitter:label1\" content=\"\u00c9crit par\" \/>\n\t<meta name=\"twitter:data1\" content=\"Jo\u00ebl Diawa\" \/>\n\t<meta name=\"twitter:label2\" content=\"Dur\u00e9e de lecture estim\u00e9e\" \/>\n\t<meta name=\"twitter:data2\" content=\"2 minutes\" \/>\n<script type=\"application\/ld+json\" class=\"yoast-schema-graph\">{\"@context\":\"https:\\\/\\\/schema.org\",\"@graph\":[{\"@type\":\"Article\",\"@id\":\"https:\\\/\\\/infos-droitshumains.net\\\/?p=2471#article\",\"isPartOf\":{\"@id\":\"https:\\\/\\\/infos-droitshumains.net\\\/?p=2471\"},\"author\":{\"name\":\"Jo\u00ebl Diawa\",\"@id\":\"https:\\\/\\\/infos-droitshumains.net\\\/#\\\/schema\\\/person\\\/3dc5e921c3302172e0ed4362f96faab7\"},\"headline\":\"RDC : le leadership de Patrick Kayembe permet \u00e0 l\u2019INPP de gagner la confiance de ses partenaires\",\"datePublished\":\"2022-03-12T12:57:04+00:00\",\"dateModified\":\"2023-04-06T10:10:29+00:00\",\"mainEntityOfPage\":{\"@id\":\"https:\\\/\\\/infos-droitshumains.net\\\/?p=2471\"},\"wordCount\":492,\"publisher\":{\"@id\":\"https:\\\/\\\/infos-droitshumains.net\\\/#organization\"},\"inLanguage\":\"fr-FR\"},{\"@type\":\"WebPage\",\"@id\":\"https:\\\/\\\/infos-droitshumains.net\\\/?p=2471\",\"url\":\"https:\\\/\\\/infos-droitshumains.net\\\/?p=2471\",\"name\":\"RDC : le leadership de Patrick Kayembe permet \u00e0 l\u2019INPP de gagner la confiance de ses partenaires - Infos Droits Humains\",\"isPartOf\":{\"@id\":\"https:\\\/\\\/infos-droitshumains.net\\\/#website\"},\"datePublished\":\"2022-03-12T12:57:04+00:00\",\"dateModified\":\"2023-04-06T10:10:29+00:00\",\"breadcrumb\":{\"@id\":\"https:\\\/\\\/infos-droitshumains.net\\\/?p=2471#breadcrumb\"},\"inLanguage\":\"fr-FR\",\"potentialAction\":[{\"@type\":\"ReadAction\",\"target\":[\"https:\\\/\\\/infos-droitshumains.net\\\/?p=2471\"]}]},{\"@type\":\"BreadcrumbList\",\"@id\":\"https:\\\/\\\/infos-droitshumains.net\\\/?p=2471#breadcrumb\",\"itemListElement\":[{\"@type\":\"ListItem\",\"position\":1,\"name\":\"Accueil\",\"item\":\"https:\\\/\\\/infos-droitshumains.net\\\/\"},{\"@type\":\"ListItem\",\"position\":2,\"name\":\"RDC : le leadership de Patrick Kayembe permet \u00e0 l\u2019INPP de gagner la confiance de ses partenaires\"}]},{\"@type\":\"WebSite\",\"@id\":\"https:\\\/\\\/infos-droitshumains.net\\\/#website\",\"url\":\"https:\\\/\\\/infos-droitshumains.net\\\/\",\"name\":\"Infos Droits Humains\",\"description\":\"S&#039;informer est un droit\",\"publisher\":{\"@id\":\"https:\\\/\\\/infos-droitshumains.net\\\/#organization\"},\"potentialAction\":[{\"@type\":\"SearchAction\",\"target\":{\"@type\":\"EntryPoint\",\"urlTemplate\":\"https:\\\/\\\/infos-droitshumains.net\\\/?s={search_term_string}\"},\"query-input\":{\"@type\":\"PropertyValueSpecification\",\"valueRequired\":true,\"valueName\":\"search_term_string\"}}],\"inLanguage\":\"fr-FR\"},{\"@type\":\"Organization\",\"@id\":\"https:\\\/\\\/infos-droitshumains.net\\\/#organization\",\"name\":\"Infos Droits Humains\",\"url\":\"https:\\\/\\\/infos-droitshumains.net\\\/\",\"logo\":{\"@type\":\"ImageObject\",\"inLanguage\":\"fr-FR\",\"@id\":\"https:\\\/\\\/infos-droitshumains.net\\\/#\\\/schema\\\/logo\\\/image\\\/\",\"url\":\"https:\\\/\\\/i0.wp.com\\\/infos-droitshumains.net\\\/wp-content\\\/uploads\\\/2022\\\/05\\\/Logo.png?fit=333%2C129&ssl=1\",\"contentUrl\":\"https:\\\/\\\/i0.wp.com\\\/infos-droitshumains.net\\\/wp-content\\\/uploads\\\/2022\\\/05\\\/Logo.png?fit=333%2C129&ssl=1\",\"width\":333,\"height\":129,\"caption\":\"Infos Droits Humains\"},\"image\":{\"@id\":\"https:\\\/\\\/infos-droitshumains.net\\\/#\\\/schema\\\/logo\\\/image\\\/\"}},{\"@type\":\"Person\",\"@id\":\"https:\\\/\\\/infos-droitshumains.net\\\/#\\\/schema\\\/person\\\/3dc5e921c3302172e0ed4362f96faab7\",\"name\":\"Jo\u00ebl Diawa\",\"image\":{\"@type\":\"ImageObject\",\"inLanguage\":\"fr-FR\",\"@id\":\"https:\\\/\\\/secure.gravatar.com\\\/avatar\\\/729bea6ff4604c624417803c477363be8e3c7186deaa65713313f9b4b820f41c?s=96&d=mm&r=g\",\"url\":\"https:\\\/\\\/secure.gravatar.com\\\/avatar\\\/729bea6ff4604c624417803c477363be8e3c7186deaa65713313f9b4b820f41c?s=96&d=mm&r=g\",\"contentUrl\":\"https:\\\/\\\/secure.gravatar.com\\\/avatar\\\/729bea6ff4604c624417803c477363be8e3c7186deaa65713313f9b4b820f41c?s=96&d=mm&r=g\",\"caption\":\"Jo\u00ebl Diawa\"},\"sameAs\":[\"https:\\\/\\\/www.infos-droitshumains.net\"],\"url\":\"https:\\\/\\\/infos-droitshumains.net\\\/?author=2\"}]}<\/script>\n<!-- \/ Yoast SEO plugin. -->","yoast_head_json":{"title":"RDC : le leadership de Patrick Kayembe permet \u00e0 l\u2019INPP de gagner la confiance de ses partenaires - Infos Droits Humains","robots":{"index":"index","follow":"follow","max-snippet":"max-snippet:-1","max-image-preview":"max-image-preview:large","max-video-preview":"max-video-preview:-1"},"canonical":"https:\/\/infos-droitshumains.net\/?p=2471","og_locale":"fr_FR","og_type":"article","og_title":"RDC : le leadership de Patrick Kayembe permet \u00e0 l\u2019INPP de gagner la confiance de ses partenaires - Infos Droits Humains","og_description":"R\u00e9daction:+243817406088 Le Directeur G\u00e9n\u00e9ral de l\u2019Institut National de Pr\u00e9paration Professionnelle, Patrick Kayembe Nsumpi, a pu...","og_url":"https:\/\/infos-droitshumains.net\/?p=2471","og_site_name":"Infos Droits Humains","article_published_time":"2022-03-12T12:57:04+00:00","article_modified_time":"2023-04-06T10:10:29+00:00","author":"Jo\u00ebl Diawa","twitter_card":"summary_large_image","twitter_misc":{"\u00c9crit par":"Jo\u00ebl Diawa","Dur\u00e9e de lecture estim\u00e9e":"2 minutes"},"schema":{"@context":"https:\/\/schema.org","@graph":[{"@type":"Article","@id":"https:\/\/infos-droitshumains.net\/?p=2471#article","isPartOf":{"@id":"https:\/\/infos-droitshumains.net\/?p=2471"},"author":{"name":"Jo\u00ebl Diawa","@id":"https:\/\/infos-droitshumains.net\/#\/schema\/person\/3dc5e921c3302172e0ed4362f96faab7"},"headline":"RDC : le leadership de Patrick Kayembe permet \u00e0 l\u2019INPP de gagner la confiance de ses partenaires","datePublished":"2022-03-12T12:57:04+00:00","dateModified":"2023-04-06T10:10:29+00:00","mainEntityOfPage":{"@id":"https:\/\/infos-droitshumains.net\/?p=2471"},"wordCount":492,"publisher":{"@id":"https:\/\/infos-droitshumains.net\/#organization"},"inLanguage":"fr-FR"},{"@type":"WebPage","@id":"https:\/\/infos-droitshumains.net\/?p=2471","url":"https:\/\/infos-droitshumains.net\/?p=2471","name":"RDC : le leadership de Patrick Kayembe permet \u00e0 l\u2019INPP de gagner la confiance de ses partenaires - Infos Droits Humains","isPartOf":{"@id":"https:\/\/infos-droitshumains.net\/#website"},"datePublished":"2022-03-12T12:57:04+00:00","dateModified":"2023-04-06T10:10:29+00:00","breadcrumb":{"@id":"https:\/\/infos-droitshumains.net\/?p=2471#breadcrumb"},"inLanguage":"fr-FR","potentialAction":[{"@type":"ReadAction","target":["https:\/\/infos-droitshumains.net\/?p=2471"]}]},{"@type":"BreadcrumbList","@id":"https:\/\/infos-droitshumains.net\/?p=2471#breadcrumb","itemListElement":[{"@type":"ListItem","position":1,"name":"Accueil","item":"https:\/\/infos-droitshumains.net\/"},{"@type":"ListItem","position":2,"name":"RDC : le leadership de Patrick Kayembe permet \u00e0 l\u2019INPP de gagner la confiance de ses partenaires"}]},{"@type":"WebSite","@id":"https:\/\/infos-droitshumains.net\/#website","url":"https:\/\/infos-droitshumains.net\/","name":"Infos Droits Humains","description":"S&#039;informer est un droit","publisher":{"@id":"https:\/\/infos-droitshumains.net\/#organization"},"potentialAction":[{"@type":"SearchAction","target":{"@type":"EntryPoint","urlTemplate":"https:\/\/infos-droitshumains.net\/?s={search_term_string}"},"query-input":{"@type":"PropertyValueSpecification","valueRequired":true,"valueName":"search_term_string"}}],"inLanguage":"fr-FR"},{"@type":"Organization","@id":"https:\/\/infos-droitshumains.net\/#organization","name":"Infos Droits Humains","url":"https:\/\/infos-droitshumains.net\/","logo":{"@type":"ImageObject","inLanguage":"fr-FR","@id":"https:\/\/infos-droitshumains.net\/#\/schema\/logo\/image\/","url":"https:\/\/i0.wp.com\/infos-droitshumains.net\/wp-content\/uploads\/2022\/05\/Logo.png?fit=333%2C129&ssl=1","contentUrl":"https:\/\/i0.wp.com\/infos-droitshumains.net\/wp-content\/uploads\/2022\/05\/Logo.png?fit=333%2C129&ssl=1","width":333,"height":129,"caption":"Infos Droits Humains"},"image":{"@id":"https:\/\/infos-droitshumains.net\/#\/schema\/logo\/image\/"}},{"@type":"Person","@id":"https:\/\/infos-droitshumains.net\/#\/schema\/person\/3dc5e921c3302172e0ed4362f96faab7","name":"Jo\u00ebl Diawa","image":{"@type":"ImageObject","inLanguage":"fr-FR","@id":"https:\/\/secure.gravatar.com\/avatar\/729bea6ff4604c624417803c477363be8e3c7186deaa65713313f9b4b820f41c?s=96&d=mm&r=g","url":"https:\/\/secure.gravatar.com\/avatar\/729bea6ff4604c624417803c477363be8e3c7186deaa65713313f9b4b820f41c?s=96&d=mm&r=g","contentUrl":"https:\/\/secure.gravatar.com\/avatar\/729bea6ff4604c624417803c477363be8e3c7186deaa65713313f9b4b820f41c?s=96&d=mm&r=g","caption":"Jo\u00ebl Diawa"},"sameAs":["https:\/\/www.infos-droitshumains.net"],"url":"https:\/\/infos-droitshumains.net\/?author=2"}]}},"featured_image_urls":{"full":"","thumbnail":"","medium":"","medium_large":"","large":"","1536x1536":"","2048x2048":"","covernews-slider-full":"","covernews-slider-center":"","covernews-featured":"","covernews-medium":"","covernews-medium-square":""},"author_info":{"display_name":"Jo\u00ebl Diawa","author_link":"https:\/\/infos-droitshumains.net\/?author=2"},"category_info":"<a href=\"https:\/\/infos-droitshumains.net\/?cat=1\" rel=\"category\">Non class\u00e9<\/a>","tag_info":"Non class\u00e9","comment_count":"0","jetpack_featured_media_url":"","jetpack-related-posts":[],"jetpack_sharing_enabled":true,"_links":{"self":[{"href":"https:\/\/infos-droitshumains.net\/index.php?rest_route=\/wp\/v2\/posts\/2471","targetHints":{"allow":["GET"]}}],"collection":[{"href":"https:\/\/infos-droitshumains.net\/index.php?rest_route=\/wp\/v2\/posts"}],"about":[{"href":"https:\/\/infos-droitshumains.net\/index.php?rest_route=\/wp\/v2\/types\/post"}],"author":[{"embeddable":true,"href":"https:\/\/infos-droitshumains.net\/index.php?rest_route=\/wp\/v2\/users\/2"}],"replies":[{"embeddable":true,"href":"https:\/\/infos-droitshumains.net\/index.php?rest_route=%2Fwp%2Fv2%2Fcomments&post=2471"}],"version-history":[{"count":2,"href":"https:\/\/infos-droitshumains.net\/index.php?rest_route=\/wp\/v2\/posts\/2471\/revisions"}],"predecessor-version":[{"id":2473,"href":"https:\/\/infos-droitshumains.net\/index.php?rest_route=\/wp\/v2\/posts\/2471\/revisions\/2473"}],"wp:attachment":[{"href":"https:\/\/infos-droitshumains.net\/index.php?rest_route=%2Fwp%2Fv2%2Fmedia&parent=2471"}],"wp:term":[{"taxonomy":"category","embeddable":true,"href":"https:\/\/infos-droitshumains.net\/index.php?rest_route=%2Fwp%2Fv2%2Fcategories&post=2471"},{"taxonomy":"post_tag","embeddable":true,"href":"https:\/\/infos-droitshumains.net\/index.php?rest_route=%2Fwp%2Fv2%2Ftags&post=2471"}],"curies":[{"name":"wp","href":"https:\/\/api.w.org\/{rel}","templated":true}]}}