{"id":2462,"date":"2022-03-11T22:18:03","date_gmt":"2022-03-11T21:18:03","guid":{"rendered":"https:\/\/infos-droitshumains.net\/?p=2462"},"modified":"2023-04-06T12:10:29","modified_gmt":"2023-04-06T10:10:29","slug":"controverse-au-tour-de-letat-de-sante-de-felix-tshisekedi-me-ghislain-mwanji-sen-prend-a-la-communication-presidentielle","status":"publish","type":"post","link":"https:\/\/infos-droitshumains.net\/?p=2462","title":{"rendered":"Controverse autour de l\u2019\u00e9tat de sant\u00e9 de F\u00e9lix Tshisekedi : Me. Ghislain Mwanji s\u2019en prend \u00e0 la communication pr\u00e9sidentielle"},"content":{"rendered":"\n<p><strong>R\u00e9daction:+243817406088<\/strong><\/p>\n\n\n\n<p>Apr\u00e8s l\u2019annonce par le m\u00e9dia belge la libre Afrique de l\u2019intervention chirurgicale du c\u0153ur ouvert qu\u2019aurait subi le pr\u00e9sident F\u00e9lix Tshisekedi, les r\u00e9actions sont all\u00e9es dans tous les sens, \u00e0 tel point que les services de la pr\u00e9sidence s\u2019\u00e9taient vu dans l\u2019obligation d\u2019en donner une pr\u00e9cision.<\/p>\n\n\n\n<p>Mais fort malheureusement, il a \u00e9t\u00e9 constat\u00e9 une sorte de disparit\u00e9 dans les mises au point par les services officiels.<\/p>\n\n\n\n<p>Le premier \u00e0 r\u00e9agir, Tharcisse Kasonga Mwema Yamba Yamba. Sur son compte twitter, le porte-parole du chef de l\u2019\u00c9tat a fait un d\u00e9menti formel et cat\u00e9gorique :<\/p>\n\n\n\n<p><em>\u00abNON. Le Pr\u00e9sident de la R\u00e9publique n\u2019a subi aucune op\u00e9ration chirurgicale. Il s\u00e9journe en visite strictement priv\u00e9e en Bruxelles. Et on ne commente pas les visites priv\u00e9es du Chef de l\u2019Etat\u00bb<\/em><\/p>\n\n\n\n<p>Un jour apr\u00e8s cette d\u00e9claration, la presse pr\u00e9sidentielle a, elle aussi, fait sa mise au point.<\/p>\n\n\n\n<p>Elle parle d&rsquo;une chirurgie, pas du c\u0153ur, mais plut\u00f4t d\u2019une <em>\u00abhernie discale\u00bb<\/em>.<\/p>\n\n\n\n<p>Cette sortie de la presse pr\u00e9sidentielle vient contredire formellement Kasonga Mwema cr\u00e9ant ainsi une disparit\u00e9 communicationnelle.<\/p>\n\n\n\n<p>Situation fustig\u00e9e par Me. Ghislain Mwanji. Il pointe du doigt le porte-parole du Chef de l\u2019\u00c9tat comme principale cause de ce d\u00e9ficit. Pour lui, Kasonga Mwema Yamba Yamba <strong><em>\u00abs\u2019est b\u00e9atement discr\u00e9dit\u00e9\u00bb<\/em><\/strong> et, <strong><em>\u00abil porte seul, la responsabilit\u00e9 d\u2019un faux d\u00e9menti\u00bb.<\/em><\/strong><\/p>\n\n\n\n<p>Ma\u00eetre Ghislain Mwanji estime qu\u2019il \u00e9tait possible de <strong><em>\u00abmaintenir une communication dissuasive sans embrasser amoureusement les mensonges qu\u2019on ne pourrait retirer aux \u00e9ch\u00e9ances plus r\u00e9v\u00e9latrices de la r\u00e9v\u00e9latrice\u00bb.<\/em><\/strong><\/p>\n\n\n\n<p>Pour lui, <strong><em>\u00abla presse pr\u00e9sidentielle comme le Porte-parole du pr\u00e9sident ont la coutume de tr\u00e8s mal g\u00e9rer leur communication\u00bb.<\/em><\/strong><\/p>\n\n\n\n<p>En d\u00e9pit de ce fait, Ghislain Mwanji salut tout de m\u00eame, <strong><em>\u00abla pr\u00e9cisions\u00bb<\/em><\/strong>, bien que <strong><em>\u00abtardives de la presse pr\u00e9sidentielle\u00bb<\/em><\/strong> qui pour lui, s\u2019av\u00e8re <strong><em>\u00abn\u00e9cessaire pour conforter la qui\u00e9tude nationale sur la sant\u00e9 du Pr\u00e9sident de la R\u00e9publique, et surtout lui garantir une communication extirp\u00e9e de tout mensonge\u00bb.<\/em><\/strong><\/p>\n\n\n\n<p>Apr\u00e8s moult incertitudes, le pr\u00e9sident F\u00e9lix Tshisekedi est apparu souriant ce vendredi dans une photo, aux c\u00f4t\u00e9s prises en \u00e0 Bruxelles aux c\u00f4t\u00e9s des personnels soignants.<\/p>\n\n\n\n<p>Jo\u00ebl Diawa<\/p>\n","protected":false},"excerpt":{"rendered":"<p>R\u00e9daction:+243817406088 Apr\u00e8s l\u2019annonce par le m\u00e9dia belge la libre Afrique de l\u2019intervention chirurgicale du c\u0153ur&#8230;<\/p>\n","protected":false},"author":2,"featured_media":0,"comment_status":"closed","ping_status":"open","sticky":false,"template":"","format":"standard","meta":{"_jetpack_memberships_contains_paid_content":false,"footnotes":""},"categories":[1],"tags":[],"class_list":["post-2462","post","type-post","status-publish","format-standard","hentry","category-non-classe"],"yoast_head":"<!-- This site is optimized with the Yoast SEO plugin v27.5 - https:\/\/yoast.com\/product\/yoast-seo-wordpress\/ -->\n<title>Controverse autour de l\u2019\u00e9tat de sant\u00e9 de F\u00e9lix Tshisekedi : Me. Ghislain Mwanji s\u2019en prend \u00e0 la communication pr\u00e9sidentielle - Infos Droits Humains<\/title>\n<meta name=\"robots\" content=\"index, follow, max-snippet:-1, max-image-preview:large, max-video-preview:-1\" \/>\n<link rel=\"canonical\" href=\"https:\/\/infos-droitshumains.net\/?p=2462\" \/>\n<meta property=\"og:locale\" content=\"fr_FR\" \/>\n<meta property=\"og:type\" content=\"article\" \/>\n<meta property=\"og:title\" content=\"Controverse autour de l\u2019\u00e9tat de sant\u00e9 de F\u00e9lix Tshisekedi : Me. Ghislain Mwanji s\u2019en prend \u00e0 la communication pr\u00e9sidentielle - Infos Droits Humains\" \/>\n<meta property=\"og:description\" content=\"R\u00e9daction:+243817406088 Apr\u00e8s l\u2019annonce par le m\u00e9dia belge la libre Afrique de l\u2019intervention chirurgicale du c\u0153ur...\" \/>\n<meta property=\"og:url\" content=\"https:\/\/infos-droitshumains.net\/?p=2462\" \/>\n<meta property=\"og:site_name\" content=\"Infos Droits Humains\" \/>\n<meta property=\"article:published_time\" content=\"2022-03-11T21:18:03+00:00\" \/>\n<meta property=\"article:modified_time\" content=\"2023-04-06T10:10:29+00:00\" \/>\n<meta name=\"author\" content=\"Jo\u00ebl Diawa\" \/>\n<meta name=\"twitter:card\" content=\"summary_large_image\" \/>\n<meta name=\"twitter:label1\" content=\"\u00c9crit par\" \/>\n\t<meta name=\"twitter:data1\" content=\"Jo\u00ebl Diawa\" \/>\n\t<meta name=\"twitter:label2\" content=\"Dur\u00e9e de lecture estim\u00e9e\" \/>\n\t<meta name=\"twitter:data2\" content=\"2 minutes\" \/>\n<script type=\"application\/ld+json\" class=\"yoast-schema-graph\">{\"@context\":\"https:\\\/\\\/schema.org\",\"@graph\":[{\"@type\":\"Article\",\"@id\":\"https:\\\/\\\/infos-droitshumains.net\\\/?p=2462#article\",\"isPartOf\":{\"@id\":\"https:\\\/\\\/infos-droitshumains.net\\\/?p=2462\"},\"author\":{\"name\":\"Jo\u00ebl Diawa\",\"@id\":\"https:\\\/\\\/infos-droitshumains.net\\\/#\\\/schema\\\/person\\\/3dc5e921c3302172e0ed4362f96faab7\"},\"headline\":\"Controverse autour de l\u2019\u00e9tat de sant\u00e9 de F\u00e9lix Tshisekedi : Me. Ghislain Mwanji s\u2019en prend \u00e0 la communication pr\u00e9sidentielle\",\"datePublished\":\"2022-03-11T21:18:03+00:00\",\"dateModified\":\"2023-04-06T10:10:29+00:00\",\"mainEntityOfPage\":{\"@id\":\"https:\\\/\\\/infos-droitshumains.net\\\/?p=2462\"},\"wordCount\":424,\"publisher\":{\"@id\":\"https:\\\/\\\/infos-droitshumains.net\\\/#organization\"},\"inLanguage\":\"fr-FR\"},{\"@type\":\"WebPage\",\"@id\":\"https:\\\/\\\/infos-droitshumains.net\\\/?p=2462\",\"url\":\"https:\\\/\\\/infos-droitshumains.net\\\/?p=2462\",\"name\":\"Controverse autour de l\u2019\u00e9tat de sant\u00e9 de F\u00e9lix Tshisekedi : Me. Ghislain Mwanji s\u2019en prend \u00e0 la communication pr\u00e9sidentielle - Infos Droits Humains\",\"isPartOf\":{\"@id\":\"https:\\\/\\\/infos-droitshumains.net\\\/#website\"},\"datePublished\":\"2022-03-11T21:18:03+00:00\",\"dateModified\":\"2023-04-06T10:10:29+00:00\",\"breadcrumb\":{\"@id\":\"https:\\\/\\\/infos-droitshumains.net\\\/?p=2462#breadcrumb\"},\"inLanguage\":\"fr-FR\",\"potentialAction\":[{\"@type\":\"ReadAction\",\"target\":[\"https:\\\/\\\/infos-droitshumains.net\\\/?p=2462\"]}]},{\"@type\":\"BreadcrumbList\",\"@id\":\"https:\\\/\\\/infos-droitshumains.net\\\/?p=2462#breadcrumb\",\"itemListElement\":[{\"@type\":\"ListItem\",\"position\":1,\"name\":\"Accueil\",\"item\":\"https:\\\/\\\/infos-droitshumains.net\\\/\"},{\"@type\":\"ListItem\",\"position\":2,\"name\":\"Controverse autour de l\u2019\u00e9tat de sant\u00e9 de F\u00e9lix Tshisekedi : Me. Ghislain Mwanji s\u2019en prend \u00e0 la communication pr\u00e9sidentielle\"}]},{\"@type\":\"WebSite\",\"@id\":\"https:\\\/\\\/infos-droitshumains.net\\\/#website\",\"url\":\"https:\\\/\\\/infos-droitshumains.net\\\/\",\"name\":\"Infos Droits Humains\",\"description\":\"S&#039;informer est un droit\",\"publisher\":{\"@id\":\"https:\\\/\\\/infos-droitshumains.net\\\/#organization\"},\"potentialAction\":[{\"@type\":\"SearchAction\",\"target\":{\"@type\":\"EntryPoint\",\"urlTemplate\":\"https:\\\/\\\/infos-droitshumains.net\\\/?s={search_term_string}\"},\"query-input\":{\"@type\":\"PropertyValueSpecification\",\"valueRequired\":true,\"valueName\":\"search_term_string\"}}],\"inLanguage\":\"fr-FR\"},{\"@type\":\"Organization\",\"@id\":\"https:\\\/\\\/infos-droitshumains.net\\\/#organization\",\"name\":\"Infos Droits Humains\",\"url\":\"https:\\\/\\\/infos-droitshumains.net\\\/\",\"logo\":{\"@type\":\"ImageObject\",\"inLanguage\":\"fr-FR\",\"@id\":\"https:\\\/\\\/infos-droitshumains.net\\\/#\\\/schema\\\/logo\\\/image\\\/\",\"url\":\"https:\\\/\\\/i0.wp.com\\\/infos-droitshumains.net\\\/wp-content\\\/uploads\\\/2022\\\/05\\\/Logo.png?fit=333%2C129&ssl=1\",\"contentUrl\":\"https:\\\/\\\/i0.wp.com\\\/infos-droitshumains.net\\\/wp-content\\\/uploads\\\/2022\\\/05\\\/Logo.png?fit=333%2C129&ssl=1\",\"width\":333,\"height\":129,\"caption\":\"Infos Droits Humains\"},\"image\":{\"@id\":\"https:\\\/\\\/infos-droitshumains.net\\\/#\\\/schema\\\/logo\\\/image\\\/\"}},{\"@type\":\"Person\",\"@id\":\"https:\\\/\\\/infos-droitshumains.net\\\/#\\\/schema\\\/person\\\/3dc5e921c3302172e0ed4362f96faab7\",\"name\":\"Jo\u00ebl Diawa\",\"image\":{\"@type\":\"ImageObject\",\"inLanguage\":\"fr-FR\",\"@id\":\"https:\\\/\\\/secure.gravatar.com\\\/avatar\\\/729bea6ff4604c624417803c477363be8e3c7186deaa65713313f9b4b820f41c?s=96&d=mm&r=g\",\"url\":\"https:\\\/\\\/secure.gravatar.com\\\/avatar\\\/729bea6ff4604c624417803c477363be8e3c7186deaa65713313f9b4b820f41c?s=96&d=mm&r=g\",\"contentUrl\":\"https:\\\/\\\/secure.gravatar.com\\\/avatar\\\/729bea6ff4604c624417803c477363be8e3c7186deaa65713313f9b4b820f41c?s=96&d=mm&r=g\",\"caption\":\"Jo\u00ebl Diawa\"},\"sameAs\":[\"https:\\\/\\\/www.infos-droitshumains.net\"],\"url\":\"https:\\\/\\\/infos-droitshumains.net\\\/?author=2\"}]}<\/script>\n<!-- \/ Yoast SEO plugin. -->","yoast_head_json":{"title":"Controverse autour de l\u2019\u00e9tat de sant\u00e9 de F\u00e9lix Tshisekedi : Me. Ghislain Mwanji s\u2019en prend \u00e0 la communication pr\u00e9sidentielle - Infos Droits Humains","robots":{"index":"index","follow":"follow","max-snippet":"max-snippet:-1","max-image-preview":"max-image-preview:large","max-video-preview":"max-video-preview:-1"},"canonical":"https:\/\/infos-droitshumains.net\/?p=2462","og_locale":"fr_FR","og_type":"article","og_title":"Controverse autour de l\u2019\u00e9tat de sant\u00e9 de F\u00e9lix Tshisekedi : Me. Ghislain Mwanji s\u2019en prend \u00e0 la communication pr\u00e9sidentielle - Infos Droits Humains","og_description":"R\u00e9daction:+243817406088 Apr\u00e8s l\u2019annonce par le m\u00e9dia belge la libre Afrique de l\u2019intervention chirurgicale du c\u0153ur...","og_url":"https:\/\/infos-droitshumains.net\/?p=2462","og_site_name":"Infos Droits Humains","article_published_time":"2022-03-11T21:18:03+00:00","article_modified_time":"2023-04-06T10:10:29+00:00","author":"Jo\u00ebl Diawa","twitter_card":"summary_large_image","twitter_misc":{"\u00c9crit par":"Jo\u00ebl Diawa","Dur\u00e9e de lecture estim\u00e9e":"2 minutes"},"schema":{"@context":"https:\/\/schema.org","@graph":[{"@type":"Article","@id":"https:\/\/infos-droitshumains.net\/?p=2462#article","isPartOf":{"@id":"https:\/\/infos-droitshumains.net\/?p=2462"},"author":{"name":"Jo\u00ebl Diawa","@id":"https:\/\/infos-droitshumains.net\/#\/schema\/person\/3dc5e921c3302172e0ed4362f96faab7"},"headline":"Controverse autour de l\u2019\u00e9tat de sant\u00e9 de F\u00e9lix Tshisekedi : Me. Ghislain Mwanji s\u2019en prend \u00e0 la communication pr\u00e9sidentielle","datePublished":"2022-03-11T21:18:03+00:00","dateModified":"2023-04-06T10:10:29+00:00","mainEntityOfPage":{"@id":"https:\/\/infos-droitshumains.net\/?p=2462"},"wordCount":424,"publisher":{"@id":"https:\/\/infos-droitshumains.net\/#organization"},"inLanguage":"fr-FR"},{"@type":"WebPage","@id":"https:\/\/infos-droitshumains.net\/?p=2462","url":"https:\/\/infos-droitshumains.net\/?p=2462","name":"Controverse autour de l\u2019\u00e9tat de sant\u00e9 de F\u00e9lix Tshisekedi : Me. Ghislain Mwanji s\u2019en prend \u00e0 la communication pr\u00e9sidentielle - Infos Droits Humains","isPartOf":{"@id":"https:\/\/infos-droitshumains.net\/#website"},"datePublished":"2022-03-11T21:18:03+00:00","dateModified":"2023-04-06T10:10:29+00:00","breadcrumb":{"@id":"https:\/\/infos-droitshumains.net\/?p=2462#breadcrumb"},"inLanguage":"fr-FR","potentialAction":[{"@type":"ReadAction","target":["https:\/\/infos-droitshumains.net\/?p=2462"]}]},{"@type":"BreadcrumbList","@id":"https:\/\/infos-droitshumains.net\/?p=2462#breadcrumb","itemListElement":[{"@type":"ListItem","position":1,"name":"Accueil","item":"https:\/\/infos-droitshumains.net\/"},{"@type":"ListItem","position":2,"name":"Controverse autour de l\u2019\u00e9tat de sant\u00e9 de F\u00e9lix Tshisekedi : Me. Ghislain Mwanji s\u2019en prend \u00e0 la communication pr\u00e9sidentielle"}]},{"@type":"WebSite","@id":"https:\/\/infos-droitshumains.net\/#website","url":"https:\/\/infos-droitshumains.net\/","name":"Infos Droits Humains","description":"S&#039;informer est un droit","publisher":{"@id":"https:\/\/infos-droitshumains.net\/#organization"},"potentialAction":[{"@type":"SearchAction","target":{"@type":"EntryPoint","urlTemplate":"https:\/\/infos-droitshumains.net\/?s={search_term_string}"},"query-input":{"@type":"PropertyValueSpecification","valueRequired":true,"valueName":"search_term_string"}}],"inLanguage":"fr-FR"},{"@type":"Organization","@id":"https:\/\/infos-droitshumains.net\/#organization","name":"Infos Droits Humains","url":"https:\/\/infos-droitshumains.net\/","logo":{"@type":"ImageObject","inLanguage":"fr-FR","@id":"https:\/\/infos-droitshumains.net\/#\/schema\/logo\/image\/","url":"https:\/\/i0.wp.com\/infos-droitshumains.net\/wp-content\/uploads\/2022\/05\/Logo.png?fit=333%2C129&ssl=1","contentUrl":"https:\/\/i0.wp.com\/infos-droitshumains.net\/wp-content\/uploads\/2022\/05\/Logo.png?fit=333%2C129&ssl=1","width":333,"height":129,"caption":"Infos Droits Humains"},"image":{"@id":"https:\/\/infos-droitshumains.net\/#\/schema\/logo\/image\/"}},{"@type":"Person","@id":"https:\/\/infos-droitshumains.net\/#\/schema\/person\/3dc5e921c3302172e0ed4362f96faab7","name":"Jo\u00ebl Diawa","image":{"@type":"ImageObject","inLanguage":"fr-FR","@id":"https:\/\/secure.gravatar.com\/avatar\/729bea6ff4604c624417803c477363be8e3c7186deaa65713313f9b4b820f41c?s=96&d=mm&r=g","url":"https:\/\/secure.gravatar.com\/avatar\/729bea6ff4604c624417803c477363be8e3c7186deaa65713313f9b4b820f41c?s=96&d=mm&r=g","contentUrl":"https:\/\/secure.gravatar.com\/avatar\/729bea6ff4604c624417803c477363be8e3c7186deaa65713313f9b4b820f41c?s=96&d=mm&r=g","caption":"Jo\u00ebl Diawa"},"sameAs":["https:\/\/www.infos-droitshumains.net"],"url":"https:\/\/infos-droitshumains.net\/?author=2"}]}},"featured_image_urls":{"full":"","thumbnail":"","medium":"","medium_large":"","large":"","1536x1536":"","2048x2048":"","covernews-slider-full":"","covernews-slider-center":"","covernews-featured":"","covernews-medium":"","covernews-medium-square":""},"author_info":{"display_name":"Jo\u00ebl Diawa","author_link":"https:\/\/infos-droitshumains.net\/?author=2"},"category_info":"<a href=\"https:\/\/infos-droitshumains.net\/?cat=1\" rel=\"category\">Non class\u00e9<\/a>","tag_info":"Non class\u00e9","comment_count":"0","jetpack_featured_media_url":"","jetpack-related-posts":[],"jetpack_sharing_enabled":true,"_links":{"self":[{"href":"https:\/\/infos-droitshumains.net\/index.php?rest_route=\/wp\/v2\/posts\/2462","targetHints":{"allow":["GET"]}}],"collection":[{"href":"https:\/\/infos-droitshumains.net\/index.php?rest_route=\/wp\/v2\/posts"}],"about":[{"href":"https:\/\/infos-droitshumains.net\/index.php?rest_route=\/wp\/v2\/types\/post"}],"author":[{"embeddable":true,"href":"https:\/\/infos-droitshumains.net\/index.php?rest_route=\/wp\/v2\/users\/2"}],"replies":[{"embeddable":true,"href":"https:\/\/infos-droitshumains.net\/index.php?rest_route=%2Fwp%2Fv2%2Fcomments&post=2462"}],"version-history":[{"count":5,"href":"https:\/\/infos-droitshumains.net\/index.php?rest_route=\/wp\/v2\/posts\/2462\/revisions"}],"predecessor-version":[{"id":2470,"href":"https:\/\/infos-droitshumains.net\/index.php?rest_route=\/wp\/v2\/posts\/2462\/revisions\/2470"}],"wp:attachment":[{"href":"https:\/\/infos-droitshumains.net\/index.php?rest_route=%2Fwp%2Fv2%2Fmedia&parent=2462"}],"wp:term":[{"taxonomy":"category","embeddable":true,"href":"https:\/\/infos-droitshumains.net\/index.php?rest_route=%2Fwp%2Fv2%2Fcategories&post=2462"},{"taxonomy":"post_tag","embeddable":true,"href":"https:\/\/infos-droitshumains.net\/index.php?rest_route=%2Fwp%2Fv2%2Ftags&post=2462"}],"curies":[{"name":"wp","href":"https:\/\/api.w.org\/{rel}","templated":true}]}}