{"id":2448,"date":"2022-03-11T00:38:16","date_gmt":"2022-03-10T23:38:16","guid":{"rendered":"https:\/\/infos-droitshumains.net\/?p=2448"},"modified":"2023-04-06T12:10:29","modified_gmt":"2023-04-06T10:10:29","slug":"rdc-le-president-felix-tshisekedi-na-jamais-subi-une-operation-du-coeur","status":"publish","type":"post","link":"https:\/\/infos-droitshumains.net\/?p=2448","title":{"rendered":"RDC : Le pr\u00e9sident F\u00e9lix Tshisekedi n\u2019a jamais subi une op\u00e9ration du c\u0153ur"},"content":{"rendered":"\n<p><strong>R\u00e9daction:+243817406088<\/strong><\/p>\n\n\n\n<p><strong><em>\u00abNON. Le Pr\u00e9sident n&rsquo;a subi aucune op\u00e9ration chirurgicale. Il s\u00e9journe en visite strictement priv\u00e9e \u00e0 Bruxelles. Et on ne commente pas les visites priv\u00e9es du Chef de l\u2019Etat\u00bb <\/em><\/strong>peut-on lire sur le compte twitter de Kasongo Mwema Yamba Yamba.<\/p>\n\n\n\n<figure class=\"wp-block-image alignfull size-large\"><img data-recalc-dims=\"1\" decoding=\"async\" src=\"https:\/\/i0.wp.com\/infos-droitshumains.net\/wp-content\/uploads\/2022\/03\/Screenshot_20220310-235403_1.jpg?w=640&#038;ssl=1\" alt=\"\" class=\"wp-image-2451\"\/><\/figure>\n\n\n\n<p>Le porte-parole du chef de l\u2019\u00c9tat r\u00e9agissait \u00e0 l\u2019article de la libre Afrique. Ce m\u00e9dia belge annon\u00e7ait dans la journ\u00e9e du jeudi que dans la journ\u00e9e que <em>\u00able pr\u00e9sident F\u00e9lix Tshisekedi aurait subi une intervention au c\u0153ur ouvert qui se serait bien d\u00e9roul\u00e9e ce mardi 8 mars, apr\u00e8s \u00eatre partie de Kinshasa dans un \u00e9tat critique\u00bb.<\/em><\/p>\n\n\n\n<p><strong><em>\u00ab\u2026Le pr\u00e9sident de la R\u00e9publique se porte bien. Il n\u2019a jamais \u00e9t\u00e9 op\u00e9r\u00e9 du c\u0153ur\u00bb<\/em><\/strong> rench\u00e9rit Patrick Muyaya, porte-parole du gouvernement.<\/p>\n\n\n\n<p><strong><em>\u00abIl est certes parti en Belgique o\u00f9 il est toujours ce 10 mars et a s\u00fbrement \u00e9t\u00e9 aper\u00e7u \u00e0 l\u2019h\u00f4pital o\u00f9 il est parti effectuer son check-up habituel. Mais il n\u2019est pas actuellement \u00e0 l\u2019h\u00f4pital\u00bb a confi\u00e9 une source proche de la famille<\/em><\/strong>\u00bb a confi\u00e9 une source familiale. Cette version a \u00e9t\u00e9 confirm\u00e9e \u00e0 la Radio France Internationale par Tina Salama, porte-parole adjointe du pr\u00e9sident F\u00e9lix Tshisekedi.<\/p>\n\n\n\n<p>Jo\u00ebl Diawa<\/p>\n","protected":false},"excerpt":{"rendered":"<p>R\u00e9daction:+243817406088 \u00abNON. Le Pr\u00e9sident n&rsquo;a subi aucune op\u00e9ration chirurgicale. Il s\u00e9journe en visite strictement priv\u00e9e&#8230;<\/p>\n","protected":false},"author":2,"featured_media":0,"comment_status":"closed","ping_status":"open","sticky":false,"template":"","format":"standard","meta":{"_jetpack_memberships_contains_paid_content":false,"footnotes":""},"categories":[3],"tags":[],"class_list":["post-2448","post","type-post","status-publish","format-standard","hentry","category-politique"],"yoast_head":"<!-- This site is optimized with the Yoast SEO plugin v27.5 - https:\/\/yoast.com\/product\/yoast-seo-wordpress\/ -->\n<title>RDC : Le pr\u00e9sident F\u00e9lix Tshisekedi n\u2019a jamais subi une op\u00e9ration du c\u0153ur - Infos Droits Humains<\/title>\n<meta name=\"robots\" content=\"index, follow, max-snippet:-1, max-image-preview:large, max-video-preview:-1\" \/>\n<link rel=\"canonical\" href=\"https:\/\/infos-droitshumains.net\/?p=2448\" \/>\n<meta property=\"og:locale\" content=\"fr_FR\" \/>\n<meta property=\"og:type\" content=\"article\" \/>\n<meta property=\"og:title\" content=\"RDC : Le pr\u00e9sident F\u00e9lix Tshisekedi n\u2019a jamais subi une op\u00e9ration du c\u0153ur - Infos Droits Humains\" \/>\n<meta property=\"og:description\" content=\"R\u00e9daction:+243817406088 \u00abNON. Le Pr\u00e9sident n&rsquo;a subi aucune op\u00e9ration chirurgicale. Il s\u00e9journe en visite strictement priv\u00e9e...\" \/>\n<meta property=\"og:url\" content=\"https:\/\/infos-droitshumains.net\/?p=2448\" \/>\n<meta property=\"og:site_name\" content=\"Infos Droits Humains\" \/>\n<meta property=\"article:published_time\" content=\"2022-03-10T23:38:16+00:00\" \/>\n<meta property=\"article:modified_time\" content=\"2023-04-06T10:10:29+00:00\" \/>\n<meta property=\"og:image\" content=\"https:\/\/infos-droitshumains.net\/wp-content\/uploads\/2022\/03\/Screenshot_20220310-235403_1.jpg\" \/>\n<meta name=\"author\" content=\"Jo\u00ebl Diawa\" \/>\n<meta name=\"twitter:card\" content=\"summary_large_image\" \/>\n<meta name=\"twitter:label1\" content=\"\u00c9crit par\" \/>\n\t<meta name=\"twitter:data1\" content=\"Jo\u00ebl Diawa\" \/>\n\t<meta name=\"twitter:label2\" content=\"Dur\u00e9e de lecture estim\u00e9e\" \/>\n\t<meta name=\"twitter:data2\" content=\"1 minute\" \/>\n<script type=\"application\/ld+json\" class=\"yoast-schema-graph\">{\"@context\":\"https:\\\/\\\/schema.org\",\"@graph\":[{\"@type\":\"Article\",\"@id\":\"https:\\\/\\\/infos-droitshumains.net\\\/?p=2448#article\",\"isPartOf\":{\"@id\":\"https:\\\/\\\/infos-droitshumains.net\\\/?p=2448\"},\"author\":{\"name\":\"Jo\u00ebl Diawa\",\"@id\":\"https:\\\/\\\/infos-droitshumains.net\\\/#\\\/schema\\\/person\\\/3dc5e921c3302172e0ed4362f96faab7\"},\"headline\":\"RDC : Le pr\u00e9sident F\u00e9lix Tshisekedi n\u2019a jamais subi une op\u00e9ration du c\u0153ur\",\"datePublished\":\"2022-03-10T23:38:16+00:00\",\"dateModified\":\"2023-04-06T10:10:29+00:00\",\"mainEntityOfPage\":{\"@id\":\"https:\\\/\\\/infos-droitshumains.net\\\/?p=2448\"},\"wordCount\":233,\"publisher\":{\"@id\":\"https:\\\/\\\/infos-droitshumains.net\\\/#organization\"},\"image\":{\"@id\":\"https:\\\/\\\/infos-droitshumains.net\\\/?p=2448#primaryimage\"},\"thumbnailUrl\":\"https:\\\/\\\/infos-droitshumains.net\\\/wp-content\\\/uploads\\\/2022\\\/03\\\/Screenshot_20220310-235403_1.jpg\",\"articleSection\":[\"Politique\"],\"inLanguage\":\"fr-FR\"},{\"@type\":\"WebPage\",\"@id\":\"https:\\\/\\\/infos-droitshumains.net\\\/?p=2448\",\"url\":\"https:\\\/\\\/infos-droitshumains.net\\\/?p=2448\",\"name\":\"RDC : Le pr\u00e9sident F\u00e9lix Tshisekedi n\u2019a jamais subi une op\u00e9ration du c\u0153ur - Infos Droits Humains\",\"isPartOf\":{\"@id\":\"https:\\\/\\\/infos-droitshumains.net\\\/#website\"},\"primaryImageOfPage\":{\"@id\":\"https:\\\/\\\/infos-droitshumains.net\\\/?p=2448#primaryimage\"},\"image\":{\"@id\":\"https:\\\/\\\/infos-droitshumains.net\\\/?p=2448#primaryimage\"},\"thumbnailUrl\":\"https:\\\/\\\/infos-droitshumains.net\\\/wp-content\\\/uploads\\\/2022\\\/03\\\/Screenshot_20220310-235403_1.jpg\",\"datePublished\":\"2022-03-10T23:38:16+00:00\",\"dateModified\":\"2023-04-06T10:10:29+00:00\",\"breadcrumb\":{\"@id\":\"https:\\\/\\\/infos-droitshumains.net\\\/?p=2448#breadcrumb\"},\"inLanguage\":\"fr-FR\",\"potentialAction\":[{\"@type\":\"ReadAction\",\"target\":[\"https:\\\/\\\/infos-droitshumains.net\\\/?p=2448\"]}]},{\"@type\":\"ImageObject\",\"inLanguage\":\"fr-FR\",\"@id\":\"https:\\\/\\\/infos-droitshumains.net\\\/?p=2448#primaryimage\",\"url\":\"https:\\\/\\\/infos-droitshumains.net\\\/wp-content\\\/uploads\\\/2022\\\/03\\\/Screenshot_20220310-235403_1.jpg\",\"contentUrl\":\"https:\\\/\\\/infos-droitshumains.net\\\/wp-content\\\/uploads\\\/2022\\\/03\\\/Screenshot_20220310-235403_1.jpg\"},{\"@type\":\"BreadcrumbList\",\"@id\":\"https:\\\/\\\/infos-droitshumains.net\\\/?p=2448#breadcrumb\",\"itemListElement\":[{\"@type\":\"ListItem\",\"position\":1,\"name\":\"Accueil\",\"item\":\"https:\\\/\\\/infos-droitshumains.net\\\/\"},{\"@type\":\"ListItem\",\"position\":2,\"name\":\"RDC : Le pr\u00e9sident F\u00e9lix Tshisekedi n\u2019a jamais subi une op\u00e9ration du c\u0153ur\"}]},{\"@type\":\"WebSite\",\"@id\":\"https:\\\/\\\/infos-droitshumains.net\\\/#website\",\"url\":\"https:\\\/\\\/infos-droitshumains.net\\\/\",\"name\":\"Infos Droits Humains\",\"description\":\"S&#039;informer est un droit\",\"publisher\":{\"@id\":\"https:\\\/\\\/infos-droitshumains.net\\\/#organization\"},\"potentialAction\":[{\"@type\":\"SearchAction\",\"target\":{\"@type\":\"EntryPoint\",\"urlTemplate\":\"https:\\\/\\\/infos-droitshumains.net\\\/?s={search_term_string}\"},\"query-input\":{\"@type\":\"PropertyValueSpecification\",\"valueRequired\":true,\"valueName\":\"search_term_string\"}}],\"inLanguage\":\"fr-FR\"},{\"@type\":\"Organization\",\"@id\":\"https:\\\/\\\/infos-droitshumains.net\\\/#organization\",\"name\":\"Infos Droits Humains\",\"url\":\"https:\\\/\\\/infos-droitshumains.net\\\/\",\"logo\":{\"@type\":\"ImageObject\",\"inLanguage\":\"fr-FR\",\"@id\":\"https:\\\/\\\/infos-droitshumains.net\\\/#\\\/schema\\\/logo\\\/image\\\/\",\"url\":\"https:\\\/\\\/i0.wp.com\\\/infos-droitshumains.net\\\/wp-content\\\/uploads\\\/2022\\\/05\\\/Logo.png?fit=333%2C129&ssl=1\",\"contentUrl\":\"https:\\\/\\\/i0.wp.com\\\/infos-droitshumains.net\\\/wp-content\\\/uploads\\\/2022\\\/05\\\/Logo.png?fit=333%2C129&ssl=1\",\"width\":333,\"height\":129,\"caption\":\"Infos Droits Humains\"},\"image\":{\"@id\":\"https:\\\/\\\/infos-droitshumains.net\\\/#\\\/schema\\\/logo\\\/image\\\/\"}},{\"@type\":\"Person\",\"@id\":\"https:\\\/\\\/infos-droitshumains.net\\\/#\\\/schema\\\/person\\\/3dc5e921c3302172e0ed4362f96faab7\",\"name\":\"Jo\u00ebl Diawa\",\"image\":{\"@type\":\"ImageObject\",\"inLanguage\":\"fr-FR\",\"@id\":\"https:\\\/\\\/secure.gravatar.com\\\/avatar\\\/729bea6ff4604c624417803c477363be8e3c7186deaa65713313f9b4b820f41c?s=96&d=mm&r=g\",\"url\":\"https:\\\/\\\/secure.gravatar.com\\\/avatar\\\/729bea6ff4604c624417803c477363be8e3c7186deaa65713313f9b4b820f41c?s=96&d=mm&r=g\",\"contentUrl\":\"https:\\\/\\\/secure.gravatar.com\\\/avatar\\\/729bea6ff4604c624417803c477363be8e3c7186deaa65713313f9b4b820f41c?s=96&d=mm&r=g\",\"caption\":\"Jo\u00ebl Diawa\"},\"sameAs\":[\"https:\\\/\\\/www.infos-droitshumains.net\"],\"url\":\"https:\\\/\\\/infos-droitshumains.net\\\/?author=2\"}]}<\/script>\n<!-- \/ Yoast SEO plugin. -->","yoast_head_json":{"title":"RDC : Le pr\u00e9sident F\u00e9lix Tshisekedi n\u2019a jamais subi une op\u00e9ration du c\u0153ur - Infos Droits Humains","robots":{"index":"index","follow":"follow","max-snippet":"max-snippet:-1","max-image-preview":"max-image-preview:large","max-video-preview":"max-video-preview:-1"},"canonical":"https:\/\/infos-droitshumains.net\/?p=2448","og_locale":"fr_FR","og_type":"article","og_title":"RDC : Le pr\u00e9sident F\u00e9lix Tshisekedi n\u2019a jamais subi une op\u00e9ration du c\u0153ur - Infos Droits Humains","og_description":"R\u00e9daction:+243817406088 \u00abNON. Le Pr\u00e9sident n&rsquo;a subi aucune op\u00e9ration chirurgicale. Il s\u00e9journe en visite strictement priv\u00e9e...","og_url":"https:\/\/infos-droitshumains.net\/?p=2448","og_site_name":"Infos Droits Humains","article_published_time":"2022-03-10T23:38:16+00:00","article_modified_time":"2023-04-06T10:10:29+00:00","og_image":[{"url":"https:\/\/infos-droitshumains.net\/wp-content\/uploads\/2022\/03\/Screenshot_20220310-235403_1.jpg","type":"","width":"","height":""}],"author":"Jo\u00ebl Diawa","twitter_card":"summary_large_image","twitter_misc":{"\u00c9crit par":"Jo\u00ebl Diawa","Dur\u00e9e de lecture estim\u00e9e":"1 minute"},"schema":{"@context":"https:\/\/schema.org","@graph":[{"@type":"Article","@id":"https:\/\/infos-droitshumains.net\/?p=2448#article","isPartOf":{"@id":"https:\/\/infos-droitshumains.net\/?p=2448"},"author":{"name":"Jo\u00ebl Diawa","@id":"https:\/\/infos-droitshumains.net\/#\/schema\/person\/3dc5e921c3302172e0ed4362f96faab7"},"headline":"RDC : Le pr\u00e9sident F\u00e9lix Tshisekedi n\u2019a jamais subi une op\u00e9ration du c\u0153ur","datePublished":"2022-03-10T23:38:16+00:00","dateModified":"2023-04-06T10:10:29+00:00","mainEntityOfPage":{"@id":"https:\/\/infos-droitshumains.net\/?p=2448"},"wordCount":233,"publisher":{"@id":"https:\/\/infos-droitshumains.net\/#organization"},"image":{"@id":"https:\/\/infos-droitshumains.net\/?p=2448#primaryimage"},"thumbnailUrl":"https:\/\/infos-droitshumains.net\/wp-content\/uploads\/2022\/03\/Screenshot_20220310-235403_1.jpg","articleSection":["Politique"],"inLanguage":"fr-FR"},{"@type":"WebPage","@id":"https:\/\/infos-droitshumains.net\/?p=2448","url":"https:\/\/infos-droitshumains.net\/?p=2448","name":"RDC : Le pr\u00e9sident F\u00e9lix Tshisekedi n\u2019a jamais subi une op\u00e9ration du c\u0153ur - Infos Droits Humains","isPartOf":{"@id":"https:\/\/infos-droitshumains.net\/#website"},"primaryImageOfPage":{"@id":"https:\/\/infos-droitshumains.net\/?p=2448#primaryimage"},"image":{"@id":"https:\/\/infos-droitshumains.net\/?p=2448#primaryimage"},"thumbnailUrl":"https:\/\/infos-droitshumains.net\/wp-content\/uploads\/2022\/03\/Screenshot_20220310-235403_1.jpg","datePublished":"2022-03-10T23:38:16+00:00","dateModified":"2023-04-06T10:10:29+00:00","breadcrumb":{"@id":"https:\/\/infos-droitshumains.net\/?p=2448#breadcrumb"},"inLanguage":"fr-FR","potentialAction":[{"@type":"ReadAction","target":["https:\/\/infos-droitshumains.net\/?p=2448"]}]},{"@type":"ImageObject","inLanguage":"fr-FR","@id":"https:\/\/infos-droitshumains.net\/?p=2448#primaryimage","url":"https:\/\/infos-droitshumains.net\/wp-content\/uploads\/2022\/03\/Screenshot_20220310-235403_1.jpg","contentUrl":"https:\/\/infos-droitshumains.net\/wp-content\/uploads\/2022\/03\/Screenshot_20220310-235403_1.jpg"},{"@type":"BreadcrumbList","@id":"https:\/\/infos-droitshumains.net\/?p=2448#breadcrumb","itemListElement":[{"@type":"ListItem","position":1,"name":"Accueil","item":"https:\/\/infos-droitshumains.net\/"},{"@type":"ListItem","position":2,"name":"RDC : Le pr\u00e9sident F\u00e9lix Tshisekedi n\u2019a jamais subi une op\u00e9ration du c\u0153ur"}]},{"@type":"WebSite","@id":"https:\/\/infos-droitshumains.net\/#website","url":"https:\/\/infos-droitshumains.net\/","name":"Infos Droits Humains","description":"S&#039;informer est un droit","publisher":{"@id":"https:\/\/infos-droitshumains.net\/#organization"},"potentialAction":[{"@type":"SearchAction","target":{"@type":"EntryPoint","urlTemplate":"https:\/\/infos-droitshumains.net\/?s={search_term_string}"},"query-input":{"@type":"PropertyValueSpecification","valueRequired":true,"valueName":"search_term_string"}}],"inLanguage":"fr-FR"},{"@type":"Organization","@id":"https:\/\/infos-droitshumains.net\/#organization","name":"Infos Droits Humains","url":"https:\/\/infos-droitshumains.net\/","logo":{"@type":"ImageObject","inLanguage":"fr-FR","@id":"https:\/\/infos-droitshumains.net\/#\/schema\/logo\/image\/","url":"https:\/\/i0.wp.com\/infos-droitshumains.net\/wp-content\/uploads\/2022\/05\/Logo.png?fit=333%2C129&ssl=1","contentUrl":"https:\/\/i0.wp.com\/infos-droitshumains.net\/wp-content\/uploads\/2022\/05\/Logo.png?fit=333%2C129&ssl=1","width":333,"height":129,"caption":"Infos Droits Humains"},"image":{"@id":"https:\/\/infos-droitshumains.net\/#\/schema\/logo\/image\/"}},{"@type":"Person","@id":"https:\/\/infos-droitshumains.net\/#\/schema\/person\/3dc5e921c3302172e0ed4362f96faab7","name":"Jo\u00ebl Diawa","image":{"@type":"ImageObject","inLanguage":"fr-FR","@id":"https:\/\/secure.gravatar.com\/avatar\/729bea6ff4604c624417803c477363be8e3c7186deaa65713313f9b4b820f41c?s=96&d=mm&r=g","url":"https:\/\/secure.gravatar.com\/avatar\/729bea6ff4604c624417803c477363be8e3c7186deaa65713313f9b4b820f41c?s=96&d=mm&r=g","contentUrl":"https:\/\/secure.gravatar.com\/avatar\/729bea6ff4604c624417803c477363be8e3c7186deaa65713313f9b4b820f41c?s=96&d=mm&r=g","caption":"Jo\u00ebl Diawa"},"sameAs":["https:\/\/www.infos-droitshumains.net"],"url":"https:\/\/infos-droitshumains.net\/?author=2"}]}},"featured_image_urls":{"full":"","thumbnail":"","medium":"","medium_large":"","large":"","1536x1536":"","2048x2048":"","covernews-slider-full":"","covernews-slider-center":"","covernews-featured":"","covernews-medium":"","covernews-medium-square":""},"author_info":{"display_name":"Jo\u00ebl Diawa","author_link":"https:\/\/infos-droitshumains.net\/?author=2"},"category_info":"<a href=\"https:\/\/infos-droitshumains.net\/?cat=3\" rel=\"category\">Politique<\/a>","tag_info":"Politique","comment_count":"0","jetpack_featured_media_url":"","jetpack-related-posts":[],"jetpack_sharing_enabled":true,"_links":{"self":[{"href":"https:\/\/infos-droitshumains.net\/index.php?rest_route=\/wp\/v2\/posts\/2448","targetHints":{"allow":["GET"]}}],"collection":[{"href":"https:\/\/infos-droitshumains.net\/index.php?rest_route=\/wp\/v2\/posts"}],"about":[{"href":"https:\/\/infos-droitshumains.net\/index.php?rest_route=\/wp\/v2\/types\/post"}],"author":[{"embeddable":true,"href":"https:\/\/infos-droitshumains.net\/index.php?rest_route=\/wp\/v2\/users\/2"}],"replies":[{"embeddable":true,"href":"https:\/\/infos-droitshumains.net\/index.php?rest_route=%2Fwp%2Fv2%2Fcomments&post=2448"}],"version-history":[{"count":3,"href":"https:\/\/infos-droitshumains.net\/index.php?rest_route=\/wp\/v2\/posts\/2448\/revisions"}],"predecessor-version":[{"id":2452,"href":"https:\/\/infos-droitshumains.net\/index.php?rest_route=\/wp\/v2\/posts\/2448\/revisions\/2452"}],"wp:attachment":[{"href":"https:\/\/infos-droitshumains.net\/index.php?rest_route=%2Fwp%2Fv2%2Fmedia&parent=2448"}],"wp:term":[{"taxonomy":"category","embeddable":true,"href":"https:\/\/infos-droitshumains.net\/index.php?rest_route=%2Fwp%2Fv2%2Fcategories&post=2448"},{"taxonomy":"post_tag","embeddable":true,"href":"https:\/\/infos-droitshumains.net\/index.php?rest_route=%2Fwp%2Fv2%2Ftags&post=2448"}],"curies":[{"name":"wp","href":"https:\/\/api.w.org\/{rel}","templated":true}]}}