{"id":2443,"date":"2022-03-10T14:27:41","date_gmt":"2022-03-10T13:27:41","guid":{"rendered":"https:\/\/infos-droitshumains.net\/?p=2443"},"modified":"2023-04-06T12:10:29","modified_gmt":"2023-04-06T10:10:29","slug":"2443","status":"publish","type":"post","link":"https:\/\/infos-droitshumains.net\/?p=2443","title":{"rendered":"RDC : Lutte contre l\u2019impunit\u00e9 et mise place d\u2019une justice transitionnelle, La ministre Rose Mutombo et les partenaires de la RDC S\u2019investissent pour relever le d\u00e9fi"},"content":{"rendered":"\n<p><strong>R\u00e9daction :+243817406088<\/strong><\/p>\n\n\n\n<p>La ministre d\u2019Etat, ministre de la Justice et Garde des Sceaux, Rose Mutombo Kiese, a re\u00e7u le mercredi 9 mars, deux d\u00e9l\u00e9gations des membres de la F\u00e9d\u00e9ration Internationale pour les Droits Humains, FIDH et la d\u00e9l\u00e9gation de l\u2019\u00e9quipe d\u2019experts internationaux du Haut-Commissariat des Nations unies aux droits de l\u2019homme.<\/p>\n\n\n\n<p>Avec les  membres de la FIDH, les \u00e9changes ont tourn\u00e9s au tour de la lutte contre l\u2019impunit\u00e9. La FIDH pour l\u2019am\u00e9lioration des conditions des magistrats, gage d\u2019un suivi efficace de la lutte contre ce fl\u00e9au.<\/p>\n\n\n\n<p><strong><em>\u00abNous sommes venus rencontrer Mme la ministre d\u2019Etat pour lui exposer la question de la lutte contre l\u2019impunit\u00e9 pour que la RDC puisse prendre des mesures n\u00e9cessaires pour que les proc\u00e9dures soient engag\u00e9es ou que les proc\u00e9dures puissent avancer sur tout l\u2019appareil judiciaire. Que son fonctionnement soit am\u00e9lior\u00e9 par l\u2019am\u00e9lioration des conditions de travail des magistrats et \u00e9galement le recrutement des magistrats\u00bb<\/em><\/strong>, a d\u00e9clar\u00e9 Traor\u00e9 Drissa, secr\u00e9taire g\u00e9n\u00e9ral de la FIDH.<\/p>\n\n\n\n<p>La question li\u00e9e \u00e0 la protection des d\u00e9fenseurs des Droits de l\u2019Homme a \u00e9galement \u00e9t\u00e9 entre Rose Mutombo et les repr\u00e9sentants de la FIDH. Les deux parties ont pass\u00e9 en revue la question de la proposition des lois sur les d\u00e9fenseurs des Droits de l\u2019Homme :<\/p>\n\n\n\n<p><strong><em>\u00abNous avons souhait\u00e9 qu\u2019il y ait l\u2019implication du gouvernement congolais dans le processus l\u00e9gislatif concernant cette proposition de loi. Nous avons exhort\u00e9 madame la ministre et l\u2019ensemble du gouvernement \u00e0 mener une coordination dans le cadre de la justice transitionnelle pour faire en sorte que l\u2019ensemble des acteurs des parties prenantes puissent avoir une bonne coordination afin que l\u2019efficacit\u00e9 au rendez-vous et que les victimes puissent avoir satisfaction. Nous avons re\u00e7u une oreille attentive de la ministre. Nous avons espoir que les choses pourraient \u00e9voluer\u00bb<\/em><\/strong> a-t-il soulign\u00e9.<\/p>\n\n\n\n<p>Quant \u00e0 la d\u00e9l\u00e9gation d\u2019experts internationaux du Haut-Commissariat des Nations unies aux droits de l\u2019homme conduite par son pr\u00e9sident Bacre Waly Ndiaye, il a \u00e9t\u00e9 question de la mise en place du processus de justice transitionnelle<\/p>\n\n\n\n<p><strong><em>\u00abNous sommes venus \u00e0 la rencontre de madame la ministre d\u2019Etat pour voir, conform\u00e9ment au mandat que nous avons au nom du Conseil des droits de l\u2019homme, comment nous pouvons assister la RDC dans la conception et le fonctionnement extr\u00eamement complexes d\u2019un processus de justice transitionnelle dont le pays a fait sa priorit\u00e9 et pour lequel il a demand\u00e9 l\u2019assistance des Nations Unies et en particulier le Haut-commissariat des Nations unies aux droits de l\u2019homme\u00bb<\/em><\/strong> a indiqu\u00e9 le pr\u00e9sident Bacre Waly Ndiaye.<\/p>\n\n\n\n<p>Comme son mandat a \u00e9t\u00e9 \u00e9largi \u00e0 l\u2019ensemble de la RDC l\u2019ann\u00e9e derni\u00e8re, la d\u00e9l\u00e9gation est venue aupr\u00e8s de Rose Mutombo Kiese pour s\u2019impr\u00e9gner des diff\u00e9rentes r\u00e9alit\u00e9s que ce processus devra prendre en compte, y compris comment faire un processus de r\u00e9conciliation, de justice transitionnelle, de pr\u00e9vention de la r\u00e9p\u00e9tition des crimes qui ont \u00e9t\u00e9 commis, des r\u00e9parations et d\u2019assistance aux victimes quand en m\u00eame temps le conflit n\u2019est pas termin\u00e9 et la justice civile n\u2019est plus.<\/p>\n\n\n\n<p><em><strong>\u00abC\u2019est dans ce cadre-l\u00e0 que nous sommes revenus sur la mani\u00e8re de faire face \u00e0 ce d\u00e9fi et discuter avec elle des possibilit\u00e9s de porter notre assistance \u00e0 la RDC. La ministre d\u2019Etat nous a inform\u00e9s des avanc\u00e9es dans la pr\u00e9paration de recrutement de nouveaux magistrats, des avanc\u00e9es dans la requalification des infractions qui permettraient aux juges civils de fonctionner m\u00eame dans les zones qui sont en \u00e9tat de si\u00e8ge. Elle a aussi parl\u00e9 des avanc\u00e9es au niveau des commissions qu\u2019elle est charg\u00e9e de diriger au sein du processus de mise en \u0153uvre de la structure de transition en RDC. Dans tous ces cas-l\u00e0, nous avons \u00e9chang\u00e9 pour voir comment renforcer ce processus qui nous semble absolument cl\u00e9 pour que la RDC brise le cycle des violences. Si ce cycle de violences n\u2019est pas bris\u00e9, les conflits ne vont pas \u00eatre r\u00e9gl\u00e9s et que ce pays ne pourra pas b\u00e9n\u00e9ficier de l\u2019extraordinaire potentiel pour son propre d\u00e9veloppement et pour celui de l\u2019Afrique\u00bb.<\/strong><\/em><\/p>\n\n\n\n<p>En ce qui concerne la RDC,  des commissions justice et v\u00e9rit\u00e9 qui permettent \u00e0 la population de faire \u00e9tat de ses d\u00e9sid\u00e9ratas en mati\u00e8re de consultations, de justice  et qui permettrait au minist\u00e8re de la Justice de mieux cerner les besoins en mati\u00e8re de justice de la population, est en cours d\u2019installation.<\/p>\n\n\n\n<p>Jo\u00ebl Diawa<\/p>\n","protected":false},"excerpt":{"rendered":"<p>R\u00e9daction :+243817406088 La ministre d\u2019Etat, ministre de la Justice et Garde des Sceaux, Rose Mutombo&#8230;<\/p>\n","protected":false},"author":2,"featured_media":0,"comment_status":"closed","ping_status":"open","sticky":false,"template":"","format":"standard","meta":{"_jetpack_memberships_contains_paid_content":false,"footnotes":""},"categories":[7,6],"tags":[],"class_list":["post-2443","post","type-post","status-publish","format-standard","hentry","category-droits-humains","category-justice"],"yoast_head":"<!-- This site is optimized with the Yoast SEO plugin v27.5 - https:\/\/yoast.com\/product\/yoast-seo-wordpress\/ -->\n<title>RDC : Lutte contre l\u2019impunit\u00e9 et mise place d\u2019une justice transitionnelle, La ministre Rose Mutombo et les partenaires de la RDC S\u2019investissent pour relever le d\u00e9fi - Infos Droits Humains<\/title>\n<meta name=\"robots\" content=\"index, follow, max-snippet:-1, max-image-preview:large, max-video-preview:-1\" \/>\n<link rel=\"canonical\" href=\"https:\/\/infos-droitshumains.net\/?p=2443\" \/>\n<meta property=\"og:locale\" content=\"fr_FR\" \/>\n<meta property=\"og:type\" content=\"article\" \/>\n<meta property=\"og:title\" content=\"RDC : Lutte contre l\u2019impunit\u00e9 et mise place d\u2019une justice transitionnelle, La ministre Rose Mutombo et les partenaires de la RDC S\u2019investissent pour relever le d\u00e9fi - Infos Droits Humains\" \/>\n<meta property=\"og:description\" content=\"R\u00e9daction :+243817406088 La ministre d\u2019Etat, ministre de la Justice et Garde des Sceaux, Rose Mutombo...\" \/>\n<meta property=\"og:url\" content=\"https:\/\/infos-droitshumains.net\/?p=2443\" \/>\n<meta property=\"og:site_name\" content=\"Infos Droits Humains\" \/>\n<meta property=\"article:published_time\" content=\"2022-03-10T13:27:41+00:00\" \/>\n<meta property=\"article:modified_time\" content=\"2023-04-06T10:10:29+00:00\" \/>\n<meta name=\"author\" content=\"Jo\u00ebl Diawa\" \/>\n<meta name=\"twitter:card\" content=\"summary_large_image\" \/>\n<meta name=\"twitter:label1\" content=\"\u00c9crit par\" \/>\n\t<meta name=\"twitter:data1\" content=\"Jo\u00ebl Diawa\" \/>\n\t<meta name=\"twitter:label2\" content=\"Dur\u00e9e de lecture estim\u00e9e\" \/>\n\t<meta name=\"twitter:data2\" content=\"4 minutes\" \/>\n<script type=\"application\/ld+json\" class=\"yoast-schema-graph\">{\"@context\":\"https:\\\/\\\/schema.org\",\"@graph\":[{\"@type\":\"Article\",\"@id\":\"https:\\\/\\\/infos-droitshumains.net\\\/?p=2443#article\",\"isPartOf\":{\"@id\":\"https:\\\/\\\/infos-droitshumains.net\\\/?p=2443\"},\"author\":{\"name\":\"Jo\u00ebl Diawa\",\"@id\":\"https:\\\/\\\/infos-droitshumains.net\\\/#\\\/schema\\\/person\\\/3dc5e921c3302172e0ed4362f96faab7\"},\"headline\":\"RDC : Lutte contre l\u2019impunit\u00e9 et mise place d\u2019une justice transitionnelle, La ministre Rose Mutombo et les partenaires de la RDC S\u2019investissent pour relever le d\u00e9fi\",\"datePublished\":\"2022-03-10T13:27:41+00:00\",\"dateModified\":\"2023-04-06T10:10:29+00:00\",\"mainEntityOfPage\":{\"@id\":\"https:\\\/\\\/infos-droitshumains.net\\\/?p=2443\"},\"wordCount\":828,\"publisher\":{\"@id\":\"https:\\\/\\\/infos-droitshumains.net\\\/#organization\"},\"articleSection\":[\"Droits Humains\",\"Justice\"],\"inLanguage\":\"fr-FR\"},{\"@type\":\"WebPage\",\"@id\":\"https:\\\/\\\/infos-droitshumains.net\\\/?p=2443\",\"url\":\"https:\\\/\\\/infos-droitshumains.net\\\/?p=2443\",\"name\":\"RDC : Lutte contre l\u2019impunit\u00e9 et mise place d\u2019une justice transitionnelle, La ministre Rose Mutombo et les partenaires de la RDC S\u2019investissent pour relever le d\u00e9fi - Infos Droits Humains\",\"isPartOf\":{\"@id\":\"https:\\\/\\\/infos-droitshumains.net\\\/#website\"},\"datePublished\":\"2022-03-10T13:27:41+00:00\",\"dateModified\":\"2023-04-06T10:10:29+00:00\",\"breadcrumb\":{\"@id\":\"https:\\\/\\\/infos-droitshumains.net\\\/?p=2443#breadcrumb\"},\"inLanguage\":\"fr-FR\",\"potentialAction\":[{\"@type\":\"ReadAction\",\"target\":[\"https:\\\/\\\/infos-droitshumains.net\\\/?p=2443\"]}]},{\"@type\":\"BreadcrumbList\",\"@id\":\"https:\\\/\\\/infos-droitshumains.net\\\/?p=2443#breadcrumb\",\"itemListElement\":[{\"@type\":\"ListItem\",\"position\":1,\"name\":\"Accueil\",\"item\":\"https:\\\/\\\/infos-droitshumains.net\\\/\"},{\"@type\":\"ListItem\",\"position\":2,\"name\":\"RDC : Lutte contre l\u2019impunit\u00e9 et mise place d\u2019une justice transitionnelle, La ministre Rose Mutombo et les partenaires de la RDC S\u2019investissent pour relever le d\u00e9fi\"}]},{\"@type\":\"WebSite\",\"@id\":\"https:\\\/\\\/infos-droitshumains.net\\\/#website\",\"url\":\"https:\\\/\\\/infos-droitshumains.net\\\/\",\"name\":\"Infos Droits Humains\",\"description\":\"S&#039;informer est un droit\",\"publisher\":{\"@id\":\"https:\\\/\\\/infos-droitshumains.net\\\/#organization\"},\"potentialAction\":[{\"@type\":\"SearchAction\",\"target\":{\"@type\":\"EntryPoint\",\"urlTemplate\":\"https:\\\/\\\/infos-droitshumains.net\\\/?s={search_term_string}\"},\"query-input\":{\"@type\":\"PropertyValueSpecification\",\"valueRequired\":true,\"valueName\":\"search_term_string\"}}],\"inLanguage\":\"fr-FR\"},{\"@type\":\"Organization\",\"@id\":\"https:\\\/\\\/infos-droitshumains.net\\\/#organization\",\"name\":\"Infos Droits Humains\",\"url\":\"https:\\\/\\\/infos-droitshumains.net\\\/\",\"logo\":{\"@type\":\"ImageObject\",\"inLanguage\":\"fr-FR\",\"@id\":\"https:\\\/\\\/infos-droitshumains.net\\\/#\\\/schema\\\/logo\\\/image\\\/\",\"url\":\"https:\\\/\\\/i0.wp.com\\\/infos-droitshumains.net\\\/wp-content\\\/uploads\\\/2022\\\/05\\\/Logo.png?fit=333%2C129&ssl=1\",\"contentUrl\":\"https:\\\/\\\/i0.wp.com\\\/infos-droitshumains.net\\\/wp-content\\\/uploads\\\/2022\\\/05\\\/Logo.png?fit=333%2C129&ssl=1\",\"width\":333,\"height\":129,\"caption\":\"Infos Droits Humains\"},\"image\":{\"@id\":\"https:\\\/\\\/infos-droitshumains.net\\\/#\\\/schema\\\/logo\\\/image\\\/\"}},{\"@type\":\"Person\",\"@id\":\"https:\\\/\\\/infos-droitshumains.net\\\/#\\\/schema\\\/person\\\/3dc5e921c3302172e0ed4362f96faab7\",\"name\":\"Jo\u00ebl Diawa\",\"image\":{\"@type\":\"ImageObject\",\"inLanguage\":\"fr-FR\",\"@id\":\"https:\\\/\\\/secure.gravatar.com\\\/avatar\\\/729bea6ff4604c624417803c477363be8e3c7186deaa65713313f9b4b820f41c?s=96&d=mm&r=g\",\"url\":\"https:\\\/\\\/secure.gravatar.com\\\/avatar\\\/729bea6ff4604c624417803c477363be8e3c7186deaa65713313f9b4b820f41c?s=96&d=mm&r=g\",\"contentUrl\":\"https:\\\/\\\/secure.gravatar.com\\\/avatar\\\/729bea6ff4604c624417803c477363be8e3c7186deaa65713313f9b4b820f41c?s=96&d=mm&r=g\",\"caption\":\"Jo\u00ebl Diawa\"},\"sameAs\":[\"https:\\\/\\\/www.infos-droitshumains.net\"],\"url\":\"https:\\\/\\\/infos-droitshumains.net\\\/?author=2\"}]}<\/script>\n<!-- \/ Yoast SEO plugin. -->","yoast_head_json":{"title":"RDC : Lutte contre l\u2019impunit\u00e9 et mise place d\u2019une justice transitionnelle, La ministre Rose Mutombo et les partenaires de la RDC S\u2019investissent pour relever le d\u00e9fi - Infos Droits Humains","robots":{"index":"index","follow":"follow","max-snippet":"max-snippet:-1","max-image-preview":"max-image-preview:large","max-video-preview":"max-video-preview:-1"},"canonical":"https:\/\/infos-droitshumains.net\/?p=2443","og_locale":"fr_FR","og_type":"article","og_title":"RDC : Lutte contre l\u2019impunit\u00e9 et mise place d\u2019une justice transitionnelle, La ministre Rose Mutombo et les partenaires de la RDC S\u2019investissent pour relever le d\u00e9fi - Infos Droits Humains","og_description":"R\u00e9daction :+243817406088 La ministre d\u2019Etat, ministre de la Justice et Garde des Sceaux, Rose Mutombo...","og_url":"https:\/\/infos-droitshumains.net\/?p=2443","og_site_name":"Infos Droits Humains","article_published_time":"2022-03-10T13:27:41+00:00","article_modified_time":"2023-04-06T10:10:29+00:00","author":"Jo\u00ebl Diawa","twitter_card":"summary_large_image","twitter_misc":{"\u00c9crit par":"Jo\u00ebl Diawa","Dur\u00e9e de lecture estim\u00e9e":"4 minutes"},"schema":{"@context":"https:\/\/schema.org","@graph":[{"@type":"Article","@id":"https:\/\/infos-droitshumains.net\/?p=2443#article","isPartOf":{"@id":"https:\/\/infos-droitshumains.net\/?p=2443"},"author":{"name":"Jo\u00ebl Diawa","@id":"https:\/\/infos-droitshumains.net\/#\/schema\/person\/3dc5e921c3302172e0ed4362f96faab7"},"headline":"RDC : Lutte contre l\u2019impunit\u00e9 et mise place d\u2019une justice transitionnelle, La ministre Rose Mutombo et les partenaires de la RDC S\u2019investissent pour relever le d\u00e9fi","datePublished":"2022-03-10T13:27:41+00:00","dateModified":"2023-04-06T10:10:29+00:00","mainEntityOfPage":{"@id":"https:\/\/infos-droitshumains.net\/?p=2443"},"wordCount":828,"publisher":{"@id":"https:\/\/infos-droitshumains.net\/#organization"},"articleSection":["Droits Humains","Justice"],"inLanguage":"fr-FR"},{"@type":"WebPage","@id":"https:\/\/infos-droitshumains.net\/?p=2443","url":"https:\/\/infos-droitshumains.net\/?p=2443","name":"RDC : Lutte contre l\u2019impunit\u00e9 et mise place d\u2019une justice transitionnelle, La ministre Rose Mutombo et les partenaires de la RDC S\u2019investissent pour relever le d\u00e9fi - Infos Droits Humains","isPartOf":{"@id":"https:\/\/infos-droitshumains.net\/#website"},"datePublished":"2022-03-10T13:27:41+00:00","dateModified":"2023-04-06T10:10:29+00:00","breadcrumb":{"@id":"https:\/\/infos-droitshumains.net\/?p=2443#breadcrumb"},"inLanguage":"fr-FR","potentialAction":[{"@type":"ReadAction","target":["https:\/\/infos-droitshumains.net\/?p=2443"]}]},{"@type":"BreadcrumbList","@id":"https:\/\/infos-droitshumains.net\/?p=2443#breadcrumb","itemListElement":[{"@type":"ListItem","position":1,"name":"Accueil","item":"https:\/\/infos-droitshumains.net\/"},{"@type":"ListItem","position":2,"name":"RDC : Lutte contre l\u2019impunit\u00e9 et mise place d\u2019une justice transitionnelle, La ministre Rose Mutombo et les partenaires de la RDC S\u2019investissent pour relever le d\u00e9fi"}]},{"@type":"WebSite","@id":"https:\/\/infos-droitshumains.net\/#website","url":"https:\/\/infos-droitshumains.net\/","name":"Infos Droits Humains","description":"S&#039;informer est un droit","publisher":{"@id":"https:\/\/infos-droitshumains.net\/#organization"},"potentialAction":[{"@type":"SearchAction","target":{"@type":"EntryPoint","urlTemplate":"https:\/\/infos-droitshumains.net\/?s={search_term_string}"},"query-input":{"@type":"PropertyValueSpecification","valueRequired":true,"valueName":"search_term_string"}}],"inLanguage":"fr-FR"},{"@type":"Organization","@id":"https:\/\/infos-droitshumains.net\/#organization","name":"Infos Droits Humains","url":"https:\/\/infos-droitshumains.net\/","logo":{"@type":"ImageObject","inLanguage":"fr-FR","@id":"https:\/\/infos-droitshumains.net\/#\/schema\/logo\/image\/","url":"https:\/\/i0.wp.com\/infos-droitshumains.net\/wp-content\/uploads\/2022\/05\/Logo.png?fit=333%2C129&ssl=1","contentUrl":"https:\/\/i0.wp.com\/infos-droitshumains.net\/wp-content\/uploads\/2022\/05\/Logo.png?fit=333%2C129&ssl=1","width":333,"height":129,"caption":"Infos Droits Humains"},"image":{"@id":"https:\/\/infos-droitshumains.net\/#\/schema\/logo\/image\/"}},{"@type":"Person","@id":"https:\/\/infos-droitshumains.net\/#\/schema\/person\/3dc5e921c3302172e0ed4362f96faab7","name":"Jo\u00ebl Diawa","image":{"@type":"ImageObject","inLanguage":"fr-FR","@id":"https:\/\/secure.gravatar.com\/avatar\/729bea6ff4604c624417803c477363be8e3c7186deaa65713313f9b4b820f41c?s=96&d=mm&r=g","url":"https:\/\/secure.gravatar.com\/avatar\/729bea6ff4604c624417803c477363be8e3c7186deaa65713313f9b4b820f41c?s=96&d=mm&r=g","contentUrl":"https:\/\/secure.gravatar.com\/avatar\/729bea6ff4604c624417803c477363be8e3c7186deaa65713313f9b4b820f41c?s=96&d=mm&r=g","caption":"Jo\u00ebl Diawa"},"sameAs":["https:\/\/www.infos-droitshumains.net"],"url":"https:\/\/infos-droitshumains.net\/?author=2"}]}},"featured_image_urls":{"full":"","thumbnail":"","medium":"","medium_large":"","large":"","1536x1536":"","2048x2048":"","covernews-slider-full":"","covernews-slider-center":"","covernews-featured":"","covernews-medium":"","covernews-medium-square":""},"author_info":{"display_name":"Jo\u00ebl Diawa","author_link":"https:\/\/infos-droitshumains.net\/?author=2"},"category_info":"<a href=\"https:\/\/infos-droitshumains.net\/?cat=7\" rel=\"category\">Droits Humains<\/a> <a href=\"https:\/\/infos-droitshumains.net\/?cat=6\" rel=\"category\">Justice<\/a>","tag_info":"Justice","comment_count":"0","jetpack_featured_media_url":"","jetpack-related-posts":[],"jetpack_sharing_enabled":true,"_links":{"self":[{"href":"https:\/\/infos-droitshumains.net\/index.php?rest_route=\/wp\/v2\/posts\/2443","targetHints":{"allow":["GET"]}}],"collection":[{"href":"https:\/\/infos-droitshumains.net\/index.php?rest_route=\/wp\/v2\/posts"}],"about":[{"href":"https:\/\/infos-droitshumains.net\/index.php?rest_route=\/wp\/v2\/types\/post"}],"author":[{"embeddable":true,"href":"https:\/\/infos-droitshumains.net\/index.php?rest_route=\/wp\/v2\/users\/2"}],"replies":[{"embeddable":true,"href":"https:\/\/infos-droitshumains.net\/index.php?rest_route=%2Fwp%2Fv2%2Fcomments&post=2443"}],"version-history":[{"count":3,"href":"https:\/\/infos-droitshumains.net\/index.php?rest_route=\/wp\/v2\/posts\/2443\/revisions"}],"predecessor-version":[{"id":2446,"href":"https:\/\/infos-droitshumains.net\/index.php?rest_route=\/wp\/v2\/posts\/2443\/revisions\/2446"}],"wp:attachment":[{"href":"https:\/\/infos-droitshumains.net\/index.php?rest_route=%2Fwp%2Fv2%2Fmedia&parent=2443"}],"wp:term":[{"taxonomy":"category","embeddable":true,"href":"https:\/\/infos-droitshumains.net\/index.php?rest_route=%2Fwp%2Fv2%2Fcategories&post=2443"},{"taxonomy":"post_tag","embeddable":true,"href":"https:\/\/infos-droitshumains.net\/index.php?rest_route=%2Fwp%2Fv2%2Ftags&post=2443"}],"curies":[{"name":"wp","href":"https:\/\/api.w.org\/{rel}","templated":true}]}}