{"id":2393,"date":"2022-03-09T00:35:18","date_gmt":"2022-03-08T23:35:18","guid":{"rendered":"https:\/\/infos-droitshumains.net\/?p=2393"},"modified":"2023-04-06T12:10:29","modified_gmt":"2023-04-06T10:10:29","slug":"journee-du-8-mars-me-arlette-odia-invite-la-jeunesse-feminine-a-redonner-du-contenu-a-cette-celebration","status":"publish","type":"post","link":"https:\/\/infos-droitshumains.net\/?p=2393","title":{"rendered":"Journ\u00e9e du 8 mars : Me. Arlette Odia invite la jeunesse f\u00e9minine a redonner du contenu \u00e0 cette c\u00e9l\u00e9bration"},"content":{"rendered":"\n<p><strong>R\u00e9daction :+243817406088<\/strong><\/p>\n\n\n\n<p>La journ\u00e9e internationale des droits des femmes a \u00e9t\u00e9 c\u00e9l\u00e9br\u00e9 ce mardi 8 mars sous le th\u00e8me : \u00abL\u2019\u00e9galit\u00e9 aujourd&rsquo;hui pour un avenir durable\u00bb.<\/p>\n\n\n\n<p>En R\u00e9publique D\u00e9mocratique du Congo, le gouvernement a choisi le th\u00e8me : \u00abL\u2019autonomisation des femmes et filles dans le contexte de lutte contre le changement climatique et la r\u00e9duction des risques des catastrophes\u00bb pour c\u00e9l\u00e9brer cette journ\u00e9e.<\/p>\n\n\n\n<p>\u00c9tant donn\u00e9 que cette journ\u00e9e a \u00e9t\u00e9 quelque fois vid\u00e9 de sa substance, une question s\u2019est toujours pos\u00e9 avec acuit\u00e9. Est-il encore opportun de c\u00e9l\u00e9brer cette journ\u00e9e en RDC ?<\/p>\n\n\n\n<p>C\u2019est justement au tour de cette question pr\u00e9occupante que s&rsquo;est articul\u00e9 expos\u00e9 de Ma\u00eetre Arlette Odia Kashama, invit\u00e9 ce mardi 8 mars \u00e0 f\u00eater cette journ\u00e9e avec la jeunesse estudiantine de  Universit\u00e9 William Booth. Pour la pr\u00e9sidente ex\u00e9cutive du Collectif pour le D\u00e9veloppement et  l\u2019Unit\u00e9 du Congo, CDUC, \u00e7a vaut encore la peine de c\u00e9l\u00e9brer cette journ\u00e9e, mais tout en la donnant un contenu beaucoup plus intellectuel :<\/p>\n\n\n\n<p><em><strong>\u00abIl y a une certaine opinion qui pense que le journ\u00e9e du 8 mars a \u00e9t\u00e9 vid\u00e9e de son contenu parce-que la femme s&rsquo;adonne plus aux activit\u00e9s qui lui d\u00e9shonore plut\u00f4t que des activit\u00e9s de r\u00e9flexion en vu du leadership f\u00e9minin. Nous avons fait le constat que tout est parti de la mani\u00e8re dont cette journ\u00e9e a \u00e9t\u00e9 vendue \u00e0 l&rsquo;opinion. D\u00e8s son entame, elle \u00e9tait synonyme du port des pannes, synonyme des f\u00eates. Ce mauvais d\u00e9part a fait que, l\u2019opinion a eu une mauvaise appr\u00e9hension de la journ\u00e9e du 8 mars au point que les gens ont commenc\u00e9 \u00e0 penser que comme cette journ\u00e9e \u00e9tait devenue d\u00e9pourvue  de son contenu, on devait arr\u00eater de la c\u00e9l\u00e9brer, mais nous nous avons sensibilis\u00e9 la jeunesse de l&rsquo;Universit\u00e9 William Booth pour la dire qu&rsquo;il faut continuer \u00e0 la c\u00e9l\u00e9brer,  mais correctement car il y a encore beaucoup des d\u00e9fis \u00e0 relever\u00bb.<\/strong><\/em><\/p>\n\n\n\n<p>Pour r\u00e9ussir ce pari, Ma\u00eetre Arlette Odia invite l\u2019\u00c9tat congolais \u00e0 \u00eatre un acteur beaucoup plus actif :<\/p>\n\n\n\n<p><strong><em>\u00abPour la promotion de la femme et le leadership f\u00e9minin, il faut essentiellement la participation de l&rsquo;\u00c9tat. Ce dernier doit favoriser l&rsquo;\u00e9mergence de la femme, doit favoriser un environnement qui facilite le d\u00e9veloppement de tous les citoyens et de la femme en particulier\u00bb.<\/em><\/strong><\/p>\n\n\n\n<p>Les d\u00e9fis sont \u00e9normes, mais cette juriste de formation invite la femme elle-m\u00eame, \u00e0 consentir plus d\u2019efforts pour y parvenir :<\/p>\n\n\n\n<p><strong><em>\u00abChaque femme doit savoir se donner un objectif, un r\u00eave pour sa vie et de donner des moyens pour r\u00e9aliser ce r\u00eave\u00bb<\/em><\/strong> a-t-elle conclu.<\/p>\n\n\n\n<p>Jo\u00ebl Diawa<\/p>\n","protected":false},"excerpt":{"rendered":"<p>R\u00e9daction :+243817406088 La journ\u00e9e internationale des droits des femmes a \u00e9t\u00e9 c\u00e9l\u00e9br\u00e9 ce mardi 8&#8230;<\/p>\n","protected":false},"author":2,"featured_media":0,"comment_status":"closed","ping_status":"open","sticky":false,"template":"","format":"standard","meta":{"_jetpack_memberships_contains_paid_content":false,"footnotes":""},"categories":[8],"tags":[],"class_list":["post-2393","post","type-post","status-publish","format-standard","hentry","category-societe"],"yoast_head":"<!-- This site is optimized with the Yoast SEO plugin v27.5 - https:\/\/yoast.com\/product\/yoast-seo-wordpress\/ -->\n<title>Journ\u00e9e du 8 mars : Me. Arlette Odia invite la jeunesse f\u00e9minine a redonner du contenu \u00e0 cette c\u00e9l\u00e9bration - Infos Droits Humains<\/title>\n<meta name=\"robots\" content=\"index, follow, max-snippet:-1, max-image-preview:large, max-video-preview:-1\" \/>\n<link rel=\"canonical\" href=\"https:\/\/infos-droitshumains.net\/?p=2393\" \/>\n<meta property=\"og:locale\" content=\"fr_FR\" \/>\n<meta property=\"og:type\" content=\"article\" \/>\n<meta property=\"og:title\" content=\"Journ\u00e9e du 8 mars : Me. Arlette Odia invite la jeunesse f\u00e9minine a redonner du contenu \u00e0 cette c\u00e9l\u00e9bration - Infos Droits Humains\" \/>\n<meta property=\"og:description\" content=\"R\u00e9daction :+243817406088 La journ\u00e9e internationale des droits des femmes a \u00e9t\u00e9 c\u00e9l\u00e9br\u00e9 ce mardi 8...\" \/>\n<meta property=\"og:url\" content=\"https:\/\/infos-droitshumains.net\/?p=2393\" \/>\n<meta property=\"og:site_name\" content=\"Infos Droits Humains\" \/>\n<meta property=\"article:published_time\" content=\"2022-03-08T23:35:18+00:00\" \/>\n<meta property=\"article:modified_time\" content=\"2023-04-06T10:10:29+00:00\" \/>\n<meta name=\"author\" content=\"Jo\u00ebl Diawa\" \/>\n<meta name=\"twitter:card\" content=\"summary_large_image\" \/>\n<meta name=\"twitter:label1\" content=\"\u00c9crit par\" \/>\n\t<meta name=\"twitter:data1\" content=\"Jo\u00ebl Diawa\" \/>\n\t<meta name=\"twitter:label2\" content=\"Dur\u00e9e de lecture estim\u00e9e\" \/>\n\t<meta name=\"twitter:data2\" content=\"2 minutes\" \/>\n<script type=\"application\/ld+json\" class=\"yoast-schema-graph\">{\"@context\":\"https:\\\/\\\/schema.org\",\"@graph\":[{\"@type\":\"Article\",\"@id\":\"https:\\\/\\\/infos-droitshumains.net\\\/?p=2393#article\",\"isPartOf\":{\"@id\":\"https:\\\/\\\/infos-droitshumains.net\\\/?p=2393\"},\"author\":{\"name\":\"Jo\u00ebl Diawa\",\"@id\":\"https:\\\/\\\/infos-droitshumains.net\\\/#\\\/schema\\\/person\\\/3dc5e921c3302172e0ed4362f96faab7\"},\"headline\":\"Journ\u00e9e du 8 mars : Me. Arlette Odia invite la jeunesse f\u00e9minine a redonner du contenu \u00e0 cette c\u00e9l\u00e9bration\",\"datePublished\":\"2022-03-08T23:35:18+00:00\",\"dateModified\":\"2023-04-06T10:10:29+00:00\",\"mainEntityOfPage\":{\"@id\":\"https:\\\/\\\/infos-droitshumains.net\\\/?p=2393\"},\"wordCount\":489,\"publisher\":{\"@id\":\"https:\\\/\\\/infos-droitshumains.net\\\/#organization\"},\"articleSection\":[\"Soci\u00e9t\u00e9\"],\"inLanguage\":\"fr-FR\"},{\"@type\":\"WebPage\",\"@id\":\"https:\\\/\\\/infos-droitshumains.net\\\/?p=2393\",\"url\":\"https:\\\/\\\/infos-droitshumains.net\\\/?p=2393\",\"name\":\"Journ\u00e9e du 8 mars : Me. Arlette Odia invite la jeunesse f\u00e9minine a redonner du contenu \u00e0 cette c\u00e9l\u00e9bration - Infos Droits Humains\",\"isPartOf\":{\"@id\":\"https:\\\/\\\/infos-droitshumains.net\\\/#website\"},\"datePublished\":\"2022-03-08T23:35:18+00:00\",\"dateModified\":\"2023-04-06T10:10:29+00:00\",\"breadcrumb\":{\"@id\":\"https:\\\/\\\/infos-droitshumains.net\\\/?p=2393#breadcrumb\"},\"inLanguage\":\"fr-FR\",\"potentialAction\":[{\"@type\":\"ReadAction\",\"target\":[\"https:\\\/\\\/infos-droitshumains.net\\\/?p=2393\"]}]},{\"@type\":\"BreadcrumbList\",\"@id\":\"https:\\\/\\\/infos-droitshumains.net\\\/?p=2393#breadcrumb\",\"itemListElement\":[{\"@type\":\"ListItem\",\"position\":1,\"name\":\"Accueil\",\"item\":\"https:\\\/\\\/infos-droitshumains.net\\\/\"},{\"@type\":\"ListItem\",\"position\":2,\"name\":\"Journ\u00e9e du 8 mars : Me. Arlette Odia invite la jeunesse f\u00e9minine a redonner du contenu \u00e0 cette c\u00e9l\u00e9bration\"}]},{\"@type\":\"WebSite\",\"@id\":\"https:\\\/\\\/infos-droitshumains.net\\\/#website\",\"url\":\"https:\\\/\\\/infos-droitshumains.net\\\/\",\"name\":\"Infos Droits Humains\",\"description\":\"S&#039;informer est un droit\",\"publisher\":{\"@id\":\"https:\\\/\\\/infos-droitshumains.net\\\/#organization\"},\"potentialAction\":[{\"@type\":\"SearchAction\",\"target\":{\"@type\":\"EntryPoint\",\"urlTemplate\":\"https:\\\/\\\/infos-droitshumains.net\\\/?s={search_term_string}\"},\"query-input\":{\"@type\":\"PropertyValueSpecification\",\"valueRequired\":true,\"valueName\":\"search_term_string\"}}],\"inLanguage\":\"fr-FR\"},{\"@type\":\"Organization\",\"@id\":\"https:\\\/\\\/infos-droitshumains.net\\\/#organization\",\"name\":\"Infos Droits Humains\",\"url\":\"https:\\\/\\\/infos-droitshumains.net\\\/\",\"logo\":{\"@type\":\"ImageObject\",\"inLanguage\":\"fr-FR\",\"@id\":\"https:\\\/\\\/infos-droitshumains.net\\\/#\\\/schema\\\/logo\\\/image\\\/\",\"url\":\"https:\\\/\\\/i0.wp.com\\\/infos-droitshumains.net\\\/wp-content\\\/uploads\\\/2022\\\/05\\\/Logo.png?fit=333%2C129&ssl=1\",\"contentUrl\":\"https:\\\/\\\/i0.wp.com\\\/infos-droitshumains.net\\\/wp-content\\\/uploads\\\/2022\\\/05\\\/Logo.png?fit=333%2C129&ssl=1\",\"width\":333,\"height\":129,\"caption\":\"Infos Droits Humains\"},\"image\":{\"@id\":\"https:\\\/\\\/infos-droitshumains.net\\\/#\\\/schema\\\/logo\\\/image\\\/\"}},{\"@type\":\"Person\",\"@id\":\"https:\\\/\\\/infos-droitshumains.net\\\/#\\\/schema\\\/person\\\/3dc5e921c3302172e0ed4362f96faab7\",\"name\":\"Jo\u00ebl Diawa\",\"image\":{\"@type\":\"ImageObject\",\"inLanguage\":\"fr-FR\",\"@id\":\"https:\\\/\\\/secure.gravatar.com\\\/avatar\\\/729bea6ff4604c624417803c477363be8e3c7186deaa65713313f9b4b820f41c?s=96&d=mm&r=g\",\"url\":\"https:\\\/\\\/secure.gravatar.com\\\/avatar\\\/729bea6ff4604c624417803c477363be8e3c7186deaa65713313f9b4b820f41c?s=96&d=mm&r=g\",\"contentUrl\":\"https:\\\/\\\/secure.gravatar.com\\\/avatar\\\/729bea6ff4604c624417803c477363be8e3c7186deaa65713313f9b4b820f41c?s=96&d=mm&r=g\",\"caption\":\"Jo\u00ebl Diawa\"},\"sameAs\":[\"https:\\\/\\\/www.infos-droitshumains.net\"],\"url\":\"https:\\\/\\\/infos-droitshumains.net\\\/?author=2\"}]}<\/script>\n<!-- \/ Yoast SEO plugin. -->","yoast_head_json":{"title":"Journ\u00e9e du 8 mars : Me. Arlette Odia invite la jeunesse f\u00e9minine a redonner du contenu \u00e0 cette c\u00e9l\u00e9bration - Infos Droits Humains","robots":{"index":"index","follow":"follow","max-snippet":"max-snippet:-1","max-image-preview":"max-image-preview:large","max-video-preview":"max-video-preview:-1"},"canonical":"https:\/\/infos-droitshumains.net\/?p=2393","og_locale":"fr_FR","og_type":"article","og_title":"Journ\u00e9e du 8 mars : Me. Arlette Odia invite la jeunesse f\u00e9minine a redonner du contenu \u00e0 cette c\u00e9l\u00e9bration - Infos Droits Humains","og_description":"R\u00e9daction :+243817406088 La journ\u00e9e internationale des droits des femmes a \u00e9t\u00e9 c\u00e9l\u00e9br\u00e9 ce mardi 8...","og_url":"https:\/\/infos-droitshumains.net\/?p=2393","og_site_name":"Infos Droits Humains","article_published_time":"2022-03-08T23:35:18+00:00","article_modified_time":"2023-04-06T10:10:29+00:00","author":"Jo\u00ebl Diawa","twitter_card":"summary_large_image","twitter_misc":{"\u00c9crit par":"Jo\u00ebl Diawa","Dur\u00e9e de lecture estim\u00e9e":"2 minutes"},"schema":{"@context":"https:\/\/schema.org","@graph":[{"@type":"Article","@id":"https:\/\/infos-droitshumains.net\/?p=2393#article","isPartOf":{"@id":"https:\/\/infos-droitshumains.net\/?p=2393"},"author":{"name":"Jo\u00ebl Diawa","@id":"https:\/\/infos-droitshumains.net\/#\/schema\/person\/3dc5e921c3302172e0ed4362f96faab7"},"headline":"Journ\u00e9e du 8 mars : Me. Arlette Odia invite la jeunesse f\u00e9minine a redonner du contenu \u00e0 cette c\u00e9l\u00e9bration","datePublished":"2022-03-08T23:35:18+00:00","dateModified":"2023-04-06T10:10:29+00:00","mainEntityOfPage":{"@id":"https:\/\/infos-droitshumains.net\/?p=2393"},"wordCount":489,"publisher":{"@id":"https:\/\/infos-droitshumains.net\/#organization"},"articleSection":["Soci\u00e9t\u00e9"],"inLanguage":"fr-FR"},{"@type":"WebPage","@id":"https:\/\/infos-droitshumains.net\/?p=2393","url":"https:\/\/infos-droitshumains.net\/?p=2393","name":"Journ\u00e9e du 8 mars : Me. Arlette Odia invite la jeunesse f\u00e9minine a redonner du contenu \u00e0 cette c\u00e9l\u00e9bration - Infos Droits Humains","isPartOf":{"@id":"https:\/\/infos-droitshumains.net\/#website"},"datePublished":"2022-03-08T23:35:18+00:00","dateModified":"2023-04-06T10:10:29+00:00","breadcrumb":{"@id":"https:\/\/infos-droitshumains.net\/?p=2393#breadcrumb"},"inLanguage":"fr-FR","potentialAction":[{"@type":"ReadAction","target":["https:\/\/infos-droitshumains.net\/?p=2393"]}]},{"@type":"BreadcrumbList","@id":"https:\/\/infos-droitshumains.net\/?p=2393#breadcrumb","itemListElement":[{"@type":"ListItem","position":1,"name":"Accueil","item":"https:\/\/infos-droitshumains.net\/"},{"@type":"ListItem","position":2,"name":"Journ\u00e9e du 8 mars : Me. Arlette Odia invite la jeunesse f\u00e9minine a redonner du contenu \u00e0 cette c\u00e9l\u00e9bration"}]},{"@type":"WebSite","@id":"https:\/\/infos-droitshumains.net\/#website","url":"https:\/\/infos-droitshumains.net\/","name":"Infos Droits Humains","description":"S&#039;informer est un droit","publisher":{"@id":"https:\/\/infos-droitshumains.net\/#organization"},"potentialAction":[{"@type":"SearchAction","target":{"@type":"EntryPoint","urlTemplate":"https:\/\/infos-droitshumains.net\/?s={search_term_string}"},"query-input":{"@type":"PropertyValueSpecification","valueRequired":true,"valueName":"search_term_string"}}],"inLanguage":"fr-FR"},{"@type":"Organization","@id":"https:\/\/infos-droitshumains.net\/#organization","name":"Infos Droits Humains","url":"https:\/\/infos-droitshumains.net\/","logo":{"@type":"ImageObject","inLanguage":"fr-FR","@id":"https:\/\/infos-droitshumains.net\/#\/schema\/logo\/image\/","url":"https:\/\/i0.wp.com\/infos-droitshumains.net\/wp-content\/uploads\/2022\/05\/Logo.png?fit=333%2C129&ssl=1","contentUrl":"https:\/\/i0.wp.com\/infos-droitshumains.net\/wp-content\/uploads\/2022\/05\/Logo.png?fit=333%2C129&ssl=1","width":333,"height":129,"caption":"Infos Droits Humains"},"image":{"@id":"https:\/\/infos-droitshumains.net\/#\/schema\/logo\/image\/"}},{"@type":"Person","@id":"https:\/\/infos-droitshumains.net\/#\/schema\/person\/3dc5e921c3302172e0ed4362f96faab7","name":"Jo\u00ebl Diawa","image":{"@type":"ImageObject","inLanguage":"fr-FR","@id":"https:\/\/secure.gravatar.com\/avatar\/729bea6ff4604c624417803c477363be8e3c7186deaa65713313f9b4b820f41c?s=96&d=mm&r=g","url":"https:\/\/secure.gravatar.com\/avatar\/729bea6ff4604c624417803c477363be8e3c7186deaa65713313f9b4b820f41c?s=96&d=mm&r=g","contentUrl":"https:\/\/secure.gravatar.com\/avatar\/729bea6ff4604c624417803c477363be8e3c7186deaa65713313f9b4b820f41c?s=96&d=mm&r=g","caption":"Jo\u00ebl Diawa"},"sameAs":["https:\/\/www.infos-droitshumains.net"],"url":"https:\/\/infos-droitshumains.net\/?author=2"}]}},"featured_image_urls":{"full":"","thumbnail":"","medium":"","medium_large":"","large":"","1536x1536":"","2048x2048":"","covernews-slider-full":"","covernews-slider-center":"","covernews-featured":"","covernews-medium":"","covernews-medium-square":""},"author_info":{"display_name":"Jo\u00ebl Diawa","author_link":"https:\/\/infos-droitshumains.net\/?author=2"},"category_info":"<a href=\"https:\/\/infos-droitshumains.net\/?cat=8\" rel=\"category\">Soci\u00e9t\u00e9<\/a>","tag_info":"Soci\u00e9t\u00e9","comment_count":"0","jetpack_featured_media_url":"","jetpack-related-posts":[],"jetpack_sharing_enabled":true,"_links":{"self":[{"href":"https:\/\/infos-droitshumains.net\/index.php?rest_route=\/wp\/v2\/posts\/2393","targetHints":{"allow":["GET"]}}],"collection":[{"href":"https:\/\/infos-droitshumains.net\/index.php?rest_route=\/wp\/v2\/posts"}],"about":[{"href":"https:\/\/infos-droitshumains.net\/index.php?rest_route=\/wp\/v2\/types\/post"}],"author":[{"embeddable":true,"href":"https:\/\/infos-droitshumains.net\/index.php?rest_route=\/wp\/v2\/users\/2"}],"replies":[{"embeddable":true,"href":"https:\/\/infos-droitshumains.net\/index.php?rest_route=%2Fwp%2Fv2%2Fcomments&post=2393"}],"version-history":[{"count":4,"href":"https:\/\/infos-droitshumains.net\/index.php?rest_route=\/wp\/v2\/posts\/2393\/revisions"}],"predecessor-version":[{"id":2398,"href":"https:\/\/infos-droitshumains.net\/index.php?rest_route=\/wp\/v2\/posts\/2393\/revisions\/2398"}],"wp:attachment":[{"href":"https:\/\/infos-droitshumains.net\/index.php?rest_route=%2Fwp%2Fv2%2Fmedia&parent=2393"}],"wp:term":[{"taxonomy":"category","embeddable":true,"href":"https:\/\/infos-droitshumains.net\/index.php?rest_route=%2Fwp%2Fv2%2Fcategories&post=2393"},{"taxonomy":"post_tag","embeddable":true,"href":"https:\/\/infos-droitshumains.net\/index.php?rest_route=%2Fwp%2Fv2%2Ftags&post=2393"}],"curies":[{"name":"wp","href":"https:\/\/api.w.org\/{rel}","templated":true}]}}