{"id":237,"date":"2021-04-12T18:17:19","date_gmt":"2021-04-12T16:17:19","guid":{"rendered":"https:\/\/www.infos-droitshumains.net\/?p=237"},"modified":"2021-04-12T18:17:22","modified_gmt":"2021-04-12T16:17:22","slug":"le-synamac-se-felicite-de-la-reprise-du-nom-de-sylvie-lulua-de-la-cour-dappel-de-goma-sur-la-liste-des-candidats-delegues-au-conseil-superieur-de-la-magistrature","status":"publish","type":"post","link":"https:\/\/infos-droitshumains.net\/?p=237","title":{"rendered":"Le SYNAMAC se f\u00e9licite de la reprise du nom de Sylvie LULUA de la cour d&rsquo;appel de Goma sur la liste des candidats d\u00e9l\u00e9gu\u00e9s au conseil sup\u00e9rieur de la magistrature"},"content":{"rendered":"\n<p><\/p>\n\n\n\n<p>Le bureau du Conseil Sup\u00e9rieur de la Magistrature mise en place au Nord-Kivu pour la r\u00e9ception des candidatures des d\u00e9l\u00e9gu\u00e9s provinciaux avait \u00e9cart\u00e9 le nom de Sylvie Lulua de la liste des pr\u00e9tendants. D\u2019apr\u00e8s les informations recoup\u00e9es par la r\u00e9daction de info-droitshumains.net; Sylvie Lulua qui est \u00e9galement secr\u00e9taire provinciale du SYNAMAC\/Goma, \u00e9tait \u00e9cart\u00e9e pour indignit\u00e9 et indiscipline.<\/p>\n\n\n\n<p>Le Synamac s\u2019\u00e9tait inscrit  en faux contre cette d\u00e9cision. A en croire Edmond Isofa Nkanga, Pr\u00e9sident ex\u00e9cutif national  du Synamac qui disait avoir appris avec indignation cette d\u00e9cision, Sylvie Lulua a \u00e9t\u00e9 \u00ab \u00e9cart\u00e9e injustement sans qu\u2019elle ait \u00e9t\u00e9 condamn\u00e9e en disciplinaire ou au p\u00e9nal pour un quelconque fait. \u00bb \u00ab Je d\u00e9nonce  ces pratiques d\u2019une certaine \u00e9poque r\u00e9volue \u00bb avait-il poursuivi.<\/p>\n\n\n\n<p>\u00ab On ne traite pas une femme, surcro\u00eet magistrat, d\u2019indigne sans action disciplinaire sinon c\u2019est de l\u2019insulte et surtout un manque de consid\u00e9ration. Je demande donc au bureau mis en place pour ce faire de revenir sur cette injustice \u00e0 moins qu\u2019on nous prouve l\u2019existence d\u2019une d\u00e9cision ayant acquis l\u2019autorit\u00e9 de la chose jug\u00e9e prononc\u00e9e contre elle. Aussi, au premier pr\u00e9sident de la cour d&rsquo;appel en sa qualit\u00e9 de repr\u00e9sentant du bureau du Conseil Sup\u00e9rieur de la Magistrature en province, son implication pour la paix sociale. \u00bb<\/p>\n\n\n\n<p>Edmond Isofa avait alors assimil\u00e9 ce traitement \u00e0 un manque de consid\u00e9ration et avait invit\u00e9 le bureau mis en place \u00e0 r\u00e9parer cette injustice qu\u2019avait subi Sylvie Lulua.<\/p>\n\n\n\n<p>Le comit\u00e9 local du CSM n\u2019a pas fait sourde oreille \u00e0 appel d\u2019Edmond Isofa. D\u2019apr\u00e8s les informations de derni\u00e8res minutes, nous avons appris que le nom de Sylvie Lulua avait \u00e9t\u00e9 repris sur la liste des candidats. C\u2019est sans nul doute gr\u00e2ce \u00e0 l\u2019engagement et l\u2019implication du pr\u00e9sident de la SYNAMAC que cette injustice a \u00e9t\u00e9 r\u00e9par\u00e9e.<\/p>\n\n\n\n<p>Le combat pour l\u2019am\u00e9lioration des conditions socio-professionnelles des magistrats  doit commencer au Conseil Sup\u00e9rieur de la Magistrature, en suite, a l\u2019assembl\u00e9e g\u00e9n\u00e9rale, organe d\u2019\u00e9laboration du budget et du contr\u00f4le des autres structures. Et le combat syndical doit se fonder sur la r\u00e9alisation ou    la mise en application de ce budget. Le combat de la recherche des cr\u00e9dits men\u00e9 chaque ann\u00e9e apr\u00e8s le vote du budget doit cesser afin de s\u2019orienter plut\u00f4t pour la mise en \u0153uvre des cr\u00e9dits.<\/p>\n","protected":false},"excerpt":{"rendered":"<p>Le bureau du Conseil Sup\u00e9rieur de la Magistrature mise en place au Nord-Kivu pour la&#8230;<\/p>\n","protected":false},"author":1,"featured_media":0,"comment_status":"open","ping_status":"open","sticky":false,"template":"","format":"standard","meta":{"_jetpack_memberships_contains_paid_content":false,"footnotes":""},"categories":[],"tags":[],"class_list":["post-237","post","type-post","status-publish","format-standard","hentry"],"yoast_head":"<!-- This site is optimized with the Yoast SEO plugin v27.5 - https:\/\/yoast.com\/product\/yoast-seo-wordpress\/ -->\n<title>Le SYNAMAC se f\u00e9licite de la reprise du nom de Sylvie LULUA de la cour d&#039;appel de Goma sur la liste des candidats d\u00e9l\u00e9gu\u00e9s au conseil sup\u00e9rieur de la magistrature - Infos Droits Humains<\/title>\n<meta name=\"robots\" content=\"index, follow, max-snippet:-1, max-image-preview:large, max-video-preview:-1\" \/>\n<link rel=\"canonical\" href=\"https:\/\/infos-droitshumains.net\/?p=237\" \/>\n<meta property=\"og:locale\" content=\"fr_FR\" \/>\n<meta property=\"og:type\" content=\"article\" \/>\n<meta property=\"og:title\" content=\"Le SYNAMAC se f\u00e9licite de la reprise du nom de Sylvie LULUA de la cour d&#039;appel de Goma sur la liste des candidats d\u00e9l\u00e9gu\u00e9s au conseil sup\u00e9rieur de la magistrature - Infos Droits Humains\" \/>\n<meta property=\"og:description\" content=\"Le bureau du Conseil Sup\u00e9rieur de la Magistrature mise en place au Nord-Kivu pour la...\" \/>\n<meta property=\"og:url\" content=\"https:\/\/infos-droitshumains.net\/?p=237\" \/>\n<meta property=\"og:site_name\" content=\"Infos Droits Humains\" \/>\n<meta property=\"article:published_time\" content=\"2021-04-12T16:17:19+00:00\" \/>\n<meta property=\"article:modified_time\" content=\"2021-04-12T16:17:22+00:00\" \/>\n<meta name=\"author\" content=\"dandjes\" \/>\n<meta name=\"twitter:card\" content=\"summary_large_image\" \/>\n<meta name=\"twitter:label1\" content=\"\u00c9crit par\" \/>\n\t<meta name=\"twitter:data1\" content=\"dandjes\" \/>\n\t<meta name=\"twitter:label2\" content=\"Dur\u00e9e de lecture estim\u00e9e\" \/>\n\t<meta name=\"twitter:data2\" content=\"2 minutes\" \/>\n<script type=\"application\/ld+json\" class=\"yoast-schema-graph\">{\"@context\":\"https:\\\/\\\/schema.org\",\"@graph\":[{\"@type\":\"Article\",\"@id\":\"https:\\\/\\\/infos-droitshumains.net\\\/?p=237#article\",\"isPartOf\":{\"@id\":\"https:\\\/\\\/infos-droitshumains.net\\\/?p=237\"},\"author\":{\"name\":\"dandjes\",\"@id\":\"https:\\\/\\\/infos-droitshumains.net\\\/#\\\/schema\\\/person\\\/c687b2d67ece0bad81e0ca5316cf434f\"},\"headline\":\"Le SYNAMAC se f\u00e9licite de la reprise du nom de Sylvie LULUA de la cour d&rsquo;appel de Goma sur la liste des candidats d\u00e9l\u00e9gu\u00e9s au conseil sup\u00e9rieur de la magistrature\",\"datePublished\":\"2021-04-12T16:17:19+00:00\",\"dateModified\":\"2021-04-12T16:17:22+00:00\",\"mainEntityOfPage\":{\"@id\":\"https:\\\/\\\/infos-droitshumains.net\\\/?p=237\"},\"wordCount\":465,\"commentCount\":0,\"publisher\":{\"@id\":\"https:\\\/\\\/infos-droitshumains.net\\\/#organization\"},\"inLanguage\":\"fr-FR\",\"potentialAction\":[{\"@type\":\"CommentAction\",\"name\":\"Comment\",\"target\":[\"https:\\\/\\\/infos-droitshumains.net\\\/?p=237#respond\"]}]},{\"@type\":\"WebPage\",\"@id\":\"https:\\\/\\\/infos-droitshumains.net\\\/?p=237\",\"url\":\"https:\\\/\\\/infos-droitshumains.net\\\/?p=237\",\"name\":\"Le SYNAMAC se f\u00e9licite de la reprise du nom de Sylvie LULUA de la cour d'appel de Goma sur la liste des candidats d\u00e9l\u00e9gu\u00e9s au conseil sup\u00e9rieur de la magistrature - Infos Droits Humains\",\"isPartOf\":{\"@id\":\"https:\\\/\\\/infos-droitshumains.net\\\/#website\"},\"datePublished\":\"2021-04-12T16:17:19+00:00\",\"dateModified\":\"2021-04-12T16:17:22+00:00\",\"breadcrumb\":{\"@id\":\"https:\\\/\\\/infos-droitshumains.net\\\/?p=237#breadcrumb\"},\"inLanguage\":\"fr-FR\",\"potentialAction\":[{\"@type\":\"ReadAction\",\"target\":[\"https:\\\/\\\/infos-droitshumains.net\\\/?p=237\"]}]},{\"@type\":\"BreadcrumbList\",\"@id\":\"https:\\\/\\\/infos-droitshumains.net\\\/?p=237#breadcrumb\",\"itemListElement\":[{\"@type\":\"ListItem\",\"position\":1,\"name\":\"Accueil\",\"item\":\"https:\\\/\\\/infos-droitshumains.net\\\/\"},{\"@type\":\"ListItem\",\"position\":2,\"name\":\"Le SYNAMAC se f\u00e9licite de la reprise du nom de Sylvie LULUA de la cour d&rsquo;appel de Goma sur la liste des candidats d\u00e9l\u00e9gu\u00e9s au conseil sup\u00e9rieur de la magistrature\"}]},{\"@type\":\"WebSite\",\"@id\":\"https:\\\/\\\/infos-droitshumains.net\\\/#website\",\"url\":\"https:\\\/\\\/infos-droitshumains.net\\\/\",\"name\":\"Infos Droits Humains\",\"description\":\"S&#039;informer est un droit\",\"publisher\":{\"@id\":\"https:\\\/\\\/infos-droitshumains.net\\\/#organization\"},\"potentialAction\":[{\"@type\":\"SearchAction\",\"target\":{\"@type\":\"EntryPoint\",\"urlTemplate\":\"https:\\\/\\\/infos-droitshumains.net\\\/?s={search_term_string}\"},\"query-input\":{\"@type\":\"PropertyValueSpecification\",\"valueRequired\":true,\"valueName\":\"search_term_string\"}}],\"inLanguage\":\"fr-FR\"},{\"@type\":\"Organization\",\"@id\":\"https:\\\/\\\/infos-droitshumains.net\\\/#organization\",\"name\":\"Infos Droits Humains\",\"url\":\"https:\\\/\\\/infos-droitshumains.net\\\/\",\"logo\":{\"@type\":\"ImageObject\",\"inLanguage\":\"fr-FR\",\"@id\":\"https:\\\/\\\/infos-droitshumains.net\\\/#\\\/schema\\\/logo\\\/image\\\/\",\"url\":\"https:\\\/\\\/i0.wp.com\\\/infos-droitshumains.net\\\/wp-content\\\/uploads\\\/2022\\\/05\\\/Logo.png?fit=333%2C129&ssl=1\",\"contentUrl\":\"https:\\\/\\\/i0.wp.com\\\/infos-droitshumains.net\\\/wp-content\\\/uploads\\\/2022\\\/05\\\/Logo.png?fit=333%2C129&ssl=1\",\"width\":333,\"height\":129,\"caption\":\"Infos Droits Humains\"},\"image\":{\"@id\":\"https:\\\/\\\/infos-droitshumains.net\\\/#\\\/schema\\\/logo\\\/image\\\/\"}},{\"@type\":\"Person\",\"@id\":\"https:\\\/\\\/infos-droitshumains.net\\\/#\\\/schema\\\/person\\\/c687b2d67ece0bad81e0ca5316cf434f\",\"name\":\"dandjes\",\"image\":{\"@type\":\"ImageObject\",\"inLanguage\":\"fr-FR\",\"@id\":\"https:\\\/\\\/secure.gravatar.com\\\/avatar\\\/2372c5095bb70e974cbb2a61a12b85b87e7ded23788c71622cda47f9fc9c845a?s=96&d=mm&r=g\",\"url\":\"https:\\\/\\\/secure.gravatar.com\\\/avatar\\\/2372c5095bb70e974cbb2a61a12b85b87e7ded23788c71622cda47f9fc9c845a?s=96&d=mm&r=g\",\"contentUrl\":\"https:\\\/\\\/secure.gravatar.com\\\/avatar\\\/2372c5095bb70e974cbb2a61a12b85b87e7ded23788c71622cda47f9fc9c845a?s=96&d=mm&r=g\",\"caption\":\"dandjes\"},\"sameAs\":[\"https:\\\/\\\/infos-droitshumains.net\"],\"url\":\"https:\\\/\\\/infos-droitshumains.net\\\/?author=1\"}]}<\/script>\n<!-- \/ Yoast SEO plugin. -->","yoast_head_json":{"title":"Le SYNAMAC se f\u00e9licite de la reprise du nom de Sylvie LULUA de la cour d'appel de Goma sur la liste des candidats d\u00e9l\u00e9gu\u00e9s au conseil sup\u00e9rieur de la magistrature - Infos Droits Humains","robots":{"index":"index","follow":"follow","max-snippet":"max-snippet:-1","max-image-preview":"max-image-preview:large","max-video-preview":"max-video-preview:-1"},"canonical":"https:\/\/infos-droitshumains.net\/?p=237","og_locale":"fr_FR","og_type":"article","og_title":"Le SYNAMAC se f\u00e9licite de la reprise du nom de Sylvie LULUA de la cour d'appel de Goma sur la liste des candidats d\u00e9l\u00e9gu\u00e9s au conseil sup\u00e9rieur de la magistrature - Infos Droits Humains","og_description":"Le bureau du Conseil Sup\u00e9rieur de la Magistrature mise en place au Nord-Kivu pour la...","og_url":"https:\/\/infos-droitshumains.net\/?p=237","og_site_name":"Infos Droits Humains","article_published_time":"2021-04-12T16:17:19+00:00","article_modified_time":"2021-04-12T16:17:22+00:00","author":"dandjes","twitter_card":"summary_large_image","twitter_misc":{"\u00c9crit par":"dandjes","Dur\u00e9e de lecture estim\u00e9e":"2 minutes"},"schema":{"@context":"https:\/\/schema.org","@graph":[{"@type":"Article","@id":"https:\/\/infos-droitshumains.net\/?p=237#article","isPartOf":{"@id":"https:\/\/infos-droitshumains.net\/?p=237"},"author":{"name":"dandjes","@id":"https:\/\/infos-droitshumains.net\/#\/schema\/person\/c687b2d67ece0bad81e0ca5316cf434f"},"headline":"Le SYNAMAC se f\u00e9licite de la reprise du nom de Sylvie LULUA de la cour d&rsquo;appel de Goma sur la liste des candidats d\u00e9l\u00e9gu\u00e9s au conseil sup\u00e9rieur de la magistrature","datePublished":"2021-04-12T16:17:19+00:00","dateModified":"2021-04-12T16:17:22+00:00","mainEntityOfPage":{"@id":"https:\/\/infos-droitshumains.net\/?p=237"},"wordCount":465,"commentCount":0,"publisher":{"@id":"https:\/\/infos-droitshumains.net\/#organization"},"inLanguage":"fr-FR","potentialAction":[{"@type":"CommentAction","name":"Comment","target":["https:\/\/infos-droitshumains.net\/?p=237#respond"]}]},{"@type":"WebPage","@id":"https:\/\/infos-droitshumains.net\/?p=237","url":"https:\/\/infos-droitshumains.net\/?p=237","name":"Le SYNAMAC se f\u00e9licite de la reprise du nom de Sylvie LULUA de la cour d'appel de Goma sur la liste des candidats d\u00e9l\u00e9gu\u00e9s au conseil sup\u00e9rieur de la magistrature - Infos Droits Humains","isPartOf":{"@id":"https:\/\/infos-droitshumains.net\/#website"},"datePublished":"2021-04-12T16:17:19+00:00","dateModified":"2021-04-12T16:17:22+00:00","breadcrumb":{"@id":"https:\/\/infos-droitshumains.net\/?p=237#breadcrumb"},"inLanguage":"fr-FR","potentialAction":[{"@type":"ReadAction","target":["https:\/\/infos-droitshumains.net\/?p=237"]}]},{"@type":"BreadcrumbList","@id":"https:\/\/infos-droitshumains.net\/?p=237#breadcrumb","itemListElement":[{"@type":"ListItem","position":1,"name":"Accueil","item":"https:\/\/infos-droitshumains.net\/"},{"@type":"ListItem","position":2,"name":"Le SYNAMAC se f\u00e9licite de la reprise du nom de Sylvie LULUA de la cour d&rsquo;appel de Goma sur la liste des candidats d\u00e9l\u00e9gu\u00e9s au conseil sup\u00e9rieur de la magistrature"}]},{"@type":"WebSite","@id":"https:\/\/infos-droitshumains.net\/#website","url":"https:\/\/infos-droitshumains.net\/","name":"Infos Droits Humains","description":"S&#039;informer est un droit","publisher":{"@id":"https:\/\/infos-droitshumains.net\/#organization"},"potentialAction":[{"@type":"SearchAction","target":{"@type":"EntryPoint","urlTemplate":"https:\/\/infos-droitshumains.net\/?s={search_term_string}"},"query-input":{"@type":"PropertyValueSpecification","valueRequired":true,"valueName":"search_term_string"}}],"inLanguage":"fr-FR"},{"@type":"Organization","@id":"https:\/\/infos-droitshumains.net\/#organization","name":"Infos Droits Humains","url":"https:\/\/infos-droitshumains.net\/","logo":{"@type":"ImageObject","inLanguage":"fr-FR","@id":"https:\/\/infos-droitshumains.net\/#\/schema\/logo\/image\/","url":"https:\/\/i0.wp.com\/infos-droitshumains.net\/wp-content\/uploads\/2022\/05\/Logo.png?fit=333%2C129&ssl=1","contentUrl":"https:\/\/i0.wp.com\/infos-droitshumains.net\/wp-content\/uploads\/2022\/05\/Logo.png?fit=333%2C129&ssl=1","width":333,"height":129,"caption":"Infos Droits Humains"},"image":{"@id":"https:\/\/infos-droitshumains.net\/#\/schema\/logo\/image\/"}},{"@type":"Person","@id":"https:\/\/infos-droitshumains.net\/#\/schema\/person\/c687b2d67ece0bad81e0ca5316cf434f","name":"dandjes","image":{"@type":"ImageObject","inLanguage":"fr-FR","@id":"https:\/\/secure.gravatar.com\/avatar\/2372c5095bb70e974cbb2a61a12b85b87e7ded23788c71622cda47f9fc9c845a?s=96&d=mm&r=g","url":"https:\/\/secure.gravatar.com\/avatar\/2372c5095bb70e974cbb2a61a12b85b87e7ded23788c71622cda47f9fc9c845a?s=96&d=mm&r=g","contentUrl":"https:\/\/secure.gravatar.com\/avatar\/2372c5095bb70e974cbb2a61a12b85b87e7ded23788c71622cda47f9fc9c845a?s=96&d=mm&r=g","caption":"dandjes"},"sameAs":["https:\/\/infos-droitshumains.net"],"url":"https:\/\/infos-droitshumains.net\/?author=1"}]}},"featured_image_urls":{"full":"","thumbnail":"","medium":"","medium_large":"","large":"","1536x1536":"","2048x2048":"","covernews-slider-full":"","covernews-slider-center":"","covernews-featured":"","covernews-medium":"","covernews-medium-square":""},"author_info":{"display_name":"dandjes","author_link":"https:\/\/infos-droitshumains.net\/?author=1"},"category_info":"Non class\u00e9","tag_info":"","comment_count":"0","jetpack_featured_media_url":"","jetpack-related-posts":[],"jetpack_sharing_enabled":true,"_links":{"self":[{"href":"https:\/\/infos-droitshumains.net\/index.php?rest_route=\/wp\/v2\/posts\/237","targetHints":{"allow":["GET"]}}],"collection":[{"href":"https:\/\/infos-droitshumains.net\/index.php?rest_route=\/wp\/v2\/posts"}],"about":[{"href":"https:\/\/infos-droitshumains.net\/index.php?rest_route=\/wp\/v2\/types\/post"}],"author":[{"embeddable":true,"href":"https:\/\/infos-droitshumains.net\/index.php?rest_route=\/wp\/v2\/users\/1"}],"replies":[{"embeddable":true,"href":"https:\/\/infos-droitshumains.net\/index.php?rest_route=%2Fwp%2Fv2%2Fcomments&post=237"}],"version-history":[{"count":1,"href":"https:\/\/infos-droitshumains.net\/index.php?rest_route=\/wp\/v2\/posts\/237\/revisions"}],"predecessor-version":[{"id":239,"href":"https:\/\/infos-droitshumains.net\/index.php?rest_route=\/wp\/v2\/posts\/237\/revisions\/239"}],"wp:attachment":[{"href":"https:\/\/infos-droitshumains.net\/index.php?rest_route=%2Fwp%2Fv2%2Fmedia&parent=237"}],"wp:term":[{"taxonomy":"category","embeddable":true,"href":"https:\/\/infos-droitshumains.net\/index.php?rest_route=%2Fwp%2Fv2%2Fcategories&post=237"},{"taxonomy":"post_tag","embeddable":true,"href":"https:\/\/infos-droitshumains.net\/index.php?rest_route=%2Fwp%2Fv2%2Ftags&post=237"}],"curies":[{"name":"wp","href":"https:\/\/api.w.org\/{rel}","templated":true}]}}