{"id":2279,"date":"2022-03-02T16:17:27","date_gmt":"2022-03-02T15:17:27","guid":{"rendered":"https:\/\/infos-droitshumains.net\/?p=2279"},"modified":"2023-04-06T12:10:30","modified_gmt":"2023-04-06T10:10:30","slug":"unikin-delabrement-de-la-voirie-et-vetuste-des-auditoires-le-professeur-jean-marie-kayembe-fait-un-plaidoyer-au-pres-de-eddy-mundela-kanku","status":"publish","type":"post","link":"https:\/\/infos-droitshumains.net\/?p=2279","title":{"rendered":"Unikin: D\u00e9labrement de la voirie et v\u00e9tust\u00e9 des auditoires, le professeur Jean-Marie Kayembe fait un plaidoyer au pr\u00e8s de Eddy Mundela Kanku"},"content":{"rendered":"\n<p><strong>R\u00e9daction:+243817406088<\/strong><\/p>\n\n\n\n<p>Le recteur de l\u2019Universit\u00e9 de Kinshasa a \u00e9t\u00e9 re\u00e7u en audience ce mercredi 2 mars par Eddy Mundela Kanku, le premier vice-pr\u00e9sident du s\u00e9nat. Le professeur Jean Marie Kayembe \u00e9tait porteur des diff\u00e9rentes dol\u00e9ances de cette Alma mater qui n\u00e9cessitent l&rsquo;implication urgente de toutes autorit\u00e9s. En toile de fond, la v\u00e9tust\u00e9 de la voirie de l\u2019Unikin \u00e9tant donn\u00e9 que toutes les voies qui m\u00e8nent vers cette universit\u00e9, sont dans un \u00e9tat de d\u00e9labrement tr\u00e8s avanc\u00e9 :<\/p>\n\n\n\n<p><em><strong>\u00abIl s\u2019agit notamment de la v\u00e9tust\u00e9 et de la destruction tr\u00e8s importante de la voirie \u00e0 l\u2019Universit\u00e9, qui risquent de nous faire perdre, s\u2019il y avait encore des pluies diluviennes comme celles de ce jour,  une infrastructure acquise il y a plus de 60 ans, nous l\u00e9gu\u00e9e par Monseigneur Gillon\u00bb<\/strong><\/em> a confi\u00e9 le professeur Jean-Marie Kayembe au sortir de l\u2019audience.<\/p>\n\n\n\n<p>Le num\u00e9ro un de la colline inspir\u00e9e a \u00e9galement plaid\u00e9 pour l\u2019am\u00e9lioration des conditions d\u2019\u00e9tudes, notamment, l\u2019ach\u00e8vement de certains auditoires :<\/p>\n\n\n\n<p><em><strong>\u00abJe suis venu \u00e9galement au pr\u00e8s de la haute autorit\u00e9 de l\u2019\u00c9tat, faire \u00e9tat des conditions, aujourd\u2019hui, d\u2019\u00e9tudes de nos \u00e9tudiants. L\u2019auditoire M\u2019z\u00e9e Laurent D\u00e9sir\u00e9 Kabila est dans un \u00e9tat d\u2019inach\u00e8vement pour lequel c\u2019est serait irresponsable de le laisser en \u00e9tat o\u00f9 il est aujourd\u2019hui et d\u2019y admettre des \u00e9tudiants\u00bb.<\/strong><\/em><\/p>\n\n\n\n<p>Outre ces deux probl\u00e8mes majeurs, le professeur Jean-Marie Kayembe a \u00e9galement plaid\u00e9 au pr\u00e8s de Eddy Mundela Kanku, pour <strong><em>\u00abla reconstruction des infrastructures \u00e9lectriques\u00bb<\/em><\/strong> dit-il, pour <strong><em>\u00abpr\u00e9venir d\u2019autres Matadi-Kibala\u00bb<\/em><\/strong>.<\/p>\n\n\n\n<p>La convivialit\u00e9 avec laquelle le num\u00e9ro deux du s\u00e9nat a re\u00e7u son invit\u00e9 ne pouvait que rassurer ce dernier pour une suite favorable. Et pour se faire, Jean-Marie Kayembe a appel\u00e9 les uns et les autres \u00e0 mouiller le maillot afin de relever le d\u00e9fi :<\/p>\n\n\n\n<p><em><strong>\u00abLes d\u00e9fis sont \u00e9normes, lorsqu&rsquo;on est nombreux \u00e0 porter la m\u00eame vision, les m\u00eames orientations en suivant les orientations dict\u00e9es par la plus haute autorit\u00e9 qui est le chef de l&rsquo;\u00c9tat, je pense que chacun peut jouer sa partition pour la reconstruction de notre nation qui doit passer aussi par la restructuration de l&rsquo;enseignement sup\u00e9rieur et universitaire\u00bb<\/strong><\/em> a-t-il conclu.<\/p>\n\n\n\n<p>Jo\u00ebl Diawa<\/p>\n","protected":false},"excerpt":{"rendered":"<p>R\u00e9daction:+243817406088 Le recteur de l\u2019Universit\u00e9 de Kinshasa a \u00e9t\u00e9 re\u00e7u en audience ce mercredi 2&#8230;<\/p>\n","protected":false},"author":2,"featured_media":0,"comment_status":"closed","ping_status":"open","sticky":false,"template":"","format":"standard","meta":{"_jetpack_memberships_contains_paid_content":false,"footnotes":""},"categories":[1],"tags":[],"class_list":["post-2279","post","type-post","status-publish","format-standard","hentry","category-non-classe"],"yoast_head":"<!-- This site is optimized with the Yoast SEO plugin v27.5 - https:\/\/yoast.com\/product\/yoast-seo-wordpress\/ -->\n<title>Unikin: D\u00e9labrement de la voirie et v\u00e9tust\u00e9 des auditoires, le professeur Jean-Marie Kayembe fait un plaidoyer au pr\u00e8s de Eddy Mundela Kanku - Infos Droits Humains<\/title>\n<meta name=\"robots\" content=\"index, follow, max-snippet:-1, max-image-preview:large, max-video-preview:-1\" \/>\n<link rel=\"canonical\" href=\"https:\/\/infos-droitshumains.net\/?p=2279\" \/>\n<meta property=\"og:locale\" content=\"fr_FR\" \/>\n<meta property=\"og:type\" content=\"article\" \/>\n<meta property=\"og:title\" content=\"Unikin: D\u00e9labrement de la voirie et v\u00e9tust\u00e9 des auditoires, le professeur Jean-Marie Kayembe fait un plaidoyer au pr\u00e8s de Eddy Mundela Kanku - Infos Droits Humains\" \/>\n<meta property=\"og:description\" content=\"R\u00e9daction:+243817406088 Le recteur de l\u2019Universit\u00e9 de Kinshasa a \u00e9t\u00e9 re\u00e7u en audience ce mercredi 2...\" \/>\n<meta property=\"og:url\" content=\"https:\/\/infos-droitshumains.net\/?p=2279\" \/>\n<meta property=\"og:site_name\" content=\"Infos Droits Humains\" \/>\n<meta property=\"article:published_time\" content=\"2022-03-02T15:17:27+00:00\" \/>\n<meta property=\"article:modified_time\" content=\"2023-04-06T10:10:30+00:00\" \/>\n<meta name=\"author\" content=\"Jo\u00ebl Diawa\" \/>\n<meta name=\"twitter:card\" content=\"summary_large_image\" \/>\n<meta name=\"twitter:label1\" content=\"\u00c9crit par\" \/>\n\t<meta name=\"twitter:data1\" content=\"Jo\u00ebl Diawa\" \/>\n\t<meta name=\"twitter:label2\" content=\"Dur\u00e9e de lecture estim\u00e9e\" \/>\n\t<meta name=\"twitter:data2\" content=\"2 minutes\" \/>\n<script type=\"application\/ld+json\" class=\"yoast-schema-graph\">{\"@context\":\"https:\\\/\\\/schema.org\",\"@graph\":[{\"@type\":\"Article\",\"@id\":\"https:\\\/\\\/infos-droitshumains.net\\\/?p=2279#article\",\"isPartOf\":{\"@id\":\"https:\\\/\\\/infos-droitshumains.net\\\/?p=2279\"},\"author\":{\"name\":\"Jo\u00ebl Diawa\",\"@id\":\"https:\\\/\\\/infos-droitshumains.net\\\/#\\\/schema\\\/person\\\/3dc5e921c3302172e0ed4362f96faab7\"},\"headline\":\"Unikin: D\u00e9labrement de la voirie et v\u00e9tust\u00e9 des auditoires, le professeur Jean-Marie Kayembe fait un plaidoyer au pr\u00e8s de Eddy Mundela Kanku\",\"datePublished\":\"2022-03-02T15:17:27+00:00\",\"dateModified\":\"2023-04-06T10:10:30+00:00\",\"mainEntityOfPage\":{\"@id\":\"https:\\\/\\\/infos-droitshumains.net\\\/?p=2279\"},\"wordCount\":418,\"publisher\":{\"@id\":\"https:\\\/\\\/infos-droitshumains.net\\\/#organization\"},\"inLanguage\":\"fr-FR\"},{\"@type\":\"WebPage\",\"@id\":\"https:\\\/\\\/infos-droitshumains.net\\\/?p=2279\",\"url\":\"https:\\\/\\\/infos-droitshumains.net\\\/?p=2279\",\"name\":\"Unikin: D\u00e9labrement de la voirie et v\u00e9tust\u00e9 des auditoires, le professeur Jean-Marie Kayembe fait un plaidoyer au pr\u00e8s de Eddy Mundela Kanku - Infos Droits Humains\",\"isPartOf\":{\"@id\":\"https:\\\/\\\/infos-droitshumains.net\\\/#website\"},\"datePublished\":\"2022-03-02T15:17:27+00:00\",\"dateModified\":\"2023-04-06T10:10:30+00:00\",\"breadcrumb\":{\"@id\":\"https:\\\/\\\/infos-droitshumains.net\\\/?p=2279#breadcrumb\"},\"inLanguage\":\"fr-FR\",\"potentialAction\":[{\"@type\":\"ReadAction\",\"target\":[\"https:\\\/\\\/infos-droitshumains.net\\\/?p=2279\"]}]},{\"@type\":\"BreadcrumbList\",\"@id\":\"https:\\\/\\\/infos-droitshumains.net\\\/?p=2279#breadcrumb\",\"itemListElement\":[{\"@type\":\"ListItem\",\"position\":1,\"name\":\"Accueil\",\"item\":\"https:\\\/\\\/infos-droitshumains.net\\\/\"},{\"@type\":\"ListItem\",\"position\":2,\"name\":\"Unikin: D\u00e9labrement de la voirie et v\u00e9tust\u00e9 des auditoires, le professeur Jean-Marie Kayembe fait un plaidoyer au pr\u00e8s de Eddy Mundela Kanku\"}]},{\"@type\":\"WebSite\",\"@id\":\"https:\\\/\\\/infos-droitshumains.net\\\/#website\",\"url\":\"https:\\\/\\\/infos-droitshumains.net\\\/\",\"name\":\"Infos Droits Humains\",\"description\":\"S&#039;informer est un droit\",\"publisher\":{\"@id\":\"https:\\\/\\\/infos-droitshumains.net\\\/#organization\"},\"potentialAction\":[{\"@type\":\"SearchAction\",\"target\":{\"@type\":\"EntryPoint\",\"urlTemplate\":\"https:\\\/\\\/infos-droitshumains.net\\\/?s={search_term_string}\"},\"query-input\":{\"@type\":\"PropertyValueSpecification\",\"valueRequired\":true,\"valueName\":\"search_term_string\"}}],\"inLanguage\":\"fr-FR\"},{\"@type\":\"Organization\",\"@id\":\"https:\\\/\\\/infos-droitshumains.net\\\/#organization\",\"name\":\"Infos Droits Humains\",\"url\":\"https:\\\/\\\/infos-droitshumains.net\\\/\",\"logo\":{\"@type\":\"ImageObject\",\"inLanguage\":\"fr-FR\",\"@id\":\"https:\\\/\\\/infos-droitshumains.net\\\/#\\\/schema\\\/logo\\\/image\\\/\",\"url\":\"https:\\\/\\\/i0.wp.com\\\/infos-droitshumains.net\\\/wp-content\\\/uploads\\\/2022\\\/05\\\/Logo.png?fit=333%2C129&ssl=1\",\"contentUrl\":\"https:\\\/\\\/i0.wp.com\\\/infos-droitshumains.net\\\/wp-content\\\/uploads\\\/2022\\\/05\\\/Logo.png?fit=333%2C129&ssl=1\",\"width\":333,\"height\":129,\"caption\":\"Infos Droits Humains\"},\"image\":{\"@id\":\"https:\\\/\\\/infos-droitshumains.net\\\/#\\\/schema\\\/logo\\\/image\\\/\"}},{\"@type\":\"Person\",\"@id\":\"https:\\\/\\\/infos-droitshumains.net\\\/#\\\/schema\\\/person\\\/3dc5e921c3302172e0ed4362f96faab7\",\"name\":\"Jo\u00ebl Diawa\",\"image\":{\"@type\":\"ImageObject\",\"inLanguage\":\"fr-FR\",\"@id\":\"https:\\\/\\\/secure.gravatar.com\\\/avatar\\\/729bea6ff4604c624417803c477363be8e3c7186deaa65713313f9b4b820f41c?s=96&d=mm&r=g\",\"url\":\"https:\\\/\\\/secure.gravatar.com\\\/avatar\\\/729bea6ff4604c624417803c477363be8e3c7186deaa65713313f9b4b820f41c?s=96&d=mm&r=g\",\"contentUrl\":\"https:\\\/\\\/secure.gravatar.com\\\/avatar\\\/729bea6ff4604c624417803c477363be8e3c7186deaa65713313f9b4b820f41c?s=96&d=mm&r=g\",\"caption\":\"Jo\u00ebl Diawa\"},\"sameAs\":[\"https:\\\/\\\/www.infos-droitshumains.net\"],\"url\":\"https:\\\/\\\/infos-droitshumains.net\\\/?author=2\"}]}<\/script>\n<!-- \/ Yoast SEO plugin. -->","yoast_head_json":{"title":"Unikin: D\u00e9labrement de la voirie et v\u00e9tust\u00e9 des auditoires, le professeur Jean-Marie Kayembe fait un plaidoyer au pr\u00e8s de Eddy Mundela Kanku - Infos Droits Humains","robots":{"index":"index","follow":"follow","max-snippet":"max-snippet:-1","max-image-preview":"max-image-preview:large","max-video-preview":"max-video-preview:-1"},"canonical":"https:\/\/infos-droitshumains.net\/?p=2279","og_locale":"fr_FR","og_type":"article","og_title":"Unikin: D\u00e9labrement de la voirie et v\u00e9tust\u00e9 des auditoires, le professeur Jean-Marie Kayembe fait un plaidoyer au pr\u00e8s de Eddy Mundela Kanku - Infos Droits Humains","og_description":"R\u00e9daction:+243817406088 Le recteur de l\u2019Universit\u00e9 de Kinshasa a \u00e9t\u00e9 re\u00e7u en audience ce mercredi 2...","og_url":"https:\/\/infos-droitshumains.net\/?p=2279","og_site_name":"Infos Droits Humains","article_published_time":"2022-03-02T15:17:27+00:00","article_modified_time":"2023-04-06T10:10:30+00:00","author":"Jo\u00ebl Diawa","twitter_card":"summary_large_image","twitter_misc":{"\u00c9crit par":"Jo\u00ebl Diawa","Dur\u00e9e de lecture estim\u00e9e":"2 minutes"},"schema":{"@context":"https:\/\/schema.org","@graph":[{"@type":"Article","@id":"https:\/\/infos-droitshumains.net\/?p=2279#article","isPartOf":{"@id":"https:\/\/infos-droitshumains.net\/?p=2279"},"author":{"name":"Jo\u00ebl Diawa","@id":"https:\/\/infos-droitshumains.net\/#\/schema\/person\/3dc5e921c3302172e0ed4362f96faab7"},"headline":"Unikin: D\u00e9labrement de la voirie et v\u00e9tust\u00e9 des auditoires, le professeur Jean-Marie Kayembe fait un plaidoyer au pr\u00e8s de Eddy Mundela Kanku","datePublished":"2022-03-02T15:17:27+00:00","dateModified":"2023-04-06T10:10:30+00:00","mainEntityOfPage":{"@id":"https:\/\/infos-droitshumains.net\/?p=2279"},"wordCount":418,"publisher":{"@id":"https:\/\/infos-droitshumains.net\/#organization"},"inLanguage":"fr-FR"},{"@type":"WebPage","@id":"https:\/\/infos-droitshumains.net\/?p=2279","url":"https:\/\/infos-droitshumains.net\/?p=2279","name":"Unikin: D\u00e9labrement de la voirie et v\u00e9tust\u00e9 des auditoires, le professeur Jean-Marie Kayembe fait un plaidoyer au pr\u00e8s de Eddy Mundela Kanku - Infos Droits Humains","isPartOf":{"@id":"https:\/\/infos-droitshumains.net\/#website"},"datePublished":"2022-03-02T15:17:27+00:00","dateModified":"2023-04-06T10:10:30+00:00","breadcrumb":{"@id":"https:\/\/infos-droitshumains.net\/?p=2279#breadcrumb"},"inLanguage":"fr-FR","potentialAction":[{"@type":"ReadAction","target":["https:\/\/infos-droitshumains.net\/?p=2279"]}]},{"@type":"BreadcrumbList","@id":"https:\/\/infos-droitshumains.net\/?p=2279#breadcrumb","itemListElement":[{"@type":"ListItem","position":1,"name":"Accueil","item":"https:\/\/infos-droitshumains.net\/"},{"@type":"ListItem","position":2,"name":"Unikin: D\u00e9labrement de la voirie et v\u00e9tust\u00e9 des auditoires, le professeur Jean-Marie Kayembe fait un plaidoyer au pr\u00e8s de Eddy Mundela Kanku"}]},{"@type":"WebSite","@id":"https:\/\/infos-droitshumains.net\/#website","url":"https:\/\/infos-droitshumains.net\/","name":"Infos Droits Humains","description":"S&#039;informer est un droit","publisher":{"@id":"https:\/\/infos-droitshumains.net\/#organization"},"potentialAction":[{"@type":"SearchAction","target":{"@type":"EntryPoint","urlTemplate":"https:\/\/infos-droitshumains.net\/?s={search_term_string}"},"query-input":{"@type":"PropertyValueSpecification","valueRequired":true,"valueName":"search_term_string"}}],"inLanguage":"fr-FR"},{"@type":"Organization","@id":"https:\/\/infos-droitshumains.net\/#organization","name":"Infos Droits Humains","url":"https:\/\/infos-droitshumains.net\/","logo":{"@type":"ImageObject","inLanguage":"fr-FR","@id":"https:\/\/infos-droitshumains.net\/#\/schema\/logo\/image\/","url":"https:\/\/i0.wp.com\/infos-droitshumains.net\/wp-content\/uploads\/2022\/05\/Logo.png?fit=333%2C129&ssl=1","contentUrl":"https:\/\/i0.wp.com\/infos-droitshumains.net\/wp-content\/uploads\/2022\/05\/Logo.png?fit=333%2C129&ssl=1","width":333,"height":129,"caption":"Infos Droits Humains"},"image":{"@id":"https:\/\/infos-droitshumains.net\/#\/schema\/logo\/image\/"}},{"@type":"Person","@id":"https:\/\/infos-droitshumains.net\/#\/schema\/person\/3dc5e921c3302172e0ed4362f96faab7","name":"Jo\u00ebl Diawa","image":{"@type":"ImageObject","inLanguage":"fr-FR","@id":"https:\/\/secure.gravatar.com\/avatar\/729bea6ff4604c624417803c477363be8e3c7186deaa65713313f9b4b820f41c?s=96&d=mm&r=g","url":"https:\/\/secure.gravatar.com\/avatar\/729bea6ff4604c624417803c477363be8e3c7186deaa65713313f9b4b820f41c?s=96&d=mm&r=g","contentUrl":"https:\/\/secure.gravatar.com\/avatar\/729bea6ff4604c624417803c477363be8e3c7186deaa65713313f9b4b820f41c?s=96&d=mm&r=g","caption":"Jo\u00ebl Diawa"},"sameAs":["https:\/\/www.infos-droitshumains.net"],"url":"https:\/\/infos-droitshumains.net\/?author=2"}]}},"featured_image_urls":{"full":"","thumbnail":"","medium":"","medium_large":"","large":"","1536x1536":"","2048x2048":"","covernews-slider-full":"","covernews-slider-center":"","covernews-featured":"","covernews-medium":"","covernews-medium-square":""},"author_info":{"display_name":"Jo\u00ebl Diawa","author_link":"https:\/\/infos-droitshumains.net\/?author=2"},"category_info":"<a href=\"https:\/\/infos-droitshumains.net\/?cat=1\" rel=\"category\">Non class\u00e9<\/a>","tag_info":"Non class\u00e9","comment_count":"0","jetpack_featured_media_url":"","jetpack-related-posts":[],"jetpack_sharing_enabled":true,"_links":{"self":[{"href":"https:\/\/infos-droitshumains.net\/index.php?rest_route=\/wp\/v2\/posts\/2279","targetHints":{"allow":["GET"]}}],"collection":[{"href":"https:\/\/infos-droitshumains.net\/index.php?rest_route=\/wp\/v2\/posts"}],"about":[{"href":"https:\/\/infos-droitshumains.net\/index.php?rest_route=\/wp\/v2\/types\/post"}],"author":[{"embeddable":true,"href":"https:\/\/infos-droitshumains.net\/index.php?rest_route=\/wp\/v2\/users\/2"}],"replies":[{"embeddable":true,"href":"https:\/\/infos-droitshumains.net\/index.php?rest_route=%2Fwp%2Fv2%2Fcomments&post=2279"}],"version-history":[{"count":3,"href":"https:\/\/infos-droitshumains.net\/index.php?rest_route=\/wp\/v2\/posts\/2279\/revisions"}],"predecessor-version":[{"id":2284,"href":"https:\/\/infos-droitshumains.net\/index.php?rest_route=\/wp\/v2\/posts\/2279\/revisions\/2284"}],"wp:attachment":[{"href":"https:\/\/infos-droitshumains.net\/index.php?rest_route=%2Fwp%2Fv2%2Fmedia&parent=2279"}],"wp:term":[{"taxonomy":"category","embeddable":true,"href":"https:\/\/infos-droitshumains.net\/index.php?rest_route=%2Fwp%2Fv2%2Fcategories&post=2279"},{"taxonomy":"post_tag","embeddable":true,"href":"https:\/\/infos-droitshumains.net\/index.php?rest_route=%2Fwp%2Fv2%2Ftags&post=2279"}],"curies":[{"name":"wp","href":"https:\/\/api.w.org\/{rel}","templated":true}]}}