{"id":227,"date":"2021-03-22T19:50:40","date_gmt":"2021-03-22T18:50:40","guid":{"rendered":"https:\/\/www.infos-droitshumains.net\/?p=227"},"modified":"2021-03-22T19:50:43","modified_gmt":"2021-03-22T18:50:43","slug":"kalev-mutomb-na-jamais-ete-apprehende-a-la-cenco","status":"publish","type":"post","link":"https:\/\/infos-droitshumains.net\/?p=227","title":{"rendered":"Kalev Mutomb n&rsquo;a jamais \u00e9t\u00e9 appr\u00e9hend\u00e9 \u00e0 la CENCO !"},"content":{"rendered":"\n<p><\/p>\n\n\n\n<p>Depuis l&rsquo;apr\u00e8s-midi  de ce lundi une information circule selon laquelle Kalev Mutomb serait appr\u00e9hend\u00e9 par les services de s\u00e9curit\u00e9 au si\u00e8ge de la Conf\u00e9rence \u00c9piscopale Nationale du Congo, CENCO <\/p>\n\n\n\n<p>Le m\u00e9dia qui a relay\u00e9  cette information parle de la m\u00e9diation du cardinal Fridolin Ambongo qui a pouss\u00e9 l&rsquo;ancien administrateur g\u00e9n\u00e9ral de l\u2019agence nationale des renseignements ANR \u00e0 collaborer avec la justice, apr\u00e8s deux semaines de cavale.<\/p>\n\n\n\n<p>Et pourtant, ce message n&rsquo;est qu&rsquo;une intox. Contact\u00e9 par la r\u00e9daction de info-droitshumains.net , Me George Kapiamba qui cite des sources proches de la CENCO a d\u00e9menti cette information.<\/p>\n\n\n\n<p>\u00a0\u00bb <em>C&rsquo;est une fausse information. Je venais de poser la question \u00e0 la CENCO, on m&rsquo;a dit qu&rsquo;ils ne sont pas pas au courant<\/em> \u00a0\u00bb  a dit a votre r\u00e9daction le coordonnateur de l&rsquo;Association Congolaise pour l&rsquo;acc\u00e8s \u00e0 la Justice, ACAJ.<\/p>\n\n\n\n<p>Convoqu\u00e9 \u00e0 la justice, Kalev Mutomb est en cavale depuis le 10 mars apr\u00e8s avoir refus\u00e9 de r\u00e9pondre \u00e0 l&rsquo;invitation de la justice \u00e0 deux reprise. Sa famille avait annonc\u00e9 qu&rsquo;il est port\u00e9 disparu depuis le 10 mars, depuis qu&rsquo;il a quitt\u00e9 sa r\u00e9sidence, sa famille n&rsquo;a plus de ses nouvelles.<\/p>\n","protected":false},"excerpt":{"rendered":"<p>Depuis l&rsquo;apr\u00e8s-midi de ce lundi une information circule selon laquelle Kalev Mutomb serait appr\u00e9hend\u00e9 par&#8230;<\/p>\n","protected":false},"author":1,"featured_media":0,"comment_status":"open","ping_status":"open","sticky":false,"template":"","format":"standard","meta":{"_jetpack_memberships_contains_paid_content":false,"footnotes":""},"categories":[],"tags":[],"class_list":["post-227","post","type-post","status-publish","format-standard","hentry"],"yoast_head":"<!-- This site is optimized with the Yoast SEO plugin v27.5 - https:\/\/yoast.com\/product\/yoast-seo-wordpress\/ -->\n<title>Kalev Mutomb n&#039;a jamais \u00e9t\u00e9 appr\u00e9hend\u00e9 \u00e0 la CENCO ! - Infos Droits Humains<\/title>\n<meta name=\"robots\" content=\"index, follow, max-snippet:-1, max-image-preview:large, max-video-preview:-1\" \/>\n<link rel=\"canonical\" href=\"https:\/\/infos-droitshumains.net\/?p=227\" \/>\n<meta property=\"og:locale\" content=\"fr_FR\" \/>\n<meta property=\"og:type\" content=\"article\" \/>\n<meta property=\"og:title\" content=\"Kalev Mutomb n&#039;a jamais \u00e9t\u00e9 appr\u00e9hend\u00e9 \u00e0 la CENCO ! - Infos Droits Humains\" \/>\n<meta property=\"og:description\" content=\"Depuis l&rsquo;apr\u00e8s-midi de ce lundi une information circule selon laquelle Kalev Mutomb serait appr\u00e9hend\u00e9 par...\" \/>\n<meta property=\"og:url\" content=\"https:\/\/infos-droitshumains.net\/?p=227\" \/>\n<meta property=\"og:site_name\" content=\"Infos Droits Humains\" \/>\n<meta property=\"article:published_time\" content=\"2021-03-22T18:50:40+00:00\" \/>\n<meta property=\"article:modified_time\" content=\"2021-03-22T18:50:43+00:00\" \/>\n<meta name=\"author\" content=\"dandjes\" \/>\n<meta name=\"twitter:card\" content=\"summary_large_image\" \/>\n<meta name=\"twitter:label1\" content=\"\u00c9crit par\" \/>\n\t<meta name=\"twitter:data1\" content=\"dandjes\" \/>\n\t<meta name=\"twitter:label2\" content=\"Dur\u00e9e de lecture estim\u00e9e\" \/>\n\t<meta name=\"twitter:data2\" content=\"1 minute\" \/>\n<script type=\"application\/ld+json\" class=\"yoast-schema-graph\">{\"@context\":\"https:\\\/\\\/schema.org\",\"@graph\":[{\"@type\":\"Article\",\"@id\":\"https:\\\/\\\/infos-droitshumains.net\\\/?p=227#article\",\"isPartOf\":{\"@id\":\"https:\\\/\\\/infos-droitshumains.net\\\/?p=227\"},\"author\":{\"name\":\"dandjes\",\"@id\":\"https:\\\/\\\/infos-droitshumains.net\\\/#\\\/schema\\\/person\\\/c687b2d67ece0bad81e0ca5316cf434f\"},\"headline\":\"Kalev Mutomb n&rsquo;a jamais \u00e9t\u00e9 appr\u00e9hend\u00e9 \u00e0 la CENCO !\",\"datePublished\":\"2021-03-22T18:50:40+00:00\",\"dateModified\":\"2021-03-22T18:50:43+00:00\",\"mainEntityOfPage\":{\"@id\":\"https:\\\/\\\/infos-droitshumains.net\\\/?p=227\"},\"wordCount\":204,\"commentCount\":0,\"publisher\":{\"@id\":\"https:\\\/\\\/infos-droitshumains.net\\\/#organization\"},\"inLanguage\":\"fr-FR\",\"potentialAction\":[{\"@type\":\"CommentAction\",\"name\":\"Comment\",\"target\":[\"https:\\\/\\\/infos-droitshumains.net\\\/?p=227#respond\"]}]},{\"@type\":\"WebPage\",\"@id\":\"https:\\\/\\\/infos-droitshumains.net\\\/?p=227\",\"url\":\"https:\\\/\\\/infos-droitshumains.net\\\/?p=227\",\"name\":\"Kalev Mutomb n'a jamais \u00e9t\u00e9 appr\u00e9hend\u00e9 \u00e0 la CENCO ! - Infos Droits Humains\",\"isPartOf\":{\"@id\":\"https:\\\/\\\/infos-droitshumains.net\\\/#website\"},\"datePublished\":\"2021-03-22T18:50:40+00:00\",\"dateModified\":\"2021-03-22T18:50:43+00:00\",\"breadcrumb\":{\"@id\":\"https:\\\/\\\/infos-droitshumains.net\\\/?p=227#breadcrumb\"},\"inLanguage\":\"fr-FR\",\"potentialAction\":[{\"@type\":\"ReadAction\",\"target\":[\"https:\\\/\\\/infos-droitshumains.net\\\/?p=227\"]}]},{\"@type\":\"BreadcrumbList\",\"@id\":\"https:\\\/\\\/infos-droitshumains.net\\\/?p=227#breadcrumb\",\"itemListElement\":[{\"@type\":\"ListItem\",\"position\":1,\"name\":\"Accueil\",\"item\":\"https:\\\/\\\/infos-droitshumains.net\\\/\"},{\"@type\":\"ListItem\",\"position\":2,\"name\":\"Kalev Mutomb n&rsquo;a jamais \u00e9t\u00e9 appr\u00e9hend\u00e9 \u00e0 la CENCO !\"}]},{\"@type\":\"WebSite\",\"@id\":\"https:\\\/\\\/infos-droitshumains.net\\\/#website\",\"url\":\"https:\\\/\\\/infos-droitshumains.net\\\/\",\"name\":\"Infos Droits Humains\",\"description\":\"S&#039;informer est un droit\",\"publisher\":{\"@id\":\"https:\\\/\\\/infos-droitshumains.net\\\/#organization\"},\"potentialAction\":[{\"@type\":\"SearchAction\",\"target\":{\"@type\":\"EntryPoint\",\"urlTemplate\":\"https:\\\/\\\/infos-droitshumains.net\\\/?s={search_term_string}\"},\"query-input\":{\"@type\":\"PropertyValueSpecification\",\"valueRequired\":true,\"valueName\":\"search_term_string\"}}],\"inLanguage\":\"fr-FR\"},{\"@type\":\"Organization\",\"@id\":\"https:\\\/\\\/infos-droitshumains.net\\\/#organization\",\"name\":\"Infos Droits Humains\",\"url\":\"https:\\\/\\\/infos-droitshumains.net\\\/\",\"logo\":{\"@type\":\"ImageObject\",\"inLanguage\":\"fr-FR\",\"@id\":\"https:\\\/\\\/infos-droitshumains.net\\\/#\\\/schema\\\/logo\\\/image\\\/\",\"url\":\"https:\\\/\\\/i0.wp.com\\\/infos-droitshumains.net\\\/wp-content\\\/uploads\\\/2022\\\/05\\\/Logo.png?fit=333%2C129&ssl=1\",\"contentUrl\":\"https:\\\/\\\/i0.wp.com\\\/infos-droitshumains.net\\\/wp-content\\\/uploads\\\/2022\\\/05\\\/Logo.png?fit=333%2C129&ssl=1\",\"width\":333,\"height\":129,\"caption\":\"Infos Droits Humains\"},\"image\":{\"@id\":\"https:\\\/\\\/infos-droitshumains.net\\\/#\\\/schema\\\/logo\\\/image\\\/\"}},{\"@type\":\"Person\",\"@id\":\"https:\\\/\\\/infos-droitshumains.net\\\/#\\\/schema\\\/person\\\/c687b2d67ece0bad81e0ca5316cf434f\",\"name\":\"dandjes\",\"image\":{\"@type\":\"ImageObject\",\"inLanguage\":\"fr-FR\",\"@id\":\"https:\\\/\\\/secure.gravatar.com\\\/avatar\\\/2372c5095bb70e974cbb2a61a12b85b87e7ded23788c71622cda47f9fc9c845a?s=96&d=mm&r=g\",\"url\":\"https:\\\/\\\/secure.gravatar.com\\\/avatar\\\/2372c5095bb70e974cbb2a61a12b85b87e7ded23788c71622cda47f9fc9c845a?s=96&d=mm&r=g\",\"contentUrl\":\"https:\\\/\\\/secure.gravatar.com\\\/avatar\\\/2372c5095bb70e974cbb2a61a12b85b87e7ded23788c71622cda47f9fc9c845a?s=96&d=mm&r=g\",\"caption\":\"dandjes\"},\"sameAs\":[\"https:\\\/\\\/infos-droitshumains.net\"],\"url\":\"https:\\\/\\\/infos-droitshumains.net\\\/?author=1\"}]}<\/script>\n<!-- \/ Yoast SEO plugin. -->","yoast_head_json":{"title":"Kalev Mutomb n'a jamais \u00e9t\u00e9 appr\u00e9hend\u00e9 \u00e0 la CENCO ! - Infos Droits Humains","robots":{"index":"index","follow":"follow","max-snippet":"max-snippet:-1","max-image-preview":"max-image-preview:large","max-video-preview":"max-video-preview:-1"},"canonical":"https:\/\/infos-droitshumains.net\/?p=227","og_locale":"fr_FR","og_type":"article","og_title":"Kalev Mutomb n'a jamais \u00e9t\u00e9 appr\u00e9hend\u00e9 \u00e0 la CENCO ! - Infos Droits Humains","og_description":"Depuis l&rsquo;apr\u00e8s-midi de ce lundi une information circule selon laquelle Kalev Mutomb serait appr\u00e9hend\u00e9 par...","og_url":"https:\/\/infos-droitshumains.net\/?p=227","og_site_name":"Infos Droits Humains","article_published_time":"2021-03-22T18:50:40+00:00","article_modified_time":"2021-03-22T18:50:43+00:00","author":"dandjes","twitter_card":"summary_large_image","twitter_misc":{"\u00c9crit par":"dandjes","Dur\u00e9e de lecture estim\u00e9e":"1 minute"},"schema":{"@context":"https:\/\/schema.org","@graph":[{"@type":"Article","@id":"https:\/\/infos-droitshumains.net\/?p=227#article","isPartOf":{"@id":"https:\/\/infos-droitshumains.net\/?p=227"},"author":{"name":"dandjes","@id":"https:\/\/infos-droitshumains.net\/#\/schema\/person\/c687b2d67ece0bad81e0ca5316cf434f"},"headline":"Kalev Mutomb n&rsquo;a jamais \u00e9t\u00e9 appr\u00e9hend\u00e9 \u00e0 la CENCO !","datePublished":"2021-03-22T18:50:40+00:00","dateModified":"2021-03-22T18:50:43+00:00","mainEntityOfPage":{"@id":"https:\/\/infos-droitshumains.net\/?p=227"},"wordCount":204,"commentCount":0,"publisher":{"@id":"https:\/\/infos-droitshumains.net\/#organization"},"inLanguage":"fr-FR","potentialAction":[{"@type":"CommentAction","name":"Comment","target":["https:\/\/infos-droitshumains.net\/?p=227#respond"]}]},{"@type":"WebPage","@id":"https:\/\/infos-droitshumains.net\/?p=227","url":"https:\/\/infos-droitshumains.net\/?p=227","name":"Kalev Mutomb n'a jamais \u00e9t\u00e9 appr\u00e9hend\u00e9 \u00e0 la CENCO ! - Infos Droits Humains","isPartOf":{"@id":"https:\/\/infos-droitshumains.net\/#website"},"datePublished":"2021-03-22T18:50:40+00:00","dateModified":"2021-03-22T18:50:43+00:00","breadcrumb":{"@id":"https:\/\/infos-droitshumains.net\/?p=227#breadcrumb"},"inLanguage":"fr-FR","potentialAction":[{"@type":"ReadAction","target":["https:\/\/infos-droitshumains.net\/?p=227"]}]},{"@type":"BreadcrumbList","@id":"https:\/\/infos-droitshumains.net\/?p=227#breadcrumb","itemListElement":[{"@type":"ListItem","position":1,"name":"Accueil","item":"https:\/\/infos-droitshumains.net\/"},{"@type":"ListItem","position":2,"name":"Kalev Mutomb n&rsquo;a jamais \u00e9t\u00e9 appr\u00e9hend\u00e9 \u00e0 la CENCO !"}]},{"@type":"WebSite","@id":"https:\/\/infos-droitshumains.net\/#website","url":"https:\/\/infos-droitshumains.net\/","name":"Infos Droits Humains","description":"S&#039;informer est un droit","publisher":{"@id":"https:\/\/infos-droitshumains.net\/#organization"},"potentialAction":[{"@type":"SearchAction","target":{"@type":"EntryPoint","urlTemplate":"https:\/\/infos-droitshumains.net\/?s={search_term_string}"},"query-input":{"@type":"PropertyValueSpecification","valueRequired":true,"valueName":"search_term_string"}}],"inLanguage":"fr-FR"},{"@type":"Organization","@id":"https:\/\/infos-droitshumains.net\/#organization","name":"Infos Droits Humains","url":"https:\/\/infos-droitshumains.net\/","logo":{"@type":"ImageObject","inLanguage":"fr-FR","@id":"https:\/\/infos-droitshumains.net\/#\/schema\/logo\/image\/","url":"https:\/\/i0.wp.com\/infos-droitshumains.net\/wp-content\/uploads\/2022\/05\/Logo.png?fit=333%2C129&ssl=1","contentUrl":"https:\/\/i0.wp.com\/infos-droitshumains.net\/wp-content\/uploads\/2022\/05\/Logo.png?fit=333%2C129&ssl=1","width":333,"height":129,"caption":"Infos Droits Humains"},"image":{"@id":"https:\/\/infos-droitshumains.net\/#\/schema\/logo\/image\/"}},{"@type":"Person","@id":"https:\/\/infos-droitshumains.net\/#\/schema\/person\/c687b2d67ece0bad81e0ca5316cf434f","name":"dandjes","image":{"@type":"ImageObject","inLanguage":"fr-FR","@id":"https:\/\/secure.gravatar.com\/avatar\/2372c5095bb70e974cbb2a61a12b85b87e7ded23788c71622cda47f9fc9c845a?s=96&d=mm&r=g","url":"https:\/\/secure.gravatar.com\/avatar\/2372c5095bb70e974cbb2a61a12b85b87e7ded23788c71622cda47f9fc9c845a?s=96&d=mm&r=g","contentUrl":"https:\/\/secure.gravatar.com\/avatar\/2372c5095bb70e974cbb2a61a12b85b87e7ded23788c71622cda47f9fc9c845a?s=96&d=mm&r=g","caption":"dandjes"},"sameAs":["https:\/\/infos-droitshumains.net"],"url":"https:\/\/infos-droitshumains.net\/?author=1"}]}},"featured_image_urls":{"full":"","thumbnail":"","medium":"","medium_large":"","large":"","1536x1536":"","2048x2048":"","covernews-slider-full":"","covernews-slider-center":"","covernews-featured":"","covernews-medium":"","covernews-medium-square":""},"author_info":{"display_name":"dandjes","author_link":"https:\/\/infos-droitshumains.net\/?author=1"},"category_info":"Non class\u00e9","tag_info":"","comment_count":"0","jetpack_featured_media_url":"","jetpack-related-posts":[],"jetpack_sharing_enabled":true,"_links":{"self":[{"href":"https:\/\/infos-droitshumains.net\/index.php?rest_route=\/wp\/v2\/posts\/227","targetHints":{"allow":["GET"]}}],"collection":[{"href":"https:\/\/infos-droitshumains.net\/index.php?rest_route=\/wp\/v2\/posts"}],"about":[{"href":"https:\/\/infos-droitshumains.net\/index.php?rest_route=\/wp\/v2\/types\/post"}],"author":[{"embeddable":true,"href":"https:\/\/infos-droitshumains.net\/index.php?rest_route=\/wp\/v2\/users\/1"}],"replies":[{"embeddable":true,"href":"https:\/\/infos-droitshumains.net\/index.php?rest_route=%2Fwp%2Fv2%2Fcomments&post=227"}],"version-history":[{"count":1,"href":"https:\/\/infos-droitshumains.net\/index.php?rest_route=\/wp\/v2\/posts\/227\/revisions"}],"predecessor-version":[{"id":228,"href":"https:\/\/infos-droitshumains.net\/index.php?rest_route=\/wp\/v2\/posts\/227\/revisions\/228"}],"wp:attachment":[{"href":"https:\/\/infos-droitshumains.net\/index.php?rest_route=%2Fwp%2Fv2%2Fmedia&parent=227"}],"wp:term":[{"taxonomy":"category","embeddable":true,"href":"https:\/\/infos-droitshumains.net\/index.php?rest_route=%2Fwp%2Fv2%2Fcategories&post=227"},{"taxonomy":"post_tag","embeddable":true,"href":"https:\/\/infos-droitshumains.net\/index.php?rest_route=%2Fwp%2Fv2%2Ftags&post=227"}],"curies":[{"name":"wp","href":"https:\/\/api.w.org\/{rel}","templated":true}]}}