{"id":2240,"date":"2022-02-28T09:13:07","date_gmt":"2022-02-28T08:13:07","guid":{"rendered":"https:\/\/infos-droitshumains.net\/?p=2240"},"modified":"2023-04-06T12:10:30","modified_gmt":"2023-04-06T10:10:30","slug":"n002-du-06-juin-2019-du-premier-president-de-la-cour-de-cassation-relative-a-linterdiction-dautorisation-des-saisie-arret-et-saisies-conservatoires-par-les-presidents-des-tribunaux-de-commer","status":"publish","type":"post","link":"https:\/\/infos-droitshumains.net\/?p=2240","title":{"rendered":"Controverse juridique de la circulaire n\u00b0002 du 06\/juin\/2019 du premier pr\u00e9sident de la Cour de cassation relative \u00e0 l&rsquo;interdiction d&rsquo;autorisation des saisie-arr\u00eat et saisies conservatoires par les pr\u00e9sidents des tribunaux de commerce (Me. Abed Kayembe Ngoy)"},"content":{"rendered":"\n<p><strong>R\u00e9daction :+243817406088<\/strong><\/p>\n\n\n\n<p>Par cet article les internautes, les justiciables, les praticiens de Droit, les juristes d&rsquo;entreprise, les chercheurs, les \u00e9tudiants posent directement les questions au Ma\u00eetre Kayembe Ngoy Abed, doctrinaire congolais qui r\u00e9pond de mani\u00e8re suivante :<\/p>\n\n\n\n<ol class=\"wp-block-list\"><li>En quoi la circulaire est une controverse l\u00e9gale ?\nPar la pr\u00e9sente circulaire, \u00e0 titre de rappel, le premier pr\u00e9sident de la cour de cassation interdit express\u00e9ment, sous peine des poursuites disciplinaires, aux pr\u00e9sidents des tribunaux de commerce de la RDC d&rsquo;autoriser les saisie-arr\u00eat et saisies-conservatoires que ce soit en mati\u00e8re civile ou commerciale.<\/li><\/ol>\n\n\n\n<p>Qu\u2019il s\u2019ensuit de cette interdiction que, seuls les Pr\u00e9sidents des tribunaux de Grande Instance et les pr\u00e9sidents du Tribunal du travail sont comp\u00e9tents en cette mati\u00e8re du contentieux de l\u2019ex\u00e9cution conclut-il ?<\/p>\n\n\n\n<p>Il est de noter par ailleurs que la pr\u00e9sente circulaire est rest\u00e9e muette sur de nombreuses pr\u00e9occupations importantes d&rsquo;ordre juridique et\/ou notamment les questions suivantes :<\/p>\n\n\n\n<ul class=\"wp-block-list\"><li>le sort de toutes les mesures conservatoires et\/ou mesures d&rsquo;ex\u00e9cution forc\u00e9es prises par les tribunaux de commerce et partant, de la loi ;<\/li><li>le sort des affaires pendantes ou celles prises en d\u00e9lib\u00e9r\u00e9e dans les mati\u00e8res interdites prises par les tribunaux de commerce ;\nEt ces questions ne sont qu&rsquo;une infime \u00e9chantillon des pr\u00e9occupations existantes cr\u00e9\u00e9es par la pr\u00e9sente circulaire, donnant ainsi naissance \u00e0 une r\u00e9elle ins\u00e9curit\u00e9 ou controverse juridique et\/ou judiciaire pour les justiciables ainsi que les praticiens du Droit.<\/li><\/ul>\n\n\n\n<p>2.Quels sont de effets n\u00e9fastes ?<\/p>\n\n\n\n<p>Les effets n\u00e9fastes sont entre autres : <\/p>\n\n\n\n<ul class=\"wp-block-list\"><li>La soustraction des commer\u00e7ants (personnes physiques ou morales) de leur juge naturel, au grave m\u00e9pris de l\u2019article 19 de la Constitution de la RDC en vigueur ;<\/li><li>La cacophonie judiciaire sans pr\u00e9c\u00e9dent sur les suites d\u2019ex\u00e9cution des d\u00e9cisions judiciaires rendues par les Tribunaux de Commerce ;<\/li><li>La d\u00e9gradation du climat des affaires en RDC par la perturbation du cadre juridique et l\u00e9gal dict\u00e9 par le l\u00e9gislateur congolais du 03 juillet 2001 portant cr\u00e9ation, organisation et fonctionnement des Tribunaux de Commerce de la RDC ;<\/li><li>L\u2019inversion du principe fondamental de la l\u00e9galit\u00e9 des actes r\u00e9glementaires  et celui de la hi\u00e9rarchisation de source de droit ;<\/li><\/ul>\n\n\n\n<p>3.Quels sont les contre arguments l\u00e9gaux contre ladite circulaire<\/p>\n\n\n\n<p>Les grandes lignes des aptes anti-circulaire a quo, que nous aimerions porter \u00e0 votre connaissance sont entre autres :<\/p>\n\n\n\n<ul class=\"wp-block-list\"><li>Le trait\u00e9 d&rsquo;OHADA et les actes uniformes s&rsquo;appliquent imm\u00e9diatement et obligatoirement dans les \u00c9tats parties, m\u00eame si, les dispositions l\u00e9gales ou r\u00e9glementaires ant\u00e9rieures ou post\u00e9rieures du droit interne leur sont contraires ;<\/li><li>La loi sp\u00e9ciale d\u00e9roge sur la loi g\u00e9n\u00e9rale, en l&rsquo;occurrence la loi sp\u00e9ciale n\u00b0002-2001 du 3 juillet 2001 portant cr\u00e9ation, organisation et fonctionnement des tribunaux de commerce d\u00e9roge sur la loi g\u00e9n\u00e9rale n\u00b0 13\/011-B du 11 avril 2013 pr\u00e9-rappel\u00e9e ;<\/li><li>Le principe constitutionnel du juge naturel est d&rsquo;ordre public, la partie soustraite contre son gr\u00e9, Le Minist\u00e8re Public ou le juge lui-m\u00eame peuvent soulever en tout temps c&rsquo;est \u00e0 dire m\u00eame pour la premi\u00e8re fois, en appel ou en cassation ;<\/li><li>L&rsquo;\u00e9pineuse question d&rsquo;organisation et de fonctionnement du pouvoir judiciaire rel\u00e8ve du domaine exclusif de la loi conform\u00e9ment \u00e0 l&rsquo;article 122 point 6 de la constitution de la RDC en vigueur et partant, la circulaire est inop\u00e9rante pour conf\u00e9rer une quelconque comp\u00e9tence aux juridictions de l&rsquo;ordre judiciaire de la RDC ;<\/li><li>Le juge congolais, dans l&rsquo;exercice de sa mission, est plac\u00e9 sous la seule autorit\u00e9 de la loi, \u00e0 ce titre, il peut \u00e9carter d&rsquo;office, les actes r\u00e9glementaires contraire \u00e0 la loi, conform\u00e9ment aux articles 150 alin\u00e9a 2 et 153 alin\u00e9a 4 de la constitution de la RDC en vigueur ;<\/li><li>Dans les mati\u00e8res relevant du Droit OHADA, recourt est faut au trait\u00e9 OHADA ainsi qu&rsquo;aux actes uniformes, en cas de silence de ceux-ci, \u00e0 la jurisprudence CCJA conform\u00e9ment \u00e0 l&rsquo;article 20 du trait\u00e9 OHADA ou aux jurisprudence des \u00c9tats membres ;<\/li><li>En cas de silence de la loi dans les mati\u00e8res de renvoi expr\u00e8s, le recourt est fait \u00e0 la loi interne, \u00e0 d\u00e9faut, \u00e0 l&rsquo;ordonnance du 14 mai 1886 de l&rsquo;administrateur g\u00e9n\u00e9ral au Congo -Principes \u00e0 suivre dans les d\u00e9cisions judiciaires qui dispose : &lt;&gt; ;<\/li><\/ul>\n\n\n\n<p>Nous portons \u00e0 la connaissance de nos lecteurs et internautes que la Note circulaire n\u00b0001\/2021 du 4 Mars 2021 du Premier Pr\u00e9sident de la Cour de Cassation rapportant celle n\u00b0002 du 06 juin 2019 portant interdiction d\u2019autorisation  des saisies-arr\u00eats et saisies-conservatoires par les Pr\u00e9sidents des Tribunaux de Commerce,  faisant suite \u00e0 l\u2019arr\u00eat de principe de la Cour Constitutionnelle statuant sous R.Const 1119 est all\u00e9 dans le sens de violation de l\u2019article 19 de la Constitution de la RDC en vigueur pr\u00e9cit\u00e9e.<\/p>\n\n\n\n<p>Pour de plus amples pr\u00e9cisions sur la question, vous \u00eates pri\u00e9s de vous procurer ce s\u00e9same scientifique de l\u2019auteur intitul\u00e9 : \u00ab Controverse juridique de la circulaire n\u00b0002 du 06\/juin\/2019 du premier pr\u00e9sident de la cour de cassation relative \u00e0 l&rsquo;interdiction d&rsquo;autorisation des saisie-arr\u00eat et saisies conservatoires par les pr\u00e9sidents des tribunaux de commerce \u00bb<\/p>\n\n\n\n<p>Pour tout contact<br>\nPour tout contact :<br>\nCabinet MAK, si\u00e8ge social : 248\/B, 3\u00e8me RUE, Q\/Industriel, C\/LImete<br>\nT\u00e9l : +243 81 519 24 72<br>\nEmail : <br>\nabedngoy1@gmail.com <br>\nabedngoy@hotymail.fr <br>\na.kayembe@sca-mak.com <\/p>\n\n\n\n<p>Point de vente :<br> \u2022    Barreau de Kinshasa\/ Matete, 4\u00e8me Rue, Q\/ R\u00e9sidentiel dans la Commune de Limete ;<br> \u2022    Barreau de Kinshasa\/Gombe, Palais de Justice, B\u00e2timent abritant le Conseil d\u2019Etat<br> \u2022    Tribunal de Commerce de Kinshasa\/Matete, 1\u00e8re Rue, FUNA, LImete<br> \u2022    Tribunal de Commerce de Kinshasa\/Gombe, en face de l\u2019Ecole ITI-GOMBE dans l\u2019enceinte de la Concession Office des routes, avenue de la science dans la Commune de la Gombe.<\/p>\n\n\n\n<p>Me. Abed Kayembe Ngoy<\/p>\n","protected":false},"excerpt":{"rendered":"<p>R\u00e9daction :+243817406088 Par cet article les internautes, les justiciables, les praticiens de Droit, les juristes&#8230;<\/p>\n","protected":false},"author":2,"featured_media":0,"comment_status":"closed","ping_status":"open","sticky":false,"template":"","format":"standard","meta":{"_jetpack_memberships_contains_paid_content":false,"footnotes":""},"categories":[1],"tags":[],"class_list":["post-2240","post","type-post","status-publish","format-standard","hentry","category-non-classe"],"yoast_head":"<!-- This site is optimized with the Yoast SEO plugin v27.5 - https:\/\/yoast.com\/product\/yoast-seo-wordpress\/ -->\n<title>Controverse juridique de la circulaire n\u00b0002 du 06\/juin\/2019 du premier pr\u00e9sident de la Cour de cassation relative \u00e0 l&#039;interdiction d&#039;autorisation des saisie-arr\u00eat et saisies conservatoires par les pr\u00e9sidents des tribunaux de commerce (Me. Abed Kayembe Ngoy) - Infos Droits Humains<\/title>\n<meta name=\"robots\" content=\"index, follow, max-snippet:-1, max-image-preview:large, max-video-preview:-1\" \/>\n<link rel=\"canonical\" href=\"https:\/\/infos-droitshumains.net\/?p=2240\" \/>\n<meta property=\"og:locale\" content=\"fr_FR\" \/>\n<meta property=\"og:type\" content=\"article\" \/>\n<meta property=\"og:title\" content=\"Controverse juridique de la circulaire n\u00b0002 du 06\/juin\/2019 du premier pr\u00e9sident de la Cour de cassation relative \u00e0 l&#039;interdiction d&#039;autorisation des saisie-arr\u00eat et saisies conservatoires par les pr\u00e9sidents des tribunaux de commerce (Me. Abed Kayembe Ngoy) - Infos Droits Humains\" \/>\n<meta property=\"og:description\" content=\"R\u00e9daction :+243817406088 Par cet article les internautes, les justiciables, les praticiens de Droit, les juristes...\" \/>\n<meta property=\"og:url\" content=\"https:\/\/infos-droitshumains.net\/?p=2240\" \/>\n<meta property=\"og:site_name\" content=\"Infos Droits Humains\" \/>\n<meta property=\"article:published_time\" content=\"2022-02-28T08:13:07+00:00\" \/>\n<meta property=\"article:modified_time\" content=\"2023-04-06T10:10:30+00:00\" \/>\n<meta name=\"author\" content=\"Jo\u00ebl Diawa\" \/>\n<meta name=\"twitter:card\" content=\"summary_large_image\" \/>\n<meta name=\"twitter:label1\" content=\"\u00c9crit par\" \/>\n\t<meta name=\"twitter:data1\" content=\"Jo\u00ebl Diawa\" \/>\n\t<meta name=\"twitter:label2\" content=\"Dur\u00e9e de lecture estim\u00e9e\" \/>\n\t<meta name=\"twitter:data2\" content=\"5 minutes\" \/>\n<script type=\"application\/ld+json\" class=\"yoast-schema-graph\">{\"@context\":\"https:\\\/\\\/schema.org\",\"@graph\":[{\"@type\":\"Article\",\"@id\":\"https:\\\/\\\/infos-droitshumains.net\\\/?p=2240#article\",\"isPartOf\":{\"@id\":\"https:\\\/\\\/infos-droitshumains.net\\\/?p=2240\"},\"author\":{\"name\":\"Jo\u00ebl Diawa\",\"@id\":\"https:\\\/\\\/infos-droitshumains.net\\\/#\\\/schema\\\/person\\\/3dc5e921c3302172e0ed4362f96faab7\"},\"headline\":\"Controverse juridique de la circulaire n\u00b0002 du 06\\\/juin\\\/2019 du premier pr\u00e9sident de la Cour de cassation relative \u00e0 l&rsquo;interdiction d&rsquo;autorisation des saisie-arr\u00eat et saisies conservatoires par les pr\u00e9sidents des tribunaux de commerce (Me. Abed Kayembe Ngoy)\",\"datePublished\":\"2022-02-28T08:13:07+00:00\",\"dateModified\":\"2023-04-06T10:10:30+00:00\",\"mainEntityOfPage\":{\"@id\":\"https:\\\/\\\/infos-droitshumains.net\\\/?p=2240\"},\"wordCount\":1006,\"publisher\":{\"@id\":\"https:\\\/\\\/infos-droitshumains.net\\\/#organization\"},\"inLanguage\":\"fr-FR\"},{\"@type\":\"WebPage\",\"@id\":\"https:\\\/\\\/infos-droitshumains.net\\\/?p=2240\",\"url\":\"https:\\\/\\\/infos-droitshumains.net\\\/?p=2240\",\"name\":\"Controverse juridique de la circulaire n\u00b0002 du 06\\\/juin\\\/2019 du premier pr\u00e9sident de la Cour de cassation relative \u00e0 l'interdiction d'autorisation des saisie-arr\u00eat et saisies conservatoires par les pr\u00e9sidents des tribunaux de commerce (Me. Abed Kayembe Ngoy) - Infos Droits Humains\",\"isPartOf\":{\"@id\":\"https:\\\/\\\/infos-droitshumains.net\\\/#website\"},\"datePublished\":\"2022-02-28T08:13:07+00:00\",\"dateModified\":\"2023-04-06T10:10:30+00:00\",\"breadcrumb\":{\"@id\":\"https:\\\/\\\/infos-droitshumains.net\\\/?p=2240#breadcrumb\"},\"inLanguage\":\"fr-FR\",\"potentialAction\":[{\"@type\":\"ReadAction\",\"target\":[\"https:\\\/\\\/infos-droitshumains.net\\\/?p=2240\"]}]},{\"@type\":\"BreadcrumbList\",\"@id\":\"https:\\\/\\\/infos-droitshumains.net\\\/?p=2240#breadcrumb\",\"itemListElement\":[{\"@type\":\"ListItem\",\"position\":1,\"name\":\"Accueil\",\"item\":\"https:\\\/\\\/infos-droitshumains.net\\\/\"},{\"@type\":\"ListItem\",\"position\":2,\"name\":\"Controverse juridique de la circulaire n\u00b0002 du 06\\\/juin\\\/2019 du premier pr\u00e9sident de la Cour de cassation relative \u00e0 l&rsquo;interdiction d&rsquo;autorisation des saisie-arr\u00eat et saisies conservatoires par les pr\u00e9sidents des tribunaux de commerce (Me. Abed Kayembe Ngoy)\"}]},{\"@type\":\"WebSite\",\"@id\":\"https:\\\/\\\/infos-droitshumains.net\\\/#website\",\"url\":\"https:\\\/\\\/infos-droitshumains.net\\\/\",\"name\":\"Infos Droits Humains\",\"description\":\"S&#039;informer est un droit\",\"publisher\":{\"@id\":\"https:\\\/\\\/infos-droitshumains.net\\\/#organization\"},\"potentialAction\":[{\"@type\":\"SearchAction\",\"target\":{\"@type\":\"EntryPoint\",\"urlTemplate\":\"https:\\\/\\\/infos-droitshumains.net\\\/?s={search_term_string}\"},\"query-input\":{\"@type\":\"PropertyValueSpecification\",\"valueRequired\":true,\"valueName\":\"search_term_string\"}}],\"inLanguage\":\"fr-FR\"},{\"@type\":\"Organization\",\"@id\":\"https:\\\/\\\/infos-droitshumains.net\\\/#organization\",\"name\":\"Infos Droits Humains\",\"url\":\"https:\\\/\\\/infos-droitshumains.net\\\/\",\"logo\":{\"@type\":\"ImageObject\",\"inLanguage\":\"fr-FR\",\"@id\":\"https:\\\/\\\/infos-droitshumains.net\\\/#\\\/schema\\\/logo\\\/image\\\/\",\"url\":\"https:\\\/\\\/i0.wp.com\\\/infos-droitshumains.net\\\/wp-content\\\/uploads\\\/2022\\\/05\\\/Logo.png?fit=333%2C129&ssl=1\",\"contentUrl\":\"https:\\\/\\\/i0.wp.com\\\/infos-droitshumains.net\\\/wp-content\\\/uploads\\\/2022\\\/05\\\/Logo.png?fit=333%2C129&ssl=1\",\"width\":333,\"height\":129,\"caption\":\"Infos Droits Humains\"},\"image\":{\"@id\":\"https:\\\/\\\/infos-droitshumains.net\\\/#\\\/schema\\\/logo\\\/image\\\/\"}},{\"@type\":\"Person\",\"@id\":\"https:\\\/\\\/infos-droitshumains.net\\\/#\\\/schema\\\/person\\\/3dc5e921c3302172e0ed4362f96faab7\",\"name\":\"Jo\u00ebl Diawa\",\"image\":{\"@type\":\"ImageObject\",\"inLanguage\":\"fr-FR\",\"@id\":\"https:\\\/\\\/secure.gravatar.com\\\/avatar\\\/729bea6ff4604c624417803c477363be8e3c7186deaa65713313f9b4b820f41c?s=96&d=mm&r=g\",\"url\":\"https:\\\/\\\/secure.gravatar.com\\\/avatar\\\/729bea6ff4604c624417803c477363be8e3c7186deaa65713313f9b4b820f41c?s=96&d=mm&r=g\",\"contentUrl\":\"https:\\\/\\\/secure.gravatar.com\\\/avatar\\\/729bea6ff4604c624417803c477363be8e3c7186deaa65713313f9b4b820f41c?s=96&d=mm&r=g\",\"caption\":\"Jo\u00ebl Diawa\"},\"sameAs\":[\"https:\\\/\\\/www.infos-droitshumains.net\"],\"url\":\"https:\\\/\\\/infos-droitshumains.net\\\/?author=2\"}]}<\/script>\n<!-- \/ Yoast SEO plugin. -->","yoast_head_json":{"title":"Controverse juridique de la circulaire n\u00b0002 du 06\/juin\/2019 du premier pr\u00e9sident de la Cour de cassation relative \u00e0 l'interdiction d'autorisation des saisie-arr\u00eat et saisies conservatoires par les pr\u00e9sidents des tribunaux de commerce (Me. Abed Kayembe Ngoy) - Infos Droits Humains","robots":{"index":"index","follow":"follow","max-snippet":"max-snippet:-1","max-image-preview":"max-image-preview:large","max-video-preview":"max-video-preview:-1"},"canonical":"https:\/\/infos-droitshumains.net\/?p=2240","og_locale":"fr_FR","og_type":"article","og_title":"Controverse juridique de la circulaire n\u00b0002 du 06\/juin\/2019 du premier pr\u00e9sident de la Cour de cassation relative \u00e0 l'interdiction d'autorisation des saisie-arr\u00eat et saisies conservatoires par les pr\u00e9sidents des tribunaux de commerce (Me. Abed Kayembe Ngoy) - Infos Droits Humains","og_description":"R\u00e9daction :+243817406088 Par cet article les internautes, les justiciables, les praticiens de Droit, les juristes...","og_url":"https:\/\/infos-droitshumains.net\/?p=2240","og_site_name":"Infos Droits Humains","article_published_time":"2022-02-28T08:13:07+00:00","article_modified_time":"2023-04-06T10:10:30+00:00","author":"Jo\u00ebl Diawa","twitter_card":"summary_large_image","twitter_misc":{"\u00c9crit par":"Jo\u00ebl Diawa","Dur\u00e9e de lecture estim\u00e9e":"5 minutes"},"schema":{"@context":"https:\/\/schema.org","@graph":[{"@type":"Article","@id":"https:\/\/infos-droitshumains.net\/?p=2240#article","isPartOf":{"@id":"https:\/\/infos-droitshumains.net\/?p=2240"},"author":{"name":"Jo\u00ebl Diawa","@id":"https:\/\/infos-droitshumains.net\/#\/schema\/person\/3dc5e921c3302172e0ed4362f96faab7"},"headline":"Controverse juridique de la circulaire n\u00b0002 du 06\/juin\/2019 du premier pr\u00e9sident de la Cour de cassation relative \u00e0 l&rsquo;interdiction d&rsquo;autorisation des saisie-arr\u00eat et saisies conservatoires par les pr\u00e9sidents des tribunaux de commerce (Me. Abed Kayembe Ngoy)","datePublished":"2022-02-28T08:13:07+00:00","dateModified":"2023-04-06T10:10:30+00:00","mainEntityOfPage":{"@id":"https:\/\/infos-droitshumains.net\/?p=2240"},"wordCount":1006,"publisher":{"@id":"https:\/\/infos-droitshumains.net\/#organization"},"inLanguage":"fr-FR"},{"@type":"WebPage","@id":"https:\/\/infos-droitshumains.net\/?p=2240","url":"https:\/\/infos-droitshumains.net\/?p=2240","name":"Controverse juridique de la circulaire n\u00b0002 du 06\/juin\/2019 du premier pr\u00e9sident de la Cour de cassation relative \u00e0 l'interdiction d'autorisation des saisie-arr\u00eat et saisies conservatoires par les pr\u00e9sidents des tribunaux de commerce (Me. Abed Kayembe Ngoy) - Infos Droits Humains","isPartOf":{"@id":"https:\/\/infos-droitshumains.net\/#website"},"datePublished":"2022-02-28T08:13:07+00:00","dateModified":"2023-04-06T10:10:30+00:00","breadcrumb":{"@id":"https:\/\/infos-droitshumains.net\/?p=2240#breadcrumb"},"inLanguage":"fr-FR","potentialAction":[{"@type":"ReadAction","target":["https:\/\/infos-droitshumains.net\/?p=2240"]}]},{"@type":"BreadcrumbList","@id":"https:\/\/infos-droitshumains.net\/?p=2240#breadcrumb","itemListElement":[{"@type":"ListItem","position":1,"name":"Accueil","item":"https:\/\/infos-droitshumains.net\/"},{"@type":"ListItem","position":2,"name":"Controverse juridique de la circulaire n\u00b0002 du 06\/juin\/2019 du premier pr\u00e9sident de la Cour de cassation relative \u00e0 l&rsquo;interdiction d&rsquo;autorisation des saisie-arr\u00eat et saisies conservatoires par les pr\u00e9sidents des tribunaux de commerce (Me. Abed Kayembe Ngoy)"}]},{"@type":"WebSite","@id":"https:\/\/infos-droitshumains.net\/#website","url":"https:\/\/infos-droitshumains.net\/","name":"Infos Droits Humains","description":"S&#039;informer est un droit","publisher":{"@id":"https:\/\/infos-droitshumains.net\/#organization"},"potentialAction":[{"@type":"SearchAction","target":{"@type":"EntryPoint","urlTemplate":"https:\/\/infos-droitshumains.net\/?s={search_term_string}"},"query-input":{"@type":"PropertyValueSpecification","valueRequired":true,"valueName":"search_term_string"}}],"inLanguage":"fr-FR"},{"@type":"Organization","@id":"https:\/\/infos-droitshumains.net\/#organization","name":"Infos Droits Humains","url":"https:\/\/infos-droitshumains.net\/","logo":{"@type":"ImageObject","inLanguage":"fr-FR","@id":"https:\/\/infos-droitshumains.net\/#\/schema\/logo\/image\/","url":"https:\/\/i0.wp.com\/infos-droitshumains.net\/wp-content\/uploads\/2022\/05\/Logo.png?fit=333%2C129&ssl=1","contentUrl":"https:\/\/i0.wp.com\/infos-droitshumains.net\/wp-content\/uploads\/2022\/05\/Logo.png?fit=333%2C129&ssl=1","width":333,"height":129,"caption":"Infos Droits Humains"},"image":{"@id":"https:\/\/infos-droitshumains.net\/#\/schema\/logo\/image\/"}},{"@type":"Person","@id":"https:\/\/infos-droitshumains.net\/#\/schema\/person\/3dc5e921c3302172e0ed4362f96faab7","name":"Jo\u00ebl Diawa","image":{"@type":"ImageObject","inLanguage":"fr-FR","@id":"https:\/\/secure.gravatar.com\/avatar\/729bea6ff4604c624417803c477363be8e3c7186deaa65713313f9b4b820f41c?s=96&d=mm&r=g","url":"https:\/\/secure.gravatar.com\/avatar\/729bea6ff4604c624417803c477363be8e3c7186deaa65713313f9b4b820f41c?s=96&d=mm&r=g","contentUrl":"https:\/\/secure.gravatar.com\/avatar\/729bea6ff4604c624417803c477363be8e3c7186deaa65713313f9b4b820f41c?s=96&d=mm&r=g","caption":"Jo\u00ebl Diawa"},"sameAs":["https:\/\/www.infos-droitshumains.net"],"url":"https:\/\/infos-droitshumains.net\/?author=2"}]}},"featured_image_urls":{"full":"","thumbnail":"","medium":"","medium_large":"","large":"","1536x1536":"","2048x2048":"","covernews-slider-full":"","covernews-slider-center":"","covernews-featured":"","covernews-medium":"","covernews-medium-square":""},"author_info":{"display_name":"Jo\u00ebl Diawa","author_link":"https:\/\/infos-droitshumains.net\/?author=2"},"category_info":"<a href=\"https:\/\/infos-droitshumains.net\/?cat=1\" rel=\"category\">Non class\u00e9<\/a>","tag_info":"Non class\u00e9","comment_count":"0","jetpack_featured_media_url":"","jetpack-related-posts":[],"jetpack_sharing_enabled":true,"_links":{"self":[{"href":"https:\/\/infos-droitshumains.net\/index.php?rest_route=\/wp\/v2\/posts\/2240","targetHints":{"allow":["GET"]}}],"collection":[{"href":"https:\/\/infos-droitshumains.net\/index.php?rest_route=\/wp\/v2\/posts"}],"about":[{"href":"https:\/\/infos-droitshumains.net\/index.php?rest_route=\/wp\/v2\/types\/post"}],"author":[{"embeddable":true,"href":"https:\/\/infos-droitshumains.net\/index.php?rest_route=\/wp\/v2\/users\/2"}],"replies":[{"embeddable":true,"href":"https:\/\/infos-droitshumains.net\/index.php?rest_route=%2Fwp%2Fv2%2Fcomments&post=2240"}],"version-history":[{"count":4,"href":"https:\/\/infos-droitshumains.net\/index.php?rest_route=\/wp\/v2\/posts\/2240\/revisions"}],"predecessor-version":[{"id":2244,"href":"https:\/\/infos-droitshumains.net\/index.php?rest_route=\/wp\/v2\/posts\/2240\/revisions\/2244"}],"wp:attachment":[{"href":"https:\/\/infos-droitshumains.net\/index.php?rest_route=%2Fwp%2Fv2%2Fmedia&parent=2240"}],"wp:term":[{"taxonomy":"category","embeddable":true,"href":"https:\/\/infos-droitshumains.net\/index.php?rest_route=%2Fwp%2Fv2%2Fcategories&post=2240"},{"taxonomy":"post_tag","embeddable":true,"href":"https:\/\/infos-droitshumains.net\/index.php?rest_route=%2Fwp%2Fv2%2Ftags&post=2240"}],"curies":[{"name":"wp","href":"https:\/\/api.w.org\/{rel}","templated":true}]}}