{"id":2204,"date":"2022-02-26T21:18:11","date_gmt":"2022-02-26T20:18:11","guid":{"rendered":"https:\/\/infos-droitshumains.net\/?p=2204"},"modified":"2023-04-06T12:10:30","modified_gmt":"2023-04-06T10:10:30","slug":"kinshasa-le-barreau-de-kinshasa-gombe-lance-la-formation-des-avocats-stagiaires","status":"publish","type":"post","link":"https:\/\/infos-droitshumains.net\/?p=2204","title":{"rendered":"Kinshasa : Le barreau de Kinshasa\/Gombe lance la formation des avocats stagiaires"},"content":{"rendered":"\n<p><strong>R\u00e9daction :+243817406088<\/strong><\/p>\n\n\n\n<p>La formation permanente reste le quotidien de l&rsquo;avocat \u00e0-travers le monde. Ce m\u00eame avocat doit \u00eatre soumis \u00e0 la formation sur la d\u00e9ontologie professionnelle et la discipline.  C&rsquo;est pour cette raison que le barreau de Kinshasa Gombe a t\u00e9nu \u00e0 mettre \u00e0 jour ces Avocats stagiaires. Au total, 73 avocats stagiaires de ce barreau sont soumis depuis ce samedi 26 f\u00e9vrier, \u00e0 la formation d\u00e9ontologie.<\/p>\n\n\n\n<figure class=\"wp-block-image alignfull size-large\"><img data-recalc-dims=\"1\" height=\"480\" width=\"640\" decoding=\"async\" src=\"https:\/\/i0.wp.com\/infos-droitshumains.net\/wp-content\/uploads\/2022\/02\/IMG-20220226-WA0035_1-1024x768.jpg?resize=640%2C480&#038;ssl=1\" alt=\"\" class=\"wp-image-2212\"\/><\/figure>\n\n\n\n<p>Cette formation qui durera 6 mois sera ax\u00e9e sur la d\u00e9ontologie des avocats, la loi qui r\u00e9git le barreau, les incompatibilit\u00e9s, les devoirs, les droits des avocats ainsi le proc\u00e8s disciplinaire.<\/p>\n\n\n\n<p>Dans son mot d\u2019ouverture, Me. Jean-Claude Mbaki a rappel\u00e9 \u00e0 ces apprenants que la discipline et la ponctualit\u00e9 sont des valeurs qui doivent pr\u00e9sid\u00e9es \u00e0 la destin\u00e9e d&rsquo;un avocat :<\/p>\n\n\n\n<p><strong><em>\u00abVous n\u2019aurez pas d\u2019excuse, parce-que l\u2019occasion  vous est donn\u00e9 de vous abreuver des r\u00e8gles qui r\u00e9gissent notre profession. Prenez le temps de venir \u00e0 l\u2019heure. Si vous ratez ce moment en terme des r\u00e8gles \u00e9l\u00e9mentaires de ponctualit\u00e9, moi j\u2019en paie le prix\u00bb.<\/em><\/strong><\/p>\n\n\n\n<figure class=\"wp-block-image alignfull size-large\"><img data-recalc-dims=\"1\" decoding=\"async\" src=\"https:\/\/i0.wp.com\/infos-droitshumains.net\/wp-content\/uploads\/2022\/02\/IMG-20220226-WA0038_1.jpg?w=640&#038;ssl=1\" alt=\"\" class=\"wp-image-2214\"\/><\/figure>\n\n\n\n<p>Le b\u00e2tonnier de l\u2019ordre du barreau de Kinshasa\/Gombe a inculqu\u00e9 aux stagiaires d\u2019excellence qui doit \u00eatre le mode de vie d&rsquo;un avocat :<\/p>\n\n\n\n<p><strong><em>\u00abLa pr\u00e9sence, le design, la propret\u00e9, l\u2019excellence constituent des \u00e9l\u00e9ments essentiels de la profession d\u2019avocat\u00bb.<\/em><\/strong><\/p>\n\n\n\n<p>Il a en outre, rappel\u00e9 aux formateurs, leur lourde responsabilit\u00e9 :<\/p>\n\n\n\n<p><strong><em>\u00abCes avocats attendent beaucoup de vous. La notion de d\u00e9ontologie est illimit\u00e9e. Le droit \u00e9tant mouvant, le comportement de l\u2019avocat doit l\u2019\u00eatre \u00e9galement. Il est tr\u00e8s difficile de circonscrire les r\u00e8gles d\u00e9ontologiques. Vous avez la mission de leur donner l\u2019essentiel de ces r\u00e8gles. Les avocats que je met \u00e0 votre disposition, vous avez le devoir de leur inoculer l\u2019ADN du bureau\u00bb<\/em><\/strong>.<\/p>\n\n\n\n<figure class=\"wp-block-image alignfull size-large\"><img data-recalc-dims=\"1\" decoding=\"async\" src=\"https:\/\/i0.wp.com\/infos-droitshumains.net\/wp-content\/uploads\/2022\/02\/IMG-20220226-WA0029_1.jpg?w=640&#038;ssl=1\" alt=\"\" class=\"wp-image-2216\"\/><\/figure>\n\n\n\n<p>Un appel bien capt\u00e9 par la commission de formation. B\u00e2tonnier Omer F\u00e9lix Mwanza Mbiya, son pr\u00e9sident en est conscient :<\/p>\n\n\n\n<p><strong><em>\u00abPendant les 6 mois de formation, nous nous occupons des jeunes confr\u00e8res qui entrent au barreau pour qu\u2019ils apprennent \u00e0 se comporter, \u00e0 revoir la client\u00e8le, \u00e0 tenir des Bonnes relations avec  les autres avocats, avec les magistrats, avec les tierces personnes. Tous ces principes sont appris pendant la formation. On lui apprend \u00e9galement \u00e0 mieux d\u00e9fendre le dossier qui est entre ses mains, on lui apprend le droit sur le barreau\u00bb <\/em><\/strong>a-t-il d\u00e9clar\u00e9.<\/p>\n\n\n\n<figure class=\"wp-block-image alignfull size-large\"><img data-recalc-dims=\"1\" height=\"458\" width=\"640\" decoding=\"async\" src=\"https:\/\/i0.wp.com\/infos-droitshumains.net\/wp-content\/uploads\/2022\/02\/IMG-20220226-WA0039_1-1024x732.jpg?resize=640%2C458&#038;ssl=1\" alt=\"\" class=\"wp-image-2218\"\/><\/figure>\n\n\n\n<p>Apr\u00e8s 6 mois de formation, il y a un test qui sera tenu \u00e0 l\u2019intention ces stagiaires en deux sessions. Un test \u00e9crit et oral. Ceux qui satisferont, seront inscrits au tableau de l\u2019ordre.<\/p>\n\n\n\n<figure class=\"wp-block-image alignfull size-large\"><img data-recalc-dims=\"1\" height=\"480\" width=\"640\" decoding=\"async\" src=\"https:\/\/i0.wp.com\/infos-droitshumains.net\/wp-content\/uploads\/2022\/02\/IMG-20220226-WA0034_1-1024x768.jpg?resize=640%2C480&#038;ssl=1\" alt=\"\" class=\"wp-image-2224\"\/><\/figure>\n\n\n\n<p>La solennit\u00e9 de cette c\u00e9r\u00e9monie s\u2019est \u00e9galement justifi\u00e9 par la pr\u00e9sence de plusieurs invit\u00e9s de marque parmi lesquelles, Ma\u00eetre Kayudi Misamu Coco, b\u00e2tonnier de l\u2019ordre du barreau de Kinshasa\/Matete et les magistrats de certaines juridictions de Kinshasa.<\/p>\n\n\n\n<figure class=\"wp-block-image alignfull size-large\"><img data-recalc-dims=\"1\" decoding=\"async\" src=\"https:\/\/i0.wp.com\/infos-droitshumains.net\/wp-content\/uploads\/2022\/02\/IMG-20220226-WA0036_1.jpg?w=640&#038;ssl=1\" alt=\"\" class=\"wp-image-2222\"\/><\/figure>\n\n\n\n<p>La pr\u00e9sence de quelques b\u00e2tonniers et doyens honneurs barreau de Kinshasa\/Gombe a \u00e9galement \u00e9t\u00e9 signal\u00e9.<\/p>\n\n\n\n<p>Jean-Claude Mbaki a voulu que cette c\u00e9r\u00e9monie soit en pr\u00e9sence ces a\u00een\u00e9s a\u00een\u00e9s pour qu\u2019ils sachent qu\u2019ils ne sont pas oubli\u00e9 ; Car, le barreau de KiKinshas\/Gombe l\u2019est \u00abparce-qu\u2019ils ont eu \u00e0 donner le meilleur d\u2019eux m\u00eame\u00bb a soulign\u00e9 le b\u00e2tonnier Jean-Claude Mbaki.<\/p>\n\n\n\n<p>Jo\u00ebl Diawa<\/p>\n","protected":false},"excerpt":{"rendered":"<p>R\u00e9daction :+243817406088 La formation permanente reste le quotidien de l&rsquo;avocat \u00e0-travers le monde. Ce m\u00eame&#8230;<\/p>\n","protected":false},"author":2,"featured_media":0,"comment_status":"closed","ping_status":"open","sticky":false,"template":"","format":"standard","meta":{"_jetpack_memberships_contains_paid_content":false,"footnotes":""},"categories":[1],"tags":[],"class_list":["post-2204","post","type-post","status-publish","format-standard","hentry","category-non-classe"],"yoast_head":"<!-- This site is optimized with the Yoast SEO plugin v27.5 - https:\/\/yoast.com\/product\/yoast-seo-wordpress\/ -->\n<title>Kinshasa : Le barreau de Kinshasa\/Gombe lance la formation des avocats stagiaires - Infos Droits Humains<\/title>\n<meta name=\"robots\" content=\"index, follow, max-snippet:-1, max-image-preview:large, max-video-preview:-1\" \/>\n<link rel=\"canonical\" href=\"https:\/\/infos-droitshumains.net\/?p=2204\" \/>\n<meta property=\"og:locale\" content=\"fr_FR\" \/>\n<meta property=\"og:type\" content=\"article\" \/>\n<meta property=\"og:title\" content=\"Kinshasa : Le barreau de Kinshasa\/Gombe lance la formation des avocats stagiaires - Infos Droits Humains\" \/>\n<meta property=\"og:description\" content=\"R\u00e9daction :+243817406088 La formation permanente reste le quotidien de l&rsquo;avocat \u00e0-travers le monde. Ce m\u00eame...\" \/>\n<meta property=\"og:url\" content=\"https:\/\/infos-droitshumains.net\/?p=2204\" \/>\n<meta property=\"og:site_name\" content=\"Infos Droits Humains\" \/>\n<meta property=\"article:published_time\" content=\"2022-02-26T20:18:11+00:00\" \/>\n<meta property=\"article:modified_time\" content=\"2023-04-06T10:10:30+00:00\" \/>\n<meta property=\"og:image\" content=\"https:\/\/infos-droitshumains.net\/wp-content\/uploads\/2022\/02\/IMG-20220226-WA0035_1-1024x768.jpg\" \/>\n<meta name=\"author\" content=\"Jo\u00ebl Diawa\" \/>\n<meta name=\"twitter:card\" content=\"summary_large_image\" \/>\n<meta name=\"twitter:label1\" content=\"\u00c9crit par\" \/>\n\t<meta name=\"twitter:data1\" content=\"Jo\u00ebl Diawa\" \/>\n\t<meta name=\"twitter:label2\" content=\"Dur\u00e9e de lecture estim\u00e9e\" \/>\n\t<meta name=\"twitter:data2\" content=\"3 minutes\" \/>\n<script type=\"application\/ld+json\" class=\"yoast-schema-graph\">{\"@context\":\"https:\\\/\\\/schema.org\",\"@graph\":[{\"@type\":\"Article\",\"@id\":\"https:\\\/\\\/infos-droitshumains.net\\\/?p=2204#article\",\"isPartOf\":{\"@id\":\"https:\\\/\\\/infos-droitshumains.net\\\/?p=2204\"},\"author\":{\"name\":\"Jo\u00ebl Diawa\",\"@id\":\"https:\\\/\\\/infos-droitshumains.net\\\/#\\\/schema\\\/person\\\/3dc5e921c3302172e0ed4362f96faab7\"},\"headline\":\"Kinshasa : Le barreau de Kinshasa\\\/Gombe lance la formation des avocats stagiaires\",\"datePublished\":\"2022-02-26T20:18:11+00:00\",\"dateModified\":\"2023-04-06T10:10:30+00:00\",\"mainEntityOfPage\":{\"@id\":\"https:\\\/\\\/infos-droitshumains.net\\\/?p=2204\"},\"wordCount\":573,\"publisher\":{\"@id\":\"https:\\\/\\\/infos-droitshumains.net\\\/#organization\"},\"image\":{\"@id\":\"https:\\\/\\\/infos-droitshumains.net\\\/?p=2204#primaryimage\"},\"thumbnailUrl\":\"https:\\\/\\\/infos-droitshumains.net\\\/wp-content\\\/uploads\\\/2022\\\/02\\\/IMG-20220226-WA0035_1-1024x768.jpg\",\"inLanguage\":\"fr-FR\"},{\"@type\":\"WebPage\",\"@id\":\"https:\\\/\\\/infos-droitshumains.net\\\/?p=2204\",\"url\":\"https:\\\/\\\/infos-droitshumains.net\\\/?p=2204\",\"name\":\"Kinshasa : Le barreau de Kinshasa\\\/Gombe lance la formation des avocats stagiaires - Infos Droits Humains\",\"isPartOf\":{\"@id\":\"https:\\\/\\\/infos-droitshumains.net\\\/#website\"},\"primaryImageOfPage\":{\"@id\":\"https:\\\/\\\/infos-droitshumains.net\\\/?p=2204#primaryimage\"},\"image\":{\"@id\":\"https:\\\/\\\/infos-droitshumains.net\\\/?p=2204#primaryimage\"},\"thumbnailUrl\":\"https:\\\/\\\/infos-droitshumains.net\\\/wp-content\\\/uploads\\\/2022\\\/02\\\/IMG-20220226-WA0035_1-1024x768.jpg\",\"datePublished\":\"2022-02-26T20:18:11+00:00\",\"dateModified\":\"2023-04-06T10:10:30+00:00\",\"breadcrumb\":{\"@id\":\"https:\\\/\\\/infos-droitshumains.net\\\/?p=2204#breadcrumb\"},\"inLanguage\":\"fr-FR\",\"potentialAction\":[{\"@type\":\"ReadAction\",\"target\":[\"https:\\\/\\\/infos-droitshumains.net\\\/?p=2204\"]}]},{\"@type\":\"ImageObject\",\"inLanguage\":\"fr-FR\",\"@id\":\"https:\\\/\\\/infos-droitshumains.net\\\/?p=2204#primaryimage\",\"url\":\"https:\\\/\\\/infos-droitshumains.net\\\/wp-content\\\/uploads\\\/2022\\\/02\\\/IMG-20220226-WA0035_1-1024x768.jpg\",\"contentUrl\":\"https:\\\/\\\/infos-droitshumains.net\\\/wp-content\\\/uploads\\\/2022\\\/02\\\/IMG-20220226-WA0035_1-1024x768.jpg\"},{\"@type\":\"BreadcrumbList\",\"@id\":\"https:\\\/\\\/infos-droitshumains.net\\\/?p=2204#breadcrumb\",\"itemListElement\":[{\"@type\":\"ListItem\",\"position\":1,\"name\":\"Accueil\",\"item\":\"https:\\\/\\\/infos-droitshumains.net\\\/\"},{\"@type\":\"ListItem\",\"position\":2,\"name\":\"Kinshasa : Le barreau de Kinshasa\\\/Gombe lance la formation des avocats stagiaires\"}]},{\"@type\":\"WebSite\",\"@id\":\"https:\\\/\\\/infos-droitshumains.net\\\/#website\",\"url\":\"https:\\\/\\\/infos-droitshumains.net\\\/\",\"name\":\"Infos Droits Humains\",\"description\":\"S&#039;informer est un droit\",\"publisher\":{\"@id\":\"https:\\\/\\\/infos-droitshumains.net\\\/#organization\"},\"potentialAction\":[{\"@type\":\"SearchAction\",\"target\":{\"@type\":\"EntryPoint\",\"urlTemplate\":\"https:\\\/\\\/infos-droitshumains.net\\\/?s={search_term_string}\"},\"query-input\":{\"@type\":\"PropertyValueSpecification\",\"valueRequired\":true,\"valueName\":\"search_term_string\"}}],\"inLanguage\":\"fr-FR\"},{\"@type\":\"Organization\",\"@id\":\"https:\\\/\\\/infos-droitshumains.net\\\/#organization\",\"name\":\"Infos Droits Humains\",\"url\":\"https:\\\/\\\/infos-droitshumains.net\\\/\",\"logo\":{\"@type\":\"ImageObject\",\"inLanguage\":\"fr-FR\",\"@id\":\"https:\\\/\\\/infos-droitshumains.net\\\/#\\\/schema\\\/logo\\\/image\\\/\",\"url\":\"https:\\\/\\\/i0.wp.com\\\/infos-droitshumains.net\\\/wp-content\\\/uploads\\\/2022\\\/05\\\/Logo.png?fit=333%2C129&ssl=1\",\"contentUrl\":\"https:\\\/\\\/i0.wp.com\\\/infos-droitshumains.net\\\/wp-content\\\/uploads\\\/2022\\\/05\\\/Logo.png?fit=333%2C129&ssl=1\",\"width\":333,\"height\":129,\"caption\":\"Infos Droits Humains\"},\"image\":{\"@id\":\"https:\\\/\\\/infos-droitshumains.net\\\/#\\\/schema\\\/logo\\\/image\\\/\"}},{\"@type\":\"Person\",\"@id\":\"https:\\\/\\\/infos-droitshumains.net\\\/#\\\/schema\\\/person\\\/3dc5e921c3302172e0ed4362f96faab7\",\"name\":\"Jo\u00ebl Diawa\",\"image\":{\"@type\":\"ImageObject\",\"inLanguage\":\"fr-FR\",\"@id\":\"https:\\\/\\\/secure.gravatar.com\\\/avatar\\\/729bea6ff4604c624417803c477363be8e3c7186deaa65713313f9b4b820f41c?s=96&d=mm&r=g\",\"url\":\"https:\\\/\\\/secure.gravatar.com\\\/avatar\\\/729bea6ff4604c624417803c477363be8e3c7186deaa65713313f9b4b820f41c?s=96&d=mm&r=g\",\"contentUrl\":\"https:\\\/\\\/secure.gravatar.com\\\/avatar\\\/729bea6ff4604c624417803c477363be8e3c7186deaa65713313f9b4b820f41c?s=96&d=mm&r=g\",\"caption\":\"Jo\u00ebl Diawa\"},\"sameAs\":[\"https:\\\/\\\/www.infos-droitshumains.net\"],\"url\":\"https:\\\/\\\/infos-droitshumains.net\\\/?author=2\"}]}<\/script>\n<!-- \/ Yoast SEO plugin. -->","yoast_head_json":{"title":"Kinshasa : Le barreau de Kinshasa\/Gombe lance la formation des avocats stagiaires - Infos Droits Humains","robots":{"index":"index","follow":"follow","max-snippet":"max-snippet:-1","max-image-preview":"max-image-preview:large","max-video-preview":"max-video-preview:-1"},"canonical":"https:\/\/infos-droitshumains.net\/?p=2204","og_locale":"fr_FR","og_type":"article","og_title":"Kinshasa : Le barreau de Kinshasa\/Gombe lance la formation des avocats stagiaires - Infos Droits Humains","og_description":"R\u00e9daction :+243817406088 La formation permanente reste le quotidien de l&rsquo;avocat \u00e0-travers le monde. Ce m\u00eame...","og_url":"https:\/\/infos-droitshumains.net\/?p=2204","og_site_name":"Infos Droits Humains","article_published_time":"2022-02-26T20:18:11+00:00","article_modified_time":"2023-04-06T10:10:30+00:00","og_image":[{"url":"https:\/\/infos-droitshumains.net\/wp-content\/uploads\/2022\/02\/IMG-20220226-WA0035_1-1024x768.jpg","type":"","width":"","height":""}],"author":"Jo\u00ebl Diawa","twitter_card":"summary_large_image","twitter_misc":{"\u00c9crit par":"Jo\u00ebl Diawa","Dur\u00e9e de lecture estim\u00e9e":"3 minutes"},"schema":{"@context":"https:\/\/schema.org","@graph":[{"@type":"Article","@id":"https:\/\/infos-droitshumains.net\/?p=2204#article","isPartOf":{"@id":"https:\/\/infos-droitshumains.net\/?p=2204"},"author":{"name":"Jo\u00ebl Diawa","@id":"https:\/\/infos-droitshumains.net\/#\/schema\/person\/3dc5e921c3302172e0ed4362f96faab7"},"headline":"Kinshasa : Le barreau de Kinshasa\/Gombe lance la formation des avocats stagiaires","datePublished":"2022-02-26T20:18:11+00:00","dateModified":"2023-04-06T10:10:30+00:00","mainEntityOfPage":{"@id":"https:\/\/infos-droitshumains.net\/?p=2204"},"wordCount":573,"publisher":{"@id":"https:\/\/infos-droitshumains.net\/#organization"},"image":{"@id":"https:\/\/infos-droitshumains.net\/?p=2204#primaryimage"},"thumbnailUrl":"https:\/\/infos-droitshumains.net\/wp-content\/uploads\/2022\/02\/IMG-20220226-WA0035_1-1024x768.jpg","inLanguage":"fr-FR"},{"@type":"WebPage","@id":"https:\/\/infos-droitshumains.net\/?p=2204","url":"https:\/\/infos-droitshumains.net\/?p=2204","name":"Kinshasa : Le barreau de Kinshasa\/Gombe lance la formation des avocats stagiaires - Infos Droits Humains","isPartOf":{"@id":"https:\/\/infos-droitshumains.net\/#website"},"primaryImageOfPage":{"@id":"https:\/\/infos-droitshumains.net\/?p=2204#primaryimage"},"image":{"@id":"https:\/\/infos-droitshumains.net\/?p=2204#primaryimage"},"thumbnailUrl":"https:\/\/infos-droitshumains.net\/wp-content\/uploads\/2022\/02\/IMG-20220226-WA0035_1-1024x768.jpg","datePublished":"2022-02-26T20:18:11+00:00","dateModified":"2023-04-06T10:10:30+00:00","breadcrumb":{"@id":"https:\/\/infos-droitshumains.net\/?p=2204#breadcrumb"},"inLanguage":"fr-FR","potentialAction":[{"@type":"ReadAction","target":["https:\/\/infos-droitshumains.net\/?p=2204"]}]},{"@type":"ImageObject","inLanguage":"fr-FR","@id":"https:\/\/infos-droitshumains.net\/?p=2204#primaryimage","url":"https:\/\/infos-droitshumains.net\/wp-content\/uploads\/2022\/02\/IMG-20220226-WA0035_1-1024x768.jpg","contentUrl":"https:\/\/infos-droitshumains.net\/wp-content\/uploads\/2022\/02\/IMG-20220226-WA0035_1-1024x768.jpg"},{"@type":"BreadcrumbList","@id":"https:\/\/infos-droitshumains.net\/?p=2204#breadcrumb","itemListElement":[{"@type":"ListItem","position":1,"name":"Accueil","item":"https:\/\/infos-droitshumains.net\/"},{"@type":"ListItem","position":2,"name":"Kinshasa : Le barreau de Kinshasa\/Gombe lance la formation des avocats stagiaires"}]},{"@type":"WebSite","@id":"https:\/\/infos-droitshumains.net\/#website","url":"https:\/\/infos-droitshumains.net\/","name":"Infos Droits Humains","description":"S&#039;informer est un droit","publisher":{"@id":"https:\/\/infos-droitshumains.net\/#organization"},"potentialAction":[{"@type":"SearchAction","target":{"@type":"EntryPoint","urlTemplate":"https:\/\/infos-droitshumains.net\/?s={search_term_string}"},"query-input":{"@type":"PropertyValueSpecification","valueRequired":true,"valueName":"search_term_string"}}],"inLanguage":"fr-FR"},{"@type":"Organization","@id":"https:\/\/infos-droitshumains.net\/#organization","name":"Infos Droits Humains","url":"https:\/\/infos-droitshumains.net\/","logo":{"@type":"ImageObject","inLanguage":"fr-FR","@id":"https:\/\/infos-droitshumains.net\/#\/schema\/logo\/image\/","url":"https:\/\/i0.wp.com\/infos-droitshumains.net\/wp-content\/uploads\/2022\/05\/Logo.png?fit=333%2C129&ssl=1","contentUrl":"https:\/\/i0.wp.com\/infos-droitshumains.net\/wp-content\/uploads\/2022\/05\/Logo.png?fit=333%2C129&ssl=1","width":333,"height":129,"caption":"Infos Droits Humains"},"image":{"@id":"https:\/\/infos-droitshumains.net\/#\/schema\/logo\/image\/"}},{"@type":"Person","@id":"https:\/\/infos-droitshumains.net\/#\/schema\/person\/3dc5e921c3302172e0ed4362f96faab7","name":"Jo\u00ebl Diawa","image":{"@type":"ImageObject","inLanguage":"fr-FR","@id":"https:\/\/secure.gravatar.com\/avatar\/729bea6ff4604c624417803c477363be8e3c7186deaa65713313f9b4b820f41c?s=96&d=mm&r=g","url":"https:\/\/secure.gravatar.com\/avatar\/729bea6ff4604c624417803c477363be8e3c7186deaa65713313f9b4b820f41c?s=96&d=mm&r=g","contentUrl":"https:\/\/secure.gravatar.com\/avatar\/729bea6ff4604c624417803c477363be8e3c7186deaa65713313f9b4b820f41c?s=96&d=mm&r=g","caption":"Jo\u00ebl Diawa"},"sameAs":["https:\/\/www.infos-droitshumains.net"],"url":"https:\/\/infos-droitshumains.net\/?author=2"}]}},"featured_image_urls":{"full":"","thumbnail":"","medium":"","medium_large":"","large":"","1536x1536":"","2048x2048":"","covernews-slider-full":"","covernews-slider-center":"","covernews-featured":"","covernews-medium":"","covernews-medium-square":""},"author_info":{"display_name":"Jo\u00ebl Diawa","author_link":"https:\/\/infos-droitshumains.net\/?author=2"},"category_info":"<a href=\"https:\/\/infos-droitshumains.net\/?cat=1\" rel=\"category\">Non class\u00e9<\/a>","tag_info":"Non class\u00e9","comment_count":"0","jetpack_featured_media_url":"","jetpack-related-posts":[],"jetpack_sharing_enabled":true,"_links":{"self":[{"href":"https:\/\/infos-droitshumains.net\/index.php?rest_route=\/wp\/v2\/posts\/2204","targetHints":{"allow":["GET"]}}],"collection":[{"href":"https:\/\/infos-droitshumains.net\/index.php?rest_route=\/wp\/v2\/posts"}],"about":[{"href":"https:\/\/infos-droitshumains.net\/index.php?rest_route=\/wp\/v2\/types\/post"}],"author":[{"embeddable":true,"href":"https:\/\/infos-droitshumains.net\/index.php?rest_route=\/wp\/v2\/users\/2"}],"replies":[{"embeddable":true,"href":"https:\/\/infos-droitshumains.net\/index.php?rest_route=%2Fwp%2Fv2%2Fcomments&post=2204"}],"version-history":[{"count":13,"href":"https:\/\/infos-droitshumains.net\/index.php?rest_route=\/wp\/v2\/posts\/2204\/revisions"}],"predecessor-version":[{"id":2249,"href":"https:\/\/infos-droitshumains.net\/index.php?rest_route=\/wp\/v2\/posts\/2204\/revisions\/2249"}],"wp:attachment":[{"href":"https:\/\/infos-droitshumains.net\/index.php?rest_route=%2Fwp%2Fv2%2Fmedia&parent=2204"}],"wp:term":[{"taxonomy":"category","embeddable":true,"href":"https:\/\/infos-droitshumains.net\/index.php?rest_route=%2Fwp%2Fv2%2Fcategories&post=2204"},{"taxonomy":"post_tag","embeddable":true,"href":"https:\/\/infos-droitshumains.net\/index.php?rest_route=%2Fwp%2Fv2%2Ftags&post=2204"}],"curies":[{"name":"wp","href":"https:\/\/api.w.org\/{rel}","templated":true}]}}