{"id":2173,"date":"2022-02-26T09:29:19","date_gmt":"2022-02-26T08:29:19","guid":{"rendered":"https:\/\/infos-droitshumains.net\/?p=2173"},"modified":"2023-04-06T12:10:30","modified_gmt":"2023-04-06T10:10:30","slug":"inpp-patrick-kayembe-nsumpi-un-choix-judicieux-de-felix-tshisekedi","status":"publish","type":"post","link":"https:\/\/infos-droitshumains.net\/?p=2173","title":{"rendered":"Inpp : Patrick Kayembe Nsumpi, un choix judicieux de F\u00e9lix Tshisekedi"},"content":{"rendered":"\n<p><strong>R\u00e9daction :+243817406088<\/strong><\/p>\n\n\n\n<p>Les enqu\u00eates de l&rsquo;Inspection G\u00e9n\u00e9rale des Finances men\u00e9es entre 2019 et 2020 sur la gestion des entreprises publiques ont mis \u00e0 nu les cas av\u00e9r\u00e9s de d\u00e9tournement des fonds publics accompagn\u00e9s des m\u00e9gestion grave de ces entreprises. L\u2019option de la suspension des mandataires publics cit\u00e9s par ce rapport avait \u00e9t\u00e9 lev\u00e9, et le pr\u00e9sident de la R\u00e9publique, suivant sa vision de la lutte contre le d\u00e9tournement, a proc\u00e9d\u00e9 \u00e0 la nomination d\u2019autres mandataires \u00e0 titre int\u00e9rimaire.<\/p>\n\n\n\n<p>Au nombre de ces nouveaux mandataires, se trouve une personne qui imprime sa marque en faisant preuve des capacit\u00e9s manag\u00e9riales tr\u00e8s av\u00e9r\u00e9es.<\/p>\n\n\n\n<p>Il s\u2019agit Patrick Kayembe Nsumpi, Directeur G\u00e9n\u00e9ral ai de l\u2019Institut Nationale de Pr\u00e9paration Professionnelle, INPP.<\/p>\n\n\n\n<p>Hormis ses qualit\u00e9s intrins\u00e8ques, Patrick Kayembe est anim\u00e9 d\u2019un suppl\u00e9ment d\u2019\u00e2me. D\u00e8s son entr\u00e9e en fonction, impl\u00e9ment\u00e9 l\u2019INPP en initiant plusieurs actions \u00e0 impact visible. Unit\u00e9, travail, conscience professionnelle et sociale des agents, tel est la ligne directrice de l\u2019actuel Directeur G\u00e9n\u00e9ral int\u00e9rimaire de l\u2019INPP.<\/p>\n\n\n\n<p><strong><em>La modernisation de l\u2019INPP<\/em><\/strong><\/p>\n\n\n\n<p>Avec sa  vison du changement, Patrick Kayembe a estim\u00e9 que tout doit passer par la modernisation de l\u2019INPP. C\u2019est ainsi qu&rsquo;il lanc\u00e9 L&rsquo;op\u00e9ration de num\u00e9risation de l\u2019administration de cet \u00e9tablissement. Il a initi\u00e9 l\u2019octroie des cartes biom\u00e9triques de services et le recensement des agents. C\u2019est ce qui l\u2019a d&rsquo;ailleurs valu le surnom de <strong><em>\u00abl\u2019homme de la modernisation\u00bb.<\/em><\/strong><\/p>\n\n\n\n<p><strong><em>La formation et les formateurs au centre de son action<\/em><\/strong><\/p>\n\n\n\n<p>Avec cette \u00e9nergie nouvelle qu\u2019il incarne, Patrick Kayembe incite les agents \u00e0 se performer. Le manager de l\u2019INPP entend redorer l\u2019image du formateur, longtemps marginalis\u00e9.  Depuis sa prise des fonctions.  Il a toujours estim\u00e9 que la formation constitue l\u2019objet social de l\u2019entreprise et le socle de sa vocation. A toute action, dit-il, <strong>\u00ables int\u00e9r\u00eats des formateurs doivent primer\u00bb.<\/strong><\/p>\n\n\n\n<p>Pour parvenir \u00e0 cet objectif, le patron de cet \u00e9tablissement s\u2019emploie tous les jours pour que les encadreurs ne restent pas en marge de toutes les innovations technologiques. Dans sa politique, il a su cr\u00e9er les conditions de travail favorables pour rendre au formateur de l\u2019INPP sa dignit\u00e9 et son honneur.<\/p>\n\n\n\n<p><em>\u00abDepuis qu\u2019il est l\u00e0, les ressources humaines sont sa pr\u00e9occupation majeure. Il nous met dans des conditions tr\u00e8s confortable\u00bb <\/em>l\u2019a  encens\u00e9, un cadre de l\u2019INPP.<\/p>\n\n\n\n<p>Patrick Kayembe met aussi en exergue, les modules de formation qui met l\u2019accent sur l\u2019auto-emploi. Dans cette nouvelle approche,<em> \u00ables form\u00e9s seront \u00e0 mesure de cr\u00e9er leurs propres emplois afin d\u2019\u00eatre autonomes\u00bb<\/em>. Ce projet s\u2019inscrit dans le cadre de la vision du chef de l\u2019\u00c9tat, \u00e0 savoir,<em><strong> \u00abcr\u00e9er une classe moyenne en RDC\u00bb.<\/strong><\/em><\/p>\n\n\n\n<p>C\u2019est dans ce cadre qu\u2019il avait organis\u00e9 une tourn\u00e9e \u00e0 l\u2019int\u00e9rieur du pays vers la fin de l\u2019ann\u00e9e 2021. Au cours de cette tourn\u00e9e, il avait inaugur\u00e9 les b\u00e2timents de L\u2019INPP \u00e0 Goma et Bukavu. Il entend poursuivre son initiative sur toute l\u2019\u00e9tendue de la R\u00e9publique ; la prochaine \u00e9tape sera, Lubumbashi, Kolwezi et Likasi o\u00f9 il s\u2019y \u00e9tait d\u00e9j\u00e0 rendu dans l\u2019objectif de se faire une id\u00e9e des probl\u00e8mes primordiaux.<\/p>\n\n\n\n<p><strong><em>Un r\u00eave, une r\u00e9alit\u00e9 !<\/em><\/strong><\/p>\n\n\n\n<p>Le num\u00e9ro un de l\u2019INPP entend hisser son \u00e9cole au rang des meilleures institutions de formation professionnelle du monde, r\u00e9pondant aux standards internationaux. Une mer \u00e0 boire, certe, mais Kayembe a d\u00e9j\u00e0 non seulement une vision, mais aussi, une politique pour y parvenir. Il conna\u00eet bien les rouages de l\u2019INPP, ses besoins r\u00e9els ainsi que ses vraies difficult\u00e9s.<\/p>\n\n\n\n<p>Nombreux sont ceux qui ont toujours courtis\u00e9 l&rsquo;INPP, mais, le pr\u00e9sident de la R\u00e9publique avait port\u00e9 son choix sur une perle rare. Fils maison, exp\u00e9riment\u00e9 et manager efficace ; depuis sa nomination, Patrick Kayembe Nsumpi ne fait que l\u2019unanimit\u00e9.<\/p>\n\n\n\n<p><em><strong>\u00abNous demandons au pr\u00e9sident de la R\u00e9publique, lors des prochaines nominations des mandataires publics, pour le compte de l&rsquo;INPP, de confirmer Patrick Kayembe. Sous son leadership, l\u2019INPP est entrain de prendre une autre dimension\u00bb<\/strong><\/em> a confi\u00e9 \u00e0 la r\u00e9daction de infos-droitshumains.net, un agent de cet \u00e9tablissement sous le sceau de l\u2019anonymat. <em><strong>\u00abC\u2019est le meilleur Directeur G\u00e9n\u00e9ral que l\u2019INPP n\u2019a jamais connu depuis son existence. Seulement en quelque mois, il a su imprimer sa marque positivement\u00bb<\/strong><\/em> a laiss\u00e9 entendre un autre.<\/p>\n\n\n\n<p>De janvier 2005 \u00e0 juillet 2008, Patrick Kayembe Nsumpi a occup\u00e9 les postes de chef de service et conseiller juridique attach\u00e9 \u00e0 la direction centrale. Entre juillet 2008 et janvier 2010, chef de division charg\u00e9 du contentieux de recouvrement et assistant principal du PCA. Ensuite, il a \u00e9t\u00e9 promu directeur administratif et des ressources humaines \u00e0 la direction g\u00e9n\u00e9rale durant la p\u00e9riode de mars 2011 jusqu\u2019en ao\u00fbt 2021 avant sa nomination comme Directeur G\u00e9n\u00e9ral ai.<\/p>\n\n\n\n<p>L\u2019homme de la modernisation comme les agents et cadres l\u2019ont surnomm\u00e9, a gravi tous les \u00e9chelons au sein de cet \u00e9tablissement. Aujourd\u2019hui, le pr\u00e9sident de la R\u00e9publique ne regrette jamais le choix qu\u2019il avait port\u00e9 sur ce juriste de formation.<\/p>\n\n\n\n<p>Merlin Kamalandua<\/p>\n","protected":false},"excerpt":{"rendered":"<p>R\u00e9daction :+243817406088 Les enqu\u00eates de l&rsquo;Inspection G\u00e9n\u00e9rale des Finances men\u00e9es entre 2019 et 2020 sur&#8230;<\/p>\n","protected":false},"author":2,"featured_media":0,"comment_status":"closed","ping_status":"open","sticky":false,"template":"","format":"standard","meta":{"_jetpack_memberships_contains_paid_content":false,"footnotes":""},"categories":[1],"tags":[],"class_list":["post-2173","post","type-post","status-publish","format-standard","hentry","category-non-classe"],"yoast_head":"<!-- This site is optimized with the Yoast SEO plugin v27.5 - https:\/\/yoast.com\/product\/yoast-seo-wordpress\/ -->\n<title>Inpp : Patrick Kayembe Nsumpi, un choix judicieux de F\u00e9lix Tshisekedi - Infos Droits Humains<\/title>\n<meta name=\"robots\" content=\"index, follow, max-snippet:-1, max-image-preview:large, max-video-preview:-1\" \/>\n<link rel=\"canonical\" href=\"https:\/\/infos-droitshumains.net\/?p=2173\" \/>\n<meta property=\"og:locale\" content=\"fr_FR\" \/>\n<meta property=\"og:type\" content=\"article\" \/>\n<meta property=\"og:title\" content=\"Inpp : Patrick Kayembe Nsumpi, un choix judicieux de F\u00e9lix Tshisekedi - Infos Droits Humains\" \/>\n<meta property=\"og:description\" content=\"R\u00e9daction :+243817406088 Les enqu\u00eates de l&rsquo;Inspection G\u00e9n\u00e9rale des Finances men\u00e9es entre 2019 et 2020 sur...\" \/>\n<meta property=\"og:url\" content=\"https:\/\/infos-droitshumains.net\/?p=2173\" \/>\n<meta property=\"og:site_name\" content=\"Infos Droits Humains\" \/>\n<meta property=\"article:published_time\" content=\"2022-02-26T08:29:19+00:00\" \/>\n<meta property=\"article:modified_time\" content=\"2023-04-06T10:10:30+00:00\" \/>\n<meta name=\"author\" content=\"Jo\u00ebl Diawa\" \/>\n<meta name=\"twitter:card\" content=\"summary_large_image\" \/>\n<meta name=\"twitter:label1\" content=\"\u00c9crit par\" \/>\n\t<meta name=\"twitter:data1\" content=\"Jo\u00ebl Diawa\" \/>\n\t<meta name=\"twitter:label2\" content=\"Dur\u00e9e de lecture estim\u00e9e\" \/>\n\t<meta name=\"twitter:data2\" content=\"4 minutes\" \/>\n<script type=\"application\/ld+json\" class=\"yoast-schema-graph\">{\"@context\":\"https:\\\/\\\/schema.org\",\"@graph\":[{\"@type\":\"Article\",\"@id\":\"https:\\\/\\\/infos-droitshumains.net\\\/?p=2173#article\",\"isPartOf\":{\"@id\":\"https:\\\/\\\/infos-droitshumains.net\\\/?p=2173\"},\"author\":{\"name\":\"Jo\u00ebl Diawa\",\"@id\":\"https:\\\/\\\/infos-droitshumains.net\\\/#\\\/schema\\\/person\\\/3dc5e921c3302172e0ed4362f96faab7\"},\"headline\":\"Inpp : Patrick Kayembe Nsumpi, un choix judicieux de F\u00e9lix Tshisekedi\",\"datePublished\":\"2022-02-26T08:29:19+00:00\",\"dateModified\":\"2023-04-06T10:10:30+00:00\",\"mainEntityOfPage\":{\"@id\":\"https:\\\/\\\/infos-droitshumains.net\\\/?p=2173\"},\"wordCount\":902,\"publisher\":{\"@id\":\"https:\\\/\\\/infos-droitshumains.net\\\/#organization\"},\"inLanguage\":\"fr-FR\"},{\"@type\":\"WebPage\",\"@id\":\"https:\\\/\\\/infos-droitshumains.net\\\/?p=2173\",\"url\":\"https:\\\/\\\/infos-droitshumains.net\\\/?p=2173\",\"name\":\"Inpp : Patrick Kayembe Nsumpi, un choix judicieux de F\u00e9lix Tshisekedi - Infos Droits Humains\",\"isPartOf\":{\"@id\":\"https:\\\/\\\/infos-droitshumains.net\\\/#website\"},\"datePublished\":\"2022-02-26T08:29:19+00:00\",\"dateModified\":\"2023-04-06T10:10:30+00:00\",\"breadcrumb\":{\"@id\":\"https:\\\/\\\/infos-droitshumains.net\\\/?p=2173#breadcrumb\"},\"inLanguage\":\"fr-FR\",\"potentialAction\":[{\"@type\":\"ReadAction\",\"target\":[\"https:\\\/\\\/infos-droitshumains.net\\\/?p=2173\"]}]},{\"@type\":\"BreadcrumbList\",\"@id\":\"https:\\\/\\\/infos-droitshumains.net\\\/?p=2173#breadcrumb\",\"itemListElement\":[{\"@type\":\"ListItem\",\"position\":1,\"name\":\"Accueil\",\"item\":\"https:\\\/\\\/infos-droitshumains.net\\\/\"},{\"@type\":\"ListItem\",\"position\":2,\"name\":\"Inpp : Patrick Kayembe Nsumpi, un choix judicieux de F\u00e9lix Tshisekedi\"}]},{\"@type\":\"WebSite\",\"@id\":\"https:\\\/\\\/infos-droitshumains.net\\\/#website\",\"url\":\"https:\\\/\\\/infos-droitshumains.net\\\/\",\"name\":\"Infos Droits Humains\",\"description\":\"S&#039;informer est un droit\",\"publisher\":{\"@id\":\"https:\\\/\\\/infos-droitshumains.net\\\/#organization\"},\"potentialAction\":[{\"@type\":\"SearchAction\",\"target\":{\"@type\":\"EntryPoint\",\"urlTemplate\":\"https:\\\/\\\/infos-droitshumains.net\\\/?s={search_term_string}\"},\"query-input\":{\"@type\":\"PropertyValueSpecification\",\"valueRequired\":true,\"valueName\":\"search_term_string\"}}],\"inLanguage\":\"fr-FR\"},{\"@type\":\"Organization\",\"@id\":\"https:\\\/\\\/infos-droitshumains.net\\\/#organization\",\"name\":\"Infos Droits Humains\",\"url\":\"https:\\\/\\\/infos-droitshumains.net\\\/\",\"logo\":{\"@type\":\"ImageObject\",\"inLanguage\":\"fr-FR\",\"@id\":\"https:\\\/\\\/infos-droitshumains.net\\\/#\\\/schema\\\/logo\\\/image\\\/\",\"url\":\"https:\\\/\\\/i0.wp.com\\\/infos-droitshumains.net\\\/wp-content\\\/uploads\\\/2022\\\/05\\\/Logo.png?fit=333%2C129&ssl=1\",\"contentUrl\":\"https:\\\/\\\/i0.wp.com\\\/infos-droitshumains.net\\\/wp-content\\\/uploads\\\/2022\\\/05\\\/Logo.png?fit=333%2C129&ssl=1\",\"width\":333,\"height\":129,\"caption\":\"Infos Droits Humains\"},\"image\":{\"@id\":\"https:\\\/\\\/infos-droitshumains.net\\\/#\\\/schema\\\/logo\\\/image\\\/\"}},{\"@type\":\"Person\",\"@id\":\"https:\\\/\\\/infos-droitshumains.net\\\/#\\\/schema\\\/person\\\/3dc5e921c3302172e0ed4362f96faab7\",\"name\":\"Jo\u00ebl Diawa\",\"image\":{\"@type\":\"ImageObject\",\"inLanguage\":\"fr-FR\",\"@id\":\"https:\\\/\\\/secure.gravatar.com\\\/avatar\\\/729bea6ff4604c624417803c477363be8e3c7186deaa65713313f9b4b820f41c?s=96&d=mm&r=g\",\"url\":\"https:\\\/\\\/secure.gravatar.com\\\/avatar\\\/729bea6ff4604c624417803c477363be8e3c7186deaa65713313f9b4b820f41c?s=96&d=mm&r=g\",\"contentUrl\":\"https:\\\/\\\/secure.gravatar.com\\\/avatar\\\/729bea6ff4604c624417803c477363be8e3c7186deaa65713313f9b4b820f41c?s=96&d=mm&r=g\",\"caption\":\"Jo\u00ebl Diawa\"},\"sameAs\":[\"https:\\\/\\\/www.infos-droitshumains.net\"],\"url\":\"https:\\\/\\\/infos-droitshumains.net\\\/?author=2\"}]}<\/script>\n<!-- \/ Yoast SEO plugin. -->","yoast_head_json":{"title":"Inpp : Patrick Kayembe Nsumpi, un choix judicieux de F\u00e9lix Tshisekedi - Infos Droits Humains","robots":{"index":"index","follow":"follow","max-snippet":"max-snippet:-1","max-image-preview":"max-image-preview:large","max-video-preview":"max-video-preview:-1"},"canonical":"https:\/\/infos-droitshumains.net\/?p=2173","og_locale":"fr_FR","og_type":"article","og_title":"Inpp : Patrick Kayembe Nsumpi, un choix judicieux de F\u00e9lix Tshisekedi - Infos Droits Humains","og_description":"R\u00e9daction :+243817406088 Les enqu\u00eates de l&rsquo;Inspection G\u00e9n\u00e9rale des Finances men\u00e9es entre 2019 et 2020 sur...","og_url":"https:\/\/infos-droitshumains.net\/?p=2173","og_site_name":"Infos Droits Humains","article_published_time":"2022-02-26T08:29:19+00:00","article_modified_time":"2023-04-06T10:10:30+00:00","author":"Jo\u00ebl Diawa","twitter_card":"summary_large_image","twitter_misc":{"\u00c9crit par":"Jo\u00ebl Diawa","Dur\u00e9e de lecture estim\u00e9e":"4 minutes"},"schema":{"@context":"https:\/\/schema.org","@graph":[{"@type":"Article","@id":"https:\/\/infos-droitshumains.net\/?p=2173#article","isPartOf":{"@id":"https:\/\/infos-droitshumains.net\/?p=2173"},"author":{"name":"Jo\u00ebl Diawa","@id":"https:\/\/infos-droitshumains.net\/#\/schema\/person\/3dc5e921c3302172e0ed4362f96faab7"},"headline":"Inpp : Patrick Kayembe Nsumpi, un choix judicieux de F\u00e9lix Tshisekedi","datePublished":"2022-02-26T08:29:19+00:00","dateModified":"2023-04-06T10:10:30+00:00","mainEntityOfPage":{"@id":"https:\/\/infos-droitshumains.net\/?p=2173"},"wordCount":902,"publisher":{"@id":"https:\/\/infos-droitshumains.net\/#organization"},"inLanguage":"fr-FR"},{"@type":"WebPage","@id":"https:\/\/infos-droitshumains.net\/?p=2173","url":"https:\/\/infos-droitshumains.net\/?p=2173","name":"Inpp : Patrick Kayembe Nsumpi, un choix judicieux de F\u00e9lix Tshisekedi - Infos Droits Humains","isPartOf":{"@id":"https:\/\/infos-droitshumains.net\/#website"},"datePublished":"2022-02-26T08:29:19+00:00","dateModified":"2023-04-06T10:10:30+00:00","breadcrumb":{"@id":"https:\/\/infos-droitshumains.net\/?p=2173#breadcrumb"},"inLanguage":"fr-FR","potentialAction":[{"@type":"ReadAction","target":["https:\/\/infos-droitshumains.net\/?p=2173"]}]},{"@type":"BreadcrumbList","@id":"https:\/\/infos-droitshumains.net\/?p=2173#breadcrumb","itemListElement":[{"@type":"ListItem","position":1,"name":"Accueil","item":"https:\/\/infos-droitshumains.net\/"},{"@type":"ListItem","position":2,"name":"Inpp : Patrick Kayembe Nsumpi, un choix judicieux de F\u00e9lix Tshisekedi"}]},{"@type":"WebSite","@id":"https:\/\/infos-droitshumains.net\/#website","url":"https:\/\/infos-droitshumains.net\/","name":"Infos Droits Humains","description":"S&#039;informer est un droit","publisher":{"@id":"https:\/\/infos-droitshumains.net\/#organization"},"potentialAction":[{"@type":"SearchAction","target":{"@type":"EntryPoint","urlTemplate":"https:\/\/infos-droitshumains.net\/?s={search_term_string}"},"query-input":{"@type":"PropertyValueSpecification","valueRequired":true,"valueName":"search_term_string"}}],"inLanguage":"fr-FR"},{"@type":"Organization","@id":"https:\/\/infos-droitshumains.net\/#organization","name":"Infos Droits Humains","url":"https:\/\/infos-droitshumains.net\/","logo":{"@type":"ImageObject","inLanguage":"fr-FR","@id":"https:\/\/infos-droitshumains.net\/#\/schema\/logo\/image\/","url":"https:\/\/i0.wp.com\/infos-droitshumains.net\/wp-content\/uploads\/2022\/05\/Logo.png?fit=333%2C129&ssl=1","contentUrl":"https:\/\/i0.wp.com\/infos-droitshumains.net\/wp-content\/uploads\/2022\/05\/Logo.png?fit=333%2C129&ssl=1","width":333,"height":129,"caption":"Infos Droits Humains"},"image":{"@id":"https:\/\/infos-droitshumains.net\/#\/schema\/logo\/image\/"}},{"@type":"Person","@id":"https:\/\/infos-droitshumains.net\/#\/schema\/person\/3dc5e921c3302172e0ed4362f96faab7","name":"Jo\u00ebl Diawa","image":{"@type":"ImageObject","inLanguage":"fr-FR","@id":"https:\/\/secure.gravatar.com\/avatar\/729bea6ff4604c624417803c477363be8e3c7186deaa65713313f9b4b820f41c?s=96&d=mm&r=g","url":"https:\/\/secure.gravatar.com\/avatar\/729bea6ff4604c624417803c477363be8e3c7186deaa65713313f9b4b820f41c?s=96&d=mm&r=g","contentUrl":"https:\/\/secure.gravatar.com\/avatar\/729bea6ff4604c624417803c477363be8e3c7186deaa65713313f9b4b820f41c?s=96&d=mm&r=g","caption":"Jo\u00ebl Diawa"},"sameAs":["https:\/\/www.infos-droitshumains.net"],"url":"https:\/\/infos-droitshumains.net\/?author=2"}]}},"featured_image_urls":{"full":"","thumbnail":"","medium":"","medium_large":"","large":"","1536x1536":"","2048x2048":"","covernews-slider-full":"","covernews-slider-center":"","covernews-featured":"","covernews-medium":"","covernews-medium-square":""},"author_info":{"display_name":"Jo\u00ebl Diawa","author_link":"https:\/\/infos-droitshumains.net\/?author=2"},"category_info":"<a href=\"https:\/\/infos-droitshumains.net\/?cat=1\" rel=\"category\">Non class\u00e9<\/a>","tag_info":"Non class\u00e9","comment_count":"0","jetpack_featured_media_url":"","jetpack-related-posts":[],"jetpack_sharing_enabled":true,"_links":{"self":[{"href":"https:\/\/infos-droitshumains.net\/index.php?rest_route=\/wp\/v2\/posts\/2173","targetHints":{"allow":["GET"]}}],"collection":[{"href":"https:\/\/infos-droitshumains.net\/index.php?rest_route=\/wp\/v2\/posts"}],"about":[{"href":"https:\/\/infos-droitshumains.net\/index.php?rest_route=\/wp\/v2\/types\/post"}],"author":[{"embeddable":true,"href":"https:\/\/infos-droitshumains.net\/index.php?rest_route=\/wp\/v2\/users\/2"}],"replies":[{"embeddable":true,"href":"https:\/\/infos-droitshumains.net\/index.php?rest_route=%2Fwp%2Fv2%2Fcomments&post=2173"}],"version-history":[{"count":7,"href":"https:\/\/infos-droitshumains.net\/index.php?rest_route=\/wp\/v2\/posts\/2173\/revisions"}],"predecessor-version":[{"id":2181,"href":"https:\/\/infos-droitshumains.net\/index.php?rest_route=\/wp\/v2\/posts\/2173\/revisions\/2181"}],"wp:attachment":[{"href":"https:\/\/infos-droitshumains.net\/index.php?rest_route=%2Fwp%2Fv2%2Fmedia&parent=2173"}],"wp:term":[{"taxonomy":"category","embeddable":true,"href":"https:\/\/infos-droitshumains.net\/index.php?rest_route=%2Fwp%2Fv2%2Fcategories&post=2173"},{"taxonomy":"post_tag","embeddable":true,"href":"https:\/\/infos-droitshumains.net\/index.php?rest_route=%2Fwp%2Fv2%2Ftags&post=2173"}],"curies":[{"name":"wp","href":"https:\/\/api.w.org\/{rel}","templated":true}]}}