{"id":2130,"date":"2022-02-24T13:58:06","date_gmt":"2022-02-24T12:58:06","guid":{"rendered":"https:\/\/infos-droitshumains.net\/?p=2130"},"modified":"2023-04-06T12:10:30","modified_gmt":"2023-04-06T10:10:30","slug":"election-des-gouverneurs-union-sacree-divisee-udps-calme-le-jeu","status":"publish","type":"post","link":"https:\/\/infos-droitshumains.net\/?p=2130","title":{"rendered":"Election des gouverneurs: Union Sacr\u00e9e divis\u00e9e, Udps calme le Jeu"},"content":{"rendered":"\n<p><strong>R\u00e9daction:+243817406088<\/strong><\/p>\n\n\n\n<p>Depuis quelques jours maintenant, une liste du ticket de l\u2019Union Sacr\u00e9e pour les \u00e9lections des Gouverneurs et Vice-Gouverneurs, sign\u00e9e par Modeste Bahati est distill\u00e9e sur les r\u00e9seaux sociaux. Bien que rien d\u2019officiel n\u2019ait encore \u00e9t\u00e9 communiqu\u00e9 par la hi\u00e9rarchie de la majorit\u00e9 au pouvoir, cette liste fait d\u00e9j\u00e0 des remous au sein la famille politique du Pr\u00e9sident de la R\u00e9publique.<\/p>\n\n\n\n<p>Pas contant de cette r\u00e9partition, plusieurs regroupement et partis politiques accusent L\u2019UDPS et l\u2019AFDC-A de se tailler injustement la part du lion.<\/p>\n\n\n\n<p>Pour la Mosa\u00efque PPRD\/USN \u00e0 qui il n&rsquo;a \u00e9t\u00e9 octroy\u00e9 que le poste de gouverneur dans la province de Mai-Ndombe,  cette liste qui ne tient pas compte des forces en pr\u00e9sence, a \u00e9t\u00e9 \u00e9labor\u00e9e de mani\u00e8re discriminatoire :<\/p>\n\n\n\n<p><em>\u00abLadite liste ne tient pas compte de la configuration politique actuelle au sein  de la majorit\u00e9 parlementaire de l\u2019USN\u00bb.<\/em> Elle a \u00e9t\u00e9 \u00e9labor\u00e9e sur fond <em>\u00abde discrimination, N\u00e9potisme et \u00e9gocentrisme\u00bb<\/em> ont d\u00e9nonc\u00e9s les d\u00e9put\u00e9s et personnalit\u00e9s politique de ce regroupement dans une d\u00e9claration.<\/p>\n\n\n\n<figure class=\"wp-block-image alignfull size-large\"><img data-recalc-dims=\"1\" height=\"816\" width=\"640\" decoding=\"async\" src=\"https:\/\/i0.wp.com\/infos-droitshumains.net\/wp-content\/uploads\/2022\/02\/20220223_214649-803x1024.jpg?resize=640%2C816&#038;ssl=1\" alt=\"\" class=\"wp-image-2135\"\/><\/figure>\n\n\n\n<p>Un point de vue partag\u00e9 par Ensemble de Moise Katumbi qui n\u2019a b\u00e9n\u00e9fici\u00e9 que du poste de Vice-Gouverneur dans le ticket du Tanganyka :<\/p>\n\n\n\n<p><em>\u00abNous regrettons que la configuration politique ne soit toujours pas respect\u00e9e\u00bb<\/em> a d\u00e9nonc\u00e9 Francis Kalombo. Pour le porte-parole adjoint de Mose Katumbi, <em>\u00abDans une d\u00e9mocratie, c\u2019est la majorit\u00e9, c\u2019est le poids politique qu\u2019on tient compte\u00bb<\/em>. <em>\u00abCertains font ce qu\u2019ils pensent \u00eatre mieux pour eux-m\u00eames, mais nous nous devons continuer \u00e0 travailler  pour l\u2019int\u00e9r\u00eat de la population\u00bb<\/em> a-t-il conclu.<\/p>\n\n\n\n<p><em>\u00abCette pratique est dangereuse et constitue une menace \u00e0 la stabilit\u00e9 et la coh\u00e9sion de l\u2019Union Sacr\u00e9e telles que voulues par son initiateur\u00bb<\/em> pensent le Mosa\u00efque PPRD\/USN qui invite le chef de l\u2019Etat \u00e0 <em>\u00abs\u2019impliquer personnellement\u00bb<\/em> pour <em><strong>\u00abl\u2019arbitrage\u00bb<\/strong><\/em> afin disent-ils de <em>\u00abmaintenir l\u2019unit\u00e9 et l\u2019harmonie\u00bb <\/em>au sein de leur famille politique.<\/p>\n\n\n\n<p><strong><em>Aller en ordre dispers\u00e9 ?<\/em><\/strong><\/p>\n\n\n\n<p>Face \u00e0 cette situation, certains soci\u00e9taire de l\u2019Union Sacr\u00e9e affutent d\u00e9j\u00e0 les armes pour aller dans la bataille sans tenir compte de la r\u00e9partition telle que voulu par leur famille politique :<\/p>\n\n\n\n<p>\u00ab<em>Faute de consensus, les candidats gouverneurs du Front Patriotique mouilleront leurs maillots. Seules les \u00e9lections trancheront\u00bb <\/em>a \u00e9crit sur son compte tweeter, Steve Mbikayi, coordonnateur du Front Patriotique et pr\u00e9sident national du parti travailliste qui a tir\u00e9 \u00e0 boulets rouges sur Modeste Bahati Lukwebo signataire de ladite liste :<\/p>\n\n\n\n<p><em>\u00abReconnaissons le Pr\u00e9sident de la R\u00e9publique comme seul autorit\u00e9 de l\u2019Union Sacr\u00e9e, il ne se soumettra pas au dictat et \u00e0 la sournoiserie d\u2019un roitelet autoproclam\u00e9\u00bb.<\/em><\/p>\n\n\n\n<figure class=\"wp-block-image alignfull size-large\"><img data-recalc-dims=\"1\" decoding=\"async\" src=\"https:\/\/i0.wp.com\/infos-droitshumains.net\/wp-content\/uploads\/2022\/02\/Screenshot_20220224-140225.png?w=640&#038;ssl=1\" alt=\"\" class=\"wp-image-2133\"\/><\/figure>\n\n\n\n<p>Steve Mbikayi a en outre, invit\u00e9 l\u2019UDPS \u00e0 reprendre la gestion de l\u2019USN Au risque d\u2019avoir un d\u00e9clin similaire \u00e0 celui du FCC :<\/p>\n\n\n\n<p><em>\u00abLes m\u00eames causes produisent les m\u00eames effets, gr\u00e2ce \u00e0 la production des m\u00e9thodes du FCC par les m\u00eames personnes. Pour que l\u2019opinion sente le changement, l\u2019UDPS doit s\u2019assumer, diriger et imprimer sa marque\u00bb<\/em> a conclu l\u2019\u00e9lu du Mont-Amba.<\/p>\n\n\n\n<p><strong><em>L\u2019UDPS tente de calmer les ardeurs<\/em><\/strong><\/p>\n\n\n\n<p>Avec trois postes de gouverneur (Kasa\u00ef-Oriental, Kasa\u00ef-Central et Lomami), deux postes de Vice-Gouverneur (Kinshasa et Maniema), l\u2019Union pour la D\u00e9mocratie et le progr\u00e8s social veut jouer au pyromane-sapeur-pompier pour calmer les esprits des uns et des autres :<\/p>\n\n\n\n<p><em>\u00abJ\u2019ai vu circuler plusieurs listes  avec plusieurs propositions. En interne il n\u2019y a aucune liste qui n\u2019a \u00e9t\u00e9 ar\u00eate d\u00e9finitivement. Nous allons comme une famille politique, nous retrouver \u00e0 un moment donn\u00e9 pour d\u00e9cider d\u00e9finitivement  sur ce qui doit revenir aux uns et aux autres\u00bb<\/em> d\u00e9clare Peter Kazadi, le d\u00e9put\u00e9 provincial \u00e9lu de Lemba\/Kinshasa.<\/p>\n\n\n\n<p><strong><em>La CENI au secours de L\u2019Union Sacr\u00e9e<\/em><\/strong><\/p>\n\n\n\n<p>Face \u00e0 cette situation, il \u00e9tait \u00e9vident que l\u2019Union Sacr\u00e9e apparait plus divis\u00e9e qu\u2019avant. Heureusement pour ce regroupement politique que la Commission Electorale Nationale Ind\u00e9pendante \u00e0 r\u00e9am\u00e9nag\u00e9 son calendrier. Initialement programm\u00e9es pour le 6 avril, ces \u00e9lections ont \u00e9t\u00e9 renvoy\u00e9es au 6 mai officiellement, pour raison <strong>\u00abd\u2019inclusivit\u00e9\u00bb<\/strong> \u00e9tant donn\u00e9 que jusqu\u2019\u00e0 pr\u00e9sent, aucune candidature n\u2019a \u00e9t\u00e9 enregistr\u00e9e pour la province de la Lomami peut-on lire dans la d\u00e9cision de la centrale \u00e9lectorale, rendue publique le 23 f\u00e9vrier. D\u2019aucun pense que cette modification du calendrier est strat\u00e9gique afin de permettre \u00e0 l\u2019Union Sacr\u00e9e d\u2019harmoniser \u00e0 l\u2019interne. La r\u00e9partition n\u2019est pas proportionnelle \u00e0 la configuration des forces en pr\u00e9sence est-ce des ballons d\u2019essai.<\/p>\n\n\n\n<figure class=\"wp-block-image alignfull size-large\"><img data-recalc-dims=\"1\" height=\"898\" width=\"640\" decoding=\"async\" src=\"https:\/\/i0.wp.com\/infos-droitshumains.net\/wp-content\/uploads\/2022\/02\/20220224_114205-730x1024.jpg?resize=640%2C898&#038;ssl=1\" alt=\"\" class=\"wp-image-2138\"\/><\/figure>\n\n\n\n<figure class=\"wp-block-image alignfull size-large\"><img data-recalc-dims=\"1\" height=\"927\" width=\"640\" decoding=\"async\" src=\"https:\/\/i0.wp.com\/infos-droitshumains.net\/wp-content\/uploads\/2022\/02\/20220224_114219-707x1024.jpg?resize=640%2C927&#038;ssl=1\" alt=\"\" class=\"wp-image-2140\"\/><\/figure>\n\n\n\n<figure class=\"wp-block-image alignfull size-large\"><img data-recalc-dims=\"1\" height=\"909\" width=\"640\" decoding=\"async\" src=\"https:\/\/i0.wp.com\/infos-droitshumains.net\/wp-content\/uploads\/2022\/02\/20220224_114226-721x1024.jpg?resize=640%2C909&#038;ssl=1\" alt=\"\" class=\"wp-image-2142\"\/><\/figure>\n\n\n\n<figure class=\"wp-block-image alignfull size-large\"><img data-recalc-dims=\"1\" decoding=\"async\" src=\"https:\/\/i0.wp.com\/infos-droitshumains.net\/wp-content\/uploads\/2022\/02\/20220224_114230.jpg?w=640&#038;ssl=1\" alt=\"\" class=\"wp-image-2144\"\/><\/figure>\n\n\n\n<p>Ci-dessous, la r\u00e9partition des tickets de l\u2019Union Sacr\u00e9e pour les \u00e9lections des Gouverneurs et Vice-Gouverneurs :<\/p>\n\n\n\n<figure class=\"wp-block-image alignfull size-large\"><img data-recalc-dims=\"1\" height=\"591\" width=\"640\" decoding=\"async\" src=\"https:\/\/i0.wp.com\/infos-droitshumains.net\/wp-content\/uploads\/2022\/02\/20220222_230732-1024x946.jpg?resize=640%2C591&#038;ssl=1\" alt=\"\" class=\"wp-image-2146\"\/><\/figure>\n\n\n\n<p>Jo\u00ebl Diawa<\/p>\n","protected":false},"excerpt":{"rendered":"<p>R\u00e9daction:+243817406088 Depuis quelques jours maintenant, une liste du ticket de l\u2019Union Sacr\u00e9e pour les \u00e9lections&#8230;<\/p>\n","protected":false},"author":2,"featured_media":0,"comment_status":"closed","ping_status":"open","sticky":false,"template":"","format":"standard","meta":{"_jetpack_memberships_contains_paid_content":false,"footnotes":""},"categories":[1],"tags":[],"class_list":["post-2130","post","type-post","status-publish","format-standard","hentry","category-non-classe"],"yoast_head":"<!-- This site is optimized with the Yoast SEO plugin v27.5 - https:\/\/yoast.com\/product\/yoast-seo-wordpress\/ -->\n<title>Election des gouverneurs: Union Sacr\u00e9e divis\u00e9e, Udps calme le Jeu - Infos Droits Humains<\/title>\n<meta name=\"robots\" content=\"index, follow, max-snippet:-1, max-image-preview:large, max-video-preview:-1\" \/>\n<link rel=\"canonical\" href=\"https:\/\/infos-droitshumains.net\/?p=2130\" \/>\n<meta property=\"og:locale\" content=\"fr_FR\" \/>\n<meta property=\"og:type\" content=\"article\" \/>\n<meta property=\"og:title\" content=\"Election des gouverneurs: Union Sacr\u00e9e divis\u00e9e, Udps calme le Jeu - Infos Droits Humains\" \/>\n<meta property=\"og:description\" content=\"R\u00e9daction:+243817406088 Depuis quelques jours maintenant, une liste du ticket de l\u2019Union Sacr\u00e9e pour les \u00e9lections...\" \/>\n<meta property=\"og:url\" content=\"https:\/\/infos-droitshumains.net\/?p=2130\" \/>\n<meta property=\"og:site_name\" content=\"Infos Droits Humains\" \/>\n<meta property=\"article:published_time\" content=\"2022-02-24T12:58:06+00:00\" \/>\n<meta property=\"article:modified_time\" content=\"2023-04-06T10:10:30+00:00\" \/>\n<meta property=\"og:image\" content=\"https:\/\/infos-droitshumains.net\/wp-content\/uploads\/2022\/02\/20220223_214649-803x1024.jpg\" \/>\n<meta name=\"author\" content=\"Jo\u00ebl Diawa\" \/>\n<meta name=\"twitter:card\" content=\"summary_large_image\" \/>\n<meta name=\"twitter:label1\" content=\"\u00c9crit par\" \/>\n\t<meta name=\"twitter:data1\" content=\"Jo\u00ebl Diawa\" \/>\n\t<meta name=\"twitter:label2\" content=\"Dur\u00e9e de lecture estim\u00e9e\" \/>\n\t<meta name=\"twitter:data2\" content=\"4 minutes\" \/>\n<script type=\"application\/ld+json\" class=\"yoast-schema-graph\">{\"@context\":\"https:\\\/\\\/schema.org\",\"@graph\":[{\"@type\":\"Article\",\"@id\":\"https:\\\/\\\/infos-droitshumains.net\\\/?p=2130#article\",\"isPartOf\":{\"@id\":\"https:\\\/\\\/infos-droitshumains.net\\\/?p=2130\"},\"author\":{\"name\":\"Jo\u00ebl Diawa\",\"@id\":\"https:\\\/\\\/infos-droitshumains.net\\\/#\\\/schema\\\/person\\\/3dc5e921c3302172e0ed4362f96faab7\"},\"headline\":\"Election des gouverneurs: Union Sacr\u00e9e divis\u00e9e, Udps calme le Jeu\",\"datePublished\":\"2022-02-24T12:58:06+00:00\",\"dateModified\":\"2023-04-06T10:10:30+00:00\",\"mainEntityOfPage\":{\"@id\":\"https:\\\/\\\/infos-droitshumains.net\\\/?p=2130\"},\"wordCount\":814,\"publisher\":{\"@id\":\"https:\\\/\\\/infos-droitshumains.net\\\/#organization\"},\"image\":{\"@id\":\"https:\\\/\\\/infos-droitshumains.net\\\/?p=2130#primaryimage\"},\"thumbnailUrl\":\"https:\\\/\\\/infos-droitshumains.net\\\/wp-content\\\/uploads\\\/2022\\\/02\\\/20220223_214649-803x1024.jpg\",\"inLanguage\":\"fr-FR\"},{\"@type\":\"WebPage\",\"@id\":\"https:\\\/\\\/infos-droitshumains.net\\\/?p=2130\",\"url\":\"https:\\\/\\\/infos-droitshumains.net\\\/?p=2130\",\"name\":\"Election des gouverneurs: Union Sacr\u00e9e divis\u00e9e, Udps calme le Jeu - Infos Droits Humains\",\"isPartOf\":{\"@id\":\"https:\\\/\\\/infos-droitshumains.net\\\/#website\"},\"primaryImageOfPage\":{\"@id\":\"https:\\\/\\\/infos-droitshumains.net\\\/?p=2130#primaryimage\"},\"image\":{\"@id\":\"https:\\\/\\\/infos-droitshumains.net\\\/?p=2130#primaryimage\"},\"thumbnailUrl\":\"https:\\\/\\\/infos-droitshumains.net\\\/wp-content\\\/uploads\\\/2022\\\/02\\\/20220223_214649-803x1024.jpg\",\"datePublished\":\"2022-02-24T12:58:06+00:00\",\"dateModified\":\"2023-04-06T10:10:30+00:00\",\"breadcrumb\":{\"@id\":\"https:\\\/\\\/infos-droitshumains.net\\\/?p=2130#breadcrumb\"},\"inLanguage\":\"fr-FR\",\"potentialAction\":[{\"@type\":\"ReadAction\",\"target\":[\"https:\\\/\\\/infos-droitshumains.net\\\/?p=2130\"]}]},{\"@type\":\"ImageObject\",\"inLanguage\":\"fr-FR\",\"@id\":\"https:\\\/\\\/infos-droitshumains.net\\\/?p=2130#primaryimage\",\"url\":\"https:\\\/\\\/infos-droitshumains.net\\\/wp-content\\\/uploads\\\/2022\\\/02\\\/20220223_214649-803x1024.jpg\",\"contentUrl\":\"https:\\\/\\\/infos-droitshumains.net\\\/wp-content\\\/uploads\\\/2022\\\/02\\\/20220223_214649-803x1024.jpg\"},{\"@type\":\"BreadcrumbList\",\"@id\":\"https:\\\/\\\/infos-droitshumains.net\\\/?p=2130#breadcrumb\",\"itemListElement\":[{\"@type\":\"ListItem\",\"position\":1,\"name\":\"Accueil\",\"item\":\"https:\\\/\\\/infos-droitshumains.net\\\/\"},{\"@type\":\"ListItem\",\"position\":2,\"name\":\"Election des gouverneurs: Union Sacr\u00e9e divis\u00e9e, Udps calme le Jeu\"}]},{\"@type\":\"WebSite\",\"@id\":\"https:\\\/\\\/infos-droitshumains.net\\\/#website\",\"url\":\"https:\\\/\\\/infos-droitshumains.net\\\/\",\"name\":\"Infos Droits Humains\",\"description\":\"S&#039;informer est un droit\",\"publisher\":{\"@id\":\"https:\\\/\\\/infos-droitshumains.net\\\/#organization\"},\"potentialAction\":[{\"@type\":\"SearchAction\",\"target\":{\"@type\":\"EntryPoint\",\"urlTemplate\":\"https:\\\/\\\/infos-droitshumains.net\\\/?s={search_term_string}\"},\"query-input\":{\"@type\":\"PropertyValueSpecification\",\"valueRequired\":true,\"valueName\":\"search_term_string\"}}],\"inLanguage\":\"fr-FR\"},{\"@type\":\"Organization\",\"@id\":\"https:\\\/\\\/infos-droitshumains.net\\\/#organization\",\"name\":\"Infos Droits Humains\",\"url\":\"https:\\\/\\\/infos-droitshumains.net\\\/\",\"logo\":{\"@type\":\"ImageObject\",\"inLanguage\":\"fr-FR\",\"@id\":\"https:\\\/\\\/infos-droitshumains.net\\\/#\\\/schema\\\/logo\\\/image\\\/\",\"url\":\"https:\\\/\\\/i0.wp.com\\\/infos-droitshumains.net\\\/wp-content\\\/uploads\\\/2022\\\/05\\\/Logo.png?fit=333%2C129&ssl=1\",\"contentUrl\":\"https:\\\/\\\/i0.wp.com\\\/infos-droitshumains.net\\\/wp-content\\\/uploads\\\/2022\\\/05\\\/Logo.png?fit=333%2C129&ssl=1\",\"width\":333,\"height\":129,\"caption\":\"Infos Droits Humains\"},\"image\":{\"@id\":\"https:\\\/\\\/infos-droitshumains.net\\\/#\\\/schema\\\/logo\\\/image\\\/\"}},{\"@type\":\"Person\",\"@id\":\"https:\\\/\\\/infos-droitshumains.net\\\/#\\\/schema\\\/person\\\/3dc5e921c3302172e0ed4362f96faab7\",\"name\":\"Jo\u00ebl Diawa\",\"image\":{\"@type\":\"ImageObject\",\"inLanguage\":\"fr-FR\",\"@id\":\"https:\\\/\\\/secure.gravatar.com\\\/avatar\\\/729bea6ff4604c624417803c477363be8e3c7186deaa65713313f9b4b820f41c?s=96&d=mm&r=g\",\"url\":\"https:\\\/\\\/secure.gravatar.com\\\/avatar\\\/729bea6ff4604c624417803c477363be8e3c7186deaa65713313f9b4b820f41c?s=96&d=mm&r=g\",\"contentUrl\":\"https:\\\/\\\/secure.gravatar.com\\\/avatar\\\/729bea6ff4604c624417803c477363be8e3c7186deaa65713313f9b4b820f41c?s=96&d=mm&r=g\",\"caption\":\"Jo\u00ebl Diawa\"},\"sameAs\":[\"https:\\\/\\\/www.infos-droitshumains.net\"],\"url\":\"https:\\\/\\\/infos-droitshumains.net\\\/?author=2\"}]}<\/script>\n<!-- \/ Yoast SEO plugin. -->","yoast_head_json":{"title":"Election des gouverneurs: Union Sacr\u00e9e divis\u00e9e, Udps calme le Jeu - Infos Droits Humains","robots":{"index":"index","follow":"follow","max-snippet":"max-snippet:-1","max-image-preview":"max-image-preview:large","max-video-preview":"max-video-preview:-1"},"canonical":"https:\/\/infos-droitshumains.net\/?p=2130","og_locale":"fr_FR","og_type":"article","og_title":"Election des gouverneurs: Union Sacr\u00e9e divis\u00e9e, Udps calme le Jeu - Infos Droits Humains","og_description":"R\u00e9daction:+243817406088 Depuis quelques jours maintenant, une liste du ticket de l\u2019Union Sacr\u00e9e pour les \u00e9lections...","og_url":"https:\/\/infos-droitshumains.net\/?p=2130","og_site_name":"Infos Droits Humains","article_published_time":"2022-02-24T12:58:06+00:00","article_modified_time":"2023-04-06T10:10:30+00:00","og_image":[{"url":"https:\/\/infos-droitshumains.net\/wp-content\/uploads\/2022\/02\/20220223_214649-803x1024.jpg","type":"","width":"","height":""}],"author":"Jo\u00ebl Diawa","twitter_card":"summary_large_image","twitter_misc":{"\u00c9crit par":"Jo\u00ebl Diawa","Dur\u00e9e de lecture estim\u00e9e":"4 minutes"},"schema":{"@context":"https:\/\/schema.org","@graph":[{"@type":"Article","@id":"https:\/\/infos-droitshumains.net\/?p=2130#article","isPartOf":{"@id":"https:\/\/infos-droitshumains.net\/?p=2130"},"author":{"name":"Jo\u00ebl Diawa","@id":"https:\/\/infos-droitshumains.net\/#\/schema\/person\/3dc5e921c3302172e0ed4362f96faab7"},"headline":"Election des gouverneurs: Union Sacr\u00e9e divis\u00e9e, Udps calme le Jeu","datePublished":"2022-02-24T12:58:06+00:00","dateModified":"2023-04-06T10:10:30+00:00","mainEntityOfPage":{"@id":"https:\/\/infos-droitshumains.net\/?p=2130"},"wordCount":814,"publisher":{"@id":"https:\/\/infos-droitshumains.net\/#organization"},"image":{"@id":"https:\/\/infos-droitshumains.net\/?p=2130#primaryimage"},"thumbnailUrl":"https:\/\/infos-droitshumains.net\/wp-content\/uploads\/2022\/02\/20220223_214649-803x1024.jpg","inLanguage":"fr-FR"},{"@type":"WebPage","@id":"https:\/\/infos-droitshumains.net\/?p=2130","url":"https:\/\/infos-droitshumains.net\/?p=2130","name":"Election des gouverneurs: Union Sacr\u00e9e divis\u00e9e, Udps calme le Jeu - Infos Droits Humains","isPartOf":{"@id":"https:\/\/infos-droitshumains.net\/#website"},"primaryImageOfPage":{"@id":"https:\/\/infos-droitshumains.net\/?p=2130#primaryimage"},"image":{"@id":"https:\/\/infos-droitshumains.net\/?p=2130#primaryimage"},"thumbnailUrl":"https:\/\/infos-droitshumains.net\/wp-content\/uploads\/2022\/02\/20220223_214649-803x1024.jpg","datePublished":"2022-02-24T12:58:06+00:00","dateModified":"2023-04-06T10:10:30+00:00","breadcrumb":{"@id":"https:\/\/infos-droitshumains.net\/?p=2130#breadcrumb"},"inLanguage":"fr-FR","potentialAction":[{"@type":"ReadAction","target":["https:\/\/infos-droitshumains.net\/?p=2130"]}]},{"@type":"ImageObject","inLanguage":"fr-FR","@id":"https:\/\/infos-droitshumains.net\/?p=2130#primaryimage","url":"https:\/\/infos-droitshumains.net\/wp-content\/uploads\/2022\/02\/20220223_214649-803x1024.jpg","contentUrl":"https:\/\/infos-droitshumains.net\/wp-content\/uploads\/2022\/02\/20220223_214649-803x1024.jpg"},{"@type":"BreadcrumbList","@id":"https:\/\/infos-droitshumains.net\/?p=2130#breadcrumb","itemListElement":[{"@type":"ListItem","position":1,"name":"Accueil","item":"https:\/\/infos-droitshumains.net\/"},{"@type":"ListItem","position":2,"name":"Election des gouverneurs: Union Sacr\u00e9e divis\u00e9e, Udps calme le Jeu"}]},{"@type":"WebSite","@id":"https:\/\/infos-droitshumains.net\/#website","url":"https:\/\/infos-droitshumains.net\/","name":"Infos Droits Humains","description":"S&#039;informer est un droit","publisher":{"@id":"https:\/\/infos-droitshumains.net\/#organization"},"potentialAction":[{"@type":"SearchAction","target":{"@type":"EntryPoint","urlTemplate":"https:\/\/infos-droitshumains.net\/?s={search_term_string}"},"query-input":{"@type":"PropertyValueSpecification","valueRequired":true,"valueName":"search_term_string"}}],"inLanguage":"fr-FR"},{"@type":"Organization","@id":"https:\/\/infos-droitshumains.net\/#organization","name":"Infos Droits Humains","url":"https:\/\/infos-droitshumains.net\/","logo":{"@type":"ImageObject","inLanguage":"fr-FR","@id":"https:\/\/infos-droitshumains.net\/#\/schema\/logo\/image\/","url":"https:\/\/i0.wp.com\/infos-droitshumains.net\/wp-content\/uploads\/2022\/05\/Logo.png?fit=333%2C129&ssl=1","contentUrl":"https:\/\/i0.wp.com\/infos-droitshumains.net\/wp-content\/uploads\/2022\/05\/Logo.png?fit=333%2C129&ssl=1","width":333,"height":129,"caption":"Infos Droits Humains"},"image":{"@id":"https:\/\/infos-droitshumains.net\/#\/schema\/logo\/image\/"}},{"@type":"Person","@id":"https:\/\/infos-droitshumains.net\/#\/schema\/person\/3dc5e921c3302172e0ed4362f96faab7","name":"Jo\u00ebl Diawa","image":{"@type":"ImageObject","inLanguage":"fr-FR","@id":"https:\/\/secure.gravatar.com\/avatar\/729bea6ff4604c624417803c477363be8e3c7186deaa65713313f9b4b820f41c?s=96&d=mm&r=g","url":"https:\/\/secure.gravatar.com\/avatar\/729bea6ff4604c624417803c477363be8e3c7186deaa65713313f9b4b820f41c?s=96&d=mm&r=g","contentUrl":"https:\/\/secure.gravatar.com\/avatar\/729bea6ff4604c624417803c477363be8e3c7186deaa65713313f9b4b820f41c?s=96&d=mm&r=g","caption":"Jo\u00ebl Diawa"},"sameAs":["https:\/\/www.infos-droitshumains.net"],"url":"https:\/\/infos-droitshumains.net\/?author=2"}]}},"featured_image_urls":{"full":"","thumbnail":"","medium":"","medium_large":"","large":"","1536x1536":"","2048x2048":"","covernews-slider-full":"","covernews-slider-center":"","covernews-featured":"","covernews-medium":"","covernews-medium-square":""},"author_info":{"display_name":"Jo\u00ebl Diawa","author_link":"https:\/\/infos-droitshumains.net\/?author=2"},"category_info":"<a href=\"https:\/\/infos-droitshumains.net\/?cat=1\" rel=\"category\">Non class\u00e9<\/a>","tag_info":"Non class\u00e9","comment_count":"0","jetpack_featured_media_url":"","jetpack-related-posts":[],"jetpack_sharing_enabled":true,"_links":{"self":[{"href":"https:\/\/infos-droitshumains.net\/index.php?rest_route=\/wp\/v2\/posts\/2130","targetHints":{"allow":["GET"]}}],"collection":[{"href":"https:\/\/infos-droitshumains.net\/index.php?rest_route=\/wp\/v2\/posts"}],"about":[{"href":"https:\/\/infos-droitshumains.net\/index.php?rest_route=\/wp\/v2\/types\/post"}],"author":[{"embeddable":true,"href":"https:\/\/infos-droitshumains.net\/index.php?rest_route=\/wp\/v2\/users\/2"}],"replies":[{"embeddable":true,"href":"https:\/\/infos-droitshumains.net\/index.php?rest_route=%2Fwp%2Fv2%2Fcomments&post=2130"}],"version-history":[{"count":10,"href":"https:\/\/infos-droitshumains.net\/index.php?rest_route=\/wp\/v2\/posts\/2130\/revisions"}],"predecessor-version":[{"id":2148,"href":"https:\/\/infos-droitshumains.net\/index.php?rest_route=\/wp\/v2\/posts\/2130\/revisions\/2148"}],"wp:attachment":[{"href":"https:\/\/infos-droitshumains.net\/index.php?rest_route=%2Fwp%2Fv2%2Fmedia&parent=2130"}],"wp:term":[{"taxonomy":"category","embeddable":true,"href":"https:\/\/infos-droitshumains.net\/index.php?rest_route=%2Fwp%2Fv2%2Fcategories&post=2130"},{"taxonomy":"post_tag","embeddable":true,"href":"https:\/\/infos-droitshumains.net\/index.php?rest_route=%2Fwp%2Fv2%2Ftags&post=2130"}],"curies":[{"name":"wp","href":"https:\/\/api.w.org\/{rel}","templated":true}]}}