{"id":2113,"date":"2022-02-23T12:24:38","date_gmt":"2022-02-23T11:24:38","guid":{"rendered":"https:\/\/infos-droitshumains.net\/?p=2113"},"modified":"2023-04-06T12:10:30","modified_gmt":"2023-04-06T10:10:30","slug":"victime-de-violation-de-ses-droits-fondamentaux-augustin-matata-va-t-il-trouver-son-salut-aupres-de-felix-tshisekedi","status":"publish","type":"post","link":"https:\/\/infos-droitshumains.net\/?p=2113","title":{"rendered":"Victime de violation de ses droits fondamentaux, Augustin Matata va-t-il trouver son salut aupr\u00e8s de F\u00e9lix Tshisekedi?"},"content":{"rendered":"\n<p><strong>R\u00e9daction:+243817406088<\/strong><\/p>\n\n\n\n<p>Dans une correspondance adress\u00e9e au pr\u00e9sident de la R\u00e9publique, Augustin Matata Ponyo, l\u2019ancien premier (2012-2016), dit \u00eatre victime d\u2019une <strong><em>\u00absuccession des violations de ses droits fondamentaux, non seulement en tant que citoyen, mais aussi en tant que s\u00e9nateur\u00bb.<\/em><\/strong><\/p>\n\n\n\n<p>Face \u00e0 ce qu\u2019il qualifie <strong>\u00abd\u2019injustice\u00bb<\/strong> et de <strong>\u00abdiscrimination manifeste\u00bb<\/strong>, Ce s\u00e9nateur dit venir aupr\u00e8s du Chef de l\u2019Etat en sa qualit\u00e9 de<strong> \u00abmagistrat supr\u00eame\u00bb<\/strong>, mais aussi de <strong>\u00abGarant des lois du pays\u00bb<\/strong> pour <strong><em>\u00absolliciter la cessation de la violation de ses droits fondamentaux par les diff\u00e9rents services \u00e9tatiques et le r\u00e9tablissement et la jouissance effectifs desdits droits conform\u00e9ment \u00e0 a constitution\u00bb.<\/em><\/strong><\/p>\n\n\n\n<p>Accus\u00e9 d\u2019avoir d\u00e9tourn\u00e9 ses centaines des millions des dollars am\u00e9ricains du Parc agro-industriel de Bukanga-Lonzo, Augustin Matata Ponyo fait face \u00e0 des d\u00e9boires judiciaires, depuis maintenant plusieurs mois. Dans son arr\u00eat sous RP.0001 rendu en date du 15 novembre2021, la Cour Constitutionnelle a indiqu\u00e9 qu\u2019aucune juridiction de l\u2019ordre judiciaire ne peut juger un ancien premier ministre. M\u00eame la cour de cassation aupr\u00e8s de qui le dossier a \u00e9t\u00e9 transmis, n\u2019a pu d\u00e9montrer sa comp\u00e9tence pour juger un ancien premier ministre pour des faits commis dans l\u2019exercice de ses fonctions. Bien avant, le Parquet G\u00e9n\u00e9ral pr\u00e8s la cour de cassation s\u2019\u00e9tait d\u00e9j\u00e0 d\u00e9clar\u00e9e incomp\u00e9tent pour instruire et traiter ce m\u00eame dossier, avant d\u2019\u00eatre transmis au Procureur G\u00e9n\u00e9ral pr\u00e8s la Cour Constitutionnelle.<\/p>\n\n\n\n<p>Une autre affaire pour laquelle \u00e9tait poursuivi Matata Ponyo, est celle relative au le d\u00e9tournement des fonds relatifs \u00e0 l\u2019indemnisation des biens za\u00efreanis\u00e9s. Apr\u00e8s avoir \u00e9t\u00e9 entendu et plac\u00e9 en r\u00e9sidence surveill\u00e9e, le dossier n\u2019a jamais \u00e9t\u00e9 clos, en d\u00e9pit de la demande de classement sans suite pour d\u00e9faut de charges confirm\u00e9e verbalement par le Procureur G\u00e9n\u00e9ral pr\u00e8s la Cour Constitutionnelle.<\/p>\n\n\n\n<p>En d\u00e9pit de l\u2019\u00e9puisement de toute la proc\u00e9dure, le s\u00e9nateur Matata Ponyo n\u2019a toujours pas recouvr\u00e9 ses immunit\u00e9s. Il n\u2019y a pas d\u2019autres mots pour qualifier cette situation si ce n\u2019est qu\u2019une violation des droits fondamentaux d\u2019un citoyen ou d\u2019une discrimination ; et surtout qu\u2019en date du 19 f\u00e9vrier dernier, il lui a \u00e9t\u00e9 Interdit de quitter la ville de Kinshasa alors qu\u2019il devait se rendre \u00e0 Lubumbashi pour participer aux obs\u00e8ques de sa petite s\u0153ur ; et cela comme d\u2019habitude, sur ordre de la hi\u00e9rarchie.<\/p>\n\n\n\n<p>Au regard de l\u2019arr\u00eat de la cour constitutionnelle, Augustin Matata Ponyo rappelle au Chef de l\u2019Etat, l\u2019obligation qui qui est la sienne, de r\u00e9cup\u00e9rer ses immunit\u00e9s ainsi que ses libert\u00e9s de mouvement.<\/p>\n\n\n\n<p>Jo\u00ebl Diawa<\/p>\n","protected":false},"excerpt":{"rendered":"<p>R\u00e9daction:+243817406088 Dans une correspondance adress\u00e9e au pr\u00e9sident de la R\u00e9publique, Augustin Matata Ponyo, l\u2019ancien premier&#8230;<\/p>\n","protected":false},"author":2,"featured_media":0,"comment_status":"closed","ping_status":"open","sticky":false,"template":"","format":"standard","meta":{"_jetpack_memberships_contains_paid_content":false,"footnotes":""},"categories":[1],"tags":[],"class_list":["post-2113","post","type-post","status-publish","format-standard","hentry","category-non-classe"],"yoast_head":"<!-- This site is optimized with the Yoast SEO plugin v27.5 - https:\/\/yoast.com\/product\/yoast-seo-wordpress\/ -->\n<title>Victime de violation de ses droits fondamentaux, Augustin Matata va-t-il trouver son salut aupr\u00e8s de F\u00e9lix Tshisekedi? - Infos Droits Humains<\/title>\n<meta name=\"robots\" content=\"index, follow, max-snippet:-1, max-image-preview:large, max-video-preview:-1\" \/>\n<link rel=\"canonical\" href=\"https:\/\/infos-droitshumains.net\/?p=2113\" \/>\n<meta property=\"og:locale\" content=\"fr_FR\" \/>\n<meta property=\"og:type\" content=\"article\" \/>\n<meta property=\"og:title\" content=\"Victime de violation de ses droits fondamentaux, Augustin Matata va-t-il trouver son salut aupr\u00e8s de F\u00e9lix Tshisekedi? - Infos Droits Humains\" \/>\n<meta property=\"og:description\" content=\"R\u00e9daction:+243817406088 Dans une correspondance adress\u00e9e au pr\u00e9sident de la R\u00e9publique, Augustin Matata Ponyo, l\u2019ancien premier...\" \/>\n<meta property=\"og:url\" content=\"https:\/\/infos-droitshumains.net\/?p=2113\" \/>\n<meta property=\"og:site_name\" content=\"Infos Droits Humains\" \/>\n<meta property=\"article:published_time\" content=\"2022-02-23T11:24:38+00:00\" \/>\n<meta property=\"article:modified_time\" content=\"2023-04-06T10:10:30+00:00\" \/>\n<meta name=\"author\" content=\"Jo\u00ebl Diawa\" \/>\n<meta name=\"twitter:card\" content=\"summary_large_image\" \/>\n<meta name=\"twitter:label1\" content=\"\u00c9crit par\" \/>\n\t<meta name=\"twitter:data1\" content=\"Jo\u00ebl Diawa\" \/>\n\t<meta name=\"twitter:label2\" content=\"Dur\u00e9e de lecture estim\u00e9e\" \/>\n\t<meta name=\"twitter:data2\" content=\"2 minutes\" \/>\n<script type=\"application\/ld+json\" class=\"yoast-schema-graph\">{\"@context\":\"https:\\\/\\\/schema.org\",\"@graph\":[{\"@type\":\"Article\",\"@id\":\"https:\\\/\\\/infos-droitshumains.net\\\/?p=2113#article\",\"isPartOf\":{\"@id\":\"https:\\\/\\\/infos-droitshumains.net\\\/?p=2113\"},\"author\":{\"name\":\"Jo\u00ebl Diawa\",\"@id\":\"https:\\\/\\\/infos-droitshumains.net\\\/#\\\/schema\\\/person\\\/3dc5e921c3302172e0ed4362f96faab7\"},\"headline\":\"Victime de violation de ses droits fondamentaux, Augustin Matata va-t-il trouver son salut aupr\u00e8s de F\u00e9lix Tshisekedi?\",\"datePublished\":\"2022-02-23T11:24:38+00:00\",\"dateModified\":\"2023-04-06T10:10:30+00:00\",\"mainEntityOfPage\":{\"@id\":\"https:\\\/\\\/infos-droitshumains.net\\\/?p=2113\"},\"wordCount\":496,\"publisher\":{\"@id\":\"https:\\\/\\\/infos-droitshumains.net\\\/#organization\"},\"inLanguage\":\"fr-FR\"},{\"@type\":\"WebPage\",\"@id\":\"https:\\\/\\\/infos-droitshumains.net\\\/?p=2113\",\"url\":\"https:\\\/\\\/infos-droitshumains.net\\\/?p=2113\",\"name\":\"Victime de violation de ses droits fondamentaux, Augustin Matata va-t-il trouver son salut aupr\u00e8s de F\u00e9lix Tshisekedi? - Infos Droits Humains\",\"isPartOf\":{\"@id\":\"https:\\\/\\\/infos-droitshumains.net\\\/#website\"},\"datePublished\":\"2022-02-23T11:24:38+00:00\",\"dateModified\":\"2023-04-06T10:10:30+00:00\",\"breadcrumb\":{\"@id\":\"https:\\\/\\\/infos-droitshumains.net\\\/?p=2113#breadcrumb\"},\"inLanguage\":\"fr-FR\",\"potentialAction\":[{\"@type\":\"ReadAction\",\"target\":[\"https:\\\/\\\/infos-droitshumains.net\\\/?p=2113\"]}]},{\"@type\":\"BreadcrumbList\",\"@id\":\"https:\\\/\\\/infos-droitshumains.net\\\/?p=2113#breadcrumb\",\"itemListElement\":[{\"@type\":\"ListItem\",\"position\":1,\"name\":\"Accueil\",\"item\":\"https:\\\/\\\/infos-droitshumains.net\\\/\"},{\"@type\":\"ListItem\",\"position\":2,\"name\":\"Victime de violation de ses droits fondamentaux, Augustin Matata va-t-il trouver son salut aupr\u00e8s de F\u00e9lix Tshisekedi?\"}]},{\"@type\":\"WebSite\",\"@id\":\"https:\\\/\\\/infos-droitshumains.net\\\/#website\",\"url\":\"https:\\\/\\\/infos-droitshumains.net\\\/\",\"name\":\"Infos Droits Humains\",\"description\":\"S&#039;informer est un droit\",\"publisher\":{\"@id\":\"https:\\\/\\\/infos-droitshumains.net\\\/#organization\"},\"potentialAction\":[{\"@type\":\"SearchAction\",\"target\":{\"@type\":\"EntryPoint\",\"urlTemplate\":\"https:\\\/\\\/infos-droitshumains.net\\\/?s={search_term_string}\"},\"query-input\":{\"@type\":\"PropertyValueSpecification\",\"valueRequired\":true,\"valueName\":\"search_term_string\"}}],\"inLanguage\":\"fr-FR\"},{\"@type\":\"Organization\",\"@id\":\"https:\\\/\\\/infos-droitshumains.net\\\/#organization\",\"name\":\"Infos Droits Humains\",\"url\":\"https:\\\/\\\/infos-droitshumains.net\\\/\",\"logo\":{\"@type\":\"ImageObject\",\"inLanguage\":\"fr-FR\",\"@id\":\"https:\\\/\\\/infos-droitshumains.net\\\/#\\\/schema\\\/logo\\\/image\\\/\",\"url\":\"https:\\\/\\\/i0.wp.com\\\/infos-droitshumains.net\\\/wp-content\\\/uploads\\\/2022\\\/05\\\/Logo.png?fit=333%2C129&ssl=1\",\"contentUrl\":\"https:\\\/\\\/i0.wp.com\\\/infos-droitshumains.net\\\/wp-content\\\/uploads\\\/2022\\\/05\\\/Logo.png?fit=333%2C129&ssl=1\",\"width\":333,\"height\":129,\"caption\":\"Infos Droits Humains\"},\"image\":{\"@id\":\"https:\\\/\\\/infos-droitshumains.net\\\/#\\\/schema\\\/logo\\\/image\\\/\"}},{\"@type\":\"Person\",\"@id\":\"https:\\\/\\\/infos-droitshumains.net\\\/#\\\/schema\\\/person\\\/3dc5e921c3302172e0ed4362f96faab7\",\"name\":\"Jo\u00ebl Diawa\",\"image\":{\"@type\":\"ImageObject\",\"inLanguage\":\"fr-FR\",\"@id\":\"https:\\\/\\\/secure.gravatar.com\\\/avatar\\\/729bea6ff4604c624417803c477363be8e3c7186deaa65713313f9b4b820f41c?s=96&d=mm&r=g\",\"url\":\"https:\\\/\\\/secure.gravatar.com\\\/avatar\\\/729bea6ff4604c624417803c477363be8e3c7186deaa65713313f9b4b820f41c?s=96&d=mm&r=g\",\"contentUrl\":\"https:\\\/\\\/secure.gravatar.com\\\/avatar\\\/729bea6ff4604c624417803c477363be8e3c7186deaa65713313f9b4b820f41c?s=96&d=mm&r=g\",\"caption\":\"Jo\u00ebl Diawa\"},\"sameAs\":[\"https:\\\/\\\/www.infos-droitshumains.net\"],\"url\":\"https:\\\/\\\/infos-droitshumains.net\\\/?author=2\"}]}<\/script>\n<!-- \/ Yoast SEO plugin. -->","yoast_head_json":{"title":"Victime de violation de ses droits fondamentaux, Augustin Matata va-t-il trouver son salut aupr\u00e8s de F\u00e9lix Tshisekedi? - Infos Droits Humains","robots":{"index":"index","follow":"follow","max-snippet":"max-snippet:-1","max-image-preview":"max-image-preview:large","max-video-preview":"max-video-preview:-1"},"canonical":"https:\/\/infos-droitshumains.net\/?p=2113","og_locale":"fr_FR","og_type":"article","og_title":"Victime de violation de ses droits fondamentaux, Augustin Matata va-t-il trouver son salut aupr\u00e8s de F\u00e9lix Tshisekedi? - Infos Droits Humains","og_description":"R\u00e9daction:+243817406088 Dans une correspondance adress\u00e9e au pr\u00e9sident de la R\u00e9publique, Augustin Matata Ponyo, l\u2019ancien premier...","og_url":"https:\/\/infos-droitshumains.net\/?p=2113","og_site_name":"Infos Droits Humains","article_published_time":"2022-02-23T11:24:38+00:00","article_modified_time":"2023-04-06T10:10:30+00:00","author":"Jo\u00ebl Diawa","twitter_card":"summary_large_image","twitter_misc":{"\u00c9crit par":"Jo\u00ebl Diawa","Dur\u00e9e de lecture estim\u00e9e":"2 minutes"},"schema":{"@context":"https:\/\/schema.org","@graph":[{"@type":"Article","@id":"https:\/\/infos-droitshumains.net\/?p=2113#article","isPartOf":{"@id":"https:\/\/infos-droitshumains.net\/?p=2113"},"author":{"name":"Jo\u00ebl Diawa","@id":"https:\/\/infos-droitshumains.net\/#\/schema\/person\/3dc5e921c3302172e0ed4362f96faab7"},"headline":"Victime de violation de ses droits fondamentaux, Augustin Matata va-t-il trouver son salut aupr\u00e8s de F\u00e9lix Tshisekedi?","datePublished":"2022-02-23T11:24:38+00:00","dateModified":"2023-04-06T10:10:30+00:00","mainEntityOfPage":{"@id":"https:\/\/infos-droitshumains.net\/?p=2113"},"wordCount":496,"publisher":{"@id":"https:\/\/infos-droitshumains.net\/#organization"},"inLanguage":"fr-FR"},{"@type":"WebPage","@id":"https:\/\/infos-droitshumains.net\/?p=2113","url":"https:\/\/infos-droitshumains.net\/?p=2113","name":"Victime de violation de ses droits fondamentaux, Augustin Matata va-t-il trouver son salut aupr\u00e8s de F\u00e9lix Tshisekedi? - Infos Droits Humains","isPartOf":{"@id":"https:\/\/infos-droitshumains.net\/#website"},"datePublished":"2022-02-23T11:24:38+00:00","dateModified":"2023-04-06T10:10:30+00:00","breadcrumb":{"@id":"https:\/\/infos-droitshumains.net\/?p=2113#breadcrumb"},"inLanguage":"fr-FR","potentialAction":[{"@type":"ReadAction","target":["https:\/\/infos-droitshumains.net\/?p=2113"]}]},{"@type":"BreadcrumbList","@id":"https:\/\/infos-droitshumains.net\/?p=2113#breadcrumb","itemListElement":[{"@type":"ListItem","position":1,"name":"Accueil","item":"https:\/\/infos-droitshumains.net\/"},{"@type":"ListItem","position":2,"name":"Victime de violation de ses droits fondamentaux, Augustin Matata va-t-il trouver son salut aupr\u00e8s de F\u00e9lix Tshisekedi?"}]},{"@type":"WebSite","@id":"https:\/\/infos-droitshumains.net\/#website","url":"https:\/\/infos-droitshumains.net\/","name":"Infos Droits Humains","description":"S&#039;informer est un droit","publisher":{"@id":"https:\/\/infos-droitshumains.net\/#organization"},"potentialAction":[{"@type":"SearchAction","target":{"@type":"EntryPoint","urlTemplate":"https:\/\/infos-droitshumains.net\/?s={search_term_string}"},"query-input":{"@type":"PropertyValueSpecification","valueRequired":true,"valueName":"search_term_string"}}],"inLanguage":"fr-FR"},{"@type":"Organization","@id":"https:\/\/infos-droitshumains.net\/#organization","name":"Infos Droits Humains","url":"https:\/\/infos-droitshumains.net\/","logo":{"@type":"ImageObject","inLanguage":"fr-FR","@id":"https:\/\/infos-droitshumains.net\/#\/schema\/logo\/image\/","url":"https:\/\/i0.wp.com\/infos-droitshumains.net\/wp-content\/uploads\/2022\/05\/Logo.png?fit=333%2C129&ssl=1","contentUrl":"https:\/\/i0.wp.com\/infos-droitshumains.net\/wp-content\/uploads\/2022\/05\/Logo.png?fit=333%2C129&ssl=1","width":333,"height":129,"caption":"Infos Droits Humains"},"image":{"@id":"https:\/\/infos-droitshumains.net\/#\/schema\/logo\/image\/"}},{"@type":"Person","@id":"https:\/\/infos-droitshumains.net\/#\/schema\/person\/3dc5e921c3302172e0ed4362f96faab7","name":"Jo\u00ebl Diawa","image":{"@type":"ImageObject","inLanguage":"fr-FR","@id":"https:\/\/secure.gravatar.com\/avatar\/729bea6ff4604c624417803c477363be8e3c7186deaa65713313f9b4b820f41c?s=96&d=mm&r=g","url":"https:\/\/secure.gravatar.com\/avatar\/729bea6ff4604c624417803c477363be8e3c7186deaa65713313f9b4b820f41c?s=96&d=mm&r=g","contentUrl":"https:\/\/secure.gravatar.com\/avatar\/729bea6ff4604c624417803c477363be8e3c7186deaa65713313f9b4b820f41c?s=96&d=mm&r=g","caption":"Jo\u00ebl Diawa"},"sameAs":["https:\/\/www.infos-droitshumains.net"],"url":"https:\/\/infos-droitshumains.net\/?author=2"}]}},"featured_image_urls":{"full":"","thumbnail":"","medium":"","medium_large":"","large":"","1536x1536":"","2048x2048":"","covernews-slider-full":"","covernews-slider-center":"","covernews-featured":"","covernews-medium":"","covernews-medium-square":""},"author_info":{"display_name":"Jo\u00ebl Diawa","author_link":"https:\/\/infos-droitshumains.net\/?author=2"},"category_info":"<a href=\"https:\/\/infos-droitshumains.net\/?cat=1\" rel=\"category\">Non class\u00e9<\/a>","tag_info":"Non class\u00e9","comment_count":"0","jetpack_featured_media_url":"","jetpack-related-posts":[],"jetpack_sharing_enabled":true,"_links":{"self":[{"href":"https:\/\/infos-droitshumains.net\/index.php?rest_route=\/wp\/v2\/posts\/2113","targetHints":{"allow":["GET"]}}],"collection":[{"href":"https:\/\/infos-droitshumains.net\/index.php?rest_route=\/wp\/v2\/posts"}],"about":[{"href":"https:\/\/infos-droitshumains.net\/index.php?rest_route=\/wp\/v2\/types\/post"}],"author":[{"embeddable":true,"href":"https:\/\/infos-droitshumains.net\/index.php?rest_route=\/wp\/v2\/users\/2"}],"replies":[{"embeddable":true,"href":"https:\/\/infos-droitshumains.net\/index.php?rest_route=%2Fwp%2Fv2%2Fcomments&post=2113"}],"version-history":[{"count":3,"href":"https:\/\/infos-droitshumains.net\/index.php?rest_route=\/wp\/v2\/posts\/2113\/revisions"}],"predecessor-version":[{"id":2117,"href":"https:\/\/infos-droitshumains.net\/index.php?rest_route=\/wp\/v2\/posts\/2113\/revisions\/2117"}],"wp:attachment":[{"href":"https:\/\/infos-droitshumains.net\/index.php?rest_route=%2Fwp%2Fv2%2Fmedia&parent=2113"}],"wp:term":[{"taxonomy":"category","embeddable":true,"href":"https:\/\/infos-droitshumains.net\/index.php?rest_route=%2Fwp%2Fv2%2Fcategories&post=2113"},{"taxonomy":"post_tag","embeddable":true,"href":"https:\/\/infos-droitshumains.net\/index.php?rest_route=%2Fwp%2Fv2%2Ftags&post=2113"}],"curies":[{"name":"wp","href":"https:\/\/api.w.org\/{rel}","templated":true}]}}