{"id":1918,"date":"2022-02-14T10:00:00","date_gmt":"2022-02-14T09:00:00","guid":{"rendered":"https:\/\/infos-droitshumains.net\/?p=1918"},"modified":"2023-04-06T12:10:30","modified_gmt":"2023-04-06T10:10:30","slug":"quid-de-la-juridiction-competente-a-statuer-sur-la-mainlevee-judiciaire-de-la-mise-a-lindex-de-la-bcc-sous-lere-ohada-me-abed-kayembe-ngoy","status":"publish","type":"post","link":"https:\/\/infos-droitshumains.net\/?p=1918","title":{"rendered":"Quid de la juridiction comp\u00e9tente \u00e0 statuer sur la mainlev\u00e9e judiciaire de la mise \u00e0 l\u2019index de la BCC sous l\u2019\u00e8re OHADA ? (Me. Abed Kayembe Ngoy)"},"content":{"rendered":"\n<p><strong>R\u00e9daction :+243817406088<\/strong><\/p>\n\n\n\n<p>Dans cet article, Me. Abed Kayembe Ngoy, l\u2019un des doctrinaires congolais r\u00e9pond aux diff\u00e9rentes questions des internautes, les justiciables, les praticiens de Droit, les juristes d&rsquo;entreprise, les chercheurs, les \u00e9tudiants pos\u00e9es apr\u00e8s avoir lu son ouvrage intitul\u00e9 <strong>\u00ab\u00a0Quid du juge de mainlev\u00e9e de la mesure de mise \u00e0 l\u2019index de la banque banque centrale du Congo sous l\u2019\u00e8re du droit OHADA.\u00a0\u00bb<\/strong><\/p>\n\n\n\n<p>A.    <strong>C&rsquo;est quoi la mise \u00e0 l&rsquo;index ?<\/strong><\/p>\n\n\n\n<p>La mise \u00e0 l&rsquo;index est une mesure coercitive prise par l&rsquo;autorit\u00e9 mon\u00e9taire et r\u00e9gulatrice, la Banque Centrale du Congo (BCC), soit d&rsquo;office ou soit, sur demande d&rsquo;une institution financi\u00e8re agr\u00e9\u00e9e contre les personnes morales ou physiques qui entretiennent des impay\u00e9s, \u00e9mettent des ch\u00e8ques sans provision ou enfreignent aux dispositions relatives \u00e0 la r\u00e9glementation de change.<\/p>\n\n\n\n<p>Laquelle mesure coercitive est assortie \u00e0 l&rsquo;endroit des personnes susvis\u00e9es, de la suspension ou de l&rsquo;interdiction au b\u00e9n\u00e9fice des services et des facilit\u00e9s bancaires aupr\u00e8s de tous les \u00e9tablissements de cr\u00e9dit ou institutions financi\u00e8res \u0153uvrant en RDC.<\/p>\n\n\n\n<p>Cette d\u00e9cision ou mesure de mise \u00e0 l&rsquo;index est une d\u00e9cision administrative dont l&rsquo;examen du litige relavant du contentieux administratif, mieux du juge administratif.<\/p>\n\n\n\n<p>B.    <strong>Qui est le juge de la mainlev\u00e9e judiciaire de la mise \u00e0 l&rsquo;index de la Banque Centrale du Congo ?<\/strong><\/p>\n\n\n\n<p>La solution l\u00e9gale et doctrinale de cette question controvers\u00e9e du juge de mainlev\u00e9e de la mise \u00e0 l&rsquo;index est \u00e9troitement li\u00e9e \u00e0 sa nature juridique,  \u00e0 savoir la nature juridique de d\u00e9cision administrative.<\/p>\n\n\n\n<p>En effet, la d\u00e9cision de la mise \u00e0 l&rsquo;index prise par la Banque Centrale du Congo, \u00c9tablissement Public par essence, rentrant dans le cadre de ses missions l\u00e9gales d\u00e9finies par le l\u00e9gislateur congolais, rel\u00e8ve naturellement du droit administratif.<\/p>\n\n\n\n<p>Au regard de ce qui pr\u00e9c\u00e8de, l&rsquo;on peut affirmer que la d\u00e9cision de la mise \u00e0 l&rsquo;index de la Banque Centrale du Congo est de la comp\u00e9tence exclusive du juge administratif, \u00e0 savoir \u00ab\u00a0<strong>le CONSEIL D&rsquo;\u00c9TAT\u00a0\u00bb,<\/strong> ce, conform\u00e9ment de l&rsquo;article 101 de la loi organique n\u00b0018\/027 du 13\/d\u00e9cembre 2018 portant organisation et fonctionnement de la Banque Centrale du Congo.<\/p>\n\n\n\n<p>En d\u00e9finitive, nous pouvons conclure cette r\u00e9flexion, en affirmant que c&rsquo;est le juge administratif qui demeure comp\u00e9tent pour conna\u00eetre de tous les litiges d\u00e9coulant des d\u00e9cisions de mise \u00e0 l&rsquo;index prise par la banque centrale du Congo, \u00c9tablissement public, personne morale de droit public dot\u00e9e de la personnalit\u00e9 juridique.<\/p>\n\n\n\n<p>Pour les m\u00eames raisons de concision, nous renvoyons utilement, nos lecteurs \u00e0 se procurer ce s\u00e9same scientifique de haute facture, intitul\u00e9 : \u00ab Quid du juge de mainlev\u00e9e de la mesure de la mise \u00e0 l\u2019index de la Banque Centrale du Congo, sous l\u2019\u00e8re du droit OHADA ? \u00bb pour se pr\u00e9munir contre les russes et l\u2019insolvabilit\u00e9 des d\u00e9biteurs de mauvaise foi.<\/p>\n\n\n\n<p>Pour tout contact :<\/p>\n\n\n\n<p>Cabinet MAK, si\u00e8ge social : 248\/B, 3\u00e8me RUE, Q\/Industriel, C\/LImete<br>\nT\u00e9l : +243 815 192 472<\/p>\n\n\n\n<p>Email : abedngoy1@gmail.com<\/p>\n\n\n\n<p>Point de vente :<\/p>\n\n\n\n<p>Barreau de Kinshasa\/ Matete, 4\u00e8me Rue, Q\/ R\u00e9sidentiel dans la Commune de Limete ; Barreau de Kinshasa\/Gombe, Palais de Justice, B\u00e2timent abritant le Conseil d\u2019\u00c9tat ; Tribunal de Commerce de Kinshasa\/Matete, 1\u00e8re Rue, FUNA, Limete ; Tribunal de Commerce de Kinshasa\/Gombe, en face de l\u2019\u00c9cole ITI-GOMBE dans l\u2019enceinte de la Concession Office des routes, avenue de la science dans la Commune de la Gombe.<\/p>\n\n\n\n<p>Me. Abed Kayembe Ngoy<\/p>\n","protected":false},"excerpt":{"rendered":"<p>R\u00e9daction :+243817406088 Dans cet article, Me. Abed Kayembe Ngoy, l\u2019un des doctrinaires congolais r\u00e9pond aux&#8230;<\/p>\n","protected":false},"author":2,"featured_media":0,"comment_status":"closed","ping_status":"open","sticky":false,"template":"","format":"standard","meta":{"_jetpack_memberships_contains_paid_content":false,"footnotes":""},"categories":[1],"tags":[],"class_list":["post-1918","post","type-post","status-publish","format-standard","hentry","category-non-classe"],"yoast_head":"<!-- This site is optimized with the Yoast SEO plugin v27.5 - https:\/\/yoast.com\/product\/yoast-seo-wordpress\/ -->\n<title>Quid de la juridiction comp\u00e9tente \u00e0 statuer sur la mainlev\u00e9e judiciaire de la mise \u00e0 l\u2019index de la BCC sous l\u2019\u00e8re OHADA ? (Me. Abed Kayembe Ngoy) - Infos Droits Humains<\/title>\n<meta name=\"robots\" content=\"index, follow, max-snippet:-1, max-image-preview:large, max-video-preview:-1\" \/>\n<link rel=\"canonical\" href=\"https:\/\/infos-droitshumains.net\/?p=1918\" \/>\n<meta property=\"og:locale\" content=\"fr_FR\" \/>\n<meta property=\"og:type\" content=\"article\" \/>\n<meta property=\"og:title\" content=\"Quid de la juridiction comp\u00e9tente \u00e0 statuer sur la mainlev\u00e9e judiciaire de la mise \u00e0 l\u2019index de la BCC sous l\u2019\u00e8re OHADA ? (Me. Abed Kayembe Ngoy) - Infos Droits Humains\" \/>\n<meta property=\"og:description\" content=\"R\u00e9daction :+243817406088 Dans cet article, Me. Abed Kayembe Ngoy, l\u2019un des doctrinaires congolais r\u00e9pond aux...\" \/>\n<meta property=\"og:url\" content=\"https:\/\/infos-droitshumains.net\/?p=1918\" \/>\n<meta property=\"og:site_name\" content=\"Infos Droits Humains\" \/>\n<meta property=\"article:published_time\" content=\"2022-02-14T09:00:00+00:00\" \/>\n<meta property=\"article:modified_time\" content=\"2023-04-06T10:10:30+00:00\" \/>\n<meta name=\"author\" content=\"Jo\u00ebl Diawa\" \/>\n<meta name=\"twitter:card\" content=\"summary_large_image\" \/>\n<meta name=\"twitter:label1\" content=\"\u00c9crit par\" \/>\n\t<meta name=\"twitter:data1\" content=\"Jo\u00ebl Diawa\" \/>\n\t<meta name=\"twitter:label2\" content=\"Dur\u00e9e de lecture estim\u00e9e\" \/>\n\t<meta name=\"twitter:data2\" content=\"3 minutes\" \/>\n<script type=\"application\/ld+json\" class=\"yoast-schema-graph\">{\"@context\":\"https:\\\/\\\/schema.org\",\"@graph\":[{\"@type\":\"Article\",\"@id\":\"https:\\\/\\\/infos-droitshumains.net\\\/?p=1918#article\",\"isPartOf\":{\"@id\":\"https:\\\/\\\/infos-droitshumains.net\\\/?p=1918\"},\"author\":{\"name\":\"Jo\u00ebl Diawa\",\"@id\":\"https:\\\/\\\/infos-droitshumains.net\\\/#\\\/schema\\\/person\\\/3dc5e921c3302172e0ed4362f96faab7\"},\"headline\":\"Quid de la juridiction comp\u00e9tente \u00e0 statuer sur la mainlev\u00e9e judiciaire de la mise \u00e0 l\u2019index de la BCC sous l\u2019\u00e8re OHADA ? (Me. Abed Kayembe Ngoy)\",\"datePublished\":\"2022-02-14T09:00:00+00:00\",\"dateModified\":\"2023-04-06T10:10:30+00:00\",\"mainEntityOfPage\":{\"@id\":\"https:\\\/\\\/infos-droitshumains.net\\\/?p=1918\"},\"wordCount\":607,\"publisher\":{\"@id\":\"https:\\\/\\\/infos-droitshumains.net\\\/#organization\"},\"inLanguage\":\"fr-FR\"},{\"@type\":\"WebPage\",\"@id\":\"https:\\\/\\\/infos-droitshumains.net\\\/?p=1918\",\"url\":\"https:\\\/\\\/infos-droitshumains.net\\\/?p=1918\",\"name\":\"Quid de la juridiction comp\u00e9tente \u00e0 statuer sur la mainlev\u00e9e judiciaire de la mise \u00e0 l\u2019index de la BCC sous l\u2019\u00e8re OHADA ? (Me. Abed Kayembe Ngoy) - Infos Droits Humains\",\"isPartOf\":{\"@id\":\"https:\\\/\\\/infos-droitshumains.net\\\/#website\"},\"datePublished\":\"2022-02-14T09:00:00+00:00\",\"dateModified\":\"2023-04-06T10:10:30+00:00\",\"breadcrumb\":{\"@id\":\"https:\\\/\\\/infos-droitshumains.net\\\/?p=1918#breadcrumb\"},\"inLanguage\":\"fr-FR\",\"potentialAction\":[{\"@type\":\"ReadAction\",\"target\":[\"https:\\\/\\\/infos-droitshumains.net\\\/?p=1918\"]}]},{\"@type\":\"BreadcrumbList\",\"@id\":\"https:\\\/\\\/infos-droitshumains.net\\\/?p=1918#breadcrumb\",\"itemListElement\":[{\"@type\":\"ListItem\",\"position\":1,\"name\":\"Accueil\",\"item\":\"https:\\\/\\\/infos-droitshumains.net\\\/\"},{\"@type\":\"ListItem\",\"position\":2,\"name\":\"Quid de la juridiction comp\u00e9tente \u00e0 statuer sur la mainlev\u00e9e judiciaire de la mise \u00e0 l\u2019index de la BCC sous l\u2019\u00e8re OHADA ? (Me. Abed Kayembe Ngoy)\"}]},{\"@type\":\"WebSite\",\"@id\":\"https:\\\/\\\/infos-droitshumains.net\\\/#website\",\"url\":\"https:\\\/\\\/infos-droitshumains.net\\\/\",\"name\":\"Infos Droits Humains\",\"description\":\"S&#039;informer est un droit\",\"publisher\":{\"@id\":\"https:\\\/\\\/infos-droitshumains.net\\\/#organization\"},\"potentialAction\":[{\"@type\":\"SearchAction\",\"target\":{\"@type\":\"EntryPoint\",\"urlTemplate\":\"https:\\\/\\\/infos-droitshumains.net\\\/?s={search_term_string}\"},\"query-input\":{\"@type\":\"PropertyValueSpecification\",\"valueRequired\":true,\"valueName\":\"search_term_string\"}}],\"inLanguage\":\"fr-FR\"},{\"@type\":\"Organization\",\"@id\":\"https:\\\/\\\/infos-droitshumains.net\\\/#organization\",\"name\":\"Infos Droits Humains\",\"url\":\"https:\\\/\\\/infos-droitshumains.net\\\/\",\"logo\":{\"@type\":\"ImageObject\",\"inLanguage\":\"fr-FR\",\"@id\":\"https:\\\/\\\/infos-droitshumains.net\\\/#\\\/schema\\\/logo\\\/image\\\/\",\"url\":\"https:\\\/\\\/i0.wp.com\\\/infos-droitshumains.net\\\/wp-content\\\/uploads\\\/2022\\\/05\\\/Logo.png?fit=333%2C129&ssl=1\",\"contentUrl\":\"https:\\\/\\\/i0.wp.com\\\/infos-droitshumains.net\\\/wp-content\\\/uploads\\\/2022\\\/05\\\/Logo.png?fit=333%2C129&ssl=1\",\"width\":333,\"height\":129,\"caption\":\"Infos Droits Humains\"},\"image\":{\"@id\":\"https:\\\/\\\/infos-droitshumains.net\\\/#\\\/schema\\\/logo\\\/image\\\/\"}},{\"@type\":\"Person\",\"@id\":\"https:\\\/\\\/infos-droitshumains.net\\\/#\\\/schema\\\/person\\\/3dc5e921c3302172e0ed4362f96faab7\",\"name\":\"Jo\u00ebl Diawa\",\"image\":{\"@type\":\"ImageObject\",\"inLanguage\":\"fr-FR\",\"@id\":\"https:\\\/\\\/secure.gravatar.com\\\/avatar\\\/729bea6ff4604c624417803c477363be8e3c7186deaa65713313f9b4b820f41c?s=96&d=mm&r=g\",\"url\":\"https:\\\/\\\/secure.gravatar.com\\\/avatar\\\/729bea6ff4604c624417803c477363be8e3c7186deaa65713313f9b4b820f41c?s=96&d=mm&r=g\",\"contentUrl\":\"https:\\\/\\\/secure.gravatar.com\\\/avatar\\\/729bea6ff4604c624417803c477363be8e3c7186deaa65713313f9b4b820f41c?s=96&d=mm&r=g\",\"caption\":\"Jo\u00ebl Diawa\"},\"sameAs\":[\"https:\\\/\\\/www.infos-droitshumains.net\"],\"url\":\"https:\\\/\\\/infos-droitshumains.net\\\/?author=2\"}]}<\/script>\n<!-- \/ Yoast SEO plugin. -->","yoast_head_json":{"title":"Quid de la juridiction comp\u00e9tente \u00e0 statuer sur la mainlev\u00e9e judiciaire de la mise \u00e0 l\u2019index de la BCC sous l\u2019\u00e8re OHADA ? (Me. Abed Kayembe Ngoy) - Infos Droits Humains","robots":{"index":"index","follow":"follow","max-snippet":"max-snippet:-1","max-image-preview":"max-image-preview:large","max-video-preview":"max-video-preview:-1"},"canonical":"https:\/\/infos-droitshumains.net\/?p=1918","og_locale":"fr_FR","og_type":"article","og_title":"Quid de la juridiction comp\u00e9tente \u00e0 statuer sur la mainlev\u00e9e judiciaire de la mise \u00e0 l\u2019index de la BCC sous l\u2019\u00e8re OHADA ? (Me. Abed Kayembe Ngoy) - Infos Droits Humains","og_description":"R\u00e9daction :+243817406088 Dans cet article, Me. Abed Kayembe Ngoy, l\u2019un des doctrinaires congolais r\u00e9pond aux...","og_url":"https:\/\/infos-droitshumains.net\/?p=1918","og_site_name":"Infos Droits Humains","article_published_time":"2022-02-14T09:00:00+00:00","article_modified_time":"2023-04-06T10:10:30+00:00","author":"Jo\u00ebl Diawa","twitter_card":"summary_large_image","twitter_misc":{"\u00c9crit par":"Jo\u00ebl Diawa","Dur\u00e9e de lecture estim\u00e9e":"3 minutes"},"schema":{"@context":"https:\/\/schema.org","@graph":[{"@type":"Article","@id":"https:\/\/infos-droitshumains.net\/?p=1918#article","isPartOf":{"@id":"https:\/\/infos-droitshumains.net\/?p=1918"},"author":{"name":"Jo\u00ebl Diawa","@id":"https:\/\/infos-droitshumains.net\/#\/schema\/person\/3dc5e921c3302172e0ed4362f96faab7"},"headline":"Quid de la juridiction comp\u00e9tente \u00e0 statuer sur la mainlev\u00e9e judiciaire de la mise \u00e0 l\u2019index de la BCC sous l\u2019\u00e8re OHADA ? (Me. Abed Kayembe Ngoy)","datePublished":"2022-02-14T09:00:00+00:00","dateModified":"2023-04-06T10:10:30+00:00","mainEntityOfPage":{"@id":"https:\/\/infos-droitshumains.net\/?p=1918"},"wordCount":607,"publisher":{"@id":"https:\/\/infos-droitshumains.net\/#organization"},"inLanguage":"fr-FR"},{"@type":"WebPage","@id":"https:\/\/infos-droitshumains.net\/?p=1918","url":"https:\/\/infos-droitshumains.net\/?p=1918","name":"Quid de la juridiction comp\u00e9tente \u00e0 statuer sur la mainlev\u00e9e judiciaire de la mise \u00e0 l\u2019index de la BCC sous l\u2019\u00e8re OHADA ? (Me. Abed Kayembe Ngoy) - Infos Droits Humains","isPartOf":{"@id":"https:\/\/infos-droitshumains.net\/#website"},"datePublished":"2022-02-14T09:00:00+00:00","dateModified":"2023-04-06T10:10:30+00:00","breadcrumb":{"@id":"https:\/\/infos-droitshumains.net\/?p=1918#breadcrumb"},"inLanguage":"fr-FR","potentialAction":[{"@type":"ReadAction","target":["https:\/\/infos-droitshumains.net\/?p=1918"]}]},{"@type":"BreadcrumbList","@id":"https:\/\/infos-droitshumains.net\/?p=1918#breadcrumb","itemListElement":[{"@type":"ListItem","position":1,"name":"Accueil","item":"https:\/\/infos-droitshumains.net\/"},{"@type":"ListItem","position":2,"name":"Quid de la juridiction comp\u00e9tente \u00e0 statuer sur la mainlev\u00e9e judiciaire de la mise \u00e0 l\u2019index de la BCC sous l\u2019\u00e8re OHADA ? (Me. Abed Kayembe Ngoy)"}]},{"@type":"WebSite","@id":"https:\/\/infos-droitshumains.net\/#website","url":"https:\/\/infos-droitshumains.net\/","name":"Infos Droits Humains","description":"S&#039;informer est un droit","publisher":{"@id":"https:\/\/infos-droitshumains.net\/#organization"},"potentialAction":[{"@type":"SearchAction","target":{"@type":"EntryPoint","urlTemplate":"https:\/\/infos-droitshumains.net\/?s={search_term_string}"},"query-input":{"@type":"PropertyValueSpecification","valueRequired":true,"valueName":"search_term_string"}}],"inLanguage":"fr-FR"},{"@type":"Organization","@id":"https:\/\/infos-droitshumains.net\/#organization","name":"Infos Droits Humains","url":"https:\/\/infos-droitshumains.net\/","logo":{"@type":"ImageObject","inLanguage":"fr-FR","@id":"https:\/\/infos-droitshumains.net\/#\/schema\/logo\/image\/","url":"https:\/\/i0.wp.com\/infos-droitshumains.net\/wp-content\/uploads\/2022\/05\/Logo.png?fit=333%2C129&ssl=1","contentUrl":"https:\/\/i0.wp.com\/infos-droitshumains.net\/wp-content\/uploads\/2022\/05\/Logo.png?fit=333%2C129&ssl=1","width":333,"height":129,"caption":"Infos Droits Humains"},"image":{"@id":"https:\/\/infos-droitshumains.net\/#\/schema\/logo\/image\/"}},{"@type":"Person","@id":"https:\/\/infos-droitshumains.net\/#\/schema\/person\/3dc5e921c3302172e0ed4362f96faab7","name":"Jo\u00ebl Diawa","image":{"@type":"ImageObject","inLanguage":"fr-FR","@id":"https:\/\/secure.gravatar.com\/avatar\/729bea6ff4604c624417803c477363be8e3c7186deaa65713313f9b4b820f41c?s=96&d=mm&r=g","url":"https:\/\/secure.gravatar.com\/avatar\/729bea6ff4604c624417803c477363be8e3c7186deaa65713313f9b4b820f41c?s=96&d=mm&r=g","contentUrl":"https:\/\/secure.gravatar.com\/avatar\/729bea6ff4604c624417803c477363be8e3c7186deaa65713313f9b4b820f41c?s=96&d=mm&r=g","caption":"Jo\u00ebl Diawa"},"sameAs":["https:\/\/www.infos-droitshumains.net"],"url":"https:\/\/infos-droitshumains.net\/?author=2"}]}},"featured_image_urls":{"full":"","thumbnail":"","medium":"","medium_large":"","large":"","1536x1536":"","2048x2048":"","covernews-slider-full":"","covernews-slider-center":"","covernews-featured":"","covernews-medium":"","covernews-medium-square":""},"author_info":{"display_name":"Jo\u00ebl Diawa","author_link":"https:\/\/infos-droitshumains.net\/?author=2"},"category_info":"<a href=\"https:\/\/infos-droitshumains.net\/?cat=1\" rel=\"category\">Non class\u00e9<\/a>","tag_info":"Non class\u00e9","comment_count":"0","jetpack_featured_media_url":"","jetpack-related-posts":[],"jetpack_sharing_enabled":true,"_links":{"self":[{"href":"https:\/\/infos-droitshumains.net\/index.php?rest_route=\/wp\/v2\/posts\/1918","targetHints":{"allow":["GET"]}}],"collection":[{"href":"https:\/\/infos-droitshumains.net\/index.php?rest_route=\/wp\/v2\/posts"}],"about":[{"href":"https:\/\/infos-droitshumains.net\/index.php?rest_route=\/wp\/v2\/types\/post"}],"author":[{"embeddable":true,"href":"https:\/\/infos-droitshumains.net\/index.php?rest_route=\/wp\/v2\/users\/2"}],"replies":[{"embeddable":true,"href":"https:\/\/infos-droitshumains.net\/index.php?rest_route=%2Fwp%2Fv2%2Fcomments&post=1918"}],"version-history":[{"count":4,"href":"https:\/\/infos-droitshumains.net\/index.php?rest_route=\/wp\/v2\/posts\/1918\/revisions"}],"predecessor-version":[{"id":1923,"href":"https:\/\/infos-droitshumains.net\/index.php?rest_route=\/wp\/v2\/posts\/1918\/revisions\/1923"}],"wp:attachment":[{"href":"https:\/\/infos-droitshumains.net\/index.php?rest_route=%2Fwp%2Fv2%2Fmedia&parent=1918"}],"wp:term":[{"taxonomy":"category","embeddable":true,"href":"https:\/\/infos-droitshumains.net\/index.php?rest_route=%2Fwp%2Fv2%2Fcategories&post=1918"},{"taxonomy":"post_tag","embeddable":true,"href":"https:\/\/infos-droitshumains.net\/index.php?rest_route=%2Fwp%2Fv2%2Ftags&post=1918"}],"curies":[{"name":"wp","href":"https:\/\/api.w.org\/{rel}","templated":true}]}}