{"id":19064,"date":"2026-05-01T08:33:48","date_gmt":"2026-05-01T06:33:48","guid":{"rendered":"https:\/\/infos-droitshumains.net\/?p=19064"},"modified":"2026-05-01T08:49:10","modified_gmt":"2026-05-01T06:49:10","slug":"journee-mondiale-de-la-liberte-de-la-presse-merlin-kamalandua-appelle-les-cameramen-congolais-a-batir-la-paix-par-limage","status":"publish","type":"post","link":"https:\/\/infos-droitshumains.net\/?p=19064","title":{"rendered":"Journ\u00e9e mondiale de la libert\u00e9 de la presse : Merlin Kamalandua appelle les cameramen congolais \u00e0 b\u00e2tir la paix par l\u2019image"},"content":{"rendered":"\n<p><strong>R\u00e9daction: +243 817 406 088<\/strong><\/p>\n\n\n\n<h3 class=\"wp-block-heading has-vivid-red-color has-text-color has-link-color wp-elements-d57e124a81c570f187f775be047c89bd\">\u00c0 l\u2019occasion de la Journ\u00e9e mondiale de la libert\u00e9 de la presse c\u00e9l\u00e9br\u00e9e ce 3 mai 2026, le Pr\u00e9sident de l\u2019Union Nationale des Cameramen du Congo (UNCC), Merlin Meyi Kamalandua, a livr\u00e9 une d\u00e9claration forte, pla\u00e7ant le r\u00f4le du cameraman au c\u0153ur de la construction de la paix et de la stabilit\u00e9 en R\u00e9publique D\u00e9mocratique du Congo.<\/h3>\n\n\n\n<p>Dans un contexte national marqu\u00e9 par des d\u00e9fis s\u00e9curitaires persistants dans l\u2019Est du pays et une recrudescence de la d\u00e9sinformation, le th\u00e8me retenu cette ann\u00e9e, \u00ab Fa\u00e7onner un avenir de paix \u00bb, prend une r\u00e9sonance particuli\u00e8re. Pour Merlin Kamalandua, la paix ne se limite pas aux discours politiques ou aux actions militaires, <em>\u00ab&nbsp;elle se construit \u00e9galement \u00e0 travers les images diffus\u00e9es au quotidien.&nbsp;\u00bb<\/em><\/p>\n\n\n\n<p>Le pr\u00e9sident de l\u2019UNCC a salu\u00e9 l\u2019engagement des autorit\u00e9s congolaises en faveur de la libert\u00e9 de la presse, tout en mettant en lumi\u00e8re les efforts d\u00e9ploy\u00e9s pour contrer les campagnes de d\u00e9sinformation. Dans cette dynamique, il a insist\u00e9 sur la responsabilit\u00e9 croissante des cameramen, appel\u00e9s \u00e0 d\u00e9passer leur r\u00f4le technique pour devenir de v\u00e9ritables acteurs sociaux&nbsp;:<\/p>\n\n\n\n<figure class=\"wp-block-image alignfull size-large\"><img data-recalc-dims=\"1\" fetchpriority=\"high\" decoding=\"async\" width=\"640\" height=\"906\" src=\"https:\/\/i0.wp.com\/infos-droitshumains.net\/wp-content\/uploads\/2026\/05\/1001673184.jpg?resize=640%2C906&#038;ssl=1\" alt=\"\" class=\"wp-image-19067\" srcset=\"https:\/\/i0.wp.com\/infos-droitshumains.net\/wp-content\/uploads\/2026\/05\/1001673184.jpg?resize=723%2C1024&amp;ssl=1 723w, https:\/\/i0.wp.com\/infos-droitshumains.net\/wp-content\/uploads\/2026\/05\/1001673184.jpg?resize=212%2C300&amp;ssl=1 212w, https:\/\/i0.wp.com\/infos-droitshumains.net\/wp-content\/uploads\/2026\/05\/1001673184.jpg?resize=768%2C1087&amp;ssl=1 768w, https:\/\/i0.wp.com\/infos-droitshumains.net\/wp-content\/uploads\/2026\/05\/1001673184.jpg?w=904&amp;ssl=1 904w\" sizes=\"(max-width: 640px) 100vw, 640px\" \/><\/figure>\n\n\n\n<p><em>\u00ab&nbsp;Je tiens \u00e0 saluer la volont\u00e9 politique de Son Excellence F\u00e9lix Antoine Tshisekedi Tshilombo, Chef de l\u2019\u00c9tat, pour son attachement \u00e0 la libert\u00e9 de la presse et son attention envers les professionnels des m\u00e9dias, notamment les cameramen. Je salue \u00e9galement l\u2019engagement de Son Excellence Patrick Muyaya Katembwe, dans la lutte contre la d\u00e9sinformation, notamment contre ce qui est qualifi\u00e9 de poison rwandais. Ce combat interpelle directement notre m\u00e9tier car aujourd\u2019hui, plus que jamais, le cameraman n\u2019est pas un simple technicien. Il est un t\u00e9moin de la v\u00e9rit\u00e9, un acteur de la stabilit\u00e9, un artisan de la paix&nbsp;\u00bb<\/em>, a-t-il affirm\u00e9, soulignant qu\u2019une image peut, selon son usage, apaiser ou attiser les tensions, unir ou diviser une nation.<\/p>\n\n\n\n<p>Face \u00e0 ces enjeux, il appelle tous les membres \u00e0 adopter une approche \u00e9thique et patriotique dans l\u2019exercice de leur m\u00e9tier&nbsp;:<\/p>\n\n\n\n<p><em>\u00ab&nbsp;Filmer avec responsabilit\u00e9, diffuser avec discernement et servir la nation avec loyaut\u00e9 constituent d\u00e9sormais les piliers de leur mission.&nbsp;\u00bb<\/em><\/p>\n\n\n\n<p>Le mot d\u2019ordre de l\u2019organisation reste inchang\u00e9&nbsp;: promouvoir une image positive de la R\u00e9publique D\u00e9mocratique du Congo. Il ne s\u2019agit pas de nier les r\u00e9alit\u00e9s du pays, mais plut\u00f4t de valoriser la r\u00e9silience du peuple congolais et de rejeter toute manipulation susceptible de nuire aux int\u00e9r\u00eats nationaux.<\/p>\n\n\n\n<p>Dans cette optique, le num\u00e9ro un de l\u2019UNCC a \u00e9galement r\u00e9affirm\u00e9 le soutien de sa strucure aux Forces Arm\u00e9es de la R\u00e9publique D\u00e9mocratique du Congo (FARDC), s\u2019engageant \u00e0 documenter leur bravoure et \u00e0 contribuer \u00e0 la d\u00e9fense de la v\u00e9rit\u00e9 \u00e0 travers un travail professionnel et rigoureux.<\/p>\n\n\n\n<p>S\u2019adressant directement aux cameramen, Merlin Meyi Kamalandua a rappel\u00e9 la port\u00e9e de leur mission : <em>\u00ab Filmer, c\u2019est choisir. Montrer, c\u2019est orienter. Informer, c\u2019est b\u00e2tir la paix. \u00bb <\/em>Un message qui met en exergue la puissance de l\u2019image dans la construction des perceptions et, par extension, dans l\u2019avenir du pays.<\/p>\n\n\n\n<p>En cette journ\u00e9e symbolique, l\u2019appel est clair, faire de la libert\u00e9 de la presse un levier de responsabilit\u00e9 collective, au service d\u2019une soci\u00e9t\u00e9 apais\u00e9e, inform\u00e9e et unie.<\/p>\n\n\n\n<p>Jo\u00ebl Diawa<\/p>\n","protected":false},"excerpt":{"rendered":"<p>R\u00e9daction: +243 817 406 088 \u00c0 l\u2019occasion de la Journ\u00e9e mondiale de la libert\u00e9 de&#8230;<\/p>\n","protected":false},"author":2,"featured_media":19066,"comment_status":"open","ping_status":"open","sticky":false,"template":"","format":"standard","meta":{"_jetpack_memberships_contains_paid_content":false,"footnotes":""},"categories":[8],"tags":[],"class_list":["post-19064","post","type-post","status-publish","format-standard","has-post-thumbnail","hentry","category-societe"],"yoast_head":"<!-- This site is optimized with the Yoast SEO plugin v27.5 - https:\/\/yoast.com\/product\/yoast-seo-wordpress\/ -->\n<title>Journ\u00e9e mondiale de la libert\u00e9 de la presse : Merlin Kamalandua appelle les cameramen congolais \u00e0 b\u00e2tir la paix par l\u2019image - Infos Droits Humains<\/title>\n<meta name=\"robots\" content=\"index, follow, max-snippet:-1, max-image-preview:large, max-video-preview:-1\" \/>\n<link rel=\"canonical\" href=\"https:\/\/infos-droitshumains.net\/?p=19064\" \/>\n<meta property=\"og:locale\" content=\"fr_FR\" \/>\n<meta property=\"og:type\" content=\"article\" \/>\n<meta property=\"og:title\" content=\"Journ\u00e9e mondiale de la libert\u00e9 de la presse : Merlin Kamalandua appelle les cameramen congolais \u00e0 b\u00e2tir la paix par l\u2019image - Infos Droits Humains\" \/>\n<meta property=\"og:description\" content=\"R\u00e9daction: +243 817 406 088 \u00c0 l\u2019occasion de la Journ\u00e9e mondiale de la libert\u00e9 de...\" \/>\n<meta property=\"og:url\" content=\"https:\/\/infos-droitshumains.net\/?p=19064\" \/>\n<meta property=\"og:site_name\" content=\"Infos Droits Humains\" \/>\n<meta property=\"article:published_time\" content=\"2026-05-01T06:33:48+00:00\" \/>\n<meta property=\"article:modified_time\" content=\"2026-05-01T06:49:10+00:00\" \/>\n<meta property=\"og:image\" content=\"https:\/\/infos-droitshumains.net\/wp-content\/uploads\/2026\/05\/IMG-20260501-WA0016.jpg\" \/>\n\t<meta property=\"og:image:width\" content=\"904\" \/>\n\t<meta property=\"og:image:height\" content=\"896\" \/>\n\t<meta property=\"og:image:type\" content=\"image\/jpeg\" \/>\n<meta name=\"author\" content=\"Jo\u00ebl Diawa\" \/>\n<meta name=\"twitter:card\" content=\"summary_large_image\" \/>\n<meta name=\"twitter:label1\" content=\"\u00c9crit par\" \/>\n\t<meta name=\"twitter:data1\" content=\"Jo\u00ebl Diawa\" \/>\n\t<meta name=\"twitter:label2\" content=\"Dur\u00e9e de lecture estim\u00e9e\" \/>\n\t<meta name=\"twitter:data2\" content=\"3 minutes\" \/>\n<script type=\"application\/ld+json\" class=\"yoast-schema-graph\">{\"@context\":\"https:\\\/\\\/schema.org\",\"@graph\":[{\"@type\":\"Article\",\"@id\":\"https:\\\/\\\/infos-droitshumains.net\\\/?p=19064#article\",\"isPartOf\":{\"@id\":\"https:\\\/\\\/infos-droitshumains.net\\\/?p=19064\"},\"author\":{\"name\":\"Jo\u00ebl Diawa\",\"@id\":\"https:\\\/\\\/infos-droitshumains.net\\\/#\\\/schema\\\/person\\\/3dc5e921c3302172e0ed4362f96faab7\"},\"headline\":\"Journ\u00e9e mondiale de la libert\u00e9 de la presse : Merlin Kamalandua appelle les cameramen congolais \u00e0 b\u00e2tir la paix par l\u2019image\",\"datePublished\":\"2026-05-01T06:33:48+00:00\",\"dateModified\":\"2026-05-01T06:49:10+00:00\",\"mainEntityOfPage\":{\"@id\":\"https:\\\/\\\/infos-droitshumains.net\\\/?p=19064\"},\"wordCount\":604,\"commentCount\":0,\"publisher\":{\"@id\":\"https:\\\/\\\/infos-droitshumains.net\\\/#organization\"},\"image\":{\"@id\":\"https:\\\/\\\/infos-droitshumains.net\\\/?p=19064#primaryimage\"},\"thumbnailUrl\":\"https:\\\/\\\/i0.wp.com\\\/infos-droitshumains.net\\\/wp-content\\\/uploads\\\/2026\\\/05\\\/IMG-20260501-WA0016.jpg?fit=904%2C896&ssl=1\",\"articleSection\":[\"Soci\u00e9t\u00e9\"],\"inLanguage\":\"fr-FR\",\"potentialAction\":[{\"@type\":\"CommentAction\",\"name\":\"Comment\",\"target\":[\"https:\\\/\\\/infos-droitshumains.net\\\/?p=19064#respond\"]}]},{\"@type\":\"WebPage\",\"@id\":\"https:\\\/\\\/infos-droitshumains.net\\\/?p=19064\",\"url\":\"https:\\\/\\\/infos-droitshumains.net\\\/?p=19064\",\"name\":\"Journ\u00e9e mondiale de la libert\u00e9 de la presse : Merlin Kamalandua appelle les cameramen congolais \u00e0 b\u00e2tir la paix par l\u2019image - Infos Droits Humains\",\"isPartOf\":{\"@id\":\"https:\\\/\\\/infos-droitshumains.net\\\/#website\"},\"primaryImageOfPage\":{\"@id\":\"https:\\\/\\\/infos-droitshumains.net\\\/?p=19064#primaryimage\"},\"image\":{\"@id\":\"https:\\\/\\\/infos-droitshumains.net\\\/?p=19064#primaryimage\"},\"thumbnailUrl\":\"https:\\\/\\\/i0.wp.com\\\/infos-droitshumains.net\\\/wp-content\\\/uploads\\\/2026\\\/05\\\/IMG-20260501-WA0016.jpg?fit=904%2C896&ssl=1\",\"datePublished\":\"2026-05-01T06:33:48+00:00\",\"dateModified\":\"2026-05-01T06:49:10+00:00\",\"breadcrumb\":{\"@id\":\"https:\\\/\\\/infos-droitshumains.net\\\/?p=19064#breadcrumb\"},\"inLanguage\":\"fr-FR\",\"potentialAction\":[{\"@type\":\"ReadAction\",\"target\":[\"https:\\\/\\\/infos-droitshumains.net\\\/?p=19064\"]}]},{\"@type\":\"ImageObject\",\"inLanguage\":\"fr-FR\",\"@id\":\"https:\\\/\\\/infos-droitshumains.net\\\/?p=19064#primaryimage\",\"url\":\"https:\\\/\\\/i0.wp.com\\\/infos-droitshumains.net\\\/wp-content\\\/uploads\\\/2026\\\/05\\\/IMG-20260501-WA0016.jpg?fit=904%2C896&ssl=1\",\"contentUrl\":\"https:\\\/\\\/i0.wp.com\\\/infos-droitshumains.net\\\/wp-content\\\/uploads\\\/2026\\\/05\\\/IMG-20260501-WA0016.jpg?fit=904%2C896&ssl=1\",\"width\":904,\"height\":896},{\"@type\":\"BreadcrumbList\",\"@id\":\"https:\\\/\\\/infos-droitshumains.net\\\/?p=19064#breadcrumb\",\"itemListElement\":[{\"@type\":\"ListItem\",\"position\":1,\"name\":\"Accueil\",\"item\":\"https:\\\/\\\/infos-droitshumains.net\\\/\"},{\"@type\":\"ListItem\",\"position\":2,\"name\":\"Journ\u00e9e mondiale de la libert\u00e9 de la presse : Merlin Kamalandua appelle les cameramen congolais \u00e0 b\u00e2tir la paix par l\u2019image\"}]},{\"@type\":\"WebSite\",\"@id\":\"https:\\\/\\\/infos-droitshumains.net\\\/#website\",\"url\":\"https:\\\/\\\/infos-droitshumains.net\\\/\",\"name\":\"Infos Droits Humains\",\"description\":\"S&#039;informer est un droit\",\"publisher\":{\"@id\":\"https:\\\/\\\/infos-droitshumains.net\\\/#organization\"},\"potentialAction\":[{\"@type\":\"SearchAction\",\"target\":{\"@type\":\"EntryPoint\",\"urlTemplate\":\"https:\\\/\\\/infos-droitshumains.net\\\/?s={search_term_string}\"},\"query-input\":{\"@type\":\"PropertyValueSpecification\",\"valueRequired\":true,\"valueName\":\"search_term_string\"}}],\"inLanguage\":\"fr-FR\"},{\"@type\":\"Organization\",\"@id\":\"https:\\\/\\\/infos-droitshumains.net\\\/#organization\",\"name\":\"Infos Droits Humains\",\"url\":\"https:\\\/\\\/infos-droitshumains.net\\\/\",\"logo\":{\"@type\":\"ImageObject\",\"inLanguage\":\"fr-FR\",\"@id\":\"https:\\\/\\\/infos-droitshumains.net\\\/#\\\/schema\\\/logo\\\/image\\\/\",\"url\":\"https:\\\/\\\/i0.wp.com\\\/infos-droitshumains.net\\\/wp-content\\\/uploads\\\/2022\\\/05\\\/Logo.png?fit=333%2C129&ssl=1\",\"contentUrl\":\"https:\\\/\\\/i0.wp.com\\\/infos-droitshumains.net\\\/wp-content\\\/uploads\\\/2022\\\/05\\\/Logo.png?fit=333%2C129&ssl=1\",\"width\":333,\"height\":129,\"caption\":\"Infos Droits Humains\"},\"image\":{\"@id\":\"https:\\\/\\\/infos-droitshumains.net\\\/#\\\/schema\\\/logo\\\/image\\\/\"}},{\"@type\":\"Person\",\"@id\":\"https:\\\/\\\/infos-droitshumains.net\\\/#\\\/schema\\\/person\\\/3dc5e921c3302172e0ed4362f96faab7\",\"name\":\"Jo\u00ebl Diawa\",\"image\":{\"@type\":\"ImageObject\",\"inLanguage\":\"fr-FR\",\"@id\":\"https:\\\/\\\/secure.gravatar.com\\\/avatar\\\/729bea6ff4604c624417803c477363be8e3c7186deaa65713313f9b4b820f41c?s=96&d=mm&r=g\",\"url\":\"https:\\\/\\\/secure.gravatar.com\\\/avatar\\\/729bea6ff4604c624417803c477363be8e3c7186deaa65713313f9b4b820f41c?s=96&d=mm&r=g\",\"contentUrl\":\"https:\\\/\\\/secure.gravatar.com\\\/avatar\\\/729bea6ff4604c624417803c477363be8e3c7186deaa65713313f9b4b820f41c?s=96&d=mm&r=g\",\"caption\":\"Jo\u00ebl Diawa\"},\"sameAs\":[\"https:\\\/\\\/www.infos-droitshumains.net\"],\"url\":\"https:\\\/\\\/infos-droitshumains.net\\\/?author=2\"}]}<\/script>\n<!-- \/ Yoast SEO plugin. -->","yoast_head_json":{"title":"Journ\u00e9e mondiale de la libert\u00e9 de la presse : Merlin Kamalandua appelle les cameramen congolais \u00e0 b\u00e2tir la paix par l\u2019image - Infos Droits Humains","robots":{"index":"index","follow":"follow","max-snippet":"max-snippet:-1","max-image-preview":"max-image-preview:large","max-video-preview":"max-video-preview:-1"},"canonical":"https:\/\/infos-droitshumains.net\/?p=19064","og_locale":"fr_FR","og_type":"article","og_title":"Journ\u00e9e mondiale de la libert\u00e9 de la presse : Merlin Kamalandua appelle les cameramen congolais \u00e0 b\u00e2tir la paix par l\u2019image - Infos Droits Humains","og_description":"R\u00e9daction: +243 817 406 088 \u00c0 l\u2019occasion de la Journ\u00e9e mondiale de la libert\u00e9 de...","og_url":"https:\/\/infos-droitshumains.net\/?p=19064","og_site_name":"Infos Droits Humains","article_published_time":"2026-05-01T06:33:48+00:00","article_modified_time":"2026-05-01T06:49:10+00:00","og_image":[{"width":904,"height":896,"url":"https:\/\/infos-droitshumains.net\/wp-content\/uploads\/2026\/05\/IMG-20260501-WA0016.jpg","type":"image\/jpeg"}],"author":"Jo\u00ebl Diawa","twitter_card":"summary_large_image","twitter_misc":{"\u00c9crit par":"Jo\u00ebl Diawa","Dur\u00e9e de lecture estim\u00e9e":"3 minutes"},"schema":{"@context":"https:\/\/schema.org","@graph":[{"@type":"Article","@id":"https:\/\/infos-droitshumains.net\/?p=19064#article","isPartOf":{"@id":"https:\/\/infos-droitshumains.net\/?p=19064"},"author":{"name":"Jo\u00ebl Diawa","@id":"https:\/\/infos-droitshumains.net\/#\/schema\/person\/3dc5e921c3302172e0ed4362f96faab7"},"headline":"Journ\u00e9e mondiale de la libert\u00e9 de la presse : Merlin Kamalandua appelle les cameramen congolais \u00e0 b\u00e2tir la paix par l\u2019image","datePublished":"2026-05-01T06:33:48+00:00","dateModified":"2026-05-01T06:49:10+00:00","mainEntityOfPage":{"@id":"https:\/\/infos-droitshumains.net\/?p=19064"},"wordCount":604,"commentCount":0,"publisher":{"@id":"https:\/\/infos-droitshumains.net\/#organization"},"image":{"@id":"https:\/\/infos-droitshumains.net\/?p=19064#primaryimage"},"thumbnailUrl":"https:\/\/i0.wp.com\/infos-droitshumains.net\/wp-content\/uploads\/2026\/05\/IMG-20260501-WA0016.jpg?fit=904%2C896&ssl=1","articleSection":["Soci\u00e9t\u00e9"],"inLanguage":"fr-FR","potentialAction":[{"@type":"CommentAction","name":"Comment","target":["https:\/\/infos-droitshumains.net\/?p=19064#respond"]}]},{"@type":"WebPage","@id":"https:\/\/infos-droitshumains.net\/?p=19064","url":"https:\/\/infos-droitshumains.net\/?p=19064","name":"Journ\u00e9e mondiale de la libert\u00e9 de la presse : Merlin Kamalandua appelle les cameramen congolais \u00e0 b\u00e2tir la paix par l\u2019image - Infos Droits Humains","isPartOf":{"@id":"https:\/\/infos-droitshumains.net\/#website"},"primaryImageOfPage":{"@id":"https:\/\/infos-droitshumains.net\/?p=19064#primaryimage"},"image":{"@id":"https:\/\/infos-droitshumains.net\/?p=19064#primaryimage"},"thumbnailUrl":"https:\/\/i0.wp.com\/infos-droitshumains.net\/wp-content\/uploads\/2026\/05\/IMG-20260501-WA0016.jpg?fit=904%2C896&ssl=1","datePublished":"2026-05-01T06:33:48+00:00","dateModified":"2026-05-01T06:49:10+00:00","breadcrumb":{"@id":"https:\/\/infos-droitshumains.net\/?p=19064#breadcrumb"},"inLanguage":"fr-FR","potentialAction":[{"@type":"ReadAction","target":["https:\/\/infos-droitshumains.net\/?p=19064"]}]},{"@type":"ImageObject","inLanguage":"fr-FR","@id":"https:\/\/infos-droitshumains.net\/?p=19064#primaryimage","url":"https:\/\/i0.wp.com\/infos-droitshumains.net\/wp-content\/uploads\/2026\/05\/IMG-20260501-WA0016.jpg?fit=904%2C896&ssl=1","contentUrl":"https:\/\/i0.wp.com\/infos-droitshumains.net\/wp-content\/uploads\/2026\/05\/IMG-20260501-WA0016.jpg?fit=904%2C896&ssl=1","width":904,"height":896},{"@type":"BreadcrumbList","@id":"https:\/\/infos-droitshumains.net\/?p=19064#breadcrumb","itemListElement":[{"@type":"ListItem","position":1,"name":"Accueil","item":"https:\/\/infos-droitshumains.net\/"},{"@type":"ListItem","position":2,"name":"Journ\u00e9e mondiale de la libert\u00e9 de la presse : Merlin Kamalandua appelle les cameramen congolais \u00e0 b\u00e2tir la paix par l\u2019image"}]},{"@type":"WebSite","@id":"https:\/\/infos-droitshumains.net\/#website","url":"https:\/\/infos-droitshumains.net\/","name":"Infos Droits Humains","description":"S&#039;informer est un droit","publisher":{"@id":"https:\/\/infos-droitshumains.net\/#organization"},"potentialAction":[{"@type":"SearchAction","target":{"@type":"EntryPoint","urlTemplate":"https:\/\/infos-droitshumains.net\/?s={search_term_string}"},"query-input":{"@type":"PropertyValueSpecification","valueRequired":true,"valueName":"search_term_string"}}],"inLanguage":"fr-FR"},{"@type":"Organization","@id":"https:\/\/infos-droitshumains.net\/#organization","name":"Infos Droits Humains","url":"https:\/\/infos-droitshumains.net\/","logo":{"@type":"ImageObject","inLanguage":"fr-FR","@id":"https:\/\/infos-droitshumains.net\/#\/schema\/logo\/image\/","url":"https:\/\/i0.wp.com\/infos-droitshumains.net\/wp-content\/uploads\/2022\/05\/Logo.png?fit=333%2C129&ssl=1","contentUrl":"https:\/\/i0.wp.com\/infos-droitshumains.net\/wp-content\/uploads\/2022\/05\/Logo.png?fit=333%2C129&ssl=1","width":333,"height":129,"caption":"Infos Droits Humains"},"image":{"@id":"https:\/\/infos-droitshumains.net\/#\/schema\/logo\/image\/"}},{"@type":"Person","@id":"https:\/\/infos-droitshumains.net\/#\/schema\/person\/3dc5e921c3302172e0ed4362f96faab7","name":"Jo\u00ebl Diawa","image":{"@type":"ImageObject","inLanguage":"fr-FR","@id":"https:\/\/secure.gravatar.com\/avatar\/729bea6ff4604c624417803c477363be8e3c7186deaa65713313f9b4b820f41c?s=96&d=mm&r=g","url":"https:\/\/secure.gravatar.com\/avatar\/729bea6ff4604c624417803c477363be8e3c7186deaa65713313f9b4b820f41c?s=96&d=mm&r=g","contentUrl":"https:\/\/secure.gravatar.com\/avatar\/729bea6ff4604c624417803c477363be8e3c7186deaa65713313f9b4b820f41c?s=96&d=mm&r=g","caption":"Jo\u00ebl Diawa"},"sameAs":["https:\/\/www.infos-droitshumains.net"],"url":"https:\/\/infos-droitshumains.net\/?author=2"}]}},"featured_image_urls":{"full":["https:\/\/i0.wp.com\/infos-droitshumains.net\/wp-content\/uploads\/2026\/05\/IMG-20260501-WA0016.jpg?fit=904%2C896&ssl=1",904,896,false],"thumbnail":["https:\/\/i0.wp.com\/infos-droitshumains.net\/wp-content\/uploads\/2026\/05\/IMG-20260501-WA0016.jpg?resize=150%2C150&ssl=1",150,150,true],"medium":["https:\/\/i0.wp.com\/infos-droitshumains.net\/wp-content\/uploads\/2026\/05\/IMG-20260501-WA0016.jpg?fit=300%2C297&ssl=1",300,297,true],"medium_large":["https:\/\/i0.wp.com\/infos-droitshumains.net\/wp-content\/uploads\/2026\/05\/IMG-20260501-WA0016.jpg?fit=640%2C634&ssl=1",640,634,true],"large":["https:\/\/i0.wp.com\/infos-droitshumains.net\/wp-content\/uploads\/2026\/05\/IMG-20260501-WA0016.jpg?fit=640%2C634&ssl=1",640,634,true],"1536x1536":["https:\/\/i0.wp.com\/infos-droitshumains.net\/wp-content\/uploads\/2026\/05\/IMG-20260501-WA0016.jpg?fit=904%2C896&ssl=1",904,896,true],"2048x2048":["https:\/\/i0.wp.com\/infos-droitshumains.net\/wp-content\/uploads\/2026\/05\/IMG-20260501-WA0016.jpg?fit=904%2C896&ssl=1",904,896,true],"covernews-slider-full":["https:\/\/i0.wp.com\/infos-droitshumains.net\/wp-content\/uploads\/2026\/05\/IMG-20260501-WA0016.jpg?resize=904%2C715&ssl=1",904,715,true],"covernews-slider-center":["https:\/\/i0.wp.com\/infos-droitshumains.net\/wp-content\/uploads\/2026\/05\/IMG-20260501-WA0016.jpg?resize=800%2C500&ssl=1",800,500,true],"covernews-featured":["https:\/\/i0.wp.com\/infos-droitshumains.net\/wp-content\/uploads\/2026\/05\/IMG-20260501-WA0016.jpg?fit=904%2C896&ssl=1",904,896,true],"covernews-medium":["https:\/\/i0.wp.com\/infos-droitshumains.net\/wp-content\/uploads\/2026\/05\/IMG-20260501-WA0016.jpg?resize=540%2C340&ssl=1",540,340,true],"covernews-medium-square":["https:\/\/i0.wp.com\/infos-droitshumains.net\/wp-content\/uploads\/2026\/05\/IMG-20260501-WA0016.jpg?resize=400%2C250&ssl=1",400,250,true]},"author_info":{"display_name":"Jo\u00ebl Diawa","author_link":"https:\/\/infos-droitshumains.net\/?author=2"},"category_info":"<a href=\"https:\/\/infos-droitshumains.net\/?cat=8\" rel=\"category\">Soci\u00e9t\u00e9<\/a>","tag_info":"Soci\u00e9t\u00e9","comment_count":"0","jetpack_featured_media_url":"https:\/\/i0.wp.com\/infos-droitshumains.net\/wp-content\/uploads\/2026\/05\/IMG-20260501-WA0016.jpg?fit=904%2C896&ssl=1","jetpack-related-posts":[],"jetpack_sharing_enabled":true,"_links":{"self":[{"href":"https:\/\/infos-droitshumains.net\/index.php?rest_route=\/wp\/v2\/posts\/19064","targetHints":{"allow":["GET"]}}],"collection":[{"href":"https:\/\/infos-droitshumains.net\/index.php?rest_route=\/wp\/v2\/posts"}],"about":[{"href":"https:\/\/infos-droitshumains.net\/index.php?rest_route=\/wp\/v2\/types\/post"}],"author":[{"embeddable":true,"href":"https:\/\/infos-droitshumains.net\/index.php?rest_route=\/wp\/v2\/users\/2"}],"replies":[{"embeddable":true,"href":"https:\/\/infos-droitshumains.net\/index.php?rest_route=%2Fwp%2Fv2%2Fcomments&post=19064"}],"version-history":[{"count":2,"href":"https:\/\/infos-droitshumains.net\/index.php?rest_route=\/wp\/v2\/posts\/19064\/revisions"}],"predecessor-version":[{"id":19068,"href":"https:\/\/infos-droitshumains.net\/index.php?rest_route=\/wp\/v2\/posts\/19064\/revisions\/19068"}],"wp:featuredmedia":[{"embeddable":true,"href":"https:\/\/infos-droitshumains.net\/index.php?rest_route=\/wp\/v2\/media\/19066"}],"wp:attachment":[{"href":"https:\/\/infos-droitshumains.net\/index.php?rest_route=%2Fwp%2Fv2%2Fmedia&parent=19064"}],"wp:term":[{"taxonomy":"category","embeddable":true,"href":"https:\/\/infos-droitshumains.net\/index.php?rest_route=%2Fwp%2Fv2%2Fcategories&post=19064"},{"taxonomy":"post_tag","embeddable":true,"href":"https:\/\/infos-droitshumains.net\/index.php?rest_route=%2Fwp%2Fv2%2Ftags&post=19064"}],"curies":[{"name":"wp","href":"https:\/\/api.w.org\/{rel}","templated":true}]}}