{"id":19061,"date":"2026-05-01T07:17:12","date_gmt":"2026-05-01T05:17:12","guid":{"rendered":"https:\/\/infos-droitshumains.net\/?p=19061"},"modified":"2026-05-01T13:58:54","modified_gmt":"2026-05-01T11:58:54","slug":"journee-nationale-de-lenseignement-en-rdc-lafmeed-appelle-les-enseignants-a-devenir-des-piliers-de-letat-de-droit","status":"publish","type":"post","link":"https:\/\/infos-droitshumains.net\/?p=19061","title":{"rendered":"Journ\u00e9e nationale de l\u2019enseignement en RDC : l\u2019AFMEED appelle les enseignants \u00e0 devenir des piliers de l\u2019\u00c9tat de droit"},"content":{"rendered":"\n<p><strong>R\u00e9daction: +243 817 406 088<\/strong><\/p>\n\n\n\n<h3 class=\"wp-block-heading has-vivid-red-color has-text-color has-link-color wp-elements-f972f8e69c5a1165fb0ed54be7b87c5f\">\u00c0 l\u2019occasion de la Journ\u00e9e nationale de l\u2019enseignement c\u00e9l\u00e9br\u00e9e le 30 avril en R\u00e9publique d\u00e9mocratique du Congo, l\u2019Association des Femmes Magistrates pour l\u2019Emergence de l\u2019Etat de Droit (AFMEED) a organis\u00e9 une session de sensibilisation \u00e0 l\u2019intention des enseignants du Complexe scolaire Les \u00c9lites, situ\u00e9 dans la commune de Ngaba. Plac\u00e9e sous le th\u00e8me <strong><em>\u00ab L\u2019enseignant, acteur cl\u00e9 de l\u2019\u00c9tat de droit et protecteur des droits de la jeune fille \u00bb<\/em><\/strong>, cette initiative a mis en lumi\u00e8re le r\u00f4le fondamental du corps enseignant dans la construction d\u2019une soci\u00e9t\u00e9 juste et \u00e9quitable.<\/h3>\n\n\n\n<figure class=\"wp-block-image alignfull size-large\"><img data-recalc-dims=\"1\" fetchpriority=\"high\" decoding=\"async\" width=\"640\" height=\"426\" src=\"https:\/\/i0.wp.com\/infos-droitshumains.net\/wp-content\/uploads\/2026\/05\/1001676374.jpg?resize=640%2C426&#038;ssl=1\" alt=\"\" class=\"wp-image-19071\" srcset=\"https:\/\/i0.wp.com\/infos-droitshumains.net\/wp-content\/uploads\/2026\/05\/1001676374.jpg?resize=1024%2C682&amp;ssl=1 1024w, https:\/\/i0.wp.com\/infos-droitshumains.net\/wp-content\/uploads\/2026\/05\/1001676374.jpg?resize=300%2C200&amp;ssl=1 300w, https:\/\/i0.wp.com\/infos-droitshumains.net\/wp-content\/uploads\/2026\/05\/1001676374.jpg?resize=768%2C512&amp;ssl=1 768w, https:\/\/i0.wp.com\/infos-droitshumains.net\/wp-content\/uploads\/2026\/05\/1001676374.jpg?resize=1536%2C1024&amp;ssl=1 1536w, https:\/\/i0.wp.com\/infos-droitshumains.net\/wp-content\/uploads\/2026\/05\/1001676374.jpg?resize=2048%2C1365&amp;ssl=1 2048w, https:\/\/i0.wp.com\/infos-droitshumains.net\/wp-content\/uploads\/2026\/05\/1001676374.jpg?w=1280&amp;ssl=1 1280w, https:\/\/i0.wp.com\/infos-droitshumains.net\/wp-content\/uploads\/2026\/05\/1001676374.jpg?w=1920&amp;ssl=1 1920w\" sizes=\"(max-width: 640px) 100vw, 640px\" \/><\/figure>\n\n\n\n<p><strong>L\u2019enseignant, premier maillon de l\u2019\u00c9tat de droit<\/strong><\/p>\n\n\n\n<p>Au c\u0153ur des \u00e9changes, un message fort : il ne peut exister d\u2019\u00c9tat de droit solide sans enseignants engag\u00e9s, responsables et conscients de leur mission citoyenne. Bien qu\u2019ils ne soient pas juristes, les enseignants sont en premi\u00e8re ligne dans la protection des droits fondamentaux des enfants, en particulier ceux des jeunes filles souvent expos\u00e9es \u00e0 diverses formes de vuln\u00e9rabilit\u00e9.<\/p>\n\n\n\n<figure class=\"wp-block-image alignfull size-large\"><img data-recalc-dims=\"1\" decoding=\"async\" width=\"640\" height=\"961\" src=\"https:\/\/i0.wp.com\/infos-droitshumains.net\/wp-content\/uploads\/2026\/05\/1001677415.jpg?resize=640%2C961&#038;ssl=1\" alt=\"\" class=\"wp-image-19072\" srcset=\"https:\/\/i0.wp.com\/infos-droitshumains.net\/wp-content\/uploads\/2026\/05\/1001677415.jpg?resize=682%2C1024&amp;ssl=1 682w, https:\/\/i0.wp.com\/infos-droitshumains.net\/wp-content\/uploads\/2026\/05\/1001677415.jpg?resize=200%2C300&amp;ssl=1 200w, https:\/\/i0.wp.com\/infos-droitshumains.net\/wp-content\/uploads\/2026\/05\/1001677415.jpg?resize=768%2C1152&amp;ssl=1 768w, https:\/\/i0.wp.com\/infos-droitshumains.net\/wp-content\/uploads\/2026\/05\/1001677415.jpg?resize=1024%2C1537&amp;ssl=1 1024w, https:\/\/i0.wp.com\/infos-droitshumains.net\/wp-content\/uploads\/2026\/05\/1001677415.jpg?resize=1365%2C2048&amp;ssl=1 1365w, https:\/\/i0.wp.com\/infos-droitshumains.net\/wp-content\/uploads\/2026\/05\/1001677415.jpg?w=1706&amp;ssl=1 1706w, https:\/\/i0.wp.com\/infos-droitshumains.net\/wp-content\/uploads\/2026\/05\/1001677415.jpg?w=1280&amp;ssl=1 1280w\" sizes=\"(max-width: 640px) 100vw, 640px\" \/><\/figure>\n\n\n\n<p>Les intervenantes ont insist\u00e9 sur la n\u00e9cessit\u00e9 pour les \u00e9ducateurs de savoir identifier les situations \u00e0 risque, pr\u00e9venir les abus et adopter des comportements appropri\u00e9s face aux injustices. Elles ont \u00e9galement rappel\u00e9 le fait que toute violation des droits d\u2019un \u00e9l\u00e8ve par une personne en position d\u2019autorit\u00e9, notamment un \u00e9ducateur, est passible de sanctions p\u00e9nales aggrav\u00e9es.<\/p>\n\n\n\n<p><strong>L\u2019\u00e9cole, berceau de la culture juridique<\/strong><\/p>\n\n\n\n<p>Germaine Mankulu Matondo, pr\u00e9sidente de l\u2019AFMEED, &nbsp;a soulign\u00e9 que la promotion de l\u2019\u00c9tat de droit commence bien avant les tribunaux.<\/p>\n\n\n\n<figure class=\"wp-block-image alignfull size-large\"><img data-recalc-dims=\"1\" decoding=\"async\" width=\"640\" height=\"961\" src=\"https:\/\/i0.wp.com\/infos-droitshumains.net\/wp-content\/uploads\/2026\/05\/1001677421.jpg?resize=640%2C961&#038;ssl=1\" alt=\"\" class=\"wp-image-19073\" srcset=\"https:\/\/i0.wp.com\/infos-droitshumains.net\/wp-content\/uploads\/2026\/05\/1001677421.jpg?resize=682%2C1024&amp;ssl=1 682w, https:\/\/i0.wp.com\/infos-droitshumains.net\/wp-content\/uploads\/2026\/05\/1001677421.jpg?resize=200%2C300&amp;ssl=1 200w, https:\/\/i0.wp.com\/infos-droitshumains.net\/wp-content\/uploads\/2026\/05\/1001677421.jpg?resize=768%2C1152&amp;ssl=1 768w, https:\/\/i0.wp.com\/infos-droitshumains.net\/wp-content\/uploads\/2026\/05\/1001677421.jpg?resize=1024%2C1537&amp;ssl=1 1024w, https:\/\/i0.wp.com\/infos-droitshumains.net\/wp-content\/uploads\/2026\/05\/1001677421.jpg?resize=1365%2C2048&amp;ssl=1 1365w, https:\/\/i0.wp.com\/infos-droitshumains.net\/wp-content\/uploads\/2026\/05\/1001677421.jpg?w=1706&amp;ssl=1 1706w, https:\/\/i0.wp.com\/infos-droitshumains.net\/wp-content\/uploads\/2026\/05\/1001677421.jpg?w=1280&amp;ssl=1 1280w\" sizes=\"(max-width: 640px) 100vw, 640px\" \/><\/figure>\n\n\n\n<p><em>\u00ab C\u2019est dans les salles de classe que la lutte pour l\u2019\u00c9tat de droit commence, avant m\u00eame le pr\u00e9toire \u00bb<\/em>, a-t-elle affirm\u00e9.<\/p>\n\n\n\n<p>Elle a appel\u00e9 les enseignants \u00e0 aller au-del\u00e0 de la simple transmission des connaissances pour \u00e9veiller chez les \u00e9l\u00e8ves une conscience citoyenne et juridique. Selon elle, l\u2019enseignant joue un r\u00f4le d\u00e9terminant dans la formation intellectuelle et morale de l\u2019enfant, contribuant ainsi \u00e0 b\u00e2tir une soci\u00e9t\u00e9 plus juste.<\/p>\n\n\n\n<figure class=\"wp-block-image alignfull size-large\"><img data-recalc-dims=\"1\" loading=\"lazy\" decoding=\"async\" width=\"640\" height=\"961\" src=\"https:\/\/i0.wp.com\/infos-droitshumains.net\/wp-content\/uploads\/2026\/05\/1001676376.jpg?resize=640%2C961&#038;ssl=1\" alt=\"\" class=\"wp-image-19074\" srcset=\"https:\/\/i0.wp.com\/infos-droitshumains.net\/wp-content\/uploads\/2026\/05\/1001676376.jpg?resize=682%2C1024&amp;ssl=1 682w, https:\/\/i0.wp.com\/infos-droitshumains.net\/wp-content\/uploads\/2026\/05\/1001676376.jpg?resize=200%2C300&amp;ssl=1 200w, https:\/\/i0.wp.com\/infos-droitshumains.net\/wp-content\/uploads\/2026\/05\/1001676376.jpg?resize=768%2C1153&amp;ssl=1 768w, https:\/\/i0.wp.com\/infos-droitshumains.net\/wp-content\/uploads\/2026\/05\/1001676376.jpg?resize=1023%2C1536&amp;ssl=1 1023w, https:\/\/i0.wp.com\/infos-droitshumains.net\/wp-content\/uploads\/2026\/05\/1001676376.jpg?resize=1364%2C2048&amp;ssl=1 1364w, https:\/\/i0.wp.com\/infos-droitshumains.net\/wp-content\/uploads\/2026\/05\/1001676376.jpg?resize=1024%2C1538&amp;ssl=1 1024w, https:\/\/i0.wp.com\/infos-droitshumains.net\/wp-content\/uploads\/2026\/05\/1001676376.jpg?w=1705&amp;ssl=1 1705w, https:\/\/i0.wp.com\/infos-droitshumains.net\/wp-content\/uploads\/2026\/05\/1001676376.jpg?w=1280&amp;ssl=1 1280w\" sizes=\"(max-width: 640px) 100vw, 640px\" \/><\/figure>\n\n\n\n<p><em>\u00ab L\u2019enseignant prend l\u2019enfant \u00e0 l\u2019\u00e9tat brut, forme son intelligence et oriente sa conscience. Un monde sans enseignant serait un monde \u00e0 l\u2019\u00e9tat sauvage \u00bb<\/em>, a-t-elle rench\u00e9ri.<\/p>\n\n\n\n<p><strong>Une strat\u00e9gie de diffusion du droit \u00e0 la base<\/strong><\/p>\n\n\n\n<p>\u00c0 travers cette initiative, l\u2019AFMEED entend rapprocher le droit des citoyens en l\u2019int\u00e9grant dans les espaces de formation et de socialisation. L\u2019organisation milite pour que le droit ne soit pas confin\u00e9 aux palais de justice, mais qu\u2019il devienne une culture vivante, partag\u00e9e au sein de la soci\u00e9t\u00e9.<\/p>\n\n\n\n<figure class=\"wp-block-image alignfull size-large\"><img data-recalc-dims=\"1\" loading=\"lazy\" decoding=\"async\" width=\"640\" height=\"426\" src=\"https:\/\/i0.wp.com\/infos-droitshumains.net\/wp-content\/uploads\/2026\/05\/1001675609.jpg?resize=640%2C426&#038;ssl=1\" alt=\"\" class=\"wp-image-19079\" srcset=\"https:\/\/i0.wp.com\/infos-droitshumains.net\/wp-content\/uploads\/2026\/05\/1001675609.jpg?resize=1024%2C682&amp;ssl=1 1024w, https:\/\/i0.wp.com\/infos-droitshumains.net\/wp-content\/uploads\/2026\/05\/1001675609.jpg?resize=300%2C200&amp;ssl=1 300w, https:\/\/i0.wp.com\/infos-droitshumains.net\/wp-content\/uploads\/2026\/05\/1001675609.jpg?resize=768%2C512&amp;ssl=1 768w, https:\/\/i0.wp.com\/infos-droitshumains.net\/wp-content\/uploads\/2026\/05\/1001675609.jpg?resize=1536%2C1024&amp;ssl=1 1536w, https:\/\/i0.wp.com\/infos-droitshumains.net\/wp-content\/uploads\/2026\/05\/1001675609.jpg?resize=2048%2C1365&amp;ssl=1 2048w, https:\/\/i0.wp.com\/infos-droitshumains.net\/wp-content\/uploads\/2026\/05\/1001675609.jpg?w=1280&amp;ssl=1 1280w, https:\/\/i0.wp.com\/infos-droitshumains.net\/wp-content\/uploads\/2026\/05\/1001675609.jpg?w=1920&amp;ssl=1 1920w\" sizes=\"(max-width: 640px) 100vw, 640px\" \/><\/figure>\n\n\n\n<figure class=\"wp-block-image alignfull size-large\"><img data-recalc-dims=\"1\" loading=\"lazy\" decoding=\"async\" width=\"640\" height=\"961\" src=\"https:\/\/i0.wp.com\/infos-droitshumains.net\/wp-content\/uploads\/2026\/05\/1001675992.jpg?resize=640%2C961&#038;ssl=1\" alt=\"\" class=\"wp-image-19078\" srcset=\"https:\/\/i0.wp.com\/infos-droitshumains.net\/wp-content\/uploads\/2026\/05\/1001675992.jpg?resize=682%2C1024&amp;ssl=1 682w, https:\/\/i0.wp.com\/infos-droitshumains.net\/wp-content\/uploads\/2026\/05\/1001675992.jpg?resize=200%2C300&amp;ssl=1 200w, https:\/\/i0.wp.com\/infos-droitshumains.net\/wp-content\/uploads\/2026\/05\/1001675992.jpg?resize=768%2C1152&amp;ssl=1 768w, https:\/\/i0.wp.com\/infos-droitshumains.net\/wp-content\/uploads\/2026\/05\/1001675992.jpg?resize=1024%2C1537&amp;ssl=1 1024w, https:\/\/i0.wp.com\/infos-droitshumains.net\/wp-content\/uploads\/2026\/05\/1001675992.jpg?resize=1365%2C2048&amp;ssl=1 1365w, https:\/\/i0.wp.com\/infos-droitshumains.net\/wp-content\/uploads\/2026\/05\/1001675992.jpg?w=1706&amp;ssl=1 1706w, https:\/\/i0.wp.com\/infos-droitshumains.net\/wp-content\/uploads\/2026\/05\/1001675992.jpg?w=1280&amp;ssl=1 1280w\" sizes=\"(max-width: 640px) 100vw, 640px\" \/><\/figure>\n\n\n\n<p>En sensibilisant un enseignant, c\u2019est potentiellement des centaines, voire des milliers d\u2019\u00e9l\u00e8ves qui sont touch\u00e9s. Une approche multiplicatrice que l\u2019AFMEED consid\u00e8re comme essentielle pour promouvoir durablement les droits humains, en particulier ceux des jeunes filles.<\/p>\n\n\n\n<figure class=\"wp-block-image alignfull size-large\"><img data-recalc-dims=\"1\" loading=\"lazy\" decoding=\"async\" width=\"640\" height=\"426\" src=\"https:\/\/i0.wp.com\/infos-droitshumains.net\/wp-content\/uploads\/2026\/05\/1001675983.jpg?resize=640%2C426&#038;ssl=1\" alt=\"\" class=\"wp-image-19080\" srcset=\"https:\/\/i0.wp.com\/infos-droitshumains.net\/wp-content\/uploads\/2026\/05\/1001675983.jpg?resize=1024%2C682&amp;ssl=1 1024w, https:\/\/i0.wp.com\/infos-droitshumains.net\/wp-content\/uploads\/2026\/05\/1001675983.jpg?resize=300%2C200&amp;ssl=1 300w, https:\/\/i0.wp.com\/infos-droitshumains.net\/wp-content\/uploads\/2026\/05\/1001675983.jpg?resize=768%2C512&amp;ssl=1 768w, https:\/\/i0.wp.com\/infos-droitshumains.net\/wp-content\/uploads\/2026\/05\/1001675983.jpg?resize=1536%2C1024&amp;ssl=1 1536w, https:\/\/i0.wp.com\/infos-droitshumains.net\/wp-content\/uploads\/2026\/05\/1001675983.jpg?resize=2048%2C1365&amp;ssl=1 2048w, https:\/\/i0.wp.com\/infos-droitshumains.net\/wp-content\/uploads\/2026\/05\/1001675983.jpg?w=1280&amp;ssl=1 1280w, https:\/\/i0.wp.com\/infos-droitshumains.net\/wp-content\/uploads\/2026\/05\/1001675983.jpg?w=1920&amp;ssl=1 1920w\" sizes=\"(max-width: 640px) 100vw, 640px\" \/><\/figure>\n\n\n\n<p><strong>Une vision inclusive port\u00e9e par des magistrates engag\u00e9es<\/strong><\/p>\n\n\n\n<p>L\u2019AFMEED est une association qui regroupe des femmes magistrates d\u00e9termin\u00e9es \u00e0 redorer l\u2019image de la justice en RDC. Elle s\u2019inscrit \u00e9galement dans une dynamique de masculinit\u00e9 positive, en collaborant avec des hommes partageant les m\u00eames valeurs d\u2019\u00e9quit\u00e9 et de justice.<\/p>\n\n\n\n<p>Dans la poursuite de sa mission, l\u2019organisation pr\u00e9voit d\u2019\u00e9tendre ses activit\u00e9s de sensibilisation \u00e0 d\u2019autres \u00e9coles et universit\u00e9s, afin de renforcer le lien entre les magistrats, les justiciables et la population, tout en instaurant une v\u00e9ritable culture de droit.<\/p>\n\n\n\n<figure class=\"wp-block-image alignfull size-large\"><img data-recalc-dims=\"1\" loading=\"lazy\" decoding=\"async\" width=\"640\" height=\"961\" src=\"https:\/\/i0.wp.com\/infos-droitshumains.net\/wp-content\/uploads\/2026\/05\/1001676059.jpg?resize=640%2C961&#038;ssl=1\" alt=\"\" class=\"wp-image-19081\" srcset=\"https:\/\/i0.wp.com\/infos-droitshumains.net\/wp-content\/uploads\/2026\/05\/1001676059.jpg?resize=682%2C1024&amp;ssl=1 682w, https:\/\/i0.wp.com\/infos-droitshumains.net\/wp-content\/uploads\/2026\/05\/1001676059.jpg?resize=200%2C300&amp;ssl=1 200w, https:\/\/i0.wp.com\/infos-droitshumains.net\/wp-content\/uploads\/2026\/05\/1001676059.jpg?resize=768%2C1152&amp;ssl=1 768w, https:\/\/i0.wp.com\/infos-droitshumains.net\/wp-content\/uploads\/2026\/05\/1001676059.jpg?resize=1024%2C1537&amp;ssl=1 1024w, https:\/\/i0.wp.com\/infos-droitshumains.net\/wp-content\/uploads\/2026\/05\/1001676059.jpg?resize=1365%2C2048&amp;ssl=1 1365w, https:\/\/i0.wp.com\/infos-droitshumains.net\/wp-content\/uploads\/2026\/05\/1001676059.jpg?w=1706&amp;ssl=1 1706w, https:\/\/i0.wp.com\/infos-droitshumains.net\/wp-content\/uploads\/2026\/05\/1001676059.jpg?w=1280&amp;ssl=1 1280w\" sizes=\"(max-width: 640px) 100vw, 640px\" \/><\/figure>\n\n\n\n<p>\u00c0 travers cette initiative, l\u2019AFMEED rappelle que l\u2019\u00e9cole n\u2019est pas seulement un lieu d\u2019apprentissage scolaire, mais aussi un espace strat\u00e9gique pour former des citoyens conscients de leurs droits et devoirs, capables de contribuer activement \u00e0 l\u2019\u00e9dification d\u2019un \u00c9tat de droit en R\u00e9publique d\u00e9mocratique du Congo.<\/p>\n\n\n\n<p>Jo\u00ebl Diawa<\/p>\n","protected":false},"excerpt":{"rendered":"<p>R\u00e9daction: +243 817 406 088 \u00c0 l\u2019occasion de la Journ\u00e9e nationale de l\u2019enseignement c\u00e9l\u00e9br\u00e9e le&#8230;<\/p>\n","protected":false},"author":2,"featured_media":19069,"comment_status":"open","ping_status":"open","sticky":false,"template":"","format":"standard","meta":{"_jetpack_memberships_contains_paid_content":false,"footnotes":""},"categories":[8],"tags":[],"class_list":["post-19061","post","type-post","status-publish","format-standard","has-post-thumbnail","hentry","category-societe"],"yoast_head":"<!-- This site is optimized with the Yoast SEO plugin v27.5 - https:\/\/yoast.com\/product\/yoast-seo-wordpress\/ -->\n<title>Journ\u00e9e nationale de l\u2019enseignement en RDC : l\u2019AFMEED appelle les enseignants \u00e0 devenir des piliers de l\u2019\u00c9tat de droit - Infos Droits Humains<\/title>\n<meta name=\"robots\" content=\"index, follow, max-snippet:-1, max-image-preview:large, max-video-preview:-1\" \/>\n<link rel=\"canonical\" href=\"https:\/\/infos-droitshumains.net\/?p=19061\" \/>\n<meta property=\"og:locale\" content=\"fr_FR\" \/>\n<meta property=\"og:type\" content=\"article\" \/>\n<meta property=\"og:title\" content=\"Journ\u00e9e nationale de l\u2019enseignement en RDC : l\u2019AFMEED appelle les enseignants \u00e0 devenir des piliers de l\u2019\u00c9tat de droit - Infos Droits Humains\" \/>\n<meta property=\"og:description\" content=\"R\u00e9daction: +243 817 406 088 \u00c0 l\u2019occasion de la Journ\u00e9e nationale de l\u2019enseignement c\u00e9l\u00e9br\u00e9e le...\" \/>\n<meta property=\"og:url\" content=\"https:\/\/infos-droitshumains.net\/?p=19061\" \/>\n<meta property=\"og:site_name\" content=\"Infos Droits Humains\" \/>\n<meta property=\"article:published_time\" content=\"2026-05-01T05:17:12+00:00\" \/>\n<meta property=\"article:modified_time\" content=\"2026-05-01T11:58:54+00:00\" \/>\n<meta property=\"og:image\" content=\"https:\/\/infos-droitshumains.net\/wp-content\/uploads\/2026\/05\/IMG-20260501-WA0333.jpg\" \/>\n\t<meta property=\"og:image:width\" content=\"2560\" \/>\n\t<meta property=\"og:image:height\" content=\"1706\" \/>\n\t<meta property=\"og:image:type\" content=\"image\/jpeg\" \/>\n<meta name=\"author\" content=\"Jo\u00ebl Diawa\" \/>\n<meta name=\"twitter:card\" content=\"summary_large_image\" \/>\n<meta name=\"twitter:label1\" content=\"\u00c9crit par\" \/>\n\t<meta name=\"twitter:data1\" content=\"Jo\u00ebl Diawa\" \/>\n\t<meta name=\"twitter:label2\" content=\"Dur\u00e9e de lecture estim\u00e9e\" \/>\n\t<meta name=\"twitter:data2\" content=\"5 minutes\" \/>\n<script type=\"application\/ld+json\" class=\"yoast-schema-graph\">{\"@context\":\"https:\\\/\\\/schema.org\",\"@graph\":[{\"@type\":\"Article\",\"@id\":\"https:\\\/\\\/infos-droitshumains.net\\\/?p=19061#article\",\"isPartOf\":{\"@id\":\"https:\\\/\\\/infos-droitshumains.net\\\/?p=19061\"},\"author\":{\"name\":\"Jo\u00ebl Diawa\",\"@id\":\"https:\\\/\\\/infos-droitshumains.net\\\/#\\\/schema\\\/person\\\/3dc5e921c3302172e0ed4362f96faab7\"},\"headline\":\"Journ\u00e9e nationale de l\u2019enseignement en RDC : l\u2019AFMEED appelle les enseignants \u00e0 devenir des piliers de l\u2019\u00c9tat de droit\",\"datePublished\":\"2026-05-01T05:17:12+00:00\",\"dateModified\":\"2026-05-01T11:58:54+00:00\",\"mainEntityOfPage\":{\"@id\":\"https:\\\/\\\/infos-droitshumains.net\\\/?p=19061\"},\"wordCount\":658,\"commentCount\":0,\"publisher\":{\"@id\":\"https:\\\/\\\/infos-droitshumains.net\\\/#organization\"},\"image\":{\"@id\":\"https:\\\/\\\/infos-droitshumains.net\\\/?p=19061#primaryimage\"},\"thumbnailUrl\":\"https:\\\/\\\/i0.wp.com\\\/infos-droitshumains.net\\\/wp-content\\\/uploads\\\/2026\\\/05\\\/IMG-20260501-WA0333.jpg?fit=2560%2C1706&ssl=1\",\"articleSection\":[\"Soci\u00e9t\u00e9\"],\"inLanguage\":\"fr-FR\",\"potentialAction\":[{\"@type\":\"CommentAction\",\"name\":\"Comment\",\"target\":[\"https:\\\/\\\/infos-droitshumains.net\\\/?p=19061#respond\"]}]},{\"@type\":\"WebPage\",\"@id\":\"https:\\\/\\\/infos-droitshumains.net\\\/?p=19061\",\"url\":\"https:\\\/\\\/infos-droitshumains.net\\\/?p=19061\",\"name\":\"Journ\u00e9e nationale de l\u2019enseignement en RDC : l\u2019AFMEED appelle les enseignants \u00e0 devenir des piliers de l\u2019\u00c9tat de droit - Infos Droits Humains\",\"isPartOf\":{\"@id\":\"https:\\\/\\\/infos-droitshumains.net\\\/#website\"},\"primaryImageOfPage\":{\"@id\":\"https:\\\/\\\/infos-droitshumains.net\\\/?p=19061#primaryimage\"},\"image\":{\"@id\":\"https:\\\/\\\/infos-droitshumains.net\\\/?p=19061#primaryimage\"},\"thumbnailUrl\":\"https:\\\/\\\/i0.wp.com\\\/infos-droitshumains.net\\\/wp-content\\\/uploads\\\/2026\\\/05\\\/IMG-20260501-WA0333.jpg?fit=2560%2C1706&ssl=1\",\"datePublished\":\"2026-05-01T05:17:12+00:00\",\"dateModified\":\"2026-05-01T11:58:54+00:00\",\"breadcrumb\":{\"@id\":\"https:\\\/\\\/infos-droitshumains.net\\\/?p=19061#breadcrumb\"},\"inLanguage\":\"fr-FR\",\"potentialAction\":[{\"@type\":\"ReadAction\",\"target\":[\"https:\\\/\\\/infos-droitshumains.net\\\/?p=19061\"]}]},{\"@type\":\"ImageObject\",\"inLanguage\":\"fr-FR\",\"@id\":\"https:\\\/\\\/infos-droitshumains.net\\\/?p=19061#primaryimage\",\"url\":\"https:\\\/\\\/i0.wp.com\\\/infos-droitshumains.net\\\/wp-content\\\/uploads\\\/2026\\\/05\\\/IMG-20260501-WA0333.jpg?fit=2560%2C1706&ssl=1\",\"contentUrl\":\"https:\\\/\\\/i0.wp.com\\\/infos-droitshumains.net\\\/wp-content\\\/uploads\\\/2026\\\/05\\\/IMG-20260501-WA0333.jpg?fit=2560%2C1706&ssl=1\",\"width\":2560,\"height\":1706},{\"@type\":\"BreadcrumbList\",\"@id\":\"https:\\\/\\\/infos-droitshumains.net\\\/?p=19061#breadcrumb\",\"itemListElement\":[{\"@type\":\"ListItem\",\"position\":1,\"name\":\"Accueil\",\"item\":\"https:\\\/\\\/infos-droitshumains.net\\\/\"},{\"@type\":\"ListItem\",\"position\":2,\"name\":\"Journ\u00e9e nationale de l\u2019enseignement en RDC : l\u2019AFMEED appelle les enseignants \u00e0 devenir des piliers de l\u2019\u00c9tat de droit\"}]},{\"@type\":\"WebSite\",\"@id\":\"https:\\\/\\\/infos-droitshumains.net\\\/#website\",\"url\":\"https:\\\/\\\/infos-droitshumains.net\\\/\",\"name\":\"Infos Droits Humains\",\"description\":\"S&#039;informer est un droit\",\"publisher\":{\"@id\":\"https:\\\/\\\/infos-droitshumains.net\\\/#organization\"},\"potentialAction\":[{\"@type\":\"SearchAction\",\"target\":{\"@type\":\"EntryPoint\",\"urlTemplate\":\"https:\\\/\\\/infos-droitshumains.net\\\/?s={search_term_string}\"},\"query-input\":{\"@type\":\"PropertyValueSpecification\",\"valueRequired\":true,\"valueName\":\"search_term_string\"}}],\"inLanguage\":\"fr-FR\"},{\"@type\":\"Organization\",\"@id\":\"https:\\\/\\\/infos-droitshumains.net\\\/#organization\",\"name\":\"Infos Droits Humains\",\"url\":\"https:\\\/\\\/infos-droitshumains.net\\\/\",\"logo\":{\"@type\":\"ImageObject\",\"inLanguage\":\"fr-FR\",\"@id\":\"https:\\\/\\\/infos-droitshumains.net\\\/#\\\/schema\\\/logo\\\/image\\\/\",\"url\":\"https:\\\/\\\/i0.wp.com\\\/infos-droitshumains.net\\\/wp-content\\\/uploads\\\/2022\\\/05\\\/Logo.png?fit=333%2C129&ssl=1\",\"contentUrl\":\"https:\\\/\\\/i0.wp.com\\\/infos-droitshumains.net\\\/wp-content\\\/uploads\\\/2022\\\/05\\\/Logo.png?fit=333%2C129&ssl=1\",\"width\":333,\"height\":129,\"caption\":\"Infos Droits Humains\"},\"image\":{\"@id\":\"https:\\\/\\\/infos-droitshumains.net\\\/#\\\/schema\\\/logo\\\/image\\\/\"}},{\"@type\":\"Person\",\"@id\":\"https:\\\/\\\/infos-droitshumains.net\\\/#\\\/schema\\\/person\\\/3dc5e921c3302172e0ed4362f96faab7\",\"name\":\"Jo\u00ebl Diawa\",\"image\":{\"@type\":\"ImageObject\",\"inLanguage\":\"fr-FR\",\"@id\":\"https:\\\/\\\/secure.gravatar.com\\\/avatar\\\/729bea6ff4604c624417803c477363be8e3c7186deaa65713313f9b4b820f41c?s=96&d=mm&r=g\",\"url\":\"https:\\\/\\\/secure.gravatar.com\\\/avatar\\\/729bea6ff4604c624417803c477363be8e3c7186deaa65713313f9b4b820f41c?s=96&d=mm&r=g\",\"contentUrl\":\"https:\\\/\\\/secure.gravatar.com\\\/avatar\\\/729bea6ff4604c624417803c477363be8e3c7186deaa65713313f9b4b820f41c?s=96&d=mm&r=g\",\"caption\":\"Jo\u00ebl Diawa\"},\"sameAs\":[\"https:\\\/\\\/www.infos-droitshumains.net\"],\"url\":\"https:\\\/\\\/infos-droitshumains.net\\\/?author=2\"}]}<\/script>\n<!-- \/ Yoast SEO plugin. -->","yoast_head_json":{"title":"Journ\u00e9e nationale de l\u2019enseignement en RDC : l\u2019AFMEED appelle les enseignants \u00e0 devenir des piliers de l\u2019\u00c9tat de droit - Infos Droits Humains","robots":{"index":"index","follow":"follow","max-snippet":"max-snippet:-1","max-image-preview":"max-image-preview:large","max-video-preview":"max-video-preview:-1"},"canonical":"https:\/\/infos-droitshumains.net\/?p=19061","og_locale":"fr_FR","og_type":"article","og_title":"Journ\u00e9e nationale de l\u2019enseignement en RDC : l\u2019AFMEED appelle les enseignants \u00e0 devenir des piliers de l\u2019\u00c9tat de droit - Infos Droits Humains","og_description":"R\u00e9daction: +243 817 406 088 \u00c0 l\u2019occasion de la Journ\u00e9e nationale de l\u2019enseignement c\u00e9l\u00e9br\u00e9e le...","og_url":"https:\/\/infos-droitshumains.net\/?p=19061","og_site_name":"Infos Droits Humains","article_published_time":"2026-05-01T05:17:12+00:00","article_modified_time":"2026-05-01T11:58:54+00:00","og_image":[{"width":2560,"height":1706,"url":"https:\/\/infos-droitshumains.net\/wp-content\/uploads\/2026\/05\/IMG-20260501-WA0333.jpg","type":"image\/jpeg"}],"author":"Jo\u00ebl Diawa","twitter_card":"summary_large_image","twitter_misc":{"\u00c9crit par":"Jo\u00ebl Diawa","Dur\u00e9e de lecture estim\u00e9e":"5 minutes"},"schema":{"@context":"https:\/\/schema.org","@graph":[{"@type":"Article","@id":"https:\/\/infos-droitshumains.net\/?p=19061#article","isPartOf":{"@id":"https:\/\/infos-droitshumains.net\/?p=19061"},"author":{"name":"Jo\u00ebl Diawa","@id":"https:\/\/infos-droitshumains.net\/#\/schema\/person\/3dc5e921c3302172e0ed4362f96faab7"},"headline":"Journ\u00e9e nationale de l\u2019enseignement en RDC : l\u2019AFMEED appelle les enseignants \u00e0 devenir des piliers de l\u2019\u00c9tat de droit","datePublished":"2026-05-01T05:17:12+00:00","dateModified":"2026-05-01T11:58:54+00:00","mainEntityOfPage":{"@id":"https:\/\/infos-droitshumains.net\/?p=19061"},"wordCount":658,"commentCount":0,"publisher":{"@id":"https:\/\/infos-droitshumains.net\/#organization"},"image":{"@id":"https:\/\/infos-droitshumains.net\/?p=19061#primaryimage"},"thumbnailUrl":"https:\/\/i0.wp.com\/infos-droitshumains.net\/wp-content\/uploads\/2026\/05\/IMG-20260501-WA0333.jpg?fit=2560%2C1706&ssl=1","articleSection":["Soci\u00e9t\u00e9"],"inLanguage":"fr-FR","potentialAction":[{"@type":"CommentAction","name":"Comment","target":["https:\/\/infos-droitshumains.net\/?p=19061#respond"]}]},{"@type":"WebPage","@id":"https:\/\/infos-droitshumains.net\/?p=19061","url":"https:\/\/infos-droitshumains.net\/?p=19061","name":"Journ\u00e9e nationale de l\u2019enseignement en RDC : l\u2019AFMEED appelle les enseignants \u00e0 devenir des piliers de l\u2019\u00c9tat de droit - Infos Droits Humains","isPartOf":{"@id":"https:\/\/infos-droitshumains.net\/#website"},"primaryImageOfPage":{"@id":"https:\/\/infos-droitshumains.net\/?p=19061#primaryimage"},"image":{"@id":"https:\/\/infos-droitshumains.net\/?p=19061#primaryimage"},"thumbnailUrl":"https:\/\/i0.wp.com\/infos-droitshumains.net\/wp-content\/uploads\/2026\/05\/IMG-20260501-WA0333.jpg?fit=2560%2C1706&ssl=1","datePublished":"2026-05-01T05:17:12+00:00","dateModified":"2026-05-01T11:58:54+00:00","breadcrumb":{"@id":"https:\/\/infos-droitshumains.net\/?p=19061#breadcrumb"},"inLanguage":"fr-FR","potentialAction":[{"@type":"ReadAction","target":["https:\/\/infos-droitshumains.net\/?p=19061"]}]},{"@type":"ImageObject","inLanguage":"fr-FR","@id":"https:\/\/infos-droitshumains.net\/?p=19061#primaryimage","url":"https:\/\/i0.wp.com\/infos-droitshumains.net\/wp-content\/uploads\/2026\/05\/IMG-20260501-WA0333.jpg?fit=2560%2C1706&ssl=1","contentUrl":"https:\/\/i0.wp.com\/infos-droitshumains.net\/wp-content\/uploads\/2026\/05\/IMG-20260501-WA0333.jpg?fit=2560%2C1706&ssl=1","width":2560,"height":1706},{"@type":"BreadcrumbList","@id":"https:\/\/infos-droitshumains.net\/?p=19061#breadcrumb","itemListElement":[{"@type":"ListItem","position":1,"name":"Accueil","item":"https:\/\/infos-droitshumains.net\/"},{"@type":"ListItem","position":2,"name":"Journ\u00e9e nationale de l\u2019enseignement en RDC : l\u2019AFMEED appelle les enseignants \u00e0 devenir des piliers de l\u2019\u00c9tat de droit"}]},{"@type":"WebSite","@id":"https:\/\/infos-droitshumains.net\/#website","url":"https:\/\/infos-droitshumains.net\/","name":"Infos Droits Humains","description":"S&#039;informer est un droit","publisher":{"@id":"https:\/\/infos-droitshumains.net\/#organization"},"potentialAction":[{"@type":"SearchAction","target":{"@type":"EntryPoint","urlTemplate":"https:\/\/infos-droitshumains.net\/?s={search_term_string}"},"query-input":{"@type":"PropertyValueSpecification","valueRequired":true,"valueName":"search_term_string"}}],"inLanguage":"fr-FR"},{"@type":"Organization","@id":"https:\/\/infos-droitshumains.net\/#organization","name":"Infos Droits Humains","url":"https:\/\/infos-droitshumains.net\/","logo":{"@type":"ImageObject","inLanguage":"fr-FR","@id":"https:\/\/infos-droitshumains.net\/#\/schema\/logo\/image\/","url":"https:\/\/i0.wp.com\/infos-droitshumains.net\/wp-content\/uploads\/2022\/05\/Logo.png?fit=333%2C129&ssl=1","contentUrl":"https:\/\/i0.wp.com\/infos-droitshumains.net\/wp-content\/uploads\/2022\/05\/Logo.png?fit=333%2C129&ssl=1","width":333,"height":129,"caption":"Infos Droits Humains"},"image":{"@id":"https:\/\/infos-droitshumains.net\/#\/schema\/logo\/image\/"}},{"@type":"Person","@id":"https:\/\/infos-droitshumains.net\/#\/schema\/person\/3dc5e921c3302172e0ed4362f96faab7","name":"Jo\u00ebl Diawa","image":{"@type":"ImageObject","inLanguage":"fr-FR","@id":"https:\/\/secure.gravatar.com\/avatar\/729bea6ff4604c624417803c477363be8e3c7186deaa65713313f9b4b820f41c?s=96&d=mm&r=g","url":"https:\/\/secure.gravatar.com\/avatar\/729bea6ff4604c624417803c477363be8e3c7186deaa65713313f9b4b820f41c?s=96&d=mm&r=g","contentUrl":"https:\/\/secure.gravatar.com\/avatar\/729bea6ff4604c624417803c477363be8e3c7186deaa65713313f9b4b820f41c?s=96&d=mm&r=g","caption":"Jo\u00ebl Diawa"},"sameAs":["https:\/\/www.infos-droitshumains.net"],"url":"https:\/\/infos-droitshumains.net\/?author=2"}]}},"featured_image_urls":{"full":["https:\/\/i0.wp.com\/infos-droitshumains.net\/wp-content\/uploads\/2026\/05\/IMG-20260501-WA0333.jpg?fit=2560%2C1706&ssl=1",2560,1706,false],"thumbnail":["https:\/\/i0.wp.com\/infos-droitshumains.net\/wp-content\/uploads\/2026\/05\/IMG-20260501-WA0333.jpg?resize=150%2C150&ssl=1",150,150,true],"medium":["https:\/\/i0.wp.com\/infos-droitshumains.net\/wp-content\/uploads\/2026\/05\/IMG-20260501-WA0333.jpg?fit=300%2C200&ssl=1",300,200,true],"medium_large":["https:\/\/i0.wp.com\/infos-droitshumains.net\/wp-content\/uploads\/2026\/05\/IMG-20260501-WA0333.jpg?fit=640%2C427&ssl=1",640,427,true],"large":["https:\/\/i0.wp.com\/infos-droitshumains.net\/wp-content\/uploads\/2026\/05\/IMG-20260501-WA0333.jpg?fit=640%2C426&ssl=1",640,426,true],"1536x1536":["https:\/\/i0.wp.com\/infos-droitshumains.net\/wp-content\/uploads\/2026\/05\/IMG-20260501-WA0333.jpg?fit=1536%2C1024&ssl=1",1536,1024,true],"2048x2048":["https:\/\/i0.wp.com\/infos-droitshumains.net\/wp-content\/uploads\/2026\/05\/IMG-20260501-WA0333.jpg?fit=2048%2C1365&ssl=1",2048,1365,true],"covernews-slider-full":["https:\/\/i0.wp.com\/infos-droitshumains.net\/wp-content\/uploads\/2026\/05\/IMG-20260501-WA0333.jpg?resize=1115%2C715&ssl=1",1115,715,true],"covernews-slider-center":["https:\/\/i0.wp.com\/infos-droitshumains.net\/wp-content\/uploads\/2026\/05\/IMG-20260501-WA0333.jpg?resize=800%2C500&ssl=1",800,500,true],"covernews-featured":["https:\/\/i0.wp.com\/infos-droitshumains.net\/wp-content\/uploads\/2026\/05\/IMG-20260501-WA0333.jpg?fit=1024%2C682&ssl=1",1024,682,true],"covernews-medium":["https:\/\/i0.wp.com\/infos-droitshumains.net\/wp-content\/uploads\/2026\/05\/IMG-20260501-WA0333.jpg?resize=540%2C340&ssl=1",540,340,true],"covernews-medium-square":["https:\/\/i0.wp.com\/infos-droitshumains.net\/wp-content\/uploads\/2026\/05\/IMG-20260501-WA0333.jpg?resize=400%2C250&ssl=1",400,250,true]},"author_info":{"display_name":"Jo\u00ebl Diawa","author_link":"https:\/\/infos-droitshumains.net\/?author=2"},"category_info":"<a href=\"https:\/\/infos-droitshumains.net\/?cat=8\" rel=\"category\">Soci\u00e9t\u00e9<\/a>","tag_info":"Soci\u00e9t\u00e9","comment_count":"0","jetpack_featured_media_url":"https:\/\/i0.wp.com\/infos-droitshumains.net\/wp-content\/uploads\/2026\/05\/IMG-20260501-WA0333.jpg?fit=2560%2C1706&ssl=1","jetpack-related-posts":[],"jetpack_sharing_enabled":true,"_links":{"self":[{"href":"https:\/\/infos-droitshumains.net\/index.php?rest_route=\/wp\/v2\/posts\/19061","targetHints":{"allow":["GET"]}}],"collection":[{"href":"https:\/\/infos-droitshumains.net\/index.php?rest_route=\/wp\/v2\/posts"}],"about":[{"href":"https:\/\/infos-droitshumains.net\/index.php?rest_route=\/wp\/v2\/types\/post"}],"author":[{"embeddable":true,"href":"https:\/\/infos-droitshumains.net\/index.php?rest_route=\/wp\/v2\/users\/2"}],"replies":[{"embeddable":true,"href":"https:\/\/infos-droitshumains.net\/index.php?rest_route=%2Fwp%2Fv2%2Fcomments&post=19061"}],"version-history":[{"count":6,"href":"https:\/\/infos-droitshumains.net\/index.php?rest_route=\/wp\/v2\/posts\/19061\/revisions"}],"predecessor-version":[{"id":19087,"href":"https:\/\/infos-droitshumains.net\/index.php?rest_route=\/wp\/v2\/posts\/19061\/revisions\/19087"}],"wp:featuredmedia":[{"embeddable":true,"href":"https:\/\/infos-droitshumains.net\/index.php?rest_route=\/wp\/v2\/media\/19069"}],"wp:attachment":[{"href":"https:\/\/infos-droitshumains.net\/index.php?rest_route=%2Fwp%2Fv2%2Fmedia&parent=19061"}],"wp:term":[{"taxonomy":"category","embeddable":true,"href":"https:\/\/infos-droitshumains.net\/index.php?rest_route=%2Fwp%2Fv2%2Fcategories&post=19061"},{"taxonomy":"post_tag","embeddable":true,"href":"https:\/\/infos-droitshumains.net\/index.php?rest_route=%2Fwp%2Fv2%2Ftags&post=19061"}],"curies":[{"name":"wp","href":"https:\/\/api.w.org\/{rel}","templated":true}]}}