{"id":19037,"date":"2026-04-30T13:54:00","date_gmt":"2026-04-30T11:54:00","guid":{"rendered":"https:\/\/infos-droitshumains.net\/?p=19037"},"modified":"2026-04-30T13:56:24","modified_gmt":"2026-04-30T11:56:24","slug":"journee-nationale-de-lenseignement-jonathan-longonda-mbula-rend-hommage-aux-educateurs-et-appelle-a-des-actions-concretes-en-leur-faveur","status":"publish","type":"post","link":"https:\/\/infos-droitshumains.net\/?p=19037","title":{"rendered":"Journ\u00e9e nationale de l\u2019enseignement : Jonathan Longonda Mbula rend hommage aux \u00e9ducateurs et appelle \u00e0 des actions concr\u00e8tes en leur faveur"},"content":{"rendered":"\n<p><strong>R\u00e9daction: +243 817 406 088<\/strong><\/p>\n\n\n\n<h3 class=\"wp-block-heading has-vivid-red-color has-text-color has-link-color wp-elements-951b162bcafb73cb3fae74a8ecb7ae17\">\u00c0 l\u2019occasion de la c\u00e9l\u00e9bration de la journ\u00e9e nationale de l\u2019enseignement c\u00e9l\u00e9br\u00e9e ce jeudi 30 avril, Jonathan Longonda Mbula a exprim\u00e9 sa profonde reconnaissance \u00e0 l\u2019endroit des enseignants, qu\u2019il qualifie de v\u00e9ritables <em>\u00ab b\u00e2tisseurs silencieux de l\u2019avenir \u00bb<\/em>. Dans un message empreint de respect et de lucidit\u00e9, il a salu\u00e9 le r\u00f4le d\u00e9terminant que jouent les \u00e9ducateurs dans l\u2019\u00e9dification de la soci\u00e9t\u00e9 congolaise.<\/h3>\n\n\n\n<p>Pour lui, la craie blanche reste un symbole puissant de savoir, de transmission et d\u2019esp\u00e9rance. Malgr\u00e9 les nombreuses contraintes qui p\u00e8sent sur le secteur \u00e9ducatif, elle continue d\u2019illuminer les salles de classe. Entre conditions de travail pr\u00e9caires, d\u00e9fis structurels persistants et incertitudes professionnelles, les enseignants demeurent fid\u00e8les \u00e0 leur mission, faisant preuve d\u2019un courage et d\u2019une abn\u00e9gation remarquables.<\/p>\n\n\n\n<p>Jonathan Longonda Mbula a particuli\u00e8rement mis en exergue la r\u00e9silience du corps enseignant. Selon lui, en d\u00e9pit des obstacles, ces hommes et ces femmes restent debout, engag\u00e9s et profond\u00e9ment attach\u00e9s \u00e0 leur vocation, une posture qu\u2019il juge admirable dans un contexte o\u00f9 l\u2019\u00e9cole constitue l\u2019un des piliers essentiels du d\u00e9veloppement national.<\/p>\n\n\n\n<p>Il a par ailleurs soulign\u00e9 que l\u2019acte d\u2019enseigner va bien au-del\u00e0 de la simple transmission des connaissances acad\u00e9miques. Enseigner, a-t-il insist\u00e9, c\u2019est fa\u00e7onner des consciences, \u00e9veiller des ambitions et pr\u00e9parer les g\u00e9n\u00e9rations futures \u00e0 affronter les d\u00e9fis de demain. L\u2019enseignant appara\u00eet ainsi comme un v\u00e9ritable artisan de l\u2019avenir, dont l\u2019influence d\u00e9passe largement les murs de la salle de classe.<\/p>\n\n\n\n<p>Au-del\u00e0 de cet hommage, Jonathan Longonda Mbula a lanc\u00e9 un appel pressant aux autorit\u00e9s publiques. Il estime que cette journ\u00e9e doit \u00e9galement servir de cadre d\u2019interpellation, invitant l\u2019\u00c9tat congolais \u00e0 poser des actions concr\u00e8tes en faveur des enseignants. Il plaide notamment pour une am\u00e9lioration significative des conditions de travail, une r\u00e9mun\u00e9ration \u00e0 la hauteur de leur mission ainsi qu\u2019une valorisation effective de leur statut social.<\/p>\n\n\n\n<p><em>\u00ab Investir dans l\u2019enseignant, c\u2019est investir dans l\u2019avenir de la nation \u00bb<\/em>, a-t-il martel\u00e9, rappelant qu\u2019aucune r\u00e9forme durable ni aucun progr\u00e8s socio-\u00e9conomique ne peuvent se concevoir sans une \u00e9cole forte, port\u00e9e par des enseignants motiv\u00e9s, respect\u00e9s et soutenus.<\/p>\n\n\n\n<p>Cl\u00f4turant son message, il a renouvel\u00e9 ses remerciements \u00e0 l\u2019ensemble des \u00e9ducateurs pour leur d\u00e9vouement, leur passion et leur engagement quotidien. Il leur a souhait\u00e9 une excellente f\u00eate de l\u2019enseignement, tout en r\u00e9affirmant que leur contribution demeure essentielle et durable dans la construction de la soci\u00e9t\u00e9 congolaise.<\/p>\n\n\n\n<p>Jo\u00ebl Diawa <\/p>\n","protected":false},"excerpt":{"rendered":"<p>R\u00e9daction: +243 817 406 088 \u00c0 l\u2019occasion de la c\u00e9l\u00e9bration de la journ\u00e9e nationale de&#8230;<\/p>\n","protected":false},"author":2,"featured_media":19039,"comment_status":"open","ping_status":"open","sticky":false,"template":"","format":"standard","meta":{"_jetpack_memberships_contains_paid_content":false,"footnotes":""},"categories":[8],"tags":[],"class_list":["post-19037","post","type-post","status-publish","format-standard","has-post-thumbnail","hentry","category-societe"],"yoast_head":"<!-- This site is optimized with the Yoast SEO plugin v27.5 - https:\/\/yoast.com\/product\/yoast-seo-wordpress\/ -->\n<title>Journ\u00e9e nationale de l\u2019enseignement : Jonathan Longonda Mbula rend hommage aux \u00e9ducateurs et appelle \u00e0 des actions concr\u00e8tes en leur faveur - Infos Droits Humains<\/title>\n<meta name=\"robots\" content=\"index, follow, max-snippet:-1, max-image-preview:large, max-video-preview:-1\" \/>\n<link rel=\"canonical\" href=\"https:\/\/infos-droitshumains.net\/?p=19037\" \/>\n<meta property=\"og:locale\" content=\"fr_FR\" \/>\n<meta property=\"og:type\" content=\"article\" \/>\n<meta property=\"og:title\" content=\"Journ\u00e9e nationale de l\u2019enseignement : Jonathan Longonda Mbula rend hommage aux \u00e9ducateurs et appelle \u00e0 des actions concr\u00e8tes en leur faveur - Infos Droits Humains\" \/>\n<meta property=\"og:description\" content=\"R\u00e9daction: +243 817 406 088 \u00c0 l\u2019occasion de la c\u00e9l\u00e9bration de la journ\u00e9e nationale de...\" \/>\n<meta property=\"og:url\" content=\"https:\/\/infos-droitshumains.net\/?p=19037\" \/>\n<meta property=\"og:site_name\" content=\"Infos Droits Humains\" \/>\n<meta property=\"article:published_time\" content=\"2026-04-30T11:54:00+00:00\" \/>\n<meta property=\"article:modified_time\" content=\"2026-04-30T11:56:24+00:00\" \/>\n<meta property=\"og:image\" content=\"https:\/\/infos-droitshumains.net\/wp-content\/uploads\/2026\/04\/IMG-20260430-WA0023.jpg\" \/>\n\t<meta property=\"og:image:width\" content=\"1280\" \/>\n\t<meta property=\"og:image:height\" content=\"1196\" \/>\n\t<meta property=\"og:image:type\" content=\"image\/jpeg\" \/>\n<meta name=\"author\" content=\"Jo\u00ebl Diawa\" \/>\n<meta name=\"twitter:card\" content=\"summary_large_image\" \/>\n<meta name=\"twitter:label1\" content=\"\u00c9crit par\" \/>\n\t<meta name=\"twitter:data1\" content=\"Jo\u00ebl Diawa\" \/>\n\t<meta name=\"twitter:label2\" content=\"Dur\u00e9e de lecture estim\u00e9e\" \/>\n\t<meta name=\"twitter:data2\" content=\"3 minutes\" \/>\n<script type=\"application\/ld+json\" class=\"yoast-schema-graph\">{\"@context\":\"https:\\\/\\\/schema.org\",\"@graph\":[{\"@type\":\"Article\",\"@id\":\"https:\\\/\\\/infos-droitshumains.net\\\/?p=19037#article\",\"isPartOf\":{\"@id\":\"https:\\\/\\\/infos-droitshumains.net\\\/?p=19037\"},\"author\":{\"name\":\"Jo\u00ebl Diawa\",\"@id\":\"https:\\\/\\\/infos-droitshumains.net\\\/#\\\/schema\\\/person\\\/3dc5e921c3302172e0ed4362f96faab7\"},\"headline\":\"Journ\u00e9e nationale de l\u2019enseignement : Jonathan Longonda Mbula rend hommage aux \u00e9ducateurs et appelle \u00e0 des actions concr\u00e8tes en leur faveur\",\"datePublished\":\"2026-04-30T11:54:00+00:00\",\"dateModified\":\"2026-04-30T11:56:24+00:00\",\"mainEntityOfPage\":{\"@id\":\"https:\\\/\\\/infos-droitshumains.net\\\/?p=19037\"},\"wordCount\":473,\"commentCount\":0,\"publisher\":{\"@id\":\"https:\\\/\\\/infos-droitshumains.net\\\/#organization\"},\"image\":{\"@id\":\"https:\\\/\\\/infos-droitshumains.net\\\/?p=19037#primaryimage\"},\"thumbnailUrl\":\"https:\\\/\\\/i0.wp.com\\\/infos-droitshumains.net\\\/wp-content\\\/uploads\\\/2026\\\/04\\\/IMG-20260430-WA0023.jpg?fit=1280%2C1196&ssl=1\",\"articleSection\":[\"Soci\u00e9t\u00e9\"],\"inLanguage\":\"fr-FR\",\"potentialAction\":[{\"@type\":\"CommentAction\",\"name\":\"Comment\",\"target\":[\"https:\\\/\\\/infos-droitshumains.net\\\/?p=19037#respond\"]}]},{\"@type\":\"WebPage\",\"@id\":\"https:\\\/\\\/infos-droitshumains.net\\\/?p=19037\",\"url\":\"https:\\\/\\\/infos-droitshumains.net\\\/?p=19037\",\"name\":\"Journ\u00e9e nationale de l\u2019enseignement : Jonathan Longonda Mbula rend hommage aux \u00e9ducateurs et appelle \u00e0 des actions concr\u00e8tes en leur faveur - Infos Droits Humains\",\"isPartOf\":{\"@id\":\"https:\\\/\\\/infos-droitshumains.net\\\/#website\"},\"primaryImageOfPage\":{\"@id\":\"https:\\\/\\\/infos-droitshumains.net\\\/?p=19037#primaryimage\"},\"image\":{\"@id\":\"https:\\\/\\\/infos-droitshumains.net\\\/?p=19037#primaryimage\"},\"thumbnailUrl\":\"https:\\\/\\\/i0.wp.com\\\/infos-droitshumains.net\\\/wp-content\\\/uploads\\\/2026\\\/04\\\/IMG-20260430-WA0023.jpg?fit=1280%2C1196&ssl=1\",\"datePublished\":\"2026-04-30T11:54:00+00:00\",\"dateModified\":\"2026-04-30T11:56:24+00:00\",\"breadcrumb\":{\"@id\":\"https:\\\/\\\/infos-droitshumains.net\\\/?p=19037#breadcrumb\"},\"inLanguage\":\"fr-FR\",\"potentialAction\":[{\"@type\":\"ReadAction\",\"target\":[\"https:\\\/\\\/infos-droitshumains.net\\\/?p=19037\"]}]},{\"@type\":\"ImageObject\",\"inLanguage\":\"fr-FR\",\"@id\":\"https:\\\/\\\/infos-droitshumains.net\\\/?p=19037#primaryimage\",\"url\":\"https:\\\/\\\/i0.wp.com\\\/infos-droitshumains.net\\\/wp-content\\\/uploads\\\/2026\\\/04\\\/IMG-20260430-WA0023.jpg?fit=1280%2C1196&ssl=1\",\"contentUrl\":\"https:\\\/\\\/i0.wp.com\\\/infos-droitshumains.net\\\/wp-content\\\/uploads\\\/2026\\\/04\\\/IMG-20260430-WA0023.jpg?fit=1280%2C1196&ssl=1\",\"width\":1280,\"height\":1196},{\"@type\":\"BreadcrumbList\",\"@id\":\"https:\\\/\\\/infos-droitshumains.net\\\/?p=19037#breadcrumb\",\"itemListElement\":[{\"@type\":\"ListItem\",\"position\":1,\"name\":\"Accueil\",\"item\":\"https:\\\/\\\/infos-droitshumains.net\\\/\"},{\"@type\":\"ListItem\",\"position\":2,\"name\":\"Journ\u00e9e nationale de l\u2019enseignement : Jonathan Longonda Mbula rend hommage aux \u00e9ducateurs et appelle \u00e0 des actions concr\u00e8tes en leur faveur\"}]},{\"@type\":\"WebSite\",\"@id\":\"https:\\\/\\\/infos-droitshumains.net\\\/#website\",\"url\":\"https:\\\/\\\/infos-droitshumains.net\\\/\",\"name\":\"Infos Droits Humains\",\"description\":\"S&#039;informer est un droit\",\"publisher\":{\"@id\":\"https:\\\/\\\/infos-droitshumains.net\\\/#organization\"},\"potentialAction\":[{\"@type\":\"SearchAction\",\"target\":{\"@type\":\"EntryPoint\",\"urlTemplate\":\"https:\\\/\\\/infos-droitshumains.net\\\/?s={search_term_string}\"},\"query-input\":{\"@type\":\"PropertyValueSpecification\",\"valueRequired\":true,\"valueName\":\"search_term_string\"}}],\"inLanguage\":\"fr-FR\"},{\"@type\":\"Organization\",\"@id\":\"https:\\\/\\\/infos-droitshumains.net\\\/#organization\",\"name\":\"Infos Droits Humains\",\"url\":\"https:\\\/\\\/infos-droitshumains.net\\\/\",\"logo\":{\"@type\":\"ImageObject\",\"inLanguage\":\"fr-FR\",\"@id\":\"https:\\\/\\\/infos-droitshumains.net\\\/#\\\/schema\\\/logo\\\/image\\\/\",\"url\":\"https:\\\/\\\/i0.wp.com\\\/infos-droitshumains.net\\\/wp-content\\\/uploads\\\/2022\\\/05\\\/Logo.png?fit=333%2C129&ssl=1\",\"contentUrl\":\"https:\\\/\\\/i0.wp.com\\\/infos-droitshumains.net\\\/wp-content\\\/uploads\\\/2022\\\/05\\\/Logo.png?fit=333%2C129&ssl=1\",\"width\":333,\"height\":129,\"caption\":\"Infos Droits Humains\"},\"image\":{\"@id\":\"https:\\\/\\\/infos-droitshumains.net\\\/#\\\/schema\\\/logo\\\/image\\\/\"}},{\"@type\":\"Person\",\"@id\":\"https:\\\/\\\/infos-droitshumains.net\\\/#\\\/schema\\\/person\\\/3dc5e921c3302172e0ed4362f96faab7\",\"name\":\"Jo\u00ebl Diawa\",\"image\":{\"@type\":\"ImageObject\",\"inLanguage\":\"fr-FR\",\"@id\":\"https:\\\/\\\/secure.gravatar.com\\\/avatar\\\/729bea6ff4604c624417803c477363be8e3c7186deaa65713313f9b4b820f41c?s=96&d=mm&r=g\",\"url\":\"https:\\\/\\\/secure.gravatar.com\\\/avatar\\\/729bea6ff4604c624417803c477363be8e3c7186deaa65713313f9b4b820f41c?s=96&d=mm&r=g\",\"contentUrl\":\"https:\\\/\\\/secure.gravatar.com\\\/avatar\\\/729bea6ff4604c624417803c477363be8e3c7186deaa65713313f9b4b820f41c?s=96&d=mm&r=g\",\"caption\":\"Jo\u00ebl Diawa\"},\"sameAs\":[\"https:\\\/\\\/www.infos-droitshumains.net\"],\"url\":\"https:\\\/\\\/infos-droitshumains.net\\\/?author=2\"}]}<\/script>\n<!-- \/ Yoast SEO plugin. -->","yoast_head_json":{"title":"Journ\u00e9e nationale de l\u2019enseignement : Jonathan Longonda Mbula rend hommage aux \u00e9ducateurs et appelle \u00e0 des actions concr\u00e8tes en leur faveur - Infos Droits Humains","robots":{"index":"index","follow":"follow","max-snippet":"max-snippet:-1","max-image-preview":"max-image-preview:large","max-video-preview":"max-video-preview:-1"},"canonical":"https:\/\/infos-droitshumains.net\/?p=19037","og_locale":"fr_FR","og_type":"article","og_title":"Journ\u00e9e nationale de l\u2019enseignement : Jonathan Longonda Mbula rend hommage aux \u00e9ducateurs et appelle \u00e0 des actions concr\u00e8tes en leur faveur - Infos Droits Humains","og_description":"R\u00e9daction: +243 817 406 088 \u00c0 l\u2019occasion de la c\u00e9l\u00e9bration de la journ\u00e9e nationale de...","og_url":"https:\/\/infos-droitshumains.net\/?p=19037","og_site_name":"Infos Droits Humains","article_published_time":"2026-04-30T11:54:00+00:00","article_modified_time":"2026-04-30T11:56:24+00:00","og_image":[{"width":1280,"height":1196,"url":"https:\/\/infos-droitshumains.net\/wp-content\/uploads\/2026\/04\/IMG-20260430-WA0023.jpg","type":"image\/jpeg"}],"author":"Jo\u00ebl Diawa","twitter_card":"summary_large_image","twitter_misc":{"\u00c9crit par":"Jo\u00ebl Diawa","Dur\u00e9e de lecture estim\u00e9e":"3 minutes"},"schema":{"@context":"https:\/\/schema.org","@graph":[{"@type":"Article","@id":"https:\/\/infos-droitshumains.net\/?p=19037#article","isPartOf":{"@id":"https:\/\/infos-droitshumains.net\/?p=19037"},"author":{"name":"Jo\u00ebl Diawa","@id":"https:\/\/infos-droitshumains.net\/#\/schema\/person\/3dc5e921c3302172e0ed4362f96faab7"},"headline":"Journ\u00e9e nationale de l\u2019enseignement : Jonathan Longonda Mbula rend hommage aux \u00e9ducateurs et appelle \u00e0 des actions concr\u00e8tes en leur faveur","datePublished":"2026-04-30T11:54:00+00:00","dateModified":"2026-04-30T11:56:24+00:00","mainEntityOfPage":{"@id":"https:\/\/infos-droitshumains.net\/?p=19037"},"wordCount":473,"commentCount":0,"publisher":{"@id":"https:\/\/infos-droitshumains.net\/#organization"},"image":{"@id":"https:\/\/infos-droitshumains.net\/?p=19037#primaryimage"},"thumbnailUrl":"https:\/\/i0.wp.com\/infos-droitshumains.net\/wp-content\/uploads\/2026\/04\/IMG-20260430-WA0023.jpg?fit=1280%2C1196&ssl=1","articleSection":["Soci\u00e9t\u00e9"],"inLanguage":"fr-FR","potentialAction":[{"@type":"CommentAction","name":"Comment","target":["https:\/\/infos-droitshumains.net\/?p=19037#respond"]}]},{"@type":"WebPage","@id":"https:\/\/infos-droitshumains.net\/?p=19037","url":"https:\/\/infos-droitshumains.net\/?p=19037","name":"Journ\u00e9e nationale de l\u2019enseignement : Jonathan Longonda Mbula rend hommage aux \u00e9ducateurs et appelle \u00e0 des actions concr\u00e8tes en leur faveur - Infos Droits Humains","isPartOf":{"@id":"https:\/\/infos-droitshumains.net\/#website"},"primaryImageOfPage":{"@id":"https:\/\/infos-droitshumains.net\/?p=19037#primaryimage"},"image":{"@id":"https:\/\/infos-droitshumains.net\/?p=19037#primaryimage"},"thumbnailUrl":"https:\/\/i0.wp.com\/infos-droitshumains.net\/wp-content\/uploads\/2026\/04\/IMG-20260430-WA0023.jpg?fit=1280%2C1196&ssl=1","datePublished":"2026-04-30T11:54:00+00:00","dateModified":"2026-04-30T11:56:24+00:00","breadcrumb":{"@id":"https:\/\/infos-droitshumains.net\/?p=19037#breadcrumb"},"inLanguage":"fr-FR","potentialAction":[{"@type":"ReadAction","target":["https:\/\/infos-droitshumains.net\/?p=19037"]}]},{"@type":"ImageObject","inLanguage":"fr-FR","@id":"https:\/\/infos-droitshumains.net\/?p=19037#primaryimage","url":"https:\/\/i0.wp.com\/infos-droitshumains.net\/wp-content\/uploads\/2026\/04\/IMG-20260430-WA0023.jpg?fit=1280%2C1196&ssl=1","contentUrl":"https:\/\/i0.wp.com\/infos-droitshumains.net\/wp-content\/uploads\/2026\/04\/IMG-20260430-WA0023.jpg?fit=1280%2C1196&ssl=1","width":1280,"height":1196},{"@type":"BreadcrumbList","@id":"https:\/\/infos-droitshumains.net\/?p=19037#breadcrumb","itemListElement":[{"@type":"ListItem","position":1,"name":"Accueil","item":"https:\/\/infos-droitshumains.net\/"},{"@type":"ListItem","position":2,"name":"Journ\u00e9e nationale de l\u2019enseignement : Jonathan Longonda Mbula rend hommage aux \u00e9ducateurs et appelle \u00e0 des actions concr\u00e8tes en leur faveur"}]},{"@type":"WebSite","@id":"https:\/\/infos-droitshumains.net\/#website","url":"https:\/\/infos-droitshumains.net\/","name":"Infos Droits Humains","description":"S&#039;informer est un droit","publisher":{"@id":"https:\/\/infos-droitshumains.net\/#organization"},"potentialAction":[{"@type":"SearchAction","target":{"@type":"EntryPoint","urlTemplate":"https:\/\/infos-droitshumains.net\/?s={search_term_string}"},"query-input":{"@type":"PropertyValueSpecification","valueRequired":true,"valueName":"search_term_string"}}],"inLanguage":"fr-FR"},{"@type":"Organization","@id":"https:\/\/infos-droitshumains.net\/#organization","name":"Infos Droits Humains","url":"https:\/\/infos-droitshumains.net\/","logo":{"@type":"ImageObject","inLanguage":"fr-FR","@id":"https:\/\/infos-droitshumains.net\/#\/schema\/logo\/image\/","url":"https:\/\/i0.wp.com\/infos-droitshumains.net\/wp-content\/uploads\/2022\/05\/Logo.png?fit=333%2C129&ssl=1","contentUrl":"https:\/\/i0.wp.com\/infos-droitshumains.net\/wp-content\/uploads\/2022\/05\/Logo.png?fit=333%2C129&ssl=1","width":333,"height":129,"caption":"Infos Droits Humains"},"image":{"@id":"https:\/\/infos-droitshumains.net\/#\/schema\/logo\/image\/"}},{"@type":"Person","@id":"https:\/\/infos-droitshumains.net\/#\/schema\/person\/3dc5e921c3302172e0ed4362f96faab7","name":"Jo\u00ebl Diawa","image":{"@type":"ImageObject","inLanguage":"fr-FR","@id":"https:\/\/secure.gravatar.com\/avatar\/729bea6ff4604c624417803c477363be8e3c7186deaa65713313f9b4b820f41c?s=96&d=mm&r=g","url":"https:\/\/secure.gravatar.com\/avatar\/729bea6ff4604c624417803c477363be8e3c7186deaa65713313f9b4b820f41c?s=96&d=mm&r=g","contentUrl":"https:\/\/secure.gravatar.com\/avatar\/729bea6ff4604c624417803c477363be8e3c7186deaa65713313f9b4b820f41c?s=96&d=mm&r=g","caption":"Jo\u00ebl Diawa"},"sameAs":["https:\/\/www.infos-droitshumains.net"],"url":"https:\/\/infos-droitshumains.net\/?author=2"}]}},"featured_image_urls":{"full":["https:\/\/i0.wp.com\/infos-droitshumains.net\/wp-content\/uploads\/2026\/04\/IMG-20260430-WA0023.jpg?fit=1280%2C1196&ssl=1",1280,1196,false],"thumbnail":["https:\/\/i0.wp.com\/infos-droitshumains.net\/wp-content\/uploads\/2026\/04\/IMG-20260430-WA0023.jpg?resize=150%2C150&ssl=1",150,150,true],"medium":["https:\/\/i0.wp.com\/infos-droitshumains.net\/wp-content\/uploads\/2026\/04\/IMG-20260430-WA0023.jpg?fit=300%2C280&ssl=1",300,280,true],"medium_large":["https:\/\/i0.wp.com\/infos-droitshumains.net\/wp-content\/uploads\/2026\/04\/IMG-20260430-WA0023.jpg?fit=640%2C598&ssl=1",640,598,true],"large":["https:\/\/i0.wp.com\/infos-droitshumains.net\/wp-content\/uploads\/2026\/04\/IMG-20260430-WA0023.jpg?fit=640%2C598&ssl=1",640,598,true],"1536x1536":["https:\/\/i0.wp.com\/infos-droitshumains.net\/wp-content\/uploads\/2026\/04\/IMG-20260430-WA0023.jpg?fit=1280%2C1196&ssl=1",1280,1196,true],"2048x2048":["https:\/\/i0.wp.com\/infos-droitshumains.net\/wp-content\/uploads\/2026\/04\/IMG-20260430-WA0023.jpg?fit=1280%2C1196&ssl=1",1280,1196,true],"covernews-slider-full":["https:\/\/i0.wp.com\/infos-droitshumains.net\/wp-content\/uploads\/2026\/04\/IMG-20260430-WA0023.jpg?resize=1115%2C715&ssl=1",1115,715,true],"covernews-slider-center":["https:\/\/i0.wp.com\/infos-droitshumains.net\/wp-content\/uploads\/2026\/04\/IMG-20260430-WA0023.jpg?resize=800%2C500&ssl=1",800,500,true],"covernews-featured":["https:\/\/i0.wp.com\/infos-droitshumains.net\/wp-content\/uploads\/2026\/04\/IMG-20260430-WA0023.jpg?fit=1024%2C957&ssl=1",1024,957,true],"covernews-medium":["https:\/\/i0.wp.com\/infos-droitshumains.net\/wp-content\/uploads\/2026\/04\/IMG-20260430-WA0023.jpg?resize=540%2C340&ssl=1",540,340,true],"covernews-medium-square":["https:\/\/i0.wp.com\/infos-droitshumains.net\/wp-content\/uploads\/2026\/04\/IMG-20260430-WA0023.jpg?resize=400%2C250&ssl=1",400,250,true]},"author_info":{"display_name":"Jo\u00ebl Diawa","author_link":"https:\/\/infos-droitshumains.net\/?author=2"},"category_info":"<a href=\"https:\/\/infos-droitshumains.net\/?cat=8\" rel=\"category\">Soci\u00e9t\u00e9<\/a>","tag_info":"Soci\u00e9t\u00e9","comment_count":"0","jetpack_featured_media_url":"https:\/\/i0.wp.com\/infos-droitshumains.net\/wp-content\/uploads\/2026\/04\/IMG-20260430-WA0023.jpg?fit=1280%2C1196&ssl=1","jetpack-related-posts":[],"jetpack_sharing_enabled":true,"_links":{"self":[{"href":"https:\/\/infos-droitshumains.net\/index.php?rest_route=\/wp\/v2\/posts\/19037","targetHints":{"allow":["GET"]}}],"collection":[{"href":"https:\/\/infos-droitshumains.net\/index.php?rest_route=\/wp\/v2\/posts"}],"about":[{"href":"https:\/\/infos-droitshumains.net\/index.php?rest_route=\/wp\/v2\/types\/post"}],"author":[{"embeddable":true,"href":"https:\/\/infos-droitshumains.net\/index.php?rest_route=\/wp\/v2\/users\/2"}],"replies":[{"embeddable":true,"href":"https:\/\/infos-droitshumains.net\/index.php?rest_route=%2Fwp%2Fv2%2Fcomments&post=19037"}],"version-history":[{"count":3,"href":"https:\/\/infos-droitshumains.net\/index.php?rest_route=\/wp\/v2\/posts\/19037\/revisions"}],"predecessor-version":[{"id":19041,"href":"https:\/\/infos-droitshumains.net\/index.php?rest_route=\/wp\/v2\/posts\/19037\/revisions\/19041"}],"wp:featuredmedia":[{"embeddable":true,"href":"https:\/\/infos-droitshumains.net\/index.php?rest_route=\/wp\/v2\/media\/19039"}],"wp:attachment":[{"href":"https:\/\/infos-droitshumains.net\/index.php?rest_route=%2Fwp%2Fv2%2Fmedia&parent=19037"}],"wp:term":[{"taxonomy":"category","embeddable":true,"href":"https:\/\/infos-droitshumains.net\/index.php?rest_route=%2Fwp%2Fv2%2Fcategories&post=19037"},{"taxonomy":"post_tag","embeddable":true,"href":"https:\/\/infos-droitshumains.net\/index.php?rest_route=%2Fwp%2Fv2%2Ftags&post=19037"}],"curies":[{"name":"wp","href":"https:\/\/api.w.org\/{rel}","templated":true}]}}