{"id":19032,"date":"2026-04-30T10:32:48","date_gmt":"2026-04-30T08:32:48","guid":{"rendered":"https:\/\/infos-droitshumains.net\/?p=19032"},"modified":"2026-04-30T10:35:54","modified_gmt":"2026-04-30T08:35:54","slug":"kinshasa-taty-mungende-sangupamba-accede-au-pastorat-lors-dune-ceremonie-exceptionnelle-ce-1er-mai","status":"publish","type":"post","link":"https:\/\/infos-droitshumains.net\/?p=19032","title":{"rendered":"Kinshasa : Taty Mungende Sangupamba acc\u00e8de au pastorat lors d\u2019une c\u00e9r\u00e9monie solennelle ce 1er mai"},"content":{"rendered":"\n<p><strong>R\u00e9daction: +243 817 406 088<\/strong><\/p>\n\n\n\n<h3 class=\"wp-block-heading has-vivid-red-color has-text-color has-link-color wp-elements-2a966c884ec7582ce4f7e0407bd8ea39\">Un moment de gr\u00e2ce et de cons\u00e9cration s\u2019annonce ce vendredi 1er mai 2026 \u00e0 Kinshasa. Taty Mungende Sangupamba, magistrat de carri\u00e8re et Procureur de la R\u00e9publique, sera officiellement ordonn\u00e9 pasteur au cours d\u2019un culte solennel pr\u00e9vu \u00e0 7h30 \u00e0 l\u2019\u00e9glise La Louange (Direction g\u00e9n\u00e9rale), situ\u00e9e sur l\u2019avenue Kanda Kanda, dans la commune de Kasa-Vubu.<\/h3>\n\n\n\n<p>Cet \u00e9v\u00e9nement rev\u00eat un caract\u00e8re tout particulier, tant par le parcours du r\u00e9cipiendaire que par son contexte. Homme de droit reconnu pour sa rigueur et son engagement au service de la justice, Taty Mungende Sangupamba franchit ainsi une nouvelle \u00e9tape de sa vie, marqu\u00e9e par un appel spirituel assum\u00e9 et une volont\u00e9 de servir autrement, cette fois-ci dans le minist\u00e8re pastoral.<\/p>\n\n\n\n<p>S\u00e9lectionn\u00e9 parmi 366 candidats pasteurs, son accession au pastorat t\u00e9moigne non seulement de son d\u00e9vouement, mais aussi de la reconnaissance de ses qualit\u00e9s spirituelles et humaines par les autorit\u00e9s eccl\u00e9siastiques.<\/p>\n\n\n\n<p>La c\u00e9r\u00e9monie d\u2019ordination co\u00efncide par ailleurs avec la c\u00e9l\u00e9bration du 32\u1d49 anniversaire de l\u2019\u00e9glise La Louange, une communaut\u00e9 chr\u00e9tienne bien implant\u00e9e et active dans la capitale congolaise. Cette double c\u00e9l\u00e9bration promet d\u2019\u00eatre un temps fort de communion, de reconnaissance et de r\u00e9jouissance pour les fid\u00e8les et invit\u00e9s.<\/p>\n\n\n\n<p>\u00c0 cette occasion, Taty Mungende Sangupamba lance une invitation ouverte \u00e0 tous, amis, coll\u00e8gues, fr\u00e8res et s\u0153urs en Christ, ainsi qu\u2019au grand public, \u00e0 venir nombreux prendre part \u00e0 ce moment historique, plac\u00e9 sous le signe de la foi, du service et de l\u2019engagement.<\/p>\n\n\n\n<p>Entre vocation professionnelle et appel divin, cette ordination illustre un parcours inspirant, o\u00f9 la qu\u00eate de justice se conjugue d\u00e9sormais avec la mission spirituelle, au service de la communaut\u00e9.<\/p>\n\n\n\n<p>Jo\u00ebl DIAWA<\/p>\n","protected":false},"excerpt":{"rendered":"<p>R\u00e9daction: +243 817 406 088 Un moment de gr\u00e2ce et de cons\u00e9cration s\u2019annonce ce vendredi&#8230;<\/p>\n","protected":false},"author":2,"featured_media":19035,"comment_status":"open","ping_status":"open","sticky":false,"template":"","format":"standard","meta":{"_jetpack_memberships_contains_paid_content":false,"footnotes":""},"categories":[8],"tags":[],"class_list":["post-19032","post","type-post","status-publish","format-standard","has-post-thumbnail","hentry","category-societe"],"yoast_head":"<!-- This site is optimized with the Yoast SEO plugin v27.5 - https:\/\/yoast.com\/product\/yoast-seo-wordpress\/ -->\n<title>Kinshasa : Taty Mungende Sangupamba acc\u00e8de au pastorat lors d\u2019une c\u00e9r\u00e9monie solennelle ce 1er mai - Infos Droits Humains<\/title>\n<meta name=\"robots\" content=\"index, follow, max-snippet:-1, max-image-preview:large, max-video-preview:-1\" \/>\n<link rel=\"canonical\" href=\"https:\/\/infos-droitshumains.net\/?p=19032\" \/>\n<meta property=\"og:locale\" content=\"fr_FR\" \/>\n<meta property=\"og:type\" content=\"article\" \/>\n<meta property=\"og:title\" content=\"Kinshasa : Taty Mungende Sangupamba acc\u00e8de au pastorat lors d\u2019une c\u00e9r\u00e9monie solennelle ce 1er mai - Infos Droits Humains\" \/>\n<meta property=\"og:description\" content=\"R\u00e9daction: +243 817 406 088 Un moment de gr\u00e2ce et de cons\u00e9cration s\u2019annonce ce vendredi...\" \/>\n<meta property=\"og:url\" content=\"https:\/\/infos-droitshumains.net\/?p=19032\" \/>\n<meta property=\"og:site_name\" content=\"Infos Droits Humains\" \/>\n<meta property=\"article:published_time\" content=\"2026-04-30T08:32:48+00:00\" \/>\n<meta property=\"article:modified_time\" content=\"2026-04-30T08:35:54+00:00\" \/>\n<meta property=\"og:image\" content=\"https:\/\/infos-droitshumains.net\/wp-content\/uploads\/2026\/04\/IMG-20260430-WA0010.jpg\" \/>\n\t<meta property=\"og:image:width\" content=\"810\" \/>\n\t<meta property=\"og:image:height\" content=\"1012\" \/>\n\t<meta property=\"og:image:type\" content=\"image\/jpeg\" \/>\n<meta name=\"author\" content=\"Jo\u00ebl Diawa\" \/>\n<meta name=\"twitter:card\" content=\"summary_large_image\" \/>\n<meta name=\"twitter:label1\" content=\"\u00c9crit par\" \/>\n\t<meta name=\"twitter:data1\" content=\"Jo\u00ebl Diawa\" \/>\n\t<meta name=\"twitter:label2\" content=\"Dur\u00e9e de lecture estim\u00e9e\" \/>\n\t<meta name=\"twitter:data2\" content=\"2 minutes\" \/>\n<script type=\"application\/ld+json\" class=\"yoast-schema-graph\">{\"@context\":\"https:\\\/\\\/schema.org\",\"@graph\":[{\"@type\":\"Article\",\"@id\":\"https:\\\/\\\/infos-droitshumains.net\\\/?p=19032#article\",\"isPartOf\":{\"@id\":\"https:\\\/\\\/infos-droitshumains.net\\\/?p=19032\"},\"author\":{\"name\":\"Jo\u00ebl Diawa\",\"@id\":\"https:\\\/\\\/infos-droitshumains.net\\\/#\\\/schema\\\/person\\\/3dc5e921c3302172e0ed4362f96faab7\"},\"headline\":\"Kinshasa : Taty Mungende Sangupamba acc\u00e8de au pastorat lors d\u2019une c\u00e9r\u00e9monie solennelle ce 1er mai\",\"datePublished\":\"2026-04-30T08:32:48+00:00\",\"dateModified\":\"2026-04-30T08:35:54+00:00\",\"mainEntityOfPage\":{\"@id\":\"https:\\\/\\\/infos-droitshumains.net\\\/?p=19032\"},\"wordCount\":324,\"commentCount\":0,\"publisher\":{\"@id\":\"https:\\\/\\\/infos-droitshumains.net\\\/#organization\"},\"image\":{\"@id\":\"https:\\\/\\\/infos-droitshumains.net\\\/?p=19032#primaryimage\"},\"thumbnailUrl\":\"https:\\\/\\\/i0.wp.com\\\/infos-droitshumains.net\\\/wp-content\\\/uploads\\\/2026\\\/04\\\/IMG-20260430-WA0010.jpg?fit=810%2C1012&ssl=1\",\"articleSection\":[\"Soci\u00e9t\u00e9\"],\"inLanguage\":\"fr-FR\",\"potentialAction\":[{\"@type\":\"CommentAction\",\"name\":\"Comment\",\"target\":[\"https:\\\/\\\/infos-droitshumains.net\\\/?p=19032#respond\"]}]},{\"@type\":\"WebPage\",\"@id\":\"https:\\\/\\\/infos-droitshumains.net\\\/?p=19032\",\"url\":\"https:\\\/\\\/infos-droitshumains.net\\\/?p=19032\",\"name\":\"Kinshasa : Taty Mungende Sangupamba acc\u00e8de au pastorat lors d\u2019une c\u00e9r\u00e9monie solennelle ce 1er mai - Infos Droits Humains\",\"isPartOf\":{\"@id\":\"https:\\\/\\\/infos-droitshumains.net\\\/#website\"},\"primaryImageOfPage\":{\"@id\":\"https:\\\/\\\/infos-droitshumains.net\\\/?p=19032#primaryimage\"},\"image\":{\"@id\":\"https:\\\/\\\/infos-droitshumains.net\\\/?p=19032#primaryimage\"},\"thumbnailUrl\":\"https:\\\/\\\/i0.wp.com\\\/infos-droitshumains.net\\\/wp-content\\\/uploads\\\/2026\\\/04\\\/IMG-20260430-WA0010.jpg?fit=810%2C1012&ssl=1\",\"datePublished\":\"2026-04-30T08:32:48+00:00\",\"dateModified\":\"2026-04-30T08:35:54+00:00\",\"breadcrumb\":{\"@id\":\"https:\\\/\\\/infos-droitshumains.net\\\/?p=19032#breadcrumb\"},\"inLanguage\":\"fr-FR\",\"potentialAction\":[{\"@type\":\"ReadAction\",\"target\":[\"https:\\\/\\\/infos-droitshumains.net\\\/?p=19032\"]}]},{\"@type\":\"ImageObject\",\"inLanguage\":\"fr-FR\",\"@id\":\"https:\\\/\\\/infos-droitshumains.net\\\/?p=19032#primaryimage\",\"url\":\"https:\\\/\\\/i0.wp.com\\\/infos-droitshumains.net\\\/wp-content\\\/uploads\\\/2026\\\/04\\\/IMG-20260430-WA0010.jpg?fit=810%2C1012&ssl=1\",\"contentUrl\":\"https:\\\/\\\/i0.wp.com\\\/infos-droitshumains.net\\\/wp-content\\\/uploads\\\/2026\\\/04\\\/IMG-20260430-WA0010.jpg?fit=810%2C1012&ssl=1\",\"width\":810,\"height\":1012},{\"@type\":\"BreadcrumbList\",\"@id\":\"https:\\\/\\\/infos-droitshumains.net\\\/?p=19032#breadcrumb\",\"itemListElement\":[{\"@type\":\"ListItem\",\"position\":1,\"name\":\"Accueil\",\"item\":\"https:\\\/\\\/infos-droitshumains.net\\\/\"},{\"@type\":\"ListItem\",\"position\":2,\"name\":\"Kinshasa : Taty Mungende Sangupamba acc\u00e8de au pastorat lors d\u2019une c\u00e9r\u00e9monie solennelle ce 1er mai\"}]},{\"@type\":\"WebSite\",\"@id\":\"https:\\\/\\\/infos-droitshumains.net\\\/#website\",\"url\":\"https:\\\/\\\/infos-droitshumains.net\\\/\",\"name\":\"Infos Droits Humains\",\"description\":\"S&#039;informer est un droit\",\"publisher\":{\"@id\":\"https:\\\/\\\/infos-droitshumains.net\\\/#organization\"},\"potentialAction\":[{\"@type\":\"SearchAction\",\"target\":{\"@type\":\"EntryPoint\",\"urlTemplate\":\"https:\\\/\\\/infos-droitshumains.net\\\/?s={search_term_string}\"},\"query-input\":{\"@type\":\"PropertyValueSpecification\",\"valueRequired\":true,\"valueName\":\"search_term_string\"}}],\"inLanguage\":\"fr-FR\"},{\"@type\":\"Organization\",\"@id\":\"https:\\\/\\\/infos-droitshumains.net\\\/#organization\",\"name\":\"Infos Droits Humains\",\"url\":\"https:\\\/\\\/infos-droitshumains.net\\\/\",\"logo\":{\"@type\":\"ImageObject\",\"inLanguage\":\"fr-FR\",\"@id\":\"https:\\\/\\\/infos-droitshumains.net\\\/#\\\/schema\\\/logo\\\/image\\\/\",\"url\":\"https:\\\/\\\/i0.wp.com\\\/infos-droitshumains.net\\\/wp-content\\\/uploads\\\/2022\\\/05\\\/Logo.png?fit=333%2C129&ssl=1\",\"contentUrl\":\"https:\\\/\\\/i0.wp.com\\\/infos-droitshumains.net\\\/wp-content\\\/uploads\\\/2022\\\/05\\\/Logo.png?fit=333%2C129&ssl=1\",\"width\":333,\"height\":129,\"caption\":\"Infos Droits Humains\"},\"image\":{\"@id\":\"https:\\\/\\\/infos-droitshumains.net\\\/#\\\/schema\\\/logo\\\/image\\\/\"}},{\"@type\":\"Person\",\"@id\":\"https:\\\/\\\/infos-droitshumains.net\\\/#\\\/schema\\\/person\\\/3dc5e921c3302172e0ed4362f96faab7\",\"name\":\"Jo\u00ebl Diawa\",\"image\":{\"@type\":\"ImageObject\",\"inLanguage\":\"fr-FR\",\"@id\":\"https:\\\/\\\/secure.gravatar.com\\\/avatar\\\/729bea6ff4604c624417803c477363be8e3c7186deaa65713313f9b4b820f41c?s=96&d=mm&r=g\",\"url\":\"https:\\\/\\\/secure.gravatar.com\\\/avatar\\\/729bea6ff4604c624417803c477363be8e3c7186deaa65713313f9b4b820f41c?s=96&d=mm&r=g\",\"contentUrl\":\"https:\\\/\\\/secure.gravatar.com\\\/avatar\\\/729bea6ff4604c624417803c477363be8e3c7186deaa65713313f9b4b820f41c?s=96&d=mm&r=g\",\"caption\":\"Jo\u00ebl Diawa\"},\"sameAs\":[\"https:\\\/\\\/www.infos-droitshumains.net\"],\"url\":\"https:\\\/\\\/infos-droitshumains.net\\\/?author=2\"}]}<\/script>\n<!-- \/ Yoast SEO plugin. -->","yoast_head_json":{"title":"Kinshasa : Taty Mungende Sangupamba acc\u00e8de au pastorat lors d\u2019une c\u00e9r\u00e9monie solennelle ce 1er mai - Infos Droits Humains","robots":{"index":"index","follow":"follow","max-snippet":"max-snippet:-1","max-image-preview":"max-image-preview:large","max-video-preview":"max-video-preview:-1"},"canonical":"https:\/\/infos-droitshumains.net\/?p=19032","og_locale":"fr_FR","og_type":"article","og_title":"Kinshasa : Taty Mungende Sangupamba acc\u00e8de au pastorat lors d\u2019une c\u00e9r\u00e9monie solennelle ce 1er mai - Infos Droits Humains","og_description":"R\u00e9daction: +243 817 406 088 Un moment de gr\u00e2ce et de cons\u00e9cration s\u2019annonce ce vendredi...","og_url":"https:\/\/infos-droitshumains.net\/?p=19032","og_site_name":"Infos Droits Humains","article_published_time":"2026-04-30T08:32:48+00:00","article_modified_time":"2026-04-30T08:35:54+00:00","og_image":[{"width":810,"height":1012,"url":"https:\/\/infos-droitshumains.net\/wp-content\/uploads\/2026\/04\/IMG-20260430-WA0010.jpg","type":"image\/jpeg"}],"author":"Jo\u00ebl Diawa","twitter_card":"summary_large_image","twitter_misc":{"\u00c9crit par":"Jo\u00ebl Diawa","Dur\u00e9e de lecture estim\u00e9e":"2 minutes"},"schema":{"@context":"https:\/\/schema.org","@graph":[{"@type":"Article","@id":"https:\/\/infos-droitshumains.net\/?p=19032#article","isPartOf":{"@id":"https:\/\/infos-droitshumains.net\/?p=19032"},"author":{"name":"Jo\u00ebl Diawa","@id":"https:\/\/infos-droitshumains.net\/#\/schema\/person\/3dc5e921c3302172e0ed4362f96faab7"},"headline":"Kinshasa : Taty Mungende Sangupamba acc\u00e8de au pastorat lors d\u2019une c\u00e9r\u00e9monie solennelle ce 1er mai","datePublished":"2026-04-30T08:32:48+00:00","dateModified":"2026-04-30T08:35:54+00:00","mainEntityOfPage":{"@id":"https:\/\/infos-droitshumains.net\/?p=19032"},"wordCount":324,"commentCount":0,"publisher":{"@id":"https:\/\/infos-droitshumains.net\/#organization"},"image":{"@id":"https:\/\/infos-droitshumains.net\/?p=19032#primaryimage"},"thumbnailUrl":"https:\/\/i0.wp.com\/infos-droitshumains.net\/wp-content\/uploads\/2026\/04\/IMG-20260430-WA0010.jpg?fit=810%2C1012&ssl=1","articleSection":["Soci\u00e9t\u00e9"],"inLanguage":"fr-FR","potentialAction":[{"@type":"CommentAction","name":"Comment","target":["https:\/\/infos-droitshumains.net\/?p=19032#respond"]}]},{"@type":"WebPage","@id":"https:\/\/infos-droitshumains.net\/?p=19032","url":"https:\/\/infos-droitshumains.net\/?p=19032","name":"Kinshasa : Taty Mungende Sangupamba acc\u00e8de au pastorat lors d\u2019une c\u00e9r\u00e9monie solennelle ce 1er mai - Infos Droits Humains","isPartOf":{"@id":"https:\/\/infos-droitshumains.net\/#website"},"primaryImageOfPage":{"@id":"https:\/\/infos-droitshumains.net\/?p=19032#primaryimage"},"image":{"@id":"https:\/\/infos-droitshumains.net\/?p=19032#primaryimage"},"thumbnailUrl":"https:\/\/i0.wp.com\/infos-droitshumains.net\/wp-content\/uploads\/2026\/04\/IMG-20260430-WA0010.jpg?fit=810%2C1012&ssl=1","datePublished":"2026-04-30T08:32:48+00:00","dateModified":"2026-04-30T08:35:54+00:00","breadcrumb":{"@id":"https:\/\/infos-droitshumains.net\/?p=19032#breadcrumb"},"inLanguage":"fr-FR","potentialAction":[{"@type":"ReadAction","target":["https:\/\/infos-droitshumains.net\/?p=19032"]}]},{"@type":"ImageObject","inLanguage":"fr-FR","@id":"https:\/\/infos-droitshumains.net\/?p=19032#primaryimage","url":"https:\/\/i0.wp.com\/infos-droitshumains.net\/wp-content\/uploads\/2026\/04\/IMG-20260430-WA0010.jpg?fit=810%2C1012&ssl=1","contentUrl":"https:\/\/i0.wp.com\/infos-droitshumains.net\/wp-content\/uploads\/2026\/04\/IMG-20260430-WA0010.jpg?fit=810%2C1012&ssl=1","width":810,"height":1012},{"@type":"BreadcrumbList","@id":"https:\/\/infos-droitshumains.net\/?p=19032#breadcrumb","itemListElement":[{"@type":"ListItem","position":1,"name":"Accueil","item":"https:\/\/infos-droitshumains.net\/"},{"@type":"ListItem","position":2,"name":"Kinshasa : Taty Mungende Sangupamba acc\u00e8de au pastorat lors d\u2019une c\u00e9r\u00e9monie solennelle ce 1er mai"}]},{"@type":"WebSite","@id":"https:\/\/infos-droitshumains.net\/#website","url":"https:\/\/infos-droitshumains.net\/","name":"Infos Droits Humains","description":"S&#039;informer est un droit","publisher":{"@id":"https:\/\/infos-droitshumains.net\/#organization"},"potentialAction":[{"@type":"SearchAction","target":{"@type":"EntryPoint","urlTemplate":"https:\/\/infos-droitshumains.net\/?s={search_term_string}"},"query-input":{"@type":"PropertyValueSpecification","valueRequired":true,"valueName":"search_term_string"}}],"inLanguage":"fr-FR"},{"@type":"Organization","@id":"https:\/\/infos-droitshumains.net\/#organization","name":"Infos Droits Humains","url":"https:\/\/infos-droitshumains.net\/","logo":{"@type":"ImageObject","inLanguage":"fr-FR","@id":"https:\/\/infos-droitshumains.net\/#\/schema\/logo\/image\/","url":"https:\/\/i0.wp.com\/infos-droitshumains.net\/wp-content\/uploads\/2022\/05\/Logo.png?fit=333%2C129&ssl=1","contentUrl":"https:\/\/i0.wp.com\/infos-droitshumains.net\/wp-content\/uploads\/2022\/05\/Logo.png?fit=333%2C129&ssl=1","width":333,"height":129,"caption":"Infos Droits Humains"},"image":{"@id":"https:\/\/infos-droitshumains.net\/#\/schema\/logo\/image\/"}},{"@type":"Person","@id":"https:\/\/infos-droitshumains.net\/#\/schema\/person\/3dc5e921c3302172e0ed4362f96faab7","name":"Jo\u00ebl Diawa","image":{"@type":"ImageObject","inLanguage":"fr-FR","@id":"https:\/\/secure.gravatar.com\/avatar\/729bea6ff4604c624417803c477363be8e3c7186deaa65713313f9b4b820f41c?s=96&d=mm&r=g","url":"https:\/\/secure.gravatar.com\/avatar\/729bea6ff4604c624417803c477363be8e3c7186deaa65713313f9b4b820f41c?s=96&d=mm&r=g","contentUrl":"https:\/\/secure.gravatar.com\/avatar\/729bea6ff4604c624417803c477363be8e3c7186deaa65713313f9b4b820f41c?s=96&d=mm&r=g","caption":"Jo\u00ebl Diawa"},"sameAs":["https:\/\/www.infos-droitshumains.net"],"url":"https:\/\/infos-droitshumains.net\/?author=2"}]}},"featured_image_urls":{"full":["https:\/\/i0.wp.com\/infos-droitshumains.net\/wp-content\/uploads\/2026\/04\/IMG-20260430-WA0010.jpg?fit=810%2C1012&ssl=1",810,1012,false],"thumbnail":["https:\/\/i0.wp.com\/infos-droitshumains.net\/wp-content\/uploads\/2026\/04\/IMG-20260430-WA0010.jpg?resize=150%2C150&ssl=1",150,150,true],"medium":["https:\/\/i0.wp.com\/infos-droitshumains.net\/wp-content\/uploads\/2026\/04\/IMG-20260430-WA0010.jpg?fit=240%2C300&ssl=1",240,300,true],"medium_large":["https:\/\/i0.wp.com\/infos-droitshumains.net\/wp-content\/uploads\/2026\/04\/IMG-20260430-WA0010.jpg?fit=640%2C800&ssl=1",640,800,true],"large":["https:\/\/i0.wp.com\/infos-droitshumains.net\/wp-content\/uploads\/2026\/04\/IMG-20260430-WA0010.jpg?fit=640%2C800&ssl=1",640,800,true],"1536x1536":["https:\/\/i0.wp.com\/infos-droitshumains.net\/wp-content\/uploads\/2026\/04\/IMG-20260430-WA0010.jpg?fit=810%2C1012&ssl=1",810,1012,true],"2048x2048":["https:\/\/i0.wp.com\/infos-droitshumains.net\/wp-content\/uploads\/2026\/04\/IMG-20260430-WA0010.jpg?fit=810%2C1012&ssl=1",810,1012,true],"covernews-slider-full":["https:\/\/i0.wp.com\/infos-droitshumains.net\/wp-content\/uploads\/2026\/04\/IMG-20260430-WA0010.jpg?resize=810%2C715&ssl=1",810,715,true],"covernews-slider-center":["https:\/\/i0.wp.com\/infos-droitshumains.net\/wp-content\/uploads\/2026\/04\/IMG-20260430-WA0010.jpg?resize=800%2C500&ssl=1",800,500,true],"covernews-featured":["https:\/\/i0.wp.com\/infos-droitshumains.net\/wp-content\/uploads\/2026\/04\/IMG-20260430-WA0010.jpg?fit=810%2C1012&ssl=1",810,1012,true],"covernews-medium":["https:\/\/i0.wp.com\/infos-droitshumains.net\/wp-content\/uploads\/2026\/04\/IMG-20260430-WA0010.jpg?resize=540%2C340&ssl=1",540,340,true],"covernews-medium-square":["https:\/\/i0.wp.com\/infos-droitshumains.net\/wp-content\/uploads\/2026\/04\/IMG-20260430-WA0010.jpg?resize=400%2C250&ssl=1",400,250,true]},"author_info":{"display_name":"Jo\u00ebl Diawa","author_link":"https:\/\/infos-droitshumains.net\/?author=2"},"category_info":"<a href=\"https:\/\/infos-droitshumains.net\/?cat=8\" rel=\"category\">Soci\u00e9t\u00e9<\/a>","tag_info":"Soci\u00e9t\u00e9","comment_count":"0","jetpack_featured_media_url":"https:\/\/i0.wp.com\/infos-droitshumains.net\/wp-content\/uploads\/2026\/04\/IMG-20260430-WA0010.jpg?fit=810%2C1012&ssl=1","jetpack-related-posts":[],"jetpack_sharing_enabled":true,"_links":{"self":[{"href":"https:\/\/infos-droitshumains.net\/index.php?rest_route=\/wp\/v2\/posts\/19032","targetHints":{"allow":["GET"]}}],"collection":[{"href":"https:\/\/infos-droitshumains.net\/index.php?rest_route=\/wp\/v2\/posts"}],"about":[{"href":"https:\/\/infos-droitshumains.net\/index.php?rest_route=\/wp\/v2\/types\/post"}],"author":[{"embeddable":true,"href":"https:\/\/infos-droitshumains.net\/index.php?rest_route=\/wp\/v2\/users\/2"}],"replies":[{"embeddable":true,"href":"https:\/\/infos-droitshumains.net\/index.php?rest_route=%2Fwp%2Fv2%2Fcomments&post=19032"}],"version-history":[{"count":3,"href":"https:\/\/infos-droitshumains.net\/index.php?rest_route=\/wp\/v2\/posts\/19032\/revisions"}],"predecessor-version":[{"id":19036,"href":"https:\/\/infos-droitshumains.net\/index.php?rest_route=\/wp\/v2\/posts\/19032\/revisions\/19036"}],"wp:featuredmedia":[{"embeddable":true,"href":"https:\/\/infos-droitshumains.net\/index.php?rest_route=\/wp\/v2\/media\/19035"}],"wp:attachment":[{"href":"https:\/\/infos-droitshumains.net\/index.php?rest_route=%2Fwp%2Fv2%2Fmedia&parent=19032"}],"wp:term":[{"taxonomy":"category","embeddable":true,"href":"https:\/\/infos-droitshumains.net\/index.php?rest_route=%2Fwp%2Fv2%2Fcategories&post=19032"},{"taxonomy":"post_tag","embeddable":true,"href":"https:\/\/infos-droitshumains.net\/index.php?rest_route=%2Fwp%2Fv2%2Ftags&post=19032"}],"curies":[{"name":"wp","href":"https:\/\/api.w.org\/{rel}","templated":true}]}}