{"id":18985,"date":"2026-04-25T13:25:00","date_gmt":"2026-04-25T11:25:00","guid":{"rendered":"https:\/\/infos-droitshumains.net\/?p=18985"},"modified":"2026-04-25T13:32:17","modified_gmt":"2026-04-25T11:32:17","slug":"respect-des-droits-humains-en-rdc-les-autorites-locales-et-les-reseaux-des-defenseurs-des-droits-de-lhomme-echangent-sur-le-renforcement-dune-collaboration-saine","status":"publish","type":"post","link":"https:\/\/infos-droitshumains.net\/?p=18985","title":{"rendered":"Respect des droits humains en RDC : les autorit\u00e9s locales et les r\u00e9seaux des d\u00e9fenseurs des droits de l&rsquo;homme \u00e9changent sur le renforcement d&rsquo;une collaboration saine"},"content":{"rendered":"\n<p><strong>R\u00e9daction: +243 817 406 088<\/strong><\/p>\n\n\n\n<h3 class=\"wp-block-heading has-vivid-red-color has-text-color has-link-color wp-elements-d4d3928242279ea075b43d5524643297\">Dans le cadre de la mise en \u0153uvre de la deuxi\u00e8me phase du projet Protection et Promotion des Droits de D\u00e9fenseurs des Droits de l\u2019Homme (PP-DDH) financ\u00e9 par l&rsquo;Union Europ\u00e9enne, un dialogue interactif a eu lieu ce jeudi, 23 avril 2026 \u00e0 Kinshasa entre Les autorit\u00e9s locales et les r\u00e9seaux des d\u00e9fenseurs des droits de l&rsquo;homme.<\/h3>\n\n\n\n<figure class=\"wp-block-image alignfull size-large\"><img data-recalc-dims=\"1\" fetchpriority=\"high\" decoding=\"async\" width=\"640\" height=\"424\" src=\"https:\/\/i0.wp.com\/infos-droitshumains.net\/wp-content\/uploads\/2026\/04\/1001633915.jpg?resize=640%2C424&#038;ssl=1\" alt=\"\" class=\"wp-image-18988\" srcset=\"https:\/\/i0.wp.com\/infos-droitshumains.net\/wp-content\/uploads\/2026\/04\/1001633915.jpg?resize=1024%2C678&amp;ssl=1 1024w, https:\/\/i0.wp.com\/infos-droitshumains.net\/wp-content\/uploads\/2026\/04\/1001633915.jpg?resize=300%2C199&amp;ssl=1 300w, https:\/\/i0.wp.com\/infos-droitshumains.net\/wp-content\/uploads\/2026\/04\/1001633915.jpg?resize=768%2C509&amp;ssl=1 768w, https:\/\/i0.wp.com\/infos-droitshumains.net\/wp-content\/uploads\/2026\/04\/1001633915.jpg?w=1232&amp;ssl=1 1232w\" sizes=\"(max-width: 640px) 100vw, 640px\" \/><\/figure>\n\n\n\n<p>\u00c0 en croire Me Abel Masudi, coordonnateur national du R\u00e9seau de Protection des D\u00e9fenseurs des Droits de l&rsquo;Homme, Victimes, T\u00e9moins et Professionnels des M\u00e9dias (REPRODEV), l&rsquo;un des organisateurs, l&rsquo;objectif de ces \u00e9changes \u00e9tait entre autres de renforcer la collaboration entre les deux parties en vue de garantir l&rsquo;\u00e9tat de droit.<\/p>\n\n\n\n<p><em>\u00ab&nbsp;C&rsquo;\u00e9tait une occasion pour nous de pouvoir tabler sur cette bonne collaboration pour permettre une conjonction de force, travailler en partenariat comme le demande la loi et tabler sur une relation saine, sans stigmatisation, sans pr\u00e9jug\u00e9s entre les d\u00e9fenseurs des droits de l&rsquo;homme et les autorit\u00e9s locales&nbsp;\u00bb<\/em>, a fait savoir Me Abel Masudi.<\/p>\n\n\n\n<figure class=\"wp-block-image alignfull size-large\"><img data-recalc-dims=\"1\" decoding=\"async\" width=\"640\" height=\"424\" src=\"https:\/\/i0.wp.com\/infos-droitshumains.net\/wp-content\/uploads\/2026\/04\/1001633912.jpg?resize=640%2C424&#038;ssl=1\" alt=\"\" class=\"wp-image-18990\" srcset=\"https:\/\/i0.wp.com\/infos-droitshumains.net\/wp-content\/uploads\/2026\/04\/1001633912.jpg?resize=1024%2C678&amp;ssl=1 1024w, https:\/\/i0.wp.com\/infos-droitshumains.net\/wp-content\/uploads\/2026\/04\/1001633912.jpg?resize=300%2C199&amp;ssl=1 300w, https:\/\/i0.wp.com\/infos-droitshumains.net\/wp-content\/uploads\/2026\/04\/1001633912.jpg?resize=768%2C509&amp;ssl=1 768w, https:\/\/i0.wp.com\/infos-droitshumains.net\/wp-content\/uploads\/2026\/04\/1001633912.jpg?w=1232&amp;ssl=1 1232w\" sizes=\"(max-width: 640px) 100vw, 640px\" \/><\/figure>\n\n\n\n<p>\u00c0 l&rsquo;issue de ce dialogue interactif, plusieurs recommandations ont \u00e9t\u00e9 formul\u00e9es notamment la r\u00e9forme de la police, une collaboration franche entre les autorit\u00e9s et les d\u00e9fenseurs des droits de l&rsquo;homme pour assurer la promotion et protection des droits humains, la vulgarisation et le &nbsp;renfoncement des capacit\u00e9s aupr\u00e8s de ces deux parties sur les textes garantissant le respect des droits de l&rsquo;homme.<\/p>\n\n\n\n<figure class=\"wp-block-image alignfull size-large\"><img data-recalc-dims=\"1\" decoding=\"async\" width=\"640\" height=\"424\" src=\"https:\/\/i0.wp.com\/infos-droitshumains.net\/wp-content\/uploads\/2026\/04\/1001633909.jpg?resize=640%2C424&#038;ssl=1\" alt=\"\" class=\"wp-image-18991\" srcset=\"https:\/\/i0.wp.com\/infos-droitshumains.net\/wp-content\/uploads\/2026\/04\/1001633909.jpg?resize=1024%2C678&amp;ssl=1 1024w, https:\/\/i0.wp.com\/infos-droitshumains.net\/wp-content\/uploads\/2026\/04\/1001633909.jpg?resize=300%2C199&amp;ssl=1 300w, https:\/\/i0.wp.com\/infos-droitshumains.net\/wp-content\/uploads\/2026\/04\/1001633909.jpg?resize=768%2C509&amp;ssl=1 768w, https:\/\/i0.wp.com\/infos-droitshumains.net\/wp-content\/uploads\/2026\/04\/1001633909.jpg?w=1232&amp;ssl=1 1232w\" sizes=\"(max-width: 640px) 100vw, 640px\" \/><\/figure>\n\n\n\n<p>Signalons par ailleurs que ces \u00e9changes ont connu la participation des autorit\u00e9s politique, polici\u00e8re et de la magistrature.<\/p>\n\n\n\n<p>AM<\/p>\n","protected":false},"excerpt":{"rendered":"<p>R\u00e9daction: +243 817 406 088 Dans le cadre de la mise en \u0153uvre de la&#8230;<\/p>\n","protected":false},"author":2,"featured_media":18987,"comment_status":"open","ping_status":"open","sticky":false,"template":"","format":"standard","meta":{"_jetpack_memberships_contains_paid_content":false,"footnotes":""},"categories":[7],"tags":[],"class_list":["post-18985","post","type-post","status-publish","format-standard","has-post-thumbnail","hentry","category-droits-humains"],"yoast_head":"<!-- This site is optimized with the Yoast SEO plugin v27.5 - https:\/\/yoast.com\/product\/yoast-seo-wordpress\/ -->\n<title>Respect des droits humains en RDC : les autorit\u00e9s locales et les r\u00e9seaux des d\u00e9fenseurs des droits de l&#039;homme \u00e9changent sur le renforcement d&#039;une collaboration saine - Infos Droits Humains<\/title>\n<meta name=\"robots\" content=\"index, follow, max-snippet:-1, max-image-preview:large, max-video-preview:-1\" \/>\n<link rel=\"canonical\" href=\"https:\/\/infos-droitshumains.net\/?p=18985\" \/>\n<meta property=\"og:locale\" content=\"fr_FR\" \/>\n<meta property=\"og:type\" content=\"article\" \/>\n<meta property=\"og:title\" content=\"Respect des droits humains en RDC : les autorit\u00e9s locales et les r\u00e9seaux des d\u00e9fenseurs des droits de l&#039;homme \u00e9changent sur le renforcement d&#039;une collaboration saine - Infos Droits Humains\" \/>\n<meta property=\"og:description\" content=\"R\u00e9daction: +243 817 406 088 Dans le cadre de la mise en \u0153uvre de la...\" \/>\n<meta property=\"og:url\" content=\"https:\/\/infos-droitshumains.net\/?p=18985\" \/>\n<meta property=\"og:site_name\" content=\"Infos Droits Humains\" \/>\n<meta property=\"article:published_time\" content=\"2026-04-25T11:25:00+00:00\" \/>\n<meta property=\"article:modified_time\" content=\"2026-04-25T11:32:17+00:00\" \/>\n<meta property=\"og:image\" content=\"https:\/\/infos-droitshumains.net\/wp-content\/uploads\/2026\/04\/IMG-20260424-WA0064.jpg\" \/>\n\t<meta property=\"og:image:width\" content=\"1232\" \/>\n\t<meta property=\"og:image:height\" content=\"816\" \/>\n\t<meta property=\"og:image:type\" content=\"image\/jpeg\" \/>\n<meta name=\"author\" content=\"Jo\u00ebl Diawa\" \/>\n<meta name=\"twitter:card\" content=\"summary_large_image\" \/>\n<meta name=\"twitter:label1\" content=\"\u00c9crit par\" \/>\n\t<meta name=\"twitter:data1\" content=\"Jo\u00ebl Diawa\" \/>\n\t<meta name=\"twitter:label2\" content=\"Dur\u00e9e de lecture estim\u00e9e\" \/>\n\t<meta name=\"twitter:data2\" content=\"3 minutes\" \/>\n<script type=\"application\/ld+json\" class=\"yoast-schema-graph\">{\"@context\":\"https:\\\/\\\/schema.org\",\"@graph\":[{\"@type\":\"Article\",\"@id\":\"https:\\\/\\\/infos-droitshumains.net\\\/?p=18985#article\",\"isPartOf\":{\"@id\":\"https:\\\/\\\/infos-droitshumains.net\\\/?p=18985\"},\"author\":{\"name\":\"Jo\u00ebl Diawa\",\"@id\":\"https:\\\/\\\/infos-droitshumains.net\\\/#\\\/schema\\\/person\\\/3dc5e921c3302172e0ed4362f96faab7\"},\"headline\":\"Respect des droits humains en RDC : les autorit\u00e9s locales et les r\u00e9seaux des d\u00e9fenseurs des droits de l&rsquo;homme \u00e9changent sur le renforcement d&rsquo;une collaboration saine\",\"datePublished\":\"2026-04-25T11:25:00+00:00\",\"dateModified\":\"2026-04-25T11:32:17+00:00\",\"mainEntityOfPage\":{\"@id\":\"https:\\\/\\\/infos-droitshumains.net\\\/?p=18985\"},\"wordCount\":292,\"commentCount\":0,\"publisher\":{\"@id\":\"https:\\\/\\\/infos-droitshumains.net\\\/#organization\"},\"image\":{\"@id\":\"https:\\\/\\\/infos-droitshumains.net\\\/?p=18985#primaryimage\"},\"thumbnailUrl\":\"https:\\\/\\\/i0.wp.com\\\/infos-droitshumains.net\\\/wp-content\\\/uploads\\\/2026\\\/04\\\/IMG-20260424-WA0064.jpg?fit=1232%2C816&ssl=1\",\"articleSection\":[\"Droits Humains\"],\"inLanguage\":\"fr-FR\",\"potentialAction\":[{\"@type\":\"CommentAction\",\"name\":\"Comment\",\"target\":[\"https:\\\/\\\/infos-droitshumains.net\\\/?p=18985#respond\"]}]},{\"@type\":\"WebPage\",\"@id\":\"https:\\\/\\\/infos-droitshumains.net\\\/?p=18985\",\"url\":\"https:\\\/\\\/infos-droitshumains.net\\\/?p=18985\",\"name\":\"Respect des droits humains en RDC : les autorit\u00e9s locales et les r\u00e9seaux des d\u00e9fenseurs des droits de l'homme \u00e9changent sur le renforcement d'une collaboration saine - Infos Droits Humains\",\"isPartOf\":{\"@id\":\"https:\\\/\\\/infos-droitshumains.net\\\/#website\"},\"primaryImageOfPage\":{\"@id\":\"https:\\\/\\\/infos-droitshumains.net\\\/?p=18985#primaryimage\"},\"image\":{\"@id\":\"https:\\\/\\\/infos-droitshumains.net\\\/?p=18985#primaryimage\"},\"thumbnailUrl\":\"https:\\\/\\\/i0.wp.com\\\/infos-droitshumains.net\\\/wp-content\\\/uploads\\\/2026\\\/04\\\/IMG-20260424-WA0064.jpg?fit=1232%2C816&ssl=1\",\"datePublished\":\"2026-04-25T11:25:00+00:00\",\"dateModified\":\"2026-04-25T11:32:17+00:00\",\"breadcrumb\":{\"@id\":\"https:\\\/\\\/infos-droitshumains.net\\\/?p=18985#breadcrumb\"},\"inLanguage\":\"fr-FR\",\"potentialAction\":[{\"@type\":\"ReadAction\",\"target\":[\"https:\\\/\\\/infos-droitshumains.net\\\/?p=18985\"]}]},{\"@type\":\"ImageObject\",\"inLanguage\":\"fr-FR\",\"@id\":\"https:\\\/\\\/infos-droitshumains.net\\\/?p=18985#primaryimage\",\"url\":\"https:\\\/\\\/i0.wp.com\\\/infos-droitshumains.net\\\/wp-content\\\/uploads\\\/2026\\\/04\\\/IMG-20260424-WA0064.jpg?fit=1232%2C816&ssl=1\",\"contentUrl\":\"https:\\\/\\\/i0.wp.com\\\/infos-droitshumains.net\\\/wp-content\\\/uploads\\\/2026\\\/04\\\/IMG-20260424-WA0064.jpg?fit=1232%2C816&ssl=1\",\"width\":1232,\"height\":816},{\"@type\":\"BreadcrumbList\",\"@id\":\"https:\\\/\\\/infos-droitshumains.net\\\/?p=18985#breadcrumb\",\"itemListElement\":[{\"@type\":\"ListItem\",\"position\":1,\"name\":\"Accueil\",\"item\":\"https:\\\/\\\/infos-droitshumains.net\\\/\"},{\"@type\":\"ListItem\",\"position\":2,\"name\":\"Respect des droits humains en RDC : les autorit\u00e9s locales et les r\u00e9seaux des d\u00e9fenseurs des droits de l&rsquo;homme \u00e9changent sur le renforcement d&rsquo;une collaboration saine\"}]},{\"@type\":\"WebSite\",\"@id\":\"https:\\\/\\\/infos-droitshumains.net\\\/#website\",\"url\":\"https:\\\/\\\/infos-droitshumains.net\\\/\",\"name\":\"Infos Droits Humains\",\"description\":\"S&#039;informer est un droit\",\"publisher\":{\"@id\":\"https:\\\/\\\/infos-droitshumains.net\\\/#organization\"},\"potentialAction\":[{\"@type\":\"SearchAction\",\"target\":{\"@type\":\"EntryPoint\",\"urlTemplate\":\"https:\\\/\\\/infos-droitshumains.net\\\/?s={search_term_string}\"},\"query-input\":{\"@type\":\"PropertyValueSpecification\",\"valueRequired\":true,\"valueName\":\"search_term_string\"}}],\"inLanguage\":\"fr-FR\"},{\"@type\":\"Organization\",\"@id\":\"https:\\\/\\\/infos-droitshumains.net\\\/#organization\",\"name\":\"Infos Droits Humains\",\"url\":\"https:\\\/\\\/infos-droitshumains.net\\\/\",\"logo\":{\"@type\":\"ImageObject\",\"inLanguage\":\"fr-FR\",\"@id\":\"https:\\\/\\\/infos-droitshumains.net\\\/#\\\/schema\\\/logo\\\/image\\\/\",\"url\":\"https:\\\/\\\/i0.wp.com\\\/infos-droitshumains.net\\\/wp-content\\\/uploads\\\/2022\\\/05\\\/Logo.png?fit=333%2C129&ssl=1\",\"contentUrl\":\"https:\\\/\\\/i0.wp.com\\\/infos-droitshumains.net\\\/wp-content\\\/uploads\\\/2022\\\/05\\\/Logo.png?fit=333%2C129&ssl=1\",\"width\":333,\"height\":129,\"caption\":\"Infos Droits Humains\"},\"image\":{\"@id\":\"https:\\\/\\\/infos-droitshumains.net\\\/#\\\/schema\\\/logo\\\/image\\\/\"}},{\"@type\":\"Person\",\"@id\":\"https:\\\/\\\/infos-droitshumains.net\\\/#\\\/schema\\\/person\\\/3dc5e921c3302172e0ed4362f96faab7\",\"name\":\"Jo\u00ebl Diawa\",\"image\":{\"@type\":\"ImageObject\",\"inLanguage\":\"fr-FR\",\"@id\":\"https:\\\/\\\/secure.gravatar.com\\\/avatar\\\/729bea6ff4604c624417803c477363be8e3c7186deaa65713313f9b4b820f41c?s=96&d=mm&r=g\",\"url\":\"https:\\\/\\\/secure.gravatar.com\\\/avatar\\\/729bea6ff4604c624417803c477363be8e3c7186deaa65713313f9b4b820f41c?s=96&d=mm&r=g\",\"contentUrl\":\"https:\\\/\\\/secure.gravatar.com\\\/avatar\\\/729bea6ff4604c624417803c477363be8e3c7186deaa65713313f9b4b820f41c?s=96&d=mm&r=g\",\"caption\":\"Jo\u00ebl Diawa\"},\"sameAs\":[\"https:\\\/\\\/www.infos-droitshumains.net\"],\"url\":\"https:\\\/\\\/infos-droitshumains.net\\\/?author=2\"}]}<\/script>\n<!-- \/ Yoast SEO plugin. -->","yoast_head_json":{"title":"Respect des droits humains en RDC : les autorit\u00e9s locales et les r\u00e9seaux des d\u00e9fenseurs des droits de l'homme \u00e9changent sur le renforcement d'une collaboration saine - Infos Droits Humains","robots":{"index":"index","follow":"follow","max-snippet":"max-snippet:-1","max-image-preview":"max-image-preview:large","max-video-preview":"max-video-preview:-1"},"canonical":"https:\/\/infos-droitshumains.net\/?p=18985","og_locale":"fr_FR","og_type":"article","og_title":"Respect des droits humains en RDC : les autorit\u00e9s locales et les r\u00e9seaux des d\u00e9fenseurs des droits de l'homme \u00e9changent sur le renforcement d'une collaboration saine - Infos Droits Humains","og_description":"R\u00e9daction: +243 817 406 088 Dans le cadre de la mise en \u0153uvre de la...","og_url":"https:\/\/infos-droitshumains.net\/?p=18985","og_site_name":"Infos Droits Humains","article_published_time":"2026-04-25T11:25:00+00:00","article_modified_time":"2026-04-25T11:32:17+00:00","og_image":[{"width":1232,"height":816,"url":"https:\/\/infos-droitshumains.net\/wp-content\/uploads\/2026\/04\/IMG-20260424-WA0064.jpg","type":"image\/jpeg"}],"author":"Jo\u00ebl Diawa","twitter_card":"summary_large_image","twitter_misc":{"\u00c9crit par":"Jo\u00ebl Diawa","Dur\u00e9e de lecture estim\u00e9e":"3 minutes"},"schema":{"@context":"https:\/\/schema.org","@graph":[{"@type":"Article","@id":"https:\/\/infos-droitshumains.net\/?p=18985#article","isPartOf":{"@id":"https:\/\/infos-droitshumains.net\/?p=18985"},"author":{"name":"Jo\u00ebl Diawa","@id":"https:\/\/infos-droitshumains.net\/#\/schema\/person\/3dc5e921c3302172e0ed4362f96faab7"},"headline":"Respect des droits humains en RDC : les autorit\u00e9s locales et les r\u00e9seaux des d\u00e9fenseurs des droits de l&rsquo;homme \u00e9changent sur le renforcement d&rsquo;une collaboration saine","datePublished":"2026-04-25T11:25:00+00:00","dateModified":"2026-04-25T11:32:17+00:00","mainEntityOfPage":{"@id":"https:\/\/infos-droitshumains.net\/?p=18985"},"wordCount":292,"commentCount":0,"publisher":{"@id":"https:\/\/infos-droitshumains.net\/#organization"},"image":{"@id":"https:\/\/infos-droitshumains.net\/?p=18985#primaryimage"},"thumbnailUrl":"https:\/\/i0.wp.com\/infos-droitshumains.net\/wp-content\/uploads\/2026\/04\/IMG-20260424-WA0064.jpg?fit=1232%2C816&ssl=1","articleSection":["Droits Humains"],"inLanguage":"fr-FR","potentialAction":[{"@type":"CommentAction","name":"Comment","target":["https:\/\/infos-droitshumains.net\/?p=18985#respond"]}]},{"@type":"WebPage","@id":"https:\/\/infos-droitshumains.net\/?p=18985","url":"https:\/\/infos-droitshumains.net\/?p=18985","name":"Respect des droits humains en RDC : les autorit\u00e9s locales et les r\u00e9seaux des d\u00e9fenseurs des droits de l'homme \u00e9changent sur le renforcement d'une collaboration saine - Infos Droits Humains","isPartOf":{"@id":"https:\/\/infos-droitshumains.net\/#website"},"primaryImageOfPage":{"@id":"https:\/\/infos-droitshumains.net\/?p=18985#primaryimage"},"image":{"@id":"https:\/\/infos-droitshumains.net\/?p=18985#primaryimage"},"thumbnailUrl":"https:\/\/i0.wp.com\/infos-droitshumains.net\/wp-content\/uploads\/2026\/04\/IMG-20260424-WA0064.jpg?fit=1232%2C816&ssl=1","datePublished":"2026-04-25T11:25:00+00:00","dateModified":"2026-04-25T11:32:17+00:00","breadcrumb":{"@id":"https:\/\/infos-droitshumains.net\/?p=18985#breadcrumb"},"inLanguage":"fr-FR","potentialAction":[{"@type":"ReadAction","target":["https:\/\/infos-droitshumains.net\/?p=18985"]}]},{"@type":"ImageObject","inLanguage":"fr-FR","@id":"https:\/\/infos-droitshumains.net\/?p=18985#primaryimage","url":"https:\/\/i0.wp.com\/infos-droitshumains.net\/wp-content\/uploads\/2026\/04\/IMG-20260424-WA0064.jpg?fit=1232%2C816&ssl=1","contentUrl":"https:\/\/i0.wp.com\/infos-droitshumains.net\/wp-content\/uploads\/2026\/04\/IMG-20260424-WA0064.jpg?fit=1232%2C816&ssl=1","width":1232,"height":816},{"@type":"BreadcrumbList","@id":"https:\/\/infos-droitshumains.net\/?p=18985#breadcrumb","itemListElement":[{"@type":"ListItem","position":1,"name":"Accueil","item":"https:\/\/infos-droitshumains.net\/"},{"@type":"ListItem","position":2,"name":"Respect des droits humains en RDC : les autorit\u00e9s locales et les r\u00e9seaux des d\u00e9fenseurs des droits de l&rsquo;homme \u00e9changent sur le renforcement d&rsquo;une collaboration saine"}]},{"@type":"WebSite","@id":"https:\/\/infos-droitshumains.net\/#website","url":"https:\/\/infos-droitshumains.net\/","name":"Infos Droits Humains","description":"S&#039;informer est un droit","publisher":{"@id":"https:\/\/infos-droitshumains.net\/#organization"},"potentialAction":[{"@type":"SearchAction","target":{"@type":"EntryPoint","urlTemplate":"https:\/\/infos-droitshumains.net\/?s={search_term_string}"},"query-input":{"@type":"PropertyValueSpecification","valueRequired":true,"valueName":"search_term_string"}}],"inLanguage":"fr-FR"},{"@type":"Organization","@id":"https:\/\/infos-droitshumains.net\/#organization","name":"Infos Droits Humains","url":"https:\/\/infos-droitshumains.net\/","logo":{"@type":"ImageObject","inLanguage":"fr-FR","@id":"https:\/\/infos-droitshumains.net\/#\/schema\/logo\/image\/","url":"https:\/\/i0.wp.com\/infos-droitshumains.net\/wp-content\/uploads\/2022\/05\/Logo.png?fit=333%2C129&ssl=1","contentUrl":"https:\/\/i0.wp.com\/infos-droitshumains.net\/wp-content\/uploads\/2022\/05\/Logo.png?fit=333%2C129&ssl=1","width":333,"height":129,"caption":"Infos Droits Humains"},"image":{"@id":"https:\/\/infos-droitshumains.net\/#\/schema\/logo\/image\/"}},{"@type":"Person","@id":"https:\/\/infos-droitshumains.net\/#\/schema\/person\/3dc5e921c3302172e0ed4362f96faab7","name":"Jo\u00ebl Diawa","image":{"@type":"ImageObject","inLanguage":"fr-FR","@id":"https:\/\/secure.gravatar.com\/avatar\/729bea6ff4604c624417803c477363be8e3c7186deaa65713313f9b4b820f41c?s=96&d=mm&r=g","url":"https:\/\/secure.gravatar.com\/avatar\/729bea6ff4604c624417803c477363be8e3c7186deaa65713313f9b4b820f41c?s=96&d=mm&r=g","contentUrl":"https:\/\/secure.gravatar.com\/avatar\/729bea6ff4604c624417803c477363be8e3c7186deaa65713313f9b4b820f41c?s=96&d=mm&r=g","caption":"Jo\u00ebl Diawa"},"sameAs":["https:\/\/www.infos-droitshumains.net"],"url":"https:\/\/infos-droitshumains.net\/?author=2"}]}},"featured_image_urls":{"full":["https:\/\/i0.wp.com\/infos-droitshumains.net\/wp-content\/uploads\/2026\/04\/IMG-20260424-WA0064.jpg?fit=1232%2C816&ssl=1",1232,816,false],"thumbnail":["https:\/\/i0.wp.com\/infos-droitshumains.net\/wp-content\/uploads\/2026\/04\/IMG-20260424-WA0064.jpg?resize=150%2C150&ssl=1",150,150,true],"medium":["https:\/\/i0.wp.com\/infos-droitshumains.net\/wp-content\/uploads\/2026\/04\/IMG-20260424-WA0064.jpg?fit=300%2C199&ssl=1",300,199,true],"medium_large":["https:\/\/i0.wp.com\/infos-droitshumains.net\/wp-content\/uploads\/2026\/04\/IMG-20260424-WA0064.jpg?fit=640%2C424&ssl=1",640,424,true],"large":["https:\/\/i0.wp.com\/infos-droitshumains.net\/wp-content\/uploads\/2026\/04\/IMG-20260424-WA0064.jpg?fit=640%2C424&ssl=1",640,424,true],"1536x1536":["https:\/\/i0.wp.com\/infos-droitshumains.net\/wp-content\/uploads\/2026\/04\/IMG-20260424-WA0064.jpg?fit=1232%2C816&ssl=1",1232,816,true],"2048x2048":["https:\/\/i0.wp.com\/infos-droitshumains.net\/wp-content\/uploads\/2026\/04\/IMG-20260424-WA0064.jpg?fit=1232%2C816&ssl=1",1232,816,true],"covernews-slider-full":["https:\/\/i0.wp.com\/infos-droitshumains.net\/wp-content\/uploads\/2026\/04\/IMG-20260424-WA0064.jpg?resize=1115%2C715&ssl=1",1115,715,true],"covernews-slider-center":["https:\/\/i0.wp.com\/infos-droitshumains.net\/wp-content\/uploads\/2026\/04\/IMG-20260424-WA0064.jpg?resize=800%2C500&ssl=1",800,500,true],"covernews-featured":["https:\/\/i0.wp.com\/infos-droitshumains.net\/wp-content\/uploads\/2026\/04\/IMG-20260424-WA0064.jpg?fit=1024%2C678&ssl=1",1024,678,true],"covernews-medium":["https:\/\/i0.wp.com\/infos-droitshumains.net\/wp-content\/uploads\/2026\/04\/IMG-20260424-WA0064.jpg?resize=540%2C340&ssl=1",540,340,true],"covernews-medium-square":["https:\/\/i0.wp.com\/infos-droitshumains.net\/wp-content\/uploads\/2026\/04\/IMG-20260424-WA0064.jpg?resize=400%2C250&ssl=1",400,250,true]},"author_info":{"display_name":"Jo\u00ebl Diawa","author_link":"https:\/\/infos-droitshumains.net\/?author=2"},"category_info":"<a href=\"https:\/\/infos-droitshumains.net\/?cat=7\" rel=\"category\">Droits Humains<\/a>","tag_info":"Droits Humains","comment_count":"0","jetpack_featured_media_url":"https:\/\/i0.wp.com\/infos-droitshumains.net\/wp-content\/uploads\/2026\/04\/IMG-20260424-WA0064.jpg?fit=1232%2C816&ssl=1","jetpack-related-posts":[],"jetpack_sharing_enabled":true,"_links":{"self":[{"href":"https:\/\/infos-droitshumains.net\/index.php?rest_route=\/wp\/v2\/posts\/18985","targetHints":{"allow":["GET"]}}],"collection":[{"href":"https:\/\/infos-droitshumains.net\/index.php?rest_route=\/wp\/v2\/posts"}],"about":[{"href":"https:\/\/infos-droitshumains.net\/index.php?rest_route=\/wp\/v2\/types\/post"}],"author":[{"embeddable":true,"href":"https:\/\/infos-droitshumains.net\/index.php?rest_route=\/wp\/v2\/users\/2"}],"replies":[{"embeddable":true,"href":"https:\/\/infos-droitshumains.net\/index.php?rest_route=%2Fwp%2Fv2%2Fcomments&post=18985"}],"version-history":[{"count":2,"href":"https:\/\/infos-droitshumains.net\/index.php?rest_route=\/wp\/v2\/posts\/18985\/revisions"}],"predecessor-version":[{"id":18992,"href":"https:\/\/infos-droitshumains.net\/index.php?rest_route=\/wp\/v2\/posts\/18985\/revisions\/18992"}],"wp:featuredmedia":[{"embeddable":true,"href":"https:\/\/infos-droitshumains.net\/index.php?rest_route=\/wp\/v2\/media\/18987"}],"wp:attachment":[{"href":"https:\/\/infos-droitshumains.net\/index.php?rest_route=%2Fwp%2Fv2%2Fmedia&parent=18985"}],"wp:term":[{"taxonomy":"category","embeddable":true,"href":"https:\/\/infos-droitshumains.net\/index.php?rest_route=%2Fwp%2Fv2%2Fcategories&post=18985"},{"taxonomy":"post_tag","embeddable":true,"href":"https:\/\/infos-droitshumains.net\/index.php?rest_route=%2Fwp%2Fv2%2Ftags&post=18985"}],"curies":[{"name":"wp","href":"https:\/\/api.w.org\/{rel}","templated":true}]}}