{"id":18960,"date":"2026-04-23T11:57:04","date_gmt":"2026-04-23T09:57:04","guid":{"rendered":"https:\/\/infos-droitshumains.net\/?p=18960"},"modified":"2026-04-23T12:03:40","modified_gmt":"2026-04-23T10:03:40","slug":"affaire-rebo-plainte-contre-le-chauffeur-et-poursuites-envisagees-contre-les-auteurs-de-contenus-diffamatoires","status":"publish","type":"post","link":"https:\/\/infos-droitshumains.net\/?p=18960","title":{"rendered":"Affaire Rebo : plainte contre le chauffeur et poursuites envisag\u00e9es contre les auteurs de contenus diffamatoires"},"content":{"rendered":"\n<p><strong>R\u00e9daction: +243 817 406 088<\/strong><\/p>\n\n\n\n<h3 class=\"wp-block-heading has-vivid-red-color has-text-color has-link-color wp-elements-76b81436634dbc7661def5bfa5f04171\">Me Jean-Marie Kabengela Ilunga, avocat de l\u2019artiste Mulanga Timpaka Deborah, connue sous le nom de sc\u00e8ne \u00ab Rebo \u00bb, annonce avoir d\u00e9pos\u00e9 une plainte officielle au nom de sa cliente contre le chauffeur pr\u00e9sum\u00e9 impliquer dans la soustraction frauduleuse de ses biens.<\/h3>\n\n\n\n<p>Selon les pr\u00e9cisions apport\u00e9es par le conseil de l\u2019artiste, cette plainte vise non seulement l\u2019auteur pr\u00e9sum\u00e9 des faits, mais sollicite \u00e9galement du Procureur de la R\u00e9publique pr\u00e8s le Parquet de Grande Instance de Kinshasa\/Gombe l\u2019ouverture d\u2019une enqu\u00eate \u00e9largie. Celle-ci devrait concerner toute personne ayant particip\u00e9, de pr\u00e8s ou de loin, \u00e0 la cr\u00e9ation, \u00e0 la diffusion ou au partage de contenus num\u00e9riques jug\u00e9s diffamatoires et portant atteinte \u00e0 l\u2019honneur ainsi qu\u2019\u00e0 la r\u00e9putation de l\u2019artiste.<\/p>\n\n\n\n<p>Dans une interview accord\u00e9e \u00e0 la presse, les avocats de Rebo ont fermement rejet\u00e9 les accusations relay\u00e9es sur les r\u00e9seaux sociaux. Ils affirment que leur cliente n\u2019a, \u00e0 aucun moment, sollicit\u00e9 l\u2019intervention de militaires ni encourag\u00e9 les actes de violence qui ont suscit\u00e9 une vive pol\u00e9mique. D\u2019apr\u00e8s eux, l\u2019intervention des militaires aurait \u00e9t\u00e9 initi\u00e9e par le producteur de l\u2019artiste, lui-m\u00eame alert\u00e9 par le r\u00e9alisateur \u00e0 la suite de la disparition de certains effets personnels appartenant \u00e0 Rebo.<\/p>\n\n\n\n<p>Les conseils insistent \u00e9galement sur le fait que leur cliente ne disposait d\u2019aucun pouvoir hi\u00e9rarchique ou d\u2019injonction sur les \u00e9l\u00e9ments des forces arm\u00e9es impliqu\u00e9s. Par cons\u00e9quent, elle n\u2019aurait pas \u00e9t\u00e9 en mesure de donner des ordres ou d\u2019intervenir pour emp\u00eacher les violences exerc\u00e9es sur la personne suspect\u00e9e.<\/p>\n\n\n\n<p>Pour rappel, une vid\u00e9o devenue virale ces derniers jours montre des individus en uniforme militaire infligeant des actes de torture \u00e0 un homme pr\u00e9sent\u00e9 comme le pr\u00e9sum\u00e9 auteur du vol du sac de l\u2019artiste, lors d\u2019un tournage. Ces images ont provoqu\u00e9 une vague d\u2019indignation au sein de l\u2019opinion publique et relanc\u00e9 le d\u00e9bat sur les d\u00e9rives li\u00e9es \u00e0 la justice populaire et \u00e0 l\u2019usage excessif de la force.<\/p>\n\n\n\n<p>Cette affaire, d\u00e9sormais entre les mains de la justice, pourrait conna\u00eetre de nouveaux d\u00e9veloppements dans les prochains jours, tant sur le plan p\u00e9nal que m\u00e9diatique.<\/p>\n\n\n\n<p>Dossier \u00e0 suivre.<\/p>\n\n\n\n<p>Jo\u00ebl Diawa<\/p>\n","protected":false},"excerpt":{"rendered":"<p>R\u00e9daction: +243 817 406 088 Me Jean-Marie Kabengela Ilunga, avocat de l\u2019artiste Mulanga Timpaka Deborah,&#8230;<\/p>\n","protected":false},"author":2,"featured_media":18963,"comment_status":"open","ping_status":"open","sticky":false,"template":"","format":"standard","meta":{"_jetpack_memberships_contains_paid_content":false,"footnotes":""},"categories":[6],"tags":[],"class_list":["post-18960","post","type-post","status-publish","format-standard","has-post-thumbnail","hentry","category-justice"],"yoast_head":"<!-- This site is optimized with the Yoast SEO plugin v27.5 - https:\/\/yoast.com\/product\/yoast-seo-wordpress\/ -->\n<title>Affaire Rebo : plainte contre le chauffeur et poursuites envisag\u00e9es contre les auteurs de contenus diffamatoires - Infos Droits Humains<\/title>\n<meta name=\"robots\" content=\"index, follow, max-snippet:-1, max-image-preview:large, max-video-preview:-1\" \/>\n<link rel=\"canonical\" href=\"https:\/\/infos-droitshumains.net\/?p=18960\" \/>\n<meta property=\"og:locale\" content=\"fr_FR\" \/>\n<meta property=\"og:type\" content=\"article\" \/>\n<meta property=\"og:title\" content=\"Affaire Rebo : plainte contre le chauffeur et poursuites envisag\u00e9es contre les auteurs de contenus diffamatoires - Infos Droits Humains\" \/>\n<meta property=\"og:description\" content=\"R\u00e9daction: +243 817 406 088 Me Jean-Marie Kabengela Ilunga, avocat de l\u2019artiste Mulanga Timpaka Deborah,...\" \/>\n<meta property=\"og:url\" content=\"https:\/\/infos-droitshumains.net\/?p=18960\" \/>\n<meta property=\"og:site_name\" content=\"Infos Droits Humains\" \/>\n<meta property=\"article:published_time\" content=\"2026-04-23T09:57:04+00:00\" \/>\n<meta property=\"article:modified_time\" content=\"2026-04-23T10:03:40+00:00\" \/>\n<meta property=\"og:image\" content=\"https:\/\/infos-droitshumains.net\/wp-content\/uploads\/2026\/04\/REBO.jpg\" \/>\n\t<meta property=\"og:image:width\" content=\"725\" \/>\n\t<meta property=\"og:image:height\" content=\"380\" \/>\n\t<meta property=\"og:image:type\" content=\"image\/jpeg\" \/>\n<meta name=\"author\" content=\"Jo\u00ebl Diawa\" \/>\n<meta name=\"twitter:card\" content=\"summary_large_image\" \/>\n<meta name=\"twitter:label1\" content=\"\u00c9crit par\" \/>\n\t<meta name=\"twitter:data1\" content=\"Jo\u00ebl Diawa\" \/>\n\t<meta name=\"twitter:label2\" content=\"Dur\u00e9e de lecture estim\u00e9e\" \/>\n\t<meta name=\"twitter:data2\" content=\"2 minutes\" \/>\n<script type=\"application\/ld+json\" class=\"yoast-schema-graph\">{\"@context\":\"https:\\\/\\\/schema.org\",\"@graph\":[{\"@type\":\"Article\",\"@id\":\"https:\\\/\\\/infos-droitshumains.net\\\/?p=18960#article\",\"isPartOf\":{\"@id\":\"https:\\\/\\\/infos-droitshumains.net\\\/?p=18960\"},\"author\":{\"name\":\"Jo\u00ebl Diawa\",\"@id\":\"https:\\\/\\\/infos-droitshumains.net\\\/#\\\/schema\\\/person\\\/3dc5e921c3302172e0ed4362f96faab7\"},\"headline\":\"Affaire Rebo : plainte contre le chauffeur et poursuites envisag\u00e9es contre les auteurs de contenus diffamatoires\",\"datePublished\":\"2026-04-23T09:57:04+00:00\",\"dateModified\":\"2026-04-23T10:03:40+00:00\",\"mainEntityOfPage\":{\"@id\":\"https:\\\/\\\/infos-droitshumains.net\\\/?p=18960\"},\"wordCount\":408,\"commentCount\":0,\"publisher\":{\"@id\":\"https:\\\/\\\/infos-droitshumains.net\\\/#organization\"},\"image\":{\"@id\":\"https:\\\/\\\/infos-droitshumains.net\\\/?p=18960#primaryimage\"},\"thumbnailUrl\":\"https:\\\/\\\/i0.wp.com\\\/infos-droitshumains.net\\\/wp-content\\\/uploads\\\/2026\\\/04\\\/REBO.jpg?fit=725%2C380&ssl=1\",\"articleSection\":[\"Justice\"],\"inLanguage\":\"fr-FR\",\"potentialAction\":[{\"@type\":\"CommentAction\",\"name\":\"Comment\",\"target\":[\"https:\\\/\\\/infos-droitshumains.net\\\/?p=18960#respond\"]}]},{\"@type\":\"WebPage\",\"@id\":\"https:\\\/\\\/infos-droitshumains.net\\\/?p=18960\",\"url\":\"https:\\\/\\\/infos-droitshumains.net\\\/?p=18960\",\"name\":\"Affaire Rebo : plainte contre le chauffeur et poursuites envisag\u00e9es contre les auteurs de contenus diffamatoires - Infos Droits Humains\",\"isPartOf\":{\"@id\":\"https:\\\/\\\/infos-droitshumains.net\\\/#website\"},\"primaryImageOfPage\":{\"@id\":\"https:\\\/\\\/infos-droitshumains.net\\\/?p=18960#primaryimage\"},\"image\":{\"@id\":\"https:\\\/\\\/infos-droitshumains.net\\\/?p=18960#primaryimage\"},\"thumbnailUrl\":\"https:\\\/\\\/i0.wp.com\\\/infos-droitshumains.net\\\/wp-content\\\/uploads\\\/2026\\\/04\\\/REBO.jpg?fit=725%2C380&ssl=1\",\"datePublished\":\"2026-04-23T09:57:04+00:00\",\"dateModified\":\"2026-04-23T10:03:40+00:00\",\"breadcrumb\":{\"@id\":\"https:\\\/\\\/infos-droitshumains.net\\\/?p=18960#breadcrumb\"},\"inLanguage\":\"fr-FR\",\"potentialAction\":[{\"@type\":\"ReadAction\",\"target\":[\"https:\\\/\\\/infos-droitshumains.net\\\/?p=18960\"]}]},{\"@type\":\"ImageObject\",\"inLanguage\":\"fr-FR\",\"@id\":\"https:\\\/\\\/infos-droitshumains.net\\\/?p=18960#primaryimage\",\"url\":\"https:\\\/\\\/i0.wp.com\\\/infos-droitshumains.net\\\/wp-content\\\/uploads\\\/2026\\\/04\\\/REBO.jpg?fit=725%2C380&ssl=1\",\"contentUrl\":\"https:\\\/\\\/i0.wp.com\\\/infos-droitshumains.net\\\/wp-content\\\/uploads\\\/2026\\\/04\\\/REBO.jpg?fit=725%2C380&ssl=1\",\"width\":725,\"height\":380},{\"@type\":\"BreadcrumbList\",\"@id\":\"https:\\\/\\\/infos-droitshumains.net\\\/?p=18960#breadcrumb\",\"itemListElement\":[{\"@type\":\"ListItem\",\"position\":1,\"name\":\"Accueil\",\"item\":\"https:\\\/\\\/infos-droitshumains.net\\\/\"},{\"@type\":\"ListItem\",\"position\":2,\"name\":\"Affaire Rebo : plainte contre le chauffeur et poursuites envisag\u00e9es contre les auteurs de contenus diffamatoires\"}]},{\"@type\":\"WebSite\",\"@id\":\"https:\\\/\\\/infos-droitshumains.net\\\/#website\",\"url\":\"https:\\\/\\\/infos-droitshumains.net\\\/\",\"name\":\"Infos Droits Humains\",\"description\":\"S&#039;informer est un droit\",\"publisher\":{\"@id\":\"https:\\\/\\\/infos-droitshumains.net\\\/#organization\"},\"potentialAction\":[{\"@type\":\"SearchAction\",\"target\":{\"@type\":\"EntryPoint\",\"urlTemplate\":\"https:\\\/\\\/infos-droitshumains.net\\\/?s={search_term_string}\"},\"query-input\":{\"@type\":\"PropertyValueSpecification\",\"valueRequired\":true,\"valueName\":\"search_term_string\"}}],\"inLanguage\":\"fr-FR\"},{\"@type\":\"Organization\",\"@id\":\"https:\\\/\\\/infos-droitshumains.net\\\/#organization\",\"name\":\"Infos Droits Humains\",\"url\":\"https:\\\/\\\/infos-droitshumains.net\\\/\",\"logo\":{\"@type\":\"ImageObject\",\"inLanguage\":\"fr-FR\",\"@id\":\"https:\\\/\\\/infos-droitshumains.net\\\/#\\\/schema\\\/logo\\\/image\\\/\",\"url\":\"https:\\\/\\\/i0.wp.com\\\/infos-droitshumains.net\\\/wp-content\\\/uploads\\\/2022\\\/05\\\/Logo.png?fit=333%2C129&ssl=1\",\"contentUrl\":\"https:\\\/\\\/i0.wp.com\\\/infos-droitshumains.net\\\/wp-content\\\/uploads\\\/2022\\\/05\\\/Logo.png?fit=333%2C129&ssl=1\",\"width\":333,\"height\":129,\"caption\":\"Infos Droits Humains\"},\"image\":{\"@id\":\"https:\\\/\\\/infos-droitshumains.net\\\/#\\\/schema\\\/logo\\\/image\\\/\"}},{\"@type\":\"Person\",\"@id\":\"https:\\\/\\\/infos-droitshumains.net\\\/#\\\/schema\\\/person\\\/3dc5e921c3302172e0ed4362f96faab7\",\"name\":\"Jo\u00ebl Diawa\",\"image\":{\"@type\":\"ImageObject\",\"inLanguage\":\"fr-FR\",\"@id\":\"https:\\\/\\\/secure.gravatar.com\\\/avatar\\\/729bea6ff4604c624417803c477363be8e3c7186deaa65713313f9b4b820f41c?s=96&d=mm&r=g\",\"url\":\"https:\\\/\\\/secure.gravatar.com\\\/avatar\\\/729bea6ff4604c624417803c477363be8e3c7186deaa65713313f9b4b820f41c?s=96&d=mm&r=g\",\"contentUrl\":\"https:\\\/\\\/secure.gravatar.com\\\/avatar\\\/729bea6ff4604c624417803c477363be8e3c7186deaa65713313f9b4b820f41c?s=96&d=mm&r=g\",\"caption\":\"Jo\u00ebl Diawa\"},\"sameAs\":[\"https:\\\/\\\/www.infos-droitshumains.net\"],\"url\":\"https:\\\/\\\/infos-droitshumains.net\\\/?author=2\"}]}<\/script>\n<!-- \/ Yoast SEO plugin. -->","yoast_head_json":{"title":"Affaire Rebo : plainte contre le chauffeur et poursuites envisag\u00e9es contre les auteurs de contenus diffamatoires - Infos Droits Humains","robots":{"index":"index","follow":"follow","max-snippet":"max-snippet:-1","max-image-preview":"max-image-preview:large","max-video-preview":"max-video-preview:-1"},"canonical":"https:\/\/infos-droitshumains.net\/?p=18960","og_locale":"fr_FR","og_type":"article","og_title":"Affaire Rebo : plainte contre le chauffeur et poursuites envisag\u00e9es contre les auteurs de contenus diffamatoires - Infos Droits Humains","og_description":"R\u00e9daction: +243 817 406 088 Me Jean-Marie Kabengela Ilunga, avocat de l\u2019artiste Mulanga Timpaka Deborah,...","og_url":"https:\/\/infos-droitshumains.net\/?p=18960","og_site_name":"Infos Droits Humains","article_published_time":"2026-04-23T09:57:04+00:00","article_modified_time":"2026-04-23T10:03:40+00:00","og_image":[{"width":725,"height":380,"url":"https:\/\/infos-droitshumains.net\/wp-content\/uploads\/2026\/04\/REBO.jpg","type":"image\/jpeg"}],"author":"Jo\u00ebl Diawa","twitter_card":"summary_large_image","twitter_misc":{"\u00c9crit par":"Jo\u00ebl Diawa","Dur\u00e9e de lecture estim\u00e9e":"2 minutes"},"schema":{"@context":"https:\/\/schema.org","@graph":[{"@type":"Article","@id":"https:\/\/infos-droitshumains.net\/?p=18960#article","isPartOf":{"@id":"https:\/\/infos-droitshumains.net\/?p=18960"},"author":{"name":"Jo\u00ebl Diawa","@id":"https:\/\/infos-droitshumains.net\/#\/schema\/person\/3dc5e921c3302172e0ed4362f96faab7"},"headline":"Affaire Rebo : plainte contre le chauffeur et poursuites envisag\u00e9es contre les auteurs de contenus diffamatoires","datePublished":"2026-04-23T09:57:04+00:00","dateModified":"2026-04-23T10:03:40+00:00","mainEntityOfPage":{"@id":"https:\/\/infos-droitshumains.net\/?p=18960"},"wordCount":408,"commentCount":0,"publisher":{"@id":"https:\/\/infos-droitshumains.net\/#organization"},"image":{"@id":"https:\/\/infos-droitshumains.net\/?p=18960#primaryimage"},"thumbnailUrl":"https:\/\/i0.wp.com\/infos-droitshumains.net\/wp-content\/uploads\/2026\/04\/REBO.jpg?fit=725%2C380&ssl=1","articleSection":["Justice"],"inLanguage":"fr-FR","potentialAction":[{"@type":"CommentAction","name":"Comment","target":["https:\/\/infos-droitshumains.net\/?p=18960#respond"]}]},{"@type":"WebPage","@id":"https:\/\/infos-droitshumains.net\/?p=18960","url":"https:\/\/infos-droitshumains.net\/?p=18960","name":"Affaire Rebo : plainte contre le chauffeur et poursuites envisag\u00e9es contre les auteurs de contenus diffamatoires - Infos Droits Humains","isPartOf":{"@id":"https:\/\/infos-droitshumains.net\/#website"},"primaryImageOfPage":{"@id":"https:\/\/infos-droitshumains.net\/?p=18960#primaryimage"},"image":{"@id":"https:\/\/infos-droitshumains.net\/?p=18960#primaryimage"},"thumbnailUrl":"https:\/\/i0.wp.com\/infos-droitshumains.net\/wp-content\/uploads\/2026\/04\/REBO.jpg?fit=725%2C380&ssl=1","datePublished":"2026-04-23T09:57:04+00:00","dateModified":"2026-04-23T10:03:40+00:00","breadcrumb":{"@id":"https:\/\/infos-droitshumains.net\/?p=18960#breadcrumb"},"inLanguage":"fr-FR","potentialAction":[{"@type":"ReadAction","target":["https:\/\/infos-droitshumains.net\/?p=18960"]}]},{"@type":"ImageObject","inLanguage":"fr-FR","@id":"https:\/\/infos-droitshumains.net\/?p=18960#primaryimage","url":"https:\/\/i0.wp.com\/infos-droitshumains.net\/wp-content\/uploads\/2026\/04\/REBO.jpg?fit=725%2C380&ssl=1","contentUrl":"https:\/\/i0.wp.com\/infos-droitshumains.net\/wp-content\/uploads\/2026\/04\/REBO.jpg?fit=725%2C380&ssl=1","width":725,"height":380},{"@type":"BreadcrumbList","@id":"https:\/\/infos-droitshumains.net\/?p=18960#breadcrumb","itemListElement":[{"@type":"ListItem","position":1,"name":"Accueil","item":"https:\/\/infos-droitshumains.net\/"},{"@type":"ListItem","position":2,"name":"Affaire Rebo : plainte contre le chauffeur et poursuites envisag\u00e9es contre les auteurs de contenus diffamatoires"}]},{"@type":"WebSite","@id":"https:\/\/infos-droitshumains.net\/#website","url":"https:\/\/infos-droitshumains.net\/","name":"Infos Droits Humains","description":"S&#039;informer est un droit","publisher":{"@id":"https:\/\/infos-droitshumains.net\/#organization"},"potentialAction":[{"@type":"SearchAction","target":{"@type":"EntryPoint","urlTemplate":"https:\/\/infos-droitshumains.net\/?s={search_term_string}"},"query-input":{"@type":"PropertyValueSpecification","valueRequired":true,"valueName":"search_term_string"}}],"inLanguage":"fr-FR"},{"@type":"Organization","@id":"https:\/\/infos-droitshumains.net\/#organization","name":"Infos Droits Humains","url":"https:\/\/infos-droitshumains.net\/","logo":{"@type":"ImageObject","inLanguage":"fr-FR","@id":"https:\/\/infos-droitshumains.net\/#\/schema\/logo\/image\/","url":"https:\/\/i0.wp.com\/infos-droitshumains.net\/wp-content\/uploads\/2022\/05\/Logo.png?fit=333%2C129&ssl=1","contentUrl":"https:\/\/i0.wp.com\/infos-droitshumains.net\/wp-content\/uploads\/2022\/05\/Logo.png?fit=333%2C129&ssl=1","width":333,"height":129,"caption":"Infos Droits Humains"},"image":{"@id":"https:\/\/infos-droitshumains.net\/#\/schema\/logo\/image\/"}},{"@type":"Person","@id":"https:\/\/infos-droitshumains.net\/#\/schema\/person\/3dc5e921c3302172e0ed4362f96faab7","name":"Jo\u00ebl Diawa","image":{"@type":"ImageObject","inLanguage":"fr-FR","@id":"https:\/\/secure.gravatar.com\/avatar\/729bea6ff4604c624417803c477363be8e3c7186deaa65713313f9b4b820f41c?s=96&d=mm&r=g","url":"https:\/\/secure.gravatar.com\/avatar\/729bea6ff4604c624417803c477363be8e3c7186deaa65713313f9b4b820f41c?s=96&d=mm&r=g","contentUrl":"https:\/\/secure.gravatar.com\/avatar\/729bea6ff4604c624417803c477363be8e3c7186deaa65713313f9b4b820f41c?s=96&d=mm&r=g","caption":"Jo\u00ebl Diawa"},"sameAs":["https:\/\/www.infos-droitshumains.net"],"url":"https:\/\/infos-droitshumains.net\/?author=2"}]}},"featured_image_urls":{"full":["https:\/\/i0.wp.com\/infos-droitshumains.net\/wp-content\/uploads\/2026\/04\/REBO.jpg?fit=725%2C380&ssl=1",725,380,false],"thumbnail":["https:\/\/i0.wp.com\/infos-droitshumains.net\/wp-content\/uploads\/2026\/04\/REBO.jpg?resize=150%2C150&ssl=1",150,150,true],"medium":["https:\/\/i0.wp.com\/infos-droitshumains.net\/wp-content\/uploads\/2026\/04\/REBO.jpg?fit=300%2C157&ssl=1",300,157,true],"medium_large":["https:\/\/i0.wp.com\/infos-droitshumains.net\/wp-content\/uploads\/2026\/04\/REBO.jpg?fit=640%2C335&ssl=1",640,335,true],"large":["https:\/\/i0.wp.com\/infos-droitshumains.net\/wp-content\/uploads\/2026\/04\/REBO.jpg?fit=640%2C335&ssl=1",640,335,true],"1536x1536":["https:\/\/i0.wp.com\/infos-droitshumains.net\/wp-content\/uploads\/2026\/04\/REBO.jpg?fit=725%2C380&ssl=1",725,380,true],"2048x2048":["https:\/\/i0.wp.com\/infos-droitshumains.net\/wp-content\/uploads\/2026\/04\/REBO.jpg?fit=725%2C380&ssl=1",725,380,true],"covernews-slider-full":["https:\/\/i0.wp.com\/infos-droitshumains.net\/wp-content\/uploads\/2026\/04\/REBO.jpg?resize=725%2C380&ssl=1",725,380,true],"covernews-slider-center":["https:\/\/i0.wp.com\/infos-droitshumains.net\/wp-content\/uploads\/2026\/04\/REBO.jpg?resize=725%2C380&ssl=1",725,380,true],"covernews-featured":["https:\/\/i0.wp.com\/infos-droitshumains.net\/wp-content\/uploads\/2026\/04\/REBO.jpg?fit=725%2C380&ssl=1",725,380,true],"covernews-medium":["https:\/\/i0.wp.com\/infos-droitshumains.net\/wp-content\/uploads\/2026\/04\/REBO.jpg?resize=540%2C340&ssl=1",540,340,true],"covernews-medium-square":["https:\/\/i0.wp.com\/infos-droitshumains.net\/wp-content\/uploads\/2026\/04\/REBO.jpg?resize=400%2C250&ssl=1",400,250,true]},"author_info":{"display_name":"Jo\u00ebl Diawa","author_link":"https:\/\/infos-droitshumains.net\/?author=2"},"category_info":"<a href=\"https:\/\/infos-droitshumains.net\/?cat=6\" rel=\"category\">Justice<\/a>","tag_info":"Justice","comment_count":"0","jetpack_featured_media_url":"https:\/\/i0.wp.com\/infos-droitshumains.net\/wp-content\/uploads\/2026\/04\/REBO.jpg?fit=725%2C380&ssl=1","jetpack-related-posts":[],"jetpack_sharing_enabled":true,"_links":{"self":[{"href":"https:\/\/infos-droitshumains.net\/index.php?rest_route=\/wp\/v2\/posts\/18960","targetHints":{"allow":["GET"]}}],"collection":[{"href":"https:\/\/infos-droitshumains.net\/index.php?rest_route=\/wp\/v2\/posts"}],"about":[{"href":"https:\/\/infos-droitshumains.net\/index.php?rest_route=\/wp\/v2\/types\/post"}],"author":[{"embeddable":true,"href":"https:\/\/infos-droitshumains.net\/index.php?rest_route=\/wp\/v2\/users\/2"}],"replies":[{"embeddable":true,"href":"https:\/\/infos-droitshumains.net\/index.php?rest_route=%2Fwp%2Fv2%2Fcomments&post=18960"}],"version-history":[{"count":2,"href":"https:\/\/infos-droitshumains.net\/index.php?rest_route=\/wp\/v2\/posts\/18960\/revisions"}],"predecessor-version":[{"id":18962,"href":"https:\/\/infos-droitshumains.net\/index.php?rest_route=\/wp\/v2\/posts\/18960\/revisions\/18962"}],"wp:featuredmedia":[{"embeddable":true,"href":"https:\/\/infos-droitshumains.net\/index.php?rest_route=\/wp\/v2\/media\/18963"}],"wp:attachment":[{"href":"https:\/\/infos-droitshumains.net\/index.php?rest_route=%2Fwp%2Fv2%2Fmedia&parent=18960"}],"wp:term":[{"taxonomy":"category","embeddable":true,"href":"https:\/\/infos-droitshumains.net\/index.php?rest_route=%2Fwp%2Fv2%2Fcategories&post=18960"},{"taxonomy":"post_tag","embeddable":true,"href":"https:\/\/infos-droitshumains.net\/index.php?rest_route=%2Fwp%2Fv2%2Ftags&post=18960"}],"curies":[{"name":"wp","href":"https:\/\/api.w.org\/{rel}","templated":true}]}}