{"id":1891,"date":"2022-02-10T07:40:00","date_gmt":"2022-02-10T06:40:00","guid":{"rendered":"https:\/\/infos-droitshumains.net\/?p=1891"},"modified":"2023-04-06T12:10:30","modified_gmt":"2023-04-06T10:10:30","slug":"udps-augustin-kabuya-accuse-dentraver-au-bon-fonctionnement-du-directoire","status":"publish","type":"post","link":"https:\/\/infos-droitshumains.net\/?p=1891","title":{"rendered":"Udps : Augustin Kabuya accus\u00e9 d\u2019entraver au bon fonctionnement du directoire"},"content":{"rendered":"\n<p><strong>R\u00e9daction:+243817406088<\/strong><\/p>\n\n\n\n<p>Apr\u00e8s l\u2019exclusion de Jean-Marc Kabund de l&rsquo;Union pour la D\u00e9mocratie et le Progr\u00e8s Social, UDPS, le comit\u00e9 de discipline qui avait pris cette d\u00e9cision, a, par la m\u00eame occasion, install\u00e9 le directoire, conform\u00e9ment \u00e0 l\u2019article 26 des statuts du parti. Ce directoire compos\u00e9 du secr\u00e9tariat g\u00e9n\u00e9ral, la convention d\u00e9mocratique et la commission \u00e9lectorale permanente a pour mission de convoquer le congr\u00e8s afin d\u2019\u00e9lire le nouveau pr\u00e9sident. Mais en attendant ce congr\u00e8s, le directoire est aussi charg\u00e9 de la gestion quotidienne du parti.<\/p>\n\n\n\n<p>Avec cette d\u00e9cision, d\u2019aucun aurait cru  qu\u2019une nouvelle aire s\u2019ouvrait au sein du parti pr\u00e9sidentiel apr\u00e8s plusieurs ann\u00e9es pass\u00e9es dans la tourmente. Mais malheureusement, comme qui dirait, chasser le naturel,  il revient au galop, cette crise demeure malheureusement perceptible.<\/p>\n\n\n\n<p>La crise serait orchestr\u00e9e par le secr\u00e9tariat g\u00e9n\u00e9ral qui est l\u2019une des composantes de ce triumvirat ont confi\u00e9 des sources proches de la 10\u00e8me rue limite \u00e0 la r\u00e9daction de infos-droitshumains.net sous le sceau de l\u2019anonymat. A en croire ces sources, <strong><em>\u00abAugustin Kabuya, secr\u00e9taire g\u00e9n\u00e9ral du parti, serait entrain de bloquer le bon fonctionnement du directoire\u00bb.<\/em><\/strong><\/p>\n\n\n\n<p>Alors que dans le contexte actuel de la gestion du parti, chaque structure au sein du directoire devrait jouer pleinement son r\u00f4le, mais, Augustin Kabuya pr\u00e9tend avoir le sens de l\u2019ubiquit\u00e9.<\/p>\n\n\n\n<p><em style=\"\"><b>\u00abAugustin Kabuya veut faire tout mais ne ma\u00eet<\/b><\/em><strong><em>rise rien. Seul Jacqumain Shabani \u00e0 la l\u00e9gitimit\u00e9 \u00e0 la t\u00eate de la CEP \u00abCommission Electorale Permanente\u00bb. Faire le contraire, c\u2019est travailler contre les int\u00e9r\u00eats du parti, la Convention D\u00e9mocratique du Parti a qualit\u00e9 de poser des actes engageant directement le parti. Que Kabuya lise attentivement les textes qui r\u00e9gissent l\u2019UDPS\u00bb<\/em><\/strong> a rench\u00e9rit la m\u00eame source.<\/p>\n\n\n\n<p>Les enjeux politiques actuels sont \u00e0 ce jour, caract\u00e9ris\u00e9s par la pr\u00e9paration des \u00e9lections des gouverneurs dans 13 des 26 provinces. L\u2019UDPS parti au pouvoir entant rafler la mise, et en son sein, chaqu\u2019un des dirigeants cherche des voies et moyens pour tirer l\u2019\u00e9pingle du jeu, sans tenir compte des int\u00e9r\u00eats du parti.<\/p>\n\n\n\n<p>Jo\u00ebl Diawa<\/p>\n","protected":false},"excerpt":{"rendered":"<p>R\u00e9daction:+243817406088 Apr\u00e8s l\u2019exclusion de Jean-Marc Kabund de l&rsquo;Union pour la D\u00e9mocratie et le Progr\u00e8s Social,&#8230;<\/p>\n","protected":false},"author":2,"featured_media":0,"comment_status":"closed","ping_status":"open","sticky":false,"template":"","format":"standard","meta":{"_jetpack_memberships_contains_paid_content":false,"footnotes":""},"categories":[1],"tags":[],"class_list":["post-1891","post","type-post","status-publish","format-standard","hentry","category-non-classe"],"yoast_head":"<!-- This site is optimized with the Yoast SEO plugin v27.5 - https:\/\/yoast.com\/product\/yoast-seo-wordpress\/ -->\n<title>Udps : Augustin Kabuya accus\u00e9 d\u2019entraver au bon fonctionnement du directoire - Infos Droits Humains<\/title>\n<meta name=\"robots\" content=\"index, follow, max-snippet:-1, max-image-preview:large, max-video-preview:-1\" \/>\n<link rel=\"canonical\" href=\"https:\/\/infos-droitshumains.net\/?p=1891\" \/>\n<meta property=\"og:locale\" content=\"fr_FR\" \/>\n<meta property=\"og:type\" content=\"article\" \/>\n<meta property=\"og:title\" content=\"Udps : Augustin Kabuya accus\u00e9 d\u2019entraver au bon fonctionnement du directoire - Infos Droits Humains\" \/>\n<meta property=\"og:description\" content=\"R\u00e9daction:+243817406088 Apr\u00e8s l\u2019exclusion de Jean-Marc Kabund de l&rsquo;Union pour la D\u00e9mocratie et le Progr\u00e8s Social,...\" \/>\n<meta property=\"og:url\" content=\"https:\/\/infos-droitshumains.net\/?p=1891\" \/>\n<meta property=\"og:site_name\" content=\"Infos Droits Humains\" \/>\n<meta property=\"article:published_time\" content=\"2022-02-10T06:40:00+00:00\" \/>\n<meta property=\"article:modified_time\" content=\"2023-04-06T10:10:30+00:00\" \/>\n<meta name=\"author\" content=\"Jo\u00ebl Diawa\" \/>\n<meta name=\"twitter:card\" content=\"summary_large_image\" \/>\n<meta name=\"twitter:label1\" content=\"\u00c9crit par\" \/>\n\t<meta name=\"twitter:data1\" content=\"Jo\u00ebl Diawa\" \/>\n\t<meta name=\"twitter:label2\" content=\"Dur\u00e9e de lecture estim\u00e9e\" \/>\n\t<meta name=\"twitter:data2\" content=\"2 minutes\" \/>\n<script type=\"application\/ld+json\" class=\"yoast-schema-graph\">{\"@context\":\"https:\\\/\\\/schema.org\",\"@graph\":[{\"@type\":\"Article\",\"@id\":\"https:\\\/\\\/infos-droitshumains.net\\\/?p=1891#article\",\"isPartOf\":{\"@id\":\"https:\\\/\\\/infos-droitshumains.net\\\/?p=1891\"},\"author\":{\"name\":\"Jo\u00ebl Diawa\",\"@id\":\"https:\\\/\\\/infos-droitshumains.net\\\/#\\\/schema\\\/person\\\/3dc5e921c3302172e0ed4362f96faab7\"},\"headline\":\"Udps : Augustin Kabuya accus\u00e9 d\u2019entraver au bon fonctionnement du directoire\",\"datePublished\":\"2022-02-10T06:40:00+00:00\",\"dateModified\":\"2023-04-06T10:10:30+00:00\",\"mainEntityOfPage\":{\"@id\":\"https:\\\/\\\/infos-droitshumains.net\\\/?p=1891\"},\"wordCount\":390,\"publisher\":{\"@id\":\"https:\\\/\\\/infos-droitshumains.net\\\/#organization\"},\"inLanguage\":\"fr-FR\"},{\"@type\":\"WebPage\",\"@id\":\"https:\\\/\\\/infos-droitshumains.net\\\/?p=1891\",\"url\":\"https:\\\/\\\/infos-droitshumains.net\\\/?p=1891\",\"name\":\"Udps : Augustin Kabuya accus\u00e9 d\u2019entraver au bon fonctionnement du directoire - Infos Droits Humains\",\"isPartOf\":{\"@id\":\"https:\\\/\\\/infos-droitshumains.net\\\/#website\"},\"datePublished\":\"2022-02-10T06:40:00+00:00\",\"dateModified\":\"2023-04-06T10:10:30+00:00\",\"breadcrumb\":{\"@id\":\"https:\\\/\\\/infos-droitshumains.net\\\/?p=1891#breadcrumb\"},\"inLanguage\":\"fr-FR\",\"potentialAction\":[{\"@type\":\"ReadAction\",\"target\":[\"https:\\\/\\\/infos-droitshumains.net\\\/?p=1891\"]}]},{\"@type\":\"BreadcrumbList\",\"@id\":\"https:\\\/\\\/infos-droitshumains.net\\\/?p=1891#breadcrumb\",\"itemListElement\":[{\"@type\":\"ListItem\",\"position\":1,\"name\":\"Accueil\",\"item\":\"https:\\\/\\\/infos-droitshumains.net\\\/\"},{\"@type\":\"ListItem\",\"position\":2,\"name\":\"Udps : Augustin Kabuya accus\u00e9 d\u2019entraver au bon fonctionnement du directoire\"}]},{\"@type\":\"WebSite\",\"@id\":\"https:\\\/\\\/infos-droitshumains.net\\\/#website\",\"url\":\"https:\\\/\\\/infos-droitshumains.net\\\/\",\"name\":\"Infos Droits Humains\",\"description\":\"S&#039;informer est un droit\",\"publisher\":{\"@id\":\"https:\\\/\\\/infos-droitshumains.net\\\/#organization\"},\"potentialAction\":[{\"@type\":\"SearchAction\",\"target\":{\"@type\":\"EntryPoint\",\"urlTemplate\":\"https:\\\/\\\/infos-droitshumains.net\\\/?s={search_term_string}\"},\"query-input\":{\"@type\":\"PropertyValueSpecification\",\"valueRequired\":true,\"valueName\":\"search_term_string\"}}],\"inLanguage\":\"fr-FR\"},{\"@type\":\"Organization\",\"@id\":\"https:\\\/\\\/infos-droitshumains.net\\\/#organization\",\"name\":\"Infos Droits Humains\",\"url\":\"https:\\\/\\\/infos-droitshumains.net\\\/\",\"logo\":{\"@type\":\"ImageObject\",\"inLanguage\":\"fr-FR\",\"@id\":\"https:\\\/\\\/infos-droitshumains.net\\\/#\\\/schema\\\/logo\\\/image\\\/\",\"url\":\"https:\\\/\\\/i0.wp.com\\\/infos-droitshumains.net\\\/wp-content\\\/uploads\\\/2022\\\/05\\\/Logo.png?fit=333%2C129&ssl=1\",\"contentUrl\":\"https:\\\/\\\/i0.wp.com\\\/infos-droitshumains.net\\\/wp-content\\\/uploads\\\/2022\\\/05\\\/Logo.png?fit=333%2C129&ssl=1\",\"width\":333,\"height\":129,\"caption\":\"Infos Droits Humains\"},\"image\":{\"@id\":\"https:\\\/\\\/infos-droitshumains.net\\\/#\\\/schema\\\/logo\\\/image\\\/\"}},{\"@type\":\"Person\",\"@id\":\"https:\\\/\\\/infos-droitshumains.net\\\/#\\\/schema\\\/person\\\/3dc5e921c3302172e0ed4362f96faab7\",\"name\":\"Jo\u00ebl Diawa\",\"image\":{\"@type\":\"ImageObject\",\"inLanguage\":\"fr-FR\",\"@id\":\"https:\\\/\\\/secure.gravatar.com\\\/avatar\\\/729bea6ff4604c624417803c477363be8e3c7186deaa65713313f9b4b820f41c?s=96&d=mm&r=g\",\"url\":\"https:\\\/\\\/secure.gravatar.com\\\/avatar\\\/729bea6ff4604c624417803c477363be8e3c7186deaa65713313f9b4b820f41c?s=96&d=mm&r=g\",\"contentUrl\":\"https:\\\/\\\/secure.gravatar.com\\\/avatar\\\/729bea6ff4604c624417803c477363be8e3c7186deaa65713313f9b4b820f41c?s=96&d=mm&r=g\",\"caption\":\"Jo\u00ebl Diawa\"},\"sameAs\":[\"https:\\\/\\\/www.infos-droitshumains.net\"],\"url\":\"https:\\\/\\\/infos-droitshumains.net\\\/?author=2\"}]}<\/script>\n<!-- \/ Yoast SEO plugin. -->","yoast_head_json":{"title":"Udps : Augustin Kabuya accus\u00e9 d\u2019entraver au bon fonctionnement du directoire - Infos Droits Humains","robots":{"index":"index","follow":"follow","max-snippet":"max-snippet:-1","max-image-preview":"max-image-preview:large","max-video-preview":"max-video-preview:-1"},"canonical":"https:\/\/infos-droitshumains.net\/?p=1891","og_locale":"fr_FR","og_type":"article","og_title":"Udps : Augustin Kabuya accus\u00e9 d\u2019entraver au bon fonctionnement du directoire - Infos Droits Humains","og_description":"R\u00e9daction:+243817406088 Apr\u00e8s l\u2019exclusion de Jean-Marc Kabund de l&rsquo;Union pour la D\u00e9mocratie et le Progr\u00e8s Social,...","og_url":"https:\/\/infos-droitshumains.net\/?p=1891","og_site_name":"Infos Droits Humains","article_published_time":"2022-02-10T06:40:00+00:00","article_modified_time":"2023-04-06T10:10:30+00:00","author":"Jo\u00ebl Diawa","twitter_card":"summary_large_image","twitter_misc":{"\u00c9crit par":"Jo\u00ebl Diawa","Dur\u00e9e de lecture estim\u00e9e":"2 minutes"},"schema":{"@context":"https:\/\/schema.org","@graph":[{"@type":"Article","@id":"https:\/\/infos-droitshumains.net\/?p=1891#article","isPartOf":{"@id":"https:\/\/infos-droitshumains.net\/?p=1891"},"author":{"name":"Jo\u00ebl Diawa","@id":"https:\/\/infos-droitshumains.net\/#\/schema\/person\/3dc5e921c3302172e0ed4362f96faab7"},"headline":"Udps : Augustin Kabuya accus\u00e9 d\u2019entraver au bon fonctionnement du directoire","datePublished":"2022-02-10T06:40:00+00:00","dateModified":"2023-04-06T10:10:30+00:00","mainEntityOfPage":{"@id":"https:\/\/infos-droitshumains.net\/?p=1891"},"wordCount":390,"publisher":{"@id":"https:\/\/infos-droitshumains.net\/#organization"},"inLanguage":"fr-FR"},{"@type":"WebPage","@id":"https:\/\/infos-droitshumains.net\/?p=1891","url":"https:\/\/infos-droitshumains.net\/?p=1891","name":"Udps : Augustin Kabuya accus\u00e9 d\u2019entraver au bon fonctionnement du directoire - Infos Droits Humains","isPartOf":{"@id":"https:\/\/infos-droitshumains.net\/#website"},"datePublished":"2022-02-10T06:40:00+00:00","dateModified":"2023-04-06T10:10:30+00:00","breadcrumb":{"@id":"https:\/\/infos-droitshumains.net\/?p=1891#breadcrumb"},"inLanguage":"fr-FR","potentialAction":[{"@type":"ReadAction","target":["https:\/\/infos-droitshumains.net\/?p=1891"]}]},{"@type":"BreadcrumbList","@id":"https:\/\/infos-droitshumains.net\/?p=1891#breadcrumb","itemListElement":[{"@type":"ListItem","position":1,"name":"Accueil","item":"https:\/\/infos-droitshumains.net\/"},{"@type":"ListItem","position":2,"name":"Udps : Augustin Kabuya accus\u00e9 d\u2019entraver au bon fonctionnement du directoire"}]},{"@type":"WebSite","@id":"https:\/\/infos-droitshumains.net\/#website","url":"https:\/\/infos-droitshumains.net\/","name":"Infos Droits Humains","description":"S&#039;informer est un droit","publisher":{"@id":"https:\/\/infos-droitshumains.net\/#organization"},"potentialAction":[{"@type":"SearchAction","target":{"@type":"EntryPoint","urlTemplate":"https:\/\/infos-droitshumains.net\/?s={search_term_string}"},"query-input":{"@type":"PropertyValueSpecification","valueRequired":true,"valueName":"search_term_string"}}],"inLanguage":"fr-FR"},{"@type":"Organization","@id":"https:\/\/infos-droitshumains.net\/#organization","name":"Infos Droits Humains","url":"https:\/\/infos-droitshumains.net\/","logo":{"@type":"ImageObject","inLanguage":"fr-FR","@id":"https:\/\/infos-droitshumains.net\/#\/schema\/logo\/image\/","url":"https:\/\/i0.wp.com\/infos-droitshumains.net\/wp-content\/uploads\/2022\/05\/Logo.png?fit=333%2C129&ssl=1","contentUrl":"https:\/\/i0.wp.com\/infos-droitshumains.net\/wp-content\/uploads\/2022\/05\/Logo.png?fit=333%2C129&ssl=1","width":333,"height":129,"caption":"Infos Droits Humains"},"image":{"@id":"https:\/\/infos-droitshumains.net\/#\/schema\/logo\/image\/"}},{"@type":"Person","@id":"https:\/\/infos-droitshumains.net\/#\/schema\/person\/3dc5e921c3302172e0ed4362f96faab7","name":"Jo\u00ebl Diawa","image":{"@type":"ImageObject","inLanguage":"fr-FR","@id":"https:\/\/secure.gravatar.com\/avatar\/729bea6ff4604c624417803c477363be8e3c7186deaa65713313f9b4b820f41c?s=96&d=mm&r=g","url":"https:\/\/secure.gravatar.com\/avatar\/729bea6ff4604c624417803c477363be8e3c7186deaa65713313f9b4b820f41c?s=96&d=mm&r=g","contentUrl":"https:\/\/secure.gravatar.com\/avatar\/729bea6ff4604c624417803c477363be8e3c7186deaa65713313f9b4b820f41c?s=96&d=mm&r=g","caption":"Jo\u00ebl Diawa"},"sameAs":["https:\/\/www.infos-droitshumains.net"],"url":"https:\/\/infos-droitshumains.net\/?author=2"}]}},"featured_image_urls":{"full":"","thumbnail":"","medium":"","medium_large":"","large":"","1536x1536":"","2048x2048":"","covernews-slider-full":"","covernews-slider-center":"","covernews-featured":"","covernews-medium":"","covernews-medium-square":""},"author_info":{"display_name":"Jo\u00ebl Diawa","author_link":"https:\/\/infos-droitshumains.net\/?author=2"},"category_info":"<a href=\"https:\/\/infos-droitshumains.net\/?cat=1\" rel=\"category\">Non class\u00e9<\/a>","tag_info":"Non class\u00e9","comment_count":"0","jetpack_featured_media_url":"","jetpack-related-posts":[],"jetpack_sharing_enabled":true,"_links":{"self":[{"href":"https:\/\/infos-droitshumains.net\/index.php?rest_route=\/wp\/v2\/posts\/1891","targetHints":{"allow":["GET"]}}],"collection":[{"href":"https:\/\/infos-droitshumains.net\/index.php?rest_route=\/wp\/v2\/posts"}],"about":[{"href":"https:\/\/infos-droitshumains.net\/index.php?rest_route=\/wp\/v2\/types\/post"}],"author":[{"embeddable":true,"href":"https:\/\/infos-droitshumains.net\/index.php?rest_route=\/wp\/v2\/users\/2"}],"replies":[{"embeddable":true,"href":"https:\/\/infos-droitshumains.net\/index.php?rest_route=%2Fwp%2Fv2%2Fcomments&post=1891"}],"version-history":[{"count":4,"href":"https:\/\/infos-droitshumains.net\/index.php?rest_route=\/wp\/v2\/posts\/1891\/revisions"}],"predecessor-version":[{"id":1895,"href":"https:\/\/infos-droitshumains.net\/index.php?rest_route=\/wp\/v2\/posts\/1891\/revisions\/1895"}],"wp:attachment":[{"href":"https:\/\/infos-droitshumains.net\/index.php?rest_route=%2Fwp%2Fv2%2Fmedia&parent=1891"}],"wp:term":[{"taxonomy":"category","embeddable":true,"href":"https:\/\/infos-droitshumains.net\/index.php?rest_route=%2Fwp%2Fv2%2Fcategories&post=1891"},{"taxonomy":"post_tag","embeddable":true,"href":"https:\/\/infos-droitshumains.net\/index.php?rest_route=%2Fwp%2Fv2%2Ftags&post=1891"}],"curies":[{"name":"wp","href":"https:\/\/api.w.org\/{rel}","templated":true}]}}