{"id":18892,"date":"2026-04-17T13:51:09","date_gmt":"2026-04-17T11:51:09","guid":{"rendered":"https:\/\/infos-droitshumains.net\/?p=18892"},"modified":"2026-04-17T14:04:45","modified_gmt":"2026-04-17T12:04:45","slug":"kinshasa-les-jeunes-magistrats-organisent-une-journee-de-reflexion-sur-lethique-et-la-deontologie-judiciaire-professionnelle","status":"publish","type":"post","link":"https:\/\/infos-droitshumains.net\/?p=18892","title":{"rendered":"Kinshasa : l\u2019Association des Jeunes Magistrats organise une journ\u00e9e de r\u00e9flexion sur l\u2019\u00e9thique et la d\u00e9ontologie judiciaire"},"content":{"rendered":"\n<p><strong>R\u00e9daction: +243 817 406 088<\/strong><\/p>\n\n\n\n<h3 class=\"wp-block-heading has-vivid-red-color has-text-color has-link-color wp-elements-c77810f27ec6317f6b0e8d76a22604b7\">Les professionnels du droit; magistrats, avocats, huissiers de justice et juristes sont convi\u00e9s \u00e0 un rendez-vous majeur du secteur judiciaire congolais, pr\u00e9vu ce samedi 18 avril 2026 \u00e0 Kinshasa. \u00c0 l\u2019initiative de l\u2019Association des Jeunes Magistrats du Congo (AJMCO), une journ\u00e9e d\u2019accueil et de sensibilisation sera organis\u00e9e dans la salle du petit th\u00e9\u00e2tre du Centre Culturel, situ\u00e9 sur le Boulevard Triomphal. Cette activit\u00e9 s\u2019inscrit dans une dynamique de renforcement des capacit\u00e9s et d\u2019encadrement des nouveaux magistrats appel\u00e9s \u00e0 servir la justice congolaise.<\/h3>\n\n\n\n<p>Plac\u00e9e sous le th\u00e8me \u00e9vocateur : <em>\u00ab Le respect de la d\u00e9ontologie et de l\u2019\u00e9thique : piliers de la refondation d\u2019une justice int\u00e8gre et protectrice des droits humains \u00bb<\/em>, cette rencontre vise \u00e0 inculquer aux jeunes magistrats les valeurs fondamentales qui doivent guider l\u2019exercice de leurs fonctions. Elle entend \u00e9galement promouvoir une culture de probit\u00e9, d\u2019impartialit\u00e9 et de responsabilit\u00e9 dans un contexte o\u00f9 la r\u00e9forme du syst\u00e8me judiciaire demeure une priorit\u00e9 nationale.<\/p>\n\n\n\n<p>Au-del\u00e0 de son caract\u00e8re acad\u00e9mique, cette journ\u00e9e se veut un cadre d\u2019\u00e9changes interprofessionnels entre les diff\u00e9rentes composantes du monde judiciaire. Magistrature et barreau auront notamment l\u2019occasion de confronter leurs exp\u00e9riences et de renforcer leur collaboration, essentielle au bon fonctionnement de l\u2019appareil judiciaire.<\/p>\n\n\n\n<p>Le programme pr\u00e9voit des allocutions officielles, des communications ax\u00e9es sur la d\u00e9ontologie du magistrat, ainsi que des discussions autour de th\u00e9matiques contemporaines, notamment les d\u00e9fis pos\u00e9s par le contentieux des assurances devant les juridictions. Ces interventions permettront d\u2019outiller les participants face aux r\u00e9alit\u00e9s pratiques du terrain.<\/p>\n\n\n\n<p>Plusieurs personnalit\u00e9s de premier plan sont attendues \u00e0 cette activit\u00e9, parmi lesquelles le ministre de la Justice, la Directrice de cabinet adjointe du Chef de l\u2019\u00c9tat, le B\u00e2tonnier national, ainsi que d\u2019\u00e9minents acteurs du secteur judiciaire et des partenaires institutionnels. Leur pr\u00e9sence t\u00e9moigne de l\u2019importance accord\u00e9e \u00e0 la formation et \u00e0 l\u2019encadrement de la nouvelle g\u00e9n\u00e9ration de magistrats.<\/p>\n\n\n\n<p>Dans un contexte marqu\u00e9 par les attentes croissantes de la population en mati\u00e8re de justice \u00e9quitable et accessible, cette initiative de l\u2019AJMCO appara\u00eet comme une contribution significative \u00e0 la consolidation de l\u2019\u00c9tat de droit en R\u00e9publique d\u00e9mocratique du Congo. Elle constitue, en outre, une opportunit\u00e9 pour les jeunes magistrats de s\u2019approprier les exigences \u00e9thiques de leur noble mission et de s\u2019engager r\u00e9solument au service d\u2019une justice cr\u00e9dible et respectueuse des droits humains.<\/p>\n\n\n\n<p>Jo\u00ebl Diawa<\/p>\n","protected":false},"excerpt":{"rendered":"<p>R\u00e9daction: +243 817 406 088 Les professionnels du droit; magistrats, avocats, huissiers de justice et&#8230;<\/p>\n","protected":false},"author":2,"featured_media":18896,"comment_status":"open","ping_status":"open","sticky":false,"template":"","format":"standard","meta":{"_jetpack_memberships_contains_paid_content":false,"footnotes":""},"categories":[6],"tags":[],"class_list":["post-18892","post","type-post","status-publish","format-standard","has-post-thumbnail","hentry","category-justice"],"yoast_head":"<!-- This site is optimized with the Yoast SEO plugin v27.5 - https:\/\/yoast.com\/product\/yoast-seo-wordpress\/ -->\n<title>Kinshasa : l\u2019Association des Jeunes Magistrats organise une journ\u00e9e de r\u00e9flexion sur l\u2019\u00e9thique et la d\u00e9ontologie judiciaire - Infos Droits Humains<\/title>\n<meta name=\"robots\" content=\"index, follow, max-snippet:-1, max-image-preview:large, max-video-preview:-1\" \/>\n<link rel=\"canonical\" href=\"https:\/\/infos-droitshumains.net\/?p=18892\" \/>\n<meta property=\"og:locale\" content=\"fr_FR\" \/>\n<meta property=\"og:type\" content=\"article\" \/>\n<meta property=\"og:title\" content=\"Kinshasa : l\u2019Association des Jeunes Magistrats organise une journ\u00e9e de r\u00e9flexion sur l\u2019\u00e9thique et la d\u00e9ontologie judiciaire - Infos Droits Humains\" \/>\n<meta property=\"og:description\" content=\"R\u00e9daction: +243 817 406 088 Les professionnels du droit; magistrats, avocats, huissiers de justice et...\" \/>\n<meta property=\"og:url\" content=\"https:\/\/infos-droitshumains.net\/?p=18892\" \/>\n<meta property=\"og:site_name\" content=\"Infos Droits Humains\" \/>\n<meta property=\"article:published_time\" content=\"2026-04-17T11:51:09+00:00\" \/>\n<meta property=\"article:modified_time\" content=\"2026-04-17T12:04:45+00:00\" \/>\n<meta property=\"og:image\" content=\"https:\/\/infos-droitshumains.net\/wp-content\/uploads\/2026\/04\/IMG-20260417-WA0015.jpg\" \/>\n\t<meta property=\"og:image:width\" content=\"1080\" \/>\n\t<meta property=\"og:image:height\" content=\"540\" \/>\n\t<meta property=\"og:image:type\" content=\"image\/jpeg\" \/>\n<meta name=\"author\" content=\"Jo\u00ebl Diawa\" \/>\n<meta name=\"twitter:card\" content=\"summary_large_image\" \/>\n<meta name=\"twitter:label1\" content=\"\u00c9crit par\" \/>\n\t<meta name=\"twitter:data1\" content=\"Jo\u00ebl Diawa\" \/>\n\t<meta name=\"twitter:label2\" content=\"Dur\u00e9e de lecture estim\u00e9e\" \/>\n\t<meta name=\"twitter:data2\" content=\"3 minutes\" \/>\n<script type=\"application\/ld+json\" class=\"yoast-schema-graph\">{\"@context\":\"https:\\\/\\\/schema.org\",\"@graph\":[{\"@type\":\"Article\",\"@id\":\"https:\\\/\\\/infos-droitshumains.net\\\/?p=18892#article\",\"isPartOf\":{\"@id\":\"https:\\\/\\\/infos-droitshumains.net\\\/?p=18892\"},\"author\":{\"name\":\"Jo\u00ebl Diawa\",\"@id\":\"https:\\\/\\\/infos-droitshumains.net\\\/#\\\/schema\\\/person\\\/3dc5e921c3302172e0ed4362f96faab7\"},\"headline\":\"Kinshasa : l\u2019Association des Jeunes Magistrats organise une journ\u00e9e de r\u00e9flexion sur l\u2019\u00e9thique et la d\u00e9ontologie judiciaire\",\"datePublished\":\"2026-04-17T11:51:09+00:00\",\"dateModified\":\"2026-04-17T12:04:45+00:00\",\"mainEntityOfPage\":{\"@id\":\"https:\\\/\\\/infos-droitshumains.net\\\/?p=18892\"},\"wordCount\":444,\"commentCount\":0,\"publisher\":{\"@id\":\"https:\\\/\\\/infos-droitshumains.net\\\/#organization\"},\"image\":{\"@id\":\"https:\\\/\\\/infos-droitshumains.net\\\/?p=18892#primaryimage\"},\"thumbnailUrl\":\"https:\\\/\\\/i0.wp.com\\\/infos-droitshumains.net\\\/wp-content\\\/uploads\\\/2026\\\/04\\\/IMG-20260417-WA0015.jpg?fit=1080%2C540&ssl=1\",\"articleSection\":[\"Justice\"],\"inLanguage\":\"fr-FR\",\"potentialAction\":[{\"@type\":\"CommentAction\",\"name\":\"Comment\",\"target\":[\"https:\\\/\\\/infos-droitshumains.net\\\/?p=18892#respond\"]}]},{\"@type\":\"WebPage\",\"@id\":\"https:\\\/\\\/infos-droitshumains.net\\\/?p=18892\",\"url\":\"https:\\\/\\\/infos-droitshumains.net\\\/?p=18892\",\"name\":\"Kinshasa : l\u2019Association des Jeunes Magistrats organise une journ\u00e9e de r\u00e9flexion sur l\u2019\u00e9thique et la d\u00e9ontologie judiciaire - Infos Droits Humains\",\"isPartOf\":{\"@id\":\"https:\\\/\\\/infos-droitshumains.net\\\/#website\"},\"primaryImageOfPage\":{\"@id\":\"https:\\\/\\\/infos-droitshumains.net\\\/?p=18892#primaryimage\"},\"image\":{\"@id\":\"https:\\\/\\\/infos-droitshumains.net\\\/?p=18892#primaryimage\"},\"thumbnailUrl\":\"https:\\\/\\\/i0.wp.com\\\/infos-droitshumains.net\\\/wp-content\\\/uploads\\\/2026\\\/04\\\/IMG-20260417-WA0015.jpg?fit=1080%2C540&ssl=1\",\"datePublished\":\"2026-04-17T11:51:09+00:00\",\"dateModified\":\"2026-04-17T12:04:45+00:00\",\"breadcrumb\":{\"@id\":\"https:\\\/\\\/infos-droitshumains.net\\\/?p=18892#breadcrumb\"},\"inLanguage\":\"fr-FR\",\"potentialAction\":[{\"@type\":\"ReadAction\",\"target\":[\"https:\\\/\\\/infos-droitshumains.net\\\/?p=18892\"]}]},{\"@type\":\"ImageObject\",\"inLanguage\":\"fr-FR\",\"@id\":\"https:\\\/\\\/infos-droitshumains.net\\\/?p=18892#primaryimage\",\"url\":\"https:\\\/\\\/i0.wp.com\\\/infos-droitshumains.net\\\/wp-content\\\/uploads\\\/2026\\\/04\\\/IMG-20260417-WA0015.jpg?fit=1080%2C540&ssl=1\",\"contentUrl\":\"https:\\\/\\\/i0.wp.com\\\/infos-droitshumains.net\\\/wp-content\\\/uploads\\\/2026\\\/04\\\/IMG-20260417-WA0015.jpg?fit=1080%2C540&ssl=1\",\"width\":1080,\"height\":540},{\"@type\":\"BreadcrumbList\",\"@id\":\"https:\\\/\\\/infos-droitshumains.net\\\/?p=18892#breadcrumb\",\"itemListElement\":[{\"@type\":\"ListItem\",\"position\":1,\"name\":\"Accueil\",\"item\":\"https:\\\/\\\/infos-droitshumains.net\\\/\"},{\"@type\":\"ListItem\",\"position\":2,\"name\":\"Kinshasa : l\u2019Association des Jeunes Magistrats organise une journ\u00e9e de r\u00e9flexion sur l\u2019\u00e9thique et la d\u00e9ontologie judiciaire\"}]},{\"@type\":\"WebSite\",\"@id\":\"https:\\\/\\\/infos-droitshumains.net\\\/#website\",\"url\":\"https:\\\/\\\/infos-droitshumains.net\\\/\",\"name\":\"Infos Droits Humains\",\"description\":\"S&#039;informer est un droit\",\"publisher\":{\"@id\":\"https:\\\/\\\/infos-droitshumains.net\\\/#organization\"},\"potentialAction\":[{\"@type\":\"SearchAction\",\"target\":{\"@type\":\"EntryPoint\",\"urlTemplate\":\"https:\\\/\\\/infos-droitshumains.net\\\/?s={search_term_string}\"},\"query-input\":{\"@type\":\"PropertyValueSpecification\",\"valueRequired\":true,\"valueName\":\"search_term_string\"}}],\"inLanguage\":\"fr-FR\"},{\"@type\":\"Organization\",\"@id\":\"https:\\\/\\\/infos-droitshumains.net\\\/#organization\",\"name\":\"Infos Droits Humains\",\"url\":\"https:\\\/\\\/infos-droitshumains.net\\\/\",\"logo\":{\"@type\":\"ImageObject\",\"inLanguage\":\"fr-FR\",\"@id\":\"https:\\\/\\\/infos-droitshumains.net\\\/#\\\/schema\\\/logo\\\/image\\\/\",\"url\":\"https:\\\/\\\/i0.wp.com\\\/infos-droitshumains.net\\\/wp-content\\\/uploads\\\/2022\\\/05\\\/Logo.png?fit=333%2C129&ssl=1\",\"contentUrl\":\"https:\\\/\\\/i0.wp.com\\\/infos-droitshumains.net\\\/wp-content\\\/uploads\\\/2022\\\/05\\\/Logo.png?fit=333%2C129&ssl=1\",\"width\":333,\"height\":129,\"caption\":\"Infos Droits Humains\"},\"image\":{\"@id\":\"https:\\\/\\\/infos-droitshumains.net\\\/#\\\/schema\\\/logo\\\/image\\\/\"}},{\"@type\":\"Person\",\"@id\":\"https:\\\/\\\/infos-droitshumains.net\\\/#\\\/schema\\\/person\\\/3dc5e921c3302172e0ed4362f96faab7\",\"name\":\"Jo\u00ebl Diawa\",\"image\":{\"@type\":\"ImageObject\",\"inLanguage\":\"fr-FR\",\"@id\":\"https:\\\/\\\/secure.gravatar.com\\\/avatar\\\/729bea6ff4604c624417803c477363be8e3c7186deaa65713313f9b4b820f41c?s=96&d=mm&r=g\",\"url\":\"https:\\\/\\\/secure.gravatar.com\\\/avatar\\\/729bea6ff4604c624417803c477363be8e3c7186deaa65713313f9b4b820f41c?s=96&d=mm&r=g\",\"contentUrl\":\"https:\\\/\\\/secure.gravatar.com\\\/avatar\\\/729bea6ff4604c624417803c477363be8e3c7186deaa65713313f9b4b820f41c?s=96&d=mm&r=g\",\"caption\":\"Jo\u00ebl Diawa\"},\"sameAs\":[\"https:\\\/\\\/www.infos-droitshumains.net\"],\"url\":\"https:\\\/\\\/infos-droitshumains.net\\\/?author=2\"}]}<\/script>\n<!-- \/ Yoast SEO plugin. -->","yoast_head_json":{"title":"Kinshasa : l\u2019Association des Jeunes Magistrats organise une journ\u00e9e de r\u00e9flexion sur l\u2019\u00e9thique et la d\u00e9ontologie judiciaire - Infos Droits Humains","robots":{"index":"index","follow":"follow","max-snippet":"max-snippet:-1","max-image-preview":"max-image-preview:large","max-video-preview":"max-video-preview:-1"},"canonical":"https:\/\/infos-droitshumains.net\/?p=18892","og_locale":"fr_FR","og_type":"article","og_title":"Kinshasa : l\u2019Association des Jeunes Magistrats organise une journ\u00e9e de r\u00e9flexion sur l\u2019\u00e9thique et la d\u00e9ontologie judiciaire - Infos Droits Humains","og_description":"R\u00e9daction: +243 817 406 088 Les professionnels du droit; magistrats, avocats, huissiers de justice et...","og_url":"https:\/\/infos-droitshumains.net\/?p=18892","og_site_name":"Infos Droits Humains","article_published_time":"2026-04-17T11:51:09+00:00","article_modified_time":"2026-04-17T12:04:45+00:00","og_image":[{"width":1080,"height":540,"url":"https:\/\/infos-droitshumains.net\/wp-content\/uploads\/2026\/04\/IMG-20260417-WA0015.jpg","type":"image\/jpeg"}],"author":"Jo\u00ebl Diawa","twitter_card":"summary_large_image","twitter_misc":{"\u00c9crit par":"Jo\u00ebl Diawa","Dur\u00e9e de lecture estim\u00e9e":"3 minutes"},"schema":{"@context":"https:\/\/schema.org","@graph":[{"@type":"Article","@id":"https:\/\/infos-droitshumains.net\/?p=18892#article","isPartOf":{"@id":"https:\/\/infos-droitshumains.net\/?p=18892"},"author":{"name":"Jo\u00ebl Diawa","@id":"https:\/\/infos-droitshumains.net\/#\/schema\/person\/3dc5e921c3302172e0ed4362f96faab7"},"headline":"Kinshasa : l\u2019Association des Jeunes Magistrats organise une journ\u00e9e de r\u00e9flexion sur l\u2019\u00e9thique et la d\u00e9ontologie judiciaire","datePublished":"2026-04-17T11:51:09+00:00","dateModified":"2026-04-17T12:04:45+00:00","mainEntityOfPage":{"@id":"https:\/\/infos-droitshumains.net\/?p=18892"},"wordCount":444,"commentCount":0,"publisher":{"@id":"https:\/\/infos-droitshumains.net\/#organization"},"image":{"@id":"https:\/\/infos-droitshumains.net\/?p=18892#primaryimage"},"thumbnailUrl":"https:\/\/i0.wp.com\/infos-droitshumains.net\/wp-content\/uploads\/2026\/04\/IMG-20260417-WA0015.jpg?fit=1080%2C540&ssl=1","articleSection":["Justice"],"inLanguage":"fr-FR","potentialAction":[{"@type":"CommentAction","name":"Comment","target":["https:\/\/infos-droitshumains.net\/?p=18892#respond"]}]},{"@type":"WebPage","@id":"https:\/\/infos-droitshumains.net\/?p=18892","url":"https:\/\/infos-droitshumains.net\/?p=18892","name":"Kinshasa : l\u2019Association des Jeunes Magistrats organise une journ\u00e9e de r\u00e9flexion sur l\u2019\u00e9thique et la d\u00e9ontologie judiciaire - Infos Droits Humains","isPartOf":{"@id":"https:\/\/infos-droitshumains.net\/#website"},"primaryImageOfPage":{"@id":"https:\/\/infos-droitshumains.net\/?p=18892#primaryimage"},"image":{"@id":"https:\/\/infos-droitshumains.net\/?p=18892#primaryimage"},"thumbnailUrl":"https:\/\/i0.wp.com\/infos-droitshumains.net\/wp-content\/uploads\/2026\/04\/IMG-20260417-WA0015.jpg?fit=1080%2C540&ssl=1","datePublished":"2026-04-17T11:51:09+00:00","dateModified":"2026-04-17T12:04:45+00:00","breadcrumb":{"@id":"https:\/\/infos-droitshumains.net\/?p=18892#breadcrumb"},"inLanguage":"fr-FR","potentialAction":[{"@type":"ReadAction","target":["https:\/\/infos-droitshumains.net\/?p=18892"]}]},{"@type":"ImageObject","inLanguage":"fr-FR","@id":"https:\/\/infos-droitshumains.net\/?p=18892#primaryimage","url":"https:\/\/i0.wp.com\/infos-droitshumains.net\/wp-content\/uploads\/2026\/04\/IMG-20260417-WA0015.jpg?fit=1080%2C540&ssl=1","contentUrl":"https:\/\/i0.wp.com\/infos-droitshumains.net\/wp-content\/uploads\/2026\/04\/IMG-20260417-WA0015.jpg?fit=1080%2C540&ssl=1","width":1080,"height":540},{"@type":"BreadcrumbList","@id":"https:\/\/infos-droitshumains.net\/?p=18892#breadcrumb","itemListElement":[{"@type":"ListItem","position":1,"name":"Accueil","item":"https:\/\/infos-droitshumains.net\/"},{"@type":"ListItem","position":2,"name":"Kinshasa : l\u2019Association des Jeunes Magistrats organise une journ\u00e9e de r\u00e9flexion sur l\u2019\u00e9thique et la d\u00e9ontologie judiciaire"}]},{"@type":"WebSite","@id":"https:\/\/infos-droitshumains.net\/#website","url":"https:\/\/infos-droitshumains.net\/","name":"Infos Droits Humains","description":"S&#039;informer est un droit","publisher":{"@id":"https:\/\/infos-droitshumains.net\/#organization"},"potentialAction":[{"@type":"SearchAction","target":{"@type":"EntryPoint","urlTemplate":"https:\/\/infos-droitshumains.net\/?s={search_term_string}"},"query-input":{"@type":"PropertyValueSpecification","valueRequired":true,"valueName":"search_term_string"}}],"inLanguage":"fr-FR"},{"@type":"Organization","@id":"https:\/\/infos-droitshumains.net\/#organization","name":"Infos Droits Humains","url":"https:\/\/infos-droitshumains.net\/","logo":{"@type":"ImageObject","inLanguage":"fr-FR","@id":"https:\/\/infos-droitshumains.net\/#\/schema\/logo\/image\/","url":"https:\/\/i0.wp.com\/infos-droitshumains.net\/wp-content\/uploads\/2022\/05\/Logo.png?fit=333%2C129&ssl=1","contentUrl":"https:\/\/i0.wp.com\/infos-droitshumains.net\/wp-content\/uploads\/2022\/05\/Logo.png?fit=333%2C129&ssl=1","width":333,"height":129,"caption":"Infos Droits Humains"},"image":{"@id":"https:\/\/infos-droitshumains.net\/#\/schema\/logo\/image\/"}},{"@type":"Person","@id":"https:\/\/infos-droitshumains.net\/#\/schema\/person\/3dc5e921c3302172e0ed4362f96faab7","name":"Jo\u00ebl Diawa","image":{"@type":"ImageObject","inLanguage":"fr-FR","@id":"https:\/\/secure.gravatar.com\/avatar\/729bea6ff4604c624417803c477363be8e3c7186deaa65713313f9b4b820f41c?s=96&d=mm&r=g","url":"https:\/\/secure.gravatar.com\/avatar\/729bea6ff4604c624417803c477363be8e3c7186deaa65713313f9b4b820f41c?s=96&d=mm&r=g","contentUrl":"https:\/\/secure.gravatar.com\/avatar\/729bea6ff4604c624417803c477363be8e3c7186deaa65713313f9b4b820f41c?s=96&d=mm&r=g","caption":"Jo\u00ebl Diawa"},"sameAs":["https:\/\/www.infos-droitshumains.net"],"url":"https:\/\/infos-droitshumains.net\/?author=2"}]}},"featured_image_urls":{"full":["https:\/\/i0.wp.com\/infos-droitshumains.net\/wp-content\/uploads\/2026\/04\/IMG-20260417-WA0015.jpg?fit=1080%2C540&ssl=1",1080,540,false],"thumbnail":["https:\/\/i0.wp.com\/infos-droitshumains.net\/wp-content\/uploads\/2026\/04\/IMG-20260417-WA0015.jpg?resize=150%2C150&ssl=1",150,150,true],"medium":["https:\/\/i0.wp.com\/infos-droitshumains.net\/wp-content\/uploads\/2026\/04\/IMG-20260417-WA0015.jpg?fit=300%2C150&ssl=1",300,150,true],"medium_large":["https:\/\/i0.wp.com\/infos-droitshumains.net\/wp-content\/uploads\/2026\/04\/IMG-20260417-WA0015.jpg?fit=640%2C320&ssl=1",640,320,true],"large":["https:\/\/i0.wp.com\/infos-droitshumains.net\/wp-content\/uploads\/2026\/04\/IMG-20260417-WA0015.jpg?fit=640%2C320&ssl=1",640,320,true],"1536x1536":["https:\/\/i0.wp.com\/infos-droitshumains.net\/wp-content\/uploads\/2026\/04\/IMG-20260417-WA0015.jpg?fit=1080%2C540&ssl=1",1080,540,true],"2048x2048":["https:\/\/i0.wp.com\/infos-droitshumains.net\/wp-content\/uploads\/2026\/04\/IMG-20260417-WA0015.jpg?fit=1080%2C540&ssl=1",1080,540,true],"covernews-slider-full":["https:\/\/i0.wp.com\/infos-droitshumains.net\/wp-content\/uploads\/2026\/04\/IMG-20260417-WA0015.jpg?resize=1080%2C540&ssl=1",1080,540,true],"covernews-slider-center":["https:\/\/i0.wp.com\/infos-droitshumains.net\/wp-content\/uploads\/2026\/04\/IMG-20260417-WA0015.jpg?resize=800%2C500&ssl=1",800,500,true],"covernews-featured":["https:\/\/i0.wp.com\/infos-droitshumains.net\/wp-content\/uploads\/2026\/04\/IMG-20260417-WA0015.jpg?fit=1024%2C512&ssl=1",1024,512,true],"covernews-medium":["https:\/\/i0.wp.com\/infos-droitshumains.net\/wp-content\/uploads\/2026\/04\/IMG-20260417-WA0015.jpg?resize=540%2C340&ssl=1",540,340,true],"covernews-medium-square":["https:\/\/i0.wp.com\/infos-droitshumains.net\/wp-content\/uploads\/2026\/04\/IMG-20260417-WA0015.jpg?resize=400%2C250&ssl=1",400,250,true]},"author_info":{"display_name":"Jo\u00ebl Diawa","author_link":"https:\/\/infos-droitshumains.net\/?author=2"},"category_info":"<a href=\"https:\/\/infos-droitshumains.net\/?cat=6\" rel=\"category\">Justice<\/a>","tag_info":"Justice","comment_count":"0","jetpack_featured_media_url":"https:\/\/i0.wp.com\/infos-droitshumains.net\/wp-content\/uploads\/2026\/04\/IMG-20260417-WA0015.jpg?fit=1080%2C540&ssl=1","jetpack-related-posts":[],"jetpack_sharing_enabled":true,"_links":{"self":[{"href":"https:\/\/infos-droitshumains.net\/index.php?rest_route=\/wp\/v2\/posts\/18892","targetHints":{"allow":["GET"]}}],"collection":[{"href":"https:\/\/infos-droitshumains.net\/index.php?rest_route=\/wp\/v2\/posts"}],"about":[{"href":"https:\/\/infos-droitshumains.net\/index.php?rest_route=\/wp\/v2\/types\/post"}],"author":[{"embeddable":true,"href":"https:\/\/infos-droitshumains.net\/index.php?rest_route=\/wp\/v2\/users\/2"}],"replies":[{"embeddable":true,"href":"https:\/\/infos-droitshumains.net\/index.php?rest_route=%2Fwp%2Fv2%2Fcomments&post=18892"}],"version-history":[{"count":5,"href":"https:\/\/infos-droitshumains.net\/index.php?rest_route=\/wp\/v2\/posts\/18892\/revisions"}],"predecessor-version":[{"id":18898,"href":"https:\/\/infos-droitshumains.net\/index.php?rest_route=\/wp\/v2\/posts\/18892\/revisions\/18898"}],"wp:featuredmedia":[{"embeddable":true,"href":"https:\/\/infos-droitshumains.net\/index.php?rest_route=\/wp\/v2\/media\/18896"}],"wp:attachment":[{"href":"https:\/\/infos-droitshumains.net\/index.php?rest_route=%2Fwp%2Fv2%2Fmedia&parent=18892"}],"wp:term":[{"taxonomy":"category","embeddable":true,"href":"https:\/\/infos-droitshumains.net\/index.php?rest_route=%2Fwp%2Fv2%2Fcategories&post=18892"},{"taxonomy":"post_tag","embeddable":true,"href":"https:\/\/infos-droitshumains.net\/index.php?rest_route=%2Fwp%2Fv2%2Ftags&post=18892"}],"curies":[{"name":"wp","href":"https:\/\/api.w.org\/{rel}","templated":true}]}}