{"id":18884,"date":"2026-04-16T09:48:55","date_gmt":"2026-04-16T07:48:55","guid":{"rendered":"https:\/\/infos-droitshumains.net\/?p=18884"},"modified":"2026-04-16T10:47:45","modified_gmt":"2026-04-16T08:47:45","slug":"kinshasa-une-soiree-de-gala-pour-celebrer-et-valoriser-la-femme-des-medias","status":"publish","type":"post","link":"https:\/\/infos-droitshumains.net\/?p=18884","title":{"rendered":"Kinshasa : une soir\u00e9e de gala pour c\u00e9l\u00e9brer et valoriser la femme des m\u00e9dias"},"content":{"rendered":"\n<p><strong>R\u00e9daction: +243 817 406 088<\/strong><\/p>\n\n\n\n<h3 class=\"wp-block-heading has-vivid-red-color has-text-color has-link-color wp-elements-174376ec93edeeb3b38b098ed2a04324\">Une soir\u00e9e de gala d\u00e9di\u00e9e \u00e0 la remise des troph\u00e9es et des dipl\u00f4mes de m\u00e9rite se tiendra ce jeudi 16 avril 2026 \u00e0 Mus\u00e9e national de la RDC, \u00e0 Kinshasa. Cette initiative vise \u00e0 valoriser et encourager le savoir-faire des femmes des m\u00e9dias en R\u00e9publique d\u00e9mocratique du Congo (RDC), a-t-on appris mardi aupr\u00e8s des organisateurs.<\/h3>\n\n\n\n<p><em>\u00ab La Tribune des femmes des m\u00e9dias (TFM) a l\u2019honneur d\u2019annoncer l\u2019organisation d\u2019une grande soir\u00e9e de gala qui se tiendra le 16 avril 2026, au Mus\u00e9e national, centr\u00e9e sur la remise des troph\u00e9es et des dipl\u00f4mes. Cet \u00e9v\u00e9nement prestigieux s\u2019inscrit dans une dynamique de valorisation et d\u2019encouragement de la femme des m\u00e9dias, actrice essentielle dans un monde en pleine transformation num\u00e9rique \u00bb<\/em>, a d\u00e9clar\u00e9 Rachel Shako, pr\u00e9sidente de la TFM.<\/p>\n\n\n\n<p>Elle a par ailleurs soulign\u00e9 les d\u00e9fis auxquels le secteur m\u00e9diatique reste confront\u00e9 \u00e0 l\u2019\u00e8re du num\u00e9rique. <em>\u00ab \u00c0 l\u2019\u00e8re du num\u00e9rique, il est crucial de rappeler que les m\u00e9dias et leurs professionnels demeurent encore, pour une large part, ancr\u00e9s dans des pratiques analogiques. Cette r\u00e9alit\u00e9 soul\u00e8ve des d\u00e9fis majeurs, notamment en mati\u00e8re de respect de l\u2019\u00e9thique et de la d\u00e9ontologie journalistique, qui restent au c\u0153ur de leur engagement.\u00bb<\/em><\/p>\n\n\n\n<p>Au-del\u00e0 de la c\u00e9l\u00e9bration, l\u2019\u00e9v\u00e9nement se veut \u00e9galement un cadre de r\u00e9flexion sur le r\u00f4le de la femme dans les m\u00e9dias contemporains. <em>\u00ab \u00c0 travers cette soir\u00e9e, la TFM entend, non seulement c\u00e9l\u00e9brer l\u2019excellence, mais \u00e9galement renforcer la r\u00e9flexion autour du r\u00f4le de la femme dans les m\u00e9dias contemporains \u00bb<\/em>, a-t-elle expliqu\u00e9.<\/p>\n\n\n\n<p>Cette rencontre marquera \u00e9galement la cl\u00f4ture du mois d\u00e9di\u00e9 \u00e0 la femme, avec un accent particulier sur les enjeux actuels. <em>\u00ab \u00c0 cette occasion, une analyse approfondie sera men\u00e9e autour des th\u00e9matiques nationales et internationales de l\u2019ann\u00e9e 2026, afin d\u2019en \u00e9valuer la port\u00e9e et l\u2019impact dans diff\u00e9rents secteurs de la soci\u00e9t\u00e9 \u00bb<\/em>, a pr\u00e9cis\u00e9 Mme Shako.<\/p>\n\n\n\n<p>La TFM entend profiter de cette tribune pour honorer des parcours inspirants. <em>\u00ab La TFM qui s\u2019est assign\u00e9 la mission de promouvoir le leadership f\u00e9minin profitera de ce cadre pour honorer et r\u00e9compenser des femmes qui se sont distingu\u00e9es par leur engagement, leur professionnalisme et leur contribution au d\u00e9veloppement de la RDC \u00bb<\/em>, a-t-elle ajout\u00e9.<\/p>\n\n\n\n<p><em>\u00ab Ces distinctions seront d\u00e9cern\u00e9es \u00e0 celles qui \u0153uvrent avec d\u00e9vouement pour la patrie, incarnant les valeurs de courage, de responsabilit\u00e9 et de leadership \u00bb<\/em>, a-t-elle poursuivi.<\/p>\n\n\n\n<p>Enfin, cette soir\u00e9e rev\u00eatira un caract\u00e8re particulier avec la c\u00e9l\u00e9bration d\u2019un jalon important pour l\u2019organisation. <em>\u00ab Cette soir\u00e9e sera \u00e9galement l\u2019occasion de c\u00e9l\u00e9brer le cinqui\u00e8me anniversaire de la Tribune des Femmes des M\u00e9dias, marquant ainsi cinq ann\u00e9es d\u2019engagement, de plaidoyer et d\u2019impact en faveur de la femme. Une c\u00e9l\u00e9bration d\u2019excellence, de r\u00e9flexion et d\u2019inspiration au service de la femme et de la soci\u00e9t\u00e9 \u00bb<\/em>, a-t-elle conclu.<\/p>\n\n\n\n<p>Structure engag\u00e9e dans la promotion du leadership f\u00e9minin, la Tribune des Femmes des M\u00e9dias \u0153uvre pour la valorisation de la femme, en particulier dans le secteur m\u00e9diatique. Plusieurs personnalit\u00e9s sont attendues \u00e0 cette soir\u00e9e, dont Merlin Kamalandua, Pr\u00e9sident de l\u2019Union Nationale des Cameramen du Congo,  UNCC, annonc\u00e9 parmi les invit\u00e9s de marque.<\/p>\n\n\n\n<p>Jo\u00ebl Diawa<\/p>\n","protected":false},"excerpt":{"rendered":"<p>R\u00e9daction: +243 817 406 088 Une soir\u00e9e de gala d\u00e9di\u00e9e \u00e0 la remise des troph\u00e9es&#8230;<\/p>\n","protected":false},"author":2,"featured_media":18886,"comment_status":"open","ping_status":"open","sticky":false,"template":"","format":"standard","meta":{"_jetpack_memberships_contains_paid_content":false,"footnotes":""},"categories":[8],"tags":[],"class_list":["post-18884","post","type-post","status-publish","format-standard","has-post-thumbnail","hentry","category-societe"],"yoast_head":"<!-- This site is optimized with the Yoast SEO plugin v27.5 - https:\/\/yoast.com\/product\/yoast-seo-wordpress\/ -->\n<title>Kinshasa : une soir\u00e9e de gala pour c\u00e9l\u00e9brer et valoriser la femme des m\u00e9dias - Infos Droits Humains<\/title>\n<meta name=\"robots\" content=\"index, follow, max-snippet:-1, max-image-preview:large, max-video-preview:-1\" \/>\n<link rel=\"canonical\" href=\"https:\/\/infos-droitshumains.net\/?p=18884\" \/>\n<meta property=\"og:locale\" content=\"fr_FR\" \/>\n<meta property=\"og:type\" content=\"article\" \/>\n<meta property=\"og:title\" content=\"Kinshasa : une soir\u00e9e de gala pour c\u00e9l\u00e9brer et valoriser la femme des m\u00e9dias - Infos Droits Humains\" \/>\n<meta property=\"og:description\" content=\"R\u00e9daction: +243 817 406 088 Une soir\u00e9e de gala d\u00e9di\u00e9e \u00e0 la remise des troph\u00e9es...\" \/>\n<meta property=\"og:url\" content=\"https:\/\/infos-droitshumains.net\/?p=18884\" \/>\n<meta property=\"og:site_name\" content=\"Infos Droits Humains\" \/>\n<meta property=\"article:published_time\" content=\"2026-04-16T07:48:55+00:00\" \/>\n<meta property=\"article:modified_time\" content=\"2026-04-16T08:47:45+00:00\" \/>\n<meta property=\"og:image\" content=\"https:\/\/infos-droitshumains.net\/wp-content\/uploads\/2026\/04\/IMG-20260416-WA0010.jpg\" \/>\n\t<meta property=\"og:image:width\" content=\"876\" \/>\n\t<meta property=\"og:image:height\" content=\"900\" \/>\n\t<meta property=\"og:image:type\" content=\"image\/jpeg\" \/>\n<meta name=\"author\" content=\"Jo\u00ebl Diawa\" \/>\n<meta name=\"twitter:card\" content=\"summary_large_image\" \/>\n<meta name=\"twitter:label1\" content=\"\u00c9crit par\" \/>\n\t<meta name=\"twitter:data1\" content=\"Jo\u00ebl Diawa\" \/>\n\t<meta name=\"twitter:label2\" content=\"Dur\u00e9e de lecture estim\u00e9e\" \/>\n\t<meta name=\"twitter:data2\" content=\"3 minutes\" \/>\n<script type=\"application\/ld+json\" class=\"yoast-schema-graph\">{\"@context\":\"https:\\\/\\\/schema.org\",\"@graph\":[{\"@type\":\"Article\",\"@id\":\"https:\\\/\\\/infos-droitshumains.net\\\/?p=18884#article\",\"isPartOf\":{\"@id\":\"https:\\\/\\\/infos-droitshumains.net\\\/?p=18884\"},\"author\":{\"name\":\"Jo\u00ebl Diawa\",\"@id\":\"https:\\\/\\\/infos-droitshumains.net\\\/#\\\/schema\\\/person\\\/3dc5e921c3302172e0ed4362f96faab7\"},\"headline\":\"Kinshasa : une soir\u00e9e de gala pour c\u00e9l\u00e9brer et valoriser la femme des m\u00e9dias\",\"datePublished\":\"2026-04-16T07:48:55+00:00\",\"dateModified\":\"2026-04-16T08:47:45+00:00\",\"mainEntityOfPage\":{\"@id\":\"https:\\\/\\\/infos-droitshumains.net\\\/?p=18884\"},\"wordCount\":603,\"commentCount\":0,\"publisher\":{\"@id\":\"https:\\\/\\\/infos-droitshumains.net\\\/#organization\"},\"image\":{\"@id\":\"https:\\\/\\\/infos-droitshumains.net\\\/?p=18884#primaryimage\"},\"thumbnailUrl\":\"https:\\\/\\\/i0.wp.com\\\/infos-droitshumains.net\\\/wp-content\\\/uploads\\\/2026\\\/04\\\/IMG-20260416-WA0010.jpg?fit=876%2C900&ssl=1\",\"articleSection\":[\"Soci\u00e9t\u00e9\"],\"inLanguage\":\"fr-FR\",\"potentialAction\":[{\"@type\":\"CommentAction\",\"name\":\"Comment\",\"target\":[\"https:\\\/\\\/infos-droitshumains.net\\\/?p=18884#respond\"]}]},{\"@type\":\"WebPage\",\"@id\":\"https:\\\/\\\/infos-droitshumains.net\\\/?p=18884\",\"url\":\"https:\\\/\\\/infos-droitshumains.net\\\/?p=18884\",\"name\":\"Kinshasa : une soir\u00e9e de gala pour c\u00e9l\u00e9brer et valoriser la femme des m\u00e9dias - Infos Droits Humains\",\"isPartOf\":{\"@id\":\"https:\\\/\\\/infos-droitshumains.net\\\/#website\"},\"primaryImageOfPage\":{\"@id\":\"https:\\\/\\\/infos-droitshumains.net\\\/?p=18884#primaryimage\"},\"image\":{\"@id\":\"https:\\\/\\\/infos-droitshumains.net\\\/?p=18884#primaryimage\"},\"thumbnailUrl\":\"https:\\\/\\\/i0.wp.com\\\/infos-droitshumains.net\\\/wp-content\\\/uploads\\\/2026\\\/04\\\/IMG-20260416-WA0010.jpg?fit=876%2C900&ssl=1\",\"datePublished\":\"2026-04-16T07:48:55+00:00\",\"dateModified\":\"2026-04-16T08:47:45+00:00\",\"breadcrumb\":{\"@id\":\"https:\\\/\\\/infos-droitshumains.net\\\/?p=18884#breadcrumb\"},\"inLanguage\":\"fr-FR\",\"potentialAction\":[{\"@type\":\"ReadAction\",\"target\":[\"https:\\\/\\\/infos-droitshumains.net\\\/?p=18884\"]}]},{\"@type\":\"ImageObject\",\"inLanguage\":\"fr-FR\",\"@id\":\"https:\\\/\\\/infos-droitshumains.net\\\/?p=18884#primaryimage\",\"url\":\"https:\\\/\\\/i0.wp.com\\\/infos-droitshumains.net\\\/wp-content\\\/uploads\\\/2026\\\/04\\\/IMG-20260416-WA0010.jpg?fit=876%2C900&ssl=1\",\"contentUrl\":\"https:\\\/\\\/i0.wp.com\\\/infos-droitshumains.net\\\/wp-content\\\/uploads\\\/2026\\\/04\\\/IMG-20260416-WA0010.jpg?fit=876%2C900&ssl=1\",\"width\":876,\"height\":900},{\"@type\":\"BreadcrumbList\",\"@id\":\"https:\\\/\\\/infos-droitshumains.net\\\/?p=18884#breadcrumb\",\"itemListElement\":[{\"@type\":\"ListItem\",\"position\":1,\"name\":\"Accueil\",\"item\":\"https:\\\/\\\/infos-droitshumains.net\\\/\"},{\"@type\":\"ListItem\",\"position\":2,\"name\":\"Kinshasa : une soir\u00e9e de gala pour c\u00e9l\u00e9brer et valoriser la femme des m\u00e9dias\"}]},{\"@type\":\"WebSite\",\"@id\":\"https:\\\/\\\/infos-droitshumains.net\\\/#website\",\"url\":\"https:\\\/\\\/infos-droitshumains.net\\\/\",\"name\":\"Infos Droits Humains\",\"description\":\"S&#039;informer est un droit\",\"publisher\":{\"@id\":\"https:\\\/\\\/infos-droitshumains.net\\\/#organization\"},\"potentialAction\":[{\"@type\":\"SearchAction\",\"target\":{\"@type\":\"EntryPoint\",\"urlTemplate\":\"https:\\\/\\\/infos-droitshumains.net\\\/?s={search_term_string}\"},\"query-input\":{\"@type\":\"PropertyValueSpecification\",\"valueRequired\":true,\"valueName\":\"search_term_string\"}}],\"inLanguage\":\"fr-FR\"},{\"@type\":\"Organization\",\"@id\":\"https:\\\/\\\/infos-droitshumains.net\\\/#organization\",\"name\":\"Infos Droits Humains\",\"url\":\"https:\\\/\\\/infos-droitshumains.net\\\/\",\"logo\":{\"@type\":\"ImageObject\",\"inLanguage\":\"fr-FR\",\"@id\":\"https:\\\/\\\/infos-droitshumains.net\\\/#\\\/schema\\\/logo\\\/image\\\/\",\"url\":\"https:\\\/\\\/i0.wp.com\\\/infos-droitshumains.net\\\/wp-content\\\/uploads\\\/2022\\\/05\\\/Logo.png?fit=333%2C129&ssl=1\",\"contentUrl\":\"https:\\\/\\\/i0.wp.com\\\/infos-droitshumains.net\\\/wp-content\\\/uploads\\\/2022\\\/05\\\/Logo.png?fit=333%2C129&ssl=1\",\"width\":333,\"height\":129,\"caption\":\"Infos Droits Humains\"},\"image\":{\"@id\":\"https:\\\/\\\/infos-droitshumains.net\\\/#\\\/schema\\\/logo\\\/image\\\/\"}},{\"@type\":\"Person\",\"@id\":\"https:\\\/\\\/infos-droitshumains.net\\\/#\\\/schema\\\/person\\\/3dc5e921c3302172e0ed4362f96faab7\",\"name\":\"Jo\u00ebl Diawa\",\"image\":{\"@type\":\"ImageObject\",\"inLanguage\":\"fr-FR\",\"@id\":\"https:\\\/\\\/secure.gravatar.com\\\/avatar\\\/729bea6ff4604c624417803c477363be8e3c7186deaa65713313f9b4b820f41c?s=96&d=mm&r=g\",\"url\":\"https:\\\/\\\/secure.gravatar.com\\\/avatar\\\/729bea6ff4604c624417803c477363be8e3c7186deaa65713313f9b4b820f41c?s=96&d=mm&r=g\",\"contentUrl\":\"https:\\\/\\\/secure.gravatar.com\\\/avatar\\\/729bea6ff4604c624417803c477363be8e3c7186deaa65713313f9b4b820f41c?s=96&d=mm&r=g\",\"caption\":\"Jo\u00ebl Diawa\"},\"sameAs\":[\"https:\\\/\\\/www.infos-droitshumains.net\"],\"url\":\"https:\\\/\\\/infos-droitshumains.net\\\/?author=2\"}]}<\/script>\n<!-- \/ Yoast SEO plugin. -->","yoast_head_json":{"title":"Kinshasa : une soir\u00e9e de gala pour c\u00e9l\u00e9brer et valoriser la femme des m\u00e9dias - Infos Droits Humains","robots":{"index":"index","follow":"follow","max-snippet":"max-snippet:-1","max-image-preview":"max-image-preview:large","max-video-preview":"max-video-preview:-1"},"canonical":"https:\/\/infos-droitshumains.net\/?p=18884","og_locale":"fr_FR","og_type":"article","og_title":"Kinshasa : une soir\u00e9e de gala pour c\u00e9l\u00e9brer et valoriser la femme des m\u00e9dias - Infos Droits Humains","og_description":"R\u00e9daction: +243 817 406 088 Une soir\u00e9e de gala d\u00e9di\u00e9e \u00e0 la remise des troph\u00e9es...","og_url":"https:\/\/infos-droitshumains.net\/?p=18884","og_site_name":"Infos Droits Humains","article_published_time":"2026-04-16T07:48:55+00:00","article_modified_time":"2026-04-16T08:47:45+00:00","og_image":[{"width":876,"height":900,"url":"https:\/\/infos-droitshumains.net\/wp-content\/uploads\/2026\/04\/IMG-20260416-WA0010.jpg","type":"image\/jpeg"}],"author":"Jo\u00ebl Diawa","twitter_card":"summary_large_image","twitter_misc":{"\u00c9crit par":"Jo\u00ebl Diawa","Dur\u00e9e de lecture estim\u00e9e":"3 minutes"},"schema":{"@context":"https:\/\/schema.org","@graph":[{"@type":"Article","@id":"https:\/\/infos-droitshumains.net\/?p=18884#article","isPartOf":{"@id":"https:\/\/infos-droitshumains.net\/?p=18884"},"author":{"name":"Jo\u00ebl Diawa","@id":"https:\/\/infos-droitshumains.net\/#\/schema\/person\/3dc5e921c3302172e0ed4362f96faab7"},"headline":"Kinshasa : une soir\u00e9e de gala pour c\u00e9l\u00e9brer et valoriser la femme des m\u00e9dias","datePublished":"2026-04-16T07:48:55+00:00","dateModified":"2026-04-16T08:47:45+00:00","mainEntityOfPage":{"@id":"https:\/\/infos-droitshumains.net\/?p=18884"},"wordCount":603,"commentCount":0,"publisher":{"@id":"https:\/\/infos-droitshumains.net\/#organization"},"image":{"@id":"https:\/\/infos-droitshumains.net\/?p=18884#primaryimage"},"thumbnailUrl":"https:\/\/i0.wp.com\/infos-droitshumains.net\/wp-content\/uploads\/2026\/04\/IMG-20260416-WA0010.jpg?fit=876%2C900&ssl=1","articleSection":["Soci\u00e9t\u00e9"],"inLanguage":"fr-FR","potentialAction":[{"@type":"CommentAction","name":"Comment","target":["https:\/\/infos-droitshumains.net\/?p=18884#respond"]}]},{"@type":"WebPage","@id":"https:\/\/infos-droitshumains.net\/?p=18884","url":"https:\/\/infos-droitshumains.net\/?p=18884","name":"Kinshasa : une soir\u00e9e de gala pour c\u00e9l\u00e9brer et valoriser la femme des m\u00e9dias - Infos Droits Humains","isPartOf":{"@id":"https:\/\/infos-droitshumains.net\/#website"},"primaryImageOfPage":{"@id":"https:\/\/infos-droitshumains.net\/?p=18884#primaryimage"},"image":{"@id":"https:\/\/infos-droitshumains.net\/?p=18884#primaryimage"},"thumbnailUrl":"https:\/\/i0.wp.com\/infos-droitshumains.net\/wp-content\/uploads\/2026\/04\/IMG-20260416-WA0010.jpg?fit=876%2C900&ssl=1","datePublished":"2026-04-16T07:48:55+00:00","dateModified":"2026-04-16T08:47:45+00:00","breadcrumb":{"@id":"https:\/\/infos-droitshumains.net\/?p=18884#breadcrumb"},"inLanguage":"fr-FR","potentialAction":[{"@type":"ReadAction","target":["https:\/\/infos-droitshumains.net\/?p=18884"]}]},{"@type":"ImageObject","inLanguage":"fr-FR","@id":"https:\/\/infos-droitshumains.net\/?p=18884#primaryimage","url":"https:\/\/i0.wp.com\/infos-droitshumains.net\/wp-content\/uploads\/2026\/04\/IMG-20260416-WA0010.jpg?fit=876%2C900&ssl=1","contentUrl":"https:\/\/i0.wp.com\/infos-droitshumains.net\/wp-content\/uploads\/2026\/04\/IMG-20260416-WA0010.jpg?fit=876%2C900&ssl=1","width":876,"height":900},{"@type":"BreadcrumbList","@id":"https:\/\/infos-droitshumains.net\/?p=18884#breadcrumb","itemListElement":[{"@type":"ListItem","position":1,"name":"Accueil","item":"https:\/\/infos-droitshumains.net\/"},{"@type":"ListItem","position":2,"name":"Kinshasa : une soir\u00e9e de gala pour c\u00e9l\u00e9brer et valoriser la femme des m\u00e9dias"}]},{"@type":"WebSite","@id":"https:\/\/infos-droitshumains.net\/#website","url":"https:\/\/infos-droitshumains.net\/","name":"Infos Droits Humains","description":"S&#039;informer est un droit","publisher":{"@id":"https:\/\/infos-droitshumains.net\/#organization"},"potentialAction":[{"@type":"SearchAction","target":{"@type":"EntryPoint","urlTemplate":"https:\/\/infos-droitshumains.net\/?s={search_term_string}"},"query-input":{"@type":"PropertyValueSpecification","valueRequired":true,"valueName":"search_term_string"}}],"inLanguage":"fr-FR"},{"@type":"Organization","@id":"https:\/\/infos-droitshumains.net\/#organization","name":"Infos Droits Humains","url":"https:\/\/infos-droitshumains.net\/","logo":{"@type":"ImageObject","inLanguage":"fr-FR","@id":"https:\/\/infos-droitshumains.net\/#\/schema\/logo\/image\/","url":"https:\/\/i0.wp.com\/infos-droitshumains.net\/wp-content\/uploads\/2022\/05\/Logo.png?fit=333%2C129&ssl=1","contentUrl":"https:\/\/i0.wp.com\/infos-droitshumains.net\/wp-content\/uploads\/2022\/05\/Logo.png?fit=333%2C129&ssl=1","width":333,"height":129,"caption":"Infos Droits Humains"},"image":{"@id":"https:\/\/infos-droitshumains.net\/#\/schema\/logo\/image\/"}},{"@type":"Person","@id":"https:\/\/infos-droitshumains.net\/#\/schema\/person\/3dc5e921c3302172e0ed4362f96faab7","name":"Jo\u00ebl Diawa","image":{"@type":"ImageObject","inLanguage":"fr-FR","@id":"https:\/\/secure.gravatar.com\/avatar\/729bea6ff4604c624417803c477363be8e3c7186deaa65713313f9b4b820f41c?s=96&d=mm&r=g","url":"https:\/\/secure.gravatar.com\/avatar\/729bea6ff4604c624417803c477363be8e3c7186deaa65713313f9b4b820f41c?s=96&d=mm&r=g","contentUrl":"https:\/\/secure.gravatar.com\/avatar\/729bea6ff4604c624417803c477363be8e3c7186deaa65713313f9b4b820f41c?s=96&d=mm&r=g","caption":"Jo\u00ebl Diawa"},"sameAs":["https:\/\/www.infos-droitshumains.net"],"url":"https:\/\/infos-droitshumains.net\/?author=2"}]}},"featured_image_urls":{"full":["https:\/\/i0.wp.com\/infos-droitshumains.net\/wp-content\/uploads\/2026\/04\/IMG-20260416-WA0010.jpg?fit=876%2C900&ssl=1",876,900,false],"thumbnail":["https:\/\/i0.wp.com\/infos-droitshumains.net\/wp-content\/uploads\/2026\/04\/IMG-20260416-WA0010.jpg?resize=150%2C150&ssl=1",150,150,true],"medium":["https:\/\/i0.wp.com\/infos-droitshumains.net\/wp-content\/uploads\/2026\/04\/IMG-20260416-WA0010.jpg?fit=292%2C300&ssl=1",292,300,true],"medium_large":["https:\/\/i0.wp.com\/infos-droitshumains.net\/wp-content\/uploads\/2026\/04\/IMG-20260416-WA0010.jpg?fit=640%2C658&ssl=1",640,658,true],"large":["https:\/\/i0.wp.com\/infos-droitshumains.net\/wp-content\/uploads\/2026\/04\/IMG-20260416-WA0010.jpg?fit=640%2C658&ssl=1",640,658,true],"1536x1536":["https:\/\/i0.wp.com\/infos-droitshumains.net\/wp-content\/uploads\/2026\/04\/IMG-20260416-WA0010.jpg?fit=876%2C900&ssl=1",876,900,true],"2048x2048":["https:\/\/i0.wp.com\/infos-droitshumains.net\/wp-content\/uploads\/2026\/04\/IMG-20260416-WA0010.jpg?fit=876%2C900&ssl=1",876,900,true],"covernews-slider-full":["https:\/\/i0.wp.com\/infos-droitshumains.net\/wp-content\/uploads\/2026\/04\/IMG-20260416-WA0010.jpg?resize=876%2C715&ssl=1",876,715,true],"covernews-slider-center":["https:\/\/i0.wp.com\/infos-droitshumains.net\/wp-content\/uploads\/2026\/04\/IMG-20260416-WA0010.jpg?resize=800%2C500&ssl=1",800,500,true],"covernews-featured":["https:\/\/i0.wp.com\/infos-droitshumains.net\/wp-content\/uploads\/2026\/04\/IMG-20260416-WA0010.jpg?fit=876%2C900&ssl=1",876,900,true],"covernews-medium":["https:\/\/i0.wp.com\/infos-droitshumains.net\/wp-content\/uploads\/2026\/04\/IMG-20260416-WA0010.jpg?resize=540%2C340&ssl=1",540,340,true],"covernews-medium-square":["https:\/\/i0.wp.com\/infos-droitshumains.net\/wp-content\/uploads\/2026\/04\/IMG-20260416-WA0010.jpg?resize=400%2C250&ssl=1",400,250,true]},"author_info":{"display_name":"Jo\u00ebl Diawa","author_link":"https:\/\/infos-droitshumains.net\/?author=2"},"category_info":"<a href=\"https:\/\/infos-droitshumains.net\/?cat=8\" rel=\"category\">Soci\u00e9t\u00e9<\/a>","tag_info":"Soci\u00e9t\u00e9","comment_count":"0","jetpack_featured_media_url":"https:\/\/i0.wp.com\/infos-droitshumains.net\/wp-content\/uploads\/2026\/04\/IMG-20260416-WA0010.jpg?fit=876%2C900&ssl=1","jetpack-related-posts":[],"jetpack_sharing_enabled":true,"_links":{"self":[{"href":"https:\/\/infos-droitshumains.net\/index.php?rest_route=\/wp\/v2\/posts\/18884","targetHints":{"allow":["GET"]}}],"collection":[{"href":"https:\/\/infos-droitshumains.net\/index.php?rest_route=\/wp\/v2\/posts"}],"about":[{"href":"https:\/\/infos-droitshumains.net\/index.php?rest_route=\/wp\/v2\/types\/post"}],"author":[{"embeddable":true,"href":"https:\/\/infos-droitshumains.net\/index.php?rest_route=\/wp\/v2\/users\/2"}],"replies":[{"embeddable":true,"href":"https:\/\/infos-droitshumains.net\/index.php?rest_route=%2Fwp%2Fv2%2Fcomments&post=18884"}],"version-history":[{"count":4,"href":"https:\/\/infos-droitshumains.net\/index.php?rest_route=\/wp\/v2\/posts\/18884\/revisions"}],"predecessor-version":[{"id":18891,"href":"https:\/\/infos-droitshumains.net\/index.php?rest_route=\/wp\/v2\/posts\/18884\/revisions\/18891"}],"wp:featuredmedia":[{"embeddable":true,"href":"https:\/\/infos-droitshumains.net\/index.php?rest_route=\/wp\/v2\/media\/18886"}],"wp:attachment":[{"href":"https:\/\/infos-droitshumains.net\/index.php?rest_route=%2Fwp%2Fv2%2Fmedia&parent=18884"}],"wp:term":[{"taxonomy":"category","embeddable":true,"href":"https:\/\/infos-droitshumains.net\/index.php?rest_route=%2Fwp%2Fv2%2Fcategories&post=18884"},{"taxonomy":"post_tag","embeddable":true,"href":"https:\/\/infos-droitshumains.net\/index.php?rest_route=%2Fwp%2Fv2%2Ftags&post=18884"}],"curies":[{"name":"wp","href":"https:\/\/api.w.org\/{rel}","templated":true}]}}