{"id":18874,"date":"2026-04-15T17:40:36","date_gmt":"2026-04-15T15:40:36","guid":{"rendered":"https:\/\/infos-droitshumains.net\/?p=18874"},"modified":"2026-04-15T20:04:57","modified_gmt":"2026-04-15T18:04:57","slug":"scandale-judiciaire-au-tgi-lubumbashi-le-role-de-dieudonne-kamuleta-suscite-des-interrogations","status":"publish","type":"post","link":"https:\/\/infos-droitshumains.net\/?p=18874","title":{"rendered":"Scandale judiciaire au TGI\/Lubumbashi : le r\u00f4le de Dieudonn\u00e9 Kamuleta suscite des interrogations"},"content":{"rendered":"\n<p><strong>R\u00e9daction: +243 817 406 088<\/strong><\/p>\n\n\n\n<h3 class=\"wp-block-heading has-vivid-red-color has-text-color has-link-color wp-elements-b7f683143a2fab83b8ea5730405dfbf9\">Dans un pass\u00e9 r\u00e9cent, le Pr\u00e9sident de la R\u00e9publique, avait exprim\u00e9 des r\u00e9serves sur le fonctionnement de l\u2019appareil judiciaire en le qualifiant de \u00a0\u00bbmalade\u00a0\u00bb, \u00e9voquant l\u2019existence de pratiques susceptibles de fragiliser l\u2019ind\u00e9pendance de la justice. Aujourd\u2019hui, certains observateurs estiment que certains faits r\u00e9cents pourraient donner un \u00e9cho \u00e0 ces pr\u00e9occupations, bien que ces accusations ne fasse pas l\u2019unanimit\u00e9. Des all\u00e9gations de dysfonctionnements au sein de la justice congolaise refont surface, mettant en cause certaines hautes personnalit\u00e9s judiciaires. Parmi les noms cit\u00e9s figure celui de Dieudonn\u00e9 Kamuleta Badibanga, pr\u00e9sident de la Cour constitutionnelle, dont le r\u00f4le dans plusieurs dossiers ferait l\u2019objet de critiques dans certains milieux.<\/h3>\n\n\n\n<p><strong>Une affaire controvers\u00e9e \u00e0 Lubumbashi<\/strong><\/p>\n\n\n\n<p>Au Tribunal de grande instance de Lubumbashi, une affaire impliquant une entreprise \u00e9trang\u00e8re, JIAYOU International Logistics Co. Ltd, suscite des interrogations. Selon certaines sources, par un jugement controvers\u00e9, cette soci\u00e9t\u00e9 aurait \u00e9t\u00e9 condamn\u00e9e \u00e0 verser d\u2019importantes sommes \u00e0 la Direction g\u00e9n\u00e9rale des recettes domaniales (DGRAD).<\/p>\n\n\n\n<p>Cependant, il est avanc\u00e9 notamment par des conseils juridiques de l\u2019entreprise que cette d\u00e9cision pourrait \u00eatre contest\u00e9e, dans la mesure o\u00f9 des responsables de la DGRAD auraient indiqu\u00e9 que ladite soci\u00e9t\u00e9 ne serait pas redevable envers l\u2019\u00c9tat. Ces \u00e9l\u00e9ments, s\u2019ils \u00e9taient confirm\u00e9s, pourraient soulever des incoh\u00e9rences dans le traitement du dossier.<\/p>\n\n\n\n<p>Selon les informations rapport\u00e9es par le m\u00e9dia en ligne C-News, le pr\u00e9sident de la Cour Constitutionnelle Dieudonn\u00e9 Kamuleta serait impliqu\u00e9 dans cette affaire mise en ex\u00e9cution par le juge Kadima, Pr\u00e9sident du Tribunal de Grande Instance de Lubumbashi.<\/p>\n\n\n\n<p>Par ailleurs, la m\u00eame source \u00e9voque l\u2019\u00e9ventualit\u00e9 d\u2019influences ext\u00e9rieures dans la proc\u00e9dure judiciaire. Des noms, tels que celui de Me Ntambwe, Directeur de Cabinet adjoint du Vice-Premier Ministre, Ministre de l\u2019Int\u00e9rieur sont cit\u00e9s dans ces all\u00e9gations, sans que ces accusations ne soient, \u00e0 ce stade, formellement \u00e9tablies.<\/p>\n\n\n\n<p>Les avocats de la soci\u00e9t\u00e9 chinoise rench\u00e9rit C-News, indiquent en outre que :<em> \u2018\u2019La v\u00e9rit\u00e9 dans ce dossier est que, Me Ntambwe lequel pr\u00e9tend \u00eatre un lanceur d&rsquo;alerte agissant sous l&rsquo;autorit\u00e9 du Pr\u00e9sident Kamuleta veut faire main basse sur les ressources de cette entreprise.\u2019\u2019<\/em><\/p>\n\n\n\n<p><strong>Des inqui\u00e9tudes dans les milieux judiciaires et \u00e9conomiques<\/strong><\/p>\n\n\n\n<p>Dans certains cercles de la soci\u00e9t\u00e9 civile et parmi des organisations de d\u00e9fense des droits humains, des inqui\u00e9tudes seraient exprim\u00e9es quant \u00e0 d\u2019\u00e9ventuelles pressions exerc\u00e9es sur des op\u00e9rateurs \u00e9conomiques, notamment \u00e9trangers. Ces pr\u00e9occupations portent notamment sur l\u2019impact que de telles pratiques pourraient avoir sur le climat des affaires en R\u00e9publique d\u00e9mocratique du Congo.<\/p>\n\n\n\n<p>Ces acteurs en appellent \u00e0 la vigilance des autorit\u00e9s comp\u00e9tentes, en particulier du pr\u00e9sident de la R\u00e9publique, F\u00e9lix Tshisekedi, afin de garantir la transparence et la cr\u00e9dibilit\u00e9 des institutions judiciaires.<\/p>\n\n\n\n<p><strong>Une intervention pour r\u00e9tablir l\u2019ordre ?<\/strong><\/p>\n\n\n\n<p>Selon certaines informations, le premier pr\u00e9sident de la Cour de cassation, le professeur Eli-L\u00e9on Ndomba, serait intervenu ou envisagerait de le faire, afin d\u2019attirer l\u2019attention des juridictions comp\u00e9tentes sur cette affaire. L\u2019objectif serait de clarifier la situation et de pr\u00e9venir toute d\u00e9rive \u00e9ventuelle dans le traitement du dossier.<\/p>\n\n\n\n<p>Ces d\u00e9marches, si elles sont confirm\u00e9es, pourraient t\u00e9moigner d\u2019une volont\u00e9 de certains responsables de pr\u00e9server la r\u00e9gularit\u00e9 des proc\u00e9dures.<\/p>\n\n\n\n<p><strong>La question de la fin de mandat \u00e0 la Cour constitutionnelle<\/strong><\/p>\n\n\n\n<p>En parall\u00e8le, des interrogations subsistent concernant la fin de mandat de certains membres de la Cour constitutionnelle, dont le Pr\u00e9sident Kamuleta pr\u00e9vue en principe pour juillet 2027. Des sources \u00e9voquent l\u2019existence d\u2019une r\u00e9flexion interne sur cette \u00e9ch\u00e9ance, qui n\u2019aurait pas encore \u00e9t\u00e9 examin\u00e9e en pl\u00e9ni\u00e8re. Certains observateurs estiment que ce retard pourrait alimenter des sp\u00e9culations sur d\u2019\u00e9ventuelles intentions de prolongation, bien qu\u2019aucune position officielle n\u2019ait \u00e9t\u00e9 clairement exprim\u00e9e \u00e0 ce sujet par le pr\u00e9sident de la Cour constitutionnelle.<\/p>\n\n\n\n<p>\u00c0 ce stade, les \u00e9l\u00e9ments \u00e9voqu\u00e9s rel\u00e8vent principalement d\u2019all\u00e9gations et de t\u00e9moignages qui m\u00e9riteraient d\u2019\u00eatre corrobor\u00e9s par des enqu\u00eates approfondies. Dans un contexte o\u00f9 la confiance dans les institutions judiciaires est essentielle, plusieurs voix appellent \u00e0 la transparence, au respect des proc\u00e9dures l\u00e9gales et \u00e0 la responsabilit\u00e9 des acteurs concern\u00e9s.<\/p>\n\n\n\n<p>La R\u00e9daction<\/p>\n","protected":false},"excerpt":{"rendered":"<p>R\u00e9daction: +243 817 406 088 Dans un pass\u00e9 r\u00e9cent, le Pr\u00e9sident de la R\u00e9publique, avait&#8230;<\/p>\n","protected":false},"author":3,"featured_media":18877,"comment_status":"open","ping_status":"open","sticky":false,"template":"","format":"standard","meta":{"_jetpack_memberships_contains_paid_content":false,"footnotes":""},"categories":[6],"tags":[],"class_list":["post-18874","post","type-post","status-publish","format-standard","has-post-thumbnail","hentry","category-justice"],"yoast_head":"<!-- This site is optimized with the Yoast SEO plugin v27.5 - https:\/\/yoast.com\/product\/yoast-seo-wordpress\/ -->\n<title>Scandale judiciaire au TGI\/Lubumbashi : le r\u00f4le de Dieudonn\u00e9 Kamuleta suscite des interrogations - Infos Droits Humains<\/title>\n<meta name=\"robots\" content=\"index, follow, max-snippet:-1, max-image-preview:large, max-video-preview:-1\" \/>\n<link rel=\"canonical\" href=\"https:\/\/infos-droitshumains.net\/?p=18874\" \/>\n<meta property=\"og:locale\" content=\"fr_FR\" \/>\n<meta property=\"og:type\" content=\"article\" \/>\n<meta property=\"og:title\" content=\"Scandale judiciaire au TGI\/Lubumbashi : le r\u00f4le de Dieudonn\u00e9 Kamuleta suscite des interrogations - Infos Droits Humains\" \/>\n<meta property=\"og:description\" content=\"R\u00e9daction: +243 817 406 088 Dans un pass\u00e9 r\u00e9cent, le Pr\u00e9sident de la R\u00e9publique, avait...\" \/>\n<meta property=\"og:url\" content=\"https:\/\/infos-droitshumains.net\/?p=18874\" \/>\n<meta property=\"og:site_name\" content=\"Infos Droits Humains\" \/>\n<meta property=\"article:published_time\" content=\"2026-04-15T15:40:36+00:00\" \/>\n<meta property=\"article:modified_time\" content=\"2026-04-15T18:04:57+00:00\" \/>\n<meta property=\"og:image\" content=\"https:\/\/infos-droitshumains.net\/wp-content\/uploads\/2026\/04\/20260415_164320.jpg\" \/>\n\t<meta property=\"og:image:width\" content=\"1080\" \/>\n\t<meta property=\"og:image:height\" content=\"626\" \/>\n\t<meta property=\"og:image:type\" content=\"image\/jpeg\" \/>\n<meta name=\"author\" content=\"Super\" \/>\n<meta name=\"twitter:card\" content=\"summary_large_image\" \/>\n<meta name=\"twitter:label1\" content=\"\u00c9crit par\" \/>\n\t<meta name=\"twitter:data1\" content=\"Super\" \/>\n\t<meta name=\"twitter:label2\" content=\"Dur\u00e9e de lecture estim\u00e9e\" \/>\n\t<meta name=\"twitter:data2\" content=\"4 minutes\" \/>\n<script type=\"application\/ld+json\" class=\"yoast-schema-graph\">{\"@context\":\"https:\\\/\\\/schema.org\",\"@graph\":[{\"@type\":\"Article\",\"@id\":\"https:\\\/\\\/infos-droitshumains.net\\\/?p=18874#article\",\"isPartOf\":{\"@id\":\"https:\\\/\\\/infos-droitshumains.net\\\/?p=18874\"},\"author\":{\"name\":\"Super\",\"@id\":\"https:\\\/\\\/infos-droitshumains.net\\\/#\\\/schema\\\/person\\\/db4428dbf83d2d51ecdb0cc0aed0c47f\"},\"headline\":\"Scandale judiciaire au TGI\\\/Lubumbashi : le r\u00f4le de Dieudonn\u00e9 Kamuleta suscite des interrogations\",\"datePublished\":\"2026-04-15T15:40:36+00:00\",\"dateModified\":\"2026-04-15T18:04:57+00:00\",\"mainEntityOfPage\":{\"@id\":\"https:\\\/\\\/infos-droitshumains.net\\\/?p=18874\"},\"wordCount\":760,\"commentCount\":0,\"publisher\":{\"@id\":\"https:\\\/\\\/infos-droitshumains.net\\\/#organization\"},\"image\":{\"@id\":\"https:\\\/\\\/infos-droitshumains.net\\\/?p=18874#primaryimage\"},\"thumbnailUrl\":\"https:\\\/\\\/i0.wp.com\\\/infos-droitshumains.net\\\/wp-content\\\/uploads\\\/2026\\\/04\\\/20260415_164320.jpg?fit=1080%2C626&ssl=1\",\"articleSection\":[\"Justice\"],\"inLanguage\":\"fr-FR\",\"potentialAction\":[{\"@type\":\"CommentAction\",\"name\":\"Comment\",\"target\":[\"https:\\\/\\\/infos-droitshumains.net\\\/?p=18874#respond\"]}]},{\"@type\":\"WebPage\",\"@id\":\"https:\\\/\\\/infos-droitshumains.net\\\/?p=18874\",\"url\":\"https:\\\/\\\/infos-droitshumains.net\\\/?p=18874\",\"name\":\"Scandale judiciaire au TGI\\\/Lubumbashi : le r\u00f4le de Dieudonn\u00e9 Kamuleta suscite des interrogations - Infos Droits Humains\",\"isPartOf\":{\"@id\":\"https:\\\/\\\/infos-droitshumains.net\\\/#website\"},\"primaryImageOfPage\":{\"@id\":\"https:\\\/\\\/infos-droitshumains.net\\\/?p=18874#primaryimage\"},\"image\":{\"@id\":\"https:\\\/\\\/infos-droitshumains.net\\\/?p=18874#primaryimage\"},\"thumbnailUrl\":\"https:\\\/\\\/i0.wp.com\\\/infos-droitshumains.net\\\/wp-content\\\/uploads\\\/2026\\\/04\\\/20260415_164320.jpg?fit=1080%2C626&ssl=1\",\"datePublished\":\"2026-04-15T15:40:36+00:00\",\"dateModified\":\"2026-04-15T18:04:57+00:00\",\"breadcrumb\":{\"@id\":\"https:\\\/\\\/infos-droitshumains.net\\\/?p=18874#breadcrumb\"},\"inLanguage\":\"fr-FR\",\"potentialAction\":[{\"@type\":\"ReadAction\",\"target\":[\"https:\\\/\\\/infos-droitshumains.net\\\/?p=18874\"]}]},{\"@type\":\"ImageObject\",\"inLanguage\":\"fr-FR\",\"@id\":\"https:\\\/\\\/infos-droitshumains.net\\\/?p=18874#primaryimage\",\"url\":\"https:\\\/\\\/i0.wp.com\\\/infos-droitshumains.net\\\/wp-content\\\/uploads\\\/2026\\\/04\\\/20260415_164320.jpg?fit=1080%2C626&ssl=1\",\"contentUrl\":\"https:\\\/\\\/i0.wp.com\\\/infos-droitshumains.net\\\/wp-content\\\/uploads\\\/2026\\\/04\\\/20260415_164320.jpg?fit=1080%2C626&ssl=1\",\"width\":1080,\"height\":626},{\"@type\":\"BreadcrumbList\",\"@id\":\"https:\\\/\\\/infos-droitshumains.net\\\/?p=18874#breadcrumb\",\"itemListElement\":[{\"@type\":\"ListItem\",\"position\":1,\"name\":\"Accueil\",\"item\":\"https:\\\/\\\/infos-droitshumains.net\\\/\"},{\"@type\":\"ListItem\",\"position\":2,\"name\":\"Scandale judiciaire au TGI\\\/Lubumbashi : le r\u00f4le de Dieudonn\u00e9 Kamuleta suscite des interrogations\"}]},{\"@type\":\"WebSite\",\"@id\":\"https:\\\/\\\/infos-droitshumains.net\\\/#website\",\"url\":\"https:\\\/\\\/infos-droitshumains.net\\\/\",\"name\":\"Infos Droits Humains\",\"description\":\"S&#039;informer est un droit\",\"publisher\":{\"@id\":\"https:\\\/\\\/infos-droitshumains.net\\\/#organization\"},\"potentialAction\":[{\"@type\":\"SearchAction\",\"target\":{\"@type\":\"EntryPoint\",\"urlTemplate\":\"https:\\\/\\\/infos-droitshumains.net\\\/?s={search_term_string}\"},\"query-input\":{\"@type\":\"PropertyValueSpecification\",\"valueRequired\":true,\"valueName\":\"search_term_string\"}}],\"inLanguage\":\"fr-FR\"},{\"@type\":\"Organization\",\"@id\":\"https:\\\/\\\/infos-droitshumains.net\\\/#organization\",\"name\":\"Infos Droits Humains\",\"url\":\"https:\\\/\\\/infos-droitshumains.net\\\/\",\"logo\":{\"@type\":\"ImageObject\",\"inLanguage\":\"fr-FR\",\"@id\":\"https:\\\/\\\/infos-droitshumains.net\\\/#\\\/schema\\\/logo\\\/image\\\/\",\"url\":\"https:\\\/\\\/i0.wp.com\\\/infos-droitshumains.net\\\/wp-content\\\/uploads\\\/2022\\\/05\\\/Logo.png?fit=333%2C129&ssl=1\",\"contentUrl\":\"https:\\\/\\\/i0.wp.com\\\/infos-droitshumains.net\\\/wp-content\\\/uploads\\\/2022\\\/05\\\/Logo.png?fit=333%2C129&ssl=1\",\"width\":333,\"height\":129,\"caption\":\"Infos Droits Humains\"},\"image\":{\"@id\":\"https:\\\/\\\/infos-droitshumains.net\\\/#\\\/schema\\\/logo\\\/image\\\/\"}},{\"@type\":\"Person\",\"@id\":\"https:\\\/\\\/infos-droitshumains.net\\\/#\\\/schema\\\/person\\\/db4428dbf83d2d51ecdb0cc0aed0c47f\",\"name\":\"Super\",\"image\":{\"@type\":\"ImageObject\",\"inLanguage\":\"fr-FR\",\"@id\":\"https:\\\/\\\/secure.gravatar.com\\\/avatar\\\/a177815e4b161b0d81413b73815c697bc0e3e6e6fe4a06e3147af3c9aa47fd3b?s=96&d=mm&r=g\",\"url\":\"https:\\\/\\\/secure.gravatar.com\\\/avatar\\\/a177815e4b161b0d81413b73815c697bc0e3e6e6fe4a06e3147af3c9aa47fd3b?s=96&d=mm&r=g\",\"contentUrl\":\"https:\\\/\\\/secure.gravatar.com\\\/avatar\\\/a177815e4b161b0d81413b73815c697bc0e3e6e6fe4a06e3147af3c9aa47fd3b?s=96&d=mm&r=g\",\"caption\":\"Super\"},\"url\":\"https:\\\/\\\/infos-droitshumains.net\\\/?author=3\"}]}<\/script>\n<!-- \/ Yoast SEO plugin. -->","yoast_head_json":{"title":"Scandale judiciaire au TGI\/Lubumbashi : le r\u00f4le de Dieudonn\u00e9 Kamuleta suscite des interrogations - Infos Droits Humains","robots":{"index":"index","follow":"follow","max-snippet":"max-snippet:-1","max-image-preview":"max-image-preview:large","max-video-preview":"max-video-preview:-1"},"canonical":"https:\/\/infos-droitshumains.net\/?p=18874","og_locale":"fr_FR","og_type":"article","og_title":"Scandale judiciaire au TGI\/Lubumbashi : le r\u00f4le de Dieudonn\u00e9 Kamuleta suscite des interrogations - Infos Droits Humains","og_description":"R\u00e9daction: +243 817 406 088 Dans un pass\u00e9 r\u00e9cent, le Pr\u00e9sident de la R\u00e9publique, avait...","og_url":"https:\/\/infos-droitshumains.net\/?p=18874","og_site_name":"Infos Droits Humains","article_published_time":"2026-04-15T15:40:36+00:00","article_modified_time":"2026-04-15T18:04:57+00:00","og_image":[{"width":1080,"height":626,"url":"https:\/\/infos-droitshumains.net\/wp-content\/uploads\/2026\/04\/20260415_164320.jpg","type":"image\/jpeg"}],"author":"Super","twitter_card":"summary_large_image","twitter_misc":{"\u00c9crit par":"Super","Dur\u00e9e de lecture estim\u00e9e":"4 minutes"},"schema":{"@context":"https:\/\/schema.org","@graph":[{"@type":"Article","@id":"https:\/\/infos-droitshumains.net\/?p=18874#article","isPartOf":{"@id":"https:\/\/infos-droitshumains.net\/?p=18874"},"author":{"name":"Super","@id":"https:\/\/infos-droitshumains.net\/#\/schema\/person\/db4428dbf83d2d51ecdb0cc0aed0c47f"},"headline":"Scandale judiciaire au TGI\/Lubumbashi : le r\u00f4le de Dieudonn\u00e9 Kamuleta suscite des interrogations","datePublished":"2026-04-15T15:40:36+00:00","dateModified":"2026-04-15T18:04:57+00:00","mainEntityOfPage":{"@id":"https:\/\/infos-droitshumains.net\/?p=18874"},"wordCount":760,"commentCount":0,"publisher":{"@id":"https:\/\/infos-droitshumains.net\/#organization"},"image":{"@id":"https:\/\/infos-droitshumains.net\/?p=18874#primaryimage"},"thumbnailUrl":"https:\/\/i0.wp.com\/infos-droitshumains.net\/wp-content\/uploads\/2026\/04\/20260415_164320.jpg?fit=1080%2C626&ssl=1","articleSection":["Justice"],"inLanguage":"fr-FR","potentialAction":[{"@type":"CommentAction","name":"Comment","target":["https:\/\/infos-droitshumains.net\/?p=18874#respond"]}]},{"@type":"WebPage","@id":"https:\/\/infos-droitshumains.net\/?p=18874","url":"https:\/\/infos-droitshumains.net\/?p=18874","name":"Scandale judiciaire au TGI\/Lubumbashi : le r\u00f4le de Dieudonn\u00e9 Kamuleta suscite des interrogations - Infos Droits Humains","isPartOf":{"@id":"https:\/\/infos-droitshumains.net\/#website"},"primaryImageOfPage":{"@id":"https:\/\/infos-droitshumains.net\/?p=18874#primaryimage"},"image":{"@id":"https:\/\/infos-droitshumains.net\/?p=18874#primaryimage"},"thumbnailUrl":"https:\/\/i0.wp.com\/infos-droitshumains.net\/wp-content\/uploads\/2026\/04\/20260415_164320.jpg?fit=1080%2C626&ssl=1","datePublished":"2026-04-15T15:40:36+00:00","dateModified":"2026-04-15T18:04:57+00:00","breadcrumb":{"@id":"https:\/\/infos-droitshumains.net\/?p=18874#breadcrumb"},"inLanguage":"fr-FR","potentialAction":[{"@type":"ReadAction","target":["https:\/\/infos-droitshumains.net\/?p=18874"]}]},{"@type":"ImageObject","inLanguage":"fr-FR","@id":"https:\/\/infos-droitshumains.net\/?p=18874#primaryimage","url":"https:\/\/i0.wp.com\/infos-droitshumains.net\/wp-content\/uploads\/2026\/04\/20260415_164320.jpg?fit=1080%2C626&ssl=1","contentUrl":"https:\/\/i0.wp.com\/infos-droitshumains.net\/wp-content\/uploads\/2026\/04\/20260415_164320.jpg?fit=1080%2C626&ssl=1","width":1080,"height":626},{"@type":"BreadcrumbList","@id":"https:\/\/infos-droitshumains.net\/?p=18874#breadcrumb","itemListElement":[{"@type":"ListItem","position":1,"name":"Accueil","item":"https:\/\/infos-droitshumains.net\/"},{"@type":"ListItem","position":2,"name":"Scandale judiciaire au TGI\/Lubumbashi : le r\u00f4le de Dieudonn\u00e9 Kamuleta suscite des interrogations"}]},{"@type":"WebSite","@id":"https:\/\/infos-droitshumains.net\/#website","url":"https:\/\/infos-droitshumains.net\/","name":"Infos Droits Humains","description":"S&#039;informer est un droit","publisher":{"@id":"https:\/\/infos-droitshumains.net\/#organization"},"potentialAction":[{"@type":"SearchAction","target":{"@type":"EntryPoint","urlTemplate":"https:\/\/infos-droitshumains.net\/?s={search_term_string}"},"query-input":{"@type":"PropertyValueSpecification","valueRequired":true,"valueName":"search_term_string"}}],"inLanguage":"fr-FR"},{"@type":"Organization","@id":"https:\/\/infos-droitshumains.net\/#organization","name":"Infos Droits Humains","url":"https:\/\/infos-droitshumains.net\/","logo":{"@type":"ImageObject","inLanguage":"fr-FR","@id":"https:\/\/infos-droitshumains.net\/#\/schema\/logo\/image\/","url":"https:\/\/i0.wp.com\/infos-droitshumains.net\/wp-content\/uploads\/2022\/05\/Logo.png?fit=333%2C129&ssl=1","contentUrl":"https:\/\/i0.wp.com\/infos-droitshumains.net\/wp-content\/uploads\/2022\/05\/Logo.png?fit=333%2C129&ssl=1","width":333,"height":129,"caption":"Infos Droits Humains"},"image":{"@id":"https:\/\/infos-droitshumains.net\/#\/schema\/logo\/image\/"}},{"@type":"Person","@id":"https:\/\/infos-droitshumains.net\/#\/schema\/person\/db4428dbf83d2d51ecdb0cc0aed0c47f","name":"Super","image":{"@type":"ImageObject","inLanguage":"fr-FR","@id":"https:\/\/secure.gravatar.com\/avatar\/a177815e4b161b0d81413b73815c697bc0e3e6e6fe4a06e3147af3c9aa47fd3b?s=96&d=mm&r=g","url":"https:\/\/secure.gravatar.com\/avatar\/a177815e4b161b0d81413b73815c697bc0e3e6e6fe4a06e3147af3c9aa47fd3b?s=96&d=mm&r=g","contentUrl":"https:\/\/secure.gravatar.com\/avatar\/a177815e4b161b0d81413b73815c697bc0e3e6e6fe4a06e3147af3c9aa47fd3b?s=96&d=mm&r=g","caption":"Super"},"url":"https:\/\/infos-droitshumains.net\/?author=3"}]}},"featured_image_urls":{"full":["https:\/\/i0.wp.com\/infos-droitshumains.net\/wp-content\/uploads\/2026\/04\/20260415_164320.jpg?fit=1080%2C626&ssl=1",1080,626,false],"thumbnail":["https:\/\/i0.wp.com\/infos-droitshumains.net\/wp-content\/uploads\/2026\/04\/20260415_164320.jpg?resize=150%2C150&ssl=1",150,150,true],"medium":["https:\/\/i0.wp.com\/infos-droitshumains.net\/wp-content\/uploads\/2026\/04\/20260415_164320.jpg?fit=300%2C174&ssl=1",300,174,true],"medium_large":["https:\/\/i0.wp.com\/infos-droitshumains.net\/wp-content\/uploads\/2026\/04\/20260415_164320.jpg?fit=640%2C371&ssl=1",640,371,true],"large":["https:\/\/i0.wp.com\/infos-droitshumains.net\/wp-content\/uploads\/2026\/04\/20260415_164320.jpg?fit=640%2C371&ssl=1",640,371,true],"1536x1536":["https:\/\/i0.wp.com\/infos-droitshumains.net\/wp-content\/uploads\/2026\/04\/20260415_164320.jpg?fit=1080%2C626&ssl=1",1080,626,true],"2048x2048":["https:\/\/i0.wp.com\/infos-droitshumains.net\/wp-content\/uploads\/2026\/04\/20260415_164320.jpg?fit=1080%2C626&ssl=1",1080,626,true],"covernews-slider-full":["https:\/\/i0.wp.com\/infos-droitshumains.net\/wp-content\/uploads\/2026\/04\/20260415_164320.jpg?resize=1080%2C626&ssl=1",1080,626,true],"covernews-slider-center":["https:\/\/i0.wp.com\/infos-droitshumains.net\/wp-content\/uploads\/2026\/04\/20260415_164320.jpg?resize=800%2C500&ssl=1",800,500,true],"covernews-featured":["https:\/\/i0.wp.com\/infos-droitshumains.net\/wp-content\/uploads\/2026\/04\/20260415_164320.jpg?fit=1024%2C594&ssl=1",1024,594,true],"covernews-medium":["https:\/\/i0.wp.com\/infos-droitshumains.net\/wp-content\/uploads\/2026\/04\/20260415_164320.jpg?resize=540%2C340&ssl=1",540,340,true],"covernews-medium-square":["https:\/\/i0.wp.com\/infos-droitshumains.net\/wp-content\/uploads\/2026\/04\/20260415_164320.jpg?resize=400%2C250&ssl=1",400,250,true]},"author_info":{"display_name":"Super","author_link":"https:\/\/infos-droitshumains.net\/?author=3"},"category_info":"<a href=\"https:\/\/infos-droitshumains.net\/?cat=6\" rel=\"category\">Justice<\/a>","tag_info":"Justice","comment_count":"0","jetpack_featured_media_url":"https:\/\/i0.wp.com\/infos-droitshumains.net\/wp-content\/uploads\/2026\/04\/20260415_164320.jpg?fit=1080%2C626&ssl=1","jetpack-related-posts":[],"jetpack_sharing_enabled":true,"_links":{"self":[{"href":"https:\/\/infos-droitshumains.net\/index.php?rest_route=\/wp\/v2\/posts\/18874","targetHints":{"allow":["GET"]}}],"collection":[{"href":"https:\/\/infos-droitshumains.net\/index.php?rest_route=\/wp\/v2\/posts"}],"about":[{"href":"https:\/\/infos-droitshumains.net\/index.php?rest_route=\/wp\/v2\/types\/post"}],"author":[{"embeddable":true,"href":"https:\/\/infos-droitshumains.net\/index.php?rest_route=\/wp\/v2\/users\/3"}],"replies":[{"embeddable":true,"href":"https:\/\/infos-droitshumains.net\/index.php?rest_route=%2Fwp%2Fv2%2Fcomments&post=18874"}],"version-history":[{"count":3,"href":"https:\/\/infos-droitshumains.net\/index.php?rest_route=\/wp\/v2\/posts\/18874\/revisions"}],"predecessor-version":[{"id":18883,"href":"https:\/\/infos-droitshumains.net\/index.php?rest_route=\/wp\/v2\/posts\/18874\/revisions\/18883"}],"wp:featuredmedia":[{"embeddable":true,"href":"https:\/\/infos-droitshumains.net\/index.php?rest_route=\/wp\/v2\/media\/18877"}],"wp:attachment":[{"href":"https:\/\/infos-droitshumains.net\/index.php?rest_route=%2Fwp%2Fv2%2Fmedia&parent=18874"}],"wp:term":[{"taxonomy":"category","embeddable":true,"href":"https:\/\/infos-droitshumains.net\/index.php?rest_route=%2Fwp%2Fv2%2Fcategories&post=18874"},{"taxonomy":"post_tag","embeddable":true,"href":"https:\/\/infos-droitshumains.net\/index.php?rest_route=%2Fwp%2Fv2%2Ftags&post=18874"}],"curies":[{"name":"wp","href":"https:\/\/api.w.org\/{rel}","templated":true}]}}