{"id":1881,"date":"2022-02-09T22:52:31","date_gmt":"2022-02-09T21:52:31","guid":{"rendered":"https:\/\/infos-droitshumains.net\/?p=1881"},"modified":"2023-04-06T12:10:30","modified_gmt":"2023-04-06T10:10:30","slug":"atteinte-a-la-surete-de-letat-dieudonne-kaluba-a-t-il-etait-interpelle","status":"publish","type":"post","link":"https:\/\/infos-droitshumains.net\/?p=1881","title":{"rendered":"Atteinte \u00e0 la s\u00fbret\u00e9 de l&rsquo;\u00c9tat : Dieudonn\u00e9 Kaluba a-t-il \u00e9tait interpell\u00e9 ?"},"content":{"rendered":"\n<p><strong>R\u00e9daction:+243817406088<\/strong><\/p>\n\n\n\n<p>Certaines sources ont fait circul\u00e9 une fausse information selon laquelle, le pr\u00e9sident de la cour constitutionnelle serait aux arr\u00eats ce mercredi dans les apr\u00e8s-midi. Il s\u2019agit tout simplement d\u2019une intox. Selon les sources de infos-droitshumains.net bien introduites \u00e0 la cour constitutionnelle, Dieudonn\u00e9 Kaluba Dibwa est bel est bien libre et il vaque tranquillement \u00e0 ses occupations.<\/p>\n\n\n\n<p><strong><em>\u00abIl a \u00e9t\u00e9 toute la journ\u00e9e dans son bureau, il a m\u00eame pr\u00e9sid\u00e9 plusieurs r\u00e9unions et a accord\u00e9 plusieurs audiences ce mercredi\u00bb<\/em><\/strong> nous ont confi\u00e9 ces sources.<\/p>\n\n\n\n<p>Avec les indices s\u00e9rieux d\u2019atteinte \u00e0 la s\u00fbret\u00e9 nationale dont dispose l&rsquo;Agence Nationale des Renseignements, ANR, ayant conduit \u00e0 l\u2019interpellation de Fran\u00e7ois Beya, le d\u00e9sormais ex-conseiller sp\u00e9cial du chef de l\u2019\u00c9tat en mati\u00e8re de s\u00e9curit\u00e9, la situation s\u00e9curitaire du pays reste tendue, certaines personnes en mal de positionnement veulent en profiter pour pouvoir porter atteinte \u00e0 la dignit\u00e9 de certaines autorit\u00e9s.<\/p>\n\n\n\n<p>C\u2019est dans ce cadre que doit-on inscrire cette infox qui avait \u00e9t\u00e9 distill\u00e9 par les d\u00e9tracteurs du pr\u00e9sident de la cour constitutionnelle, qui lui, reste focus sur son travail pour l\u2019int\u00e9r\u00eat de la nation.<\/p>\n\n\n\n<p>Merlin Kamalandua<\/p>\n","protected":false},"excerpt":{"rendered":"<p>R\u00e9daction:+243817406088 Certaines sources ont fait circul\u00e9 une fausse information selon laquelle, le pr\u00e9sident de la&#8230;<\/p>\n","protected":false},"author":2,"featured_media":0,"comment_status":"closed","ping_status":"open","sticky":false,"template":"","format":"standard","meta":{"_jetpack_memberships_contains_paid_content":false,"footnotes":""},"categories":[1],"tags":[],"class_list":["post-1881","post","type-post","status-publish","format-standard","hentry","category-non-classe"],"yoast_head":"<!-- This site is optimized with the Yoast SEO plugin v27.5 - https:\/\/yoast.com\/product\/yoast-seo-wordpress\/ -->\n<title>Atteinte \u00e0 la s\u00fbret\u00e9 de l&#039;\u00c9tat : Dieudonn\u00e9 Kaluba a-t-il \u00e9tait interpell\u00e9 ? - Infos Droits Humains<\/title>\n<meta name=\"robots\" content=\"index, follow, max-snippet:-1, max-image-preview:large, max-video-preview:-1\" \/>\n<link rel=\"canonical\" href=\"https:\/\/infos-droitshumains.net\/?p=1881\" \/>\n<meta property=\"og:locale\" content=\"fr_FR\" \/>\n<meta property=\"og:type\" content=\"article\" \/>\n<meta property=\"og:title\" content=\"Atteinte \u00e0 la s\u00fbret\u00e9 de l&#039;\u00c9tat : Dieudonn\u00e9 Kaluba a-t-il \u00e9tait interpell\u00e9 ? - Infos Droits Humains\" \/>\n<meta property=\"og:description\" content=\"R\u00e9daction:+243817406088 Certaines sources ont fait circul\u00e9 une fausse information selon laquelle, le pr\u00e9sident de la...\" \/>\n<meta property=\"og:url\" content=\"https:\/\/infos-droitshumains.net\/?p=1881\" \/>\n<meta property=\"og:site_name\" content=\"Infos Droits Humains\" \/>\n<meta property=\"article:published_time\" content=\"2022-02-09T21:52:31+00:00\" \/>\n<meta property=\"article:modified_time\" content=\"2023-04-06T10:10:30+00:00\" \/>\n<meta name=\"author\" content=\"Jo\u00ebl Diawa\" \/>\n<meta name=\"twitter:card\" content=\"summary_large_image\" \/>\n<meta name=\"twitter:label1\" content=\"\u00c9crit par\" \/>\n\t<meta name=\"twitter:data1\" content=\"Jo\u00ebl Diawa\" \/>\n\t<meta name=\"twitter:label2\" content=\"Dur\u00e9e de lecture estim\u00e9e\" \/>\n\t<meta name=\"twitter:data2\" content=\"1 minute\" \/>\n<script type=\"application\/ld+json\" class=\"yoast-schema-graph\">{\"@context\":\"https:\\\/\\\/schema.org\",\"@graph\":[{\"@type\":\"Article\",\"@id\":\"https:\\\/\\\/infos-droitshumains.net\\\/?p=1881#article\",\"isPartOf\":{\"@id\":\"https:\\\/\\\/infos-droitshumains.net\\\/?p=1881\"},\"author\":{\"name\":\"Jo\u00ebl Diawa\",\"@id\":\"https:\\\/\\\/infos-droitshumains.net\\\/#\\\/schema\\\/person\\\/3dc5e921c3302172e0ed4362f96faab7\"},\"headline\":\"Atteinte \u00e0 la s\u00fbret\u00e9 de l&rsquo;\u00c9tat : Dieudonn\u00e9 Kaluba a-t-il \u00e9tait interpell\u00e9 ?\",\"datePublished\":\"2022-02-09T21:52:31+00:00\",\"dateModified\":\"2023-04-06T10:10:30+00:00\",\"mainEntityOfPage\":{\"@id\":\"https:\\\/\\\/infos-droitshumains.net\\\/?p=1881\"},\"wordCount\":217,\"publisher\":{\"@id\":\"https:\\\/\\\/infos-droitshumains.net\\\/#organization\"},\"inLanguage\":\"fr-FR\"},{\"@type\":\"WebPage\",\"@id\":\"https:\\\/\\\/infos-droitshumains.net\\\/?p=1881\",\"url\":\"https:\\\/\\\/infos-droitshumains.net\\\/?p=1881\",\"name\":\"Atteinte \u00e0 la s\u00fbret\u00e9 de l'\u00c9tat : Dieudonn\u00e9 Kaluba a-t-il \u00e9tait interpell\u00e9 ? - Infos Droits Humains\",\"isPartOf\":{\"@id\":\"https:\\\/\\\/infos-droitshumains.net\\\/#website\"},\"datePublished\":\"2022-02-09T21:52:31+00:00\",\"dateModified\":\"2023-04-06T10:10:30+00:00\",\"breadcrumb\":{\"@id\":\"https:\\\/\\\/infos-droitshumains.net\\\/?p=1881#breadcrumb\"},\"inLanguage\":\"fr-FR\",\"potentialAction\":[{\"@type\":\"ReadAction\",\"target\":[\"https:\\\/\\\/infos-droitshumains.net\\\/?p=1881\"]}]},{\"@type\":\"BreadcrumbList\",\"@id\":\"https:\\\/\\\/infos-droitshumains.net\\\/?p=1881#breadcrumb\",\"itemListElement\":[{\"@type\":\"ListItem\",\"position\":1,\"name\":\"Accueil\",\"item\":\"https:\\\/\\\/infos-droitshumains.net\\\/\"},{\"@type\":\"ListItem\",\"position\":2,\"name\":\"Atteinte \u00e0 la s\u00fbret\u00e9 de l&rsquo;\u00c9tat : Dieudonn\u00e9 Kaluba a-t-il \u00e9tait interpell\u00e9 ?\"}]},{\"@type\":\"WebSite\",\"@id\":\"https:\\\/\\\/infos-droitshumains.net\\\/#website\",\"url\":\"https:\\\/\\\/infos-droitshumains.net\\\/\",\"name\":\"Infos Droits Humains\",\"description\":\"S&#039;informer est un droit\",\"publisher\":{\"@id\":\"https:\\\/\\\/infos-droitshumains.net\\\/#organization\"},\"potentialAction\":[{\"@type\":\"SearchAction\",\"target\":{\"@type\":\"EntryPoint\",\"urlTemplate\":\"https:\\\/\\\/infos-droitshumains.net\\\/?s={search_term_string}\"},\"query-input\":{\"@type\":\"PropertyValueSpecification\",\"valueRequired\":true,\"valueName\":\"search_term_string\"}}],\"inLanguage\":\"fr-FR\"},{\"@type\":\"Organization\",\"@id\":\"https:\\\/\\\/infos-droitshumains.net\\\/#organization\",\"name\":\"Infos Droits Humains\",\"url\":\"https:\\\/\\\/infos-droitshumains.net\\\/\",\"logo\":{\"@type\":\"ImageObject\",\"inLanguage\":\"fr-FR\",\"@id\":\"https:\\\/\\\/infos-droitshumains.net\\\/#\\\/schema\\\/logo\\\/image\\\/\",\"url\":\"https:\\\/\\\/i0.wp.com\\\/infos-droitshumains.net\\\/wp-content\\\/uploads\\\/2022\\\/05\\\/Logo.png?fit=333%2C129&ssl=1\",\"contentUrl\":\"https:\\\/\\\/i0.wp.com\\\/infos-droitshumains.net\\\/wp-content\\\/uploads\\\/2022\\\/05\\\/Logo.png?fit=333%2C129&ssl=1\",\"width\":333,\"height\":129,\"caption\":\"Infos Droits Humains\"},\"image\":{\"@id\":\"https:\\\/\\\/infos-droitshumains.net\\\/#\\\/schema\\\/logo\\\/image\\\/\"}},{\"@type\":\"Person\",\"@id\":\"https:\\\/\\\/infos-droitshumains.net\\\/#\\\/schema\\\/person\\\/3dc5e921c3302172e0ed4362f96faab7\",\"name\":\"Jo\u00ebl Diawa\",\"image\":{\"@type\":\"ImageObject\",\"inLanguage\":\"fr-FR\",\"@id\":\"https:\\\/\\\/secure.gravatar.com\\\/avatar\\\/729bea6ff4604c624417803c477363be8e3c7186deaa65713313f9b4b820f41c?s=96&d=mm&r=g\",\"url\":\"https:\\\/\\\/secure.gravatar.com\\\/avatar\\\/729bea6ff4604c624417803c477363be8e3c7186deaa65713313f9b4b820f41c?s=96&d=mm&r=g\",\"contentUrl\":\"https:\\\/\\\/secure.gravatar.com\\\/avatar\\\/729bea6ff4604c624417803c477363be8e3c7186deaa65713313f9b4b820f41c?s=96&d=mm&r=g\",\"caption\":\"Jo\u00ebl Diawa\"},\"sameAs\":[\"https:\\\/\\\/www.infos-droitshumains.net\"],\"url\":\"https:\\\/\\\/infos-droitshumains.net\\\/?author=2\"}]}<\/script>\n<!-- \/ Yoast SEO plugin. -->","yoast_head_json":{"title":"Atteinte \u00e0 la s\u00fbret\u00e9 de l'\u00c9tat : Dieudonn\u00e9 Kaluba a-t-il \u00e9tait interpell\u00e9 ? - Infos Droits Humains","robots":{"index":"index","follow":"follow","max-snippet":"max-snippet:-1","max-image-preview":"max-image-preview:large","max-video-preview":"max-video-preview:-1"},"canonical":"https:\/\/infos-droitshumains.net\/?p=1881","og_locale":"fr_FR","og_type":"article","og_title":"Atteinte \u00e0 la s\u00fbret\u00e9 de l'\u00c9tat : Dieudonn\u00e9 Kaluba a-t-il \u00e9tait interpell\u00e9 ? - Infos Droits Humains","og_description":"R\u00e9daction:+243817406088 Certaines sources ont fait circul\u00e9 une fausse information selon laquelle, le pr\u00e9sident de la...","og_url":"https:\/\/infos-droitshumains.net\/?p=1881","og_site_name":"Infos Droits Humains","article_published_time":"2022-02-09T21:52:31+00:00","article_modified_time":"2023-04-06T10:10:30+00:00","author":"Jo\u00ebl Diawa","twitter_card":"summary_large_image","twitter_misc":{"\u00c9crit par":"Jo\u00ebl Diawa","Dur\u00e9e de lecture estim\u00e9e":"1 minute"},"schema":{"@context":"https:\/\/schema.org","@graph":[{"@type":"Article","@id":"https:\/\/infos-droitshumains.net\/?p=1881#article","isPartOf":{"@id":"https:\/\/infos-droitshumains.net\/?p=1881"},"author":{"name":"Jo\u00ebl Diawa","@id":"https:\/\/infos-droitshumains.net\/#\/schema\/person\/3dc5e921c3302172e0ed4362f96faab7"},"headline":"Atteinte \u00e0 la s\u00fbret\u00e9 de l&rsquo;\u00c9tat : Dieudonn\u00e9 Kaluba a-t-il \u00e9tait interpell\u00e9 ?","datePublished":"2022-02-09T21:52:31+00:00","dateModified":"2023-04-06T10:10:30+00:00","mainEntityOfPage":{"@id":"https:\/\/infos-droitshumains.net\/?p=1881"},"wordCount":217,"publisher":{"@id":"https:\/\/infos-droitshumains.net\/#organization"},"inLanguage":"fr-FR"},{"@type":"WebPage","@id":"https:\/\/infos-droitshumains.net\/?p=1881","url":"https:\/\/infos-droitshumains.net\/?p=1881","name":"Atteinte \u00e0 la s\u00fbret\u00e9 de l'\u00c9tat : Dieudonn\u00e9 Kaluba a-t-il \u00e9tait interpell\u00e9 ? - Infos Droits Humains","isPartOf":{"@id":"https:\/\/infos-droitshumains.net\/#website"},"datePublished":"2022-02-09T21:52:31+00:00","dateModified":"2023-04-06T10:10:30+00:00","breadcrumb":{"@id":"https:\/\/infos-droitshumains.net\/?p=1881#breadcrumb"},"inLanguage":"fr-FR","potentialAction":[{"@type":"ReadAction","target":["https:\/\/infos-droitshumains.net\/?p=1881"]}]},{"@type":"BreadcrumbList","@id":"https:\/\/infos-droitshumains.net\/?p=1881#breadcrumb","itemListElement":[{"@type":"ListItem","position":1,"name":"Accueil","item":"https:\/\/infos-droitshumains.net\/"},{"@type":"ListItem","position":2,"name":"Atteinte \u00e0 la s\u00fbret\u00e9 de l&rsquo;\u00c9tat : Dieudonn\u00e9 Kaluba a-t-il \u00e9tait interpell\u00e9 ?"}]},{"@type":"WebSite","@id":"https:\/\/infos-droitshumains.net\/#website","url":"https:\/\/infos-droitshumains.net\/","name":"Infos Droits Humains","description":"S&#039;informer est un droit","publisher":{"@id":"https:\/\/infos-droitshumains.net\/#organization"},"potentialAction":[{"@type":"SearchAction","target":{"@type":"EntryPoint","urlTemplate":"https:\/\/infos-droitshumains.net\/?s={search_term_string}"},"query-input":{"@type":"PropertyValueSpecification","valueRequired":true,"valueName":"search_term_string"}}],"inLanguage":"fr-FR"},{"@type":"Organization","@id":"https:\/\/infos-droitshumains.net\/#organization","name":"Infos Droits Humains","url":"https:\/\/infos-droitshumains.net\/","logo":{"@type":"ImageObject","inLanguage":"fr-FR","@id":"https:\/\/infos-droitshumains.net\/#\/schema\/logo\/image\/","url":"https:\/\/i0.wp.com\/infos-droitshumains.net\/wp-content\/uploads\/2022\/05\/Logo.png?fit=333%2C129&ssl=1","contentUrl":"https:\/\/i0.wp.com\/infos-droitshumains.net\/wp-content\/uploads\/2022\/05\/Logo.png?fit=333%2C129&ssl=1","width":333,"height":129,"caption":"Infos Droits Humains"},"image":{"@id":"https:\/\/infos-droitshumains.net\/#\/schema\/logo\/image\/"}},{"@type":"Person","@id":"https:\/\/infos-droitshumains.net\/#\/schema\/person\/3dc5e921c3302172e0ed4362f96faab7","name":"Jo\u00ebl Diawa","image":{"@type":"ImageObject","inLanguage":"fr-FR","@id":"https:\/\/secure.gravatar.com\/avatar\/729bea6ff4604c624417803c477363be8e3c7186deaa65713313f9b4b820f41c?s=96&d=mm&r=g","url":"https:\/\/secure.gravatar.com\/avatar\/729bea6ff4604c624417803c477363be8e3c7186deaa65713313f9b4b820f41c?s=96&d=mm&r=g","contentUrl":"https:\/\/secure.gravatar.com\/avatar\/729bea6ff4604c624417803c477363be8e3c7186deaa65713313f9b4b820f41c?s=96&d=mm&r=g","caption":"Jo\u00ebl Diawa"},"sameAs":["https:\/\/www.infos-droitshumains.net"],"url":"https:\/\/infos-droitshumains.net\/?author=2"}]}},"featured_image_urls":{"full":"","thumbnail":"","medium":"","medium_large":"","large":"","1536x1536":"","2048x2048":"","covernews-slider-full":"","covernews-slider-center":"","covernews-featured":"","covernews-medium":"","covernews-medium-square":""},"author_info":{"display_name":"Jo\u00ebl Diawa","author_link":"https:\/\/infos-droitshumains.net\/?author=2"},"category_info":"<a href=\"https:\/\/infos-droitshumains.net\/?cat=1\" rel=\"category\">Non class\u00e9<\/a>","tag_info":"Non class\u00e9","comment_count":"0","jetpack_featured_media_url":"","jetpack-related-posts":[],"jetpack_sharing_enabled":true,"_links":{"self":[{"href":"https:\/\/infos-droitshumains.net\/index.php?rest_route=\/wp\/v2\/posts\/1881","targetHints":{"allow":["GET"]}}],"collection":[{"href":"https:\/\/infos-droitshumains.net\/index.php?rest_route=\/wp\/v2\/posts"}],"about":[{"href":"https:\/\/infos-droitshumains.net\/index.php?rest_route=\/wp\/v2\/types\/post"}],"author":[{"embeddable":true,"href":"https:\/\/infos-droitshumains.net\/index.php?rest_route=\/wp\/v2\/users\/2"}],"replies":[{"embeddable":true,"href":"https:\/\/infos-droitshumains.net\/index.php?rest_route=%2Fwp%2Fv2%2Fcomments&post=1881"}],"version-history":[{"count":2,"href":"https:\/\/infos-droitshumains.net\/index.php?rest_route=\/wp\/v2\/posts\/1881\/revisions"}],"predecessor-version":[{"id":1884,"href":"https:\/\/infos-droitshumains.net\/index.php?rest_route=\/wp\/v2\/posts\/1881\/revisions\/1884"}],"wp:attachment":[{"href":"https:\/\/infos-droitshumains.net\/index.php?rest_route=%2Fwp%2Fv2%2Fmedia&parent=1881"}],"wp:term":[{"taxonomy":"category","embeddable":true,"href":"https:\/\/infos-droitshumains.net\/index.php?rest_route=%2Fwp%2Fv2%2Fcategories&post=1881"},{"taxonomy":"post_tag","embeddable":true,"href":"https:\/\/infos-droitshumains.net\/index.php?rest_route=%2Fwp%2Fv2%2Ftags&post=1881"}],"curies":[{"name":"wp","href":"https:\/\/api.w.org\/{rel}","templated":true}]}}