{"id":18805,"date":"2026-04-13T21:15:39","date_gmt":"2026-04-13T19:15:39","guid":{"rendered":"https:\/\/infos-droitshumains.net\/?p=18805"},"modified":"2026-04-13T21:18:33","modified_gmt":"2026-04-13T19:18:33","slug":"rdc-silence-qui-interroge-parole-qui-divise-tribune-de-jonathan-longonda-mbula-sur-la-reserve-de-leglise","status":"publish","type":"post","link":"https:\/\/infos-droitshumains.net\/?p=18805","title":{"rendered":"RDC : \u00ab Silence qui interroge, parole qui divise ? \u00bb Tribune de Jonathan Longonda Mbula sur la r\u00e9serve de l\u2019\u00c9glise"},"content":{"rendered":"\n<p><strong>R\u00e9daction: +243 817 406 088<\/strong><\/p>\n\n\n\n<h3 class=\"wp-block-heading has-vivid-red-color has-text-color has-link-color wp-elements-2f6e7414d0e3dd820ea5f0b593c9577a\">Dans une tribune qui suscite d\u00e9j\u00e0 de nombreuses r\u00e9actions, Jonathan Longonda Mbula, leader de jeunes \u00e0 Kinshasa, s\u2019interroge sur le silence de la Conf\u00e9rence \u00c9piscopale Nationale du Congo face aux r\u00e9centes accusations formul\u00e9es par le pr\u00e9sident rwandais Paul Kagame.<\/h3>\n\n\n\n<p>En effet, ce dernier a publiquement mis en cause l\u2019ancien pr\u00e9sident congolais Joseph Kabila, l\u2019accusant de liens avec la r\u00e9bellion de l\u2019AFC\/M23.<\/p>\n\n\n\n<p>Des propos que Jonathan Longonda Mbula qualifie de \u00ab gravit\u00e9 exceptionnelle \u00bb, dans la mesure o\u00f9 ils touchent \u00e0 la souverainet\u00e9, \u00e0 la s\u00e9curit\u00e9 nationale et \u00e0 la m\u00e9moire politique de la R\u00e9publique d\u00e9mocratique du Congo.<\/p>\n\n\n\n<p>Dans son analyse, Jonathan Longonda rel\u00e8ve l\u2019absence de r\u00e9action officielle de la CENCO, une posture qu\u2019il juge en d\u00e9calage avec les prises de position habituelles de l\u2019\u00c9glise catholique dans le d\u00e9bat public congolais.<\/p>\n\n\n\n<p>\u00ab Ce silence contraste avec les interventions r\u00e9guli\u00e8res et souvent critiques de l\u2019\u00c9glise \u00e0 l\u2019\u00e9gard des institutions nationales \u00bb, note-t-il, faisant notamment r\u00e9f\u00e9rence aux positions adopt\u00e9es par le pass\u00e9 vis-\u00e0-vis du pouvoir en place dirig\u00e9 par le pr\u00e9sident F\u00e9lix Tshisekedi.<\/p>\n\n\n\n<p>Jonathan Longonda Mbula s\u2019interroge par ailleurs sur les motivations d\u2019une telle r\u00e9serve. Faut-il y voir une prudence diplomatique dans un contexte r\u00e9gional particuli\u00e8rement tendu ? Une volont\u00e9 d\u2019\u00e9viter une escalade entre Kinshasa et Kigali ? Ou encore une forme de s\u00e9lectivit\u00e9 dans l\u2019engagement public de l\u2019\u00c9glise ?<\/p>\n\n\n\n<p>Autant de questions qu\u2019il soul\u00e8ve sans n\u00e9cessairement y apporter de r\u00e9ponse tranch\u00e9e, mais qui nourrissent un d\u00e9bat de plus en plus vif au sein de l\u2019opinion nationale.<\/p>\n\n\n\n<p>Pour lui, le r\u00f4le historique de l\u2019\u00c9glise catholique comme \u00ab conscience morale \u00bb de la nation impose une exigence de coh\u00e9rence et de constance. Il estime que la cr\u00e9dibilit\u00e9 de cette institution repose avant tout sur sa capacit\u00e9 \u00e0 tenir une ligne claire, ind\u00e9pendante des conjonctures politiques et des acteurs en pr\u00e9sence.<\/p>\n\n\n\n<p>\u00ab Le peuple congolais n\u2019attend pas une parole orient\u00e9e. Il attend une parole juste, courageuse et \u00e9quilibr\u00e9e \u00bb, insiste-t-il.<\/p>\n\n\n\n<p>En d\u00e9finitive, cette r\u00e9flexion met en lumi\u00e8re une interrogation plus profonde sur la place et la responsabilit\u00e9 des institutions morales dans les moments de tension nationale. Entre devoir de r\u00e9serve et exigence de v\u00e9rit\u00e9, l\u2019\u00c9glise est appel\u00e9e \u00e0 trouver un juste \u00e9quilibre, au risque de voir son silence interpr\u00e9t\u00e9 comme une prise de position implicite.<\/p>\n\n\n\n<p>Ainsi, au-del\u00e0 du cas d\u2019esp\u00e8ce, le d\u00e9bat soulev\u00e9 par Jonathan Longonda Mbula renvoie \u00e0 une attente collective : celle d\u2019une parole publique cr\u00e9dible, constante et rassembleuse, capable d\u2019\u00e9clairer sans attiser, de d\u00e9noncer sans diviser, et surtout de contribuer \u00e0 la pr\u00e9servation de l\u2019unit\u00e9 nationale dans un contexte r\u00e9gional fragile; car, en p\u00e9riode d\u2019incertitude, le silence peut apaiser\u2026 mais il peut aussi interroger.<\/p>\n\n\n\n<p>La R\u00e9daction<\/p>\n","protected":false},"excerpt":{"rendered":"<p>R\u00e9daction: +243 817 406 088 Dans une tribune qui suscite d\u00e9j\u00e0 de nombreuses r\u00e9actions, Jonathan&#8230;<\/p>\n","protected":false},"author":2,"featured_media":18809,"comment_status":"open","ping_status":"open","sticky":false,"template":"","format":"standard","meta":{"_jetpack_memberships_contains_paid_content":false,"footnotes":""},"categories":[8],"tags":[],"class_list":["post-18805","post","type-post","status-publish","format-standard","has-post-thumbnail","hentry","category-societe"],"yoast_head":"<!-- This site is optimized with the Yoast SEO plugin v27.5 - https:\/\/yoast.com\/product\/yoast-seo-wordpress\/ -->\n<title>RDC : \u00ab Silence qui interroge, parole qui divise ? \u00bb Tribune de Jonathan Longonda Mbula sur la r\u00e9serve de l\u2019\u00c9glise - Infos Droits Humains<\/title>\n<meta name=\"robots\" content=\"index, follow, max-snippet:-1, max-image-preview:large, max-video-preview:-1\" \/>\n<link rel=\"canonical\" href=\"https:\/\/infos-droitshumains.net\/?p=18805\" \/>\n<meta property=\"og:locale\" content=\"fr_FR\" \/>\n<meta property=\"og:type\" content=\"article\" \/>\n<meta property=\"og:title\" content=\"RDC : \u00ab Silence qui interroge, parole qui divise ? \u00bb Tribune de Jonathan Longonda Mbula sur la r\u00e9serve de l\u2019\u00c9glise - Infos Droits Humains\" \/>\n<meta property=\"og:description\" content=\"R\u00e9daction: +243 817 406 088 Dans une tribune qui suscite d\u00e9j\u00e0 de nombreuses r\u00e9actions, Jonathan...\" \/>\n<meta property=\"og:url\" content=\"https:\/\/infos-droitshumains.net\/?p=18805\" \/>\n<meta property=\"og:site_name\" content=\"Infos Droits Humains\" \/>\n<meta property=\"article:published_time\" content=\"2026-04-13T19:15:39+00:00\" \/>\n<meta property=\"article:modified_time\" content=\"2026-04-13T19:18:33+00:00\" \/>\n<meta property=\"og:image\" content=\"https:\/\/infos-droitshumains.net\/wp-content\/uploads\/2026\/04\/Screenshot_20260413_201705_Chrome.jpg\" \/>\n\t<meta property=\"og:image:width\" content=\"967\" \/>\n\t<meta property=\"og:image:height\" content=\"485\" \/>\n\t<meta property=\"og:image:type\" content=\"image\/jpeg\" \/>\n<meta name=\"author\" content=\"Jo\u00ebl Diawa\" \/>\n<meta name=\"twitter:card\" content=\"summary_large_image\" \/>\n<meta name=\"twitter:label1\" content=\"\u00c9crit par\" \/>\n\t<meta name=\"twitter:data1\" content=\"Jo\u00ebl Diawa\" \/>\n\t<meta name=\"twitter:label2\" content=\"Dur\u00e9e de lecture estim\u00e9e\" \/>\n\t<meta name=\"twitter:data2\" content=\"3 minutes\" \/>\n<script type=\"application\/ld+json\" class=\"yoast-schema-graph\">{\"@context\":\"https:\\\/\\\/schema.org\",\"@graph\":[{\"@type\":\"Article\",\"@id\":\"https:\\\/\\\/infos-droitshumains.net\\\/?p=18805#article\",\"isPartOf\":{\"@id\":\"https:\\\/\\\/infos-droitshumains.net\\\/?p=18805\"},\"author\":{\"name\":\"Jo\u00ebl Diawa\",\"@id\":\"https:\\\/\\\/infos-droitshumains.net\\\/#\\\/schema\\\/person\\\/3dc5e921c3302172e0ed4362f96faab7\"},\"headline\":\"RDC : \u00ab Silence qui interroge, parole qui divise ? \u00bb Tribune de Jonathan Longonda Mbula sur la r\u00e9serve de l\u2019\u00c9glise\",\"datePublished\":\"2026-04-13T19:15:39+00:00\",\"dateModified\":\"2026-04-13T19:18:33+00:00\",\"mainEntityOfPage\":{\"@id\":\"https:\\\/\\\/infos-droitshumains.net\\\/?p=18805\"},\"wordCount\":514,\"commentCount\":0,\"publisher\":{\"@id\":\"https:\\\/\\\/infos-droitshumains.net\\\/#organization\"},\"image\":{\"@id\":\"https:\\\/\\\/infos-droitshumains.net\\\/?p=18805#primaryimage\"},\"thumbnailUrl\":\"https:\\\/\\\/i0.wp.com\\\/infos-droitshumains.net\\\/wp-content\\\/uploads\\\/2026\\\/04\\\/Screenshot_20260413_201705_Chrome.jpg?fit=967%2C485&ssl=1\",\"articleSection\":[\"Soci\u00e9t\u00e9\"],\"inLanguage\":\"fr-FR\",\"potentialAction\":[{\"@type\":\"CommentAction\",\"name\":\"Comment\",\"target\":[\"https:\\\/\\\/infos-droitshumains.net\\\/?p=18805#respond\"]}]},{\"@type\":\"WebPage\",\"@id\":\"https:\\\/\\\/infos-droitshumains.net\\\/?p=18805\",\"url\":\"https:\\\/\\\/infos-droitshumains.net\\\/?p=18805\",\"name\":\"RDC : \u00ab Silence qui interroge, parole qui divise ? \u00bb Tribune de Jonathan Longonda Mbula sur la r\u00e9serve de l\u2019\u00c9glise - Infos Droits Humains\",\"isPartOf\":{\"@id\":\"https:\\\/\\\/infos-droitshumains.net\\\/#website\"},\"primaryImageOfPage\":{\"@id\":\"https:\\\/\\\/infos-droitshumains.net\\\/?p=18805#primaryimage\"},\"image\":{\"@id\":\"https:\\\/\\\/infos-droitshumains.net\\\/?p=18805#primaryimage\"},\"thumbnailUrl\":\"https:\\\/\\\/i0.wp.com\\\/infos-droitshumains.net\\\/wp-content\\\/uploads\\\/2026\\\/04\\\/Screenshot_20260413_201705_Chrome.jpg?fit=967%2C485&ssl=1\",\"datePublished\":\"2026-04-13T19:15:39+00:00\",\"dateModified\":\"2026-04-13T19:18:33+00:00\",\"breadcrumb\":{\"@id\":\"https:\\\/\\\/infos-droitshumains.net\\\/?p=18805#breadcrumb\"},\"inLanguage\":\"fr-FR\",\"potentialAction\":[{\"@type\":\"ReadAction\",\"target\":[\"https:\\\/\\\/infos-droitshumains.net\\\/?p=18805\"]}]},{\"@type\":\"ImageObject\",\"inLanguage\":\"fr-FR\",\"@id\":\"https:\\\/\\\/infos-droitshumains.net\\\/?p=18805#primaryimage\",\"url\":\"https:\\\/\\\/i0.wp.com\\\/infos-droitshumains.net\\\/wp-content\\\/uploads\\\/2026\\\/04\\\/Screenshot_20260413_201705_Chrome.jpg?fit=967%2C485&ssl=1\",\"contentUrl\":\"https:\\\/\\\/i0.wp.com\\\/infos-droitshumains.net\\\/wp-content\\\/uploads\\\/2026\\\/04\\\/Screenshot_20260413_201705_Chrome.jpg?fit=967%2C485&ssl=1\",\"width\":967,\"height\":485},{\"@type\":\"BreadcrumbList\",\"@id\":\"https:\\\/\\\/infos-droitshumains.net\\\/?p=18805#breadcrumb\",\"itemListElement\":[{\"@type\":\"ListItem\",\"position\":1,\"name\":\"Accueil\",\"item\":\"https:\\\/\\\/infos-droitshumains.net\\\/\"},{\"@type\":\"ListItem\",\"position\":2,\"name\":\"RDC : \u00ab Silence qui interroge, parole qui divise ? \u00bb Tribune de Jonathan Longonda Mbula sur la r\u00e9serve de l\u2019\u00c9glise\"}]},{\"@type\":\"WebSite\",\"@id\":\"https:\\\/\\\/infos-droitshumains.net\\\/#website\",\"url\":\"https:\\\/\\\/infos-droitshumains.net\\\/\",\"name\":\"Infos Droits Humains\",\"description\":\"S&#039;informer est un droit\",\"publisher\":{\"@id\":\"https:\\\/\\\/infos-droitshumains.net\\\/#organization\"},\"potentialAction\":[{\"@type\":\"SearchAction\",\"target\":{\"@type\":\"EntryPoint\",\"urlTemplate\":\"https:\\\/\\\/infos-droitshumains.net\\\/?s={search_term_string}\"},\"query-input\":{\"@type\":\"PropertyValueSpecification\",\"valueRequired\":true,\"valueName\":\"search_term_string\"}}],\"inLanguage\":\"fr-FR\"},{\"@type\":\"Organization\",\"@id\":\"https:\\\/\\\/infos-droitshumains.net\\\/#organization\",\"name\":\"Infos Droits Humains\",\"url\":\"https:\\\/\\\/infos-droitshumains.net\\\/\",\"logo\":{\"@type\":\"ImageObject\",\"inLanguage\":\"fr-FR\",\"@id\":\"https:\\\/\\\/infos-droitshumains.net\\\/#\\\/schema\\\/logo\\\/image\\\/\",\"url\":\"https:\\\/\\\/i0.wp.com\\\/infos-droitshumains.net\\\/wp-content\\\/uploads\\\/2022\\\/05\\\/Logo.png?fit=333%2C129&ssl=1\",\"contentUrl\":\"https:\\\/\\\/i0.wp.com\\\/infos-droitshumains.net\\\/wp-content\\\/uploads\\\/2022\\\/05\\\/Logo.png?fit=333%2C129&ssl=1\",\"width\":333,\"height\":129,\"caption\":\"Infos Droits Humains\"},\"image\":{\"@id\":\"https:\\\/\\\/infos-droitshumains.net\\\/#\\\/schema\\\/logo\\\/image\\\/\"}},{\"@type\":\"Person\",\"@id\":\"https:\\\/\\\/infos-droitshumains.net\\\/#\\\/schema\\\/person\\\/3dc5e921c3302172e0ed4362f96faab7\",\"name\":\"Jo\u00ebl Diawa\",\"image\":{\"@type\":\"ImageObject\",\"inLanguage\":\"fr-FR\",\"@id\":\"https:\\\/\\\/secure.gravatar.com\\\/avatar\\\/729bea6ff4604c624417803c477363be8e3c7186deaa65713313f9b4b820f41c?s=96&d=mm&r=g\",\"url\":\"https:\\\/\\\/secure.gravatar.com\\\/avatar\\\/729bea6ff4604c624417803c477363be8e3c7186deaa65713313f9b4b820f41c?s=96&d=mm&r=g\",\"contentUrl\":\"https:\\\/\\\/secure.gravatar.com\\\/avatar\\\/729bea6ff4604c624417803c477363be8e3c7186deaa65713313f9b4b820f41c?s=96&d=mm&r=g\",\"caption\":\"Jo\u00ebl Diawa\"},\"sameAs\":[\"https:\\\/\\\/www.infos-droitshumains.net\"],\"url\":\"https:\\\/\\\/infos-droitshumains.net\\\/?author=2\"}]}<\/script>\n<!-- \/ Yoast SEO plugin. -->","yoast_head_json":{"title":"RDC : \u00ab Silence qui interroge, parole qui divise ? \u00bb Tribune de Jonathan Longonda Mbula sur la r\u00e9serve de l\u2019\u00c9glise - Infos Droits Humains","robots":{"index":"index","follow":"follow","max-snippet":"max-snippet:-1","max-image-preview":"max-image-preview:large","max-video-preview":"max-video-preview:-1"},"canonical":"https:\/\/infos-droitshumains.net\/?p=18805","og_locale":"fr_FR","og_type":"article","og_title":"RDC : \u00ab Silence qui interroge, parole qui divise ? \u00bb Tribune de Jonathan Longonda Mbula sur la r\u00e9serve de l\u2019\u00c9glise - Infos Droits Humains","og_description":"R\u00e9daction: +243 817 406 088 Dans une tribune qui suscite d\u00e9j\u00e0 de nombreuses r\u00e9actions, Jonathan...","og_url":"https:\/\/infos-droitshumains.net\/?p=18805","og_site_name":"Infos Droits Humains","article_published_time":"2026-04-13T19:15:39+00:00","article_modified_time":"2026-04-13T19:18:33+00:00","og_image":[{"width":967,"height":485,"url":"https:\/\/infos-droitshumains.net\/wp-content\/uploads\/2026\/04\/Screenshot_20260413_201705_Chrome.jpg","type":"image\/jpeg"}],"author":"Jo\u00ebl Diawa","twitter_card":"summary_large_image","twitter_misc":{"\u00c9crit par":"Jo\u00ebl Diawa","Dur\u00e9e de lecture estim\u00e9e":"3 minutes"},"schema":{"@context":"https:\/\/schema.org","@graph":[{"@type":"Article","@id":"https:\/\/infos-droitshumains.net\/?p=18805#article","isPartOf":{"@id":"https:\/\/infos-droitshumains.net\/?p=18805"},"author":{"name":"Jo\u00ebl Diawa","@id":"https:\/\/infos-droitshumains.net\/#\/schema\/person\/3dc5e921c3302172e0ed4362f96faab7"},"headline":"RDC : \u00ab Silence qui interroge, parole qui divise ? \u00bb Tribune de Jonathan Longonda Mbula sur la r\u00e9serve de l\u2019\u00c9glise","datePublished":"2026-04-13T19:15:39+00:00","dateModified":"2026-04-13T19:18:33+00:00","mainEntityOfPage":{"@id":"https:\/\/infos-droitshumains.net\/?p=18805"},"wordCount":514,"commentCount":0,"publisher":{"@id":"https:\/\/infos-droitshumains.net\/#organization"},"image":{"@id":"https:\/\/infos-droitshumains.net\/?p=18805#primaryimage"},"thumbnailUrl":"https:\/\/i0.wp.com\/infos-droitshumains.net\/wp-content\/uploads\/2026\/04\/Screenshot_20260413_201705_Chrome.jpg?fit=967%2C485&ssl=1","articleSection":["Soci\u00e9t\u00e9"],"inLanguage":"fr-FR","potentialAction":[{"@type":"CommentAction","name":"Comment","target":["https:\/\/infos-droitshumains.net\/?p=18805#respond"]}]},{"@type":"WebPage","@id":"https:\/\/infos-droitshumains.net\/?p=18805","url":"https:\/\/infos-droitshumains.net\/?p=18805","name":"RDC : \u00ab Silence qui interroge, parole qui divise ? \u00bb Tribune de Jonathan Longonda Mbula sur la r\u00e9serve de l\u2019\u00c9glise - Infos Droits Humains","isPartOf":{"@id":"https:\/\/infos-droitshumains.net\/#website"},"primaryImageOfPage":{"@id":"https:\/\/infos-droitshumains.net\/?p=18805#primaryimage"},"image":{"@id":"https:\/\/infos-droitshumains.net\/?p=18805#primaryimage"},"thumbnailUrl":"https:\/\/i0.wp.com\/infos-droitshumains.net\/wp-content\/uploads\/2026\/04\/Screenshot_20260413_201705_Chrome.jpg?fit=967%2C485&ssl=1","datePublished":"2026-04-13T19:15:39+00:00","dateModified":"2026-04-13T19:18:33+00:00","breadcrumb":{"@id":"https:\/\/infos-droitshumains.net\/?p=18805#breadcrumb"},"inLanguage":"fr-FR","potentialAction":[{"@type":"ReadAction","target":["https:\/\/infos-droitshumains.net\/?p=18805"]}]},{"@type":"ImageObject","inLanguage":"fr-FR","@id":"https:\/\/infos-droitshumains.net\/?p=18805#primaryimage","url":"https:\/\/i0.wp.com\/infos-droitshumains.net\/wp-content\/uploads\/2026\/04\/Screenshot_20260413_201705_Chrome.jpg?fit=967%2C485&ssl=1","contentUrl":"https:\/\/i0.wp.com\/infos-droitshumains.net\/wp-content\/uploads\/2026\/04\/Screenshot_20260413_201705_Chrome.jpg?fit=967%2C485&ssl=1","width":967,"height":485},{"@type":"BreadcrumbList","@id":"https:\/\/infos-droitshumains.net\/?p=18805#breadcrumb","itemListElement":[{"@type":"ListItem","position":1,"name":"Accueil","item":"https:\/\/infos-droitshumains.net\/"},{"@type":"ListItem","position":2,"name":"RDC : \u00ab Silence qui interroge, parole qui divise ? \u00bb Tribune de Jonathan Longonda Mbula sur la r\u00e9serve de l\u2019\u00c9glise"}]},{"@type":"WebSite","@id":"https:\/\/infos-droitshumains.net\/#website","url":"https:\/\/infos-droitshumains.net\/","name":"Infos Droits Humains","description":"S&#039;informer est un droit","publisher":{"@id":"https:\/\/infos-droitshumains.net\/#organization"},"potentialAction":[{"@type":"SearchAction","target":{"@type":"EntryPoint","urlTemplate":"https:\/\/infos-droitshumains.net\/?s={search_term_string}"},"query-input":{"@type":"PropertyValueSpecification","valueRequired":true,"valueName":"search_term_string"}}],"inLanguage":"fr-FR"},{"@type":"Organization","@id":"https:\/\/infos-droitshumains.net\/#organization","name":"Infos Droits Humains","url":"https:\/\/infos-droitshumains.net\/","logo":{"@type":"ImageObject","inLanguage":"fr-FR","@id":"https:\/\/infos-droitshumains.net\/#\/schema\/logo\/image\/","url":"https:\/\/i0.wp.com\/infos-droitshumains.net\/wp-content\/uploads\/2022\/05\/Logo.png?fit=333%2C129&ssl=1","contentUrl":"https:\/\/i0.wp.com\/infos-droitshumains.net\/wp-content\/uploads\/2022\/05\/Logo.png?fit=333%2C129&ssl=1","width":333,"height":129,"caption":"Infos Droits Humains"},"image":{"@id":"https:\/\/infos-droitshumains.net\/#\/schema\/logo\/image\/"}},{"@type":"Person","@id":"https:\/\/infos-droitshumains.net\/#\/schema\/person\/3dc5e921c3302172e0ed4362f96faab7","name":"Jo\u00ebl Diawa","image":{"@type":"ImageObject","inLanguage":"fr-FR","@id":"https:\/\/secure.gravatar.com\/avatar\/729bea6ff4604c624417803c477363be8e3c7186deaa65713313f9b4b820f41c?s=96&d=mm&r=g","url":"https:\/\/secure.gravatar.com\/avatar\/729bea6ff4604c624417803c477363be8e3c7186deaa65713313f9b4b820f41c?s=96&d=mm&r=g","contentUrl":"https:\/\/secure.gravatar.com\/avatar\/729bea6ff4604c624417803c477363be8e3c7186deaa65713313f9b4b820f41c?s=96&d=mm&r=g","caption":"Jo\u00ebl Diawa"},"sameAs":["https:\/\/www.infos-droitshumains.net"],"url":"https:\/\/infos-droitshumains.net\/?author=2"}]}},"featured_image_urls":{"full":["https:\/\/i0.wp.com\/infos-droitshumains.net\/wp-content\/uploads\/2026\/04\/Screenshot_20260413_201705_Chrome.jpg?fit=967%2C485&ssl=1",967,485,false],"thumbnail":["https:\/\/i0.wp.com\/infos-droitshumains.net\/wp-content\/uploads\/2026\/04\/Screenshot_20260413_201705_Chrome.jpg?resize=150%2C150&ssl=1",150,150,true],"medium":["https:\/\/i0.wp.com\/infos-droitshumains.net\/wp-content\/uploads\/2026\/04\/Screenshot_20260413_201705_Chrome.jpg?fit=300%2C150&ssl=1",300,150,true],"medium_large":["https:\/\/i0.wp.com\/infos-droitshumains.net\/wp-content\/uploads\/2026\/04\/Screenshot_20260413_201705_Chrome.jpg?fit=640%2C321&ssl=1",640,321,true],"large":["https:\/\/i0.wp.com\/infos-droitshumains.net\/wp-content\/uploads\/2026\/04\/Screenshot_20260413_201705_Chrome.jpg?fit=640%2C321&ssl=1",640,321,true],"1536x1536":["https:\/\/i0.wp.com\/infos-droitshumains.net\/wp-content\/uploads\/2026\/04\/Screenshot_20260413_201705_Chrome.jpg?fit=967%2C485&ssl=1",967,485,true],"2048x2048":["https:\/\/i0.wp.com\/infos-droitshumains.net\/wp-content\/uploads\/2026\/04\/Screenshot_20260413_201705_Chrome.jpg?fit=967%2C485&ssl=1",967,485,true],"covernews-slider-full":["https:\/\/i0.wp.com\/infos-droitshumains.net\/wp-content\/uploads\/2026\/04\/Screenshot_20260413_201705_Chrome.jpg?resize=967%2C485&ssl=1",967,485,true],"covernews-slider-center":["https:\/\/i0.wp.com\/infos-droitshumains.net\/wp-content\/uploads\/2026\/04\/Screenshot_20260413_201705_Chrome.jpg?resize=800%2C485&ssl=1",800,485,true],"covernews-featured":["https:\/\/i0.wp.com\/infos-droitshumains.net\/wp-content\/uploads\/2026\/04\/Screenshot_20260413_201705_Chrome.jpg?fit=967%2C485&ssl=1",967,485,true],"covernews-medium":["https:\/\/i0.wp.com\/infos-droitshumains.net\/wp-content\/uploads\/2026\/04\/Screenshot_20260413_201705_Chrome.jpg?resize=540%2C340&ssl=1",540,340,true],"covernews-medium-square":["https:\/\/i0.wp.com\/infos-droitshumains.net\/wp-content\/uploads\/2026\/04\/Screenshot_20260413_201705_Chrome.jpg?resize=400%2C250&ssl=1",400,250,true]},"author_info":{"display_name":"Jo\u00ebl Diawa","author_link":"https:\/\/infos-droitshumains.net\/?author=2"},"category_info":"<a href=\"https:\/\/infos-droitshumains.net\/?cat=8\" rel=\"category\">Soci\u00e9t\u00e9<\/a>","tag_info":"Soci\u00e9t\u00e9","comment_count":"0","jetpack_featured_media_url":"https:\/\/i0.wp.com\/infos-droitshumains.net\/wp-content\/uploads\/2026\/04\/Screenshot_20260413_201705_Chrome.jpg?fit=967%2C485&ssl=1","jetpack-related-posts":[],"jetpack_sharing_enabled":true,"_links":{"self":[{"href":"https:\/\/infos-droitshumains.net\/index.php?rest_route=\/wp\/v2\/posts\/18805","targetHints":{"allow":["GET"]}}],"collection":[{"href":"https:\/\/infos-droitshumains.net\/index.php?rest_route=\/wp\/v2\/posts"}],"about":[{"href":"https:\/\/infos-droitshumains.net\/index.php?rest_route=\/wp\/v2\/types\/post"}],"author":[{"embeddable":true,"href":"https:\/\/infos-droitshumains.net\/index.php?rest_route=\/wp\/v2\/users\/2"}],"replies":[{"embeddable":true,"href":"https:\/\/infos-droitshumains.net\/index.php?rest_route=%2Fwp%2Fv2%2Fcomments&post=18805"}],"version-history":[{"count":3,"href":"https:\/\/infos-droitshumains.net\/index.php?rest_route=\/wp\/v2\/posts\/18805\/revisions"}],"predecessor-version":[{"id":18808,"href":"https:\/\/infos-droitshumains.net\/index.php?rest_route=\/wp\/v2\/posts\/18805\/revisions\/18808"}],"wp:featuredmedia":[{"embeddable":true,"href":"https:\/\/infos-droitshumains.net\/index.php?rest_route=\/wp\/v2\/media\/18809"}],"wp:attachment":[{"href":"https:\/\/infos-droitshumains.net\/index.php?rest_route=%2Fwp%2Fv2%2Fmedia&parent=18805"}],"wp:term":[{"taxonomy":"category","embeddable":true,"href":"https:\/\/infos-droitshumains.net\/index.php?rest_route=%2Fwp%2Fv2%2Fcategories&post=18805"},{"taxonomy":"post_tag","embeddable":true,"href":"https:\/\/infos-droitshumains.net\/index.php?rest_route=%2Fwp%2Fv2%2Ftags&post=18805"}],"curies":[{"name":"wp","href":"https:\/\/api.w.org\/{rel}","templated":true}]}}