{"id":18694,"date":"2026-04-05T11:18:31","date_gmt":"2026-04-05T09:18:31","guid":{"rendered":"https:\/\/infos-droitshumains.net\/?p=18694"},"modified":"2026-04-05T15:44:29","modified_gmt":"2026-04-05T13:44:29","slug":"kinshasa-ndjili-pour-une-justice-sans-abus-le-procureur-de-la-republique-jonas-kisubi-insiste-sur-la-comprehension-des-textes-penaux","status":"publish","type":"post","link":"https:\/\/infos-droitshumains.net\/?p=18694","title":{"rendered":"Parquet de Grande Instance de Kinshasa\/N\u2019djili : pour une justice sans abus, le Procureur de la R\u00e9publique Jonas Kisubi insiste sur la compr\u00e9hension des textes p\u00e9naux"},"content":{"rendered":"\n<p><strong>R\u00e9daction: +243 817 406 088<\/strong><\/p>\n\n\n\n<h3 class=\"wp-block-heading has-vivid-red-color has-text-color has-link-color wp-elements-b15987127a8ee492ef202cc5a9368118\">Le Parquet pr\u00e8s le Tribunal de Grande Instance de Kinshasa\/N\u2019djili a organis\u00e9, ce vendredi 03 avril 2026, une conf\u00e9rence-d\u00e9bat marquant la cl\u00f4ture des activit\u00e9s du mois de mars consacr\u00e9 \u00e0 la d\u00e9fense des droits des femmes. Parmi les interventions majeures, celle du Procureur de la R\u00e9publique, <strong>Jonas Kisubi Bantuikoko<\/strong>, a particuli\u00e8rement retenu l\u2019attention. Son expos\u00e9, intitul\u00e9 <em>\u00ab La compr\u00e9hension des textes p\u00e9naux par l\u2019officier du minist\u00e8re public : garantie d\u2019une bonne justice \u00bb<\/em>, a mis en lumi\u00e8re un enjeu fondamental pour l\u2019\u00c9tat de droit.<\/h3>\n\n\n\n<figure class=\"wp-block-image alignfull size-large\"><img data-recalc-dims=\"1\" fetchpriority=\"high\" decoding=\"async\" width=\"640\" height=\"960\" src=\"https:\/\/i0.wp.com\/infos-droitshumains.net\/wp-content\/uploads\/2026\/04\/1001524307.jpg?resize=640%2C960&#038;ssl=1\" alt=\"\" class=\"wp-image-18659\" srcset=\"https:\/\/i0.wp.com\/infos-droitshumains.net\/wp-content\/uploads\/2026\/04\/1001524307.jpg?resize=683%2C1024&amp;ssl=1 683w, https:\/\/i0.wp.com\/infos-droitshumains.net\/wp-content\/uploads\/2026\/04\/1001524307.jpg?resize=200%2C300&amp;ssl=1 200w, https:\/\/i0.wp.com\/infos-droitshumains.net\/wp-content\/uploads\/2026\/04\/1001524307.jpg?resize=768%2C1151&amp;ssl=1 768w, https:\/\/i0.wp.com\/infos-droitshumains.net\/wp-content\/uploads\/2026\/04\/1001524307.jpg?w=854&amp;ssl=1 854w\" sizes=\"(max-width: 640px) 100vw, 640px\" \/><\/figure>\n\n\n\n<p><strong>Le minist\u00e8re public : gardien de l\u2019action publique<\/strong><\/p>\n\n\n\n<p>S\u2019appuyant sur l\u2019article 67 de la loi organique portant organisation, fonctionnement et comp\u00e9tence des juridictions de l\u2019ordre judiciaire, le procureur a rappel\u00e9 le r\u00f4le central du minist\u00e8re public dans le syst\u00e8me judiciaire congolais :<\/p>\n\n\n\n<figure class=\"wp-block-image alignfull size-large\"><img data-recalc-dims=\"1\" decoding=\"async\" width=\"640\" height=\"960\" src=\"https:\/\/i0.wp.com\/infos-droitshumains.net\/wp-content\/uploads\/2026\/04\/1001524359.jpg?resize=640%2C960&#038;ssl=1\" alt=\"\" class=\"wp-image-18700\" srcset=\"https:\/\/i0.wp.com\/infos-droitshumains.net\/wp-content\/uploads\/2026\/04\/1001524359.jpg?resize=683%2C1024&amp;ssl=1 683w, https:\/\/i0.wp.com\/infos-droitshumains.net\/wp-content\/uploads\/2026\/04\/1001524359.jpg?resize=200%2C300&amp;ssl=1 200w, https:\/\/i0.wp.com\/infos-droitshumains.net\/wp-content\/uploads\/2026\/04\/1001524359.jpg?resize=768%2C1151&amp;ssl=1 768w, https:\/\/i0.wp.com\/infos-droitshumains.net\/wp-content\/uploads\/2026\/04\/1001524359.jpg?w=854&amp;ssl=1 854w\" sizes=\"(max-width: 640px) 100vw, 640px\" \/><\/figure>\n\n\n\n<p><em>\u00ab L\u2019action publique est exerc\u00e9e par le minist\u00e8re public, qui agit au nom et pour le compte de la soci\u00e9t\u00e9 pour poursuivre les infractions. \u00bb<\/em><\/p>\n\n\n\n<p>\u00c0 travers cette mission, l\u2019Officier du Minist\u00e8re Public (OMP) devient un acteur cl\u00e9 dans la mise en \u0153uvre de la justice p\u00e9nale, charg\u00e9 de veiller \u00e0 la l\u00e9galit\u00e9 des poursuites et au respect des droits fondamentaux.<\/p>\n\n\n\n<p><strong>Une bonne compr\u00e9hension des textes : pilier de la justice<\/strong><\/p>\n\n\n\n<p>Selon le procureur Kisubi, la ma\u00eetrise des textes p\u00e9naux constitue une exigence fondamentale pour garantir une justice juste et \u00e9quitable. Elle permet notamment : <em>\u00ab&nbsp;d\u2019assurer une qualification juridique correcte des faits ; de pr\u00e9server les libert\u00e9s individuelles et d\u2019\u00e9viter les abus de pouvoir dans les proc\u00e9dures judiciaires.&nbsp;\u00bb<\/em><\/p>\n\n\n\n<figure class=\"wp-block-image alignfull size-large\"><img data-recalc-dims=\"1\" decoding=\"async\" width=\"640\" height=\"897\" src=\"https:\/\/i0.wp.com\/infos-droitshumains.net\/wp-content\/uploads\/2026\/04\/1001524365.jpg?resize=640%2C897&#038;ssl=1\" alt=\"\" class=\"wp-image-18703\" srcset=\"https:\/\/i0.wp.com\/infos-droitshumains.net\/wp-content\/uploads\/2026\/04\/1001524365.jpg?resize=731%2C1024&amp;ssl=1 731w, https:\/\/i0.wp.com\/infos-droitshumains.net\/wp-content\/uploads\/2026\/04\/1001524365.jpg?resize=214%2C300&amp;ssl=1 214w, https:\/\/i0.wp.com\/infos-droitshumains.net\/wp-content\/uploads\/2026\/04\/1001524365.jpg?resize=768%2C1076&amp;ssl=1 768w, https:\/\/i0.wp.com\/infos-droitshumains.net\/wp-content\/uploads\/2026\/04\/1001524365.jpg?w=914&amp;ssl=1 914w\" sizes=\"(max-width: 640px) 100vw, 640px\" \/><\/figure>\n\n\n\n<p>\u00c0 l\u2019inverse, une mauvaise interpr\u00e9tation des textes peut, insiste-il, entra\u00eener de lourdes cons\u00e9quences notamment <em>\u00ab des erreurs de qualification juridique, des atteintes aux droits fondamentaux, des arrestations arbitraires, des d\u00e9tentions ill\u00e9gales, voire la nullit\u00e9 des actes de proc\u00e9dure. \u00bb<\/em><\/p>\n\n\n\n<p>Ces d\u00e9rives peuvent conduire \u00e0 des relaxes ou acquittements injustifi\u00e9s, mais aussi \u00e0 une perte de confiance des citoyens envers l\u2019institution judiciaire, fragilisant ainsi l\u2019\u00c9tat de droit.<\/p>\n\n\n\n<p><strong>Le lien indissociable entre droit p\u00e9nal et proc\u00e9dure p\u00e9nale<\/strong><\/p>\n\n\n\n<p>Dans son intervention, Jonas Kisubi a \u00e9galement insist\u00e9 sur la compl\u00e9mentarit\u00e9 entre le droit p\u00e9nal et la proc\u00e9dure p\u00e9nale :<\/p>\n\n\n\n<p><em>\u00ab Le droit p\u00e9nal d\u00e9finit les infractions, la proc\u00e9dure p\u00e9nale permet leur application effective. Une mauvaise compr\u00e9hension de l\u2019un entra\u00eene l\u2019\u00e9chec de l\u2019autre. \u00bb<\/em><\/p>\n\n\n\n<figure class=\"wp-block-image alignfull size-large\"><img data-recalc-dims=\"1\" loading=\"lazy\" decoding=\"async\" width=\"640\" height=\"427\" src=\"https:\/\/i0.wp.com\/infos-droitshumains.net\/wp-content\/uploads\/2026\/04\/1001524325.jpg?resize=640%2C427&#038;ssl=1\" alt=\"\" class=\"wp-image-18706\" srcset=\"https:\/\/i0.wp.com\/infos-droitshumains.net\/wp-content\/uploads\/2026\/04\/1001524325.jpg?resize=1024%2C683&amp;ssl=1 1024w, https:\/\/i0.wp.com\/infos-droitshumains.net\/wp-content\/uploads\/2026\/04\/1001524325.jpg?resize=300%2C200&amp;ssl=1 300w, https:\/\/i0.wp.com\/infos-droitshumains.net\/wp-content\/uploads\/2026\/04\/1001524325.jpg?resize=768%2C512&amp;ssl=1 768w, https:\/\/i0.wp.com\/infos-droitshumains.net\/wp-content\/uploads\/2026\/04\/1001524325.jpg?w=1280&amp;ssl=1 1280w\" sizes=\"(max-width: 640px) 100vw, 640px\" \/><\/figure>\n\n\n\n<p>Cette articulation est essentielle pour garantir non seulement la r\u00e9pression des infractions, mais aussi le respect des garanties proc\u00e9durales.<\/p>\n\n\n\n<p><strong>Des pistes concr\u00e8tes pour renforcer les capacit\u00e9s des magistrats<\/strong><\/p>\n\n\n\n<p>Face aux d\u00e9fis identifi\u00e9s, plusieurs solutions ont \u00e9t\u00e9 propos\u00e9es pour am\u00e9liorer la compr\u00e9hension des textes p\u00e9naux par les magistrats :<\/p>\n\n\n\n<ul class=\"wp-block-list\">\n<li><em>la mise en place d\u2019une v\u00e9ritable \u00e9cole de magistrature pour renforcer la formation initiale ;<\/em><\/li>\n\n\n\n<li><em>l\u2019organisation r\u00e9guli\u00e8re de formations continues, notamment sur les r\u00e9formes l\u00e9gislatives ;<\/em><\/li>\n\n\n\n<li><em>l\u2019acc\u00e8s facilit\u00e9 aux sources du droit (codes actualis\u00e9s, jurisprudence, doctrine, travaux pr\u00e9paratoires parlementaires) ;<\/em><\/li>\n\n\n\n<li><em>le d\u00e9veloppement d\u2019une culture juridique rigoureuse et actualis\u00e9e.<\/em><\/li>\n<\/ul>\n\n\n\n<p><strong>L\u2019\u00e9thique professionnelle au c\u0153ur de la pratique judiciaire<\/strong><\/p>\n\n\n\n<p>Au-del\u00e0 des comp\u00e9tences techniques, le procureur a insist\u00e9 sur la n\u00e9cessit\u00e9 de renforcer l\u2019\u00e9thique professionnelle des magistrats. Il a notamment appel\u00e9 \u00e0 <em>\u2018\u2019l\u2019impartialit\u00e9 dans le traitement des dossiers ; le respect strict des droits de la d\u00e9fense ; la responsabilit\u00e9 individuelle du magistrat dans l\u2019exercice de ses fonctions.\u2019\u2019<\/em><\/p>\n\n\n\n<p>Procureur de la R\u00e9publique du Parquet pr\u00e8s le Tribunal de Grande Instance de Kinshasa\/N\u2019djili, Jonas Kisubi Bantuikoko a soulign\u00e9 que la qualit\u00e9 de la justice d\u00e9pend avant tout de la comp\u00e9tence et de la rigueur des magistrats :<\/p>\n\n\n\n<figure class=\"wp-block-image alignfull size-large\"><img data-recalc-dims=\"1\" loading=\"lazy\" decoding=\"async\" width=\"640\" height=\"960\" src=\"https:\/\/i0.wp.com\/infos-droitshumains.net\/wp-content\/uploads\/2026\/04\/1001524328.jpg?resize=640%2C960&#038;ssl=1\" alt=\"\" class=\"wp-image-18708\" srcset=\"https:\/\/i0.wp.com\/infos-droitshumains.net\/wp-content\/uploads\/2026\/04\/1001524328.jpg?resize=683%2C1024&amp;ssl=1 683w, https:\/\/i0.wp.com\/infos-droitshumains.net\/wp-content\/uploads\/2026\/04\/1001524328.jpg?resize=200%2C300&amp;ssl=1 200w, https:\/\/i0.wp.com\/infos-droitshumains.net\/wp-content\/uploads\/2026\/04\/1001524328.jpg?resize=768%2C1151&amp;ssl=1 768w, https:\/\/i0.wp.com\/infos-droitshumains.net\/wp-content\/uploads\/2026\/04\/1001524328.jpg?w=854&amp;ssl=1 854w\" sizes=\"(max-width: 640px) 100vw, 640px\" \/><\/figure>\n\n\n\n<p><em>\u00ab La compr\u00e9hension des textes p\u00e9naux par l\u2019OMP constitue une condition essentielle pour garantir une bonne justice. Elle permet le respect du principe de l\u00e9galit\u00e9, la protection des droits fondamentaux et la cr\u00e9dibilit\u00e9 du pouvoir judiciaire. Une justice efficace repose avant tout sur des magistrats comp\u00e9tents, form\u00e9s et rigoureux dans l\u2019interpr\u00e9tation des lois p\u00e9nales.\u00bb<\/em><\/p>\n\n\n\n<p>Cette conf\u00e9rence-d\u00e9bat s\u2019inscrit dans une dynamique plus large de promotion des droits humains, en particulier ceux des femmes, souvent victimes d\u2019injustices li\u00e9es \u00e0 une mauvaise application de la loi. En renfor\u00e7ant les capacit\u00e9s des acteurs judiciaires, de telles initiatives contribuent \u00e0 b\u00e2tir une justice plus \u00e9quitable, plus accessible et davantage respectueuse des droits fondamentaux en R\u00e9publique d\u00e9mocratique du Congo.<\/p>\n\n\n\n<p>Jo\u00ebl Diawa<\/p>\n","protected":false},"excerpt":{"rendered":"<p>R\u00e9daction: +243 817 406 088 Le Parquet pr\u00e8s le Tribunal de Grande Instance de Kinshasa\/N\u2019djili&#8230;<\/p>\n","protected":false},"author":2,"featured_media":18658,"comment_status":"open","ping_status":"open","sticky":false,"template":"","format":"standard","meta":{"_jetpack_memberships_contains_paid_content":false,"footnotes":""},"categories":[6],"tags":[],"class_list":["post-18694","post","type-post","status-publish","format-standard","has-post-thumbnail","hentry","category-justice"],"yoast_head":"<!-- This site is optimized with the Yoast SEO plugin v27.5 - https:\/\/yoast.com\/product\/yoast-seo-wordpress\/ -->\n<title>Parquet de Grande Instance de Kinshasa\/N\u2019djili : pour une justice sans abus, le Procureur de la R\u00e9publique Jonas Kisubi insiste sur la compr\u00e9hension des textes p\u00e9naux - Infos Droits Humains<\/title>\n<meta name=\"robots\" content=\"index, follow, max-snippet:-1, max-image-preview:large, max-video-preview:-1\" \/>\n<link rel=\"canonical\" href=\"https:\/\/infos-droitshumains.net\/?p=18694\" \/>\n<meta property=\"og:locale\" content=\"fr_FR\" \/>\n<meta property=\"og:type\" content=\"article\" \/>\n<meta property=\"og:title\" content=\"Parquet de Grande Instance de Kinshasa\/N\u2019djili : pour une justice sans abus, le Procureur de la R\u00e9publique Jonas Kisubi insiste sur la compr\u00e9hension des textes p\u00e9naux - Infos Droits Humains\" \/>\n<meta property=\"og:description\" content=\"R\u00e9daction: +243 817 406 088 Le Parquet pr\u00e8s le Tribunal de Grande Instance de Kinshasa\/N\u2019djili...\" \/>\n<meta property=\"og:url\" content=\"https:\/\/infos-droitshumains.net\/?p=18694\" \/>\n<meta property=\"og:site_name\" content=\"Infos Droits Humains\" \/>\n<meta property=\"article:published_time\" content=\"2026-04-05T09:18:31+00:00\" \/>\n<meta property=\"article:modified_time\" content=\"2026-04-05T13:44:29+00:00\" \/>\n<meta property=\"og:image\" content=\"https:\/\/infos-droitshumains.net\/wp-content\/uploads\/2026\/04\/1001524354.jpg\" \/>\n\t<meta property=\"og:image:width\" content=\"933\" \/>\n\t<meta property=\"og:image:height\" content=\"1280\" \/>\n\t<meta property=\"og:image:type\" content=\"image\/jpeg\" \/>\n<meta name=\"author\" content=\"Jo\u00ebl Diawa\" \/>\n<meta name=\"twitter:card\" content=\"summary_large_image\" \/>\n<meta name=\"twitter:label1\" content=\"\u00c9crit par\" \/>\n\t<meta name=\"twitter:data1\" content=\"Jo\u00ebl Diawa\" \/>\n\t<meta name=\"twitter:label2\" content=\"Dur\u00e9e de lecture estim\u00e9e\" \/>\n\t<meta name=\"twitter:data2\" content=\"5 minutes\" \/>\n<script type=\"application\/ld+json\" class=\"yoast-schema-graph\">{\"@context\":\"https:\\\/\\\/schema.org\",\"@graph\":[{\"@type\":\"Article\",\"@id\":\"https:\\\/\\\/infos-droitshumains.net\\\/?p=18694#article\",\"isPartOf\":{\"@id\":\"https:\\\/\\\/infos-droitshumains.net\\\/?p=18694\"},\"author\":{\"name\":\"Jo\u00ebl Diawa\",\"@id\":\"https:\\\/\\\/infos-droitshumains.net\\\/#\\\/schema\\\/person\\\/3dc5e921c3302172e0ed4362f96faab7\"},\"headline\":\"Parquet de Grande Instance de Kinshasa\\\/N\u2019djili : pour une justice sans abus, le Procureur de la R\u00e9publique Jonas Kisubi insiste sur la compr\u00e9hension des textes p\u00e9naux\",\"datePublished\":\"2026-04-05T09:18:31+00:00\",\"dateModified\":\"2026-04-05T13:44:29+00:00\",\"mainEntityOfPage\":{\"@id\":\"https:\\\/\\\/infos-droitshumains.net\\\/?p=18694\"},\"wordCount\":796,\"commentCount\":0,\"publisher\":{\"@id\":\"https:\\\/\\\/infos-droitshumains.net\\\/#organization\"},\"image\":{\"@id\":\"https:\\\/\\\/infos-droitshumains.net\\\/?p=18694#primaryimage\"},\"thumbnailUrl\":\"https:\\\/\\\/i0.wp.com\\\/infos-droitshumains.net\\\/wp-content\\\/uploads\\\/2026\\\/04\\\/1001524354.jpg?fit=933%2C1280&ssl=1\",\"articleSection\":[\"Justice\"],\"inLanguage\":\"fr-FR\",\"potentialAction\":[{\"@type\":\"CommentAction\",\"name\":\"Comment\",\"target\":[\"https:\\\/\\\/infos-droitshumains.net\\\/?p=18694#respond\"]}]},{\"@type\":\"WebPage\",\"@id\":\"https:\\\/\\\/infos-droitshumains.net\\\/?p=18694\",\"url\":\"https:\\\/\\\/infos-droitshumains.net\\\/?p=18694\",\"name\":\"Parquet de Grande Instance de Kinshasa\\\/N\u2019djili : pour une justice sans abus, le Procureur de la R\u00e9publique Jonas Kisubi insiste sur la compr\u00e9hension des textes p\u00e9naux - Infos Droits Humains\",\"isPartOf\":{\"@id\":\"https:\\\/\\\/infos-droitshumains.net\\\/#website\"},\"primaryImageOfPage\":{\"@id\":\"https:\\\/\\\/infos-droitshumains.net\\\/?p=18694#primaryimage\"},\"image\":{\"@id\":\"https:\\\/\\\/infos-droitshumains.net\\\/?p=18694#primaryimage\"},\"thumbnailUrl\":\"https:\\\/\\\/i0.wp.com\\\/infos-droitshumains.net\\\/wp-content\\\/uploads\\\/2026\\\/04\\\/1001524354.jpg?fit=933%2C1280&ssl=1\",\"datePublished\":\"2026-04-05T09:18:31+00:00\",\"dateModified\":\"2026-04-05T13:44:29+00:00\",\"breadcrumb\":{\"@id\":\"https:\\\/\\\/infos-droitshumains.net\\\/?p=18694#breadcrumb\"},\"inLanguage\":\"fr-FR\",\"potentialAction\":[{\"@type\":\"ReadAction\",\"target\":[\"https:\\\/\\\/infos-droitshumains.net\\\/?p=18694\"]}]},{\"@type\":\"ImageObject\",\"inLanguage\":\"fr-FR\",\"@id\":\"https:\\\/\\\/infos-droitshumains.net\\\/?p=18694#primaryimage\",\"url\":\"https:\\\/\\\/i0.wp.com\\\/infos-droitshumains.net\\\/wp-content\\\/uploads\\\/2026\\\/04\\\/1001524354.jpg?fit=933%2C1280&ssl=1\",\"contentUrl\":\"https:\\\/\\\/i0.wp.com\\\/infos-droitshumains.net\\\/wp-content\\\/uploads\\\/2026\\\/04\\\/1001524354.jpg?fit=933%2C1280&ssl=1\",\"width\":933,\"height\":1280},{\"@type\":\"BreadcrumbList\",\"@id\":\"https:\\\/\\\/infos-droitshumains.net\\\/?p=18694#breadcrumb\",\"itemListElement\":[{\"@type\":\"ListItem\",\"position\":1,\"name\":\"Accueil\",\"item\":\"https:\\\/\\\/infos-droitshumains.net\\\/\"},{\"@type\":\"ListItem\",\"position\":2,\"name\":\"Parquet de Grande Instance de Kinshasa\\\/N\u2019djili : pour une justice sans abus, le Procureur de la R\u00e9publique Jonas Kisubi insiste sur la compr\u00e9hension des textes p\u00e9naux\"}]},{\"@type\":\"WebSite\",\"@id\":\"https:\\\/\\\/infos-droitshumains.net\\\/#website\",\"url\":\"https:\\\/\\\/infos-droitshumains.net\\\/\",\"name\":\"Infos Droits Humains\",\"description\":\"S&#039;informer est un droit\",\"publisher\":{\"@id\":\"https:\\\/\\\/infos-droitshumains.net\\\/#organization\"},\"potentialAction\":[{\"@type\":\"SearchAction\",\"target\":{\"@type\":\"EntryPoint\",\"urlTemplate\":\"https:\\\/\\\/infos-droitshumains.net\\\/?s={search_term_string}\"},\"query-input\":{\"@type\":\"PropertyValueSpecification\",\"valueRequired\":true,\"valueName\":\"search_term_string\"}}],\"inLanguage\":\"fr-FR\"},{\"@type\":\"Organization\",\"@id\":\"https:\\\/\\\/infos-droitshumains.net\\\/#organization\",\"name\":\"Infos Droits Humains\",\"url\":\"https:\\\/\\\/infos-droitshumains.net\\\/\",\"logo\":{\"@type\":\"ImageObject\",\"inLanguage\":\"fr-FR\",\"@id\":\"https:\\\/\\\/infos-droitshumains.net\\\/#\\\/schema\\\/logo\\\/image\\\/\",\"url\":\"https:\\\/\\\/i0.wp.com\\\/infos-droitshumains.net\\\/wp-content\\\/uploads\\\/2022\\\/05\\\/Logo.png?fit=333%2C129&ssl=1\",\"contentUrl\":\"https:\\\/\\\/i0.wp.com\\\/infos-droitshumains.net\\\/wp-content\\\/uploads\\\/2022\\\/05\\\/Logo.png?fit=333%2C129&ssl=1\",\"width\":333,\"height\":129,\"caption\":\"Infos Droits Humains\"},\"image\":{\"@id\":\"https:\\\/\\\/infos-droitshumains.net\\\/#\\\/schema\\\/logo\\\/image\\\/\"}},{\"@type\":\"Person\",\"@id\":\"https:\\\/\\\/infos-droitshumains.net\\\/#\\\/schema\\\/person\\\/3dc5e921c3302172e0ed4362f96faab7\",\"name\":\"Jo\u00ebl Diawa\",\"image\":{\"@type\":\"ImageObject\",\"inLanguage\":\"fr-FR\",\"@id\":\"https:\\\/\\\/secure.gravatar.com\\\/avatar\\\/729bea6ff4604c624417803c477363be8e3c7186deaa65713313f9b4b820f41c?s=96&d=mm&r=g\",\"url\":\"https:\\\/\\\/secure.gravatar.com\\\/avatar\\\/729bea6ff4604c624417803c477363be8e3c7186deaa65713313f9b4b820f41c?s=96&d=mm&r=g\",\"contentUrl\":\"https:\\\/\\\/secure.gravatar.com\\\/avatar\\\/729bea6ff4604c624417803c477363be8e3c7186deaa65713313f9b4b820f41c?s=96&d=mm&r=g\",\"caption\":\"Jo\u00ebl Diawa\"},\"sameAs\":[\"https:\\\/\\\/www.infos-droitshumains.net\"],\"url\":\"https:\\\/\\\/infos-droitshumains.net\\\/?author=2\"}]}<\/script>\n<!-- \/ Yoast SEO plugin. -->","yoast_head_json":{"title":"Parquet de Grande Instance de Kinshasa\/N\u2019djili : pour une justice sans abus, le Procureur de la R\u00e9publique Jonas Kisubi insiste sur la compr\u00e9hension des textes p\u00e9naux - Infos Droits Humains","robots":{"index":"index","follow":"follow","max-snippet":"max-snippet:-1","max-image-preview":"max-image-preview:large","max-video-preview":"max-video-preview:-1"},"canonical":"https:\/\/infos-droitshumains.net\/?p=18694","og_locale":"fr_FR","og_type":"article","og_title":"Parquet de Grande Instance de Kinshasa\/N\u2019djili : pour une justice sans abus, le Procureur de la R\u00e9publique Jonas Kisubi insiste sur la compr\u00e9hension des textes p\u00e9naux - Infos Droits Humains","og_description":"R\u00e9daction: +243 817 406 088 Le Parquet pr\u00e8s le Tribunal de Grande Instance de Kinshasa\/N\u2019djili...","og_url":"https:\/\/infos-droitshumains.net\/?p=18694","og_site_name":"Infos Droits Humains","article_published_time":"2026-04-05T09:18:31+00:00","article_modified_time":"2026-04-05T13:44:29+00:00","og_image":[{"width":933,"height":1280,"url":"https:\/\/infos-droitshumains.net\/wp-content\/uploads\/2026\/04\/1001524354.jpg","type":"image\/jpeg"}],"author":"Jo\u00ebl Diawa","twitter_card":"summary_large_image","twitter_misc":{"\u00c9crit par":"Jo\u00ebl Diawa","Dur\u00e9e de lecture estim\u00e9e":"5 minutes"},"schema":{"@context":"https:\/\/schema.org","@graph":[{"@type":"Article","@id":"https:\/\/infos-droitshumains.net\/?p=18694#article","isPartOf":{"@id":"https:\/\/infos-droitshumains.net\/?p=18694"},"author":{"name":"Jo\u00ebl Diawa","@id":"https:\/\/infos-droitshumains.net\/#\/schema\/person\/3dc5e921c3302172e0ed4362f96faab7"},"headline":"Parquet de Grande Instance de Kinshasa\/N\u2019djili : pour une justice sans abus, le Procureur de la R\u00e9publique Jonas Kisubi insiste sur la compr\u00e9hension des textes p\u00e9naux","datePublished":"2026-04-05T09:18:31+00:00","dateModified":"2026-04-05T13:44:29+00:00","mainEntityOfPage":{"@id":"https:\/\/infos-droitshumains.net\/?p=18694"},"wordCount":796,"commentCount":0,"publisher":{"@id":"https:\/\/infos-droitshumains.net\/#organization"},"image":{"@id":"https:\/\/infos-droitshumains.net\/?p=18694#primaryimage"},"thumbnailUrl":"https:\/\/i0.wp.com\/infos-droitshumains.net\/wp-content\/uploads\/2026\/04\/1001524354.jpg?fit=933%2C1280&ssl=1","articleSection":["Justice"],"inLanguage":"fr-FR","potentialAction":[{"@type":"CommentAction","name":"Comment","target":["https:\/\/infos-droitshumains.net\/?p=18694#respond"]}]},{"@type":"WebPage","@id":"https:\/\/infos-droitshumains.net\/?p=18694","url":"https:\/\/infos-droitshumains.net\/?p=18694","name":"Parquet de Grande Instance de Kinshasa\/N\u2019djili : pour une justice sans abus, le Procureur de la R\u00e9publique Jonas Kisubi insiste sur la compr\u00e9hension des textes p\u00e9naux - Infos Droits Humains","isPartOf":{"@id":"https:\/\/infos-droitshumains.net\/#website"},"primaryImageOfPage":{"@id":"https:\/\/infos-droitshumains.net\/?p=18694#primaryimage"},"image":{"@id":"https:\/\/infos-droitshumains.net\/?p=18694#primaryimage"},"thumbnailUrl":"https:\/\/i0.wp.com\/infos-droitshumains.net\/wp-content\/uploads\/2026\/04\/1001524354.jpg?fit=933%2C1280&ssl=1","datePublished":"2026-04-05T09:18:31+00:00","dateModified":"2026-04-05T13:44:29+00:00","breadcrumb":{"@id":"https:\/\/infos-droitshumains.net\/?p=18694#breadcrumb"},"inLanguage":"fr-FR","potentialAction":[{"@type":"ReadAction","target":["https:\/\/infos-droitshumains.net\/?p=18694"]}]},{"@type":"ImageObject","inLanguage":"fr-FR","@id":"https:\/\/infos-droitshumains.net\/?p=18694#primaryimage","url":"https:\/\/i0.wp.com\/infos-droitshumains.net\/wp-content\/uploads\/2026\/04\/1001524354.jpg?fit=933%2C1280&ssl=1","contentUrl":"https:\/\/i0.wp.com\/infos-droitshumains.net\/wp-content\/uploads\/2026\/04\/1001524354.jpg?fit=933%2C1280&ssl=1","width":933,"height":1280},{"@type":"BreadcrumbList","@id":"https:\/\/infos-droitshumains.net\/?p=18694#breadcrumb","itemListElement":[{"@type":"ListItem","position":1,"name":"Accueil","item":"https:\/\/infos-droitshumains.net\/"},{"@type":"ListItem","position":2,"name":"Parquet de Grande Instance de Kinshasa\/N\u2019djili : pour une justice sans abus, le Procureur de la R\u00e9publique Jonas Kisubi insiste sur la compr\u00e9hension des textes p\u00e9naux"}]},{"@type":"WebSite","@id":"https:\/\/infos-droitshumains.net\/#website","url":"https:\/\/infos-droitshumains.net\/","name":"Infos Droits Humains","description":"S&#039;informer est un droit","publisher":{"@id":"https:\/\/infos-droitshumains.net\/#organization"},"potentialAction":[{"@type":"SearchAction","target":{"@type":"EntryPoint","urlTemplate":"https:\/\/infos-droitshumains.net\/?s={search_term_string}"},"query-input":{"@type":"PropertyValueSpecification","valueRequired":true,"valueName":"search_term_string"}}],"inLanguage":"fr-FR"},{"@type":"Organization","@id":"https:\/\/infos-droitshumains.net\/#organization","name":"Infos Droits Humains","url":"https:\/\/infos-droitshumains.net\/","logo":{"@type":"ImageObject","inLanguage":"fr-FR","@id":"https:\/\/infos-droitshumains.net\/#\/schema\/logo\/image\/","url":"https:\/\/i0.wp.com\/infos-droitshumains.net\/wp-content\/uploads\/2022\/05\/Logo.png?fit=333%2C129&ssl=1","contentUrl":"https:\/\/i0.wp.com\/infos-droitshumains.net\/wp-content\/uploads\/2022\/05\/Logo.png?fit=333%2C129&ssl=1","width":333,"height":129,"caption":"Infos Droits Humains"},"image":{"@id":"https:\/\/infos-droitshumains.net\/#\/schema\/logo\/image\/"}},{"@type":"Person","@id":"https:\/\/infos-droitshumains.net\/#\/schema\/person\/3dc5e921c3302172e0ed4362f96faab7","name":"Jo\u00ebl Diawa","image":{"@type":"ImageObject","inLanguage":"fr-FR","@id":"https:\/\/secure.gravatar.com\/avatar\/729bea6ff4604c624417803c477363be8e3c7186deaa65713313f9b4b820f41c?s=96&d=mm&r=g","url":"https:\/\/secure.gravatar.com\/avatar\/729bea6ff4604c624417803c477363be8e3c7186deaa65713313f9b4b820f41c?s=96&d=mm&r=g","contentUrl":"https:\/\/secure.gravatar.com\/avatar\/729bea6ff4604c624417803c477363be8e3c7186deaa65713313f9b4b820f41c?s=96&d=mm&r=g","caption":"Jo\u00ebl Diawa"},"sameAs":["https:\/\/www.infos-droitshumains.net"],"url":"https:\/\/infos-droitshumains.net\/?author=2"}]}},"featured_image_urls":{"full":["https:\/\/i0.wp.com\/infos-droitshumains.net\/wp-content\/uploads\/2026\/04\/1001524354.jpg?fit=933%2C1280&ssl=1",933,1280,false],"thumbnail":["https:\/\/i0.wp.com\/infos-droitshumains.net\/wp-content\/uploads\/2026\/04\/1001524354.jpg?resize=150%2C150&ssl=1",150,150,true],"medium":["https:\/\/i0.wp.com\/infos-droitshumains.net\/wp-content\/uploads\/2026\/04\/1001524354.jpg?fit=219%2C300&ssl=1",219,300,true],"medium_large":["https:\/\/i0.wp.com\/infos-droitshumains.net\/wp-content\/uploads\/2026\/04\/1001524354.jpg?fit=640%2C878&ssl=1",640,878,true],"large":["https:\/\/i0.wp.com\/infos-droitshumains.net\/wp-content\/uploads\/2026\/04\/1001524354.jpg?fit=640%2C878&ssl=1",640,878,true],"1536x1536":["https:\/\/i0.wp.com\/infos-droitshumains.net\/wp-content\/uploads\/2026\/04\/1001524354.jpg?fit=933%2C1280&ssl=1",933,1280,true],"2048x2048":["https:\/\/i0.wp.com\/infos-droitshumains.net\/wp-content\/uploads\/2026\/04\/1001524354.jpg?fit=933%2C1280&ssl=1",933,1280,true],"covernews-slider-full":["https:\/\/i0.wp.com\/infos-droitshumains.net\/wp-content\/uploads\/2026\/04\/1001524354.jpg?resize=933%2C715&ssl=1",933,715,true],"covernews-slider-center":["https:\/\/i0.wp.com\/infos-droitshumains.net\/wp-content\/uploads\/2026\/04\/1001524354.jpg?resize=800%2C500&ssl=1",800,500,true],"covernews-featured":["https:\/\/i0.wp.com\/infos-droitshumains.net\/wp-content\/uploads\/2026\/04\/1001524354.jpg?fit=933%2C1280&ssl=1",933,1280,true],"covernews-medium":["https:\/\/i0.wp.com\/infos-droitshumains.net\/wp-content\/uploads\/2026\/04\/1001524354.jpg?resize=540%2C340&ssl=1",540,340,true],"covernews-medium-square":["https:\/\/i0.wp.com\/infos-droitshumains.net\/wp-content\/uploads\/2026\/04\/1001524354.jpg?resize=400%2C250&ssl=1",400,250,true]},"author_info":{"display_name":"Jo\u00ebl Diawa","author_link":"https:\/\/infos-droitshumains.net\/?author=2"},"category_info":"<a href=\"https:\/\/infos-droitshumains.net\/?cat=6\" rel=\"category\">Justice<\/a>","tag_info":"Justice","comment_count":"0","jetpack_featured_media_url":"https:\/\/i0.wp.com\/infos-droitshumains.net\/wp-content\/uploads\/2026\/04\/1001524354.jpg?fit=933%2C1280&ssl=1","jetpack-related-posts":[],"jetpack_sharing_enabled":true,"_links":{"self":[{"href":"https:\/\/infos-droitshumains.net\/index.php?rest_route=\/wp\/v2\/posts\/18694","targetHints":{"allow":["GET"]}}],"collection":[{"href":"https:\/\/infos-droitshumains.net\/index.php?rest_route=\/wp\/v2\/posts"}],"about":[{"href":"https:\/\/infos-droitshumains.net\/index.php?rest_route=\/wp\/v2\/types\/post"}],"author":[{"embeddable":true,"href":"https:\/\/infos-droitshumains.net\/index.php?rest_route=\/wp\/v2\/users\/2"}],"replies":[{"embeddable":true,"href":"https:\/\/infos-droitshumains.net\/index.php?rest_route=%2Fwp%2Fv2%2Fcomments&post=18694"}],"version-history":[{"count":7,"href":"https:\/\/infos-droitshumains.net\/index.php?rest_route=\/wp\/v2\/posts\/18694\/revisions"}],"predecessor-version":[{"id":18709,"href":"https:\/\/infos-droitshumains.net\/index.php?rest_route=\/wp\/v2\/posts\/18694\/revisions\/18709"}],"wp:featuredmedia":[{"embeddable":true,"href":"https:\/\/infos-droitshumains.net\/index.php?rest_route=\/wp\/v2\/media\/18658"}],"wp:attachment":[{"href":"https:\/\/infos-droitshumains.net\/index.php?rest_route=%2Fwp%2Fv2%2Fmedia&parent=18694"}],"wp:term":[{"taxonomy":"category","embeddable":true,"href":"https:\/\/infos-droitshumains.net\/index.php?rest_route=%2Fwp%2Fv2%2Fcategories&post=18694"},{"taxonomy":"post_tag","embeddable":true,"href":"https:\/\/infos-droitshumains.net\/index.php?rest_route=%2Fwp%2Fv2%2Ftags&post=18694"}],"curies":[{"name":"wp","href":"https:\/\/api.w.org\/{rel}","templated":true}]}}