{"id":18688,"date":"2026-04-05T09:52:58","date_gmt":"2026-04-05T07:52:58","guid":{"rendered":"https:\/\/infos-droitshumains.net\/?p=18688"},"modified":"2026-04-05T16:00:23","modified_gmt":"2026-04-05T14:00:23","slug":"droit-de-reponse-du-ministere-de-la-justice-a-la-suite-de-la-publication-de-larticle-ngefa-un-casting-conteste-au-ministere-de-la-justice-lurgence-dun-reaju","status":"publish","type":"post","link":"https:\/\/infos-droitshumains.net\/?p=18688","title":{"rendered":"Droit de r\u00e9ponse du Minist\u00e8re de la justice \u00e0 la suite de la publication de l\u2019article\u00a0: \u00ab Ngefa, un casting contest\u00e9 au minist\u00e8re de la Justice : l\u2019urgence d\u2019un r\u00e9ajustement au sommet de l\u2019\u00c9tat \u00bb"},"content":{"rendered":"\n<p><strong>R\u00e9daction: +243 817 406 088<\/strong><\/p>\n\n\n\n<h3 class=\"wp-block-heading has-vivid-red-color has-text-color has-link-color wp-elements-5b7968929738363967f56d3e5e17b4b9\">A la suite de la publication d\u2019un article par la r\u00e9daction du Journal T\u00e9l\u00e9vis\u00e9 des Droits Humains relatif \u00e0 la gestion du Minist\u00e8re de la justice par son actuel locataire, le cabinet du Ministre d\u2019\u00c9tat Guillaume Ngefa a sollicit\u00e9 et obtenu le droit de r\u00e9ponse dont voici le contenu :<\/h3>\n\n\n\n<p>A la suite de la publication d\u2019un \u00e9ditorial intitul\u00e9 \u00ab Justice \u2013 Ngefa, un casting contest\u00e9 au minist\u00e8re de la Justice : l\u2019urgence d\u2019un r\u00e9ajustement au sommet de l\u2019\u00c9tat \u00bb, il convient de r\u00e9tablir un certain nombre de faits et de corriger des affirmations inexactes, relay\u00e9es ostensiblement par son auteur.<\/p>\n\n\n\n<p>Le contenu de cet \u00e9ditorial comporte des imputations inexactes et dommageables, des insinuations malveillantes ainsi que des jugements de valeur de nature \u00e0 porter atteinte \u00e0 l\u2019honneur et \u00e0 la consid\u00e9ration de Son Excellence Monsieur le Ministre d\u2019\u00c9tat. De tels propos sont susceptibles d\u2019engager la responsabilit\u00e9 p\u00e9nale de leurs auteurs, ainsi que celle de toute personne ayant contribu\u00e9 \u00e0 leur publication ou \u00e0 leur diffusion.<\/p>\n\n\n\n<p>Contrairement \u00e0 ce qui est faussement rapport\u00e9, le Ministre Ngefa est dipl\u00f4m\u00e9 en droit international de Columbia University \u00e0 New York. Il est \u00e9galement licenci\u00e9 en droit de l\u2019Universit\u00e9 de Kinshasa (1987-1988), ancien avocat au barreau de Kinshasa\/Gombe et ancien haut fonctionnaire international des Nations Unies. Il a exerc\u00e9 des responsabilit\u00e9s de haut niveau dans des contextes complexes, avec une pratique av\u00e9r\u00e9e du droit national et international, ainsi que des m\u00e9canismes institutionnels en situation de crise. Il a, en outre, conduit des r\u00e9formes majeures du secteur judiciaire en C\u00f4te d\u2019Ivoire et au Mali, contribuant \u00e0 la modernisation des syst\u00e8mes judiciaires et \u00e0 la consolidation de l\u2019\u00c9tat de droit. Il est, par ailleurs, un d\u00e9fenseur engag\u00e9 des droits humains depuis plusieurs d\u00e9cennies.<\/p>\n\n\n\n<p>S\u2019agissant de son intervention devant la repr\u00e9sentation nationale, et contrairement \u00e0 ce qui est inexactement repris dans cet article, le Ministre d\u2019\u00c9tat r\u00e9pondait \u00e0 une question orale portant sur la prise en charge des juges consulaires, et non sur le tribunal p\u00e9nal \u00e9conomique et financier. Sa prestation, ainsi que ses r\u00e9ponses, s\u2019inscrivaient dans un cadre pr\u00e9par\u00e9, structur\u00e9 et conforme aux exigences de la pratique parlementaire. \u00c0 cet \u00e9gard, l\u2019auteur de la question orale, ainsi que plusieurs parlementaires intervenus, ont exprim\u00e9 leur satisfaction, saluant des r\u00e9ponses concises, claires et pragmatiques. L\u2019extrapolation op\u00e9r\u00e9e en dehors du cadre strictement circonscrit par le r\u00e8glement int\u00e9rieur de l\u2019Assembl\u00e9e nationale r\u00e9v\u00e8le une volont\u00e9 manifeste d\u2019injurier, de diffamer et de porter atteinte \u00e0 la r\u00e9putation du Ministre.<\/p>\n\n\n\n<p>Par ailleurs, le Ministre d\u2019\u00c9tat, Ministre de la Justice et Garde des Sceaux, n\u2019a pris part \u00e0 aucun pr\u00e9tendu briefing avec le Ministre Patrick Muyaya dans les jours pr\u00e9c\u00e9dant son intervention au Parlement. Cette all\u00e9gation, d\u00e9nu\u00e9e de tout fondement, s\u2019inscrit dans une d\u00e9marche d\u00e9lib\u00e9r\u00e9e de d\u00e9sinformation et traduit une intention manifeste de nuire, y compris par l\u2019interpellation infond\u00e9e des plus hautes autorit\u00e9s de l\u2019\u00c9tat.<\/p>\n\n\n\n<p>La pertinence et la clart\u00e9 des r\u00e9ponses apport\u00e9es au cours de cet exercice d\u00e9mocratique ont suscit\u00e9 l\u2019adh\u00e9sion des d\u00e9put\u00e9s, comme en t\u00e9moignent leurs applaudissements ainsi que les remerciements explicites formul\u00e9s par l\u2019auteur de la question orale.<\/p>\n\n\n\n<p>Le Minist\u00e8re invite l\u2019opinion publique \u00e0 visionner l\u2019int\u00e9gralit\u00e9 de cette s\u00e9ance, retransmise par la RTNC, afin de se convaincre de la r\u00e9alit\u00e9 des faits.<\/p>\n\n\n\n<p>Enfin, il convient de souligner que ces campagnes de d\u00e9nigrement visent \u00e0 distraire l\u2019opinion publique et \u00e0 d\u00e9tourner l\u2019attention des r\u00e9formes en cours. Elles n\u2019entameront en rien la d\u00e9termination de Son Excellence Monsieur le Ministre \u00e0 poursuivre les actions engag\u00e9es, dont les premiers r\u00e9sultats sont d\u00e9j\u00e0 perceptibles, notamment en mati\u00e8re de gestion du contentieux, d\u2019am\u00e9lioration des conditions de travail des magistrats, de lutte contre le d\u00e9sert judiciaire, contre l\u2019impunit\u00e9, la corruption et la spoliation fonci\u00e8re et immobili\u00e8re, ainsi que dans les r\u00e9formes l\u00e9gislatives et r\u00e9glementaires, l\u2019am\u00e9lioration du climat des affaires et le renforcement de la coop\u00e9ration judiciaire.<\/p>\n\n\n\n<p>En cons\u00e9quence, le Minist\u00e8re met formellement en demeure l\u2019auteur ainsi que les responsables \u00e9ditoriaux de cesser imm\u00e9diatement toute diffusion des propos litigieux ; de proc\u00e9der sans d\u00e9lai au retrait int\u00e9gral du contenu concern\u00e9 de publier un rectificatif clair, visible et conforme aux exigences l\u00e9gales.<\/p>\n\n\n\n<p>Le Cabinet du Ministre de la Justice<\/p>\n","protected":false},"excerpt":{"rendered":"<p>R\u00e9daction: +243 817 406 088 A la suite de la publication d\u2019un article par la&#8230;<\/p>\n","protected":false},"author":2,"featured_media":18691,"comment_status":"open","ping_status":"open","sticky":false,"template":"","format":"standard","meta":{"_jetpack_memberships_contains_paid_content":false,"footnotes":""},"categories":[6],"tags":[],"class_list":["post-18688","post","type-post","status-publish","format-standard","has-post-thumbnail","hentry","category-justice"],"yoast_head":"<!-- This site is optimized with the Yoast SEO plugin v27.5 - https:\/\/yoast.com\/product\/yoast-seo-wordpress\/ -->\n<title>Droit de r\u00e9ponse du Minist\u00e8re de la justice \u00e0 la suite de la publication de l\u2019article\u00a0: \u00ab Ngefa, un casting contest\u00e9 au minist\u00e8re de la Justice : l\u2019urgence d\u2019un r\u00e9ajustement au sommet de l\u2019\u00c9tat \u00bb - Infos Droits Humains<\/title>\n<meta name=\"robots\" content=\"index, follow, max-snippet:-1, max-image-preview:large, max-video-preview:-1\" \/>\n<link rel=\"canonical\" href=\"https:\/\/infos-droitshumains.net\/?p=18688\" \/>\n<meta property=\"og:locale\" content=\"fr_FR\" \/>\n<meta property=\"og:type\" content=\"article\" \/>\n<meta property=\"og:title\" content=\"Droit de r\u00e9ponse du Minist\u00e8re de la justice \u00e0 la suite de la publication de l\u2019article\u00a0: \u00ab Ngefa, un casting contest\u00e9 au minist\u00e8re de la Justice : l\u2019urgence d\u2019un r\u00e9ajustement au sommet de l\u2019\u00c9tat \u00bb - Infos Droits Humains\" \/>\n<meta property=\"og:description\" content=\"R\u00e9daction: +243 817 406 088 A la suite de la publication d\u2019un article par la...\" \/>\n<meta property=\"og:url\" content=\"https:\/\/infos-droitshumains.net\/?p=18688\" \/>\n<meta property=\"og:site_name\" content=\"Infos Droits Humains\" \/>\n<meta property=\"article:published_time\" content=\"2026-04-05T07:52:58+00:00\" \/>\n<meta property=\"article:modified_time\" content=\"2026-04-05T14:00:23+00:00\" \/>\n<meta property=\"og:image\" content=\"https:\/\/infos-droitshumains.net\/wp-content\/uploads\/2026\/04\/1001528912.jpg\" \/>\n\t<meta property=\"og:image:width\" content=\"1185\" \/>\n\t<meta property=\"og:image:height\" content=\"817\" \/>\n\t<meta property=\"og:image:type\" content=\"image\/jpeg\" \/>\n<meta name=\"author\" content=\"Jo\u00ebl Diawa\" \/>\n<meta name=\"twitter:card\" content=\"summary_large_image\" \/>\n<meta name=\"twitter:label1\" content=\"\u00c9crit par\" \/>\n\t<meta name=\"twitter:data1\" content=\"Jo\u00ebl Diawa\" \/>\n\t<meta name=\"twitter:label2\" content=\"Dur\u00e9e de lecture estim\u00e9e\" \/>\n\t<meta name=\"twitter:data2\" content=\"4 minutes\" \/>\n<script type=\"application\/ld+json\" class=\"yoast-schema-graph\">{\"@context\":\"https:\\\/\\\/schema.org\",\"@graph\":[{\"@type\":\"Article\",\"@id\":\"https:\\\/\\\/infos-droitshumains.net\\\/?p=18688#article\",\"isPartOf\":{\"@id\":\"https:\\\/\\\/infos-droitshumains.net\\\/?p=18688\"},\"author\":{\"name\":\"Jo\u00ebl Diawa\",\"@id\":\"https:\\\/\\\/infos-droitshumains.net\\\/#\\\/schema\\\/person\\\/3dc5e921c3302172e0ed4362f96faab7\"},\"headline\":\"Droit de r\u00e9ponse du Minist\u00e8re de la justice \u00e0 la suite de la publication de l\u2019article\u00a0: \u00ab Ngefa, un casting contest\u00e9 au minist\u00e8re de la Justice : l\u2019urgence d\u2019un r\u00e9ajustement au sommet de l\u2019\u00c9tat \u00bb\",\"datePublished\":\"2026-04-05T07:52:58+00:00\",\"dateModified\":\"2026-04-05T14:00:23+00:00\",\"mainEntityOfPage\":{\"@id\":\"https:\\\/\\\/infos-droitshumains.net\\\/?p=18688\"},\"wordCount\":814,\"commentCount\":0,\"publisher\":{\"@id\":\"https:\\\/\\\/infos-droitshumains.net\\\/#organization\"},\"image\":{\"@id\":\"https:\\\/\\\/infos-droitshumains.net\\\/?p=18688#primaryimage\"},\"thumbnailUrl\":\"https:\\\/\\\/i0.wp.com\\\/infos-droitshumains.net\\\/wp-content\\\/uploads\\\/2026\\\/04\\\/1001528912.jpg?fit=1185%2C817&ssl=1\",\"articleSection\":[\"Justice\"],\"inLanguage\":\"fr-FR\",\"potentialAction\":[{\"@type\":\"CommentAction\",\"name\":\"Comment\",\"target\":[\"https:\\\/\\\/infos-droitshumains.net\\\/?p=18688#respond\"]}]},{\"@type\":\"WebPage\",\"@id\":\"https:\\\/\\\/infos-droitshumains.net\\\/?p=18688\",\"url\":\"https:\\\/\\\/infos-droitshumains.net\\\/?p=18688\",\"name\":\"Droit de r\u00e9ponse du Minist\u00e8re de la justice \u00e0 la suite de la publication de l\u2019article\u00a0: \u00ab Ngefa, un casting contest\u00e9 au minist\u00e8re de la Justice : l\u2019urgence d\u2019un r\u00e9ajustement au sommet de l\u2019\u00c9tat \u00bb - Infos Droits Humains\",\"isPartOf\":{\"@id\":\"https:\\\/\\\/infos-droitshumains.net\\\/#website\"},\"primaryImageOfPage\":{\"@id\":\"https:\\\/\\\/infos-droitshumains.net\\\/?p=18688#primaryimage\"},\"image\":{\"@id\":\"https:\\\/\\\/infos-droitshumains.net\\\/?p=18688#primaryimage\"},\"thumbnailUrl\":\"https:\\\/\\\/i0.wp.com\\\/infos-droitshumains.net\\\/wp-content\\\/uploads\\\/2026\\\/04\\\/1001528912.jpg?fit=1185%2C817&ssl=1\",\"datePublished\":\"2026-04-05T07:52:58+00:00\",\"dateModified\":\"2026-04-05T14:00:23+00:00\",\"breadcrumb\":{\"@id\":\"https:\\\/\\\/infos-droitshumains.net\\\/?p=18688#breadcrumb\"},\"inLanguage\":\"fr-FR\",\"potentialAction\":[{\"@type\":\"ReadAction\",\"target\":[\"https:\\\/\\\/infos-droitshumains.net\\\/?p=18688\"]}]},{\"@type\":\"ImageObject\",\"inLanguage\":\"fr-FR\",\"@id\":\"https:\\\/\\\/infos-droitshumains.net\\\/?p=18688#primaryimage\",\"url\":\"https:\\\/\\\/i0.wp.com\\\/infos-droitshumains.net\\\/wp-content\\\/uploads\\\/2026\\\/04\\\/1001528912.jpg?fit=1185%2C817&ssl=1\",\"contentUrl\":\"https:\\\/\\\/i0.wp.com\\\/infos-droitshumains.net\\\/wp-content\\\/uploads\\\/2026\\\/04\\\/1001528912.jpg?fit=1185%2C817&ssl=1\",\"width\":1185,\"height\":817},{\"@type\":\"BreadcrumbList\",\"@id\":\"https:\\\/\\\/infos-droitshumains.net\\\/?p=18688#breadcrumb\",\"itemListElement\":[{\"@type\":\"ListItem\",\"position\":1,\"name\":\"Accueil\",\"item\":\"https:\\\/\\\/infos-droitshumains.net\\\/\"},{\"@type\":\"ListItem\",\"position\":2,\"name\":\"Droit de r\u00e9ponse du Minist\u00e8re de la justice \u00e0 la suite de la publication de l\u2019article\u00a0: \u00ab Ngefa, un casting contest\u00e9 au minist\u00e8re de la Justice : l\u2019urgence d\u2019un r\u00e9ajustement au sommet de l\u2019\u00c9tat \u00bb\"}]},{\"@type\":\"WebSite\",\"@id\":\"https:\\\/\\\/infos-droitshumains.net\\\/#website\",\"url\":\"https:\\\/\\\/infos-droitshumains.net\\\/\",\"name\":\"Infos Droits Humains\",\"description\":\"S&#039;informer est un droit\",\"publisher\":{\"@id\":\"https:\\\/\\\/infos-droitshumains.net\\\/#organization\"},\"potentialAction\":[{\"@type\":\"SearchAction\",\"target\":{\"@type\":\"EntryPoint\",\"urlTemplate\":\"https:\\\/\\\/infos-droitshumains.net\\\/?s={search_term_string}\"},\"query-input\":{\"@type\":\"PropertyValueSpecification\",\"valueRequired\":true,\"valueName\":\"search_term_string\"}}],\"inLanguage\":\"fr-FR\"},{\"@type\":\"Organization\",\"@id\":\"https:\\\/\\\/infos-droitshumains.net\\\/#organization\",\"name\":\"Infos Droits Humains\",\"url\":\"https:\\\/\\\/infos-droitshumains.net\\\/\",\"logo\":{\"@type\":\"ImageObject\",\"inLanguage\":\"fr-FR\",\"@id\":\"https:\\\/\\\/infos-droitshumains.net\\\/#\\\/schema\\\/logo\\\/image\\\/\",\"url\":\"https:\\\/\\\/i0.wp.com\\\/infos-droitshumains.net\\\/wp-content\\\/uploads\\\/2022\\\/05\\\/Logo.png?fit=333%2C129&ssl=1\",\"contentUrl\":\"https:\\\/\\\/i0.wp.com\\\/infos-droitshumains.net\\\/wp-content\\\/uploads\\\/2022\\\/05\\\/Logo.png?fit=333%2C129&ssl=1\",\"width\":333,\"height\":129,\"caption\":\"Infos Droits Humains\"},\"image\":{\"@id\":\"https:\\\/\\\/infos-droitshumains.net\\\/#\\\/schema\\\/logo\\\/image\\\/\"}},{\"@type\":\"Person\",\"@id\":\"https:\\\/\\\/infos-droitshumains.net\\\/#\\\/schema\\\/person\\\/3dc5e921c3302172e0ed4362f96faab7\",\"name\":\"Jo\u00ebl Diawa\",\"image\":{\"@type\":\"ImageObject\",\"inLanguage\":\"fr-FR\",\"@id\":\"https:\\\/\\\/secure.gravatar.com\\\/avatar\\\/729bea6ff4604c624417803c477363be8e3c7186deaa65713313f9b4b820f41c?s=96&d=mm&r=g\",\"url\":\"https:\\\/\\\/secure.gravatar.com\\\/avatar\\\/729bea6ff4604c624417803c477363be8e3c7186deaa65713313f9b4b820f41c?s=96&d=mm&r=g\",\"contentUrl\":\"https:\\\/\\\/secure.gravatar.com\\\/avatar\\\/729bea6ff4604c624417803c477363be8e3c7186deaa65713313f9b4b820f41c?s=96&d=mm&r=g\",\"caption\":\"Jo\u00ebl Diawa\"},\"sameAs\":[\"https:\\\/\\\/www.infos-droitshumains.net\"],\"url\":\"https:\\\/\\\/infos-droitshumains.net\\\/?author=2\"}]}<\/script>\n<!-- \/ Yoast SEO plugin. -->","yoast_head_json":{"title":"Droit de r\u00e9ponse du Minist\u00e8re de la justice \u00e0 la suite de la publication de l\u2019article\u00a0: \u00ab Ngefa, un casting contest\u00e9 au minist\u00e8re de la Justice : l\u2019urgence d\u2019un r\u00e9ajustement au sommet de l\u2019\u00c9tat \u00bb - Infos Droits Humains","robots":{"index":"index","follow":"follow","max-snippet":"max-snippet:-1","max-image-preview":"max-image-preview:large","max-video-preview":"max-video-preview:-1"},"canonical":"https:\/\/infos-droitshumains.net\/?p=18688","og_locale":"fr_FR","og_type":"article","og_title":"Droit de r\u00e9ponse du Minist\u00e8re de la justice \u00e0 la suite de la publication de l\u2019article\u00a0: \u00ab Ngefa, un casting contest\u00e9 au minist\u00e8re de la Justice : l\u2019urgence d\u2019un r\u00e9ajustement au sommet de l\u2019\u00c9tat \u00bb - Infos Droits Humains","og_description":"R\u00e9daction: +243 817 406 088 A la suite de la publication d\u2019un article par la...","og_url":"https:\/\/infos-droitshumains.net\/?p=18688","og_site_name":"Infos Droits Humains","article_published_time":"2026-04-05T07:52:58+00:00","article_modified_time":"2026-04-05T14:00:23+00:00","og_image":[{"width":1185,"height":817,"url":"https:\/\/infos-droitshumains.net\/wp-content\/uploads\/2026\/04\/1001528912.jpg","type":"image\/jpeg"}],"author":"Jo\u00ebl Diawa","twitter_card":"summary_large_image","twitter_misc":{"\u00c9crit par":"Jo\u00ebl Diawa","Dur\u00e9e de lecture estim\u00e9e":"4 minutes"},"schema":{"@context":"https:\/\/schema.org","@graph":[{"@type":"Article","@id":"https:\/\/infos-droitshumains.net\/?p=18688#article","isPartOf":{"@id":"https:\/\/infos-droitshumains.net\/?p=18688"},"author":{"name":"Jo\u00ebl Diawa","@id":"https:\/\/infos-droitshumains.net\/#\/schema\/person\/3dc5e921c3302172e0ed4362f96faab7"},"headline":"Droit de r\u00e9ponse du Minist\u00e8re de la justice \u00e0 la suite de la publication de l\u2019article\u00a0: \u00ab Ngefa, un casting contest\u00e9 au minist\u00e8re de la Justice : l\u2019urgence d\u2019un r\u00e9ajustement au sommet de l\u2019\u00c9tat \u00bb","datePublished":"2026-04-05T07:52:58+00:00","dateModified":"2026-04-05T14:00:23+00:00","mainEntityOfPage":{"@id":"https:\/\/infos-droitshumains.net\/?p=18688"},"wordCount":814,"commentCount":0,"publisher":{"@id":"https:\/\/infos-droitshumains.net\/#organization"},"image":{"@id":"https:\/\/infos-droitshumains.net\/?p=18688#primaryimage"},"thumbnailUrl":"https:\/\/i0.wp.com\/infos-droitshumains.net\/wp-content\/uploads\/2026\/04\/1001528912.jpg?fit=1185%2C817&ssl=1","articleSection":["Justice"],"inLanguage":"fr-FR","potentialAction":[{"@type":"CommentAction","name":"Comment","target":["https:\/\/infos-droitshumains.net\/?p=18688#respond"]}]},{"@type":"WebPage","@id":"https:\/\/infos-droitshumains.net\/?p=18688","url":"https:\/\/infos-droitshumains.net\/?p=18688","name":"Droit de r\u00e9ponse du Minist\u00e8re de la justice \u00e0 la suite de la publication de l\u2019article\u00a0: \u00ab Ngefa, un casting contest\u00e9 au minist\u00e8re de la Justice : l\u2019urgence d\u2019un r\u00e9ajustement au sommet de l\u2019\u00c9tat \u00bb - Infos Droits Humains","isPartOf":{"@id":"https:\/\/infos-droitshumains.net\/#website"},"primaryImageOfPage":{"@id":"https:\/\/infos-droitshumains.net\/?p=18688#primaryimage"},"image":{"@id":"https:\/\/infos-droitshumains.net\/?p=18688#primaryimage"},"thumbnailUrl":"https:\/\/i0.wp.com\/infos-droitshumains.net\/wp-content\/uploads\/2026\/04\/1001528912.jpg?fit=1185%2C817&ssl=1","datePublished":"2026-04-05T07:52:58+00:00","dateModified":"2026-04-05T14:00:23+00:00","breadcrumb":{"@id":"https:\/\/infos-droitshumains.net\/?p=18688#breadcrumb"},"inLanguage":"fr-FR","potentialAction":[{"@type":"ReadAction","target":["https:\/\/infos-droitshumains.net\/?p=18688"]}]},{"@type":"ImageObject","inLanguage":"fr-FR","@id":"https:\/\/infos-droitshumains.net\/?p=18688#primaryimage","url":"https:\/\/i0.wp.com\/infos-droitshumains.net\/wp-content\/uploads\/2026\/04\/1001528912.jpg?fit=1185%2C817&ssl=1","contentUrl":"https:\/\/i0.wp.com\/infos-droitshumains.net\/wp-content\/uploads\/2026\/04\/1001528912.jpg?fit=1185%2C817&ssl=1","width":1185,"height":817},{"@type":"BreadcrumbList","@id":"https:\/\/infos-droitshumains.net\/?p=18688#breadcrumb","itemListElement":[{"@type":"ListItem","position":1,"name":"Accueil","item":"https:\/\/infos-droitshumains.net\/"},{"@type":"ListItem","position":2,"name":"Droit de r\u00e9ponse du Minist\u00e8re de la justice \u00e0 la suite de la publication de l\u2019article\u00a0: \u00ab Ngefa, un casting contest\u00e9 au minist\u00e8re de la Justice : l\u2019urgence d\u2019un r\u00e9ajustement au sommet de l\u2019\u00c9tat \u00bb"}]},{"@type":"WebSite","@id":"https:\/\/infos-droitshumains.net\/#website","url":"https:\/\/infos-droitshumains.net\/","name":"Infos Droits Humains","description":"S&#039;informer est un droit","publisher":{"@id":"https:\/\/infos-droitshumains.net\/#organization"},"potentialAction":[{"@type":"SearchAction","target":{"@type":"EntryPoint","urlTemplate":"https:\/\/infos-droitshumains.net\/?s={search_term_string}"},"query-input":{"@type":"PropertyValueSpecification","valueRequired":true,"valueName":"search_term_string"}}],"inLanguage":"fr-FR"},{"@type":"Organization","@id":"https:\/\/infos-droitshumains.net\/#organization","name":"Infos Droits Humains","url":"https:\/\/infos-droitshumains.net\/","logo":{"@type":"ImageObject","inLanguage":"fr-FR","@id":"https:\/\/infos-droitshumains.net\/#\/schema\/logo\/image\/","url":"https:\/\/i0.wp.com\/infos-droitshumains.net\/wp-content\/uploads\/2022\/05\/Logo.png?fit=333%2C129&ssl=1","contentUrl":"https:\/\/i0.wp.com\/infos-droitshumains.net\/wp-content\/uploads\/2022\/05\/Logo.png?fit=333%2C129&ssl=1","width":333,"height":129,"caption":"Infos Droits Humains"},"image":{"@id":"https:\/\/infos-droitshumains.net\/#\/schema\/logo\/image\/"}},{"@type":"Person","@id":"https:\/\/infos-droitshumains.net\/#\/schema\/person\/3dc5e921c3302172e0ed4362f96faab7","name":"Jo\u00ebl Diawa","image":{"@type":"ImageObject","inLanguage":"fr-FR","@id":"https:\/\/secure.gravatar.com\/avatar\/729bea6ff4604c624417803c477363be8e3c7186deaa65713313f9b4b820f41c?s=96&d=mm&r=g","url":"https:\/\/secure.gravatar.com\/avatar\/729bea6ff4604c624417803c477363be8e3c7186deaa65713313f9b4b820f41c?s=96&d=mm&r=g","contentUrl":"https:\/\/secure.gravatar.com\/avatar\/729bea6ff4604c624417803c477363be8e3c7186deaa65713313f9b4b820f41c?s=96&d=mm&r=g","caption":"Jo\u00ebl Diawa"},"sameAs":["https:\/\/www.infos-droitshumains.net"],"url":"https:\/\/infos-droitshumains.net\/?author=2"}]}},"featured_image_urls":{"full":["https:\/\/i0.wp.com\/infos-droitshumains.net\/wp-content\/uploads\/2026\/04\/1001528912.jpg?fit=1185%2C817&ssl=1",1185,817,false],"thumbnail":["https:\/\/i0.wp.com\/infos-droitshumains.net\/wp-content\/uploads\/2026\/04\/1001528912.jpg?resize=150%2C150&ssl=1",150,150,true],"medium":["https:\/\/i0.wp.com\/infos-droitshumains.net\/wp-content\/uploads\/2026\/04\/1001528912.jpg?fit=300%2C207&ssl=1",300,207,true],"medium_large":["https:\/\/i0.wp.com\/infos-droitshumains.net\/wp-content\/uploads\/2026\/04\/1001528912.jpg?fit=640%2C441&ssl=1",640,441,true],"large":["https:\/\/i0.wp.com\/infos-droitshumains.net\/wp-content\/uploads\/2026\/04\/1001528912.jpg?fit=640%2C441&ssl=1",640,441,true],"1536x1536":["https:\/\/i0.wp.com\/infos-droitshumains.net\/wp-content\/uploads\/2026\/04\/1001528912.jpg?fit=1185%2C817&ssl=1",1185,817,true],"2048x2048":["https:\/\/i0.wp.com\/infos-droitshumains.net\/wp-content\/uploads\/2026\/04\/1001528912.jpg?fit=1185%2C817&ssl=1",1185,817,true],"covernews-slider-full":["https:\/\/i0.wp.com\/infos-droitshumains.net\/wp-content\/uploads\/2026\/04\/1001528912.jpg?resize=1115%2C715&ssl=1",1115,715,true],"covernews-slider-center":["https:\/\/i0.wp.com\/infos-droitshumains.net\/wp-content\/uploads\/2026\/04\/1001528912.jpg?resize=800%2C500&ssl=1",800,500,true],"covernews-featured":["https:\/\/i0.wp.com\/infos-droitshumains.net\/wp-content\/uploads\/2026\/04\/1001528912.jpg?fit=1024%2C706&ssl=1",1024,706,true],"covernews-medium":["https:\/\/i0.wp.com\/infos-droitshumains.net\/wp-content\/uploads\/2026\/04\/1001528912.jpg?resize=540%2C340&ssl=1",540,340,true],"covernews-medium-square":["https:\/\/i0.wp.com\/infos-droitshumains.net\/wp-content\/uploads\/2026\/04\/1001528912.jpg?resize=400%2C250&ssl=1",400,250,true]},"author_info":{"display_name":"Jo\u00ebl Diawa","author_link":"https:\/\/infos-droitshumains.net\/?author=2"},"category_info":"<a href=\"https:\/\/infos-droitshumains.net\/?cat=6\" rel=\"category\">Justice<\/a>","tag_info":"Justice","comment_count":"0","jetpack_featured_media_url":"https:\/\/i0.wp.com\/infos-droitshumains.net\/wp-content\/uploads\/2026\/04\/1001528912.jpg?fit=1185%2C817&ssl=1","jetpack-related-posts":[],"jetpack_sharing_enabled":true,"_links":{"self":[{"href":"https:\/\/infos-droitshumains.net\/index.php?rest_route=\/wp\/v2\/posts\/18688","targetHints":{"allow":["GET"]}}],"collection":[{"href":"https:\/\/infos-droitshumains.net\/index.php?rest_route=\/wp\/v2\/posts"}],"about":[{"href":"https:\/\/infos-droitshumains.net\/index.php?rest_route=\/wp\/v2\/types\/post"}],"author":[{"embeddable":true,"href":"https:\/\/infos-droitshumains.net\/index.php?rest_route=\/wp\/v2\/users\/2"}],"replies":[{"embeddable":true,"href":"https:\/\/infos-droitshumains.net\/index.php?rest_route=%2Fwp%2Fv2%2Fcomments&post=18688"}],"version-history":[{"count":5,"href":"https:\/\/infos-droitshumains.net\/index.php?rest_route=\/wp\/v2\/posts\/18688\/revisions"}],"predecessor-version":[{"id":18711,"href":"https:\/\/infos-droitshumains.net\/index.php?rest_route=\/wp\/v2\/posts\/18688\/revisions\/18711"}],"wp:featuredmedia":[{"embeddable":true,"href":"https:\/\/infos-droitshumains.net\/index.php?rest_route=\/wp\/v2\/media\/18691"}],"wp:attachment":[{"href":"https:\/\/infos-droitshumains.net\/index.php?rest_route=%2Fwp%2Fv2%2Fmedia&parent=18688"}],"wp:term":[{"taxonomy":"category","embeddable":true,"href":"https:\/\/infos-droitshumains.net\/index.php?rest_route=%2Fwp%2Fv2%2Fcategories&post=18688"},{"taxonomy":"post_tag","embeddable":true,"href":"https:\/\/infos-droitshumains.net\/index.php?rest_route=%2Fwp%2Fv2%2Ftags&post=18688"}],"curies":[{"name":"wp","href":"https:\/\/api.w.org\/{rel}","templated":true}]}}