{"id":18648,"date":"2026-04-04T09:57:25","date_gmt":"2026-04-04T07:57:25","guid":{"rendered":"https:\/\/infos-droitshumains.net\/?p=18648"},"modified":"2026-04-04T11:03:19","modified_gmt":"2026-04-04T09:03:19","slug":"ngefa-un-casting-conteste-au-ministere-de-la-justice-lurgence-dun-reajustement-au-sommet-de-letat","status":"publish","type":"post","link":"https:\/\/infos-droitshumains.net\/?p=18648","title":{"rendered":"Ngefa, un casting contest\u00e9 au minist\u00e8re de la Justice : l\u2019urgence d\u2019un r\u00e9ajustement au sommet de l\u2019\u00c9tat"},"content":{"rendered":"\n<p><strong>R\u00e9daction: +243 817 406 088<\/strong><\/p>\n\n\n\n<h3 class=\"wp-block-heading has-vivid-red-color has-text-color has-link-color wp-elements-1760b1d86e702dd9b1f2fd7fa3c60067\">Depuis sa nomination \u00e0 la t\u00eate du minist\u00e8re de la Justice et Garde des Sceaux, Guillaume Ngefa peine \u00e0 convaincre tant l\u2019opinion publique que les observateurs avertis du monde juridique. Ses r\u00e9centes prestations m\u00e9diatiques, marqu\u00e9es par des approximations et un manque apparent de ma\u00eetrise des fondamentaux du droit, suscitent de plus en plus d\u2019interrogations sur l\u2019ad\u00e9quation de son profil aux exigences de cette haute fonction r\u00e9galienne.<\/h3>\n\n\n\n<p>En effet, son parcours essentiellement ancr\u00e9 dans les organisations non gouvernementales de d\u00e9fense des droits de l\u2019homme, bien que respectable, ne semble pas lui avoir conf\u00e9r\u00e9 une exp\u00e9rience suffisante des m\u00e9canismes complexes du droit judiciaire et du droit administratif. Or, la gestion du minist\u00e8re de la Justice requiert une expertise pointue, \u00e0 la fois th\u00e9orique et pratique, des arcanes juridiques et institutionnels de l\u2019\u00c9tat.<\/p>\n\n\n\n<p>Ces limites seraient apparues au grand jour le jeudi 02 avril, lors de son intervention devant la repr\u00e9sentation nationale. Interpell\u00e9 dans le cadre d\u2019une question orale relative au projet de tribunal p\u00e9nal financier, le ministre s\u2019est content\u00e9 de lire des r\u00e9ponses manifestement pr\u00e9par\u00e9es par ses collaborateurs, sans r\u00e9elle capacit\u00e9 d\u2019appropriation ni de d\u00e9fense argument\u00e9e face aux \u00e9lus de la nation. Une posture qui a laiss\u00e9 perplexes tant les parlementaires que les t\u00e9l\u00e9spectateurs.<\/p>\n\n\n\n<p>Ce constat n\u2019est malheureusement pas isol\u00e9. Quelques jours plus t\u00f4t, lors d\u2019un briefing du gouvernement avec son coll\u00e8gue en charge de la Communication et des M\u00e9dias, Patrick Muyaya, Guillaume Ngefa avait d\u00e9j\u00e0 donn\u00e9 l\u2019impression de naviguer \u00e0 vue, en apportant des r\u00e9ponses jug\u00e9es approximatives, voire inadapt\u00e9es, aux pr\u00e9occupations soulev\u00e9es par les journalistes.<\/p>\n\n\n\n<p>Sur les r\u00e9seaux sociaux, notamment sur son compte X, ses prises de parole ne rassurent gu\u00e8re davantage. Plusieurs internautes pointent un d\u00e9ficit de rigueur dans le traitement des sujets abord\u00e9s, renfor\u00e7ant ainsi le sentiment d\u2019un malaise quant \u00e0 sa capacit\u00e9 \u00e0 incarner pleinement l\u2019autorit\u00e9 et la cr\u00e9dibilit\u00e9 attach\u00e9es \u00e0 sa fonction.<\/p>\n\n\n\n<p>Plus pr\u00e9occupant encore, le ministre semble peiner \u00e0 assumer son r\u00f4le fondamental de conseiller juridique du gouvernement, mission pourtant essentielle dans la conduite des politiques publiques et la s\u00e9curisation des actes de l\u2019ex\u00e9cutif.<\/p>\n\n\n\n<p>Dans un contexte o\u00f9 la justice congolaise est appel\u00e9e \u00e0 jouer un r\u00f4le d\u00e9terminant dans la consolidation de l\u2019\u00c9tat de droit, la lutte contre la corruption et la restauration de la confiance des citoyens, il appara\u00eet imp\u00e9ratif que ce portefeuille strat\u00e9gique soit confi\u00e9 \u00e0 une personnalit\u00e9 disposant d\u2019une solide culture juridique, nourrie \u00e0 la fois par la doctrine et par une pratique av\u00e9r\u00e9e des institutions judiciaires.<\/p>\n\n\n\n<p>D\u00e8s lors, la question d\u2019un r\u00e9ajustement au sommet de ce minist\u00e8re se pose avec acuit\u00e9. Il revient au Chef de l\u2019\u00c9tat, garant du bon fonctionnement des institutions, de tirer les cons\u00e9quences qui s\u2019imposent afin de pr\u00e9server la cr\u00e9dibilit\u00e9 de l\u2019appareil judiciaire et de r\u00e9pondre aux attentes l\u00e9gitimes de la population.<\/p>\n\n\n\n<p>La R\u00e9daction<\/p>\n","protected":false},"excerpt":{"rendered":"<p>R\u00e9daction: +243 817 406 088 Depuis sa nomination \u00e0 la t\u00eate du minist\u00e8re de la&#8230;<\/p>\n","protected":false},"author":2,"featured_media":18651,"comment_status":"open","ping_status":"open","sticky":false,"template":"","format":"standard","meta":{"_jetpack_memberships_contains_paid_content":false,"footnotes":""},"categories":[6],"tags":[],"class_list":["post-18648","post","type-post","status-publish","format-standard","has-post-thumbnail","hentry","category-justice"],"yoast_head":"<!-- This site is optimized with the Yoast SEO plugin v27.5 - https:\/\/yoast.com\/product\/yoast-seo-wordpress\/ -->\n<title>Ngefa, un casting contest\u00e9 au minist\u00e8re de la Justice : l\u2019urgence d\u2019un r\u00e9ajustement au sommet de l\u2019\u00c9tat - Infos Droits Humains<\/title>\n<meta name=\"robots\" content=\"index, follow, max-snippet:-1, max-image-preview:large, max-video-preview:-1\" \/>\n<link rel=\"canonical\" href=\"https:\/\/infos-droitshumains.net\/?p=18648\" \/>\n<meta property=\"og:locale\" content=\"fr_FR\" \/>\n<meta property=\"og:type\" content=\"article\" \/>\n<meta property=\"og:title\" content=\"Ngefa, un casting contest\u00e9 au minist\u00e8re de la Justice : l\u2019urgence d\u2019un r\u00e9ajustement au sommet de l\u2019\u00c9tat - Infos Droits Humains\" \/>\n<meta property=\"og:description\" content=\"R\u00e9daction: +243 817 406 088 Depuis sa nomination \u00e0 la t\u00eate du minist\u00e8re de la...\" \/>\n<meta property=\"og:url\" content=\"https:\/\/infos-droitshumains.net\/?p=18648\" \/>\n<meta property=\"og:site_name\" content=\"Infos Droits Humains\" \/>\n<meta property=\"article:published_time\" content=\"2026-04-04T07:57:25+00:00\" \/>\n<meta property=\"article:modified_time\" content=\"2026-04-04T09:03:19+00:00\" \/>\n<meta property=\"og:image\" content=\"https:\/\/infos-droitshumains.net\/wp-content\/uploads\/2026\/04\/20260404_085907.jpg\" \/>\n\t<meta property=\"og:image:width\" content=\"1364\" \/>\n\t<meta property=\"og:image:height\" content=\"1184\" \/>\n\t<meta property=\"og:image:type\" content=\"image\/jpeg\" \/>\n<meta name=\"author\" content=\"Jo\u00ebl Diawa\" \/>\n<meta name=\"twitter:card\" content=\"summary_large_image\" \/>\n<meta name=\"twitter:label1\" content=\"\u00c9crit par\" \/>\n\t<meta name=\"twitter:data1\" content=\"Jo\u00ebl Diawa\" \/>\n\t<meta name=\"twitter:label2\" content=\"Dur\u00e9e de lecture estim\u00e9e\" \/>\n\t<meta name=\"twitter:data2\" content=\"3 minutes\" \/>\n<script type=\"application\/ld+json\" class=\"yoast-schema-graph\">{\"@context\":\"https:\\\/\\\/schema.org\",\"@graph\":[{\"@type\":\"Article\",\"@id\":\"https:\\\/\\\/infos-droitshumains.net\\\/?p=18648#article\",\"isPartOf\":{\"@id\":\"https:\\\/\\\/infos-droitshumains.net\\\/?p=18648\"},\"author\":{\"name\":\"Jo\u00ebl Diawa\",\"@id\":\"https:\\\/\\\/infos-droitshumains.net\\\/#\\\/schema\\\/person\\\/3dc5e921c3302172e0ed4362f96faab7\"},\"headline\":\"Ngefa, un casting contest\u00e9 au minist\u00e8re de la Justice : l\u2019urgence d\u2019un r\u00e9ajustement au sommet de l\u2019\u00c9tat\",\"datePublished\":\"2026-04-04T07:57:25+00:00\",\"dateModified\":\"2026-04-04T09:03:19+00:00\",\"mainEntityOfPage\":{\"@id\":\"https:\\\/\\\/infos-droitshumains.net\\\/?p=18648\"},\"wordCount\":548,\"commentCount\":0,\"publisher\":{\"@id\":\"https:\\\/\\\/infos-droitshumains.net\\\/#organization\"},\"image\":{\"@id\":\"https:\\\/\\\/infos-droitshumains.net\\\/?p=18648#primaryimage\"},\"thumbnailUrl\":\"https:\\\/\\\/i0.wp.com\\\/infos-droitshumains.net\\\/wp-content\\\/uploads\\\/2026\\\/04\\\/20260404_085907.jpg?fit=1364%2C1184&ssl=1\",\"articleSection\":[\"Justice\"],\"inLanguage\":\"fr-FR\",\"potentialAction\":[{\"@type\":\"CommentAction\",\"name\":\"Comment\",\"target\":[\"https:\\\/\\\/infos-droitshumains.net\\\/?p=18648#respond\"]}]},{\"@type\":\"WebPage\",\"@id\":\"https:\\\/\\\/infos-droitshumains.net\\\/?p=18648\",\"url\":\"https:\\\/\\\/infos-droitshumains.net\\\/?p=18648\",\"name\":\"Ngefa, un casting contest\u00e9 au minist\u00e8re de la Justice : l\u2019urgence d\u2019un r\u00e9ajustement au sommet de l\u2019\u00c9tat - Infos Droits Humains\",\"isPartOf\":{\"@id\":\"https:\\\/\\\/infos-droitshumains.net\\\/#website\"},\"primaryImageOfPage\":{\"@id\":\"https:\\\/\\\/infos-droitshumains.net\\\/?p=18648#primaryimage\"},\"image\":{\"@id\":\"https:\\\/\\\/infos-droitshumains.net\\\/?p=18648#primaryimage\"},\"thumbnailUrl\":\"https:\\\/\\\/i0.wp.com\\\/infos-droitshumains.net\\\/wp-content\\\/uploads\\\/2026\\\/04\\\/20260404_085907.jpg?fit=1364%2C1184&ssl=1\",\"datePublished\":\"2026-04-04T07:57:25+00:00\",\"dateModified\":\"2026-04-04T09:03:19+00:00\",\"breadcrumb\":{\"@id\":\"https:\\\/\\\/infos-droitshumains.net\\\/?p=18648#breadcrumb\"},\"inLanguage\":\"fr-FR\",\"potentialAction\":[{\"@type\":\"ReadAction\",\"target\":[\"https:\\\/\\\/infos-droitshumains.net\\\/?p=18648\"]}]},{\"@type\":\"ImageObject\",\"inLanguage\":\"fr-FR\",\"@id\":\"https:\\\/\\\/infos-droitshumains.net\\\/?p=18648#primaryimage\",\"url\":\"https:\\\/\\\/i0.wp.com\\\/infos-droitshumains.net\\\/wp-content\\\/uploads\\\/2026\\\/04\\\/20260404_085907.jpg?fit=1364%2C1184&ssl=1\",\"contentUrl\":\"https:\\\/\\\/i0.wp.com\\\/infos-droitshumains.net\\\/wp-content\\\/uploads\\\/2026\\\/04\\\/20260404_085907.jpg?fit=1364%2C1184&ssl=1\",\"width\":1364,\"height\":1184},{\"@type\":\"BreadcrumbList\",\"@id\":\"https:\\\/\\\/infos-droitshumains.net\\\/?p=18648#breadcrumb\",\"itemListElement\":[{\"@type\":\"ListItem\",\"position\":1,\"name\":\"Accueil\",\"item\":\"https:\\\/\\\/infos-droitshumains.net\\\/\"},{\"@type\":\"ListItem\",\"position\":2,\"name\":\"Ngefa, un casting contest\u00e9 au minist\u00e8re de la Justice : l\u2019urgence d\u2019un r\u00e9ajustement au sommet de l\u2019\u00c9tat\"}]},{\"@type\":\"WebSite\",\"@id\":\"https:\\\/\\\/infos-droitshumains.net\\\/#website\",\"url\":\"https:\\\/\\\/infos-droitshumains.net\\\/\",\"name\":\"Infos Droits Humains\",\"description\":\"S&#039;informer est un droit\",\"publisher\":{\"@id\":\"https:\\\/\\\/infos-droitshumains.net\\\/#organization\"},\"potentialAction\":[{\"@type\":\"SearchAction\",\"target\":{\"@type\":\"EntryPoint\",\"urlTemplate\":\"https:\\\/\\\/infos-droitshumains.net\\\/?s={search_term_string}\"},\"query-input\":{\"@type\":\"PropertyValueSpecification\",\"valueRequired\":true,\"valueName\":\"search_term_string\"}}],\"inLanguage\":\"fr-FR\"},{\"@type\":\"Organization\",\"@id\":\"https:\\\/\\\/infos-droitshumains.net\\\/#organization\",\"name\":\"Infos Droits Humains\",\"url\":\"https:\\\/\\\/infos-droitshumains.net\\\/\",\"logo\":{\"@type\":\"ImageObject\",\"inLanguage\":\"fr-FR\",\"@id\":\"https:\\\/\\\/infos-droitshumains.net\\\/#\\\/schema\\\/logo\\\/image\\\/\",\"url\":\"https:\\\/\\\/i0.wp.com\\\/infos-droitshumains.net\\\/wp-content\\\/uploads\\\/2022\\\/05\\\/Logo.png?fit=333%2C129&ssl=1\",\"contentUrl\":\"https:\\\/\\\/i0.wp.com\\\/infos-droitshumains.net\\\/wp-content\\\/uploads\\\/2022\\\/05\\\/Logo.png?fit=333%2C129&ssl=1\",\"width\":333,\"height\":129,\"caption\":\"Infos Droits Humains\"},\"image\":{\"@id\":\"https:\\\/\\\/infos-droitshumains.net\\\/#\\\/schema\\\/logo\\\/image\\\/\"}},{\"@type\":\"Person\",\"@id\":\"https:\\\/\\\/infos-droitshumains.net\\\/#\\\/schema\\\/person\\\/3dc5e921c3302172e0ed4362f96faab7\",\"name\":\"Jo\u00ebl Diawa\",\"image\":{\"@type\":\"ImageObject\",\"inLanguage\":\"fr-FR\",\"@id\":\"https:\\\/\\\/secure.gravatar.com\\\/avatar\\\/729bea6ff4604c624417803c477363be8e3c7186deaa65713313f9b4b820f41c?s=96&d=mm&r=g\",\"url\":\"https:\\\/\\\/secure.gravatar.com\\\/avatar\\\/729bea6ff4604c624417803c477363be8e3c7186deaa65713313f9b4b820f41c?s=96&d=mm&r=g\",\"contentUrl\":\"https:\\\/\\\/secure.gravatar.com\\\/avatar\\\/729bea6ff4604c624417803c477363be8e3c7186deaa65713313f9b4b820f41c?s=96&d=mm&r=g\",\"caption\":\"Jo\u00ebl Diawa\"},\"sameAs\":[\"https:\\\/\\\/www.infos-droitshumains.net\"],\"url\":\"https:\\\/\\\/infos-droitshumains.net\\\/?author=2\"}]}<\/script>\n<!-- \/ Yoast SEO plugin. -->","yoast_head_json":{"title":"Ngefa, un casting contest\u00e9 au minist\u00e8re de la Justice : l\u2019urgence d\u2019un r\u00e9ajustement au sommet de l\u2019\u00c9tat - Infos Droits Humains","robots":{"index":"index","follow":"follow","max-snippet":"max-snippet:-1","max-image-preview":"max-image-preview:large","max-video-preview":"max-video-preview:-1"},"canonical":"https:\/\/infos-droitshumains.net\/?p=18648","og_locale":"fr_FR","og_type":"article","og_title":"Ngefa, un casting contest\u00e9 au minist\u00e8re de la Justice : l\u2019urgence d\u2019un r\u00e9ajustement au sommet de l\u2019\u00c9tat - Infos Droits Humains","og_description":"R\u00e9daction: +243 817 406 088 Depuis sa nomination \u00e0 la t\u00eate du minist\u00e8re de la...","og_url":"https:\/\/infos-droitshumains.net\/?p=18648","og_site_name":"Infos Droits Humains","article_published_time":"2026-04-04T07:57:25+00:00","article_modified_time":"2026-04-04T09:03:19+00:00","og_image":[{"width":1364,"height":1184,"url":"https:\/\/infos-droitshumains.net\/wp-content\/uploads\/2026\/04\/20260404_085907.jpg","type":"image\/jpeg"}],"author":"Jo\u00ebl Diawa","twitter_card":"summary_large_image","twitter_misc":{"\u00c9crit par":"Jo\u00ebl Diawa","Dur\u00e9e de lecture estim\u00e9e":"3 minutes"},"schema":{"@context":"https:\/\/schema.org","@graph":[{"@type":"Article","@id":"https:\/\/infos-droitshumains.net\/?p=18648#article","isPartOf":{"@id":"https:\/\/infos-droitshumains.net\/?p=18648"},"author":{"name":"Jo\u00ebl Diawa","@id":"https:\/\/infos-droitshumains.net\/#\/schema\/person\/3dc5e921c3302172e0ed4362f96faab7"},"headline":"Ngefa, un casting contest\u00e9 au minist\u00e8re de la Justice : l\u2019urgence d\u2019un r\u00e9ajustement au sommet de l\u2019\u00c9tat","datePublished":"2026-04-04T07:57:25+00:00","dateModified":"2026-04-04T09:03:19+00:00","mainEntityOfPage":{"@id":"https:\/\/infos-droitshumains.net\/?p=18648"},"wordCount":548,"commentCount":0,"publisher":{"@id":"https:\/\/infos-droitshumains.net\/#organization"},"image":{"@id":"https:\/\/infos-droitshumains.net\/?p=18648#primaryimage"},"thumbnailUrl":"https:\/\/i0.wp.com\/infos-droitshumains.net\/wp-content\/uploads\/2026\/04\/20260404_085907.jpg?fit=1364%2C1184&ssl=1","articleSection":["Justice"],"inLanguage":"fr-FR","potentialAction":[{"@type":"CommentAction","name":"Comment","target":["https:\/\/infos-droitshumains.net\/?p=18648#respond"]}]},{"@type":"WebPage","@id":"https:\/\/infos-droitshumains.net\/?p=18648","url":"https:\/\/infos-droitshumains.net\/?p=18648","name":"Ngefa, un casting contest\u00e9 au minist\u00e8re de la Justice : l\u2019urgence d\u2019un r\u00e9ajustement au sommet de l\u2019\u00c9tat - Infos Droits Humains","isPartOf":{"@id":"https:\/\/infos-droitshumains.net\/#website"},"primaryImageOfPage":{"@id":"https:\/\/infos-droitshumains.net\/?p=18648#primaryimage"},"image":{"@id":"https:\/\/infos-droitshumains.net\/?p=18648#primaryimage"},"thumbnailUrl":"https:\/\/i0.wp.com\/infos-droitshumains.net\/wp-content\/uploads\/2026\/04\/20260404_085907.jpg?fit=1364%2C1184&ssl=1","datePublished":"2026-04-04T07:57:25+00:00","dateModified":"2026-04-04T09:03:19+00:00","breadcrumb":{"@id":"https:\/\/infos-droitshumains.net\/?p=18648#breadcrumb"},"inLanguage":"fr-FR","potentialAction":[{"@type":"ReadAction","target":["https:\/\/infos-droitshumains.net\/?p=18648"]}]},{"@type":"ImageObject","inLanguage":"fr-FR","@id":"https:\/\/infos-droitshumains.net\/?p=18648#primaryimage","url":"https:\/\/i0.wp.com\/infos-droitshumains.net\/wp-content\/uploads\/2026\/04\/20260404_085907.jpg?fit=1364%2C1184&ssl=1","contentUrl":"https:\/\/i0.wp.com\/infos-droitshumains.net\/wp-content\/uploads\/2026\/04\/20260404_085907.jpg?fit=1364%2C1184&ssl=1","width":1364,"height":1184},{"@type":"BreadcrumbList","@id":"https:\/\/infos-droitshumains.net\/?p=18648#breadcrumb","itemListElement":[{"@type":"ListItem","position":1,"name":"Accueil","item":"https:\/\/infos-droitshumains.net\/"},{"@type":"ListItem","position":2,"name":"Ngefa, un casting contest\u00e9 au minist\u00e8re de la Justice : l\u2019urgence d\u2019un r\u00e9ajustement au sommet de l\u2019\u00c9tat"}]},{"@type":"WebSite","@id":"https:\/\/infos-droitshumains.net\/#website","url":"https:\/\/infos-droitshumains.net\/","name":"Infos Droits Humains","description":"S&#039;informer est un droit","publisher":{"@id":"https:\/\/infos-droitshumains.net\/#organization"},"potentialAction":[{"@type":"SearchAction","target":{"@type":"EntryPoint","urlTemplate":"https:\/\/infos-droitshumains.net\/?s={search_term_string}"},"query-input":{"@type":"PropertyValueSpecification","valueRequired":true,"valueName":"search_term_string"}}],"inLanguage":"fr-FR"},{"@type":"Organization","@id":"https:\/\/infos-droitshumains.net\/#organization","name":"Infos Droits Humains","url":"https:\/\/infos-droitshumains.net\/","logo":{"@type":"ImageObject","inLanguage":"fr-FR","@id":"https:\/\/infos-droitshumains.net\/#\/schema\/logo\/image\/","url":"https:\/\/i0.wp.com\/infos-droitshumains.net\/wp-content\/uploads\/2022\/05\/Logo.png?fit=333%2C129&ssl=1","contentUrl":"https:\/\/i0.wp.com\/infos-droitshumains.net\/wp-content\/uploads\/2022\/05\/Logo.png?fit=333%2C129&ssl=1","width":333,"height":129,"caption":"Infos Droits Humains"},"image":{"@id":"https:\/\/infos-droitshumains.net\/#\/schema\/logo\/image\/"}},{"@type":"Person","@id":"https:\/\/infos-droitshumains.net\/#\/schema\/person\/3dc5e921c3302172e0ed4362f96faab7","name":"Jo\u00ebl Diawa","image":{"@type":"ImageObject","inLanguage":"fr-FR","@id":"https:\/\/secure.gravatar.com\/avatar\/729bea6ff4604c624417803c477363be8e3c7186deaa65713313f9b4b820f41c?s=96&d=mm&r=g","url":"https:\/\/secure.gravatar.com\/avatar\/729bea6ff4604c624417803c477363be8e3c7186deaa65713313f9b4b820f41c?s=96&d=mm&r=g","contentUrl":"https:\/\/secure.gravatar.com\/avatar\/729bea6ff4604c624417803c477363be8e3c7186deaa65713313f9b4b820f41c?s=96&d=mm&r=g","caption":"Jo\u00ebl Diawa"},"sameAs":["https:\/\/www.infos-droitshumains.net"],"url":"https:\/\/infos-droitshumains.net\/?author=2"}]}},"featured_image_urls":{"full":["https:\/\/i0.wp.com\/infos-droitshumains.net\/wp-content\/uploads\/2026\/04\/20260404_085907.jpg?fit=1364%2C1184&ssl=1",1364,1184,false],"thumbnail":["https:\/\/i0.wp.com\/infos-droitshumains.net\/wp-content\/uploads\/2026\/04\/20260404_085907.jpg?resize=150%2C150&ssl=1",150,150,true],"medium":["https:\/\/i0.wp.com\/infos-droitshumains.net\/wp-content\/uploads\/2026\/04\/20260404_085907.jpg?fit=300%2C260&ssl=1",300,260,true],"medium_large":["https:\/\/i0.wp.com\/infos-droitshumains.net\/wp-content\/uploads\/2026\/04\/20260404_085907.jpg?fit=640%2C556&ssl=1",640,556,true],"large":["https:\/\/i0.wp.com\/infos-droitshumains.net\/wp-content\/uploads\/2026\/04\/20260404_085907.jpg?fit=640%2C556&ssl=1",640,556,true],"1536x1536":["https:\/\/i0.wp.com\/infos-droitshumains.net\/wp-content\/uploads\/2026\/04\/20260404_085907.jpg?fit=1364%2C1184&ssl=1",1364,1184,true],"2048x2048":["https:\/\/i0.wp.com\/infos-droitshumains.net\/wp-content\/uploads\/2026\/04\/20260404_085907.jpg?fit=1364%2C1184&ssl=1",1364,1184,true],"covernews-slider-full":["https:\/\/i0.wp.com\/infos-droitshumains.net\/wp-content\/uploads\/2026\/04\/20260404_085907.jpg?resize=1115%2C715&ssl=1",1115,715,true],"covernews-slider-center":["https:\/\/i0.wp.com\/infos-droitshumains.net\/wp-content\/uploads\/2026\/04\/20260404_085907.jpg?resize=800%2C500&ssl=1",800,500,true],"covernews-featured":["https:\/\/i0.wp.com\/infos-droitshumains.net\/wp-content\/uploads\/2026\/04\/20260404_085907.jpg?fit=1024%2C889&ssl=1",1024,889,true],"covernews-medium":["https:\/\/i0.wp.com\/infos-droitshumains.net\/wp-content\/uploads\/2026\/04\/20260404_085907.jpg?resize=540%2C340&ssl=1",540,340,true],"covernews-medium-square":["https:\/\/i0.wp.com\/infos-droitshumains.net\/wp-content\/uploads\/2026\/04\/20260404_085907.jpg?resize=400%2C250&ssl=1",400,250,true]},"author_info":{"display_name":"Jo\u00ebl Diawa","author_link":"https:\/\/infos-droitshumains.net\/?author=2"},"category_info":"<a href=\"https:\/\/infos-droitshumains.net\/?cat=6\" rel=\"category\">Justice<\/a>","tag_info":"Justice","comment_count":"0","jetpack_featured_media_url":"https:\/\/i0.wp.com\/infos-droitshumains.net\/wp-content\/uploads\/2026\/04\/20260404_085907.jpg?fit=1364%2C1184&ssl=1","jetpack-related-posts":[],"jetpack_sharing_enabled":true,"_links":{"self":[{"href":"https:\/\/infos-droitshumains.net\/index.php?rest_route=\/wp\/v2\/posts\/18648","targetHints":{"allow":["GET"]}}],"collection":[{"href":"https:\/\/infos-droitshumains.net\/index.php?rest_route=\/wp\/v2\/posts"}],"about":[{"href":"https:\/\/infos-droitshumains.net\/index.php?rest_route=\/wp\/v2\/types\/post"}],"author":[{"embeddable":true,"href":"https:\/\/infos-droitshumains.net\/index.php?rest_route=\/wp\/v2\/users\/2"}],"replies":[{"embeddable":true,"href":"https:\/\/infos-droitshumains.net\/index.php?rest_route=%2Fwp%2Fv2%2Fcomments&post=18648"}],"version-history":[{"count":3,"href":"https:\/\/infos-droitshumains.net\/index.php?rest_route=\/wp\/v2\/posts\/18648\/revisions"}],"predecessor-version":[{"id":18653,"href":"https:\/\/infos-droitshumains.net\/index.php?rest_route=\/wp\/v2\/posts\/18648\/revisions\/18653"}],"wp:featuredmedia":[{"embeddable":true,"href":"https:\/\/infos-droitshumains.net\/index.php?rest_route=\/wp\/v2\/media\/18651"}],"wp:attachment":[{"href":"https:\/\/infos-droitshumains.net\/index.php?rest_route=%2Fwp%2Fv2%2Fmedia&parent=18648"}],"wp:term":[{"taxonomy":"category","embeddable":true,"href":"https:\/\/infos-droitshumains.net\/index.php?rest_route=%2Fwp%2Fv2%2Fcategories&post=18648"},{"taxonomy":"post_tag","embeddable":true,"href":"https:\/\/infos-droitshumains.net\/index.php?rest_route=%2Fwp%2Fv2%2Ftags&post=18648"}],"curies":[{"name":"wp","href":"https:\/\/api.w.org\/{rel}","templated":true}]}}