{"id":18645,"date":"2026-04-04T00:27:42","date_gmt":"2026-04-03T22:27:42","guid":{"rendered":"https:\/\/infos-droitshumains.net\/?p=18645"},"modified":"2026-04-04T13:56:04","modified_gmt":"2026-04-04T11:56:04","slug":"kinshasa-le-parquet-de-grande-instance-de-ndjili-cloture-le-mois-de-mars-par-une-conference-debat-sur-les-enjeux-juridiques-contemporains","status":"publish","type":"post","link":"https:\/\/infos-droitshumains.net\/?p=18645","title":{"rendered":"Kinshasa: le Parquet de Grande Instance de N\u2019djili cl\u00f4ture le mois de mars \u00a0par une conf\u00e9rence-d\u00e9bat sur les enjeux juridiques contemporains"},"content":{"rendered":"\n<p><strong>R\u00e9daction: +243 817 406 088<\/strong><\/p>\n\n\n\n<h3 class=\"wp-block-heading has-vivid-red-color has-text-color has-link-color wp-elements-1f7f0b8a6dfa770c0e105668c11b9503\">Le Parquet pr\u00e8s le Tribunal de Grande Instance de Kinshasa\/N\u2019djili a organis\u00e9, ce vendredi 03 avril 2026, une conf\u00e9rence-d\u00e9bat marquant la cl\u00f4ture du mois de mars d\u00e9di\u00e9 \u00e0 la d\u00e9fense et \u00e0 la promotion des droits des femmes. Cette activit\u00e9 scientifique et citoyenne a r\u00e9uni magistrats, juristes et acteurs judiciaires autour de th\u00e9matiques d\u2019actualit\u00e9 li\u00e9es \u00e0 l\u2019\u00e9volution du droit p\u00e9nal et au r\u00f4le de la femme dans la justice. Plac\u00e9e sous le signe du renforcement des capacit\u00e9s et de la r\u00e9flexion critique, cette rencontre a permis d\u2019aborder plusieurs sujets majeurs touchant \u00e0 la pratique judiciaire contemporaine.<\/h3>\n\n\n\n<figure class=\"wp-block-image alignfull size-large\"><img data-recalc-dims=\"1\" fetchpriority=\"high\" decoding=\"async\" width=\"640\" height=\"427\" src=\"https:\/\/i0.wp.com\/infos-droitshumains.net\/wp-content\/uploads\/2026\/04\/1001524196.jpg?resize=640%2C427&#038;ssl=1\" alt=\"\" class=\"wp-image-18655\" srcset=\"https:\/\/i0.wp.com\/infos-droitshumains.net\/wp-content\/uploads\/2026\/04\/1001524196.jpg?resize=1024%2C683&amp;ssl=1 1024w, https:\/\/i0.wp.com\/infos-droitshumains.net\/wp-content\/uploads\/2026\/04\/1001524196.jpg?resize=300%2C200&amp;ssl=1 300w, https:\/\/i0.wp.com\/infos-droitshumains.net\/wp-content\/uploads\/2026\/04\/1001524196.jpg?resize=768%2C512&amp;ssl=1 768w, https:\/\/i0.wp.com\/infos-droitshumains.net\/wp-content\/uploads\/2026\/04\/1001524196.jpg?w=1280&amp;ssl=1 1280w\" sizes=\"(max-width: 640px) 100vw, 640px\" \/><\/figure>\n\n\n\n<p><strong>Des th\u00e9matiques au c\u0153ur des mutations du droit p\u00e9nal<\/strong><\/p>\n\n\n\n<p>Parmi les interventions marquantes, le Procureur de la R\u00e9publique N\u00e9h\u00e9mie Mvulambongo, Chef d\u2019Office du Parquet pr\u00e8s le Tribunal de Paix de Kinshasa\/N\u2019djili, a d\u00e9velopp\u00e9 le th\u00e8me :<br><strong><em>\u00ab La preuve en mati\u00e8re p\u00e9nale \u00e0 l\u2019\u00e8re du num\u00e9rique : enjeux administratifs et exigence de lic\u00e9it\u00e9 \u00bb<\/em><\/strong>.<\/p>\n\n\n\n<figure class=\"wp-block-image alignfull size-large\"><img data-recalc-dims=\"1\" decoding=\"async\" width=\"640\" height=\"960\" src=\"https:\/\/i0.wp.com\/infos-droitshumains.net\/wp-content\/uploads\/2026\/04\/1001524289.jpg?resize=640%2C960&#038;ssl=1\" alt=\"\" class=\"wp-image-18656\" srcset=\"https:\/\/i0.wp.com\/infos-droitshumains.net\/wp-content\/uploads\/2026\/04\/1001524289.jpg?resize=683%2C1024&amp;ssl=1 683w, https:\/\/i0.wp.com\/infos-droitshumains.net\/wp-content\/uploads\/2026\/04\/1001524289.jpg?resize=200%2C300&amp;ssl=1 200w, https:\/\/i0.wp.com\/infos-droitshumains.net\/wp-content\/uploads\/2026\/04\/1001524289.jpg?resize=768%2C1151&amp;ssl=1 768w, https:\/\/i0.wp.com\/infos-droitshumains.net\/wp-content\/uploads\/2026\/04\/1001524289.jpg?w=854&amp;ssl=1 854w\" sizes=\"(max-width: 640px) 100vw, 640px\" \/><\/figure>\n\n\n\n<p>Dans son expos\u00e9, il a insist\u00e9 sur l\u2019obligation pour le minist\u00e8re public de respecter strictement la l\u00e9galit\u00e9 dans la collecte des preuves :<\/p>\n\n\n\n<p>De son c\u00f4t\u00e9, le Procureur de la R\u00e9publique Emmanuel Amouri Kitenge, Chef d\u2019Office du Parquet pr\u00e8s le Tribunal de Paix de Kinshasa\/Lemba, a interpell\u00e9 les participants sur :<br><strong><em>\u00ab La conception anachronique de l\u2019action publique face aux \u00e9vidences juridiques \u00bb<\/em><\/strong><em>,<\/em> plaidant pour une modernisation des approches judiciaires en ad\u00e9quation avec les r\u00e9alit\u00e9s actuelles.<\/p>\n\n\n\n<figure class=\"wp-block-image alignfull size-large\"><img data-recalc-dims=\"1\" decoding=\"async\" width=\"640\" height=\"960\" src=\"https:\/\/i0.wp.com\/infos-droitshumains.net\/wp-content\/uploads\/2026\/04\/1001524432.jpg?resize=640%2C960&#038;ssl=1\" alt=\"\" class=\"wp-image-18657\" srcset=\"https:\/\/i0.wp.com\/infos-droitshumains.net\/wp-content\/uploads\/2026\/04\/1001524432.jpg?resize=683%2C1024&amp;ssl=1 683w, https:\/\/i0.wp.com\/infos-droitshumains.net\/wp-content\/uploads\/2026\/04\/1001524432.jpg?resize=200%2C300&amp;ssl=1 200w, https:\/\/i0.wp.com\/infos-droitshumains.net\/wp-content\/uploads\/2026\/04\/1001524432.jpg?resize=768%2C1151&amp;ssl=1 768w, https:\/\/i0.wp.com\/infos-droitshumains.net\/wp-content\/uploads\/2026\/04\/1001524432.jpg?w=854&amp;ssl=1 854w\" sizes=\"(max-width: 640px) 100vw, 640px\" \/><\/figure>\n\n\n\n<p>Intervenant \u00e9galement, le Procureur de la R\u00e9publique Jonas Kisubi, du Parquet pr\u00e8s le TGI\/N\u2019djili, a mis en lumi\u00e8re l\u2019importance de la ma\u00eetrise des textes juridiques :<\/p>\n\n\n\n<p><strong><em>\u00ab La compr\u00e9hension approfondie des textes p\u00e9naux par l\u2019Officier du Minist\u00e8re Public constitue une garantie essentielle pour une justice p\u00e9nale \u00e9quitable et efficace. \u00bb<\/em><\/strong><\/p>\n\n\n\n<figure class=\"wp-block-image alignfull size-large\"><img data-recalc-dims=\"1\" loading=\"lazy\" decoding=\"async\" width=\"640\" height=\"878\" src=\"https:\/\/i0.wp.com\/infos-droitshumains.net\/wp-content\/uploads\/2026\/04\/1001524354.jpg?resize=640%2C878&#038;ssl=1\" alt=\"\" class=\"wp-image-18658\" srcset=\"https:\/\/i0.wp.com\/infos-droitshumains.net\/wp-content\/uploads\/2026\/04\/1001524354.jpg?resize=746%2C1024&amp;ssl=1 746w, https:\/\/i0.wp.com\/infos-droitshumains.net\/wp-content\/uploads\/2026\/04\/1001524354.jpg?resize=219%2C300&amp;ssl=1 219w, https:\/\/i0.wp.com\/infos-droitshumains.net\/wp-content\/uploads\/2026\/04\/1001524354.jpg?resize=768%2C1054&amp;ssl=1 768w, https:\/\/i0.wp.com\/infos-droitshumains.net\/wp-content\/uploads\/2026\/04\/1001524354.jpg?w=933&amp;ssl=1 933w\" sizes=\"(max-width: 640px) 100vw, 640px\" \/><\/figure>\n\n\n\n<figure class=\"wp-block-image alignfull size-large\"><img data-recalc-dims=\"1\" loading=\"lazy\" decoding=\"async\" width=\"640\" height=\"960\" src=\"https:\/\/i0.wp.com\/infos-droitshumains.net\/wp-content\/uploads\/2026\/04\/1001524307.jpg?resize=640%2C960&#038;ssl=1\" alt=\"\" class=\"wp-image-18659\" srcset=\"https:\/\/i0.wp.com\/infos-droitshumains.net\/wp-content\/uploads\/2026\/04\/1001524307.jpg?resize=683%2C1024&amp;ssl=1 683w, https:\/\/i0.wp.com\/infos-droitshumains.net\/wp-content\/uploads\/2026\/04\/1001524307.jpg?resize=200%2C300&amp;ssl=1 200w, https:\/\/i0.wp.com\/infos-droitshumains.net\/wp-content\/uploads\/2026\/04\/1001524307.jpg?resize=768%2C1151&amp;ssl=1 768w, https:\/\/i0.wp.com\/infos-droitshumains.net\/wp-content\/uploads\/2026\/04\/1001524307.jpg?w=854&amp;ssl=1 854w\" sizes=\"(max-width: 640px) 100vw, 640px\" \/><\/figure>\n\n\n\n<p><strong>Le r\u00f4le d\u00e9terminant de la femme magistrate dans l\u2019\u00c9tat de droit<\/strong><\/p>\n\n\n\n<p>Repr\u00e9sentant la Pr\u00e9sidente du TGI\/N\u2019djili, le juge Nana Epambo a ax\u00e9 son intervention sur :<br><strong><em>\u00ab L\u2019apport de la femme magistrate dans la construction de l\u2019\u00c9tat de droit \u00bb<\/em><\/strong><em>.<\/em><br>Elle a soulign\u00e9 la contribution croissante des femmes dans l\u2019appareil judiciaire congolais, en mettant en avant leur rigueur, leur sens de l\u2019\u00e9thique et leur engagement pour une justice plus humaine.<\/p>\n\n\n\n<figure class=\"wp-block-image alignfull size-large\"><img data-recalc-dims=\"1\" loading=\"lazy\" decoding=\"async\" width=\"640\" height=\"960\" src=\"https:\/\/i0.wp.com\/infos-droitshumains.net\/wp-content\/uploads\/2026\/04\/1001524283.jpg?resize=640%2C960&#038;ssl=1\" alt=\"\" class=\"wp-image-18662\" srcset=\"https:\/\/i0.wp.com\/infos-droitshumains.net\/wp-content\/uploads\/2026\/04\/1001524283.jpg?resize=683%2C1024&amp;ssl=1 683w, https:\/\/i0.wp.com\/infos-droitshumains.net\/wp-content\/uploads\/2026\/04\/1001524283.jpg?resize=200%2C300&amp;ssl=1 200w, https:\/\/i0.wp.com\/infos-droitshumains.net\/wp-content\/uploads\/2026\/04\/1001524283.jpg?resize=768%2C1151&amp;ssl=1 768w, https:\/\/i0.wp.com\/infos-droitshumains.net\/wp-content\/uploads\/2026\/04\/1001524283.jpg?w=854&amp;ssl=1 854w\" sizes=\"(max-width: 640px) 100vw, 640px\" \/><\/figure>\n\n\n\n<p><strong>Une initiative salu\u00e9e et porteuse d\u2019avenir<\/strong><\/p>\n\n\n\n<p>Prenant la parole pour circonscrire le cadre de cette journ\u00e9e, Marie-Claude Nkulu Mbayo, Premier Substitut du Procureur de la R\u00e9publique pr\u00e8s le TGI de Kinshasa\/N\u2019djili, a rappel\u00e9 les motivations de cette initiative :<\/p>\n\n\n\n<p><em>\u00ab Le Parquet a tenu \u00e0 marquer le mois d\u00e9di\u00e9 \u00e0 la femme en cr\u00e9ant un espace de r\u00e9flexion sur le r\u00f4le des femmes magistrates du minist\u00e8re public. Il est essentiel de renforcer nos capacit\u00e9s pour r\u00e9pondre efficacement aux exigences de notre mission. \u00bb<\/em><\/p>\n\n\n\n<figure class=\"wp-block-image alignfull size-large\"><img data-recalc-dims=\"1\" loading=\"lazy\" decoding=\"async\" width=\"640\" height=\"960\" src=\"https:\/\/i0.wp.com\/infos-droitshumains.net\/wp-content\/uploads\/2026\/04\/1001524235.jpg?resize=640%2C960&#038;ssl=1\" alt=\"\" class=\"wp-image-18663\" srcset=\"https:\/\/i0.wp.com\/infos-droitshumains.net\/wp-content\/uploads\/2026\/04\/1001524235.jpg?resize=683%2C1024&amp;ssl=1 683w, https:\/\/i0.wp.com\/infos-droitshumains.net\/wp-content\/uploads\/2026\/04\/1001524235.jpg?resize=200%2C300&amp;ssl=1 200w, https:\/\/i0.wp.com\/infos-droitshumains.net\/wp-content\/uploads\/2026\/04\/1001524235.jpg?resize=768%2C1151&amp;ssl=1 768w, https:\/\/i0.wp.com\/infos-droitshumains.net\/wp-content\/uploads\/2026\/04\/1001524235.jpg?w=854&amp;ssl=1 854w\" sizes=\"(max-width: 640px) 100vw, 640px\" \/><\/figure>\n\n\n\n<p>Elle a \u00e9galement insist\u00e9 sur la n\u00e9cessit\u00e9 d\u2019une mise \u00e0 jour continue des connaissances juridiques :<\/p>\n\n\n\n<p><em>\u00ab Avec l\u2019\u00e9volution de la soci\u00e9t\u00e9, certains comportements jadis tol\u00e9r\u00e9s sont aujourd\u2019hui incrimin\u00e9s. Cela impose aux magistrats une remise \u00e0 niveau permanente afin de mieux qualifier les infractions et administrer les preuves. \u00bb<\/em><\/p>\n\n\n\n<p>Saluant l\u2019initiative du Procureur de la R\u00e9publique Jonas Kisubi, elle a exprim\u00e9 le souhait de voir ces activit\u00e9s se p\u00e9renniser :<\/p>\n\n\n\n<figure class=\"wp-block-image alignfull size-large\"><img data-recalc-dims=\"1\" loading=\"lazy\" decoding=\"async\" width=\"640\" height=\"960\" src=\"https:\/\/i0.wp.com\/infos-droitshumains.net\/wp-content\/uploads\/2026\/04\/1001524020.jpg?resize=640%2C960&#038;ssl=1\" alt=\"\" class=\"wp-image-18666\" srcset=\"https:\/\/i0.wp.com\/infos-droitshumains.net\/wp-content\/uploads\/2026\/04\/1001524020.jpg?resize=683%2C1024&amp;ssl=1 683w, https:\/\/i0.wp.com\/infos-droitshumains.net\/wp-content\/uploads\/2026\/04\/1001524020.jpg?resize=200%2C300&amp;ssl=1 200w, https:\/\/i0.wp.com\/infos-droitshumains.net\/wp-content\/uploads\/2026\/04\/1001524020.jpg?resize=768%2C1151&amp;ssl=1 768w, https:\/\/i0.wp.com\/infos-droitshumains.net\/wp-content\/uploads\/2026\/04\/1001524020.jpg?w=854&amp;ssl=1 854w\" sizes=\"(max-width: 640px) 100vw, 640px\" \/><\/figure>\n\n\n\n<p><em>\u00ab Cette conf\u00e9rence a \u00e9t\u00e9 tr\u00e8s enrichissante. Nous avons m\u00eame estim\u00e9 qu\u2019elle aurait pu se poursuivre davantage. Nous exhortons les autorit\u00e9s du parquet \u00e0 instaurer un calendrier r\u00e9gulier de renforcement des capacit\u00e9s, au b\u00e9n\u00e9fice de tous les magistrats. \u00bb<\/em><\/p>\n\n\n\n<p><strong>Vers une justice plus adapt\u00e9e aux d\u00e9fis contemporains<\/strong><\/p>\n\n\n\n<figure class=\"wp-block-image size-large\"><img data-recalc-dims=\"1\" loading=\"lazy\" decoding=\"async\" width=\"640\" height=\"426\" src=\"https:\/\/i0.wp.com\/infos-droitshumains.net\/wp-content\/uploads\/2026\/04\/1001524463.jpg?resize=640%2C426&#038;ssl=1\" alt=\"\" class=\"wp-image-18667\" srcset=\"https:\/\/i0.wp.com\/infos-droitshumains.net\/wp-content\/uploads\/2026\/04\/1001524463.jpg?resize=1024%2C681&amp;ssl=1 1024w, https:\/\/i0.wp.com\/infos-droitshumains.net\/wp-content\/uploads\/2026\/04\/1001524463.jpg?resize=300%2C199&amp;ssl=1 300w, https:\/\/i0.wp.com\/infos-droitshumains.net\/wp-content\/uploads\/2026\/04\/1001524463.jpg?resize=768%2C511&amp;ssl=1 768w, https:\/\/i0.wp.com\/infos-droitshumains.net\/wp-content\/uploads\/2026\/04\/1001524463.jpg?w=1280&amp;ssl=1 1280w\" sizes=\"(max-width: 640px) 100vw, 640px\" \/><\/figure>\n\n\n\n<p>Au-del\u00e0 de la c\u00e9l\u00e9bration du mois de la femme, cette conf\u00e9rence-d\u00e9bat s\u2019inscrit dans une dynamique de modernisation de la justice congolaise. Elle met en \u00e9vidence l\u2019importance de la formation continue, de l\u2019int\u00e9gration des nouvelles technologies dans la proc\u00e9dure p\u00e9nale, et de la promotion du leadership f\u00e9minin dans les institutions judiciaires.<\/p>\n\n\n\n<figure class=\"wp-block-image alignfull size-large\"><img data-recalc-dims=\"1\" loading=\"lazy\" decoding=\"async\" width=\"640\" height=\"427\" src=\"https:\/\/i0.wp.com\/infos-droitshumains.net\/wp-content\/uploads\/2026\/04\/1001524593.jpg?resize=640%2C427&#038;ssl=1\" alt=\"\" class=\"wp-image-18670\" srcset=\"https:\/\/i0.wp.com\/infos-droitshumains.net\/wp-content\/uploads\/2026\/04\/1001524593.jpg?resize=1024%2C683&amp;ssl=1 1024w, https:\/\/i0.wp.com\/infos-droitshumains.net\/wp-content\/uploads\/2026\/04\/1001524593.jpg?resize=300%2C200&amp;ssl=1 300w, https:\/\/i0.wp.com\/infos-droitshumains.net\/wp-content\/uploads\/2026\/04\/1001524593.jpg?resize=768%2C512&amp;ssl=1 768w, https:\/\/i0.wp.com\/infos-droitshumains.net\/wp-content\/uploads\/2026\/04\/1001524593.jpg?w=1280&amp;ssl=1 1280w\" sizes=\"(max-width: 640px) 100vw, 640px\" \/><\/figure>\n\n\n\n<p>En r\u00e9unissant r\u00e9flexion acad\u00e9mique et engagement professionnel, le Parquet de Grande Instance de Kinshasa\/N\u2019djili r\u00e9affirme ainsi sa volont\u00e9 de contribuer \u00e0 l\u2019\u00e9mergence d\u2019une justice plus efficace, inclusive et respectueuse des droits fondamentaux.<\/p>\n\n\n\n<p>Jo\u00ebl Diawa<\/p>\n","protected":false},"excerpt":{"rendered":"<p>R\u00e9daction: +243 817 406 088 Le Parquet pr\u00e8s le Tribunal de Grande Instance de Kinshasa\/N\u2019djili&#8230;<\/p>\n","protected":false},"author":2,"featured_media":18673,"comment_status":"open","ping_status":"open","sticky":false,"template":"","format":"standard","meta":{"_jetpack_memberships_contains_paid_content":false,"footnotes":""},"categories":[6],"tags":[],"class_list":["post-18645","post","type-post","status-publish","format-standard","has-post-thumbnail","hentry","category-justice"],"yoast_head":"<!-- This site is optimized with the Yoast SEO plugin v27.5 - https:\/\/yoast.com\/product\/yoast-seo-wordpress\/ -->\n<title>Kinshasa: le Parquet de Grande Instance de N\u2019djili cl\u00f4ture le mois de mars \u00a0par une conf\u00e9rence-d\u00e9bat sur les enjeux juridiques contemporains - Infos Droits Humains<\/title>\n<meta name=\"robots\" content=\"index, follow, max-snippet:-1, max-image-preview:large, max-video-preview:-1\" \/>\n<link rel=\"canonical\" href=\"https:\/\/infos-droitshumains.net\/?p=18645\" \/>\n<meta property=\"og:locale\" content=\"fr_FR\" \/>\n<meta property=\"og:type\" content=\"article\" \/>\n<meta property=\"og:title\" content=\"Kinshasa: le Parquet de Grande Instance de N\u2019djili cl\u00f4ture le mois de mars \u00a0par une conf\u00e9rence-d\u00e9bat sur les enjeux juridiques contemporains - Infos Droits Humains\" \/>\n<meta property=\"og:description\" content=\"R\u00e9daction: +243 817 406 088 Le Parquet pr\u00e8s le Tribunal de Grande Instance de Kinshasa\/N\u2019djili...\" \/>\n<meta property=\"og:url\" content=\"https:\/\/infos-droitshumains.net\/?p=18645\" \/>\n<meta property=\"og:site_name\" content=\"Infos Droits Humains\" \/>\n<meta property=\"article:published_time\" content=\"2026-04-03T22:27:42+00:00\" \/>\n<meta property=\"article:modified_time\" content=\"2026-04-04T11:56:04+00:00\" \/>\n<meta property=\"og:image\" content=\"https:\/\/infos-droitshumains.net\/wp-content\/uploads\/2026\/04\/1001524693.jpg\" \/>\n\t<meta property=\"og:image:width\" content=\"1280\" \/>\n\t<meta property=\"og:image:height\" content=\"854\" \/>\n\t<meta property=\"og:image:type\" content=\"image\/jpeg\" \/>\n<meta name=\"author\" content=\"Jo\u00ebl Diawa\" \/>\n<meta name=\"twitter:card\" content=\"summary_large_image\" \/>\n<meta name=\"twitter:label1\" content=\"\u00c9crit par\" \/>\n\t<meta name=\"twitter:data1\" content=\"Jo\u00ebl Diawa\" \/>\n\t<meta name=\"twitter:label2\" content=\"Dur\u00e9e de lecture estim\u00e9e\" \/>\n\t<meta name=\"twitter:data2\" content=\"6 minutes\" \/>\n<script type=\"application\/ld+json\" class=\"yoast-schema-graph\">{\"@context\":\"https:\\\/\\\/schema.org\",\"@graph\":[{\"@type\":\"Article\",\"@id\":\"https:\\\/\\\/infos-droitshumains.net\\\/?p=18645#article\",\"isPartOf\":{\"@id\":\"https:\\\/\\\/infos-droitshumains.net\\\/?p=18645\"},\"author\":{\"name\":\"Jo\u00ebl Diawa\",\"@id\":\"https:\\\/\\\/infos-droitshumains.net\\\/#\\\/schema\\\/person\\\/3dc5e921c3302172e0ed4362f96faab7\"},\"headline\":\"Kinshasa: le Parquet de Grande Instance de N\u2019djili cl\u00f4ture le mois de mars \u00a0par une conf\u00e9rence-d\u00e9bat sur les enjeux juridiques contemporains\",\"datePublished\":\"2026-04-03T22:27:42+00:00\",\"dateModified\":\"2026-04-04T11:56:04+00:00\",\"mainEntityOfPage\":{\"@id\":\"https:\\\/\\\/infos-droitshumains.net\\\/?p=18645\"},\"wordCount\":749,\"commentCount\":1,\"publisher\":{\"@id\":\"https:\\\/\\\/infos-droitshumains.net\\\/#organization\"},\"image\":{\"@id\":\"https:\\\/\\\/infos-droitshumains.net\\\/?p=18645#primaryimage\"},\"thumbnailUrl\":\"https:\\\/\\\/i0.wp.com\\\/infos-droitshumains.net\\\/wp-content\\\/uploads\\\/2026\\\/04\\\/1001524693.jpg?fit=1280%2C854&ssl=1\",\"articleSection\":[\"Justice\"],\"inLanguage\":\"fr-FR\",\"potentialAction\":[{\"@type\":\"CommentAction\",\"name\":\"Comment\",\"target\":[\"https:\\\/\\\/infos-droitshumains.net\\\/?p=18645#respond\"]}]},{\"@type\":\"WebPage\",\"@id\":\"https:\\\/\\\/infos-droitshumains.net\\\/?p=18645\",\"url\":\"https:\\\/\\\/infos-droitshumains.net\\\/?p=18645\",\"name\":\"Kinshasa: le Parquet de Grande Instance de N\u2019djili cl\u00f4ture le mois de mars \u00a0par une conf\u00e9rence-d\u00e9bat sur les enjeux juridiques contemporains - Infos Droits Humains\",\"isPartOf\":{\"@id\":\"https:\\\/\\\/infos-droitshumains.net\\\/#website\"},\"primaryImageOfPage\":{\"@id\":\"https:\\\/\\\/infos-droitshumains.net\\\/?p=18645#primaryimage\"},\"image\":{\"@id\":\"https:\\\/\\\/infos-droitshumains.net\\\/?p=18645#primaryimage\"},\"thumbnailUrl\":\"https:\\\/\\\/i0.wp.com\\\/infos-droitshumains.net\\\/wp-content\\\/uploads\\\/2026\\\/04\\\/1001524693.jpg?fit=1280%2C854&ssl=1\",\"datePublished\":\"2026-04-03T22:27:42+00:00\",\"dateModified\":\"2026-04-04T11:56:04+00:00\",\"breadcrumb\":{\"@id\":\"https:\\\/\\\/infos-droitshumains.net\\\/?p=18645#breadcrumb\"},\"inLanguage\":\"fr-FR\",\"potentialAction\":[{\"@type\":\"ReadAction\",\"target\":[\"https:\\\/\\\/infos-droitshumains.net\\\/?p=18645\"]}]},{\"@type\":\"ImageObject\",\"inLanguage\":\"fr-FR\",\"@id\":\"https:\\\/\\\/infos-droitshumains.net\\\/?p=18645#primaryimage\",\"url\":\"https:\\\/\\\/i0.wp.com\\\/infos-droitshumains.net\\\/wp-content\\\/uploads\\\/2026\\\/04\\\/1001524693.jpg?fit=1280%2C854&ssl=1\",\"contentUrl\":\"https:\\\/\\\/i0.wp.com\\\/infos-droitshumains.net\\\/wp-content\\\/uploads\\\/2026\\\/04\\\/1001524693.jpg?fit=1280%2C854&ssl=1\",\"width\":1280,\"height\":854},{\"@type\":\"BreadcrumbList\",\"@id\":\"https:\\\/\\\/infos-droitshumains.net\\\/?p=18645#breadcrumb\",\"itemListElement\":[{\"@type\":\"ListItem\",\"position\":1,\"name\":\"Accueil\",\"item\":\"https:\\\/\\\/infos-droitshumains.net\\\/\"},{\"@type\":\"ListItem\",\"position\":2,\"name\":\"Kinshasa: le Parquet de Grande Instance de N\u2019djili cl\u00f4ture le mois de mars \u00a0par une conf\u00e9rence-d\u00e9bat sur les enjeux juridiques contemporains\"}]},{\"@type\":\"WebSite\",\"@id\":\"https:\\\/\\\/infos-droitshumains.net\\\/#website\",\"url\":\"https:\\\/\\\/infos-droitshumains.net\\\/\",\"name\":\"Infos Droits Humains\",\"description\":\"S&#039;informer est un droit\",\"publisher\":{\"@id\":\"https:\\\/\\\/infos-droitshumains.net\\\/#organization\"},\"potentialAction\":[{\"@type\":\"SearchAction\",\"target\":{\"@type\":\"EntryPoint\",\"urlTemplate\":\"https:\\\/\\\/infos-droitshumains.net\\\/?s={search_term_string}\"},\"query-input\":{\"@type\":\"PropertyValueSpecification\",\"valueRequired\":true,\"valueName\":\"search_term_string\"}}],\"inLanguage\":\"fr-FR\"},{\"@type\":\"Organization\",\"@id\":\"https:\\\/\\\/infos-droitshumains.net\\\/#organization\",\"name\":\"Infos Droits Humains\",\"url\":\"https:\\\/\\\/infos-droitshumains.net\\\/\",\"logo\":{\"@type\":\"ImageObject\",\"inLanguage\":\"fr-FR\",\"@id\":\"https:\\\/\\\/infos-droitshumains.net\\\/#\\\/schema\\\/logo\\\/image\\\/\",\"url\":\"https:\\\/\\\/i0.wp.com\\\/infos-droitshumains.net\\\/wp-content\\\/uploads\\\/2022\\\/05\\\/Logo.png?fit=333%2C129&ssl=1\",\"contentUrl\":\"https:\\\/\\\/i0.wp.com\\\/infos-droitshumains.net\\\/wp-content\\\/uploads\\\/2022\\\/05\\\/Logo.png?fit=333%2C129&ssl=1\",\"width\":333,\"height\":129,\"caption\":\"Infos Droits Humains\"},\"image\":{\"@id\":\"https:\\\/\\\/infos-droitshumains.net\\\/#\\\/schema\\\/logo\\\/image\\\/\"}},{\"@type\":\"Person\",\"@id\":\"https:\\\/\\\/infos-droitshumains.net\\\/#\\\/schema\\\/person\\\/3dc5e921c3302172e0ed4362f96faab7\",\"name\":\"Jo\u00ebl Diawa\",\"image\":{\"@type\":\"ImageObject\",\"inLanguage\":\"fr-FR\",\"@id\":\"https:\\\/\\\/secure.gravatar.com\\\/avatar\\\/729bea6ff4604c624417803c477363be8e3c7186deaa65713313f9b4b820f41c?s=96&d=mm&r=g\",\"url\":\"https:\\\/\\\/secure.gravatar.com\\\/avatar\\\/729bea6ff4604c624417803c477363be8e3c7186deaa65713313f9b4b820f41c?s=96&d=mm&r=g\",\"contentUrl\":\"https:\\\/\\\/secure.gravatar.com\\\/avatar\\\/729bea6ff4604c624417803c477363be8e3c7186deaa65713313f9b4b820f41c?s=96&d=mm&r=g\",\"caption\":\"Jo\u00ebl Diawa\"},\"sameAs\":[\"https:\\\/\\\/www.infos-droitshumains.net\"],\"url\":\"https:\\\/\\\/infos-droitshumains.net\\\/?author=2\"}]}<\/script>\n<!-- \/ Yoast SEO plugin. -->","yoast_head_json":{"title":"Kinshasa: le Parquet de Grande Instance de N\u2019djili cl\u00f4ture le mois de mars \u00a0par une conf\u00e9rence-d\u00e9bat sur les enjeux juridiques contemporains - Infos Droits Humains","robots":{"index":"index","follow":"follow","max-snippet":"max-snippet:-1","max-image-preview":"max-image-preview:large","max-video-preview":"max-video-preview:-1"},"canonical":"https:\/\/infos-droitshumains.net\/?p=18645","og_locale":"fr_FR","og_type":"article","og_title":"Kinshasa: le Parquet de Grande Instance de N\u2019djili cl\u00f4ture le mois de mars \u00a0par une conf\u00e9rence-d\u00e9bat sur les enjeux juridiques contemporains - Infos Droits Humains","og_description":"R\u00e9daction: +243 817 406 088 Le Parquet pr\u00e8s le Tribunal de Grande Instance de Kinshasa\/N\u2019djili...","og_url":"https:\/\/infos-droitshumains.net\/?p=18645","og_site_name":"Infos Droits Humains","article_published_time":"2026-04-03T22:27:42+00:00","article_modified_time":"2026-04-04T11:56:04+00:00","og_image":[{"width":1280,"height":854,"url":"https:\/\/infos-droitshumains.net\/wp-content\/uploads\/2026\/04\/1001524693.jpg","type":"image\/jpeg"}],"author":"Jo\u00ebl Diawa","twitter_card":"summary_large_image","twitter_misc":{"\u00c9crit par":"Jo\u00ebl Diawa","Dur\u00e9e de lecture estim\u00e9e":"6 minutes"},"schema":{"@context":"https:\/\/schema.org","@graph":[{"@type":"Article","@id":"https:\/\/infos-droitshumains.net\/?p=18645#article","isPartOf":{"@id":"https:\/\/infos-droitshumains.net\/?p=18645"},"author":{"name":"Jo\u00ebl Diawa","@id":"https:\/\/infos-droitshumains.net\/#\/schema\/person\/3dc5e921c3302172e0ed4362f96faab7"},"headline":"Kinshasa: le Parquet de Grande Instance de N\u2019djili cl\u00f4ture le mois de mars \u00a0par une conf\u00e9rence-d\u00e9bat sur les enjeux juridiques contemporains","datePublished":"2026-04-03T22:27:42+00:00","dateModified":"2026-04-04T11:56:04+00:00","mainEntityOfPage":{"@id":"https:\/\/infos-droitshumains.net\/?p=18645"},"wordCount":749,"commentCount":1,"publisher":{"@id":"https:\/\/infos-droitshumains.net\/#organization"},"image":{"@id":"https:\/\/infos-droitshumains.net\/?p=18645#primaryimage"},"thumbnailUrl":"https:\/\/i0.wp.com\/infos-droitshumains.net\/wp-content\/uploads\/2026\/04\/1001524693.jpg?fit=1280%2C854&ssl=1","articleSection":["Justice"],"inLanguage":"fr-FR","potentialAction":[{"@type":"CommentAction","name":"Comment","target":["https:\/\/infos-droitshumains.net\/?p=18645#respond"]}]},{"@type":"WebPage","@id":"https:\/\/infos-droitshumains.net\/?p=18645","url":"https:\/\/infos-droitshumains.net\/?p=18645","name":"Kinshasa: le Parquet de Grande Instance de N\u2019djili cl\u00f4ture le mois de mars \u00a0par une conf\u00e9rence-d\u00e9bat sur les enjeux juridiques contemporains - Infos Droits Humains","isPartOf":{"@id":"https:\/\/infos-droitshumains.net\/#website"},"primaryImageOfPage":{"@id":"https:\/\/infos-droitshumains.net\/?p=18645#primaryimage"},"image":{"@id":"https:\/\/infos-droitshumains.net\/?p=18645#primaryimage"},"thumbnailUrl":"https:\/\/i0.wp.com\/infos-droitshumains.net\/wp-content\/uploads\/2026\/04\/1001524693.jpg?fit=1280%2C854&ssl=1","datePublished":"2026-04-03T22:27:42+00:00","dateModified":"2026-04-04T11:56:04+00:00","breadcrumb":{"@id":"https:\/\/infos-droitshumains.net\/?p=18645#breadcrumb"},"inLanguage":"fr-FR","potentialAction":[{"@type":"ReadAction","target":["https:\/\/infos-droitshumains.net\/?p=18645"]}]},{"@type":"ImageObject","inLanguage":"fr-FR","@id":"https:\/\/infos-droitshumains.net\/?p=18645#primaryimage","url":"https:\/\/i0.wp.com\/infos-droitshumains.net\/wp-content\/uploads\/2026\/04\/1001524693.jpg?fit=1280%2C854&ssl=1","contentUrl":"https:\/\/i0.wp.com\/infos-droitshumains.net\/wp-content\/uploads\/2026\/04\/1001524693.jpg?fit=1280%2C854&ssl=1","width":1280,"height":854},{"@type":"BreadcrumbList","@id":"https:\/\/infos-droitshumains.net\/?p=18645#breadcrumb","itemListElement":[{"@type":"ListItem","position":1,"name":"Accueil","item":"https:\/\/infos-droitshumains.net\/"},{"@type":"ListItem","position":2,"name":"Kinshasa: le Parquet de Grande Instance de N\u2019djili cl\u00f4ture le mois de mars \u00a0par une conf\u00e9rence-d\u00e9bat sur les enjeux juridiques contemporains"}]},{"@type":"WebSite","@id":"https:\/\/infos-droitshumains.net\/#website","url":"https:\/\/infos-droitshumains.net\/","name":"Infos Droits Humains","description":"S&#039;informer est un droit","publisher":{"@id":"https:\/\/infos-droitshumains.net\/#organization"},"potentialAction":[{"@type":"SearchAction","target":{"@type":"EntryPoint","urlTemplate":"https:\/\/infos-droitshumains.net\/?s={search_term_string}"},"query-input":{"@type":"PropertyValueSpecification","valueRequired":true,"valueName":"search_term_string"}}],"inLanguage":"fr-FR"},{"@type":"Organization","@id":"https:\/\/infos-droitshumains.net\/#organization","name":"Infos Droits Humains","url":"https:\/\/infos-droitshumains.net\/","logo":{"@type":"ImageObject","inLanguage":"fr-FR","@id":"https:\/\/infos-droitshumains.net\/#\/schema\/logo\/image\/","url":"https:\/\/i0.wp.com\/infos-droitshumains.net\/wp-content\/uploads\/2022\/05\/Logo.png?fit=333%2C129&ssl=1","contentUrl":"https:\/\/i0.wp.com\/infos-droitshumains.net\/wp-content\/uploads\/2022\/05\/Logo.png?fit=333%2C129&ssl=1","width":333,"height":129,"caption":"Infos Droits Humains"},"image":{"@id":"https:\/\/infos-droitshumains.net\/#\/schema\/logo\/image\/"}},{"@type":"Person","@id":"https:\/\/infos-droitshumains.net\/#\/schema\/person\/3dc5e921c3302172e0ed4362f96faab7","name":"Jo\u00ebl Diawa","image":{"@type":"ImageObject","inLanguage":"fr-FR","@id":"https:\/\/secure.gravatar.com\/avatar\/729bea6ff4604c624417803c477363be8e3c7186deaa65713313f9b4b820f41c?s=96&d=mm&r=g","url":"https:\/\/secure.gravatar.com\/avatar\/729bea6ff4604c624417803c477363be8e3c7186deaa65713313f9b4b820f41c?s=96&d=mm&r=g","contentUrl":"https:\/\/secure.gravatar.com\/avatar\/729bea6ff4604c624417803c477363be8e3c7186deaa65713313f9b4b820f41c?s=96&d=mm&r=g","caption":"Jo\u00ebl Diawa"},"sameAs":["https:\/\/www.infos-droitshumains.net"],"url":"https:\/\/infos-droitshumains.net\/?author=2"}]}},"featured_image_urls":{"full":["https:\/\/i0.wp.com\/infos-droitshumains.net\/wp-content\/uploads\/2026\/04\/1001524693.jpg?fit=1280%2C854&ssl=1",1280,854,false],"thumbnail":["https:\/\/i0.wp.com\/infos-droitshumains.net\/wp-content\/uploads\/2026\/04\/1001524693.jpg?resize=150%2C150&ssl=1",150,150,true],"medium":["https:\/\/i0.wp.com\/infos-droitshumains.net\/wp-content\/uploads\/2026\/04\/1001524693.jpg?fit=300%2C200&ssl=1",300,200,true],"medium_large":["https:\/\/i0.wp.com\/infos-droitshumains.net\/wp-content\/uploads\/2026\/04\/1001524693.jpg?fit=640%2C427&ssl=1",640,427,true],"large":["https:\/\/i0.wp.com\/infos-droitshumains.net\/wp-content\/uploads\/2026\/04\/1001524693.jpg?fit=640%2C427&ssl=1",640,427,true],"1536x1536":["https:\/\/i0.wp.com\/infos-droitshumains.net\/wp-content\/uploads\/2026\/04\/1001524693.jpg?fit=1280%2C854&ssl=1",1280,854,true],"2048x2048":["https:\/\/i0.wp.com\/infos-droitshumains.net\/wp-content\/uploads\/2026\/04\/1001524693.jpg?fit=1280%2C854&ssl=1",1280,854,true],"covernews-slider-full":["https:\/\/i0.wp.com\/infos-droitshumains.net\/wp-content\/uploads\/2026\/04\/1001524693.jpg?resize=1115%2C715&ssl=1",1115,715,true],"covernews-slider-center":["https:\/\/i0.wp.com\/infos-droitshumains.net\/wp-content\/uploads\/2026\/04\/1001524693.jpg?resize=800%2C500&ssl=1",800,500,true],"covernews-featured":["https:\/\/i0.wp.com\/infos-droitshumains.net\/wp-content\/uploads\/2026\/04\/1001524693.jpg?fit=1024%2C683&ssl=1",1024,683,true],"covernews-medium":["https:\/\/i0.wp.com\/infos-droitshumains.net\/wp-content\/uploads\/2026\/04\/1001524693.jpg?resize=540%2C340&ssl=1",540,340,true],"covernews-medium-square":["https:\/\/i0.wp.com\/infos-droitshumains.net\/wp-content\/uploads\/2026\/04\/1001524693.jpg?resize=400%2C250&ssl=1",400,250,true]},"author_info":{"display_name":"Jo\u00ebl Diawa","author_link":"https:\/\/infos-droitshumains.net\/?author=2"},"category_info":"<a href=\"https:\/\/infos-droitshumains.net\/?cat=6\" rel=\"category\">Justice<\/a>","tag_info":"Justice","comment_count":"1","jetpack_featured_media_url":"https:\/\/i0.wp.com\/infos-droitshumains.net\/wp-content\/uploads\/2026\/04\/1001524693.jpg?fit=1280%2C854&ssl=1","jetpack-related-posts":[],"jetpack_sharing_enabled":true,"_links":{"self":[{"href":"https:\/\/infos-droitshumains.net\/index.php?rest_route=\/wp\/v2\/posts\/18645","targetHints":{"allow":["GET"]}}],"collection":[{"href":"https:\/\/infos-droitshumains.net\/index.php?rest_route=\/wp\/v2\/posts"}],"about":[{"href":"https:\/\/infos-droitshumains.net\/index.php?rest_route=\/wp\/v2\/types\/post"}],"author":[{"embeddable":true,"href":"https:\/\/infos-droitshumains.net\/index.php?rest_route=\/wp\/v2\/users\/2"}],"replies":[{"embeddable":true,"href":"https:\/\/infos-droitshumains.net\/index.php?rest_route=%2Fwp%2Fv2%2Fcomments&post=18645"}],"version-history":[{"count":9,"href":"https:\/\/infos-droitshumains.net\/index.php?rest_route=\/wp\/v2\/posts\/18645\/revisions"}],"predecessor-version":[{"id":18676,"href":"https:\/\/infos-droitshumains.net\/index.php?rest_route=\/wp\/v2\/posts\/18645\/revisions\/18676"}],"wp:featuredmedia":[{"embeddable":true,"href":"https:\/\/infos-droitshumains.net\/index.php?rest_route=\/wp\/v2\/media\/18673"}],"wp:attachment":[{"href":"https:\/\/infos-droitshumains.net\/index.php?rest_route=%2Fwp%2Fv2%2Fmedia&parent=18645"}],"wp:term":[{"taxonomy":"category","embeddable":true,"href":"https:\/\/infos-droitshumains.net\/index.php?rest_route=%2Fwp%2Fv2%2Fcategories&post=18645"},{"taxonomy":"post_tag","embeddable":true,"href":"https:\/\/infos-droitshumains.net\/index.php?rest_route=%2Fwp%2Fv2%2Ftags&post=18645"}],"curies":[{"name":"wp","href":"https:\/\/api.w.org\/{rel}","templated":true}]}}