{"id":18618,"date":"2026-04-01T02:14:29","date_gmt":"2026-04-01T00:14:29","guid":{"rendered":"https:\/\/infos-droitshumains.net\/?p=18618"},"modified":"2026-04-01T02:18:59","modified_gmt":"2026-04-01T00:18:59","slug":"cour-dappel-de-kinshasa-gombe-un-hommage-inedit-de-la-premiere-presidente-esperance-dia-akir-akir-aux-greffieres-pour-cloturer-le-mois-de-la-femme","status":"publish","type":"post","link":"https:\/\/infos-droitshumains.net\/?p=18618","title":{"rendered":"Cour d\u2019Appel de Kinshasa\/Gombe : un hommage in\u00e9dit de la Premi\u00e8re Pr\u00e9sidente Esp\u00e9rance Dia Akir Akir aux greffi\u00e8res pour cl\u00f4turer le mois de la femme"},"content":{"rendered":"\n<p><strong>R\u00e9daction: +243 817 406 088<\/strong><\/p>\n\n\n\n<h3 class=\"wp-block-heading has-vivid-red-color has-text-color has-link-color wp-elements-a24765cbabd0936b46510dc9bc4bc1cd\">La cl\u00f4ture du mois d\u00e9di\u00e9 \u00e0 la d\u00e9fense et \u00e0 la promotion des droits des femmes a pris une dimension particuli\u00e8re \u00e0 la Cour d\u2019Appel de Kinshasa\/Gombe. \u00c0 l\u2019initiative de sa Premi\u00e8re Pr\u00e9sidente, Esp\u00e9rance Dia Akir Akir, une journ\u00e9e d\u2019\u00e9change a \u00e9t\u00e9 organis\u00e9e ce mardi 31 mars, en l\u2019honneur des greffi\u00e8res, ces actrices souvent discr\u00e8tes mais essentielles au bon fonctionnement de la justice.<\/h3>\n\n\n\n<p>Dans une ambiance conviviale et empreinte de reconnaissance, cette rencontre a permis de mettre en lumi\u00e8re le r\u00f4le crucial des services de greffe dans l\u2019appareil judiciaire. Magistrats, agents judiciaires et invit\u00e9es ont partag\u00e9 un moment de r\u00e9flexion et de valorisation autour du th\u00e8me de la contribution f\u00e9minine \u00e0 l\u2019efficacit\u00e9 de la justice.<\/p>\n\n\n\n<p><br><em>\u00ab J\u2019ai choisi cette cat\u00e9gorie de femmes pour les encourager dans leur travail, qui est particuli\u00e8rement exigeant. Le greffe constitue la porte d\u2019entr\u00e9e et de sortie du palais de justice. On ne peut parler de r\u00e9forme ou de gu\u00e9rison de la justice sans accorder une attention particuli\u00e8re \u00e0 ces services essentiels \u00bb<\/em>, a indiqu\u00e9 Dia Akir Akir expliquant le fondement de son initiative :<\/p>\n\n\n\n<p>Elle a en outre insist\u00e9 sur les conditions parfois difficiles dans lesquelles \u00e9voluent les greffi\u00e8res, tout en saluant leur professionnalisme et leur r\u00e9silience. Pour elle, cette c\u00e9l\u00e9bration se veut \u00e0 la fois un geste de reconnaissance et un appel \u00e0 une meilleure consid\u00e9ration de ces professionnelles.<\/p>\n\n\n\n<p>La Premi\u00e8re Pr\u00e9sidente a \u00e9galement rendu un hommage appuy\u00e9 au Chef de l\u2019\u00c9tat, F\u00e9lix-Antoine Tshisekedi Tshilombo, qu\u2019elle a qualifi\u00e9 de <em>\u00ab champion de la masculinit\u00e9 positive<\/em> \u00bb. Elle a, \u00e0 cet effet, soulign\u00e9 les avanc\u00e9es notables enregistr\u00e9es sous son leadership, notamment l\u2019accession des femmes \u00e0 des postes de haute responsabilit\u00e9 au sein du pouvoir judiciaire, y compris sa propre nomination en tant que premi\u00e8re femme \u00e0 occuper ce poste \u00e0 la Cour d\u2019Appel.<\/p>\n\n\n\n<p>De leur c\u00f4t\u00e9, les b\u00e9n\u00e9ficiaires de cette initiative n\u2019ont pas cach\u00e9 leur \u00e9motion. Elys\u00e9e Menakuntu, greffi\u00e8re principale a.i., a exprim\u00e9 sa profonde gratitude :<br><br><\/p>\n\n\n\n<p><em>\u00ab C\u2019est gr\u00e2ce \u00e0 elle que nous sommes r\u00e9unies aujourd\u2019hui. Tout a \u00e9t\u00e9 pris en charge par la Premi\u00e8re Pr\u00e9sidente. Nous n\u2019avons rien d\u00e9pens\u00e9, m\u00eame nos tenues. Ce geste nous touche \u00e9norm\u00e9ment et nous encourage \u00e0 poursuivre notre travail avec encore plus de d\u00e9termination. \u00bb<\/em><\/p>\n\n\n\n<p>Au-del\u00e0 de l\u2019aspect festif, cette journ\u00e9e a \u00e9galement servi de cadre pour des \u00e9changes sur les d\u00e9fis structurels du greffe, notamment le manque de moyens, la surcharge de travail et la n\u00e9cessit\u00e9 de moderniser les outils administratifs.<\/p>\n\n\n\n<p>En cl\u00f4turant la rencontre, Madame Dia Akir Akir a adress\u00e9 un message fort \u00e0 l\u2019ensemble des greffiers et greffi\u00e8res :<br><br><\/p>\n\n\n\n<p><em>\u00ab Je vous remercie pour votre engagement et vous encourage \u00e0 pers\u00e9v\u00e9rer malgr\u00e9 les difficult\u00e9s. Votre travail est indispensable \u00e0 la cr\u00e9dibilit\u00e9 de notre justice. \u00bb<\/em><\/p>\n\n\n\n<p>Cette initiative marque ainsi une reconnaissance symbolique mais significative du r\u00f4le des femmes dans le syst\u00e8me judiciaire congolais. Elle rappelle que la promotion des droits des femmes passe aussi par la valorisation de leur travail au quotidien, notamment dans des fonctions souvent peu visibles mais essentielles \u00e0 l\u2019\u00e9quilibre institutionnel.<\/p>\n\n\n\n<p>Jo\u00ebl Diawa<\/p>\n","protected":false},"excerpt":{"rendered":"<p>R\u00e9daction: +243 817 406 088 La cl\u00f4ture du mois d\u00e9di\u00e9 \u00e0 la d\u00e9fense et \u00e0&#8230;<\/p>\n","protected":false},"author":2,"featured_media":18620,"comment_status":"open","ping_status":"open","sticky":false,"template":"","format":"standard","meta":{"_jetpack_memberships_contains_paid_content":false,"footnotes":""},"categories":[6],"tags":[],"class_list":["post-18618","post","type-post","status-publish","format-standard","has-post-thumbnail","hentry","category-justice"],"yoast_head":"<!-- This site is optimized with the Yoast SEO plugin v27.5 - https:\/\/yoast.com\/product\/yoast-seo-wordpress\/ -->\n<title>Cour d\u2019Appel de Kinshasa\/Gombe : un hommage in\u00e9dit de la Premi\u00e8re Pr\u00e9sidente Esp\u00e9rance Dia Akir Akir aux greffi\u00e8res pour cl\u00f4turer le mois de la femme - Infos Droits Humains<\/title>\n<meta name=\"robots\" content=\"index, follow, max-snippet:-1, max-image-preview:large, max-video-preview:-1\" \/>\n<link rel=\"canonical\" href=\"https:\/\/infos-droitshumains.net\/?p=18618\" \/>\n<meta property=\"og:locale\" content=\"fr_FR\" \/>\n<meta property=\"og:type\" content=\"article\" \/>\n<meta property=\"og:title\" content=\"Cour d\u2019Appel de Kinshasa\/Gombe : un hommage in\u00e9dit de la Premi\u00e8re Pr\u00e9sidente Esp\u00e9rance Dia Akir Akir aux greffi\u00e8res pour cl\u00f4turer le mois de la femme - Infos Droits Humains\" \/>\n<meta property=\"og:description\" content=\"R\u00e9daction: +243 817 406 088 La cl\u00f4ture du mois d\u00e9di\u00e9 \u00e0 la d\u00e9fense et \u00e0...\" \/>\n<meta property=\"og:url\" content=\"https:\/\/infos-droitshumains.net\/?p=18618\" \/>\n<meta property=\"og:site_name\" content=\"Infos Droits Humains\" \/>\n<meta property=\"article:published_time\" content=\"2026-04-01T00:14:29+00:00\" \/>\n<meta property=\"article:modified_time\" content=\"2026-04-01T00:18:59+00:00\" \/>\n<meta property=\"og:image\" content=\"https:\/\/infos-droitshumains.net\/wp-content\/uploads\/2026\/04\/20260331_185612-scaled.jpg\" \/>\n\t<meta property=\"og:image:width\" content=\"2560\" \/>\n\t<meta property=\"og:image:height\" content=\"1441\" \/>\n\t<meta property=\"og:image:type\" content=\"image\/jpeg\" \/>\n<meta name=\"author\" content=\"Jo\u00ebl Diawa\" \/>\n<meta name=\"twitter:card\" content=\"summary_large_image\" \/>\n<meta name=\"twitter:label1\" content=\"\u00c9crit par\" \/>\n\t<meta name=\"twitter:data1\" content=\"Jo\u00ebl Diawa\" \/>\n\t<meta name=\"twitter:label2\" content=\"Dur\u00e9e de lecture estim\u00e9e\" \/>\n\t<meta name=\"twitter:data2\" content=\"3 minutes\" \/>\n<script type=\"application\/ld+json\" class=\"yoast-schema-graph\">{\"@context\":\"https:\\\/\\\/schema.org\",\"@graph\":[{\"@type\":\"Article\",\"@id\":\"https:\\\/\\\/infos-droitshumains.net\\\/?p=18618#article\",\"isPartOf\":{\"@id\":\"https:\\\/\\\/infos-droitshumains.net\\\/?p=18618\"},\"author\":{\"name\":\"Jo\u00ebl Diawa\",\"@id\":\"https:\\\/\\\/infos-droitshumains.net\\\/#\\\/schema\\\/person\\\/3dc5e921c3302172e0ed4362f96faab7\"},\"headline\":\"Cour d\u2019Appel de Kinshasa\\\/Gombe : un hommage in\u00e9dit de la Premi\u00e8re Pr\u00e9sidente Esp\u00e9rance Dia Akir Akir aux greffi\u00e8res pour cl\u00f4turer le mois de la femme\",\"datePublished\":\"2026-04-01T00:14:29+00:00\",\"dateModified\":\"2026-04-01T00:18:59+00:00\",\"mainEntityOfPage\":{\"@id\":\"https:\\\/\\\/infos-droitshumains.net\\\/?p=18618\"},\"wordCount\":585,\"commentCount\":0,\"publisher\":{\"@id\":\"https:\\\/\\\/infos-droitshumains.net\\\/#organization\"},\"image\":{\"@id\":\"https:\\\/\\\/infos-droitshumains.net\\\/?p=18618#primaryimage\"},\"thumbnailUrl\":\"https:\\\/\\\/i0.wp.com\\\/infos-droitshumains.net\\\/wp-content\\\/uploads\\\/2026\\\/04\\\/20260331_185612-scaled.jpg?fit=2560%2C1441&ssl=1\",\"articleSection\":[\"Justice\"],\"inLanguage\":\"fr-FR\",\"potentialAction\":[{\"@type\":\"CommentAction\",\"name\":\"Comment\",\"target\":[\"https:\\\/\\\/infos-droitshumains.net\\\/?p=18618#respond\"]}]},{\"@type\":\"WebPage\",\"@id\":\"https:\\\/\\\/infos-droitshumains.net\\\/?p=18618\",\"url\":\"https:\\\/\\\/infos-droitshumains.net\\\/?p=18618\",\"name\":\"Cour d\u2019Appel de Kinshasa\\\/Gombe : un hommage in\u00e9dit de la Premi\u00e8re Pr\u00e9sidente Esp\u00e9rance Dia Akir Akir aux greffi\u00e8res pour cl\u00f4turer le mois de la femme - Infos Droits Humains\",\"isPartOf\":{\"@id\":\"https:\\\/\\\/infos-droitshumains.net\\\/#website\"},\"primaryImageOfPage\":{\"@id\":\"https:\\\/\\\/infos-droitshumains.net\\\/?p=18618#primaryimage\"},\"image\":{\"@id\":\"https:\\\/\\\/infos-droitshumains.net\\\/?p=18618#primaryimage\"},\"thumbnailUrl\":\"https:\\\/\\\/i0.wp.com\\\/infos-droitshumains.net\\\/wp-content\\\/uploads\\\/2026\\\/04\\\/20260331_185612-scaled.jpg?fit=2560%2C1441&ssl=1\",\"datePublished\":\"2026-04-01T00:14:29+00:00\",\"dateModified\":\"2026-04-01T00:18:59+00:00\",\"breadcrumb\":{\"@id\":\"https:\\\/\\\/infos-droitshumains.net\\\/?p=18618#breadcrumb\"},\"inLanguage\":\"fr-FR\",\"potentialAction\":[{\"@type\":\"ReadAction\",\"target\":[\"https:\\\/\\\/infos-droitshumains.net\\\/?p=18618\"]}]},{\"@type\":\"ImageObject\",\"inLanguage\":\"fr-FR\",\"@id\":\"https:\\\/\\\/infos-droitshumains.net\\\/?p=18618#primaryimage\",\"url\":\"https:\\\/\\\/i0.wp.com\\\/infos-droitshumains.net\\\/wp-content\\\/uploads\\\/2026\\\/04\\\/20260331_185612-scaled.jpg?fit=2560%2C1441&ssl=1\",\"contentUrl\":\"https:\\\/\\\/i0.wp.com\\\/infos-droitshumains.net\\\/wp-content\\\/uploads\\\/2026\\\/04\\\/20260331_185612-scaled.jpg?fit=2560%2C1441&ssl=1\",\"width\":2560,\"height\":1441},{\"@type\":\"BreadcrumbList\",\"@id\":\"https:\\\/\\\/infos-droitshumains.net\\\/?p=18618#breadcrumb\",\"itemListElement\":[{\"@type\":\"ListItem\",\"position\":1,\"name\":\"Accueil\",\"item\":\"https:\\\/\\\/infos-droitshumains.net\\\/\"},{\"@type\":\"ListItem\",\"position\":2,\"name\":\"Cour d\u2019Appel de Kinshasa\\\/Gombe : un hommage in\u00e9dit de la Premi\u00e8re Pr\u00e9sidente Esp\u00e9rance Dia Akir Akir aux greffi\u00e8res pour cl\u00f4turer le mois de la femme\"}]},{\"@type\":\"WebSite\",\"@id\":\"https:\\\/\\\/infos-droitshumains.net\\\/#website\",\"url\":\"https:\\\/\\\/infos-droitshumains.net\\\/\",\"name\":\"Infos Droits Humains\",\"description\":\"S&#039;informer est un droit\",\"publisher\":{\"@id\":\"https:\\\/\\\/infos-droitshumains.net\\\/#organization\"},\"potentialAction\":[{\"@type\":\"SearchAction\",\"target\":{\"@type\":\"EntryPoint\",\"urlTemplate\":\"https:\\\/\\\/infos-droitshumains.net\\\/?s={search_term_string}\"},\"query-input\":{\"@type\":\"PropertyValueSpecification\",\"valueRequired\":true,\"valueName\":\"search_term_string\"}}],\"inLanguage\":\"fr-FR\"},{\"@type\":\"Organization\",\"@id\":\"https:\\\/\\\/infos-droitshumains.net\\\/#organization\",\"name\":\"Infos Droits Humains\",\"url\":\"https:\\\/\\\/infos-droitshumains.net\\\/\",\"logo\":{\"@type\":\"ImageObject\",\"inLanguage\":\"fr-FR\",\"@id\":\"https:\\\/\\\/infos-droitshumains.net\\\/#\\\/schema\\\/logo\\\/image\\\/\",\"url\":\"https:\\\/\\\/i0.wp.com\\\/infos-droitshumains.net\\\/wp-content\\\/uploads\\\/2022\\\/05\\\/Logo.png?fit=333%2C129&ssl=1\",\"contentUrl\":\"https:\\\/\\\/i0.wp.com\\\/infos-droitshumains.net\\\/wp-content\\\/uploads\\\/2022\\\/05\\\/Logo.png?fit=333%2C129&ssl=1\",\"width\":333,\"height\":129,\"caption\":\"Infos Droits Humains\"},\"image\":{\"@id\":\"https:\\\/\\\/infos-droitshumains.net\\\/#\\\/schema\\\/logo\\\/image\\\/\"}},{\"@type\":\"Person\",\"@id\":\"https:\\\/\\\/infos-droitshumains.net\\\/#\\\/schema\\\/person\\\/3dc5e921c3302172e0ed4362f96faab7\",\"name\":\"Jo\u00ebl Diawa\",\"image\":{\"@type\":\"ImageObject\",\"inLanguage\":\"fr-FR\",\"@id\":\"https:\\\/\\\/secure.gravatar.com\\\/avatar\\\/729bea6ff4604c624417803c477363be8e3c7186deaa65713313f9b4b820f41c?s=96&d=mm&r=g\",\"url\":\"https:\\\/\\\/secure.gravatar.com\\\/avatar\\\/729bea6ff4604c624417803c477363be8e3c7186deaa65713313f9b4b820f41c?s=96&d=mm&r=g\",\"contentUrl\":\"https:\\\/\\\/secure.gravatar.com\\\/avatar\\\/729bea6ff4604c624417803c477363be8e3c7186deaa65713313f9b4b820f41c?s=96&d=mm&r=g\",\"caption\":\"Jo\u00ebl Diawa\"},\"sameAs\":[\"https:\\\/\\\/www.infos-droitshumains.net\"],\"url\":\"https:\\\/\\\/infos-droitshumains.net\\\/?author=2\"}]}<\/script>\n<!-- \/ Yoast SEO plugin. -->","yoast_head_json":{"title":"Cour d\u2019Appel de Kinshasa\/Gombe : un hommage in\u00e9dit de la Premi\u00e8re Pr\u00e9sidente Esp\u00e9rance Dia Akir Akir aux greffi\u00e8res pour cl\u00f4turer le mois de la femme - Infos Droits Humains","robots":{"index":"index","follow":"follow","max-snippet":"max-snippet:-1","max-image-preview":"max-image-preview:large","max-video-preview":"max-video-preview:-1"},"canonical":"https:\/\/infos-droitshumains.net\/?p=18618","og_locale":"fr_FR","og_type":"article","og_title":"Cour d\u2019Appel de Kinshasa\/Gombe : un hommage in\u00e9dit de la Premi\u00e8re Pr\u00e9sidente Esp\u00e9rance Dia Akir Akir aux greffi\u00e8res pour cl\u00f4turer le mois de la femme - Infos Droits Humains","og_description":"R\u00e9daction: +243 817 406 088 La cl\u00f4ture du mois d\u00e9di\u00e9 \u00e0 la d\u00e9fense et \u00e0...","og_url":"https:\/\/infos-droitshumains.net\/?p=18618","og_site_name":"Infos Droits Humains","article_published_time":"2026-04-01T00:14:29+00:00","article_modified_time":"2026-04-01T00:18:59+00:00","og_image":[{"width":2560,"height":1441,"url":"https:\/\/infos-droitshumains.net\/wp-content\/uploads\/2026\/04\/20260331_185612-scaled.jpg","type":"image\/jpeg"}],"author":"Jo\u00ebl Diawa","twitter_card":"summary_large_image","twitter_misc":{"\u00c9crit par":"Jo\u00ebl Diawa","Dur\u00e9e de lecture estim\u00e9e":"3 minutes"},"schema":{"@context":"https:\/\/schema.org","@graph":[{"@type":"Article","@id":"https:\/\/infos-droitshumains.net\/?p=18618#article","isPartOf":{"@id":"https:\/\/infos-droitshumains.net\/?p=18618"},"author":{"name":"Jo\u00ebl Diawa","@id":"https:\/\/infos-droitshumains.net\/#\/schema\/person\/3dc5e921c3302172e0ed4362f96faab7"},"headline":"Cour d\u2019Appel de Kinshasa\/Gombe : un hommage in\u00e9dit de la Premi\u00e8re Pr\u00e9sidente Esp\u00e9rance Dia Akir Akir aux greffi\u00e8res pour cl\u00f4turer le mois de la femme","datePublished":"2026-04-01T00:14:29+00:00","dateModified":"2026-04-01T00:18:59+00:00","mainEntityOfPage":{"@id":"https:\/\/infos-droitshumains.net\/?p=18618"},"wordCount":585,"commentCount":0,"publisher":{"@id":"https:\/\/infos-droitshumains.net\/#organization"},"image":{"@id":"https:\/\/infos-droitshumains.net\/?p=18618#primaryimage"},"thumbnailUrl":"https:\/\/i0.wp.com\/infos-droitshumains.net\/wp-content\/uploads\/2026\/04\/20260331_185612-scaled.jpg?fit=2560%2C1441&ssl=1","articleSection":["Justice"],"inLanguage":"fr-FR","potentialAction":[{"@type":"CommentAction","name":"Comment","target":["https:\/\/infos-droitshumains.net\/?p=18618#respond"]}]},{"@type":"WebPage","@id":"https:\/\/infos-droitshumains.net\/?p=18618","url":"https:\/\/infos-droitshumains.net\/?p=18618","name":"Cour d\u2019Appel de Kinshasa\/Gombe : un hommage in\u00e9dit de la Premi\u00e8re Pr\u00e9sidente Esp\u00e9rance Dia Akir Akir aux greffi\u00e8res pour cl\u00f4turer le mois de la femme - Infos Droits Humains","isPartOf":{"@id":"https:\/\/infos-droitshumains.net\/#website"},"primaryImageOfPage":{"@id":"https:\/\/infos-droitshumains.net\/?p=18618#primaryimage"},"image":{"@id":"https:\/\/infos-droitshumains.net\/?p=18618#primaryimage"},"thumbnailUrl":"https:\/\/i0.wp.com\/infos-droitshumains.net\/wp-content\/uploads\/2026\/04\/20260331_185612-scaled.jpg?fit=2560%2C1441&ssl=1","datePublished":"2026-04-01T00:14:29+00:00","dateModified":"2026-04-01T00:18:59+00:00","breadcrumb":{"@id":"https:\/\/infos-droitshumains.net\/?p=18618#breadcrumb"},"inLanguage":"fr-FR","potentialAction":[{"@type":"ReadAction","target":["https:\/\/infos-droitshumains.net\/?p=18618"]}]},{"@type":"ImageObject","inLanguage":"fr-FR","@id":"https:\/\/infos-droitshumains.net\/?p=18618#primaryimage","url":"https:\/\/i0.wp.com\/infos-droitshumains.net\/wp-content\/uploads\/2026\/04\/20260331_185612-scaled.jpg?fit=2560%2C1441&ssl=1","contentUrl":"https:\/\/i0.wp.com\/infos-droitshumains.net\/wp-content\/uploads\/2026\/04\/20260331_185612-scaled.jpg?fit=2560%2C1441&ssl=1","width":2560,"height":1441},{"@type":"BreadcrumbList","@id":"https:\/\/infos-droitshumains.net\/?p=18618#breadcrumb","itemListElement":[{"@type":"ListItem","position":1,"name":"Accueil","item":"https:\/\/infos-droitshumains.net\/"},{"@type":"ListItem","position":2,"name":"Cour d\u2019Appel de Kinshasa\/Gombe : un hommage in\u00e9dit de la Premi\u00e8re Pr\u00e9sidente Esp\u00e9rance Dia Akir Akir aux greffi\u00e8res pour cl\u00f4turer le mois de la femme"}]},{"@type":"WebSite","@id":"https:\/\/infos-droitshumains.net\/#website","url":"https:\/\/infos-droitshumains.net\/","name":"Infos Droits Humains","description":"S&#039;informer est un droit","publisher":{"@id":"https:\/\/infos-droitshumains.net\/#organization"},"potentialAction":[{"@type":"SearchAction","target":{"@type":"EntryPoint","urlTemplate":"https:\/\/infos-droitshumains.net\/?s={search_term_string}"},"query-input":{"@type":"PropertyValueSpecification","valueRequired":true,"valueName":"search_term_string"}}],"inLanguage":"fr-FR"},{"@type":"Organization","@id":"https:\/\/infos-droitshumains.net\/#organization","name":"Infos Droits Humains","url":"https:\/\/infos-droitshumains.net\/","logo":{"@type":"ImageObject","inLanguage":"fr-FR","@id":"https:\/\/infos-droitshumains.net\/#\/schema\/logo\/image\/","url":"https:\/\/i0.wp.com\/infos-droitshumains.net\/wp-content\/uploads\/2022\/05\/Logo.png?fit=333%2C129&ssl=1","contentUrl":"https:\/\/i0.wp.com\/infos-droitshumains.net\/wp-content\/uploads\/2022\/05\/Logo.png?fit=333%2C129&ssl=1","width":333,"height":129,"caption":"Infos Droits Humains"},"image":{"@id":"https:\/\/infos-droitshumains.net\/#\/schema\/logo\/image\/"}},{"@type":"Person","@id":"https:\/\/infos-droitshumains.net\/#\/schema\/person\/3dc5e921c3302172e0ed4362f96faab7","name":"Jo\u00ebl Diawa","image":{"@type":"ImageObject","inLanguage":"fr-FR","@id":"https:\/\/secure.gravatar.com\/avatar\/729bea6ff4604c624417803c477363be8e3c7186deaa65713313f9b4b820f41c?s=96&d=mm&r=g","url":"https:\/\/secure.gravatar.com\/avatar\/729bea6ff4604c624417803c477363be8e3c7186deaa65713313f9b4b820f41c?s=96&d=mm&r=g","contentUrl":"https:\/\/secure.gravatar.com\/avatar\/729bea6ff4604c624417803c477363be8e3c7186deaa65713313f9b4b820f41c?s=96&d=mm&r=g","caption":"Jo\u00ebl Diawa"},"sameAs":["https:\/\/www.infos-droitshumains.net"],"url":"https:\/\/infos-droitshumains.net\/?author=2"}]}},"featured_image_urls":{"full":["https:\/\/i0.wp.com\/infos-droitshumains.net\/wp-content\/uploads\/2026\/04\/20260331_185612-scaled.jpg?fit=2560%2C1441&ssl=1",2560,1441,false],"thumbnail":["https:\/\/i0.wp.com\/infos-droitshumains.net\/wp-content\/uploads\/2026\/04\/20260331_185612-scaled.jpg?resize=150%2C150&ssl=1",150,150,true],"medium":["https:\/\/i0.wp.com\/infos-droitshumains.net\/wp-content\/uploads\/2026\/04\/20260331_185612-scaled.jpg?fit=300%2C169&ssl=1",300,169,true],"medium_large":["https:\/\/i0.wp.com\/infos-droitshumains.net\/wp-content\/uploads\/2026\/04\/20260331_185612-scaled.jpg?fit=640%2C360&ssl=1",640,360,true],"large":["https:\/\/i0.wp.com\/infos-droitshumains.net\/wp-content\/uploads\/2026\/04\/20260331_185612-scaled.jpg?fit=640%2C360&ssl=1",640,360,true],"1536x1536":["https:\/\/i0.wp.com\/infos-droitshumains.net\/wp-content\/uploads\/2026\/04\/20260331_185612-scaled.jpg?fit=1536%2C864&ssl=1",1536,864,true],"2048x2048":["https:\/\/i0.wp.com\/infos-droitshumains.net\/wp-content\/uploads\/2026\/04\/20260331_185612-scaled.jpg?fit=2048%2C1153&ssl=1",2048,1153,true],"covernews-slider-full":["https:\/\/i0.wp.com\/infos-droitshumains.net\/wp-content\/uploads\/2026\/04\/20260331_185612-scaled.jpg?resize=1115%2C715&ssl=1",1115,715,true],"covernews-slider-center":["https:\/\/i0.wp.com\/infos-droitshumains.net\/wp-content\/uploads\/2026\/04\/20260331_185612-scaled.jpg?resize=800%2C500&ssl=1",800,500,true],"covernews-featured":["https:\/\/i0.wp.com\/infos-droitshumains.net\/wp-content\/uploads\/2026\/04\/20260331_185612-scaled.jpg?fit=1024%2C576&ssl=1",1024,576,true],"covernews-medium":["https:\/\/i0.wp.com\/infos-droitshumains.net\/wp-content\/uploads\/2026\/04\/20260331_185612-scaled.jpg?resize=540%2C340&ssl=1",540,340,true],"covernews-medium-square":["https:\/\/i0.wp.com\/infos-droitshumains.net\/wp-content\/uploads\/2026\/04\/20260331_185612-scaled.jpg?resize=400%2C250&ssl=1",400,250,true]},"author_info":{"display_name":"Jo\u00ebl Diawa","author_link":"https:\/\/infos-droitshumains.net\/?author=2"},"category_info":"<a href=\"https:\/\/infos-droitshumains.net\/?cat=6\" rel=\"category\">Justice<\/a>","tag_info":"Justice","comment_count":"0","jetpack_featured_media_url":"https:\/\/i0.wp.com\/infos-droitshumains.net\/wp-content\/uploads\/2026\/04\/20260331_185612-scaled.jpg?fit=2560%2C1441&ssl=1","jetpack-related-posts":[],"jetpack_sharing_enabled":true,"_links":{"self":[{"href":"https:\/\/infos-droitshumains.net\/index.php?rest_route=\/wp\/v2\/posts\/18618","targetHints":{"allow":["GET"]}}],"collection":[{"href":"https:\/\/infos-droitshumains.net\/index.php?rest_route=\/wp\/v2\/posts"}],"about":[{"href":"https:\/\/infos-droitshumains.net\/index.php?rest_route=\/wp\/v2\/types\/post"}],"author":[{"embeddable":true,"href":"https:\/\/infos-droitshumains.net\/index.php?rest_route=\/wp\/v2\/users\/2"}],"replies":[{"embeddable":true,"href":"https:\/\/infos-droitshumains.net\/index.php?rest_route=%2Fwp%2Fv2%2Fcomments&post=18618"}],"version-history":[{"count":1,"href":"https:\/\/infos-droitshumains.net\/index.php?rest_route=\/wp\/v2\/posts\/18618\/revisions"}],"predecessor-version":[{"id":18619,"href":"https:\/\/infos-droitshumains.net\/index.php?rest_route=\/wp\/v2\/posts\/18618\/revisions\/18619"}],"wp:featuredmedia":[{"embeddable":true,"href":"https:\/\/infos-droitshumains.net\/index.php?rest_route=\/wp\/v2\/media\/18620"}],"wp:attachment":[{"href":"https:\/\/infos-droitshumains.net\/index.php?rest_route=%2Fwp%2Fv2%2Fmedia&parent=18618"}],"wp:term":[{"taxonomy":"category","embeddable":true,"href":"https:\/\/infos-droitshumains.net\/index.php?rest_route=%2Fwp%2Fv2%2Fcategories&post=18618"},{"taxonomy":"post_tag","embeddable":true,"href":"https:\/\/infos-droitshumains.net\/index.php?rest_route=%2Fwp%2Fv2%2Ftags&post=18618"}],"curies":[{"name":"wp","href":"https:\/\/api.w.org\/{rel}","templated":true}]}}