{"id":18580,"date":"2026-03-31T10:33:34","date_gmt":"2026-03-31T08:33:34","guid":{"rendered":"https:\/\/infos-droitshumains.net\/?p=18580"},"modified":"2026-03-31T11:30:54","modified_gmt":"2026-03-31T09:30:54","slug":"planification-familiale-a-kinshasa-decision-a-deux-ou-responsabilite-feminine","status":"publish","type":"post","link":"https:\/\/infos-droitshumains.net\/?p=18580","title":{"rendered":"Planification familiale \u00e0 Kinshasa : d\u00e9cision \u00e0 deux ou responsabilit\u00e9 f\u00e9minine ?"},"content":{"rendered":"\n<p><strong>R\u00e9daction: +243 817 406 088<\/strong><\/p>\n\n\n\n<h3 class=\"wp-block-heading has-vivid-red-color has-text-color has-link-color wp-elements-37c4f698fbd52f2d8453cd272c3e24e8\">La planification familiale \u00e0 Kinshasa a longtemps \u00e9t\u00e9 per\u00e7ue comme une affaire f\u00e9minine. Plusieurs facteurs expliquent cette conception : les barri\u00e8res culturelles issues des communaut\u00e9s, les normes sociales toxiques et le manque d\u2019informations adapt\u00e9es aux hommes sur la sant\u00e9 sexuelle et reproductive. Ainsi, les hommes sont rest\u00e9s faiblement impliqu\u00e9s dans les d\u00e9cisions li\u00e9es \u00e0 la reproduction, se cantonnant \u00e0 leur r\u00f4le de pourvoyeurs, tandis que les femmes assumaient seules la responsabilit\u00e9 et les soins sanitaires. Les tabous et perceptions n\u00e9gatives ont renforc\u00e9 cette situation.<\/h3>\n\n\n\n<p>Cette vision est en train d\u2019\u00e9voluer et le changement du paradigme est perceptible comme l\u2019explique Carlin Pindi, expert de la cellule technique mixte de la masculinit\u00e9 positive :<\/p>\n\n\n\n<p><em>\u00ab Au niveau de la strat\u00e9gie nationale de la masculinit\u00e9 positive, nous insistons sur une sant\u00e9 responsable o\u00f9 les d\u00e9cisions se prennent en couple pour le bien-\u00eatre de la famille. Nous recommandons une prise de d\u00e9cision conjointe bas\u00e9e sur le dialogue et le respect. Petit \u00e0 petit, les hommes commencent \u00e0 prendre conscience gr\u00e2ce aux actions de la masculinit\u00e9 positive. Nous voyons le changement : des hommes champions brisent les principes toxiques et font \u00e9voluer les normes culturelles positives en mati\u00e8re de sant\u00e9 reproductive, particuli\u00e8rement dans la planification familiale \u00bb<\/em>, explique-t-il.<\/p>\n\n\n\n<p>Il souligne que certains groupes d\u2019hommes s\u2019int\u00e9ressent d\u00e9sormais aux m\u00e9thodes contraceptives, m\u00eame si l\u2019engagement reste encore faible. Pour lui, c\u2019est un signe encourageant qui t\u00e9moigne de l\u2019impact de la sensibilisation.<\/p>\n\n\n\n<p>Les cons\u00e9quences de l\u2019absence masculine son entre autre,  la non-implication des hommes expose les femmes \u00e0 une surcharge mentale, \u00e0 un d\u00e9s\u00e9quilibre familial, \u00e0 des risques li\u00e9s \u00e0 la grossesse et \u00e0 des naissances non planifi\u00e9es. Selon Carlin Pindi, l\u2019homme doit devenir une cible prioritaire dans la promotion de la masculinit\u00e9 positive, car son implication est essentielle pour atteindre l\u2019ODD 3 (sant\u00e9 et bien-\u00eatre) et promouvoir l\u2019\u00e9galit\u00e9 des genres.<\/p>\n\n\n\n<p>Carlin Pindi pr\u00e9cise :<\/p>\n\n\n\n<p><em>\u00ab La strat\u00e9gie nationale propose de promouvoir une masculinit\u00e9 co-responsable o\u00f9 les hommes participent activement \u00e0 la sant\u00e9, \u00e0 l\u2019\u00e9ducation et au bien-\u00eatre de leurs familles. Ce travail passe par une sensibilisation \u00e0 quatre niveaux : individuel, familial, communautaire et institutionnel. Il s\u2019appuie sur la formation, la mobilisation et la valorisation des hommes engag\u00e9s dans la sant\u00e9 sexuelle et reproductive. \u00bb<\/em><\/p>\n\n\n\n<p>L\u2019expert Carlin Pindi, pr\u00e9cise le r\u00f4le des acteurs cl\u00e9s dans la r\u00e9ussite de cette transformation. Les ONG, les m\u00e9dias et l\u2019\u00c9tat doivent unir leurs efforts. Encourager les hommes qui n\u2019ont pas peur de l\u2019\u00e9galit\u00e9 et promouvoir l\u2019\u00e9ducation des gar\u00e7ons et des hommes \u00e0 l\u2019implication masculine sont des leviers indispensables pour un changement durable en mati\u00e8re de planification familiale.<\/p>\n\n\n\n<p>Chantal Kabasua <\/p>\n","protected":false},"excerpt":{"rendered":"<p>R\u00e9daction: +243 817 406 088 La planification familiale \u00e0 Kinshasa a longtemps \u00e9t\u00e9 per\u00e7ue comme&#8230;<\/p>\n","protected":false},"author":2,"featured_media":18586,"comment_status":"open","ping_status":"open","sticky":false,"template":"","format":"standard","meta":{"_jetpack_memberships_contains_paid_content":false,"footnotes":""},"categories":[7],"tags":[],"class_list":["post-18580","post","type-post","status-publish","format-standard","has-post-thumbnail","hentry","category-droits-humains"],"yoast_head":"<!-- This site is optimized with the Yoast SEO plugin v27.5 - https:\/\/yoast.com\/product\/yoast-seo-wordpress\/ -->\n<title>Planification familiale \u00e0 Kinshasa : d\u00e9cision \u00e0 deux ou responsabilit\u00e9 f\u00e9minine ? - Infos Droits Humains<\/title>\n<meta name=\"robots\" content=\"index, follow, max-snippet:-1, max-image-preview:large, max-video-preview:-1\" \/>\n<link rel=\"canonical\" href=\"https:\/\/infos-droitshumains.net\/?p=18580\" \/>\n<meta property=\"og:locale\" content=\"fr_FR\" \/>\n<meta property=\"og:type\" content=\"article\" \/>\n<meta property=\"og:title\" content=\"Planification familiale \u00e0 Kinshasa : d\u00e9cision \u00e0 deux ou responsabilit\u00e9 f\u00e9minine ? - Infos Droits Humains\" \/>\n<meta property=\"og:description\" content=\"R\u00e9daction: +243 817 406 088 La planification familiale \u00e0 Kinshasa a longtemps \u00e9t\u00e9 per\u00e7ue comme...\" \/>\n<meta property=\"og:url\" content=\"https:\/\/infos-droitshumains.net\/?p=18580\" \/>\n<meta property=\"og:site_name\" content=\"Infos Droits Humains\" \/>\n<meta property=\"article:published_time\" content=\"2026-03-31T08:33:34+00:00\" \/>\n<meta property=\"article:modified_time\" content=\"2026-03-31T09:30:54+00:00\" \/>\n<meta property=\"og:image\" content=\"https:\/\/infos-droitshumains.net\/wp-content\/uploads\/2026\/03\/IMG-20260331-WA0011.jpg\" \/>\n\t<meta property=\"og:image:width\" content=\"500\" \/>\n\t<meta property=\"og:image:height\" content=\"469\" \/>\n\t<meta property=\"og:image:type\" content=\"image\/jpeg\" \/>\n<meta name=\"author\" content=\"Jo\u00ebl Diawa\" \/>\n<meta name=\"twitter:card\" content=\"summary_large_image\" \/>\n<meta name=\"twitter:label1\" content=\"\u00c9crit par\" \/>\n\t<meta name=\"twitter:data1\" content=\"Jo\u00ebl Diawa\" \/>\n\t<meta name=\"twitter:label2\" content=\"Dur\u00e9e de lecture estim\u00e9e\" \/>\n\t<meta name=\"twitter:data2\" content=\"3 minutes\" \/>\n<script type=\"application\/ld+json\" class=\"yoast-schema-graph\">{\"@context\":\"https:\\\/\\\/schema.org\",\"@graph\":[{\"@type\":\"Article\",\"@id\":\"https:\\\/\\\/infos-droitshumains.net\\\/?p=18580#article\",\"isPartOf\":{\"@id\":\"https:\\\/\\\/infos-droitshumains.net\\\/?p=18580\"},\"author\":{\"name\":\"Jo\u00ebl Diawa\",\"@id\":\"https:\\\/\\\/infos-droitshumains.net\\\/#\\\/schema\\\/person\\\/3dc5e921c3302172e0ed4362f96faab7\"},\"headline\":\"Planification familiale \u00e0 Kinshasa : d\u00e9cision \u00e0 deux ou responsabilit\u00e9 f\u00e9minine ?\",\"datePublished\":\"2026-03-31T08:33:34+00:00\",\"dateModified\":\"2026-03-31T09:30:54+00:00\",\"mainEntityOfPage\":{\"@id\":\"https:\\\/\\\/infos-droitshumains.net\\\/?p=18580\"},\"wordCount\":476,\"commentCount\":0,\"publisher\":{\"@id\":\"https:\\\/\\\/infos-droitshumains.net\\\/#organization\"},\"image\":{\"@id\":\"https:\\\/\\\/infos-droitshumains.net\\\/?p=18580#primaryimage\"},\"thumbnailUrl\":\"https:\\\/\\\/i0.wp.com\\\/infos-droitshumains.net\\\/wp-content\\\/uploads\\\/2026\\\/03\\\/IMG-20260331-WA0011.jpg?fit=500%2C469&ssl=1\",\"articleSection\":[\"Droits Humains\"],\"inLanguage\":\"fr-FR\",\"potentialAction\":[{\"@type\":\"CommentAction\",\"name\":\"Comment\",\"target\":[\"https:\\\/\\\/infos-droitshumains.net\\\/?p=18580#respond\"]}]},{\"@type\":\"WebPage\",\"@id\":\"https:\\\/\\\/infos-droitshumains.net\\\/?p=18580\",\"url\":\"https:\\\/\\\/infos-droitshumains.net\\\/?p=18580\",\"name\":\"Planification familiale \u00e0 Kinshasa : d\u00e9cision \u00e0 deux ou responsabilit\u00e9 f\u00e9minine ? - Infos Droits Humains\",\"isPartOf\":{\"@id\":\"https:\\\/\\\/infos-droitshumains.net\\\/#website\"},\"primaryImageOfPage\":{\"@id\":\"https:\\\/\\\/infos-droitshumains.net\\\/?p=18580#primaryimage\"},\"image\":{\"@id\":\"https:\\\/\\\/infos-droitshumains.net\\\/?p=18580#primaryimage\"},\"thumbnailUrl\":\"https:\\\/\\\/i0.wp.com\\\/infos-droitshumains.net\\\/wp-content\\\/uploads\\\/2026\\\/03\\\/IMG-20260331-WA0011.jpg?fit=500%2C469&ssl=1\",\"datePublished\":\"2026-03-31T08:33:34+00:00\",\"dateModified\":\"2026-03-31T09:30:54+00:00\",\"breadcrumb\":{\"@id\":\"https:\\\/\\\/infos-droitshumains.net\\\/?p=18580#breadcrumb\"},\"inLanguage\":\"fr-FR\",\"potentialAction\":[{\"@type\":\"ReadAction\",\"target\":[\"https:\\\/\\\/infos-droitshumains.net\\\/?p=18580\"]}]},{\"@type\":\"ImageObject\",\"inLanguage\":\"fr-FR\",\"@id\":\"https:\\\/\\\/infos-droitshumains.net\\\/?p=18580#primaryimage\",\"url\":\"https:\\\/\\\/i0.wp.com\\\/infos-droitshumains.net\\\/wp-content\\\/uploads\\\/2026\\\/03\\\/IMG-20260331-WA0011.jpg?fit=500%2C469&ssl=1\",\"contentUrl\":\"https:\\\/\\\/i0.wp.com\\\/infos-droitshumains.net\\\/wp-content\\\/uploads\\\/2026\\\/03\\\/IMG-20260331-WA0011.jpg?fit=500%2C469&ssl=1\",\"width\":500,\"height\":469},{\"@type\":\"BreadcrumbList\",\"@id\":\"https:\\\/\\\/infos-droitshumains.net\\\/?p=18580#breadcrumb\",\"itemListElement\":[{\"@type\":\"ListItem\",\"position\":1,\"name\":\"Accueil\",\"item\":\"https:\\\/\\\/infos-droitshumains.net\\\/\"},{\"@type\":\"ListItem\",\"position\":2,\"name\":\"Planification familiale \u00e0 Kinshasa : d\u00e9cision \u00e0 deux ou responsabilit\u00e9 f\u00e9minine ?\"}]},{\"@type\":\"WebSite\",\"@id\":\"https:\\\/\\\/infos-droitshumains.net\\\/#website\",\"url\":\"https:\\\/\\\/infos-droitshumains.net\\\/\",\"name\":\"Infos Droits Humains\",\"description\":\"S&#039;informer est un droit\",\"publisher\":{\"@id\":\"https:\\\/\\\/infos-droitshumains.net\\\/#organization\"},\"potentialAction\":[{\"@type\":\"SearchAction\",\"target\":{\"@type\":\"EntryPoint\",\"urlTemplate\":\"https:\\\/\\\/infos-droitshumains.net\\\/?s={search_term_string}\"},\"query-input\":{\"@type\":\"PropertyValueSpecification\",\"valueRequired\":true,\"valueName\":\"search_term_string\"}}],\"inLanguage\":\"fr-FR\"},{\"@type\":\"Organization\",\"@id\":\"https:\\\/\\\/infos-droitshumains.net\\\/#organization\",\"name\":\"Infos Droits Humains\",\"url\":\"https:\\\/\\\/infos-droitshumains.net\\\/\",\"logo\":{\"@type\":\"ImageObject\",\"inLanguage\":\"fr-FR\",\"@id\":\"https:\\\/\\\/infos-droitshumains.net\\\/#\\\/schema\\\/logo\\\/image\\\/\",\"url\":\"https:\\\/\\\/i0.wp.com\\\/infos-droitshumains.net\\\/wp-content\\\/uploads\\\/2022\\\/05\\\/Logo.png?fit=333%2C129&ssl=1\",\"contentUrl\":\"https:\\\/\\\/i0.wp.com\\\/infos-droitshumains.net\\\/wp-content\\\/uploads\\\/2022\\\/05\\\/Logo.png?fit=333%2C129&ssl=1\",\"width\":333,\"height\":129,\"caption\":\"Infos Droits Humains\"},\"image\":{\"@id\":\"https:\\\/\\\/infos-droitshumains.net\\\/#\\\/schema\\\/logo\\\/image\\\/\"}},{\"@type\":\"Person\",\"@id\":\"https:\\\/\\\/infos-droitshumains.net\\\/#\\\/schema\\\/person\\\/3dc5e921c3302172e0ed4362f96faab7\",\"name\":\"Jo\u00ebl Diawa\",\"image\":{\"@type\":\"ImageObject\",\"inLanguage\":\"fr-FR\",\"@id\":\"https:\\\/\\\/secure.gravatar.com\\\/avatar\\\/729bea6ff4604c624417803c477363be8e3c7186deaa65713313f9b4b820f41c?s=96&d=mm&r=g\",\"url\":\"https:\\\/\\\/secure.gravatar.com\\\/avatar\\\/729bea6ff4604c624417803c477363be8e3c7186deaa65713313f9b4b820f41c?s=96&d=mm&r=g\",\"contentUrl\":\"https:\\\/\\\/secure.gravatar.com\\\/avatar\\\/729bea6ff4604c624417803c477363be8e3c7186deaa65713313f9b4b820f41c?s=96&d=mm&r=g\",\"caption\":\"Jo\u00ebl Diawa\"},\"sameAs\":[\"https:\\\/\\\/www.infos-droitshumains.net\"],\"url\":\"https:\\\/\\\/infos-droitshumains.net\\\/?author=2\"}]}<\/script>\n<!-- \/ Yoast SEO plugin. -->","yoast_head_json":{"title":"Planification familiale \u00e0 Kinshasa : d\u00e9cision \u00e0 deux ou responsabilit\u00e9 f\u00e9minine ? - Infos Droits Humains","robots":{"index":"index","follow":"follow","max-snippet":"max-snippet:-1","max-image-preview":"max-image-preview:large","max-video-preview":"max-video-preview:-1"},"canonical":"https:\/\/infos-droitshumains.net\/?p=18580","og_locale":"fr_FR","og_type":"article","og_title":"Planification familiale \u00e0 Kinshasa : d\u00e9cision \u00e0 deux ou responsabilit\u00e9 f\u00e9minine ? - Infos Droits Humains","og_description":"R\u00e9daction: +243 817 406 088 La planification familiale \u00e0 Kinshasa a longtemps \u00e9t\u00e9 per\u00e7ue comme...","og_url":"https:\/\/infos-droitshumains.net\/?p=18580","og_site_name":"Infos Droits Humains","article_published_time":"2026-03-31T08:33:34+00:00","article_modified_time":"2026-03-31T09:30:54+00:00","og_image":[{"width":500,"height":469,"url":"https:\/\/infos-droitshumains.net\/wp-content\/uploads\/2026\/03\/IMG-20260331-WA0011.jpg","type":"image\/jpeg"}],"author":"Jo\u00ebl Diawa","twitter_card":"summary_large_image","twitter_misc":{"\u00c9crit par":"Jo\u00ebl Diawa","Dur\u00e9e de lecture estim\u00e9e":"3 minutes"},"schema":{"@context":"https:\/\/schema.org","@graph":[{"@type":"Article","@id":"https:\/\/infos-droitshumains.net\/?p=18580#article","isPartOf":{"@id":"https:\/\/infos-droitshumains.net\/?p=18580"},"author":{"name":"Jo\u00ebl Diawa","@id":"https:\/\/infos-droitshumains.net\/#\/schema\/person\/3dc5e921c3302172e0ed4362f96faab7"},"headline":"Planification familiale \u00e0 Kinshasa : d\u00e9cision \u00e0 deux ou responsabilit\u00e9 f\u00e9minine ?","datePublished":"2026-03-31T08:33:34+00:00","dateModified":"2026-03-31T09:30:54+00:00","mainEntityOfPage":{"@id":"https:\/\/infos-droitshumains.net\/?p=18580"},"wordCount":476,"commentCount":0,"publisher":{"@id":"https:\/\/infos-droitshumains.net\/#organization"},"image":{"@id":"https:\/\/infos-droitshumains.net\/?p=18580#primaryimage"},"thumbnailUrl":"https:\/\/i0.wp.com\/infos-droitshumains.net\/wp-content\/uploads\/2026\/03\/IMG-20260331-WA0011.jpg?fit=500%2C469&ssl=1","articleSection":["Droits Humains"],"inLanguage":"fr-FR","potentialAction":[{"@type":"CommentAction","name":"Comment","target":["https:\/\/infos-droitshumains.net\/?p=18580#respond"]}]},{"@type":"WebPage","@id":"https:\/\/infos-droitshumains.net\/?p=18580","url":"https:\/\/infos-droitshumains.net\/?p=18580","name":"Planification familiale \u00e0 Kinshasa : d\u00e9cision \u00e0 deux ou responsabilit\u00e9 f\u00e9minine ? - Infos Droits Humains","isPartOf":{"@id":"https:\/\/infos-droitshumains.net\/#website"},"primaryImageOfPage":{"@id":"https:\/\/infos-droitshumains.net\/?p=18580#primaryimage"},"image":{"@id":"https:\/\/infos-droitshumains.net\/?p=18580#primaryimage"},"thumbnailUrl":"https:\/\/i0.wp.com\/infos-droitshumains.net\/wp-content\/uploads\/2026\/03\/IMG-20260331-WA0011.jpg?fit=500%2C469&ssl=1","datePublished":"2026-03-31T08:33:34+00:00","dateModified":"2026-03-31T09:30:54+00:00","breadcrumb":{"@id":"https:\/\/infos-droitshumains.net\/?p=18580#breadcrumb"},"inLanguage":"fr-FR","potentialAction":[{"@type":"ReadAction","target":["https:\/\/infos-droitshumains.net\/?p=18580"]}]},{"@type":"ImageObject","inLanguage":"fr-FR","@id":"https:\/\/infos-droitshumains.net\/?p=18580#primaryimage","url":"https:\/\/i0.wp.com\/infos-droitshumains.net\/wp-content\/uploads\/2026\/03\/IMG-20260331-WA0011.jpg?fit=500%2C469&ssl=1","contentUrl":"https:\/\/i0.wp.com\/infos-droitshumains.net\/wp-content\/uploads\/2026\/03\/IMG-20260331-WA0011.jpg?fit=500%2C469&ssl=1","width":500,"height":469},{"@type":"BreadcrumbList","@id":"https:\/\/infos-droitshumains.net\/?p=18580#breadcrumb","itemListElement":[{"@type":"ListItem","position":1,"name":"Accueil","item":"https:\/\/infos-droitshumains.net\/"},{"@type":"ListItem","position":2,"name":"Planification familiale \u00e0 Kinshasa : d\u00e9cision \u00e0 deux ou responsabilit\u00e9 f\u00e9minine ?"}]},{"@type":"WebSite","@id":"https:\/\/infos-droitshumains.net\/#website","url":"https:\/\/infos-droitshumains.net\/","name":"Infos Droits Humains","description":"S&#039;informer est un droit","publisher":{"@id":"https:\/\/infos-droitshumains.net\/#organization"},"potentialAction":[{"@type":"SearchAction","target":{"@type":"EntryPoint","urlTemplate":"https:\/\/infos-droitshumains.net\/?s={search_term_string}"},"query-input":{"@type":"PropertyValueSpecification","valueRequired":true,"valueName":"search_term_string"}}],"inLanguage":"fr-FR"},{"@type":"Organization","@id":"https:\/\/infos-droitshumains.net\/#organization","name":"Infos Droits Humains","url":"https:\/\/infos-droitshumains.net\/","logo":{"@type":"ImageObject","inLanguage":"fr-FR","@id":"https:\/\/infos-droitshumains.net\/#\/schema\/logo\/image\/","url":"https:\/\/i0.wp.com\/infos-droitshumains.net\/wp-content\/uploads\/2022\/05\/Logo.png?fit=333%2C129&ssl=1","contentUrl":"https:\/\/i0.wp.com\/infos-droitshumains.net\/wp-content\/uploads\/2022\/05\/Logo.png?fit=333%2C129&ssl=1","width":333,"height":129,"caption":"Infos Droits Humains"},"image":{"@id":"https:\/\/infos-droitshumains.net\/#\/schema\/logo\/image\/"}},{"@type":"Person","@id":"https:\/\/infos-droitshumains.net\/#\/schema\/person\/3dc5e921c3302172e0ed4362f96faab7","name":"Jo\u00ebl Diawa","image":{"@type":"ImageObject","inLanguage":"fr-FR","@id":"https:\/\/secure.gravatar.com\/avatar\/729bea6ff4604c624417803c477363be8e3c7186deaa65713313f9b4b820f41c?s=96&d=mm&r=g","url":"https:\/\/secure.gravatar.com\/avatar\/729bea6ff4604c624417803c477363be8e3c7186deaa65713313f9b4b820f41c?s=96&d=mm&r=g","contentUrl":"https:\/\/secure.gravatar.com\/avatar\/729bea6ff4604c624417803c477363be8e3c7186deaa65713313f9b4b820f41c?s=96&d=mm&r=g","caption":"Jo\u00ebl Diawa"},"sameAs":["https:\/\/www.infos-droitshumains.net"],"url":"https:\/\/infos-droitshumains.net\/?author=2"}]}},"featured_image_urls":{"full":["https:\/\/i0.wp.com\/infos-droitshumains.net\/wp-content\/uploads\/2026\/03\/IMG-20260331-WA0011.jpg?fit=500%2C469&ssl=1",500,469,false],"thumbnail":["https:\/\/i0.wp.com\/infos-droitshumains.net\/wp-content\/uploads\/2026\/03\/IMG-20260331-WA0011.jpg?resize=150%2C150&ssl=1",150,150,true],"medium":["https:\/\/i0.wp.com\/infos-droitshumains.net\/wp-content\/uploads\/2026\/03\/IMG-20260331-WA0011.jpg?fit=300%2C281&ssl=1",300,281,true],"medium_large":["https:\/\/i0.wp.com\/infos-droitshumains.net\/wp-content\/uploads\/2026\/03\/IMG-20260331-WA0011.jpg?fit=500%2C469&ssl=1",500,469,true],"large":["https:\/\/i0.wp.com\/infos-droitshumains.net\/wp-content\/uploads\/2026\/03\/IMG-20260331-WA0011.jpg?fit=500%2C469&ssl=1",500,469,true],"1536x1536":["https:\/\/i0.wp.com\/infos-droitshumains.net\/wp-content\/uploads\/2026\/03\/IMG-20260331-WA0011.jpg?fit=500%2C469&ssl=1",500,469,true],"2048x2048":["https:\/\/i0.wp.com\/infos-droitshumains.net\/wp-content\/uploads\/2026\/03\/IMG-20260331-WA0011.jpg?fit=500%2C469&ssl=1",500,469,true],"covernews-slider-full":["https:\/\/i0.wp.com\/infos-droitshumains.net\/wp-content\/uploads\/2026\/03\/IMG-20260331-WA0011.jpg?resize=500%2C469&ssl=1",500,469,true],"covernews-slider-center":["https:\/\/i0.wp.com\/infos-droitshumains.net\/wp-content\/uploads\/2026\/03\/IMG-20260331-WA0011.jpg?resize=500%2C469&ssl=1",500,469,true],"covernews-featured":["https:\/\/i0.wp.com\/infos-droitshumains.net\/wp-content\/uploads\/2026\/03\/IMG-20260331-WA0011.jpg?fit=500%2C469&ssl=1",500,469,true],"covernews-medium":["https:\/\/i0.wp.com\/infos-droitshumains.net\/wp-content\/uploads\/2026\/03\/IMG-20260331-WA0011.jpg?resize=500%2C340&ssl=1",500,340,true],"covernews-medium-square":["https:\/\/i0.wp.com\/infos-droitshumains.net\/wp-content\/uploads\/2026\/03\/IMG-20260331-WA0011.jpg?resize=400%2C250&ssl=1",400,250,true]},"author_info":{"display_name":"Jo\u00ebl Diawa","author_link":"https:\/\/infos-droitshumains.net\/?author=2"},"category_info":"<a href=\"https:\/\/infos-droitshumains.net\/?cat=7\" rel=\"category\">Droits Humains<\/a>","tag_info":"Droits Humains","comment_count":"0","jetpack_featured_media_url":"https:\/\/i0.wp.com\/infos-droitshumains.net\/wp-content\/uploads\/2026\/03\/IMG-20260331-WA0011.jpg?fit=500%2C469&ssl=1","jetpack-related-posts":[],"jetpack_sharing_enabled":true,"_links":{"self":[{"href":"https:\/\/infos-droitshumains.net\/index.php?rest_route=\/wp\/v2\/posts\/18580","targetHints":{"allow":["GET"]}}],"collection":[{"href":"https:\/\/infos-droitshumains.net\/index.php?rest_route=\/wp\/v2\/posts"}],"about":[{"href":"https:\/\/infos-droitshumains.net\/index.php?rest_route=\/wp\/v2\/types\/post"}],"author":[{"embeddable":true,"href":"https:\/\/infos-droitshumains.net\/index.php?rest_route=\/wp\/v2\/users\/2"}],"replies":[{"embeddable":true,"href":"https:\/\/infos-droitshumains.net\/index.php?rest_route=%2Fwp%2Fv2%2Fcomments&post=18580"}],"version-history":[{"count":4,"href":"https:\/\/infos-droitshumains.net\/index.php?rest_route=\/wp\/v2\/posts\/18580\/revisions"}],"predecessor-version":[{"id":18585,"href":"https:\/\/infos-droitshumains.net\/index.php?rest_route=\/wp\/v2\/posts\/18580\/revisions\/18585"}],"wp:featuredmedia":[{"embeddable":true,"href":"https:\/\/infos-droitshumains.net\/index.php?rest_route=\/wp\/v2\/media\/18586"}],"wp:attachment":[{"href":"https:\/\/infos-droitshumains.net\/index.php?rest_route=%2Fwp%2Fv2%2Fmedia&parent=18580"}],"wp:term":[{"taxonomy":"category","embeddable":true,"href":"https:\/\/infos-droitshumains.net\/index.php?rest_route=%2Fwp%2Fv2%2Fcategories&post=18580"},{"taxonomy":"post_tag","embeddable":true,"href":"https:\/\/infos-droitshumains.net\/index.php?rest_route=%2Fwp%2Fv2%2Ftags&post=18580"}],"curies":[{"name":"wp","href":"https:\/\/api.w.org\/{rel}","templated":true}]}}