{"id":18533,"date":"2026-03-29T15:51:20","date_gmt":"2026-03-29T13:51:20","guid":{"rendered":"https:\/\/infos-droitshumains.net\/?p=18533"},"modified":"2026-03-30T10:41:52","modified_gmt":"2026-03-30T08:41:52","slug":"kinshasa-ngaliema-cloture-du-mois-de-la-femme-sous-le-signe-du-dialogue-entre-le-parquet-et-les-opj-femmes","status":"publish","type":"post","link":"https:\/\/infos-droitshumains.net\/?p=18533","title":{"rendered":"Kinshasa\/Ngaliema : Cl\u00f4ture du mois de la femme sous le signe du dialogue entre le parquet et les OPJ femmes"},"content":{"rendered":"\n<p><strong>R\u00e9daction: +243 817 406 088<\/strong><\/p>\n\n\n\n<h3 class=\"wp-block-heading has-vivid-red-color has-text-color has-link-color wp-elements-738f206647a8dc9f937026d18ba2d583\"> Apr\u00e8s sa tourn\u00e9e d\u2019inspection des commissariats de police de son ressort, Madame le Procureur de la R\u00e9publique, Marie-Claire Ruhamya Nanzige, Cheffe d\u2019Office du parquet pr\u00e8s le Tribunal de Paix de Kinshasa\/Ngaliema, a marqu\u00e9 la fin du mois de mars 2026 par l\u2019organisation d\u2019une conf\u00e9rence-d\u00e9bat r\u00e9unissant magistrats et les Officiers de Police Judiciaire (OPJ) femmes.<\/h3>\n\n\n\n<figure class=\"wp-block-image alignfull size-large\"><img data-recalc-dims=\"1\" fetchpriority=\"high\" decoding=\"async\" width=\"640\" height=\"426\" src=\"https:\/\/i0.wp.com\/infos-droitshumains.net\/wp-content\/uploads\/2026\/03\/1001493107.jpg?resize=640%2C426&#038;ssl=1\" alt=\"\" class=\"wp-image-18541\" srcset=\"https:\/\/i0.wp.com\/infos-droitshumains.net\/wp-content\/uploads\/2026\/03\/1001493107.jpg?resize=1024%2C681&amp;ssl=1 1024w, https:\/\/i0.wp.com\/infos-droitshumains.net\/wp-content\/uploads\/2026\/03\/1001493107.jpg?resize=300%2C199&amp;ssl=1 300w, https:\/\/i0.wp.com\/infos-droitshumains.net\/wp-content\/uploads\/2026\/03\/1001493107.jpg?resize=768%2C511&amp;ssl=1 768w, https:\/\/i0.wp.com\/infos-droitshumains.net\/wp-content\/uploads\/2026\/03\/1001493107.jpg?w=1080&amp;ssl=1 1080w\" sizes=\"(max-width: 640px) 100vw, 640px\" \/><\/figure>\n\n\n\n<p>Tenue le samedi 28 mars 2026, cette rencontre s\u2019est articul\u00e9e autour du th\u00e8me \u00e9vocateur : <em>\u00ab Droit, Justice et action pour toutes les femmes et les jeunes filles \u00bb<\/em>. Elle a constitu\u00e9 un cadre d\u2019\u00e9changes enrichissants, caract\u00e9ris\u00e9s par des d\u00e9bats de haute port\u00e9e, traduisant une volont\u00e9 commune de renforcer la collaboration entre  actrices de la cha\u00eene p\u00e9nale.<\/p>\n\n\n\n<figure class=\"wp-block-image alignfull size-large\"><img data-recalc-dims=\"1\" decoding=\"async\" width=\"640\" height=\"426\" src=\"https:\/\/i0.wp.com\/infos-droitshumains.net\/wp-content\/uploads\/2026\/03\/1001493030-1.jpg?resize=640%2C426&#038;ssl=1\" alt=\"\" class=\"wp-image-18545\" srcset=\"https:\/\/i0.wp.com\/infos-droitshumains.net\/wp-content\/uploads\/2026\/03\/1001493030-1.jpg?resize=1024%2C681&amp;ssl=1 1024w, https:\/\/i0.wp.com\/infos-droitshumains.net\/wp-content\/uploads\/2026\/03\/1001493030-1.jpg?resize=300%2C199&amp;ssl=1 300w, https:\/\/i0.wp.com\/infos-droitshumains.net\/wp-content\/uploads\/2026\/03\/1001493030-1.jpg?resize=768%2C511&amp;ssl=1 768w, https:\/\/i0.wp.com\/infos-droitshumains.net\/wp-content\/uploads\/2026\/03\/1001493030-1.jpg?w=1080&amp;ssl=1 1080w\" sizes=\"(max-width: 640px) 100vw, 640px\" \/><\/figure>\n\n\n\n<figure class=\"wp-block-image alignfull size-large\"><img data-recalc-dims=\"1\" decoding=\"async\" width=\"640\" height=\"962\" src=\"https:\/\/i0.wp.com\/infos-droitshumains.net\/wp-content\/uploads\/2026\/03\/1001493063.jpg?resize=640%2C962&#038;ssl=1\" alt=\"\" class=\"wp-image-18565\" srcset=\"https:\/\/i0.wp.com\/infos-droitshumains.net\/wp-content\/uploads\/2026\/03\/1001493063.jpg?resize=681%2C1024&amp;ssl=1 681w, https:\/\/i0.wp.com\/infos-droitshumains.net\/wp-content\/uploads\/2026\/03\/1001493063.jpg?resize=199%2C300&amp;ssl=1 199w, https:\/\/i0.wp.com\/infos-droitshumains.net\/wp-content\/uploads\/2026\/03\/1001493063.jpg?w=718&amp;ssl=1 718w\" sizes=\"(max-width: 640px) 100vw, 640px\" \/><\/figure>\n\n\n\n<figure class=\"wp-block-image alignfull size-large\"><img data-recalc-dims=\"1\" loading=\"lazy\" decoding=\"async\" width=\"640\" height=\"426\" src=\"https:\/\/i0.wp.com\/infos-droitshumains.net\/wp-content\/uploads\/2026\/03\/1001493039.jpg?resize=640%2C426&#038;ssl=1\" alt=\"\" class=\"wp-image-18547\" srcset=\"https:\/\/i0.wp.com\/infos-droitshumains.net\/wp-content\/uploads\/2026\/03\/1001493039.jpg?resize=1024%2C681&amp;ssl=1 1024w, https:\/\/i0.wp.com\/infos-droitshumains.net\/wp-content\/uploads\/2026\/03\/1001493039.jpg?resize=300%2C199&amp;ssl=1 300w, https:\/\/i0.wp.com\/infos-droitshumains.net\/wp-content\/uploads\/2026\/03\/1001493039.jpg?resize=768%2C511&amp;ssl=1 768w, https:\/\/i0.wp.com\/infos-droitshumains.net\/wp-content\/uploads\/2026\/03\/1001493039.jpg?w=1080&amp;ssl=1 1080w\" sizes=\"(max-width: 640px) 100vw, 640px\" \/><\/figure>\n\n\n\n<p>Cette c\u00e9r\u00e9monie vient ainsi couronner une s\u00e9rie de visites d\u2019inspection initi\u00e9es par la Cheffe du parquet dans les diff\u00e9rents commissariats de son ressort, avec pour objectif d\u2019\u00e9valuer les conditions de travail, relever les insuffisances et proposer des pistes d\u2019am\u00e9lioration.<\/p>\n\n\n\n<figure class=\"wp-block-image alignfull size-large\"><img data-recalc-dims=\"1\" loading=\"lazy\" decoding=\"async\" width=\"640\" height=\"426\" src=\"https:\/\/i0.wp.com\/infos-droitshumains.net\/wp-content\/uploads\/2026\/03\/1001493015.jpg?resize=640%2C426&#038;ssl=1\" alt=\"\" class=\"wp-image-18563\" srcset=\"https:\/\/i0.wp.com\/infos-droitshumains.net\/wp-content\/uploads\/2026\/03\/1001493015.jpg?resize=1024%2C681&amp;ssl=1 1024w, https:\/\/i0.wp.com\/infos-droitshumains.net\/wp-content\/uploads\/2026\/03\/1001493015.jpg?resize=300%2C199&amp;ssl=1 300w, https:\/\/i0.wp.com\/infos-droitshumains.net\/wp-content\/uploads\/2026\/03\/1001493015.jpg?resize=768%2C511&amp;ssl=1 768w, https:\/\/i0.wp.com\/infos-droitshumains.net\/wp-content\/uploads\/2026\/03\/1001493015.jpg?w=1080&amp;ssl=1 1080w\" sizes=\"(max-width: 640px) 100vw, 640px\" \/><\/figure>\n\n\n\n<p><strong>Une symbolique forte pour une collaboration renforc\u00e9e<\/strong><\/p>\n\n\n\n<p>L\u2019un des moments marquants de cette activit\u00e9 a \u00e9t\u00e9 le partage d\u2019un verre d\u2019eau entre Madame le Procureur et les OPJ femmes pr\u00e9sentes. Un geste hautement symbolique, illustrant l\u2019unit\u00e9 et la compl\u00e9mentarit\u00e9 entre, d\u2019une part, <em>\u00ab les yeux et les oreilles \u00bb<\/em> que constituent les OPJ sur le terrain, et d\u2019autre part, <em>\u00ab le cerveau \u00bb<\/em> incarn\u00e9 par le minist\u00e8re public.<\/p>\n\n\n\n<figure class=\"wp-block-image alignfull size-large\"><img data-recalc-dims=\"1\" loading=\"lazy\" decoding=\"async\" width=\"640\" height=\"426\" src=\"https:\/\/i0.wp.com\/infos-droitshumains.net\/wp-content\/uploads\/2026\/03\/1001493094.jpg?resize=640%2C426&#038;ssl=1\" alt=\"\" class=\"wp-image-18550\" srcset=\"https:\/\/i0.wp.com\/infos-droitshumains.net\/wp-content\/uploads\/2026\/03\/1001493094.jpg?resize=1024%2C681&amp;ssl=1 1024w, https:\/\/i0.wp.com\/infos-droitshumains.net\/wp-content\/uploads\/2026\/03\/1001493094.jpg?resize=300%2C199&amp;ssl=1 300w, https:\/\/i0.wp.com\/infos-droitshumains.net\/wp-content\/uploads\/2026\/03\/1001493094.jpg?resize=768%2C511&amp;ssl=1 768w, https:\/\/i0.wp.com\/infos-droitshumains.net\/wp-content\/uploads\/2026\/03\/1001493094.jpg?w=1080&amp;ssl=1 1080w\" sizes=\"(max-width: 640px) 100vw, 640px\" \/><\/figure>\n\n\n\n<p>Madame le Procureur de la R\u00e9publique a insist\u00e9 sur la n\u00e9cessit\u00e9 d\u2019impliquer davantage les femmes OPJ dans la compr\u00e9hension et l\u2019application des principes fondamentaux de la justice :<\/p>\n\n\n\n<p><em>\u00ab Nous avons estim\u00e9 qu\u2019il est important d\u2019\u00e9couter aussi les femmes OPJ parce qu\u2019elles sont nos collaboratrices directes. Il fallait donc leur accorder une attention particuli\u00e8re, surtout autour d\u2019un th\u00e8me aussi crucial que celui du droit, de la justice et de l\u2019action en faveur des femmes et des jeunes filles. \u00bb<\/em><\/p>\n\n\n\n<figure class=\"wp-block-image alignfull size-large\"><img data-recalc-dims=\"1\" loading=\"lazy\" decoding=\"async\" width=\"640\" height=\"426\" src=\"https:\/\/i0.wp.com\/infos-droitshumains.net\/wp-content\/uploads\/2026\/03\/1001493021.jpg?resize=640%2C426&#038;ssl=1\" alt=\"\" class=\"wp-image-18552\" srcset=\"https:\/\/i0.wp.com\/infos-droitshumains.net\/wp-content\/uploads\/2026\/03\/1001493021.jpg?resize=1024%2C681&amp;ssl=1 1024w, https:\/\/i0.wp.com\/infos-droitshumains.net\/wp-content\/uploads\/2026\/03\/1001493021.jpg?resize=300%2C199&amp;ssl=1 300w, https:\/\/i0.wp.com\/infos-droitshumains.net\/wp-content\/uploads\/2026\/03\/1001493021.jpg?resize=768%2C511&amp;ssl=1 768w, https:\/\/i0.wp.com\/infos-droitshumains.net\/wp-content\/uploads\/2026\/03\/1001493021.jpg?w=1080&amp;ssl=1 1080w\" sizes=\"(max-width: 640px) 100vw, 640px\" \/><\/figure>\n\n\n\n<p>Elle a \u00e9galement soulign\u00e9 l\u2019importance de la trilogie abord\u00e9e lors des \u00e9changes :<\/p>\n\n\n\n<p><em>\u00ab Le droit reconnu aux citoyens doit \u00eatre accompagn\u00e9 d\u2019une justice \u00e9quitable, et cette justice doit se traduire par des actions concr\u00e8tes. Dans leur quotidien, les OPJ doivent incarner cette dynamique, car elles sont nos yeux et nos oreilles sur le terrain. \u00bb<\/em><\/p>\n\n\n\n<p>Insistant sur la synergie n\u00e9cessaire entre les diff\u00e9rents acteurs judiciaires, elle a ajout\u00e9 : <em>\u00ab En tant qu\u2019officiers du minist\u00e8re public, nous devons travailler en parfaite collaboration avec les OPJ pour garantir une efficacit\u00e9 r\u00e9elle dans l\u2019application du droit et la mat\u00e9rialisation de la justice. \u00bb<\/em><\/p>\n\n\n\n<p>Concernant les pr\u00e9occupations exprim\u00e9es par les OPJ, Madame le Procureur Marie-Claire Ruhamya Nanzige s\u2019est voulue rassurante :<\/p>\n\n\n\n<p><em>\u00ab Les dol\u00e9ances formul\u00e9es seront analys\u00e9es avec attention. Nous allons explorer les solutions possibles afin d\u2019am\u00e9liorer les conditions de travail et en faire rapport \u00e0 la hi\u00e9rarchie. \u00bb<\/em><\/p>\n\n\n\n<p><strong>Une initiative salu\u00e9e et porteuse d\u2019espoir<\/strong><\/p>\n\n\n\n<p>Au nombre des panelistes, le Premier Substitut du Procureur de la R\u00e9publique, Clarisse Balepukayi. Elle a salu\u00e9 une initiative qu\u2019elle qualifie d\u2019in\u00e9dite :<\/p>\n\n\n\n<p><em>\u00ab Cette activit\u00e9 constitue une premi\u00e8re au sein du parquet pr\u00e8s le Tribunal de Paix de Ngaliema. Madame le Procureur a voulu c\u00e9l\u00e9brer le mois de la femme autrement, en mettant en avant la collaboration avec les agents de terrain. \u00bb<\/em><\/p>\n\n\n\n<figure class=\"wp-block-image alignfull size-large\"><img data-recalc-dims=\"1\" loading=\"lazy\" decoding=\"async\" width=\"640\" height=\"426\" src=\"https:\/\/i0.wp.com\/infos-droitshumains.net\/wp-content\/uploads\/2026\/03\/1001493066.jpg?resize=640%2C426&#038;ssl=1\" alt=\"\" class=\"wp-image-18554\" srcset=\"https:\/\/i0.wp.com\/infos-droitshumains.net\/wp-content\/uploads\/2026\/03\/1001493066.jpg?resize=1024%2C681&amp;ssl=1 1024w, https:\/\/i0.wp.com\/infos-droitshumains.net\/wp-content\/uploads\/2026\/03\/1001493066.jpg?resize=300%2C199&amp;ssl=1 300w, https:\/\/i0.wp.com\/infos-droitshumains.net\/wp-content\/uploads\/2026\/03\/1001493066.jpg?resize=768%2C511&amp;ssl=1 768w, https:\/\/i0.wp.com\/infos-droitshumains.net\/wp-content\/uploads\/2026\/03\/1001493066.jpg?w=1080&amp;ssl=1 1080w\" sizes=\"(max-width: 640px) 100vw, 640px\" \/><\/figure>\n\n\n\n<p>Elle a par ailleurs insist\u00e9 sur l\u2019importance de cette proximit\u00e9 avec les OPJ :<\/p>\n\n\n\n<p><em>\u00ab Notre mission en tant qu\u2019actrices de la justice nous impose de travailler \u00e9troitement avec ceux qui sont au contact direct de la population. P\u00e9renniser cette collaboration est essentiel pour garantir une justice efficace. \u00bb<\/em><\/p>\n\n\n\n<p><em>Revenant sur les motivations de la tourn\u00e9e d\u2019inspection, elle a pr\u00e9cis\u00e9 : que cette d\u00e9marche initi\u00e9e par Madame le Procureur de la R\u00e9publique fait suite \u00e0 un constat amer&nbsp;: \u00ab&nbsp;Il \u00e9tait imp\u00e9ratif d\u2019identifier les insuffisances et d\u2019y apporter des r\u00e9ponses concr\u00e8tes afin d\u2019am\u00e9liorer l\u2019image et le fonctionnement de la justice \u00bb<\/em>, a-t-elle ajout\u00e9 avant de conclure avec un appel \u00e0 l\u2019engagement collectif :<\/p>\n\n\n\n<p><em>\u00ab Nous accompagnons Madame le Procureur dans cette lourde responsabilit\u00e9, avec l\u2019ambition de voir la justice congolaise se rev\u00eatir de son habit le plus pr\u00e9cieux : celui de l\u2019efficacit\u00e9, de l\u2019\u00e9quit\u00e9 et de la confiance. \u00bb<\/em><\/p>\n\n\n\n<figure class=\"wp-block-image alignfull size-large\"><img data-recalc-dims=\"1\" loading=\"lazy\" decoding=\"async\" width=\"640\" height=\"426\" src=\"https:\/\/i0.wp.com\/infos-droitshumains.net\/wp-content\/uploads\/2026\/03\/1001493097.jpg?resize=640%2C426&#038;ssl=1\" alt=\"\" class=\"wp-image-18557\" srcset=\"https:\/\/i0.wp.com\/infos-droitshumains.net\/wp-content\/uploads\/2026\/03\/1001493097.jpg?resize=1024%2C681&amp;ssl=1 1024w, https:\/\/i0.wp.com\/infos-droitshumains.net\/wp-content\/uploads\/2026\/03\/1001493097.jpg?resize=300%2C199&amp;ssl=1 300w, https:\/\/i0.wp.com\/infos-droitshumains.net\/wp-content\/uploads\/2026\/03\/1001493097.jpg?resize=768%2C511&amp;ssl=1 768w, https:\/\/i0.wp.com\/infos-droitshumains.net\/wp-content\/uploads\/2026\/03\/1001493097.jpg?w=1080&amp;ssl=1 1080w\" sizes=\"(max-width: 640px) 100vw, 640px\" \/><\/figure>\n\n\n\n<p>Au-del\u00e0 de son caract\u00e8re symbolique, cette conf\u00e9rence-d\u00e9bat s\u2019inscrit dans une dynamique de r\u00e9forme et de modernisation de l\u2019appareil judiciaire \u00e0 la base. En mettant un accent particulier sur le r\u00f4le des femmes dans la cha\u00eene p\u00e9nale, le parquet de Ngaliema envoie un signal fort en faveur d\u2019une justice plus inclusive, participative et proche des r\u00e9alit\u00e9s sociales.<\/p>\n\n\n\n<figure class=\"wp-block-image alignfull size-large\"><img data-recalc-dims=\"1\" loading=\"lazy\" decoding=\"async\" width=\"640\" height=\"426\" src=\"https:\/\/i0.wp.com\/infos-droitshumains.net\/wp-content\/uploads\/2026\/03\/1001493012.jpg?resize=640%2C426&#038;ssl=1\" alt=\"\" class=\"wp-image-18560\" srcset=\"https:\/\/i0.wp.com\/infos-droitshumains.net\/wp-content\/uploads\/2026\/03\/1001493012.jpg?resize=1024%2C681&amp;ssl=1 1024w, https:\/\/i0.wp.com\/infos-droitshumains.net\/wp-content\/uploads\/2026\/03\/1001493012.jpg?resize=300%2C199&amp;ssl=1 300w, https:\/\/i0.wp.com\/infos-droitshumains.net\/wp-content\/uploads\/2026\/03\/1001493012.jpg?resize=768%2C511&amp;ssl=1 768w, https:\/\/i0.wp.com\/infos-droitshumains.net\/wp-content\/uploads\/2026\/03\/1001493012.jpg?w=1080&amp;ssl=1 1080w\" sizes=\"(max-width: 640px) 100vw, 640px\" \/><\/figure>\n\n\n\n<p>Cette initiative pourrait ainsi servir de mod\u00e8le pour d\u2019autres parquets, dans un contexte o\u00f9 la restauration de la confiance entre la population et les institutions judiciaires demeure un enjeu majeur en R\u00e9publique D\u00e9mocratique du Congo.<\/p>\n\n\n\n<p>Jo\u00ebl Diawa<\/p>\n","protected":false},"excerpt":{"rendered":"<p>R\u00e9daction: +243 817 406 088 Apr\u00e8s sa tourn\u00e9e d\u2019inspection des commissariats de police de son&#8230;<\/p>\n","protected":false},"author":2,"featured_media":18535,"comment_status":"open","ping_status":"open","sticky":false,"template":"","format":"standard","meta":{"_jetpack_memberships_contains_paid_content":false,"footnotes":""},"categories":[6],"tags":[],"class_list":["post-18533","post","type-post","status-publish","format-standard","has-post-thumbnail","hentry","category-justice"],"yoast_head":"<!-- This site is optimized with the Yoast SEO plugin v27.5 - https:\/\/yoast.com\/product\/yoast-seo-wordpress\/ -->\n<title>Kinshasa\/Ngaliema : Cl\u00f4ture du mois de la femme sous le signe du dialogue entre le parquet et les OPJ femmes - Infos Droits Humains<\/title>\n<meta name=\"robots\" content=\"index, follow, max-snippet:-1, max-image-preview:large, max-video-preview:-1\" \/>\n<link rel=\"canonical\" href=\"https:\/\/infos-droitshumains.net\/?p=18533\" \/>\n<meta property=\"og:locale\" content=\"fr_FR\" \/>\n<meta property=\"og:type\" content=\"article\" \/>\n<meta property=\"og:title\" content=\"Kinshasa\/Ngaliema : Cl\u00f4ture du mois de la femme sous le signe du dialogue entre le parquet et les OPJ femmes - Infos Droits Humains\" \/>\n<meta property=\"og:description\" content=\"R\u00e9daction: +243 817 406 088 Apr\u00e8s sa tourn\u00e9e d\u2019inspection des commissariats de police de son...\" \/>\n<meta property=\"og:url\" content=\"https:\/\/infos-droitshumains.net\/?p=18533\" \/>\n<meta property=\"og:site_name\" content=\"Infos Droits Humains\" \/>\n<meta property=\"article:published_time\" content=\"2026-03-29T13:51:20+00:00\" \/>\n<meta property=\"article:modified_time\" content=\"2026-03-30T08:41:52+00:00\" \/>\n<meta property=\"og:image\" content=\"https:\/\/infos-droitshumains.net\/wp-content\/uploads\/2026\/03\/1001493018.jpg\" \/>\n\t<meta property=\"og:image:width\" content=\"1080\" \/>\n\t<meta property=\"og:image:height\" content=\"718\" \/>\n\t<meta property=\"og:image:type\" content=\"image\/jpeg\" \/>\n<meta name=\"author\" content=\"Jo\u00ebl Diawa\" \/>\n<meta name=\"twitter:card\" content=\"summary_large_image\" \/>\n<meta name=\"twitter:label1\" content=\"\u00c9crit par\" \/>\n\t<meta name=\"twitter:data1\" content=\"Jo\u00ebl Diawa\" \/>\n\t<meta name=\"twitter:label2\" content=\"Dur\u00e9e de lecture estim\u00e9e\" \/>\n\t<meta name=\"twitter:data2\" content=\"6 minutes\" \/>\n<script type=\"application\/ld+json\" class=\"yoast-schema-graph\">{\"@context\":\"https:\\\/\\\/schema.org\",\"@graph\":[{\"@type\":\"Article\",\"@id\":\"https:\\\/\\\/infos-droitshumains.net\\\/?p=18533#article\",\"isPartOf\":{\"@id\":\"https:\\\/\\\/infos-droitshumains.net\\\/?p=18533\"},\"author\":{\"name\":\"Jo\u00ebl Diawa\",\"@id\":\"https:\\\/\\\/infos-droitshumains.net\\\/#\\\/schema\\\/person\\\/3dc5e921c3302172e0ed4362f96faab7\"},\"headline\":\"Kinshasa\\\/Ngaliema : Cl\u00f4ture du mois de la femme sous le signe du dialogue entre le parquet et les OPJ femmes\",\"datePublished\":\"2026-03-29T13:51:20+00:00\",\"dateModified\":\"2026-03-30T08:41:52+00:00\",\"mainEntityOfPage\":{\"@id\":\"https:\\\/\\\/infos-droitshumains.net\\\/?p=18533\"},\"wordCount\":865,\"commentCount\":0,\"publisher\":{\"@id\":\"https:\\\/\\\/infos-droitshumains.net\\\/#organization\"},\"image\":{\"@id\":\"https:\\\/\\\/infos-droitshumains.net\\\/?p=18533#primaryimage\"},\"thumbnailUrl\":\"https:\\\/\\\/i0.wp.com\\\/infos-droitshumains.net\\\/wp-content\\\/uploads\\\/2026\\\/03\\\/1001493018.jpg?fit=1080%2C718&ssl=1\",\"articleSection\":[\"Justice\"],\"inLanguage\":\"fr-FR\",\"potentialAction\":[{\"@type\":\"CommentAction\",\"name\":\"Comment\",\"target\":[\"https:\\\/\\\/infos-droitshumains.net\\\/?p=18533#respond\"]}]},{\"@type\":\"WebPage\",\"@id\":\"https:\\\/\\\/infos-droitshumains.net\\\/?p=18533\",\"url\":\"https:\\\/\\\/infos-droitshumains.net\\\/?p=18533\",\"name\":\"Kinshasa\\\/Ngaliema : Cl\u00f4ture du mois de la femme sous le signe du dialogue entre le parquet et les OPJ femmes - Infos Droits Humains\",\"isPartOf\":{\"@id\":\"https:\\\/\\\/infos-droitshumains.net\\\/#website\"},\"primaryImageOfPage\":{\"@id\":\"https:\\\/\\\/infos-droitshumains.net\\\/?p=18533#primaryimage\"},\"image\":{\"@id\":\"https:\\\/\\\/infos-droitshumains.net\\\/?p=18533#primaryimage\"},\"thumbnailUrl\":\"https:\\\/\\\/i0.wp.com\\\/infos-droitshumains.net\\\/wp-content\\\/uploads\\\/2026\\\/03\\\/1001493018.jpg?fit=1080%2C718&ssl=1\",\"datePublished\":\"2026-03-29T13:51:20+00:00\",\"dateModified\":\"2026-03-30T08:41:52+00:00\",\"breadcrumb\":{\"@id\":\"https:\\\/\\\/infos-droitshumains.net\\\/?p=18533#breadcrumb\"},\"inLanguage\":\"fr-FR\",\"potentialAction\":[{\"@type\":\"ReadAction\",\"target\":[\"https:\\\/\\\/infos-droitshumains.net\\\/?p=18533\"]}]},{\"@type\":\"ImageObject\",\"inLanguage\":\"fr-FR\",\"@id\":\"https:\\\/\\\/infos-droitshumains.net\\\/?p=18533#primaryimage\",\"url\":\"https:\\\/\\\/i0.wp.com\\\/infos-droitshumains.net\\\/wp-content\\\/uploads\\\/2026\\\/03\\\/1001493018.jpg?fit=1080%2C718&ssl=1\",\"contentUrl\":\"https:\\\/\\\/i0.wp.com\\\/infos-droitshumains.net\\\/wp-content\\\/uploads\\\/2026\\\/03\\\/1001493018.jpg?fit=1080%2C718&ssl=1\",\"width\":1080,\"height\":718},{\"@type\":\"BreadcrumbList\",\"@id\":\"https:\\\/\\\/infos-droitshumains.net\\\/?p=18533#breadcrumb\",\"itemListElement\":[{\"@type\":\"ListItem\",\"position\":1,\"name\":\"Accueil\",\"item\":\"https:\\\/\\\/infos-droitshumains.net\\\/\"},{\"@type\":\"ListItem\",\"position\":2,\"name\":\"Kinshasa\\\/Ngaliema : Cl\u00f4ture du mois de la femme sous le signe du dialogue entre le parquet et les OPJ femmes\"}]},{\"@type\":\"WebSite\",\"@id\":\"https:\\\/\\\/infos-droitshumains.net\\\/#website\",\"url\":\"https:\\\/\\\/infos-droitshumains.net\\\/\",\"name\":\"Infos Droits Humains\",\"description\":\"S&#039;informer est un droit\",\"publisher\":{\"@id\":\"https:\\\/\\\/infos-droitshumains.net\\\/#organization\"},\"potentialAction\":[{\"@type\":\"SearchAction\",\"target\":{\"@type\":\"EntryPoint\",\"urlTemplate\":\"https:\\\/\\\/infos-droitshumains.net\\\/?s={search_term_string}\"},\"query-input\":{\"@type\":\"PropertyValueSpecification\",\"valueRequired\":true,\"valueName\":\"search_term_string\"}}],\"inLanguage\":\"fr-FR\"},{\"@type\":\"Organization\",\"@id\":\"https:\\\/\\\/infos-droitshumains.net\\\/#organization\",\"name\":\"Infos Droits Humains\",\"url\":\"https:\\\/\\\/infos-droitshumains.net\\\/\",\"logo\":{\"@type\":\"ImageObject\",\"inLanguage\":\"fr-FR\",\"@id\":\"https:\\\/\\\/infos-droitshumains.net\\\/#\\\/schema\\\/logo\\\/image\\\/\",\"url\":\"https:\\\/\\\/i0.wp.com\\\/infos-droitshumains.net\\\/wp-content\\\/uploads\\\/2022\\\/05\\\/Logo.png?fit=333%2C129&ssl=1\",\"contentUrl\":\"https:\\\/\\\/i0.wp.com\\\/infos-droitshumains.net\\\/wp-content\\\/uploads\\\/2022\\\/05\\\/Logo.png?fit=333%2C129&ssl=1\",\"width\":333,\"height\":129,\"caption\":\"Infos Droits Humains\"},\"image\":{\"@id\":\"https:\\\/\\\/infos-droitshumains.net\\\/#\\\/schema\\\/logo\\\/image\\\/\"}},{\"@type\":\"Person\",\"@id\":\"https:\\\/\\\/infos-droitshumains.net\\\/#\\\/schema\\\/person\\\/3dc5e921c3302172e0ed4362f96faab7\",\"name\":\"Jo\u00ebl Diawa\",\"image\":{\"@type\":\"ImageObject\",\"inLanguage\":\"fr-FR\",\"@id\":\"https:\\\/\\\/secure.gravatar.com\\\/avatar\\\/729bea6ff4604c624417803c477363be8e3c7186deaa65713313f9b4b820f41c?s=96&d=mm&r=g\",\"url\":\"https:\\\/\\\/secure.gravatar.com\\\/avatar\\\/729bea6ff4604c624417803c477363be8e3c7186deaa65713313f9b4b820f41c?s=96&d=mm&r=g\",\"contentUrl\":\"https:\\\/\\\/secure.gravatar.com\\\/avatar\\\/729bea6ff4604c624417803c477363be8e3c7186deaa65713313f9b4b820f41c?s=96&d=mm&r=g\",\"caption\":\"Jo\u00ebl Diawa\"},\"sameAs\":[\"https:\\\/\\\/www.infos-droitshumains.net\"],\"url\":\"https:\\\/\\\/infos-droitshumains.net\\\/?author=2\"}]}<\/script>\n<!-- \/ Yoast SEO plugin. -->","yoast_head_json":{"title":"Kinshasa\/Ngaliema : Cl\u00f4ture du mois de la femme sous le signe du dialogue entre le parquet et les OPJ femmes - Infos Droits Humains","robots":{"index":"index","follow":"follow","max-snippet":"max-snippet:-1","max-image-preview":"max-image-preview:large","max-video-preview":"max-video-preview:-1"},"canonical":"https:\/\/infos-droitshumains.net\/?p=18533","og_locale":"fr_FR","og_type":"article","og_title":"Kinshasa\/Ngaliema : Cl\u00f4ture du mois de la femme sous le signe du dialogue entre le parquet et les OPJ femmes - Infos Droits Humains","og_description":"R\u00e9daction: +243 817 406 088 Apr\u00e8s sa tourn\u00e9e d\u2019inspection des commissariats de police de son...","og_url":"https:\/\/infos-droitshumains.net\/?p=18533","og_site_name":"Infos Droits Humains","article_published_time":"2026-03-29T13:51:20+00:00","article_modified_time":"2026-03-30T08:41:52+00:00","og_image":[{"width":1080,"height":718,"url":"https:\/\/infos-droitshumains.net\/wp-content\/uploads\/2026\/03\/1001493018.jpg","type":"image\/jpeg"}],"author":"Jo\u00ebl Diawa","twitter_card":"summary_large_image","twitter_misc":{"\u00c9crit par":"Jo\u00ebl Diawa","Dur\u00e9e de lecture estim\u00e9e":"6 minutes"},"schema":{"@context":"https:\/\/schema.org","@graph":[{"@type":"Article","@id":"https:\/\/infos-droitshumains.net\/?p=18533#article","isPartOf":{"@id":"https:\/\/infos-droitshumains.net\/?p=18533"},"author":{"name":"Jo\u00ebl Diawa","@id":"https:\/\/infos-droitshumains.net\/#\/schema\/person\/3dc5e921c3302172e0ed4362f96faab7"},"headline":"Kinshasa\/Ngaliema : Cl\u00f4ture du mois de la femme sous le signe du dialogue entre le parquet et les OPJ femmes","datePublished":"2026-03-29T13:51:20+00:00","dateModified":"2026-03-30T08:41:52+00:00","mainEntityOfPage":{"@id":"https:\/\/infos-droitshumains.net\/?p=18533"},"wordCount":865,"commentCount":0,"publisher":{"@id":"https:\/\/infos-droitshumains.net\/#organization"},"image":{"@id":"https:\/\/infos-droitshumains.net\/?p=18533#primaryimage"},"thumbnailUrl":"https:\/\/i0.wp.com\/infos-droitshumains.net\/wp-content\/uploads\/2026\/03\/1001493018.jpg?fit=1080%2C718&ssl=1","articleSection":["Justice"],"inLanguage":"fr-FR","potentialAction":[{"@type":"CommentAction","name":"Comment","target":["https:\/\/infos-droitshumains.net\/?p=18533#respond"]}]},{"@type":"WebPage","@id":"https:\/\/infos-droitshumains.net\/?p=18533","url":"https:\/\/infos-droitshumains.net\/?p=18533","name":"Kinshasa\/Ngaliema : Cl\u00f4ture du mois de la femme sous le signe du dialogue entre le parquet et les OPJ femmes - Infos Droits Humains","isPartOf":{"@id":"https:\/\/infos-droitshumains.net\/#website"},"primaryImageOfPage":{"@id":"https:\/\/infos-droitshumains.net\/?p=18533#primaryimage"},"image":{"@id":"https:\/\/infos-droitshumains.net\/?p=18533#primaryimage"},"thumbnailUrl":"https:\/\/i0.wp.com\/infos-droitshumains.net\/wp-content\/uploads\/2026\/03\/1001493018.jpg?fit=1080%2C718&ssl=1","datePublished":"2026-03-29T13:51:20+00:00","dateModified":"2026-03-30T08:41:52+00:00","breadcrumb":{"@id":"https:\/\/infos-droitshumains.net\/?p=18533#breadcrumb"},"inLanguage":"fr-FR","potentialAction":[{"@type":"ReadAction","target":["https:\/\/infos-droitshumains.net\/?p=18533"]}]},{"@type":"ImageObject","inLanguage":"fr-FR","@id":"https:\/\/infos-droitshumains.net\/?p=18533#primaryimage","url":"https:\/\/i0.wp.com\/infos-droitshumains.net\/wp-content\/uploads\/2026\/03\/1001493018.jpg?fit=1080%2C718&ssl=1","contentUrl":"https:\/\/i0.wp.com\/infos-droitshumains.net\/wp-content\/uploads\/2026\/03\/1001493018.jpg?fit=1080%2C718&ssl=1","width":1080,"height":718},{"@type":"BreadcrumbList","@id":"https:\/\/infos-droitshumains.net\/?p=18533#breadcrumb","itemListElement":[{"@type":"ListItem","position":1,"name":"Accueil","item":"https:\/\/infos-droitshumains.net\/"},{"@type":"ListItem","position":2,"name":"Kinshasa\/Ngaliema : Cl\u00f4ture du mois de la femme sous le signe du dialogue entre le parquet et les OPJ femmes"}]},{"@type":"WebSite","@id":"https:\/\/infos-droitshumains.net\/#website","url":"https:\/\/infos-droitshumains.net\/","name":"Infos Droits Humains","description":"S&#039;informer est un droit","publisher":{"@id":"https:\/\/infos-droitshumains.net\/#organization"},"potentialAction":[{"@type":"SearchAction","target":{"@type":"EntryPoint","urlTemplate":"https:\/\/infos-droitshumains.net\/?s={search_term_string}"},"query-input":{"@type":"PropertyValueSpecification","valueRequired":true,"valueName":"search_term_string"}}],"inLanguage":"fr-FR"},{"@type":"Organization","@id":"https:\/\/infos-droitshumains.net\/#organization","name":"Infos Droits Humains","url":"https:\/\/infos-droitshumains.net\/","logo":{"@type":"ImageObject","inLanguage":"fr-FR","@id":"https:\/\/infos-droitshumains.net\/#\/schema\/logo\/image\/","url":"https:\/\/i0.wp.com\/infos-droitshumains.net\/wp-content\/uploads\/2022\/05\/Logo.png?fit=333%2C129&ssl=1","contentUrl":"https:\/\/i0.wp.com\/infos-droitshumains.net\/wp-content\/uploads\/2022\/05\/Logo.png?fit=333%2C129&ssl=1","width":333,"height":129,"caption":"Infos Droits Humains"},"image":{"@id":"https:\/\/infos-droitshumains.net\/#\/schema\/logo\/image\/"}},{"@type":"Person","@id":"https:\/\/infos-droitshumains.net\/#\/schema\/person\/3dc5e921c3302172e0ed4362f96faab7","name":"Jo\u00ebl Diawa","image":{"@type":"ImageObject","inLanguage":"fr-FR","@id":"https:\/\/secure.gravatar.com\/avatar\/729bea6ff4604c624417803c477363be8e3c7186deaa65713313f9b4b820f41c?s=96&d=mm&r=g","url":"https:\/\/secure.gravatar.com\/avatar\/729bea6ff4604c624417803c477363be8e3c7186deaa65713313f9b4b820f41c?s=96&d=mm&r=g","contentUrl":"https:\/\/secure.gravatar.com\/avatar\/729bea6ff4604c624417803c477363be8e3c7186deaa65713313f9b4b820f41c?s=96&d=mm&r=g","caption":"Jo\u00ebl Diawa"},"sameAs":["https:\/\/www.infos-droitshumains.net"],"url":"https:\/\/infos-droitshumains.net\/?author=2"}]}},"featured_image_urls":{"full":["https:\/\/i0.wp.com\/infos-droitshumains.net\/wp-content\/uploads\/2026\/03\/1001493018.jpg?fit=1080%2C718&ssl=1",1080,718,false],"thumbnail":["https:\/\/i0.wp.com\/infos-droitshumains.net\/wp-content\/uploads\/2026\/03\/1001493018.jpg?resize=150%2C150&ssl=1",150,150,true],"medium":["https:\/\/i0.wp.com\/infos-droitshumains.net\/wp-content\/uploads\/2026\/03\/1001493018.jpg?fit=300%2C199&ssl=1",300,199,true],"medium_large":["https:\/\/i0.wp.com\/infos-droitshumains.net\/wp-content\/uploads\/2026\/03\/1001493018.jpg?fit=640%2C426&ssl=1",640,426,true],"large":["https:\/\/i0.wp.com\/infos-droitshumains.net\/wp-content\/uploads\/2026\/03\/1001493018.jpg?fit=640%2C426&ssl=1",640,426,true],"1536x1536":["https:\/\/i0.wp.com\/infos-droitshumains.net\/wp-content\/uploads\/2026\/03\/1001493018.jpg?fit=1080%2C718&ssl=1",1080,718,true],"2048x2048":["https:\/\/i0.wp.com\/infos-droitshumains.net\/wp-content\/uploads\/2026\/03\/1001493018.jpg?fit=1080%2C718&ssl=1",1080,718,true],"covernews-slider-full":["https:\/\/i0.wp.com\/infos-droitshumains.net\/wp-content\/uploads\/2026\/03\/1001493018.jpg?resize=1080%2C715&ssl=1",1080,715,true],"covernews-slider-center":["https:\/\/i0.wp.com\/infos-droitshumains.net\/wp-content\/uploads\/2026\/03\/1001493018.jpg?resize=800%2C500&ssl=1",800,500,true],"covernews-featured":["https:\/\/i0.wp.com\/infos-droitshumains.net\/wp-content\/uploads\/2026\/03\/1001493018.jpg?fit=1024%2C681&ssl=1",1024,681,true],"covernews-medium":["https:\/\/i0.wp.com\/infos-droitshumains.net\/wp-content\/uploads\/2026\/03\/1001493018.jpg?resize=540%2C340&ssl=1",540,340,true],"covernews-medium-square":["https:\/\/i0.wp.com\/infos-droitshumains.net\/wp-content\/uploads\/2026\/03\/1001493018.jpg?resize=400%2C250&ssl=1",400,250,true]},"author_info":{"display_name":"Jo\u00ebl Diawa","author_link":"https:\/\/infos-droitshumains.net\/?author=2"},"category_info":"<a href=\"https:\/\/infos-droitshumains.net\/?cat=6\" rel=\"category\">Justice<\/a>","tag_info":"Justice","comment_count":"0","jetpack_featured_media_url":"https:\/\/i0.wp.com\/infos-droitshumains.net\/wp-content\/uploads\/2026\/03\/1001493018.jpg?fit=1080%2C718&ssl=1","jetpack-related-posts":[],"jetpack_sharing_enabled":true,"_links":{"self":[{"href":"https:\/\/infos-droitshumains.net\/index.php?rest_route=\/wp\/v2\/posts\/18533","targetHints":{"allow":["GET"]}}],"collection":[{"href":"https:\/\/infos-droitshumains.net\/index.php?rest_route=\/wp\/v2\/posts"}],"about":[{"href":"https:\/\/infos-droitshumains.net\/index.php?rest_route=\/wp\/v2\/types\/post"}],"author":[{"embeddable":true,"href":"https:\/\/infos-droitshumains.net\/index.php?rest_route=\/wp\/v2\/users\/2"}],"replies":[{"embeddable":true,"href":"https:\/\/infos-droitshumains.net\/index.php?rest_route=%2Fwp%2Fv2%2Fcomments&post=18533"}],"version-history":[{"count":14,"href":"https:\/\/infos-droitshumains.net\/index.php?rest_route=\/wp\/v2\/posts\/18533\/revisions"}],"predecessor-version":[{"id":18567,"href":"https:\/\/infos-droitshumains.net\/index.php?rest_route=\/wp\/v2\/posts\/18533\/revisions\/18567"}],"wp:featuredmedia":[{"embeddable":true,"href":"https:\/\/infos-droitshumains.net\/index.php?rest_route=\/wp\/v2\/media\/18535"}],"wp:attachment":[{"href":"https:\/\/infos-droitshumains.net\/index.php?rest_route=%2Fwp%2Fv2%2Fmedia&parent=18533"}],"wp:term":[{"taxonomy":"category","embeddable":true,"href":"https:\/\/infos-droitshumains.net\/index.php?rest_route=%2Fwp%2Fv2%2Fcategories&post=18533"},{"taxonomy":"post_tag","embeddable":true,"href":"https:\/\/infos-droitshumains.net\/index.php?rest_route=%2Fwp%2Fv2%2Ftags&post=18533"}],"curies":[{"name":"wp","href":"https:\/\/api.w.org\/{rel}","templated":true}]}}