{"id":1853,"date":"2022-02-09T09:42:31","date_gmt":"2022-02-09T08:42:31","guid":{"rendered":"https:\/\/infos-droitshumains.net\/?p=1853"},"modified":"2023-04-06T12:10:30","modified_gmt":"2023-04-06T10:10:30","slug":"presidence-de-la-republique-la-page-francois-beya-tournee-felix-tshisekedi-nomme-un-nouveau-conseil-special-en-matiere-de-securite","status":"publish","type":"post","link":"https:\/\/infos-droitshumains.net\/?p=1853","title":{"rendered":"Pr\u00e9sidence de la R\u00e9publique :La page Fran\u00e7ois Beya tourn\u00e9e, F\u00e9lix Tshisekedi nomme un nouveau conseil sp\u00e9cial en mati\u00e8re de s\u00e9curit\u00e9"},"content":{"rendered":"\n<p><strong>R\u00e9daction :+243817406088<\/strong><\/p>\n\n\n\n<p>L&rsquo;annonce a \u00e9t\u00e9 faite ce mardi 8 f\u00e9vrier 2022 dans une correspondance du directeur de cabinet du chef de l&rsquo;\u00c9tat adress\u00e9e au nouveau Patron de s\u00e9curit\u00e9 du Pr\u00e9sident de la R\u00e9publique. Jean-Claude Bukasa, c&rsquo;est lui qui est d\u00e9sign\u00e9 conseiller sp\u00e9cial int\u00e9rimaire du chef de l\u2019\u00c9tat en mati\u00e8re de s\u00e9curit\u00e9 en remplacement de Fran\u00e7ois Beya :<\/p>\n\n\n\n<p><strong><em>\u00abSur instructions de la haute hi\u00e9rarchie et compte tenu de l\u2019emp\u00eachement du conseiller sp\u00e9cial du chef de l\u2019\u00c9tat en mati\u00e8re de s\u00e9curit\u00e9, j\u2019ai l\u2019avantage vous informer que vous \u00eates d\u00e9signez pour faire l\u2019int\u00e9rim de dernier, et ce, conform\u00e9ment aux dispositions de l\u2019article2 de l\u2019ordonnance num\u00e9ro 92-144 du 2 octobre 1992 portant organisation et fonctionnement du service du conseiller sp\u00e9cial du chef de l\u2019\u00c9tat en mati\u00e8re de s\u00e9curit\u00e9, ainsi qu\u2019aux articles 1 et 2 de l\u2019ordonnance num\u00e9ro 96-031 du 10 mai 1996 fixant les structures du conseiller sp\u00e9cial du chef de l\u2019\u00c9tat en mati\u00e8re de s\u00e9curit\u00e9\u00bb<\/em><\/strong> peut-on lire dans cette correspondance.<\/p>\n\n\n\n<figure class=\"wp-block-image alignfull size-large\"><img data-recalc-dims=\"1\" decoding=\"async\" src=\"https:\/\/i0.wp.com\/infos-droitshumains.net\/wp-content\/uploads\/2022\/02\/IMG-20220209-WA0003_1.jpg?w=640&#038;ssl=1\" alt=\"\" class=\"wp-image-1857\"\/><\/figure>\n\n\n\n<p>Cette nomination fait suite \u00e0 l\u2019interpellation de Fran\u00e7ois Beya depuis le samedi 05 f\u00e9vrier \u00e0 l&rsquo;Agence Nationale des Renseignements, ANR. Le d\u00e9sormais ex-conseiller sp\u00e9cial du chef de l\u2019\u00c9tat en mati\u00e8re de s\u00e9curit\u00e9 y est entrain d\u2019\u00eatre auditionn\u00e9. Dans une communication faite ce mardi \u00e0 la t\u00e9l\u00e9vision nationale, le porte-parole du pr\u00e9sident de la R\u00e9publique a confirm\u00e9 que l\u2019Agence Nationale des Renseignements disposait des Indices suffisamment s\u00e9rieux contre la s\u00fbret\u00e9 nationale.<\/p>\n\n\n\n<p>Avec cette d\u00e9cision, il fait l\u2019ombre d\u2019aucun doute que le tout puissant conseiller sp\u00e9cial du chef de l\u2019\u00c9tat appartient d\u00e9sormais au pass\u00e9.<\/p>\n\n\n\n<p>Jo\u00ebl Diawa<\/p>\n","protected":false},"excerpt":{"rendered":"<p>R\u00e9daction :+243817406088 L&rsquo;annonce a \u00e9t\u00e9 faite ce mardi 8 f\u00e9vrier 2022 dans une correspondance du&#8230;<\/p>\n","protected":false},"author":2,"featured_media":0,"comment_status":"closed","ping_status":"open","sticky":false,"template":"","format":"standard","meta":{"_jetpack_memberships_contains_paid_content":false,"footnotes":""},"categories":[1],"tags":[],"class_list":["post-1853","post","type-post","status-publish","format-standard","hentry","category-non-classe"],"yoast_head":"<!-- This site is optimized with the Yoast SEO plugin v27.5 - https:\/\/yoast.com\/product\/yoast-seo-wordpress\/ -->\n<title>Pr\u00e9sidence de la R\u00e9publique :La page Fran\u00e7ois Beya tourn\u00e9e, F\u00e9lix Tshisekedi nomme un nouveau conseil sp\u00e9cial en mati\u00e8re de s\u00e9curit\u00e9 - Infos Droits Humains<\/title>\n<meta name=\"robots\" content=\"index, follow, max-snippet:-1, max-image-preview:large, max-video-preview:-1\" \/>\n<link rel=\"canonical\" href=\"https:\/\/infos-droitshumains.net\/?p=1853\" \/>\n<meta property=\"og:locale\" content=\"fr_FR\" \/>\n<meta property=\"og:type\" content=\"article\" \/>\n<meta property=\"og:title\" content=\"Pr\u00e9sidence de la R\u00e9publique :La page Fran\u00e7ois Beya tourn\u00e9e, F\u00e9lix Tshisekedi nomme un nouveau conseil sp\u00e9cial en mati\u00e8re de s\u00e9curit\u00e9 - Infos Droits Humains\" \/>\n<meta property=\"og:description\" content=\"R\u00e9daction :+243817406088 L&rsquo;annonce a \u00e9t\u00e9 faite ce mardi 8 f\u00e9vrier 2022 dans une correspondance du...\" \/>\n<meta property=\"og:url\" content=\"https:\/\/infos-droitshumains.net\/?p=1853\" \/>\n<meta property=\"og:site_name\" content=\"Infos Droits Humains\" \/>\n<meta property=\"article:published_time\" content=\"2022-02-09T08:42:31+00:00\" \/>\n<meta property=\"article:modified_time\" content=\"2023-04-06T10:10:30+00:00\" \/>\n<meta property=\"og:image\" content=\"https:\/\/infos-droitshumains.net\/wp-content\/uploads\/2022\/02\/IMG-20220209-WA0003_1.jpg\" \/>\n<meta name=\"author\" content=\"Jo\u00ebl Diawa\" \/>\n<meta name=\"twitter:card\" content=\"summary_large_image\" \/>\n<meta name=\"twitter:label1\" content=\"\u00c9crit par\" \/>\n\t<meta name=\"twitter:data1\" content=\"Jo\u00ebl Diawa\" \/>\n\t<meta name=\"twitter:label2\" content=\"Dur\u00e9e de lecture estim\u00e9e\" \/>\n\t<meta name=\"twitter:data2\" content=\"2 minutes\" \/>\n<script type=\"application\/ld+json\" class=\"yoast-schema-graph\">{\"@context\":\"https:\\\/\\\/schema.org\",\"@graph\":[{\"@type\":\"Article\",\"@id\":\"https:\\\/\\\/infos-droitshumains.net\\\/?p=1853#article\",\"isPartOf\":{\"@id\":\"https:\\\/\\\/infos-droitshumains.net\\\/?p=1853\"},\"author\":{\"name\":\"Jo\u00ebl Diawa\",\"@id\":\"https:\\\/\\\/infos-droitshumains.net\\\/#\\\/schema\\\/person\\\/3dc5e921c3302172e0ed4362f96faab7\"},\"headline\":\"Pr\u00e9sidence de la R\u00e9publique :La page Fran\u00e7ois Beya tourn\u00e9e, F\u00e9lix Tshisekedi nomme un nouveau conseil sp\u00e9cial en mati\u00e8re de s\u00e9curit\u00e9\",\"datePublished\":\"2022-02-09T08:42:31+00:00\",\"dateModified\":\"2023-04-06T10:10:30+00:00\",\"mainEntityOfPage\":{\"@id\":\"https:\\\/\\\/infos-droitshumains.net\\\/?p=1853\"},\"wordCount\":329,\"publisher\":{\"@id\":\"https:\\\/\\\/infos-droitshumains.net\\\/#organization\"},\"image\":{\"@id\":\"https:\\\/\\\/infos-droitshumains.net\\\/?p=1853#primaryimage\"},\"thumbnailUrl\":\"https:\\\/\\\/infos-droitshumains.net\\\/wp-content\\\/uploads\\\/2022\\\/02\\\/IMG-20220209-WA0003_1.jpg\",\"inLanguage\":\"fr-FR\"},{\"@type\":\"WebPage\",\"@id\":\"https:\\\/\\\/infos-droitshumains.net\\\/?p=1853\",\"url\":\"https:\\\/\\\/infos-droitshumains.net\\\/?p=1853\",\"name\":\"Pr\u00e9sidence de la R\u00e9publique :La page Fran\u00e7ois Beya tourn\u00e9e, F\u00e9lix Tshisekedi nomme un nouveau conseil sp\u00e9cial en mati\u00e8re de s\u00e9curit\u00e9 - Infos Droits Humains\",\"isPartOf\":{\"@id\":\"https:\\\/\\\/infos-droitshumains.net\\\/#website\"},\"primaryImageOfPage\":{\"@id\":\"https:\\\/\\\/infos-droitshumains.net\\\/?p=1853#primaryimage\"},\"image\":{\"@id\":\"https:\\\/\\\/infos-droitshumains.net\\\/?p=1853#primaryimage\"},\"thumbnailUrl\":\"https:\\\/\\\/infos-droitshumains.net\\\/wp-content\\\/uploads\\\/2022\\\/02\\\/IMG-20220209-WA0003_1.jpg\",\"datePublished\":\"2022-02-09T08:42:31+00:00\",\"dateModified\":\"2023-04-06T10:10:30+00:00\",\"breadcrumb\":{\"@id\":\"https:\\\/\\\/infos-droitshumains.net\\\/?p=1853#breadcrumb\"},\"inLanguage\":\"fr-FR\",\"potentialAction\":[{\"@type\":\"ReadAction\",\"target\":[\"https:\\\/\\\/infos-droitshumains.net\\\/?p=1853\"]}]},{\"@type\":\"ImageObject\",\"inLanguage\":\"fr-FR\",\"@id\":\"https:\\\/\\\/infos-droitshumains.net\\\/?p=1853#primaryimage\",\"url\":\"https:\\\/\\\/infos-droitshumains.net\\\/wp-content\\\/uploads\\\/2022\\\/02\\\/IMG-20220209-WA0003_1.jpg\",\"contentUrl\":\"https:\\\/\\\/infos-droitshumains.net\\\/wp-content\\\/uploads\\\/2022\\\/02\\\/IMG-20220209-WA0003_1.jpg\"},{\"@type\":\"BreadcrumbList\",\"@id\":\"https:\\\/\\\/infos-droitshumains.net\\\/?p=1853#breadcrumb\",\"itemListElement\":[{\"@type\":\"ListItem\",\"position\":1,\"name\":\"Accueil\",\"item\":\"https:\\\/\\\/infos-droitshumains.net\\\/\"},{\"@type\":\"ListItem\",\"position\":2,\"name\":\"Pr\u00e9sidence de la R\u00e9publique :La page Fran\u00e7ois Beya tourn\u00e9e, F\u00e9lix Tshisekedi nomme un nouveau conseil sp\u00e9cial en mati\u00e8re de s\u00e9curit\u00e9\"}]},{\"@type\":\"WebSite\",\"@id\":\"https:\\\/\\\/infos-droitshumains.net\\\/#website\",\"url\":\"https:\\\/\\\/infos-droitshumains.net\\\/\",\"name\":\"Infos Droits Humains\",\"description\":\"S&#039;informer est un droit\",\"publisher\":{\"@id\":\"https:\\\/\\\/infos-droitshumains.net\\\/#organization\"},\"potentialAction\":[{\"@type\":\"SearchAction\",\"target\":{\"@type\":\"EntryPoint\",\"urlTemplate\":\"https:\\\/\\\/infos-droitshumains.net\\\/?s={search_term_string}\"},\"query-input\":{\"@type\":\"PropertyValueSpecification\",\"valueRequired\":true,\"valueName\":\"search_term_string\"}}],\"inLanguage\":\"fr-FR\"},{\"@type\":\"Organization\",\"@id\":\"https:\\\/\\\/infos-droitshumains.net\\\/#organization\",\"name\":\"Infos Droits Humains\",\"url\":\"https:\\\/\\\/infos-droitshumains.net\\\/\",\"logo\":{\"@type\":\"ImageObject\",\"inLanguage\":\"fr-FR\",\"@id\":\"https:\\\/\\\/infos-droitshumains.net\\\/#\\\/schema\\\/logo\\\/image\\\/\",\"url\":\"https:\\\/\\\/i0.wp.com\\\/infos-droitshumains.net\\\/wp-content\\\/uploads\\\/2022\\\/05\\\/Logo.png?fit=333%2C129&ssl=1\",\"contentUrl\":\"https:\\\/\\\/i0.wp.com\\\/infos-droitshumains.net\\\/wp-content\\\/uploads\\\/2022\\\/05\\\/Logo.png?fit=333%2C129&ssl=1\",\"width\":333,\"height\":129,\"caption\":\"Infos Droits Humains\"},\"image\":{\"@id\":\"https:\\\/\\\/infos-droitshumains.net\\\/#\\\/schema\\\/logo\\\/image\\\/\"}},{\"@type\":\"Person\",\"@id\":\"https:\\\/\\\/infos-droitshumains.net\\\/#\\\/schema\\\/person\\\/3dc5e921c3302172e0ed4362f96faab7\",\"name\":\"Jo\u00ebl Diawa\",\"image\":{\"@type\":\"ImageObject\",\"inLanguage\":\"fr-FR\",\"@id\":\"https:\\\/\\\/secure.gravatar.com\\\/avatar\\\/729bea6ff4604c624417803c477363be8e3c7186deaa65713313f9b4b820f41c?s=96&d=mm&r=g\",\"url\":\"https:\\\/\\\/secure.gravatar.com\\\/avatar\\\/729bea6ff4604c624417803c477363be8e3c7186deaa65713313f9b4b820f41c?s=96&d=mm&r=g\",\"contentUrl\":\"https:\\\/\\\/secure.gravatar.com\\\/avatar\\\/729bea6ff4604c624417803c477363be8e3c7186deaa65713313f9b4b820f41c?s=96&d=mm&r=g\",\"caption\":\"Jo\u00ebl Diawa\"},\"sameAs\":[\"https:\\\/\\\/www.infos-droitshumains.net\"],\"url\":\"https:\\\/\\\/infos-droitshumains.net\\\/?author=2\"}]}<\/script>\n<!-- \/ Yoast SEO plugin. -->","yoast_head_json":{"title":"Pr\u00e9sidence de la R\u00e9publique :La page Fran\u00e7ois Beya tourn\u00e9e, F\u00e9lix Tshisekedi nomme un nouveau conseil sp\u00e9cial en mati\u00e8re de s\u00e9curit\u00e9 - Infos Droits Humains","robots":{"index":"index","follow":"follow","max-snippet":"max-snippet:-1","max-image-preview":"max-image-preview:large","max-video-preview":"max-video-preview:-1"},"canonical":"https:\/\/infos-droitshumains.net\/?p=1853","og_locale":"fr_FR","og_type":"article","og_title":"Pr\u00e9sidence de la R\u00e9publique :La page Fran\u00e7ois Beya tourn\u00e9e, F\u00e9lix Tshisekedi nomme un nouveau conseil sp\u00e9cial en mati\u00e8re de s\u00e9curit\u00e9 - Infos Droits Humains","og_description":"R\u00e9daction :+243817406088 L&rsquo;annonce a \u00e9t\u00e9 faite ce mardi 8 f\u00e9vrier 2022 dans une correspondance du...","og_url":"https:\/\/infos-droitshumains.net\/?p=1853","og_site_name":"Infos Droits Humains","article_published_time":"2022-02-09T08:42:31+00:00","article_modified_time":"2023-04-06T10:10:30+00:00","og_image":[{"url":"https:\/\/infos-droitshumains.net\/wp-content\/uploads\/2022\/02\/IMG-20220209-WA0003_1.jpg","type":"","width":"","height":""}],"author":"Jo\u00ebl Diawa","twitter_card":"summary_large_image","twitter_misc":{"\u00c9crit par":"Jo\u00ebl Diawa","Dur\u00e9e de lecture estim\u00e9e":"2 minutes"},"schema":{"@context":"https:\/\/schema.org","@graph":[{"@type":"Article","@id":"https:\/\/infos-droitshumains.net\/?p=1853#article","isPartOf":{"@id":"https:\/\/infos-droitshumains.net\/?p=1853"},"author":{"name":"Jo\u00ebl Diawa","@id":"https:\/\/infos-droitshumains.net\/#\/schema\/person\/3dc5e921c3302172e0ed4362f96faab7"},"headline":"Pr\u00e9sidence de la R\u00e9publique :La page Fran\u00e7ois Beya tourn\u00e9e, F\u00e9lix Tshisekedi nomme un nouveau conseil sp\u00e9cial en mati\u00e8re de s\u00e9curit\u00e9","datePublished":"2022-02-09T08:42:31+00:00","dateModified":"2023-04-06T10:10:30+00:00","mainEntityOfPage":{"@id":"https:\/\/infos-droitshumains.net\/?p=1853"},"wordCount":329,"publisher":{"@id":"https:\/\/infos-droitshumains.net\/#organization"},"image":{"@id":"https:\/\/infos-droitshumains.net\/?p=1853#primaryimage"},"thumbnailUrl":"https:\/\/infos-droitshumains.net\/wp-content\/uploads\/2022\/02\/IMG-20220209-WA0003_1.jpg","inLanguage":"fr-FR"},{"@type":"WebPage","@id":"https:\/\/infos-droitshumains.net\/?p=1853","url":"https:\/\/infos-droitshumains.net\/?p=1853","name":"Pr\u00e9sidence de la R\u00e9publique :La page Fran\u00e7ois Beya tourn\u00e9e, F\u00e9lix Tshisekedi nomme un nouveau conseil sp\u00e9cial en mati\u00e8re de s\u00e9curit\u00e9 - Infos Droits Humains","isPartOf":{"@id":"https:\/\/infos-droitshumains.net\/#website"},"primaryImageOfPage":{"@id":"https:\/\/infos-droitshumains.net\/?p=1853#primaryimage"},"image":{"@id":"https:\/\/infos-droitshumains.net\/?p=1853#primaryimage"},"thumbnailUrl":"https:\/\/infos-droitshumains.net\/wp-content\/uploads\/2022\/02\/IMG-20220209-WA0003_1.jpg","datePublished":"2022-02-09T08:42:31+00:00","dateModified":"2023-04-06T10:10:30+00:00","breadcrumb":{"@id":"https:\/\/infos-droitshumains.net\/?p=1853#breadcrumb"},"inLanguage":"fr-FR","potentialAction":[{"@type":"ReadAction","target":["https:\/\/infos-droitshumains.net\/?p=1853"]}]},{"@type":"ImageObject","inLanguage":"fr-FR","@id":"https:\/\/infos-droitshumains.net\/?p=1853#primaryimage","url":"https:\/\/infos-droitshumains.net\/wp-content\/uploads\/2022\/02\/IMG-20220209-WA0003_1.jpg","contentUrl":"https:\/\/infos-droitshumains.net\/wp-content\/uploads\/2022\/02\/IMG-20220209-WA0003_1.jpg"},{"@type":"BreadcrumbList","@id":"https:\/\/infos-droitshumains.net\/?p=1853#breadcrumb","itemListElement":[{"@type":"ListItem","position":1,"name":"Accueil","item":"https:\/\/infos-droitshumains.net\/"},{"@type":"ListItem","position":2,"name":"Pr\u00e9sidence de la R\u00e9publique :La page Fran\u00e7ois Beya tourn\u00e9e, F\u00e9lix Tshisekedi nomme un nouveau conseil sp\u00e9cial en mati\u00e8re de s\u00e9curit\u00e9"}]},{"@type":"WebSite","@id":"https:\/\/infos-droitshumains.net\/#website","url":"https:\/\/infos-droitshumains.net\/","name":"Infos Droits Humains","description":"S&#039;informer est un droit","publisher":{"@id":"https:\/\/infos-droitshumains.net\/#organization"},"potentialAction":[{"@type":"SearchAction","target":{"@type":"EntryPoint","urlTemplate":"https:\/\/infos-droitshumains.net\/?s={search_term_string}"},"query-input":{"@type":"PropertyValueSpecification","valueRequired":true,"valueName":"search_term_string"}}],"inLanguage":"fr-FR"},{"@type":"Organization","@id":"https:\/\/infos-droitshumains.net\/#organization","name":"Infos Droits Humains","url":"https:\/\/infos-droitshumains.net\/","logo":{"@type":"ImageObject","inLanguage":"fr-FR","@id":"https:\/\/infos-droitshumains.net\/#\/schema\/logo\/image\/","url":"https:\/\/i0.wp.com\/infos-droitshumains.net\/wp-content\/uploads\/2022\/05\/Logo.png?fit=333%2C129&ssl=1","contentUrl":"https:\/\/i0.wp.com\/infos-droitshumains.net\/wp-content\/uploads\/2022\/05\/Logo.png?fit=333%2C129&ssl=1","width":333,"height":129,"caption":"Infos Droits Humains"},"image":{"@id":"https:\/\/infos-droitshumains.net\/#\/schema\/logo\/image\/"}},{"@type":"Person","@id":"https:\/\/infos-droitshumains.net\/#\/schema\/person\/3dc5e921c3302172e0ed4362f96faab7","name":"Jo\u00ebl Diawa","image":{"@type":"ImageObject","inLanguage":"fr-FR","@id":"https:\/\/secure.gravatar.com\/avatar\/729bea6ff4604c624417803c477363be8e3c7186deaa65713313f9b4b820f41c?s=96&d=mm&r=g","url":"https:\/\/secure.gravatar.com\/avatar\/729bea6ff4604c624417803c477363be8e3c7186deaa65713313f9b4b820f41c?s=96&d=mm&r=g","contentUrl":"https:\/\/secure.gravatar.com\/avatar\/729bea6ff4604c624417803c477363be8e3c7186deaa65713313f9b4b820f41c?s=96&d=mm&r=g","caption":"Jo\u00ebl Diawa"},"sameAs":["https:\/\/www.infos-droitshumains.net"],"url":"https:\/\/infos-droitshumains.net\/?author=2"}]}},"featured_image_urls":{"full":"","thumbnail":"","medium":"","medium_large":"","large":"","1536x1536":"","2048x2048":"","covernews-slider-full":"","covernews-slider-center":"","covernews-featured":"","covernews-medium":"","covernews-medium-square":""},"author_info":{"display_name":"Jo\u00ebl Diawa","author_link":"https:\/\/infos-droitshumains.net\/?author=2"},"category_info":"<a href=\"https:\/\/infos-droitshumains.net\/?cat=1\" rel=\"category\">Non class\u00e9<\/a>","tag_info":"Non class\u00e9","comment_count":"0","jetpack_featured_media_url":"","jetpack-related-posts":[],"jetpack_sharing_enabled":true,"_links":{"self":[{"href":"https:\/\/infos-droitshumains.net\/index.php?rest_route=\/wp\/v2\/posts\/1853","targetHints":{"allow":["GET"]}}],"collection":[{"href":"https:\/\/infos-droitshumains.net\/index.php?rest_route=\/wp\/v2\/posts"}],"about":[{"href":"https:\/\/infos-droitshumains.net\/index.php?rest_route=\/wp\/v2\/types\/post"}],"author":[{"embeddable":true,"href":"https:\/\/infos-droitshumains.net\/index.php?rest_route=\/wp\/v2\/users\/2"}],"replies":[{"embeddable":true,"href":"https:\/\/infos-droitshumains.net\/index.php?rest_route=%2Fwp%2Fv2%2Fcomments&post=1853"}],"version-history":[{"count":7,"href":"https:\/\/infos-droitshumains.net\/index.php?rest_route=\/wp\/v2\/posts\/1853\/revisions"}],"predecessor-version":[{"id":1863,"href":"https:\/\/infos-droitshumains.net\/index.php?rest_route=\/wp\/v2\/posts\/1853\/revisions\/1863"}],"wp:attachment":[{"href":"https:\/\/infos-droitshumains.net\/index.php?rest_route=%2Fwp%2Fv2%2Fmedia&parent=1853"}],"wp:term":[{"taxonomy":"category","embeddable":true,"href":"https:\/\/infos-droitshumains.net\/index.php?rest_route=%2Fwp%2Fv2%2Fcategories&post=1853"},{"taxonomy":"post_tag","embeddable":true,"href":"https:\/\/infos-droitshumains.net\/index.php?rest_route=%2Fwp%2Fv2%2Ftags&post=1853"}],"curies":[{"name":"wp","href":"https:\/\/api.w.org\/{rel}","templated":true}]}}