{"id":18432,"date":"2026-03-25T23:09:23","date_gmt":"2026-03-25T22:09:23","guid":{"rendered":"https:\/\/infos-droitshumains.net\/?p=18432"},"modified":"2026-03-26T10:48:23","modified_gmt":"2026-03-26T09:48:23","slug":"kinshasa-gombe-la-premiere-presidente-de-la-cour-dappel-receptionne-des-kits-informatiques-pour-accelerer-la-dematerialisation-des-procedures-et-la-maximisation-des-recettes","status":"publish","type":"post","link":"https:\/\/infos-droitshumains.net\/?p=18432","title":{"rendered":"Kinshasa-Gombe : La Premi\u00e8re Pr\u00e9sidente de la Cour d\u2019Appel r\u00e9ceptionne des kits informatiques pour acc\u00e9l\u00e9rer la d\u00e9mat\u00e9rialisation des proc\u00e9dures et la maximisation des recettes"},"content":{"rendered":"\n<p><strong>R\u00e9daction: +243 817 406 088<\/strong><\/p>\n\n\n\n<h3 class=\"wp-block-heading has-vivid-red-color has-text-color has-link-color wp-elements-b5c8896366509ec308206b97a85a9ba7\">Une \u00e9tape significative vient d\u2019\u00eatre franchie dans le processus de modernisation de l\u2019appareil judiciaire congolais. Ce mercredi 25 mars 2026, le Conseil Sup\u00e9rieur de la Magistrature a proc\u00e9d\u00e9 \u00e0 la remise officielle de kits informatiques aux juridictions et parquets relevant du ressort de la Cour d\u2019appel de Kinshasa-Gombe.<\/h3>\n\n\n\n<figure class=\"wp-block-image alignfull size-full\"><img data-recalc-dims=\"1\" fetchpriority=\"high\" decoding=\"async\" width=\"640\" height=\"427\" src=\"https:\/\/i0.wp.com\/infos-droitshumains.net\/wp-content\/uploads\/2026\/03\/1001470798.jpg?resize=640%2C427&#038;ssl=1\" alt=\"\" class=\"wp-image-18435\" srcset=\"https:\/\/i0.wp.com\/infos-droitshumains.net\/wp-content\/uploads\/2026\/03\/1001470798.jpg?w=920&amp;ssl=1 920w, https:\/\/i0.wp.com\/infos-droitshumains.net\/wp-content\/uploads\/2026\/03\/1001470798.jpg?resize=300%2C200&amp;ssl=1 300w, https:\/\/i0.wp.com\/infos-droitshumains.net\/wp-content\/uploads\/2026\/03\/1001470798.jpg?resize=768%2C513&amp;ssl=1 768w\" sizes=\"(max-width: 640px) 100vw, 640px\" \/><\/figure>\n\n\n\n<p>Ce lot, compos\u00e9 notamment d\u2019ordinateurs et d\u2019imprimantes, a \u00e9t\u00e9 acquis avec l\u2019appui du Comit\u00e9 de Pilotage et d\u2019Orientation de la R\u00e9forme des Finances Publiques (COREF). Il vise \u00e0 renforcer les capacit\u00e9s op\u00e9rationnelles des services judiciaires, tout en posant les bases d\u2019une transformation num\u00e9rique durable du syst\u00e8me judiciaire.<\/p>\n\n\n\n<figure class=\"wp-block-image alignfull size-full\"><img data-recalc-dims=\"1\" decoding=\"async\" width=\"640\" height=\"427\" src=\"https:\/\/i0.wp.com\/infos-droitshumains.net\/wp-content\/uploads\/2026\/03\/1001470828.jpg?resize=640%2C427&#038;ssl=1\" alt=\"\" class=\"wp-image-18437\" srcset=\"https:\/\/i0.wp.com\/infos-droitshumains.net\/wp-content\/uploads\/2026\/03\/1001470828.jpg?w=920&amp;ssl=1 920w, https:\/\/i0.wp.com\/infos-droitshumains.net\/wp-content\/uploads\/2026\/03\/1001470828.jpg?resize=300%2C200&amp;ssl=1 300w, https:\/\/i0.wp.com\/infos-droitshumains.net\/wp-content\/uploads\/2026\/03\/1001470828.jpg?resize=768%2C513&amp;ssl=1 768w\" sizes=\"(max-width: 640px) 100vw, 640px\" \/><\/figure>\n\n\n\n<p>Cette initiative s\u2019inscrit dans une dynamique plus large de r\u00e9forme de la gestion publique en R\u00e9publique d\u00e9mocratique du Congo. \u00c0 travers cette dotation, les autorit\u00e9s entendent am\u00e9liorer non seulement l\u2019efficacit\u00e9 du traitement des dossiers judiciaires, mais aussi la transparence dans la gestion des recettes.<\/p>\n\n\n\n<figure class=\"wp-block-image alignfull size-full\"><img data-recalc-dims=\"1\" decoding=\"async\" width=\"640\" height=\"427\" src=\"https:\/\/i0.wp.com\/infos-droitshumains.net\/wp-content\/uploads\/2026\/03\/1001470816.jpg?resize=640%2C427&#038;ssl=1\" alt=\"\" class=\"wp-image-18440\" srcset=\"https:\/\/i0.wp.com\/infos-droitshumains.net\/wp-content\/uploads\/2026\/03\/1001470816.jpg?w=920&amp;ssl=1 920w, https:\/\/i0.wp.com\/infos-droitshumains.net\/wp-content\/uploads\/2026\/03\/1001470816.jpg?resize=300%2C200&amp;ssl=1 300w, https:\/\/i0.wp.com\/infos-droitshumains.net\/wp-content\/uploads\/2026\/03\/1001470816.jpg?resize=768%2C513&amp;ssl=1 768w\" sizes=\"(max-width: 640px) 100vw, 640px\" \/><\/figure>\n\n\n\n<p>La d\u00e9mat\u00e9rialisation progressive des proc\u00e9dures appara\u00eet ainsi comme un levier strat\u00e9gique pour limiter les risques de fraude, s\u00e9curiser les donn\u00e9es, faciliter l\u2019acc\u00e8s \u00e0 l\u2019information judiciaire et maximiser les recettes judiciaires.<\/p>\n\n\n\n<p>La Premi\u00e8re Pr\u00e9sidente de la Cour d\u2019appel de Kinshasa-Gombe, Esp\u00e9rance Dia Akir Akir, qui a r\u00e9ceptionn\u00e9 ces kits, a exprim\u00e9 sa satisfaction face \u00e0 cette dotation inattendue, tout en prenant l\u2019engagement d\u2019en faire un usage responsable.<\/p>\n\n\n\n<figure class=\"wp-block-image alignfull size-full\"><img data-recalc-dims=\"1\" loading=\"lazy\" decoding=\"async\" width=\"640\" height=\"427\" src=\"https:\/\/i0.wp.com\/infos-droitshumains.net\/wp-content\/uploads\/2026\/03\/1001470792.jpg?resize=640%2C427&#038;ssl=1\" alt=\"\" class=\"wp-image-18441\" srcset=\"https:\/\/i0.wp.com\/infos-droitshumains.net\/wp-content\/uploads\/2026\/03\/1001470792.jpg?w=920&amp;ssl=1 920w, https:\/\/i0.wp.com\/infos-droitshumains.net\/wp-content\/uploads\/2026\/03\/1001470792.jpg?resize=300%2C200&amp;ssl=1 300w, https:\/\/i0.wp.com\/infos-droitshumains.net\/wp-content\/uploads\/2026\/03\/1001470792.jpg?resize=768%2C513&amp;ssl=1 768w\" sizes=\"(max-width: 640px) 100vw, 640px\" \/><\/figure>\n\n\n\n<p><em>\u00ab C\u2019\u00e9tait un effet de surprise agr\u00e9able, quelque chose \u00e0 laquelle on ne s\u2019attendait pas. Nous venons de r\u00e9ceptionner des ordinateurs et des imprimantes ; cela va nous permettre de bien travailler \u00bb<\/em>, a-t-elle d\u00e9clar\u00e9.<\/p>\n\n\n\n<p>Elle a \u00e9galement soulign\u00e9 l\u2019impact direct de ces \u00e9quipements sur la performance administrative et financi\u00e8re des juridictions :<\/p>\n\n\n\n<figure class=\"wp-block-image alignfull size-full\"><img data-recalc-dims=\"1\" loading=\"lazy\" decoding=\"async\" width=\"640\" height=\"427\" src=\"https:\/\/i0.wp.com\/infos-droitshumains.net\/wp-content\/uploads\/2026\/03\/1001470795.jpg?resize=640%2C427&#038;ssl=1\" alt=\"\" class=\"wp-image-18443\" srcset=\"https:\/\/i0.wp.com\/infos-droitshumains.net\/wp-content\/uploads\/2026\/03\/1001470795.jpg?w=920&amp;ssl=1 920w, https:\/\/i0.wp.com\/infos-droitshumains.net\/wp-content\/uploads\/2026\/03\/1001470795.jpg?resize=300%2C200&amp;ssl=1 300w, https:\/\/i0.wp.com\/infos-droitshumains.net\/wp-content\/uploads\/2026\/03\/1001470795.jpg?resize=768%2C513&amp;ssl=1 768w\" sizes=\"(max-width: 640px) 100vw, 640px\" \/><\/figure>\n\n\n\n<p><em>\u00ab Pour le minist\u00e8re des Finances, l\u2019objectif est d\u2019accro\u00eetre les ressources. Rassurez-vous que le travail sera fait et vous ne serez pas d\u00e9\u00e7us. Nous allons utiliser ce mat\u00e9riel en bon p\u00e8re de famille, tel qu\u2019il nous a \u00e9t\u00e9 recommand\u00e9. \u00bb<\/em><\/p>\n\n\n\n<p>Parmi les d\u00e9fis majeurs \u00e9voqu\u00e9s figure la conservation des archives judiciaires, longtemps confront\u00e9e \u00e0 des contraintes mat\u00e9rielles et logistiques.<\/p>\n\n\n\n<p><em>\u00ab La conservation des archives pose probl\u00e8me. Avec les ordinateurs que nous avons acquis, nous pourrons tr\u00e8s bien conserver nos donn\u00e9es \u00bb<\/em>, a expliqu\u00e9 la Premi\u00e8re Pr\u00e9sidente qui a en outre mis en avant les avantages li\u00e9s \u00e0 la tra\u00e7abilit\u00e9 num\u00e9rique :<\/p>\n\n\n\n<p><em>\u00ab Il serait difficile de tricher, parce qu\u2019avec les ordinateurs toutes les donn\u00e9es seront conserv\u00e9es. Il y aura aussi un accroissement des recettes du fait de la rapidit\u00e9. \u00bb<\/em><\/p>\n\n\n\n<figure class=\"wp-block-image alignfull size-full\"><img data-recalc-dims=\"1\" loading=\"lazy\" decoding=\"async\" width=\"640\" height=\"427\" src=\"https:\/\/i0.wp.com\/infos-droitshumains.net\/wp-content\/uploads\/2026\/03\/1001470825.jpg?resize=640%2C427&#038;ssl=1\" alt=\"\" class=\"wp-image-18446\" srcset=\"https:\/\/i0.wp.com\/infos-droitshumains.net\/wp-content\/uploads\/2026\/03\/1001470825.jpg?w=920&amp;ssl=1 920w, https:\/\/i0.wp.com\/infos-droitshumains.net\/wp-content\/uploads\/2026\/03\/1001470825.jpg?resize=300%2C200&amp;ssl=1 300w, https:\/\/i0.wp.com\/infos-droitshumains.net\/wp-content\/uploads\/2026\/03\/1001470825.jpg?resize=768%2C513&amp;ssl=1 768w\" sizes=\"(max-width: 640px) 100vw, 640px\" \/><\/figure>\n\n\n\n<p>Au-del\u00e0 de l\u2019am\u00e9lioration imm\u00e9diate des conditions de travail, cette dotation marque le d\u00e9but d\u2019une transformation plus profonde du fonctionnement judiciaire.<\/p>\n\n\n\n<p><em>\u00ab C\u2019est un d\u00e9but de d\u00e9mat\u00e9rialisation. C\u2019est vrai que c\u2019est un commencement, mais ils vont continuer. Au fur et \u00e0 mesure, le papier va dispara\u00eetre. La conservation des papiers pose \u00e9norm\u00e9ment de probl\u00e8mes. Cela demande beaucoup d\u2019espace, ce n\u2019est pas toujours \u00e9vident. &nbsp;\u00bb<\/em>, a-t-elle affirm\u00e9.<\/p>\n\n\n\n<figure class=\"wp-block-image alignfull size-full\"><img data-recalc-dims=\"1\" loading=\"lazy\" decoding=\"async\" width=\"640\" height=\"427\" src=\"https:\/\/i0.wp.com\/infos-droitshumains.net\/wp-content\/uploads\/2026\/03\/1001470798-1.jpg?resize=640%2C427&#038;ssl=1\" alt=\"\" class=\"wp-image-18448\" srcset=\"https:\/\/i0.wp.com\/infos-droitshumains.net\/wp-content\/uploads\/2026\/03\/1001470798-1.jpg?w=920&amp;ssl=1 920w, https:\/\/i0.wp.com\/infos-droitshumains.net\/wp-content\/uploads\/2026\/03\/1001470798-1.jpg?resize=300%2C200&amp;ssl=1 300w, https:\/\/i0.wp.com\/infos-droitshumains.net\/wp-content\/uploads\/2026\/03\/1001470798-1.jpg?resize=768%2C513&amp;ssl=1 768w\" sizes=\"(max-width: 640px) 100vw, 640px\" \/><\/figure>\n\n\n\n<p>En dotant les juridictions d\u2019outils num\u00e9riques modernes, le Conseil Sup\u00e9rieur de la Magistrature et ses partenaires entendent poser les jalons d\u2019une justice plus rapide, plus fiable et mieux adapt\u00e9e aux exigences contemporaines. Cette initiative pourrait, \u00e0 terme, am\u00e9liorer significativement la qualit\u00e9 du service public de la justice, renforcer la confiance des citoyens et contribuer \u00e0 une meilleure mobilisation des recettes publiques.<\/p>\n\n\n\n<p>Jo\u00ebl Diawa<\/p>\n","protected":false},"excerpt":{"rendered":"<p>R\u00e9daction: +243 817 406 088 Une \u00e9tape significative vient d\u2019\u00eatre franchie dans le processus de&#8230;<\/p>\n","protected":false},"author":2,"featured_media":18446,"comment_status":"open","ping_status":"open","sticky":false,"template":"","format":"standard","meta":{"_jetpack_memberships_contains_paid_content":false,"footnotes":""},"categories":[6],"tags":[],"class_list":["post-18432","post","type-post","status-publish","format-standard","has-post-thumbnail","hentry","category-justice"],"yoast_head":"<!-- This site is optimized with the Yoast SEO plugin v27.5 - https:\/\/yoast.com\/product\/yoast-seo-wordpress\/ -->\n<title>Kinshasa-Gombe : La Premi\u00e8re Pr\u00e9sidente de la Cour d\u2019Appel r\u00e9ceptionne des kits informatiques pour acc\u00e9l\u00e9rer la d\u00e9mat\u00e9rialisation des proc\u00e9dures et la maximisation des recettes - Infos Droits Humains<\/title>\n<meta name=\"robots\" content=\"index, follow, max-snippet:-1, max-image-preview:large, max-video-preview:-1\" \/>\n<link rel=\"canonical\" href=\"https:\/\/infos-droitshumains.net\/?p=18432\" \/>\n<meta property=\"og:locale\" content=\"fr_FR\" \/>\n<meta property=\"og:type\" content=\"article\" \/>\n<meta property=\"og:title\" content=\"Kinshasa-Gombe : La Premi\u00e8re Pr\u00e9sidente de la Cour d\u2019Appel r\u00e9ceptionne des kits informatiques pour acc\u00e9l\u00e9rer la d\u00e9mat\u00e9rialisation des proc\u00e9dures et la maximisation des recettes - Infos Droits Humains\" \/>\n<meta property=\"og:description\" content=\"R\u00e9daction: +243 817 406 088 Une \u00e9tape significative vient d\u2019\u00eatre franchie dans le processus de...\" \/>\n<meta property=\"og:url\" content=\"https:\/\/infos-droitshumains.net\/?p=18432\" \/>\n<meta property=\"og:site_name\" content=\"Infos Droits Humains\" \/>\n<meta property=\"article:published_time\" content=\"2026-03-25T22:09:23+00:00\" \/>\n<meta property=\"article:modified_time\" content=\"2026-03-26T09:48:23+00:00\" \/>\n<meta property=\"og:image\" content=\"https:\/\/infos-droitshumains.net\/wp-content\/uploads\/2026\/03\/1001470825.jpg\" \/>\n\t<meta property=\"og:image:width\" content=\"920\" \/>\n\t<meta property=\"og:image:height\" content=\"614\" \/>\n\t<meta property=\"og:image:type\" content=\"image\/jpeg\" \/>\n<meta name=\"author\" content=\"Jo\u00ebl Diawa\" \/>\n<meta name=\"twitter:card\" content=\"summary_large_image\" \/>\n<meta name=\"twitter:label1\" content=\"\u00c9crit par\" \/>\n\t<meta name=\"twitter:data1\" content=\"Jo\u00ebl Diawa\" \/>\n\t<meta name=\"twitter:label2\" content=\"Dur\u00e9e de lecture estim\u00e9e\" \/>\n\t<meta name=\"twitter:data2\" content=\"5 minutes\" \/>\n<script type=\"application\/ld+json\" class=\"yoast-schema-graph\">{\"@context\":\"https:\\\/\\\/schema.org\",\"@graph\":[{\"@type\":\"Article\",\"@id\":\"https:\\\/\\\/infos-droitshumains.net\\\/?p=18432#article\",\"isPartOf\":{\"@id\":\"https:\\\/\\\/infos-droitshumains.net\\\/?p=18432\"},\"author\":{\"name\":\"Jo\u00ebl Diawa\",\"@id\":\"https:\\\/\\\/infos-droitshumains.net\\\/#\\\/schema\\\/person\\\/3dc5e921c3302172e0ed4362f96faab7\"},\"headline\":\"Kinshasa-Gombe : La Premi\u00e8re Pr\u00e9sidente de la Cour d\u2019Appel r\u00e9ceptionne des kits informatiques pour acc\u00e9l\u00e9rer la d\u00e9mat\u00e9rialisation des proc\u00e9dures et la maximisation des recettes\",\"datePublished\":\"2026-03-25T22:09:23+00:00\",\"dateModified\":\"2026-03-26T09:48:23+00:00\",\"mainEntityOfPage\":{\"@id\":\"https:\\\/\\\/infos-droitshumains.net\\\/?p=18432\"},\"wordCount\":617,\"commentCount\":0,\"publisher\":{\"@id\":\"https:\\\/\\\/infos-droitshumains.net\\\/#organization\"},\"image\":{\"@id\":\"https:\\\/\\\/infos-droitshumains.net\\\/?p=18432#primaryimage\"},\"thumbnailUrl\":\"https:\\\/\\\/i0.wp.com\\\/infos-droitshumains.net\\\/wp-content\\\/uploads\\\/2026\\\/03\\\/1001470825.jpg?fit=920%2C614&ssl=1\",\"articleSection\":[\"Justice\"],\"inLanguage\":\"fr-FR\",\"potentialAction\":[{\"@type\":\"CommentAction\",\"name\":\"Comment\",\"target\":[\"https:\\\/\\\/infos-droitshumains.net\\\/?p=18432#respond\"]}]},{\"@type\":\"WebPage\",\"@id\":\"https:\\\/\\\/infos-droitshumains.net\\\/?p=18432\",\"url\":\"https:\\\/\\\/infos-droitshumains.net\\\/?p=18432\",\"name\":\"Kinshasa-Gombe : La Premi\u00e8re Pr\u00e9sidente de la Cour d\u2019Appel r\u00e9ceptionne des kits informatiques pour acc\u00e9l\u00e9rer la d\u00e9mat\u00e9rialisation des proc\u00e9dures et la maximisation des recettes - Infos Droits Humains\",\"isPartOf\":{\"@id\":\"https:\\\/\\\/infos-droitshumains.net\\\/#website\"},\"primaryImageOfPage\":{\"@id\":\"https:\\\/\\\/infos-droitshumains.net\\\/?p=18432#primaryimage\"},\"image\":{\"@id\":\"https:\\\/\\\/infos-droitshumains.net\\\/?p=18432#primaryimage\"},\"thumbnailUrl\":\"https:\\\/\\\/i0.wp.com\\\/infos-droitshumains.net\\\/wp-content\\\/uploads\\\/2026\\\/03\\\/1001470825.jpg?fit=920%2C614&ssl=1\",\"datePublished\":\"2026-03-25T22:09:23+00:00\",\"dateModified\":\"2026-03-26T09:48:23+00:00\",\"breadcrumb\":{\"@id\":\"https:\\\/\\\/infos-droitshumains.net\\\/?p=18432#breadcrumb\"},\"inLanguage\":\"fr-FR\",\"potentialAction\":[{\"@type\":\"ReadAction\",\"target\":[\"https:\\\/\\\/infos-droitshumains.net\\\/?p=18432\"]}]},{\"@type\":\"ImageObject\",\"inLanguage\":\"fr-FR\",\"@id\":\"https:\\\/\\\/infos-droitshumains.net\\\/?p=18432#primaryimage\",\"url\":\"https:\\\/\\\/i0.wp.com\\\/infos-droitshumains.net\\\/wp-content\\\/uploads\\\/2026\\\/03\\\/1001470825.jpg?fit=920%2C614&ssl=1\",\"contentUrl\":\"https:\\\/\\\/i0.wp.com\\\/infos-droitshumains.net\\\/wp-content\\\/uploads\\\/2026\\\/03\\\/1001470825.jpg?fit=920%2C614&ssl=1\",\"width\":920,\"height\":614},{\"@type\":\"BreadcrumbList\",\"@id\":\"https:\\\/\\\/infos-droitshumains.net\\\/?p=18432#breadcrumb\",\"itemListElement\":[{\"@type\":\"ListItem\",\"position\":1,\"name\":\"Accueil\",\"item\":\"https:\\\/\\\/infos-droitshumains.net\\\/\"},{\"@type\":\"ListItem\",\"position\":2,\"name\":\"Kinshasa-Gombe : La Premi\u00e8re Pr\u00e9sidente de la Cour d\u2019Appel r\u00e9ceptionne des kits informatiques pour acc\u00e9l\u00e9rer la d\u00e9mat\u00e9rialisation des proc\u00e9dures et la maximisation des recettes\"}]},{\"@type\":\"WebSite\",\"@id\":\"https:\\\/\\\/infos-droitshumains.net\\\/#website\",\"url\":\"https:\\\/\\\/infos-droitshumains.net\\\/\",\"name\":\"Infos Droits Humains\",\"description\":\"S&#039;informer est un droit\",\"publisher\":{\"@id\":\"https:\\\/\\\/infos-droitshumains.net\\\/#organization\"},\"potentialAction\":[{\"@type\":\"SearchAction\",\"target\":{\"@type\":\"EntryPoint\",\"urlTemplate\":\"https:\\\/\\\/infos-droitshumains.net\\\/?s={search_term_string}\"},\"query-input\":{\"@type\":\"PropertyValueSpecification\",\"valueRequired\":true,\"valueName\":\"search_term_string\"}}],\"inLanguage\":\"fr-FR\"},{\"@type\":\"Organization\",\"@id\":\"https:\\\/\\\/infos-droitshumains.net\\\/#organization\",\"name\":\"Infos Droits Humains\",\"url\":\"https:\\\/\\\/infos-droitshumains.net\\\/\",\"logo\":{\"@type\":\"ImageObject\",\"inLanguage\":\"fr-FR\",\"@id\":\"https:\\\/\\\/infos-droitshumains.net\\\/#\\\/schema\\\/logo\\\/image\\\/\",\"url\":\"https:\\\/\\\/i0.wp.com\\\/infos-droitshumains.net\\\/wp-content\\\/uploads\\\/2022\\\/05\\\/Logo.png?fit=333%2C129&ssl=1\",\"contentUrl\":\"https:\\\/\\\/i0.wp.com\\\/infos-droitshumains.net\\\/wp-content\\\/uploads\\\/2022\\\/05\\\/Logo.png?fit=333%2C129&ssl=1\",\"width\":333,\"height\":129,\"caption\":\"Infos Droits Humains\"},\"image\":{\"@id\":\"https:\\\/\\\/infos-droitshumains.net\\\/#\\\/schema\\\/logo\\\/image\\\/\"}},{\"@type\":\"Person\",\"@id\":\"https:\\\/\\\/infos-droitshumains.net\\\/#\\\/schema\\\/person\\\/3dc5e921c3302172e0ed4362f96faab7\",\"name\":\"Jo\u00ebl Diawa\",\"image\":{\"@type\":\"ImageObject\",\"inLanguage\":\"fr-FR\",\"@id\":\"https:\\\/\\\/secure.gravatar.com\\\/avatar\\\/729bea6ff4604c624417803c477363be8e3c7186deaa65713313f9b4b820f41c?s=96&d=mm&r=g\",\"url\":\"https:\\\/\\\/secure.gravatar.com\\\/avatar\\\/729bea6ff4604c624417803c477363be8e3c7186deaa65713313f9b4b820f41c?s=96&d=mm&r=g\",\"contentUrl\":\"https:\\\/\\\/secure.gravatar.com\\\/avatar\\\/729bea6ff4604c624417803c477363be8e3c7186deaa65713313f9b4b820f41c?s=96&d=mm&r=g\",\"caption\":\"Jo\u00ebl Diawa\"},\"sameAs\":[\"https:\\\/\\\/www.infos-droitshumains.net\"],\"url\":\"https:\\\/\\\/infos-droitshumains.net\\\/?author=2\"}]}<\/script>\n<!-- \/ Yoast SEO plugin. -->","yoast_head_json":{"title":"Kinshasa-Gombe : La Premi\u00e8re Pr\u00e9sidente de la Cour d\u2019Appel r\u00e9ceptionne des kits informatiques pour acc\u00e9l\u00e9rer la d\u00e9mat\u00e9rialisation des proc\u00e9dures et la maximisation des recettes - Infos Droits Humains","robots":{"index":"index","follow":"follow","max-snippet":"max-snippet:-1","max-image-preview":"max-image-preview:large","max-video-preview":"max-video-preview:-1"},"canonical":"https:\/\/infos-droitshumains.net\/?p=18432","og_locale":"fr_FR","og_type":"article","og_title":"Kinshasa-Gombe : La Premi\u00e8re Pr\u00e9sidente de la Cour d\u2019Appel r\u00e9ceptionne des kits informatiques pour acc\u00e9l\u00e9rer la d\u00e9mat\u00e9rialisation des proc\u00e9dures et la maximisation des recettes - Infos Droits Humains","og_description":"R\u00e9daction: +243 817 406 088 Une \u00e9tape significative vient d\u2019\u00eatre franchie dans le processus de...","og_url":"https:\/\/infos-droitshumains.net\/?p=18432","og_site_name":"Infos Droits Humains","article_published_time":"2026-03-25T22:09:23+00:00","article_modified_time":"2026-03-26T09:48:23+00:00","og_image":[{"width":920,"height":614,"url":"https:\/\/infos-droitshumains.net\/wp-content\/uploads\/2026\/03\/1001470825.jpg","type":"image\/jpeg"}],"author":"Jo\u00ebl Diawa","twitter_card":"summary_large_image","twitter_misc":{"\u00c9crit par":"Jo\u00ebl Diawa","Dur\u00e9e de lecture estim\u00e9e":"5 minutes"},"schema":{"@context":"https:\/\/schema.org","@graph":[{"@type":"Article","@id":"https:\/\/infos-droitshumains.net\/?p=18432#article","isPartOf":{"@id":"https:\/\/infos-droitshumains.net\/?p=18432"},"author":{"name":"Jo\u00ebl Diawa","@id":"https:\/\/infos-droitshumains.net\/#\/schema\/person\/3dc5e921c3302172e0ed4362f96faab7"},"headline":"Kinshasa-Gombe : La Premi\u00e8re Pr\u00e9sidente de la Cour d\u2019Appel r\u00e9ceptionne des kits informatiques pour acc\u00e9l\u00e9rer la d\u00e9mat\u00e9rialisation des proc\u00e9dures et la maximisation des recettes","datePublished":"2026-03-25T22:09:23+00:00","dateModified":"2026-03-26T09:48:23+00:00","mainEntityOfPage":{"@id":"https:\/\/infos-droitshumains.net\/?p=18432"},"wordCount":617,"commentCount":0,"publisher":{"@id":"https:\/\/infos-droitshumains.net\/#organization"},"image":{"@id":"https:\/\/infos-droitshumains.net\/?p=18432#primaryimage"},"thumbnailUrl":"https:\/\/i0.wp.com\/infos-droitshumains.net\/wp-content\/uploads\/2026\/03\/1001470825.jpg?fit=920%2C614&ssl=1","articleSection":["Justice"],"inLanguage":"fr-FR","potentialAction":[{"@type":"CommentAction","name":"Comment","target":["https:\/\/infos-droitshumains.net\/?p=18432#respond"]}]},{"@type":"WebPage","@id":"https:\/\/infos-droitshumains.net\/?p=18432","url":"https:\/\/infos-droitshumains.net\/?p=18432","name":"Kinshasa-Gombe : La Premi\u00e8re Pr\u00e9sidente de la Cour d\u2019Appel r\u00e9ceptionne des kits informatiques pour acc\u00e9l\u00e9rer la d\u00e9mat\u00e9rialisation des proc\u00e9dures et la maximisation des recettes - Infos Droits Humains","isPartOf":{"@id":"https:\/\/infos-droitshumains.net\/#website"},"primaryImageOfPage":{"@id":"https:\/\/infos-droitshumains.net\/?p=18432#primaryimage"},"image":{"@id":"https:\/\/infos-droitshumains.net\/?p=18432#primaryimage"},"thumbnailUrl":"https:\/\/i0.wp.com\/infos-droitshumains.net\/wp-content\/uploads\/2026\/03\/1001470825.jpg?fit=920%2C614&ssl=1","datePublished":"2026-03-25T22:09:23+00:00","dateModified":"2026-03-26T09:48:23+00:00","breadcrumb":{"@id":"https:\/\/infos-droitshumains.net\/?p=18432#breadcrumb"},"inLanguage":"fr-FR","potentialAction":[{"@type":"ReadAction","target":["https:\/\/infos-droitshumains.net\/?p=18432"]}]},{"@type":"ImageObject","inLanguage":"fr-FR","@id":"https:\/\/infos-droitshumains.net\/?p=18432#primaryimage","url":"https:\/\/i0.wp.com\/infos-droitshumains.net\/wp-content\/uploads\/2026\/03\/1001470825.jpg?fit=920%2C614&ssl=1","contentUrl":"https:\/\/i0.wp.com\/infos-droitshumains.net\/wp-content\/uploads\/2026\/03\/1001470825.jpg?fit=920%2C614&ssl=1","width":920,"height":614},{"@type":"BreadcrumbList","@id":"https:\/\/infos-droitshumains.net\/?p=18432#breadcrumb","itemListElement":[{"@type":"ListItem","position":1,"name":"Accueil","item":"https:\/\/infos-droitshumains.net\/"},{"@type":"ListItem","position":2,"name":"Kinshasa-Gombe : La Premi\u00e8re Pr\u00e9sidente de la Cour d\u2019Appel r\u00e9ceptionne des kits informatiques pour acc\u00e9l\u00e9rer la d\u00e9mat\u00e9rialisation des proc\u00e9dures et la maximisation des recettes"}]},{"@type":"WebSite","@id":"https:\/\/infos-droitshumains.net\/#website","url":"https:\/\/infos-droitshumains.net\/","name":"Infos Droits Humains","description":"S&#039;informer est un droit","publisher":{"@id":"https:\/\/infos-droitshumains.net\/#organization"},"potentialAction":[{"@type":"SearchAction","target":{"@type":"EntryPoint","urlTemplate":"https:\/\/infos-droitshumains.net\/?s={search_term_string}"},"query-input":{"@type":"PropertyValueSpecification","valueRequired":true,"valueName":"search_term_string"}}],"inLanguage":"fr-FR"},{"@type":"Organization","@id":"https:\/\/infos-droitshumains.net\/#organization","name":"Infos Droits Humains","url":"https:\/\/infos-droitshumains.net\/","logo":{"@type":"ImageObject","inLanguage":"fr-FR","@id":"https:\/\/infos-droitshumains.net\/#\/schema\/logo\/image\/","url":"https:\/\/i0.wp.com\/infos-droitshumains.net\/wp-content\/uploads\/2022\/05\/Logo.png?fit=333%2C129&ssl=1","contentUrl":"https:\/\/i0.wp.com\/infos-droitshumains.net\/wp-content\/uploads\/2022\/05\/Logo.png?fit=333%2C129&ssl=1","width":333,"height":129,"caption":"Infos Droits Humains"},"image":{"@id":"https:\/\/infos-droitshumains.net\/#\/schema\/logo\/image\/"}},{"@type":"Person","@id":"https:\/\/infos-droitshumains.net\/#\/schema\/person\/3dc5e921c3302172e0ed4362f96faab7","name":"Jo\u00ebl Diawa","image":{"@type":"ImageObject","inLanguage":"fr-FR","@id":"https:\/\/secure.gravatar.com\/avatar\/729bea6ff4604c624417803c477363be8e3c7186deaa65713313f9b4b820f41c?s=96&d=mm&r=g","url":"https:\/\/secure.gravatar.com\/avatar\/729bea6ff4604c624417803c477363be8e3c7186deaa65713313f9b4b820f41c?s=96&d=mm&r=g","contentUrl":"https:\/\/secure.gravatar.com\/avatar\/729bea6ff4604c624417803c477363be8e3c7186deaa65713313f9b4b820f41c?s=96&d=mm&r=g","caption":"Jo\u00ebl Diawa"},"sameAs":["https:\/\/www.infos-droitshumains.net"],"url":"https:\/\/infos-droitshumains.net\/?author=2"}]}},"featured_image_urls":{"full":["https:\/\/i0.wp.com\/infos-droitshumains.net\/wp-content\/uploads\/2026\/03\/1001470825.jpg?fit=920%2C614&ssl=1",920,614,false],"thumbnail":["https:\/\/i0.wp.com\/infos-droitshumains.net\/wp-content\/uploads\/2026\/03\/1001470825.jpg?resize=150%2C150&ssl=1",150,150,true],"medium":["https:\/\/i0.wp.com\/infos-droitshumains.net\/wp-content\/uploads\/2026\/03\/1001470825.jpg?fit=300%2C200&ssl=1",300,200,true],"medium_large":["https:\/\/i0.wp.com\/infos-droitshumains.net\/wp-content\/uploads\/2026\/03\/1001470825.jpg?fit=640%2C428&ssl=1",640,428,true],"large":["https:\/\/i0.wp.com\/infos-droitshumains.net\/wp-content\/uploads\/2026\/03\/1001470825.jpg?fit=640%2C427&ssl=1",640,427,true],"1536x1536":["https:\/\/i0.wp.com\/infos-droitshumains.net\/wp-content\/uploads\/2026\/03\/1001470825.jpg?fit=920%2C614&ssl=1",920,614,true],"2048x2048":["https:\/\/i0.wp.com\/infos-droitshumains.net\/wp-content\/uploads\/2026\/03\/1001470825.jpg?fit=920%2C614&ssl=1",920,614,true],"covernews-slider-full":["https:\/\/i0.wp.com\/infos-droitshumains.net\/wp-content\/uploads\/2026\/03\/1001470825.jpg?resize=920%2C614&ssl=1",920,614,true],"covernews-slider-center":["https:\/\/i0.wp.com\/infos-droitshumains.net\/wp-content\/uploads\/2026\/03\/1001470825.jpg?resize=800%2C500&ssl=1",800,500,true],"covernews-featured":["https:\/\/i0.wp.com\/infos-droitshumains.net\/wp-content\/uploads\/2026\/03\/1001470825.jpg?fit=920%2C614&ssl=1",920,614,true],"covernews-medium":["https:\/\/i0.wp.com\/infos-droitshumains.net\/wp-content\/uploads\/2026\/03\/1001470825.jpg?resize=540%2C340&ssl=1",540,340,true],"covernews-medium-square":["https:\/\/i0.wp.com\/infos-droitshumains.net\/wp-content\/uploads\/2026\/03\/1001470825.jpg?resize=400%2C250&ssl=1",400,250,true]},"author_info":{"display_name":"Jo\u00ebl Diawa","author_link":"https:\/\/infos-droitshumains.net\/?author=2"},"category_info":"<a href=\"https:\/\/infos-droitshumains.net\/?cat=6\" rel=\"category\">Justice<\/a>","tag_info":"Justice","comment_count":"0","jetpack_featured_media_url":"https:\/\/i0.wp.com\/infos-droitshumains.net\/wp-content\/uploads\/2026\/03\/1001470825.jpg?fit=920%2C614&ssl=1","jetpack-related-posts":[],"jetpack_sharing_enabled":true,"_links":{"self":[{"href":"https:\/\/infos-droitshumains.net\/index.php?rest_route=\/wp\/v2\/posts\/18432","targetHints":{"allow":["GET"]}}],"collection":[{"href":"https:\/\/infos-droitshumains.net\/index.php?rest_route=\/wp\/v2\/posts"}],"about":[{"href":"https:\/\/infos-droitshumains.net\/index.php?rest_route=\/wp\/v2\/types\/post"}],"author":[{"embeddable":true,"href":"https:\/\/infos-droitshumains.net\/index.php?rest_route=\/wp\/v2\/users\/2"}],"replies":[{"embeddable":true,"href":"https:\/\/infos-droitshumains.net\/index.php?rest_route=%2Fwp%2Fv2%2Fcomments&post=18432"}],"version-history":[{"count":9,"href":"https:\/\/infos-droitshumains.net\/index.php?rest_route=\/wp\/v2\/posts\/18432\/revisions"}],"predecessor-version":[{"id":18453,"href":"https:\/\/infos-droitshumains.net\/index.php?rest_route=\/wp\/v2\/posts\/18432\/revisions\/18453"}],"wp:featuredmedia":[{"embeddable":true,"href":"https:\/\/infos-droitshumains.net\/index.php?rest_route=\/wp\/v2\/media\/18446"}],"wp:attachment":[{"href":"https:\/\/infos-droitshumains.net\/index.php?rest_route=%2Fwp%2Fv2%2Fmedia&parent=18432"}],"wp:term":[{"taxonomy":"category","embeddable":true,"href":"https:\/\/infos-droitshumains.net\/index.php?rest_route=%2Fwp%2Fv2%2Fcategories&post=18432"},{"taxonomy":"post_tag","embeddable":true,"href":"https:\/\/infos-droitshumains.net\/index.php?rest_route=%2Fwp%2Fv2%2Ftags&post=18432"}],"curies":[{"name":"wp","href":"https:\/\/api.w.org\/{rel}","templated":true}]}}