{"id":18296,"date":"2026-03-18T00:34:16","date_gmt":"2026-03-17T23:34:16","guid":{"rendered":"https:\/\/infos-droitshumains.net\/?p=18296"},"modified":"2026-03-18T07:41:24","modified_gmt":"2026-03-18T06:41:24","slug":"annulation-du-contrat-de-50-sous-traitants-de-mgt-entre-precipitation-et-violation-des-regles-miguel-kashal-katembdesavoue","status":"publish","type":"post","link":"https:\/\/infos-droitshumains.net\/?p=18296","title":{"rendered":"Annulation du contrat de 50 sous-traitants de MGT: entre pr\u00e9cipitation et violation des r\u00e8gles, Miguel Kashal Katemb d\u00e9savou\u00e9"},"content":{"rendered":"\n<p><strong>R\u00e9daction: +243 817 406 088<\/strong><\/p>\n\n\n\n<h3 class=\"wp-block-heading has-vivid-red-color has-text-color has-link-color wp-elements-65283a4a7378cebaf5b46be2f4a7c90a\">Une vive controverse secoue le secteur priv\u00e9 congolais depuis la d\u00e9cision n\u00b0004\/ARSP\/DG\/2026 du 10 mars 2026, rendue publique le 11 mars, par le Directeur G\u00e9n\u00e9ral de l\u2019Autorit\u00e9 de R\u00e9gulation de la Sous-Traitance dans le Secteur Priv\u00e9 (ARSP), Miguel Kashal Katemb. Cette d\u00e9cision enjoint \u00e0 la soci\u00e9t\u00e9 Matadi Gateway Terminal (MGT) d\u2019annuler 50 contrats de sous-traitance jug\u00e9s <em>\u2018\u2019in\u00e9ligibles.\u2019\u2019<\/em><\/h3>\n\n\n\n<figure class=\"wp-block-image alignfull size-large\"><img data-recalc-dims=\"1\" fetchpriority=\"high\" decoding=\"async\" width=\"640\" height=\"859\" src=\"https:\/\/i0.wp.com\/infos-droitshumains.net\/wp-content\/uploads\/2026\/03\/1001426151.jpg?resize=640%2C859&#038;ssl=1\" alt=\"\" class=\"wp-image-18300\" srcset=\"https:\/\/i0.wp.com\/infos-droitshumains.net\/wp-content\/uploads\/2026\/03\/1001426151.jpg?resize=763%2C1024&amp;ssl=1 763w, https:\/\/i0.wp.com\/infos-droitshumains.net\/wp-content\/uploads\/2026\/03\/1001426151.jpg?resize=224%2C300&amp;ssl=1 224w, https:\/\/i0.wp.com\/infos-droitshumains.net\/wp-content\/uploads\/2026\/03\/1001426151.jpg?resize=768%2C1030&amp;ssl=1 768w, https:\/\/i0.wp.com\/infos-droitshumains.net\/wp-content\/uploads\/2026\/03\/1001426151.jpg?w=954&amp;ssl=1 954w\" sizes=\"(max-width: 640px) 100vw, 640px\" \/><figcaption class=\"wp-element-caption\">CREATOR: gd-jpeg v1.0 (using IJG JPEG v80), quality = 82?<\/figcaption><\/figure>\n\n\n\n<figure class=\"wp-block-image alignfull size-large\"><img data-recalc-dims=\"1\" decoding=\"async\" width=\"640\" height=\"852\" src=\"https:\/\/i0.wp.com\/infos-droitshumains.net\/wp-content\/uploads\/2026\/03\/1001426145.jpg?resize=640%2C852&#038;ssl=1\" alt=\"\" class=\"wp-image-18301\" srcset=\"https:\/\/i0.wp.com\/infos-droitshumains.net\/wp-content\/uploads\/2026\/03\/1001426145.jpg?resize=769%2C1024&amp;ssl=1 769w, https:\/\/i0.wp.com\/infos-droitshumains.net\/wp-content\/uploads\/2026\/03\/1001426145.jpg?resize=225%2C300&amp;ssl=1 225w, https:\/\/i0.wp.com\/infos-droitshumains.net\/wp-content\/uploads\/2026\/03\/1001426145.jpg?resize=768%2C1023&amp;ssl=1 768w, https:\/\/i0.wp.com\/infos-droitshumains.net\/wp-content\/uploads\/2026\/03\/1001426145.jpg?w=961&amp;ssl=1 961w\" sizes=\"(max-width: 640px) 100vw, 640px\" \/><\/figure>\n\n\n\n<figure class=\"wp-block-image alignfull size-large\"><img data-recalc-dims=\"1\" decoding=\"async\" width=\"640\" height=\"880\" src=\"https:\/\/i0.wp.com\/infos-droitshumains.net\/wp-content\/uploads\/2026\/03\/1001426148.jpg?resize=640%2C880&#038;ssl=1\" alt=\"\" class=\"wp-image-18305\" srcset=\"https:\/\/i0.wp.com\/infos-droitshumains.net\/wp-content\/uploads\/2026\/03\/1001426148.jpg?resize=745%2C1024&amp;ssl=1 745w, https:\/\/i0.wp.com\/infos-droitshumains.net\/wp-content\/uploads\/2026\/03\/1001426148.jpg?resize=218%2C300&amp;ssl=1 218w, https:\/\/i0.wp.com\/infos-droitshumains.net\/wp-content\/uploads\/2026\/03\/1001426148.jpg?resize=768%2C1056&amp;ssl=1 768w, https:\/\/i0.wp.com\/infos-droitshumains.net\/wp-content\/uploads\/2026\/03\/1001426148.jpg?w=931&amp;ssl=1 931w\" sizes=\"(max-width: 640px) 100vw, 640px\" \/><\/figure>\n\n\n\n<p>Dans le document officiel, l\u2019ARSP \u00e9voque une <em>\u00ab violation flagrante des dispositions imp\u00e9ratives sur la sous-traitance dans le secteur priv\u00e9 en RDC \u00bb<\/em>. Toutefois, cette mesure a imm\u00e9diatement suscit\u00e9 un toll\u00e9 parmi les entreprises concern\u00e9es.<\/p>\n\n\n\n<p>Plusieurs soci\u00e9t\u00e9s d\u00e9noncent des irr\u00e9gularit\u00e9s majeures dans la proc\u00e9dure. Elles affirment n\u2019avoir jamais \u00e9t\u00e9 convoqu\u00e9es ni entendues par les contr\u00f4leurs de l\u2019ARSP, ce qui constituerait une entorse grave au principe du contradictoire et aux r\u00e8gles \u00e9l\u00e9mentaires de d\u00e9fense.<\/p>\n\n\n\n<p>Les entreprises vis\u00e9es soutiennent que certaines remplissent pleinement les crit\u00e8res d\u2019\u00e9ligibilit\u00e9 d\u00e9finis \u00e0 l\u2019article 9 de la loi n\u00b017\/001 du 15 f\u00e9vrier 2017 relative \u00e0 la sous-traitance dans le secteur priv\u00e9 ; d\u2019autres ne rel\u00e8vent tout simplement pas du champ d\u2019application de cette loi.<\/p>\n\n\n\n<p>Ces \u00e9l\u00e9ments, selon elles, remettent en cause la l\u00e9galit\u00e9 m\u00eame de la d\u00e9cision prise par de Directeur G\u00e9n\u00e9ral de l\u2019ARSP.<\/p>\n\n\n\n<p>Fait troublant, des sources internes \u00e0 l\u2019ARSP, ayant requis l\u2019anonymat, d\u00e9savouent la d\u00e9marche du Directeur G\u00e9n\u00e9ral. Elles \u00e9voquent une d\u00e9cision pr\u00e9cipit\u00e9e, motiv\u00e9e davantage par un souci de visibilit\u00e9 m\u00e9diatique que par une analyse rigoureuse des dossiers. Ces cadres estiment par ailleurs &nbsp;qu\u2019un examen au cas par cas aurait \u00e9t\u00e9 plus appropri\u00e9, au regard de la complexit\u00e9 des situations contractuelles concern\u00e9es.<\/p>\n\n\n\n<p>Autre \u00e9l\u00e9ment au c\u0153ur de la pol\u00e9mique : le proc\u00e8s-verbal de la mission de contr\u00f4le men\u00e9e en octobre 2025 au sein de MGT, sur lequel s\u2019appuie la d\u00e9cision. Or, \u00e0 la lecture de ce document, aucune conclusion claire ne met en cause l\u2019\u00e9ligibilit\u00e9 des entreprises concern\u00e9es. Le proc\u00e8s-verbal met plut\u00f4t l\u2019accent sur des questions financi\u00e8res et de conciliation des comptes entre les parties. Il y est notamment indiqu\u00e9 que :<\/p>\n\n\n\n<p><em>\u00ab Les services financiers respectifs devront organiser une s\u00e9ance de travail sous la diligence de l\u2019ARSP afin de proc\u00e9der \u00e0 une conciliation des comptes\u2026 \u00bb<\/em><\/p>\n\n\n\n<figure class=\"wp-block-image alignfull size-full\"><img data-recalc-dims=\"1\" loading=\"lazy\" decoding=\"async\" width=\"640\" height=\"852\" src=\"https:\/\/i0.wp.com\/infos-droitshumains.net\/wp-content\/uploads\/2026\/03\/1001426139.jpg?resize=640%2C852&#038;ssl=1\" alt=\"\" class=\"wp-image-18303\" srcset=\"https:\/\/i0.wp.com\/infos-droitshumains.net\/wp-content\/uploads\/2026\/03\/1001426139.jpg?w=762&amp;ssl=1 762w, https:\/\/i0.wp.com\/infos-droitshumains.net\/wp-content\/uploads\/2026\/03\/1001426139.jpg?resize=225%2C300&amp;ssl=1 225w\" sizes=\"(max-width: 640px) 100vw, 640px\" \/><\/figure>\n\n\n\n<figure class=\"wp-block-image alignfull size-large\"><img data-recalc-dims=\"1\" loading=\"lazy\" decoding=\"async\" width=\"640\" height=\"852\" src=\"https:\/\/i0.wp.com\/infos-droitshumains.net\/wp-content\/uploads\/2026\/03\/1001426142.jpg?resize=640%2C852&#038;ssl=1\" alt=\"\" class=\"wp-image-18304\" srcset=\"https:\/\/i0.wp.com\/infos-droitshumains.net\/wp-content\/uploads\/2026\/03\/1001426142.jpg?resize=769%2C1024&amp;ssl=1 769w, https:\/\/i0.wp.com\/infos-droitshumains.net\/wp-content\/uploads\/2026\/03\/1001426142.jpg?resize=225%2C300&amp;ssl=1 225w, https:\/\/i0.wp.com\/infos-droitshumains.net\/wp-content\/uploads\/2026\/03\/1001426142.jpg?resize=768%2C1023&amp;ssl=1 768w, https:\/\/i0.wp.com\/infos-droitshumains.net\/wp-content\/uploads\/2026\/03\/1001426142.jpg?w=961&amp;ssl=1 961w\" sizes=\"(max-width: 640px) 100vw, 640px\" \/><\/figure>\n\n\n\n<p>Par ailleurs, l\u2019ARSP y recommande \u00e0 MGT de transmettre r\u00e9guli\u00e8rement ses d\u00e9clarations mensuelles via son site officiel, sans \u00e9voquer explicitement l\u2019ill\u00e9galit\u00e9 des contrats de sous-traitance.<\/p>\n\n\n\n<p>Cette divergence entre les conclusions du contr\u00f4le et la d\u00e9cision finale alimente les soup\u00e7ons quant aux motivations r\u00e9elles de Miguel Kashal. Pour plusieurs observateurs, l\u2019annulation des contrats semble reposer sur des bases fragiles, voire incoh\u00e9rentes. Certains analystes \u00e9voquent m\u00eame un risque d\u2019ins\u00e9curit\u00e9 juridique pour les investisseurs et les op\u00e9rateurs \u00e9conomiques, dans un contexte o\u00f9 la stabilit\u00e9 r\u00e9glementaire est essentielle pour attirer les capitaux.<\/p>\n\n\n\n<p>Au-del\u00e0 de ce cas, cette affaire pourrait avoir des r\u00e9percussions importantes sur le climat des affaires en RDC. Elle soul\u00e8ve notamment des questions cruciales :<\/p>\n\n\n\n<ul class=\"wp-block-list\">\n<li>le respect des proc\u00e9dures administratives par les autorit\u00e9s de r\u00e9gulation ;<\/li>\n\n\n\n<li>la transparence dans la prise de d\u00e9cision ;<\/li>\n\n\n\n<li>la protection des droits des entreprises op\u00e9rant dans le pays.<\/li>\n<\/ul>\n\n\n\n<p>Plusieurs acteurs \u00e9conomiques appellent d\u00e9j\u00e0 \u00e0 une r\u00e9vision de la d\u00e9cision, voire \u00e0 un arbitrage ind\u00e9pendant, afin de restaurer la confiance entre r\u00e9gulateur et secteur priv\u00e9.<\/p>\n\n\n\n<p>Affaire \u00e0 suivre\u2026<\/p>\n","protected":false},"excerpt":{"rendered":"<p>R\u00e9daction: +243 817 406 088 Une vive controverse secoue le secteur priv\u00e9 congolais depuis la&#8230;<\/p>\n","protected":false},"author":2,"featured_media":18308,"comment_status":"open","ping_status":"open","sticky":false,"template":"","format":"standard","meta":{"_jetpack_memberships_contains_paid_content":false,"footnotes":""},"categories":[8],"tags":[],"class_list":["post-18296","post","type-post","status-publish","format-standard","has-post-thumbnail","hentry","category-societe"],"yoast_head":"<!-- This site is optimized with the Yoast SEO plugin v27.5 - https:\/\/yoast.com\/product\/yoast-seo-wordpress\/ -->\n<title>Annulation du contrat de 50 sous-traitants de MGT: entre pr\u00e9cipitation et violation des r\u00e8gles, Miguel Kashal Katemb d\u00e9savou\u00e9 - Infos Droits Humains<\/title>\n<meta name=\"robots\" content=\"index, follow, max-snippet:-1, max-image-preview:large, max-video-preview:-1\" \/>\n<link rel=\"canonical\" href=\"https:\/\/infos-droitshumains.net\/?p=18296\" \/>\n<meta property=\"og:locale\" content=\"fr_FR\" \/>\n<meta property=\"og:type\" content=\"article\" \/>\n<meta property=\"og:title\" content=\"Annulation du contrat de 50 sous-traitants de MGT: entre pr\u00e9cipitation et violation des r\u00e8gles, Miguel Kashal Katemb d\u00e9savou\u00e9 - Infos Droits Humains\" \/>\n<meta property=\"og:description\" content=\"R\u00e9daction: +243 817 406 088 Une vive controverse secoue le secteur priv\u00e9 congolais depuis la...\" \/>\n<meta property=\"og:url\" content=\"https:\/\/infos-droitshumains.net\/?p=18296\" \/>\n<meta property=\"og:site_name\" content=\"Infos Droits Humains\" \/>\n<meta property=\"article:published_time\" content=\"2026-03-17T23:34:16+00:00\" \/>\n<meta property=\"article:modified_time\" content=\"2026-03-18T06:41:24+00:00\" \/>\n<meta property=\"og:image\" content=\"https:\/\/infos-droitshumains.net\/wp-content\/uploads\/2026\/03\/IMG-20260318-WA0022.jpg\" \/>\n\t<meta property=\"og:image:width\" content=\"752\" \/>\n\t<meta property=\"og:image:height\" content=\"394\" \/>\n\t<meta property=\"og:image:type\" content=\"image\/jpeg\" \/>\n<meta name=\"author\" content=\"Jo\u00ebl Diawa\" \/>\n<meta name=\"twitter:card\" content=\"summary_large_image\" \/>\n<meta name=\"twitter:label1\" content=\"\u00c9crit par\" \/>\n\t<meta name=\"twitter:data1\" content=\"Jo\u00ebl Diawa\" \/>\n\t<meta name=\"twitter:label2\" content=\"Dur\u00e9e de lecture estim\u00e9e\" \/>\n\t<meta name=\"twitter:data2\" content=\"4 minutes\" \/>\n<script type=\"application\/ld+json\" class=\"yoast-schema-graph\">{\"@context\":\"https:\\\/\\\/schema.org\",\"@graph\":[{\"@type\":\"Article\",\"@id\":\"https:\\\/\\\/infos-droitshumains.net\\\/?p=18296#article\",\"isPartOf\":{\"@id\":\"https:\\\/\\\/infos-droitshumains.net\\\/?p=18296\"},\"author\":{\"name\":\"Jo\u00ebl Diawa\",\"@id\":\"https:\\\/\\\/infos-droitshumains.net\\\/#\\\/schema\\\/person\\\/3dc5e921c3302172e0ed4362f96faab7\"},\"headline\":\"Annulation du contrat de 50 sous-traitants de MGT: entre pr\u00e9cipitation et violation des r\u00e8gles, Miguel Kashal Katemb d\u00e9savou\u00e9\",\"datePublished\":\"2026-03-17T23:34:16+00:00\",\"dateModified\":\"2026-03-18T06:41:24+00:00\",\"mainEntityOfPage\":{\"@id\":\"https:\\\/\\\/infos-droitshumains.net\\\/?p=18296\"},\"wordCount\":627,\"commentCount\":0,\"publisher\":{\"@id\":\"https:\\\/\\\/infos-droitshumains.net\\\/#organization\"},\"image\":{\"@id\":\"https:\\\/\\\/infos-droitshumains.net\\\/?p=18296#primaryimage\"},\"thumbnailUrl\":\"https:\\\/\\\/i0.wp.com\\\/infos-droitshumains.net\\\/wp-content\\\/uploads\\\/2026\\\/03\\\/IMG-20260318-WA0022.jpg?fit=752%2C394&ssl=1\",\"articleSection\":[\"Soci\u00e9t\u00e9\"],\"inLanguage\":\"fr-FR\",\"potentialAction\":[{\"@type\":\"CommentAction\",\"name\":\"Comment\",\"target\":[\"https:\\\/\\\/infos-droitshumains.net\\\/?p=18296#respond\"]}]},{\"@type\":\"WebPage\",\"@id\":\"https:\\\/\\\/infos-droitshumains.net\\\/?p=18296\",\"url\":\"https:\\\/\\\/infos-droitshumains.net\\\/?p=18296\",\"name\":\"Annulation du contrat de 50 sous-traitants de MGT: entre pr\u00e9cipitation et violation des r\u00e8gles, Miguel Kashal Katemb d\u00e9savou\u00e9 - Infos Droits Humains\",\"isPartOf\":{\"@id\":\"https:\\\/\\\/infos-droitshumains.net\\\/#website\"},\"primaryImageOfPage\":{\"@id\":\"https:\\\/\\\/infos-droitshumains.net\\\/?p=18296#primaryimage\"},\"image\":{\"@id\":\"https:\\\/\\\/infos-droitshumains.net\\\/?p=18296#primaryimage\"},\"thumbnailUrl\":\"https:\\\/\\\/i0.wp.com\\\/infos-droitshumains.net\\\/wp-content\\\/uploads\\\/2026\\\/03\\\/IMG-20260318-WA0022.jpg?fit=752%2C394&ssl=1\",\"datePublished\":\"2026-03-17T23:34:16+00:00\",\"dateModified\":\"2026-03-18T06:41:24+00:00\",\"breadcrumb\":{\"@id\":\"https:\\\/\\\/infos-droitshumains.net\\\/?p=18296#breadcrumb\"},\"inLanguage\":\"fr-FR\",\"potentialAction\":[{\"@type\":\"ReadAction\",\"target\":[\"https:\\\/\\\/infos-droitshumains.net\\\/?p=18296\"]}]},{\"@type\":\"ImageObject\",\"inLanguage\":\"fr-FR\",\"@id\":\"https:\\\/\\\/infos-droitshumains.net\\\/?p=18296#primaryimage\",\"url\":\"https:\\\/\\\/i0.wp.com\\\/infos-droitshumains.net\\\/wp-content\\\/uploads\\\/2026\\\/03\\\/IMG-20260318-WA0022.jpg?fit=752%2C394&ssl=1\",\"contentUrl\":\"https:\\\/\\\/i0.wp.com\\\/infos-droitshumains.net\\\/wp-content\\\/uploads\\\/2026\\\/03\\\/IMG-20260318-WA0022.jpg?fit=752%2C394&ssl=1\",\"width\":752,\"height\":394},{\"@type\":\"BreadcrumbList\",\"@id\":\"https:\\\/\\\/infos-droitshumains.net\\\/?p=18296#breadcrumb\",\"itemListElement\":[{\"@type\":\"ListItem\",\"position\":1,\"name\":\"Accueil\",\"item\":\"https:\\\/\\\/infos-droitshumains.net\\\/\"},{\"@type\":\"ListItem\",\"position\":2,\"name\":\"Annulation du contrat de 50 sous-traitants de MGT: entre pr\u00e9cipitation et violation des r\u00e8gles, Miguel Kashal Katemb d\u00e9savou\u00e9\"}]},{\"@type\":\"WebSite\",\"@id\":\"https:\\\/\\\/infos-droitshumains.net\\\/#website\",\"url\":\"https:\\\/\\\/infos-droitshumains.net\\\/\",\"name\":\"Infos Droits Humains\",\"description\":\"S&#039;informer est un droit\",\"publisher\":{\"@id\":\"https:\\\/\\\/infos-droitshumains.net\\\/#organization\"},\"potentialAction\":[{\"@type\":\"SearchAction\",\"target\":{\"@type\":\"EntryPoint\",\"urlTemplate\":\"https:\\\/\\\/infos-droitshumains.net\\\/?s={search_term_string}\"},\"query-input\":{\"@type\":\"PropertyValueSpecification\",\"valueRequired\":true,\"valueName\":\"search_term_string\"}}],\"inLanguage\":\"fr-FR\"},{\"@type\":\"Organization\",\"@id\":\"https:\\\/\\\/infos-droitshumains.net\\\/#organization\",\"name\":\"Infos Droits Humains\",\"url\":\"https:\\\/\\\/infos-droitshumains.net\\\/\",\"logo\":{\"@type\":\"ImageObject\",\"inLanguage\":\"fr-FR\",\"@id\":\"https:\\\/\\\/infos-droitshumains.net\\\/#\\\/schema\\\/logo\\\/image\\\/\",\"url\":\"https:\\\/\\\/i0.wp.com\\\/infos-droitshumains.net\\\/wp-content\\\/uploads\\\/2022\\\/05\\\/Logo.png?fit=333%2C129&ssl=1\",\"contentUrl\":\"https:\\\/\\\/i0.wp.com\\\/infos-droitshumains.net\\\/wp-content\\\/uploads\\\/2022\\\/05\\\/Logo.png?fit=333%2C129&ssl=1\",\"width\":333,\"height\":129,\"caption\":\"Infos Droits Humains\"},\"image\":{\"@id\":\"https:\\\/\\\/infos-droitshumains.net\\\/#\\\/schema\\\/logo\\\/image\\\/\"}},{\"@type\":\"Person\",\"@id\":\"https:\\\/\\\/infos-droitshumains.net\\\/#\\\/schema\\\/person\\\/3dc5e921c3302172e0ed4362f96faab7\",\"name\":\"Jo\u00ebl Diawa\",\"image\":{\"@type\":\"ImageObject\",\"inLanguage\":\"fr-FR\",\"@id\":\"https:\\\/\\\/secure.gravatar.com\\\/avatar\\\/729bea6ff4604c624417803c477363be8e3c7186deaa65713313f9b4b820f41c?s=96&d=mm&r=g\",\"url\":\"https:\\\/\\\/secure.gravatar.com\\\/avatar\\\/729bea6ff4604c624417803c477363be8e3c7186deaa65713313f9b4b820f41c?s=96&d=mm&r=g\",\"contentUrl\":\"https:\\\/\\\/secure.gravatar.com\\\/avatar\\\/729bea6ff4604c624417803c477363be8e3c7186deaa65713313f9b4b820f41c?s=96&d=mm&r=g\",\"caption\":\"Jo\u00ebl Diawa\"},\"sameAs\":[\"https:\\\/\\\/www.infos-droitshumains.net\"],\"url\":\"https:\\\/\\\/infos-droitshumains.net\\\/?author=2\"}]}<\/script>\n<!-- \/ Yoast SEO plugin. -->","yoast_head_json":{"title":"Annulation du contrat de 50 sous-traitants de MGT: entre pr\u00e9cipitation et violation des r\u00e8gles, Miguel Kashal Katemb d\u00e9savou\u00e9 - Infos Droits Humains","robots":{"index":"index","follow":"follow","max-snippet":"max-snippet:-1","max-image-preview":"max-image-preview:large","max-video-preview":"max-video-preview:-1"},"canonical":"https:\/\/infos-droitshumains.net\/?p=18296","og_locale":"fr_FR","og_type":"article","og_title":"Annulation du contrat de 50 sous-traitants de MGT: entre pr\u00e9cipitation et violation des r\u00e8gles, Miguel Kashal Katemb d\u00e9savou\u00e9 - Infos Droits Humains","og_description":"R\u00e9daction: +243 817 406 088 Une vive controverse secoue le secteur priv\u00e9 congolais depuis la...","og_url":"https:\/\/infos-droitshumains.net\/?p=18296","og_site_name":"Infos Droits Humains","article_published_time":"2026-03-17T23:34:16+00:00","article_modified_time":"2026-03-18T06:41:24+00:00","og_image":[{"width":752,"height":394,"url":"https:\/\/infos-droitshumains.net\/wp-content\/uploads\/2026\/03\/IMG-20260318-WA0022.jpg","type":"image\/jpeg"}],"author":"Jo\u00ebl Diawa","twitter_card":"summary_large_image","twitter_misc":{"\u00c9crit par":"Jo\u00ebl Diawa","Dur\u00e9e de lecture estim\u00e9e":"4 minutes"},"schema":{"@context":"https:\/\/schema.org","@graph":[{"@type":"Article","@id":"https:\/\/infos-droitshumains.net\/?p=18296#article","isPartOf":{"@id":"https:\/\/infos-droitshumains.net\/?p=18296"},"author":{"name":"Jo\u00ebl Diawa","@id":"https:\/\/infos-droitshumains.net\/#\/schema\/person\/3dc5e921c3302172e0ed4362f96faab7"},"headline":"Annulation du contrat de 50 sous-traitants de MGT: entre pr\u00e9cipitation et violation des r\u00e8gles, Miguel Kashal Katemb d\u00e9savou\u00e9","datePublished":"2026-03-17T23:34:16+00:00","dateModified":"2026-03-18T06:41:24+00:00","mainEntityOfPage":{"@id":"https:\/\/infos-droitshumains.net\/?p=18296"},"wordCount":627,"commentCount":0,"publisher":{"@id":"https:\/\/infos-droitshumains.net\/#organization"},"image":{"@id":"https:\/\/infos-droitshumains.net\/?p=18296#primaryimage"},"thumbnailUrl":"https:\/\/i0.wp.com\/infos-droitshumains.net\/wp-content\/uploads\/2026\/03\/IMG-20260318-WA0022.jpg?fit=752%2C394&ssl=1","articleSection":["Soci\u00e9t\u00e9"],"inLanguage":"fr-FR","potentialAction":[{"@type":"CommentAction","name":"Comment","target":["https:\/\/infos-droitshumains.net\/?p=18296#respond"]}]},{"@type":"WebPage","@id":"https:\/\/infos-droitshumains.net\/?p=18296","url":"https:\/\/infos-droitshumains.net\/?p=18296","name":"Annulation du contrat de 50 sous-traitants de MGT: entre pr\u00e9cipitation et violation des r\u00e8gles, Miguel Kashal Katemb d\u00e9savou\u00e9 - Infos Droits Humains","isPartOf":{"@id":"https:\/\/infos-droitshumains.net\/#website"},"primaryImageOfPage":{"@id":"https:\/\/infos-droitshumains.net\/?p=18296#primaryimage"},"image":{"@id":"https:\/\/infos-droitshumains.net\/?p=18296#primaryimage"},"thumbnailUrl":"https:\/\/i0.wp.com\/infos-droitshumains.net\/wp-content\/uploads\/2026\/03\/IMG-20260318-WA0022.jpg?fit=752%2C394&ssl=1","datePublished":"2026-03-17T23:34:16+00:00","dateModified":"2026-03-18T06:41:24+00:00","breadcrumb":{"@id":"https:\/\/infos-droitshumains.net\/?p=18296#breadcrumb"},"inLanguage":"fr-FR","potentialAction":[{"@type":"ReadAction","target":["https:\/\/infos-droitshumains.net\/?p=18296"]}]},{"@type":"ImageObject","inLanguage":"fr-FR","@id":"https:\/\/infos-droitshumains.net\/?p=18296#primaryimage","url":"https:\/\/i0.wp.com\/infos-droitshumains.net\/wp-content\/uploads\/2026\/03\/IMG-20260318-WA0022.jpg?fit=752%2C394&ssl=1","contentUrl":"https:\/\/i0.wp.com\/infos-droitshumains.net\/wp-content\/uploads\/2026\/03\/IMG-20260318-WA0022.jpg?fit=752%2C394&ssl=1","width":752,"height":394},{"@type":"BreadcrumbList","@id":"https:\/\/infos-droitshumains.net\/?p=18296#breadcrumb","itemListElement":[{"@type":"ListItem","position":1,"name":"Accueil","item":"https:\/\/infos-droitshumains.net\/"},{"@type":"ListItem","position":2,"name":"Annulation du contrat de 50 sous-traitants de MGT: entre pr\u00e9cipitation et violation des r\u00e8gles, Miguel Kashal Katemb d\u00e9savou\u00e9"}]},{"@type":"WebSite","@id":"https:\/\/infos-droitshumains.net\/#website","url":"https:\/\/infos-droitshumains.net\/","name":"Infos Droits Humains","description":"S&#039;informer est un droit","publisher":{"@id":"https:\/\/infos-droitshumains.net\/#organization"},"potentialAction":[{"@type":"SearchAction","target":{"@type":"EntryPoint","urlTemplate":"https:\/\/infos-droitshumains.net\/?s={search_term_string}"},"query-input":{"@type":"PropertyValueSpecification","valueRequired":true,"valueName":"search_term_string"}}],"inLanguage":"fr-FR"},{"@type":"Organization","@id":"https:\/\/infos-droitshumains.net\/#organization","name":"Infos Droits Humains","url":"https:\/\/infos-droitshumains.net\/","logo":{"@type":"ImageObject","inLanguage":"fr-FR","@id":"https:\/\/infos-droitshumains.net\/#\/schema\/logo\/image\/","url":"https:\/\/i0.wp.com\/infos-droitshumains.net\/wp-content\/uploads\/2022\/05\/Logo.png?fit=333%2C129&ssl=1","contentUrl":"https:\/\/i0.wp.com\/infos-droitshumains.net\/wp-content\/uploads\/2022\/05\/Logo.png?fit=333%2C129&ssl=1","width":333,"height":129,"caption":"Infos Droits Humains"},"image":{"@id":"https:\/\/infos-droitshumains.net\/#\/schema\/logo\/image\/"}},{"@type":"Person","@id":"https:\/\/infos-droitshumains.net\/#\/schema\/person\/3dc5e921c3302172e0ed4362f96faab7","name":"Jo\u00ebl Diawa","image":{"@type":"ImageObject","inLanguage":"fr-FR","@id":"https:\/\/secure.gravatar.com\/avatar\/729bea6ff4604c624417803c477363be8e3c7186deaa65713313f9b4b820f41c?s=96&d=mm&r=g","url":"https:\/\/secure.gravatar.com\/avatar\/729bea6ff4604c624417803c477363be8e3c7186deaa65713313f9b4b820f41c?s=96&d=mm&r=g","contentUrl":"https:\/\/secure.gravatar.com\/avatar\/729bea6ff4604c624417803c477363be8e3c7186deaa65713313f9b4b820f41c?s=96&d=mm&r=g","caption":"Jo\u00ebl Diawa"},"sameAs":["https:\/\/www.infos-droitshumains.net"],"url":"https:\/\/infos-droitshumains.net\/?author=2"}]}},"featured_image_urls":{"full":["https:\/\/i0.wp.com\/infos-droitshumains.net\/wp-content\/uploads\/2026\/03\/IMG-20260318-WA0022.jpg?fit=752%2C394&ssl=1",752,394,false],"thumbnail":["https:\/\/i0.wp.com\/infos-droitshumains.net\/wp-content\/uploads\/2026\/03\/IMG-20260318-WA0022.jpg?resize=150%2C150&ssl=1",150,150,true],"medium":["https:\/\/i0.wp.com\/infos-droitshumains.net\/wp-content\/uploads\/2026\/03\/IMG-20260318-WA0022.jpg?fit=300%2C157&ssl=1",300,157,true],"medium_large":["https:\/\/i0.wp.com\/infos-droitshumains.net\/wp-content\/uploads\/2026\/03\/IMG-20260318-WA0022.jpg?fit=640%2C335&ssl=1",640,335,true],"large":["https:\/\/i0.wp.com\/infos-droitshumains.net\/wp-content\/uploads\/2026\/03\/IMG-20260318-WA0022.jpg?fit=640%2C335&ssl=1",640,335,true],"1536x1536":["https:\/\/i0.wp.com\/infos-droitshumains.net\/wp-content\/uploads\/2026\/03\/IMG-20260318-WA0022.jpg?fit=752%2C394&ssl=1",752,394,true],"2048x2048":["https:\/\/i0.wp.com\/infos-droitshumains.net\/wp-content\/uploads\/2026\/03\/IMG-20260318-WA0022.jpg?fit=752%2C394&ssl=1",752,394,true],"covernews-slider-full":["https:\/\/i0.wp.com\/infos-droitshumains.net\/wp-content\/uploads\/2026\/03\/IMG-20260318-WA0022.jpg?resize=752%2C394&ssl=1",752,394,true],"covernews-slider-center":["https:\/\/i0.wp.com\/infos-droitshumains.net\/wp-content\/uploads\/2026\/03\/IMG-20260318-WA0022.jpg?resize=752%2C394&ssl=1",752,394,true],"covernews-featured":["https:\/\/i0.wp.com\/infos-droitshumains.net\/wp-content\/uploads\/2026\/03\/IMG-20260318-WA0022.jpg?fit=752%2C394&ssl=1",752,394,true],"covernews-medium":["https:\/\/i0.wp.com\/infos-droitshumains.net\/wp-content\/uploads\/2026\/03\/IMG-20260318-WA0022.jpg?resize=540%2C340&ssl=1",540,340,true],"covernews-medium-square":["https:\/\/i0.wp.com\/infos-droitshumains.net\/wp-content\/uploads\/2026\/03\/IMG-20260318-WA0022.jpg?resize=400%2C250&ssl=1",400,250,true]},"author_info":{"display_name":"Jo\u00ebl Diawa","author_link":"https:\/\/infos-droitshumains.net\/?author=2"},"category_info":"<a href=\"https:\/\/infos-droitshumains.net\/?cat=8\" rel=\"category\">Soci\u00e9t\u00e9<\/a>","tag_info":"Soci\u00e9t\u00e9","comment_count":"0","jetpack_featured_media_url":"https:\/\/i0.wp.com\/infos-droitshumains.net\/wp-content\/uploads\/2026\/03\/IMG-20260318-WA0022.jpg?fit=752%2C394&ssl=1","jetpack-related-posts":[],"jetpack_sharing_enabled":true,"_links":{"self":[{"href":"https:\/\/infos-droitshumains.net\/index.php?rest_route=\/wp\/v2\/posts\/18296","targetHints":{"allow":["GET"]}}],"collection":[{"href":"https:\/\/infos-droitshumains.net\/index.php?rest_route=\/wp\/v2\/posts"}],"about":[{"href":"https:\/\/infos-droitshumains.net\/index.php?rest_route=\/wp\/v2\/types\/post"}],"author":[{"embeddable":true,"href":"https:\/\/infos-droitshumains.net\/index.php?rest_route=\/wp\/v2\/users\/2"}],"replies":[{"embeddable":true,"href":"https:\/\/infos-droitshumains.net\/index.php?rest_route=%2Fwp%2Fv2%2Fcomments&post=18296"}],"version-history":[{"count":4,"href":"https:\/\/infos-droitshumains.net\/index.php?rest_route=\/wp\/v2\/posts\/18296\/revisions"}],"predecessor-version":[{"id":18307,"href":"https:\/\/infos-droitshumains.net\/index.php?rest_route=\/wp\/v2\/posts\/18296\/revisions\/18307"}],"wp:featuredmedia":[{"embeddable":true,"href":"https:\/\/infos-droitshumains.net\/index.php?rest_route=\/wp\/v2\/media\/18308"}],"wp:attachment":[{"href":"https:\/\/infos-droitshumains.net\/index.php?rest_route=%2Fwp%2Fv2%2Fmedia&parent=18296"}],"wp:term":[{"taxonomy":"category","embeddable":true,"href":"https:\/\/infos-droitshumains.net\/index.php?rest_route=%2Fwp%2Fv2%2Fcategories&post=18296"},{"taxonomy":"post_tag","embeddable":true,"href":"https:\/\/infos-droitshumains.net\/index.php?rest_route=%2Fwp%2Fv2%2Ftags&post=18296"}],"curies":[{"name":"wp","href":"https:\/\/api.w.org\/{rel}","templated":true}]}}