{"id":18214,"date":"2026-03-12T12:14:52","date_gmt":"2026-03-12T11:14:52","guid":{"rendered":"https:\/\/infos-droitshumains.net\/?p=18214"},"modified":"2026-03-12T12:20:18","modified_gmt":"2026-03-12T11:20:18","slug":"mois-de-la-femme-me-adeb-kayembe-ngoy-lance-deux-grandes-formations-gratuites-en-droit-ohada-pour-renforcer-les-capacites-des-praticiens-du-droit","status":"publish","type":"post","link":"https:\/\/infos-droitshumains.net\/?p=18214","title":{"rendered":"Mois de la femme : Me Adeb Kayembe Ngoy lance deux grandes formations gratuites en droit OHADA pour renforcer les capacit\u00e9s des praticiens du droit"},"content":{"rendered":"\n<p><strong>R\u00e9daction: +243 817 406 088<\/strong><\/p>\n\n\n\n<h3 class=\"wp-block-heading has-vivid-red-color has-text-color has-link-color wp-elements-148b3e2fa4d763b054dd15b9bf02b6a6\">Le droit des affaires harmonis\u00e9 en Afrique revient au c\u0153ur des d\u00e9bats juridiques \u00e0 Kinshasa. \u00c0 l\u2019occasion du mois de mars, consacr\u00e9 \u00e0 la promotion des droits des femmes, deux importantes sessions de formation seront organis\u00e9es afin de renforcer les comp\u00e9tences des praticiens du droit et des acteurs de la justice.<\/h3>\n\n\n\n<p>Ces rencontres scientifiques seront anim\u00e9es par Abed Kayembe Ngoy, avocat d\u2019affaires au Barreau de Kinshasa\/Matete, expert en banques, sp\u00e9cialiste du droit OHADA et doctrinaire reconnu pour ses contributions dans le domaine du recouvrement et du droit des s\u00fbret\u00e9s.<\/p>\n\n\n\n<p>Dans un contexte marqu\u00e9 par les r\u00e9formes du droit OHADA, ces formations visent \u00e0 outiller les magistrats, avocats, greffiers, huissiers de justice, notaires, agents d\u2019ex\u00e9cution ainsi que les op\u00e9rateurs \u00e9conomiques et judiciaires.<\/p>\n\n\n\n<p>Une attention particuli\u00e8re sera accord\u00e9e aux femmes praticiennes du droit: magistrates, avocates, greffi\u00e8res, huissiers de justice et notaires, afin de promouvoir leur mont\u00e9e en comp\u00e9tences et leur pleine participation dans l\u2019administration de la justice et la pratique du droit des affaires.<\/p>\n\n\n\n<p>La premi\u00e8re session se tiendra le vendredi 20 mars 2026 \u00e0 9h00 dans l\u2019enceinte du Tribunal de Grande Instance de Ndjili, sous l\u2019accueil de Marthe Fikilinikan Kolongo, Pr\u00e9sidente de cette juridiction.<\/p>\n\n\n\n<figure class=\"wp-block-image alignfull size-large\"><img data-recalc-dims=\"1\" fetchpriority=\"high\" decoding=\"async\" width=\"640\" height=\"800\" src=\"https:\/\/i0.wp.com\/infos-droitshumains.net\/wp-content\/uploads\/2026\/03\/1001385341.jpg?resize=640%2C800&#038;ssl=1\" alt=\"\" class=\"wp-image-18219\" srcset=\"https:\/\/i0.wp.com\/infos-droitshumains.net\/wp-content\/uploads\/2026\/03\/1001385341.jpg?resize=819%2C1024&amp;ssl=1 819w, https:\/\/i0.wp.com\/infos-droitshumains.net\/wp-content\/uploads\/2026\/03\/1001385341.jpg?resize=240%2C300&amp;ssl=1 240w, https:\/\/i0.wp.com\/infos-droitshumains.net\/wp-content\/uploads\/2026\/03\/1001385341.jpg?resize=768%2C960&amp;ssl=1 768w, https:\/\/i0.wp.com\/infos-droitshumains.net\/wp-content\/uploads\/2026\/03\/1001385341.jpg?w=1024&amp;ssl=1 1024w\" sizes=\"(max-width: 640px) 100vw, 640px\" \/><\/figure>\n\n\n\n<p>Le th\u00e8me retenu portera sur :<br><em>\u00ab Les 60 innovations du nouvel Acte uniforme portant organisation des proc\u00e9dures simplifi\u00e9es de recouvrement et des voies d\u2019ex\u00e9cution du 17 octobre 2023 \u00bb<\/em>.<\/p>\n\n\n\n<p>Cette session permettra aux participants de mieux comprendre les innovations majeures introduites par la r\u00e9forme r\u00e9cente de l\u2019OHADA, notamment en mati\u00e8re de recouvrement des cr\u00e9ances et de proc\u00e9dures d\u2019ex\u00e9cution, domaines essentiels pour la s\u00e9curit\u00e9 juridique et le climat des affaires.<\/p>\n\n\n\n<p>La seconde rencontre aura lieu le vendredi 27 mars 2026 \u00e0 9h00 au CEPAS, dans la Salle P\u00e8re Boka.<\/p>\n\n\n\n<p>Elle portera sur un sujet particuli\u00e8rement pratique et strat\u00e9gique pour les praticiens :<br><em>\u00ab Les causes ou moyens de nullit\u00e9 de saisie judiciaire : cas de la saisie conservatoire et de la saisie-attribution \u00bb.<\/em><\/p>\n\n\n\n<figure class=\"wp-block-image alignfull size-large\"><img data-recalc-dims=\"1\" decoding=\"async\" width=\"640\" height=\"800\" src=\"https:\/\/i0.wp.com\/infos-droitshumains.net\/wp-content\/uploads\/2026\/03\/1001383635.jpg?resize=640%2C800&#038;ssl=1\" alt=\"\" class=\"wp-image-18222\" srcset=\"https:\/\/i0.wp.com\/infos-droitshumains.net\/wp-content\/uploads\/2026\/03\/1001383635.jpg?resize=819%2C1024&amp;ssl=1 819w, https:\/\/i0.wp.com\/infos-droitshumains.net\/wp-content\/uploads\/2026\/03\/1001383635.jpg?resize=240%2C300&amp;ssl=1 240w, https:\/\/i0.wp.com\/infos-droitshumains.net\/wp-content\/uploads\/2026\/03\/1001383635.jpg?resize=768%2C960&amp;ssl=1 768w, https:\/\/i0.wp.com\/infos-droitshumains.net\/wp-content\/uploads\/2026\/03\/1001383635.jpg?w=864&amp;ssl=1 864w\" sizes=\"(max-width: 640px) 100vw, 640px\" \/><\/figure>\n\n\n\n<p>\u00c0 travers cette th\u00e9matique, les participants seront \u00e9difi\u00e9s sur les irr\u00e9gularit\u00e9s susceptibles d\u2019affecter les proc\u00e9dures de saisie et les moyens juridiques permettant de les contester devant les juridictions comp\u00e9tentes.<\/p>\n\n\n\n<p>Ces deux rendez-vous scientifiques s\u2019annoncent comme des moments privil\u00e9gi\u00e9s de partage d\u2019exp\u00e9riences, d\u2019analyse doctrinale et d\u2019actualisation des connaissances juridiques dans un contexte de modernisation du droit des affaires en Afrique.<\/p>\n\n\n\n<p>L\u2019acc\u00e8s aux formations est enti\u00e8rement gratuit, une d\u00e9marche qui traduit la volont\u00e9 des organisateurs de d\u00e9mocratiser l\u2019acc\u00e8s au savoir juridique et de contribuer au renforcement de l\u2019\u00c9tat de droit.<\/p>\n\n\n\n<p>Les praticiens du droit, op\u00e9rateurs \u00e9conomiques et tous les acteurs int\u00e9ress\u00e9s sont ainsi invit\u00e9s \u00e0 ne pas manquer ces deux importantes rencontres juridiques, qui promettent d\u2019\u00eatre riches en enseignements et en \u00e9changes scientifiques autour du droit OHADA.<\/p>\n\n\n\n<p>Pour plus d\u2019informations contactez +243 823 580 130<\/p>\n\n\n\n<p>La R\u00e9daction<\/p>\n","protected":false},"excerpt":{"rendered":"<p>R\u00e9daction: +243 817 406 088 Le droit des affaires harmonis\u00e9 en Afrique revient au c\u0153ur&#8230;<\/p>\n","protected":false},"author":2,"featured_media":18219,"comment_status":"open","ping_status":"open","sticky":false,"template":"","format":"standard","meta":{"_jetpack_memberships_contains_paid_content":false,"footnotes":""},"categories":[6],"tags":[],"class_list":["post-18214","post","type-post","status-publish","format-standard","has-post-thumbnail","hentry","category-justice"],"yoast_head":"<!-- This site is optimized with the Yoast SEO plugin v27.5 - https:\/\/yoast.com\/product\/yoast-seo-wordpress\/ -->\n<title>Mois de la femme : Me Adeb Kayembe Ngoy lance deux grandes formations gratuites en droit OHADA pour renforcer les capacit\u00e9s des praticiens du droit - Infos Droits Humains<\/title>\n<meta name=\"robots\" content=\"index, follow, max-snippet:-1, max-image-preview:large, max-video-preview:-1\" \/>\n<link rel=\"canonical\" href=\"https:\/\/infos-droitshumains.net\/?p=18214\" \/>\n<meta property=\"og:locale\" content=\"fr_FR\" \/>\n<meta property=\"og:type\" content=\"article\" \/>\n<meta property=\"og:title\" content=\"Mois de la femme : Me Adeb Kayembe Ngoy lance deux grandes formations gratuites en droit OHADA pour renforcer les capacit\u00e9s des praticiens du droit - Infos Droits Humains\" \/>\n<meta property=\"og:description\" content=\"R\u00e9daction: +243 817 406 088 Le droit des affaires harmonis\u00e9 en Afrique revient au c\u0153ur...\" \/>\n<meta property=\"og:url\" content=\"https:\/\/infos-droitshumains.net\/?p=18214\" \/>\n<meta property=\"og:site_name\" content=\"Infos Droits Humains\" \/>\n<meta property=\"article:published_time\" content=\"2026-03-12T11:14:52+00:00\" \/>\n<meta property=\"article:modified_time\" content=\"2026-03-12T11:20:18+00:00\" \/>\n<meta property=\"og:image\" content=\"https:\/\/infos-droitshumains.net\/wp-content\/uploads\/2026\/03\/1001385341.jpg\" \/>\n\t<meta property=\"og:image:width\" content=\"1024\" \/>\n\t<meta property=\"og:image:height\" content=\"1280\" \/>\n\t<meta property=\"og:image:type\" content=\"image\/jpeg\" \/>\n<meta name=\"author\" content=\"Jo\u00ebl Diawa\" \/>\n<meta name=\"twitter:card\" content=\"summary_large_image\" \/>\n<meta name=\"twitter:label1\" content=\"\u00c9crit par\" \/>\n\t<meta name=\"twitter:data1\" content=\"Jo\u00ebl Diawa\" \/>\n\t<meta name=\"twitter:label2\" content=\"Dur\u00e9e de lecture estim\u00e9e\" \/>\n\t<meta name=\"twitter:data2\" content=\"3 minutes\" \/>\n<script type=\"application\/ld+json\" class=\"yoast-schema-graph\">{\"@context\":\"https:\\\/\\\/schema.org\",\"@graph\":[{\"@type\":\"Article\",\"@id\":\"https:\\\/\\\/infos-droitshumains.net\\\/?p=18214#article\",\"isPartOf\":{\"@id\":\"https:\\\/\\\/infos-droitshumains.net\\\/?p=18214\"},\"author\":{\"name\":\"Jo\u00ebl Diawa\",\"@id\":\"https:\\\/\\\/infos-droitshumains.net\\\/#\\\/schema\\\/person\\\/3dc5e921c3302172e0ed4362f96faab7\"},\"headline\":\"Mois de la femme : Me Adeb Kayembe Ngoy lance deux grandes formations gratuites en droit OHADA pour renforcer les capacit\u00e9s des praticiens du droit\",\"datePublished\":\"2026-03-12T11:14:52+00:00\",\"dateModified\":\"2026-03-12T11:20:18+00:00\",\"mainEntityOfPage\":{\"@id\":\"https:\\\/\\\/infos-droitshumains.net\\\/?p=18214\"},\"wordCount\":523,\"commentCount\":0,\"publisher\":{\"@id\":\"https:\\\/\\\/infos-droitshumains.net\\\/#organization\"},\"image\":{\"@id\":\"https:\\\/\\\/infos-droitshumains.net\\\/?p=18214#primaryimage\"},\"thumbnailUrl\":\"https:\\\/\\\/i0.wp.com\\\/infos-droitshumains.net\\\/wp-content\\\/uploads\\\/2026\\\/03\\\/1001385341.jpg?fit=1024%2C1280&ssl=1\",\"articleSection\":[\"Justice\"],\"inLanguage\":\"fr-FR\",\"potentialAction\":[{\"@type\":\"CommentAction\",\"name\":\"Comment\",\"target\":[\"https:\\\/\\\/infos-droitshumains.net\\\/?p=18214#respond\"]}]},{\"@type\":\"WebPage\",\"@id\":\"https:\\\/\\\/infos-droitshumains.net\\\/?p=18214\",\"url\":\"https:\\\/\\\/infos-droitshumains.net\\\/?p=18214\",\"name\":\"Mois de la femme : Me Adeb Kayembe Ngoy lance deux grandes formations gratuites en droit OHADA pour renforcer les capacit\u00e9s des praticiens du droit - Infos Droits Humains\",\"isPartOf\":{\"@id\":\"https:\\\/\\\/infos-droitshumains.net\\\/#website\"},\"primaryImageOfPage\":{\"@id\":\"https:\\\/\\\/infos-droitshumains.net\\\/?p=18214#primaryimage\"},\"image\":{\"@id\":\"https:\\\/\\\/infos-droitshumains.net\\\/?p=18214#primaryimage\"},\"thumbnailUrl\":\"https:\\\/\\\/i0.wp.com\\\/infos-droitshumains.net\\\/wp-content\\\/uploads\\\/2026\\\/03\\\/1001385341.jpg?fit=1024%2C1280&ssl=1\",\"datePublished\":\"2026-03-12T11:14:52+00:00\",\"dateModified\":\"2026-03-12T11:20:18+00:00\",\"breadcrumb\":{\"@id\":\"https:\\\/\\\/infos-droitshumains.net\\\/?p=18214#breadcrumb\"},\"inLanguage\":\"fr-FR\",\"potentialAction\":[{\"@type\":\"ReadAction\",\"target\":[\"https:\\\/\\\/infos-droitshumains.net\\\/?p=18214\"]}]},{\"@type\":\"ImageObject\",\"inLanguage\":\"fr-FR\",\"@id\":\"https:\\\/\\\/infos-droitshumains.net\\\/?p=18214#primaryimage\",\"url\":\"https:\\\/\\\/i0.wp.com\\\/infos-droitshumains.net\\\/wp-content\\\/uploads\\\/2026\\\/03\\\/1001385341.jpg?fit=1024%2C1280&ssl=1\",\"contentUrl\":\"https:\\\/\\\/i0.wp.com\\\/infos-droitshumains.net\\\/wp-content\\\/uploads\\\/2026\\\/03\\\/1001385341.jpg?fit=1024%2C1280&ssl=1\",\"width\":1024,\"height\":1280},{\"@type\":\"BreadcrumbList\",\"@id\":\"https:\\\/\\\/infos-droitshumains.net\\\/?p=18214#breadcrumb\",\"itemListElement\":[{\"@type\":\"ListItem\",\"position\":1,\"name\":\"Accueil\",\"item\":\"https:\\\/\\\/infos-droitshumains.net\\\/\"},{\"@type\":\"ListItem\",\"position\":2,\"name\":\"Mois de la femme : Me Adeb Kayembe Ngoy lance deux grandes formations gratuites en droit OHADA pour renforcer les capacit\u00e9s des praticiens du droit\"}]},{\"@type\":\"WebSite\",\"@id\":\"https:\\\/\\\/infos-droitshumains.net\\\/#website\",\"url\":\"https:\\\/\\\/infos-droitshumains.net\\\/\",\"name\":\"Infos Droits Humains\",\"description\":\"S&#039;informer est un droit\",\"publisher\":{\"@id\":\"https:\\\/\\\/infos-droitshumains.net\\\/#organization\"},\"potentialAction\":[{\"@type\":\"SearchAction\",\"target\":{\"@type\":\"EntryPoint\",\"urlTemplate\":\"https:\\\/\\\/infos-droitshumains.net\\\/?s={search_term_string}\"},\"query-input\":{\"@type\":\"PropertyValueSpecification\",\"valueRequired\":true,\"valueName\":\"search_term_string\"}}],\"inLanguage\":\"fr-FR\"},{\"@type\":\"Organization\",\"@id\":\"https:\\\/\\\/infos-droitshumains.net\\\/#organization\",\"name\":\"Infos Droits Humains\",\"url\":\"https:\\\/\\\/infos-droitshumains.net\\\/\",\"logo\":{\"@type\":\"ImageObject\",\"inLanguage\":\"fr-FR\",\"@id\":\"https:\\\/\\\/infos-droitshumains.net\\\/#\\\/schema\\\/logo\\\/image\\\/\",\"url\":\"https:\\\/\\\/i0.wp.com\\\/infos-droitshumains.net\\\/wp-content\\\/uploads\\\/2022\\\/05\\\/Logo.png?fit=333%2C129&ssl=1\",\"contentUrl\":\"https:\\\/\\\/i0.wp.com\\\/infos-droitshumains.net\\\/wp-content\\\/uploads\\\/2022\\\/05\\\/Logo.png?fit=333%2C129&ssl=1\",\"width\":333,\"height\":129,\"caption\":\"Infos Droits Humains\"},\"image\":{\"@id\":\"https:\\\/\\\/infos-droitshumains.net\\\/#\\\/schema\\\/logo\\\/image\\\/\"}},{\"@type\":\"Person\",\"@id\":\"https:\\\/\\\/infos-droitshumains.net\\\/#\\\/schema\\\/person\\\/3dc5e921c3302172e0ed4362f96faab7\",\"name\":\"Jo\u00ebl Diawa\",\"image\":{\"@type\":\"ImageObject\",\"inLanguage\":\"fr-FR\",\"@id\":\"https:\\\/\\\/secure.gravatar.com\\\/avatar\\\/729bea6ff4604c624417803c477363be8e3c7186deaa65713313f9b4b820f41c?s=96&d=mm&r=g\",\"url\":\"https:\\\/\\\/secure.gravatar.com\\\/avatar\\\/729bea6ff4604c624417803c477363be8e3c7186deaa65713313f9b4b820f41c?s=96&d=mm&r=g\",\"contentUrl\":\"https:\\\/\\\/secure.gravatar.com\\\/avatar\\\/729bea6ff4604c624417803c477363be8e3c7186deaa65713313f9b4b820f41c?s=96&d=mm&r=g\",\"caption\":\"Jo\u00ebl Diawa\"},\"sameAs\":[\"https:\\\/\\\/www.infos-droitshumains.net\"],\"url\":\"https:\\\/\\\/infos-droitshumains.net\\\/?author=2\"}]}<\/script>\n<!-- \/ Yoast SEO plugin. -->","yoast_head_json":{"title":"Mois de la femme : Me Adeb Kayembe Ngoy lance deux grandes formations gratuites en droit OHADA pour renforcer les capacit\u00e9s des praticiens du droit - Infos Droits Humains","robots":{"index":"index","follow":"follow","max-snippet":"max-snippet:-1","max-image-preview":"max-image-preview:large","max-video-preview":"max-video-preview:-1"},"canonical":"https:\/\/infos-droitshumains.net\/?p=18214","og_locale":"fr_FR","og_type":"article","og_title":"Mois de la femme : Me Adeb Kayembe Ngoy lance deux grandes formations gratuites en droit OHADA pour renforcer les capacit\u00e9s des praticiens du droit - Infos Droits Humains","og_description":"R\u00e9daction: +243 817 406 088 Le droit des affaires harmonis\u00e9 en Afrique revient au c\u0153ur...","og_url":"https:\/\/infos-droitshumains.net\/?p=18214","og_site_name":"Infos Droits Humains","article_published_time":"2026-03-12T11:14:52+00:00","article_modified_time":"2026-03-12T11:20:18+00:00","og_image":[{"width":1024,"height":1280,"url":"https:\/\/infos-droitshumains.net\/wp-content\/uploads\/2026\/03\/1001385341.jpg","type":"image\/jpeg"}],"author":"Jo\u00ebl Diawa","twitter_card":"summary_large_image","twitter_misc":{"\u00c9crit par":"Jo\u00ebl Diawa","Dur\u00e9e de lecture estim\u00e9e":"3 minutes"},"schema":{"@context":"https:\/\/schema.org","@graph":[{"@type":"Article","@id":"https:\/\/infos-droitshumains.net\/?p=18214#article","isPartOf":{"@id":"https:\/\/infos-droitshumains.net\/?p=18214"},"author":{"name":"Jo\u00ebl Diawa","@id":"https:\/\/infos-droitshumains.net\/#\/schema\/person\/3dc5e921c3302172e0ed4362f96faab7"},"headline":"Mois de la femme : Me Adeb Kayembe Ngoy lance deux grandes formations gratuites en droit OHADA pour renforcer les capacit\u00e9s des praticiens du droit","datePublished":"2026-03-12T11:14:52+00:00","dateModified":"2026-03-12T11:20:18+00:00","mainEntityOfPage":{"@id":"https:\/\/infos-droitshumains.net\/?p=18214"},"wordCount":523,"commentCount":0,"publisher":{"@id":"https:\/\/infos-droitshumains.net\/#organization"},"image":{"@id":"https:\/\/infos-droitshumains.net\/?p=18214#primaryimage"},"thumbnailUrl":"https:\/\/i0.wp.com\/infos-droitshumains.net\/wp-content\/uploads\/2026\/03\/1001385341.jpg?fit=1024%2C1280&ssl=1","articleSection":["Justice"],"inLanguage":"fr-FR","potentialAction":[{"@type":"CommentAction","name":"Comment","target":["https:\/\/infos-droitshumains.net\/?p=18214#respond"]}]},{"@type":"WebPage","@id":"https:\/\/infos-droitshumains.net\/?p=18214","url":"https:\/\/infos-droitshumains.net\/?p=18214","name":"Mois de la femme : Me Adeb Kayembe Ngoy lance deux grandes formations gratuites en droit OHADA pour renforcer les capacit\u00e9s des praticiens du droit - Infos Droits Humains","isPartOf":{"@id":"https:\/\/infos-droitshumains.net\/#website"},"primaryImageOfPage":{"@id":"https:\/\/infos-droitshumains.net\/?p=18214#primaryimage"},"image":{"@id":"https:\/\/infos-droitshumains.net\/?p=18214#primaryimage"},"thumbnailUrl":"https:\/\/i0.wp.com\/infos-droitshumains.net\/wp-content\/uploads\/2026\/03\/1001385341.jpg?fit=1024%2C1280&ssl=1","datePublished":"2026-03-12T11:14:52+00:00","dateModified":"2026-03-12T11:20:18+00:00","breadcrumb":{"@id":"https:\/\/infos-droitshumains.net\/?p=18214#breadcrumb"},"inLanguage":"fr-FR","potentialAction":[{"@type":"ReadAction","target":["https:\/\/infos-droitshumains.net\/?p=18214"]}]},{"@type":"ImageObject","inLanguage":"fr-FR","@id":"https:\/\/infos-droitshumains.net\/?p=18214#primaryimage","url":"https:\/\/i0.wp.com\/infos-droitshumains.net\/wp-content\/uploads\/2026\/03\/1001385341.jpg?fit=1024%2C1280&ssl=1","contentUrl":"https:\/\/i0.wp.com\/infos-droitshumains.net\/wp-content\/uploads\/2026\/03\/1001385341.jpg?fit=1024%2C1280&ssl=1","width":1024,"height":1280},{"@type":"BreadcrumbList","@id":"https:\/\/infos-droitshumains.net\/?p=18214#breadcrumb","itemListElement":[{"@type":"ListItem","position":1,"name":"Accueil","item":"https:\/\/infos-droitshumains.net\/"},{"@type":"ListItem","position":2,"name":"Mois de la femme : Me Adeb Kayembe Ngoy lance deux grandes formations gratuites en droit OHADA pour renforcer les capacit\u00e9s des praticiens du droit"}]},{"@type":"WebSite","@id":"https:\/\/infos-droitshumains.net\/#website","url":"https:\/\/infos-droitshumains.net\/","name":"Infos Droits Humains","description":"S&#039;informer est un droit","publisher":{"@id":"https:\/\/infos-droitshumains.net\/#organization"},"potentialAction":[{"@type":"SearchAction","target":{"@type":"EntryPoint","urlTemplate":"https:\/\/infos-droitshumains.net\/?s={search_term_string}"},"query-input":{"@type":"PropertyValueSpecification","valueRequired":true,"valueName":"search_term_string"}}],"inLanguage":"fr-FR"},{"@type":"Organization","@id":"https:\/\/infos-droitshumains.net\/#organization","name":"Infos Droits Humains","url":"https:\/\/infos-droitshumains.net\/","logo":{"@type":"ImageObject","inLanguage":"fr-FR","@id":"https:\/\/infos-droitshumains.net\/#\/schema\/logo\/image\/","url":"https:\/\/i0.wp.com\/infos-droitshumains.net\/wp-content\/uploads\/2022\/05\/Logo.png?fit=333%2C129&ssl=1","contentUrl":"https:\/\/i0.wp.com\/infos-droitshumains.net\/wp-content\/uploads\/2022\/05\/Logo.png?fit=333%2C129&ssl=1","width":333,"height":129,"caption":"Infos Droits Humains"},"image":{"@id":"https:\/\/infos-droitshumains.net\/#\/schema\/logo\/image\/"}},{"@type":"Person","@id":"https:\/\/infos-droitshumains.net\/#\/schema\/person\/3dc5e921c3302172e0ed4362f96faab7","name":"Jo\u00ebl Diawa","image":{"@type":"ImageObject","inLanguage":"fr-FR","@id":"https:\/\/secure.gravatar.com\/avatar\/729bea6ff4604c624417803c477363be8e3c7186deaa65713313f9b4b820f41c?s=96&d=mm&r=g","url":"https:\/\/secure.gravatar.com\/avatar\/729bea6ff4604c624417803c477363be8e3c7186deaa65713313f9b4b820f41c?s=96&d=mm&r=g","contentUrl":"https:\/\/secure.gravatar.com\/avatar\/729bea6ff4604c624417803c477363be8e3c7186deaa65713313f9b4b820f41c?s=96&d=mm&r=g","caption":"Jo\u00ebl Diawa"},"sameAs":["https:\/\/www.infos-droitshumains.net"],"url":"https:\/\/infos-droitshumains.net\/?author=2"}]}},"featured_image_urls":{"full":["https:\/\/i0.wp.com\/infos-droitshumains.net\/wp-content\/uploads\/2026\/03\/1001385341.jpg?fit=1024%2C1280&ssl=1",1024,1280,false],"thumbnail":["https:\/\/i0.wp.com\/infos-droitshumains.net\/wp-content\/uploads\/2026\/03\/1001385341.jpg?resize=150%2C150&ssl=1",150,150,true],"medium":["https:\/\/i0.wp.com\/infos-droitshumains.net\/wp-content\/uploads\/2026\/03\/1001385341.jpg?fit=240%2C300&ssl=1",240,300,true],"medium_large":["https:\/\/i0.wp.com\/infos-droitshumains.net\/wp-content\/uploads\/2026\/03\/1001385341.jpg?fit=640%2C800&ssl=1",640,800,true],"large":["https:\/\/i0.wp.com\/infos-droitshumains.net\/wp-content\/uploads\/2026\/03\/1001385341.jpg?fit=640%2C800&ssl=1",640,800,true],"1536x1536":["https:\/\/i0.wp.com\/infos-droitshumains.net\/wp-content\/uploads\/2026\/03\/1001385341.jpg?fit=1024%2C1280&ssl=1",1024,1280,true],"2048x2048":["https:\/\/i0.wp.com\/infos-droitshumains.net\/wp-content\/uploads\/2026\/03\/1001385341.jpg?fit=1024%2C1280&ssl=1",1024,1280,true],"covernews-slider-full":["https:\/\/i0.wp.com\/infos-droitshumains.net\/wp-content\/uploads\/2026\/03\/1001385341.jpg?resize=1024%2C715&ssl=1",1024,715,true],"covernews-slider-center":["https:\/\/i0.wp.com\/infos-droitshumains.net\/wp-content\/uploads\/2026\/03\/1001385341.jpg?resize=800%2C500&ssl=1",800,500,true],"covernews-featured":["https:\/\/i0.wp.com\/infos-droitshumains.net\/wp-content\/uploads\/2026\/03\/1001385341.jpg?fit=1024%2C1280&ssl=1",1024,1280,true],"covernews-medium":["https:\/\/i0.wp.com\/infos-droitshumains.net\/wp-content\/uploads\/2026\/03\/1001385341.jpg?resize=540%2C340&ssl=1",540,340,true],"covernews-medium-square":["https:\/\/i0.wp.com\/infos-droitshumains.net\/wp-content\/uploads\/2026\/03\/1001385341.jpg?resize=400%2C250&ssl=1",400,250,true]},"author_info":{"display_name":"Jo\u00ebl Diawa","author_link":"https:\/\/infos-droitshumains.net\/?author=2"},"category_info":"<a href=\"https:\/\/infos-droitshumains.net\/?cat=6\" rel=\"category\">Justice<\/a>","tag_info":"Justice","comment_count":"0","jetpack_featured_media_url":"https:\/\/i0.wp.com\/infos-droitshumains.net\/wp-content\/uploads\/2026\/03\/1001385341.jpg?fit=1024%2C1280&ssl=1","jetpack-related-posts":[],"jetpack_sharing_enabled":true,"_links":{"self":[{"href":"https:\/\/infos-droitshumains.net\/index.php?rest_route=\/wp\/v2\/posts\/18214","targetHints":{"allow":["GET"]}}],"collection":[{"href":"https:\/\/infos-droitshumains.net\/index.php?rest_route=\/wp\/v2\/posts"}],"about":[{"href":"https:\/\/infos-droitshumains.net\/index.php?rest_route=\/wp\/v2\/types\/post"}],"author":[{"embeddable":true,"href":"https:\/\/infos-droitshumains.net\/index.php?rest_route=\/wp\/v2\/users\/2"}],"replies":[{"embeddable":true,"href":"https:\/\/infos-droitshumains.net\/index.php?rest_route=%2Fwp%2Fv2%2Fcomments&post=18214"}],"version-history":[{"count":6,"href":"https:\/\/infos-droitshumains.net\/index.php?rest_route=\/wp\/v2\/posts\/18214\/revisions"}],"predecessor-version":[{"id":18223,"href":"https:\/\/infos-droitshumains.net\/index.php?rest_route=\/wp\/v2\/posts\/18214\/revisions\/18223"}],"wp:featuredmedia":[{"embeddable":true,"href":"https:\/\/infos-droitshumains.net\/index.php?rest_route=\/wp\/v2\/media\/18219"}],"wp:attachment":[{"href":"https:\/\/infos-droitshumains.net\/index.php?rest_route=%2Fwp%2Fv2%2Fmedia&parent=18214"}],"wp:term":[{"taxonomy":"category","embeddable":true,"href":"https:\/\/infos-droitshumains.net\/index.php?rest_route=%2Fwp%2Fv2%2Fcategories&post=18214"},{"taxonomy":"post_tag","embeddable":true,"href":"https:\/\/infos-droitshumains.net\/index.php?rest_route=%2Fwp%2Fv2%2Ftags&post=18214"}],"curies":[{"name":"wp","href":"https:\/\/api.w.org\/{rel}","templated":true}]}}