{"id":18189,"date":"2026-03-11T23:24:22","date_gmt":"2026-03-11T22:24:22","guid":{"rendered":"https:\/\/infos-droitshumains.net\/?p=18189"},"modified":"2026-03-12T08:29:49","modified_gmt":"2026-03-12T07:29:49","slug":"rdc-ouverture-a-kinshasa-des-10%e1%b5%89-assises-du-colub-sur-la-lutte-contre-le-blanchiment-de-capitaux","status":"publish","type":"post","link":"https:\/\/infos-droitshumains.net\/?p=18189","title":{"rendered":"Lutte contre le blanchiment de capitaux et le financement du terrorisme: la strat\u00e9gie de la RDC renforc\u00e9e par les 10e assises du COLUB"},"content":{"rendered":"\n<p><strong>R\u00e9daction: +243 817 406 088<\/strong><\/p>\n\n\n\n<h3 class=\"wp-block-heading has-vivid-red-color has-text-color has-link-color wp-elements-0167d8e9525708571b2b3c88271757f7\">Les 10\u1d49 assises du Comit\u00e9 Consultatif de Lutte contre le Blanchiment de Capitaux et le Financement du Terrorisme et de la Prolif\u00e9ration (COLUB) se sont ouvertes ce mercredi 11 mars 2026 \u00e0 <strong>Kinshasa<\/strong>, en pr\u00e9sence de nombreux acteurs impliqu\u00e9s dans la lutte contre la criminalit\u00e9 financi\u00e8re. Plac\u00e9es sous le patronage du ministre des Finances, ces assises se tiennent autour du th\u00e8me : <em><strong>\u00ab Bonne gouvernance, r\u00e9silience et lutte contre le blanchiment de capitaux et le financement du terrorisme en temps de crise s\u00e9curitaire : avanc\u00e9es de la RDC pour sortir de la liste grise du GAFI \u00bb<\/strong>.<\/em><\/h3>\n\n\n\n<p>Ces travaux s\u2019inscrivent dans le cadre de la mise en \u0153uvre de la coordination nationale de la lutte contre le blanchiment de capitaux et le financement du terrorisme et de la prolif\u00e9ration (LBC\/FT), mission assur\u00e9e par le COLUB.<\/p>\n\n\n\n<p>La pr\u00e9sidente du COLUB, Stella Nima Wanga, a soulign\u00e9 que la r\u00e9silience d\u2019un \u00c9tat ne d\u00e9pend pas uniquement de sa capacit\u00e9 militaire, mais \u00e9galement de la solidit\u00e9 de son syst\u00e8me financier.<\/p>\n\n\n\n<p><em>\u00ab La r\u00e9silience d\u2019un \u00c9tat ne se mesure pas uniquement \u00e0 la robustesse de sa force de d\u00e9fense, mais aussi \u00e0 la solidit\u00e9 de son syst\u00e8me financier et \u00e0 sa capacit\u00e9 d\u2019emp\u00eacher que l\u2019\u00e9conomie ne devienne le vecteur de la criminalit\u00e9 organis\u00e9e \u00bb<\/em>, a-t-elle d\u00e9clar\u00e9.<\/p>\n\n\n\n<p>Selon elle, le COLUB n\u2019a cess\u00e9 de proposer des r\u00e9formes visant \u00e0 renforcer l\u2019efficacit\u00e9 du dispositif national et \u00e0 l\u2019aligner sur les standards du Groupe d\u2019action financi\u00e8re (GAFI).<\/p>\n\n\n\n<p>Elle a \u00e9galement mis en avant les progr\u00e8s r\u00e9alis\u00e9s, notamment la mise en place d\u2019une plateforme num\u00e9rique d\u2019\u00e9change d\u2019informations, marquant le passage d\u2019une coordination essentiellement d\u00e9clarative \u00e0 une coordination op\u00e9rationnelle, instantan\u00e9e et tra\u00e7able.<\/p>\n\n\n\n<p><em>\u00ab Le COLUB s\u2019est progressivement affirm\u00e9 comme un v\u00e9ritable espace d\u2019\u00e9changes techniques, un laboratoire institutionnel et un cadre de r\u00e9flexion pour lutter contre les criminalit\u00e9s financi\u00e8res en g\u00e9n\u00e9ral, et contre le blanchiment de capitaux ainsi que le financement du terrorisme et de la prolif\u00e9ration en particulier \u00bb<\/em>, a-t-elle ajout\u00e9.<\/p>\n\n\n\n<p>Malgr\u00e9 ces avanc\u00e9es, plusieurs d\u00e9fis demeurent, notamment la transformation effective des textes l\u00e9gaux et r\u00e9glementaires en r\u00e9sultats concrets, ainsi que la traduction des engagements en actions mesurables.<\/p>\n\n\n\n<p>Face \u00e0 ces enjeux, le COLUB ambitionne, \u00e0 travers ces assises, de renforcer davantage les m\u00e9canismes de lutte contre la criminalit\u00e9 financi\u00e8re.<\/p>\n\n\n\n<p><em>\u00ab Notre ambition est de sortir durablement la RDC de la liste grise du GAFI, de renforcer la confiance des investisseurs en \u00e9radiquant la criminalit\u00e9 financi\u00e8re, de prot\u00e9ger l\u2019int\u00e9grit\u00e9 de notre syst\u00e8me financier et d\u2019acc\u00e9l\u00e9rer la mise en \u0153uvre de la strat\u00e9gie nationale de lutte contre le blanchiment de capitaux et le financement du terrorisme et de la prolif\u00e9ration \u00bb<\/em>, a pr\u00e9cis\u00e9 la pr\u00e9sidente du COLUB.<\/p>\n\n\n\n<p>Intervenant au nom du ministre des Finances, le d+Directeur de cabinet, Alain Malata Kafunda, a r\u00e9affirm\u00e9 l\u2019engagement du gouvernement dans cette lutte. Il a indiqu\u00e9 que les actions engag\u00e9es par le gouvernement, sous l\u2019impulsion du Pr\u00e9sident de la R\u00e9publique, placent la lutte contre le blanchiment de capitaux et le financement du terrorisme au c\u0153ur de l\u2019action publique.<\/p>\n\n\n\n<p>Pr\u00e9vue pour s\u2019achever le 12 mars 2026, cette rencontre r\u00e9unit notamment les membres permanents du COLUB issus des services publics, des institutions et administrations de l\u2019\u00c9tat, ainsi que des organisations priv\u00e9es soumises \u00e0 la l\u00e9gislation relative \u00e0 la LBC\/FT. D\u2019autres acteurs provenant de secteurs concern\u00e9s ou impact\u00e9s par ces fl\u00e9aux prennent \u00e9galement part \u00e0 ces travaux.<\/p>\n\n\n\n<p>AM<\/p>\n","protected":false},"excerpt":{"rendered":"<p>R\u00e9daction: +243 817 406 088 Les 10\u1d49 assises du Comit\u00e9 Consultatif de Lutte contre le&#8230;<\/p>\n","protected":false},"author":2,"featured_media":18211,"comment_status":"open","ping_status":"open","sticky":false,"template":"","format":"standard","meta":{"_jetpack_memberships_contains_paid_content":false,"footnotes":""},"categories":[4],"tags":[],"class_list":["post-18189","post","type-post","status-publish","format-standard","has-post-thumbnail","hentry","category-eco"],"yoast_head":"<!-- This site is optimized with the Yoast SEO plugin v27.5 - https:\/\/yoast.com\/product\/yoast-seo-wordpress\/ -->\n<title>Lutte contre le blanchiment de capitaux et le financement du terrorisme: la strat\u00e9gie de la RDC renforc\u00e9e par les 10e assises du COLUB - Infos Droits Humains<\/title>\n<meta name=\"robots\" content=\"index, follow, max-snippet:-1, max-image-preview:large, max-video-preview:-1\" \/>\n<link rel=\"canonical\" href=\"https:\/\/infos-droitshumains.net\/?p=18189\" \/>\n<meta property=\"og:locale\" content=\"fr_FR\" \/>\n<meta property=\"og:type\" content=\"article\" \/>\n<meta property=\"og:title\" content=\"Lutte contre le blanchiment de capitaux et le financement du terrorisme: la strat\u00e9gie de la RDC renforc\u00e9e par les 10e assises du COLUB - Infos Droits Humains\" \/>\n<meta property=\"og:description\" content=\"R\u00e9daction: +243 817 406 088 Les 10\u1d49 assises du Comit\u00e9 Consultatif de Lutte contre le...\" \/>\n<meta property=\"og:url\" content=\"https:\/\/infos-droitshumains.net\/?p=18189\" \/>\n<meta property=\"og:site_name\" content=\"Infos Droits Humains\" \/>\n<meta property=\"article:published_time\" content=\"2026-03-11T22:24:22+00:00\" \/>\n<meta property=\"article:modified_time\" content=\"2026-03-12T07:29:49+00:00\" \/>\n<meta property=\"og:image\" content=\"https:\/\/infos-droitshumains.net\/wp-content\/uploads\/2026\/03\/Composition21.jpg\" \/>\n\t<meta property=\"og:image:width\" content=\"1580\" \/>\n\t<meta property=\"og:image:height\" content=\"1022\" \/>\n\t<meta property=\"og:image:type\" content=\"image\/jpeg\" \/>\n<meta name=\"author\" content=\"Jo\u00ebl Diawa\" \/>\n<meta name=\"twitter:card\" content=\"summary_large_image\" \/>\n<meta name=\"twitter:label1\" content=\"\u00c9crit par\" \/>\n\t<meta name=\"twitter:data1\" content=\"Jo\u00ebl Diawa\" \/>\n\t<meta name=\"twitter:label2\" content=\"Dur\u00e9e de lecture estim\u00e9e\" \/>\n\t<meta name=\"twitter:data2\" content=\"3 minutes\" \/>\n<script type=\"application\/ld+json\" class=\"yoast-schema-graph\">{\"@context\":\"https:\\\/\\\/schema.org\",\"@graph\":[{\"@type\":\"Article\",\"@id\":\"https:\\\/\\\/infos-droitshumains.net\\\/?p=18189#article\",\"isPartOf\":{\"@id\":\"https:\\\/\\\/infos-droitshumains.net\\\/?p=18189\"},\"author\":{\"name\":\"Jo\u00ebl Diawa\",\"@id\":\"https:\\\/\\\/infos-droitshumains.net\\\/#\\\/schema\\\/person\\\/3dc5e921c3302172e0ed4362f96faab7\"},\"headline\":\"Lutte contre le blanchiment de capitaux et le financement du terrorisme: la strat\u00e9gie de la RDC renforc\u00e9e par les 10e assises du COLUB\",\"datePublished\":\"2026-03-11T22:24:22+00:00\",\"dateModified\":\"2026-03-12T07:29:49+00:00\",\"mainEntityOfPage\":{\"@id\":\"https:\\\/\\\/infos-droitshumains.net\\\/?p=18189\"},\"wordCount\":643,\"commentCount\":0,\"publisher\":{\"@id\":\"https:\\\/\\\/infos-droitshumains.net\\\/#organization\"},\"image\":{\"@id\":\"https:\\\/\\\/infos-droitshumains.net\\\/?p=18189#primaryimage\"},\"thumbnailUrl\":\"https:\\\/\\\/i0.wp.com\\\/infos-droitshumains.net\\\/wp-content\\\/uploads\\\/2026\\\/03\\\/Composition21.jpg?fit=1580%2C1022&ssl=1\",\"articleSection\":[\"Economie\"],\"inLanguage\":\"fr-FR\",\"potentialAction\":[{\"@type\":\"CommentAction\",\"name\":\"Comment\",\"target\":[\"https:\\\/\\\/infos-droitshumains.net\\\/?p=18189#respond\"]}]},{\"@type\":\"WebPage\",\"@id\":\"https:\\\/\\\/infos-droitshumains.net\\\/?p=18189\",\"url\":\"https:\\\/\\\/infos-droitshumains.net\\\/?p=18189\",\"name\":\"Lutte contre le blanchiment de capitaux et le financement du terrorisme: la strat\u00e9gie de la RDC renforc\u00e9e par les 10e assises du COLUB - Infos Droits Humains\",\"isPartOf\":{\"@id\":\"https:\\\/\\\/infos-droitshumains.net\\\/#website\"},\"primaryImageOfPage\":{\"@id\":\"https:\\\/\\\/infos-droitshumains.net\\\/?p=18189#primaryimage\"},\"image\":{\"@id\":\"https:\\\/\\\/infos-droitshumains.net\\\/?p=18189#primaryimage\"},\"thumbnailUrl\":\"https:\\\/\\\/i0.wp.com\\\/infos-droitshumains.net\\\/wp-content\\\/uploads\\\/2026\\\/03\\\/Composition21.jpg?fit=1580%2C1022&ssl=1\",\"datePublished\":\"2026-03-11T22:24:22+00:00\",\"dateModified\":\"2026-03-12T07:29:49+00:00\",\"breadcrumb\":{\"@id\":\"https:\\\/\\\/infos-droitshumains.net\\\/?p=18189#breadcrumb\"},\"inLanguage\":\"fr-FR\",\"potentialAction\":[{\"@type\":\"ReadAction\",\"target\":[\"https:\\\/\\\/infos-droitshumains.net\\\/?p=18189\"]}]},{\"@type\":\"ImageObject\",\"inLanguage\":\"fr-FR\",\"@id\":\"https:\\\/\\\/infos-droitshumains.net\\\/?p=18189#primaryimage\",\"url\":\"https:\\\/\\\/i0.wp.com\\\/infos-droitshumains.net\\\/wp-content\\\/uploads\\\/2026\\\/03\\\/Composition21.jpg?fit=1580%2C1022&ssl=1\",\"contentUrl\":\"https:\\\/\\\/i0.wp.com\\\/infos-droitshumains.net\\\/wp-content\\\/uploads\\\/2026\\\/03\\\/Composition21.jpg?fit=1580%2C1022&ssl=1\",\"width\":1580,\"height\":1022},{\"@type\":\"BreadcrumbList\",\"@id\":\"https:\\\/\\\/infos-droitshumains.net\\\/?p=18189#breadcrumb\",\"itemListElement\":[{\"@type\":\"ListItem\",\"position\":1,\"name\":\"Accueil\",\"item\":\"https:\\\/\\\/infos-droitshumains.net\\\/\"},{\"@type\":\"ListItem\",\"position\":2,\"name\":\"Lutte contre le blanchiment de capitaux et le financement du terrorisme: la strat\u00e9gie de la RDC renforc\u00e9e par les 10e assises du COLUB\"}]},{\"@type\":\"WebSite\",\"@id\":\"https:\\\/\\\/infos-droitshumains.net\\\/#website\",\"url\":\"https:\\\/\\\/infos-droitshumains.net\\\/\",\"name\":\"Infos Droits Humains\",\"description\":\"S&#039;informer est un droit\",\"publisher\":{\"@id\":\"https:\\\/\\\/infos-droitshumains.net\\\/#organization\"},\"potentialAction\":[{\"@type\":\"SearchAction\",\"target\":{\"@type\":\"EntryPoint\",\"urlTemplate\":\"https:\\\/\\\/infos-droitshumains.net\\\/?s={search_term_string}\"},\"query-input\":{\"@type\":\"PropertyValueSpecification\",\"valueRequired\":true,\"valueName\":\"search_term_string\"}}],\"inLanguage\":\"fr-FR\"},{\"@type\":\"Organization\",\"@id\":\"https:\\\/\\\/infos-droitshumains.net\\\/#organization\",\"name\":\"Infos Droits Humains\",\"url\":\"https:\\\/\\\/infos-droitshumains.net\\\/\",\"logo\":{\"@type\":\"ImageObject\",\"inLanguage\":\"fr-FR\",\"@id\":\"https:\\\/\\\/infos-droitshumains.net\\\/#\\\/schema\\\/logo\\\/image\\\/\",\"url\":\"https:\\\/\\\/i0.wp.com\\\/infos-droitshumains.net\\\/wp-content\\\/uploads\\\/2022\\\/05\\\/Logo.png?fit=333%2C129&ssl=1\",\"contentUrl\":\"https:\\\/\\\/i0.wp.com\\\/infos-droitshumains.net\\\/wp-content\\\/uploads\\\/2022\\\/05\\\/Logo.png?fit=333%2C129&ssl=1\",\"width\":333,\"height\":129,\"caption\":\"Infos Droits Humains\"},\"image\":{\"@id\":\"https:\\\/\\\/infos-droitshumains.net\\\/#\\\/schema\\\/logo\\\/image\\\/\"}},{\"@type\":\"Person\",\"@id\":\"https:\\\/\\\/infos-droitshumains.net\\\/#\\\/schema\\\/person\\\/3dc5e921c3302172e0ed4362f96faab7\",\"name\":\"Jo\u00ebl Diawa\",\"image\":{\"@type\":\"ImageObject\",\"inLanguage\":\"fr-FR\",\"@id\":\"https:\\\/\\\/secure.gravatar.com\\\/avatar\\\/729bea6ff4604c624417803c477363be8e3c7186deaa65713313f9b4b820f41c?s=96&d=mm&r=g\",\"url\":\"https:\\\/\\\/secure.gravatar.com\\\/avatar\\\/729bea6ff4604c624417803c477363be8e3c7186deaa65713313f9b4b820f41c?s=96&d=mm&r=g\",\"contentUrl\":\"https:\\\/\\\/secure.gravatar.com\\\/avatar\\\/729bea6ff4604c624417803c477363be8e3c7186deaa65713313f9b4b820f41c?s=96&d=mm&r=g\",\"caption\":\"Jo\u00ebl Diawa\"},\"sameAs\":[\"https:\\\/\\\/www.infos-droitshumains.net\"],\"url\":\"https:\\\/\\\/infos-droitshumains.net\\\/?author=2\"}]}<\/script>\n<!-- \/ Yoast SEO plugin. -->","yoast_head_json":{"title":"Lutte contre le blanchiment de capitaux et le financement du terrorisme: la strat\u00e9gie de la RDC renforc\u00e9e par les 10e assises du COLUB - Infos Droits Humains","robots":{"index":"index","follow":"follow","max-snippet":"max-snippet:-1","max-image-preview":"max-image-preview:large","max-video-preview":"max-video-preview:-1"},"canonical":"https:\/\/infos-droitshumains.net\/?p=18189","og_locale":"fr_FR","og_type":"article","og_title":"Lutte contre le blanchiment de capitaux et le financement du terrorisme: la strat\u00e9gie de la RDC renforc\u00e9e par les 10e assises du COLUB - Infos Droits Humains","og_description":"R\u00e9daction: +243 817 406 088 Les 10\u1d49 assises du Comit\u00e9 Consultatif de Lutte contre le...","og_url":"https:\/\/infos-droitshumains.net\/?p=18189","og_site_name":"Infos Droits Humains","article_published_time":"2026-03-11T22:24:22+00:00","article_modified_time":"2026-03-12T07:29:49+00:00","og_image":[{"width":1580,"height":1022,"url":"https:\/\/infos-droitshumains.net\/wp-content\/uploads\/2026\/03\/Composition21.jpg","type":"image\/jpeg"}],"author":"Jo\u00ebl Diawa","twitter_card":"summary_large_image","twitter_misc":{"\u00c9crit par":"Jo\u00ebl Diawa","Dur\u00e9e de lecture estim\u00e9e":"3 minutes"},"schema":{"@context":"https:\/\/schema.org","@graph":[{"@type":"Article","@id":"https:\/\/infos-droitshumains.net\/?p=18189#article","isPartOf":{"@id":"https:\/\/infos-droitshumains.net\/?p=18189"},"author":{"name":"Jo\u00ebl Diawa","@id":"https:\/\/infos-droitshumains.net\/#\/schema\/person\/3dc5e921c3302172e0ed4362f96faab7"},"headline":"Lutte contre le blanchiment de capitaux et le financement du terrorisme: la strat\u00e9gie de la RDC renforc\u00e9e par les 10e assises du COLUB","datePublished":"2026-03-11T22:24:22+00:00","dateModified":"2026-03-12T07:29:49+00:00","mainEntityOfPage":{"@id":"https:\/\/infos-droitshumains.net\/?p=18189"},"wordCount":643,"commentCount":0,"publisher":{"@id":"https:\/\/infos-droitshumains.net\/#organization"},"image":{"@id":"https:\/\/infos-droitshumains.net\/?p=18189#primaryimage"},"thumbnailUrl":"https:\/\/i0.wp.com\/infos-droitshumains.net\/wp-content\/uploads\/2026\/03\/Composition21.jpg?fit=1580%2C1022&ssl=1","articleSection":["Economie"],"inLanguage":"fr-FR","potentialAction":[{"@type":"CommentAction","name":"Comment","target":["https:\/\/infos-droitshumains.net\/?p=18189#respond"]}]},{"@type":"WebPage","@id":"https:\/\/infos-droitshumains.net\/?p=18189","url":"https:\/\/infos-droitshumains.net\/?p=18189","name":"Lutte contre le blanchiment de capitaux et le financement du terrorisme: la strat\u00e9gie de la RDC renforc\u00e9e par les 10e assises du COLUB - Infos Droits Humains","isPartOf":{"@id":"https:\/\/infos-droitshumains.net\/#website"},"primaryImageOfPage":{"@id":"https:\/\/infos-droitshumains.net\/?p=18189#primaryimage"},"image":{"@id":"https:\/\/infos-droitshumains.net\/?p=18189#primaryimage"},"thumbnailUrl":"https:\/\/i0.wp.com\/infos-droitshumains.net\/wp-content\/uploads\/2026\/03\/Composition21.jpg?fit=1580%2C1022&ssl=1","datePublished":"2026-03-11T22:24:22+00:00","dateModified":"2026-03-12T07:29:49+00:00","breadcrumb":{"@id":"https:\/\/infos-droitshumains.net\/?p=18189#breadcrumb"},"inLanguage":"fr-FR","potentialAction":[{"@type":"ReadAction","target":["https:\/\/infos-droitshumains.net\/?p=18189"]}]},{"@type":"ImageObject","inLanguage":"fr-FR","@id":"https:\/\/infos-droitshumains.net\/?p=18189#primaryimage","url":"https:\/\/i0.wp.com\/infos-droitshumains.net\/wp-content\/uploads\/2026\/03\/Composition21.jpg?fit=1580%2C1022&ssl=1","contentUrl":"https:\/\/i0.wp.com\/infos-droitshumains.net\/wp-content\/uploads\/2026\/03\/Composition21.jpg?fit=1580%2C1022&ssl=1","width":1580,"height":1022},{"@type":"BreadcrumbList","@id":"https:\/\/infos-droitshumains.net\/?p=18189#breadcrumb","itemListElement":[{"@type":"ListItem","position":1,"name":"Accueil","item":"https:\/\/infos-droitshumains.net\/"},{"@type":"ListItem","position":2,"name":"Lutte contre le blanchiment de capitaux et le financement du terrorisme: la strat\u00e9gie de la RDC renforc\u00e9e par les 10e assises du COLUB"}]},{"@type":"WebSite","@id":"https:\/\/infos-droitshumains.net\/#website","url":"https:\/\/infos-droitshumains.net\/","name":"Infos Droits Humains","description":"S&#039;informer est un droit","publisher":{"@id":"https:\/\/infos-droitshumains.net\/#organization"},"potentialAction":[{"@type":"SearchAction","target":{"@type":"EntryPoint","urlTemplate":"https:\/\/infos-droitshumains.net\/?s={search_term_string}"},"query-input":{"@type":"PropertyValueSpecification","valueRequired":true,"valueName":"search_term_string"}}],"inLanguage":"fr-FR"},{"@type":"Organization","@id":"https:\/\/infos-droitshumains.net\/#organization","name":"Infos Droits Humains","url":"https:\/\/infos-droitshumains.net\/","logo":{"@type":"ImageObject","inLanguage":"fr-FR","@id":"https:\/\/infos-droitshumains.net\/#\/schema\/logo\/image\/","url":"https:\/\/i0.wp.com\/infos-droitshumains.net\/wp-content\/uploads\/2022\/05\/Logo.png?fit=333%2C129&ssl=1","contentUrl":"https:\/\/i0.wp.com\/infos-droitshumains.net\/wp-content\/uploads\/2022\/05\/Logo.png?fit=333%2C129&ssl=1","width":333,"height":129,"caption":"Infos Droits Humains"},"image":{"@id":"https:\/\/infos-droitshumains.net\/#\/schema\/logo\/image\/"}},{"@type":"Person","@id":"https:\/\/infos-droitshumains.net\/#\/schema\/person\/3dc5e921c3302172e0ed4362f96faab7","name":"Jo\u00ebl Diawa","image":{"@type":"ImageObject","inLanguage":"fr-FR","@id":"https:\/\/secure.gravatar.com\/avatar\/729bea6ff4604c624417803c477363be8e3c7186deaa65713313f9b4b820f41c?s=96&d=mm&r=g","url":"https:\/\/secure.gravatar.com\/avatar\/729bea6ff4604c624417803c477363be8e3c7186deaa65713313f9b4b820f41c?s=96&d=mm&r=g","contentUrl":"https:\/\/secure.gravatar.com\/avatar\/729bea6ff4604c624417803c477363be8e3c7186deaa65713313f9b4b820f41c?s=96&d=mm&r=g","caption":"Jo\u00ebl Diawa"},"sameAs":["https:\/\/www.infos-droitshumains.net"],"url":"https:\/\/infos-droitshumains.net\/?author=2"}]}},"featured_image_urls":{"full":["https:\/\/i0.wp.com\/infos-droitshumains.net\/wp-content\/uploads\/2026\/03\/Composition21.jpg?fit=1580%2C1022&ssl=1",1580,1022,false],"thumbnail":["https:\/\/i0.wp.com\/infos-droitshumains.net\/wp-content\/uploads\/2026\/03\/Composition21.jpg?resize=150%2C150&ssl=1",150,150,true],"medium":["https:\/\/i0.wp.com\/infos-droitshumains.net\/wp-content\/uploads\/2026\/03\/Composition21.jpg?fit=300%2C194&ssl=1",300,194,true],"medium_large":["https:\/\/i0.wp.com\/infos-droitshumains.net\/wp-content\/uploads\/2026\/03\/Composition21.jpg?fit=640%2C414&ssl=1",640,414,true],"large":["https:\/\/i0.wp.com\/infos-droitshumains.net\/wp-content\/uploads\/2026\/03\/Composition21.jpg?fit=640%2C414&ssl=1",640,414,true],"1536x1536":["https:\/\/i0.wp.com\/infos-droitshumains.net\/wp-content\/uploads\/2026\/03\/Composition21.jpg?fit=1536%2C994&ssl=1",1536,994,true],"2048x2048":["https:\/\/i0.wp.com\/infos-droitshumains.net\/wp-content\/uploads\/2026\/03\/Composition21.jpg?fit=1580%2C1022&ssl=1",1580,1022,true],"covernews-slider-full":["https:\/\/i0.wp.com\/infos-droitshumains.net\/wp-content\/uploads\/2026\/03\/Composition21.jpg?resize=1115%2C715&ssl=1",1115,715,true],"covernews-slider-center":["https:\/\/i0.wp.com\/infos-droitshumains.net\/wp-content\/uploads\/2026\/03\/Composition21.jpg?resize=800%2C500&ssl=1",800,500,true],"covernews-featured":["https:\/\/i0.wp.com\/infos-droitshumains.net\/wp-content\/uploads\/2026\/03\/Composition21.jpg?fit=1024%2C662&ssl=1",1024,662,true],"covernews-medium":["https:\/\/i0.wp.com\/infos-droitshumains.net\/wp-content\/uploads\/2026\/03\/Composition21.jpg?resize=540%2C340&ssl=1",540,340,true],"covernews-medium-square":["https:\/\/i0.wp.com\/infos-droitshumains.net\/wp-content\/uploads\/2026\/03\/Composition21.jpg?resize=400%2C250&ssl=1",400,250,true]},"author_info":{"display_name":"Jo\u00ebl Diawa","author_link":"https:\/\/infos-droitshumains.net\/?author=2"},"category_info":"<a href=\"https:\/\/infos-droitshumains.net\/?cat=4\" rel=\"category\">Economie<\/a>","tag_info":"Economie","comment_count":"0","jetpack_featured_media_url":"https:\/\/i0.wp.com\/infos-droitshumains.net\/wp-content\/uploads\/2026\/03\/Composition21.jpg?fit=1580%2C1022&ssl=1","jetpack-related-posts":[],"jetpack_sharing_enabled":true,"_links":{"self":[{"href":"https:\/\/infos-droitshumains.net\/index.php?rest_route=\/wp\/v2\/posts\/18189","targetHints":{"allow":["GET"]}}],"collection":[{"href":"https:\/\/infos-droitshumains.net\/index.php?rest_route=\/wp\/v2\/posts"}],"about":[{"href":"https:\/\/infos-droitshumains.net\/index.php?rest_route=\/wp\/v2\/types\/post"}],"author":[{"embeddable":true,"href":"https:\/\/infos-droitshumains.net\/index.php?rest_route=\/wp\/v2\/users\/2"}],"replies":[{"embeddable":true,"href":"https:\/\/infos-droitshumains.net\/index.php?rest_route=%2Fwp%2Fv2%2Fcomments&post=18189"}],"version-history":[{"count":9,"href":"https:\/\/infos-droitshumains.net\/index.php?rest_route=\/wp\/v2\/posts\/18189\/revisions"}],"predecessor-version":[{"id":18209,"href":"https:\/\/infos-droitshumains.net\/index.php?rest_route=\/wp\/v2\/posts\/18189\/revisions\/18209"}],"wp:featuredmedia":[{"embeddable":true,"href":"https:\/\/infos-droitshumains.net\/index.php?rest_route=\/wp\/v2\/media\/18211"}],"wp:attachment":[{"href":"https:\/\/infos-droitshumains.net\/index.php?rest_route=%2Fwp%2Fv2%2Fmedia&parent=18189"}],"wp:term":[{"taxonomy":"category","embeddable":true,"href":"https:\/\/infos-droitshumains.net\/index.php?rest_route=%2Fwp%2Fv2%2Fcategories&post=18189"},{"taxonomy":"post_tag","embeddable":true,"href":"https:\/\/infos-droitshumains.net\/index.php?rest_route=%2Fwp%2Fv2%2Ftags&post=18189"}],"curies":[{"name":"wp","href":"https:\/\/api.w.org\/{rel}","templated":true}]}}