{"id":18147,"date":"2026-03-11T18:14:29","date_gmt":"2026-03-11T17:14:29","guid":{"rendered":"https:\/\/infos-droitshumains.net\/?p=18147"},"modified":"2026-03-11T23:10:03","modified_gmt":"2026-03-11T22:10:03","slug":"kinshasa-le-procureur-de-la-republique-marie-claire-ruhamya-inspecte-les-amigos-de-mont-ngafula-et-rappelle-les-opj-a-leurs-obligations-legales","status":"publish","type":"post","link":"https:\/\/infos-droitshumains.net\/?p=18147","title":{"rendered":"Kinshasa\u00a0: le Procureur de la r\u00e9publique Marie-Claire Ruhamya inspecte les \u201camigos\u201d de Mont-Ngafula et rappelle les OPJ \u00e0 leurs obligations l\u00e9gales"},"content":{"rendered":"\n<p><strong>R\u00e9daction: +243 817 406 088<\/strong><\/p>\n\n\n\n<h3 class=\"wp-block-heading has-vivid-red-color has-text-color has-link-color wp-elements-0154919bc0b9678774b90e645a20b6c7\">Le mois de mars, consacr\u00e9 \u00e0 la d\u00e9fense des droits des femmes, a inspir\u00e9 une initiative particuli\u00e8re \u00e0 madame le Procureur de la R\u00e9publique, Marie-Claire Ruhamya Nanzige, Cheffe d\u2019Office du Parquet pr\u00e8s le Tribunal de Paix de Kinshasa\/Ngaliema. D\u00e9sireuse d\u2019agir autrement cette ann\u00e9e, elle a choisi de privil\u00e9gier un travail de terrain. Dans ce cadre, elle a organis\u00e9 une s\u00e9rie de visites d\u2019inspection dans diff\u00e9rents commissariats relevant de son ressort. Une d\u00e9marche visant \u00e0 renforcer la bonne administration de la justice et le respect des droits des personnes priv\u00e9es de libert\u00e9 Le coup d\u2019envoi de ces inspections a \u00e9t\u00e9 donn\u00e9 ce mercredi 11 mars 2026 au commissariat urbain de Mont-Ngafula.<\/h3>\n\n\n\n<p>Cette descente  avait pour objectif principal de palper du doigt les conditions de d\u00e9tention dans les \u201camigos\u201d et d\u2019\u00e9valuer le travail des Officiers de Police Judiciaire (OPJ), acteurs essentiels dans la cha\u00eene p\u00e9nale.<\/p>\n\n\n\n<figure class=\"wp-block-image alignfull size-large\"><img data-recalc-dims=\"1\" fetchpriority=\"high\" decoding=\"async\" width=\"640\" height=\"426\" src=\"https:\/\/i0.wp.com\/infos-droitshumains.net\/wp-content\/uploads\/2026\/03\/1001392450.jpg?resize=640%2C426&#038;ssl=1\" alt=\"\" class=\"wp-image-18155\" srcset=\"https:\/\/i0.wp.com\/infos-droitshumains.net\/wp-content\/uploads\/2026\/03\/1001392450.jpg?resize=1024%2C681&amp;ssl=1 1024w, https:\/\/i0.wp.com\/infos-droitshumains.net\/wp-content\/uploads\/2026\/03\/1001392450.jpg?resize=300%2C199&amp;ssl=1 300w, https:\/\/i0.wp.com\/infos-droitshumains.net\/wp-content\/uploads\/2026\/03\/1001392450.jpg?resize=768%2C511&amp;ssl=1 768w, https:\/\/i0.wp.com\/infos-droitshumains.net\/wp-content\/uploads\/2026\/03\/1001392450.jpg?w=1080&amp;ssl=1 1080w\" sizes=\"(max-width: 640px) 100vw, 640px\" \/><\/figure>\n\n\n\n<p>Accompagn\u00e9e de plusieurs magistrats de son office, dont une forte repr\u00e9sentation f\u00e9minine, la Cheffe du Parquet a visit\u00e9 les installations du commissariat, notamment les lieux de d\u00e9tention, avant d\u2019\u00e9changer avec certains d\u00e9tenus ainsi qu\u2019avec les commissaires des diff\u00e9rents Ciats et sous-Ciats relevant de ce commissariat urbain.<\/p>\n\n\n\n<figure class=\"wp-block-image alignfull size-large\"><img data-recalc-dims=\"1\" decoding=\"async\" width=\"640\" height=\"426\" src=\"https:\/\/i0.wp.com\/infos-droitshumains.net\/wp-content\/uploads\/2026\/03\/1001392323.jpg?resize=640%2C426&#038;ssl=1\" alt=\"\" class=\"wp-image-18160\" srcset=\"https:\/\/i0.wp.com\/infos-droitshumains.net\/wp-content\/uploads\/2026\/03\/1001392323.jpg?resize=1024%2C681&amp;ssl=1 1024w, https:\/\/i0.wp.com\/infos-droitshumains.net\/wp-content\/uploads\/2026\/03\/1001392323.jpg?resize=300%2C199&amp;ssl=1 300w, https:\/\/i0.wp.com\/infos-droitshumains.net\/wp-content\/uploads\/2026\/03\/1001392323.jpg?resize=768%2C511&amp;ssl=1 768w, https:\/\/i0.wp.com\/infos-droitshumains.net\/wp-content\/uploads\/2026\/03\/1001392323.jpg?w=1080&amp;ssl=1 1080w\" sizes=\"(max-width: 640px) 100vw, 640px\" \/><\/figure>\n\n\n\n<figure class=\"wp-block-image alignfull size-large\"><img data-recalc-dims=\"1\" decoding=\"async\" width=\"640\" height=\"426\" src=\"https:\/\/i0.wp.com\/infos-droitshumains.net\/wp-content\/uploads\/2026\/03\/1001392383.jpg?resize=640%2C426&#038;ssl=1\" alt=\"\" class=\"wp-image-18159\" srcset=\"https:\/\/i0.wp.com\/infos-droitshumains.net\/wp-content\/uploads\/2026\/03\/1001392383.jpg?resize=1024%2C681&amp;ssl=1 1024w, https:\/\/i0.wp.com\/infos-droitshumains.net\/wp-content\/uploads\/2026\/03\/1001392383.jpg?resize=300%2C199&amp;ssl=1 300w, https:\/\/i0.wp.com\/infos-droitshumains.net\/wp-content\/uploads\/2026\/03\/1001392383.jpg?resize=768%2C511&amp;ssl=1 768w, https:\/\/i0.wp.com\/infos-droitshumains.net\/wp-content\/uploads\/2026\/03\/1001392383.jpg?w=1080&amp;ssl=1 1080w\" sizes=\"(max-width: 640px) 100vw, 640px\" \/><\/figure>\n\n\n\n<p>Cette visite a permis d\u2019identifier certaines failles dans l\u2019exercice des fonctions des OPJ, notamment dans la tenue des registres, la requalification juridique des faits et le respect strict des r\u00e8gles encadrant la garde \u00e0 vue.<\/p>\n\n\n\n<figure class=\"wp-block-image alignfull size-large\"><img data-recalc-dims=\"1\" loading=\"lazy\" decoding=\"async\" width=\"640\" height=\"426\" src=\"https:\/\/i0.wp.com\/infos-droitshumains.net\/wp-content\/uploads\/2026\/03\/1001392462.jpg?resize=640%2C426&#038;ssl=1\" alt=\"\" class=\"wp-image-18163\" srcset=\"https:\/\/i0.wp.com\/infos-droitshumains.net\/wp-content\/uploads\/2026\/03\/1001392462.jpg?resize=1024%2C681&amp;ssl=1 1024w, https:\/\/i0.wp.com\/infos-droitshumains.net\/wp-content\/uploads\/2026\/03\/1001392462.jpg?resize=300%2C199&amp;ssl=1 300w, https:\/\/i0.wp.com\/infos-droitshumains.net\/wp-content\/uploads\/2026\/03\/1001392462.jpg?resize=768%2C511&amp;ssl=1 768w, https:\/\/i0.wp.com\/infos-droitshumains.net\/wp-content\/uploads\/2026\/03\/1001392462.jpg?w=1080&amp;ssl=1 1080w\" sizes=\"(max-width: 640px) 100vw, 640px\" \/><\/figure>\n\n\n\n<figure class=\"wp-block-image alignfull size-large\"><img data-recalc-dims=\"1\" loading=\"lazy\" decoding=\"async\" width=\"640\" height=\"426\" src=\"https:\/\/i0.wp.com\/infos-droitshumains.net\/wp-content\/uploads\/2026\/03\/1001392412.jpg?resize=640%2C426&#038;ssl=1\" alt=\"\" class=\"wp-image-18164\" srcset=\"https:\/\/i0.wp.com\/infos-droitshumains.net\/wp-content\/uploads\/2026\/03\/1001392412.jpg?resize=1024%2C681&amp;ssl=1 1024w, https:\/\/i0.wp.com\/infos-droitshumains.net\/wp-content\/uploads\/2026\/03\/1001392412.jpg?resize=300%2C199&amp;ssl=1 300w, https:\/\/i0.wp.com\/infos-droitshumains.net\/wp-content\/uploads\/2026\/03\/1001392412.jpg?resize=768%2C511&amp;ssl=1 768w, https:\/\/i0.wp.com\/infos-droitshumains.net\/wp-content\/uploads\/2026\/03\/1001392412.jpg?w=1080&amp;ssl=1 1080w\" sizes=\"(max-width: 640px) 100vw, 640px\" \/><\/figure>\n\n\n\n<p>Dans son intervention, la Procureure de la R\u00e9publique a rappel\u00e9 l\u2019importance du r\u00f4le des OPJ dans la manifestation de la v\u00e9rit\u00e9 et le bon fonctionnement de la justice.<\/p>\n\n\n\n<figure class=\"wp-block-image alignfull size-large\"><img data-recalc-dims=\"1\" loading=\"lazy\" decoding=\"async\" width=\"640\" height=\"962\" src=\"https:\/\/i0.wp.com\/infos-droitshumains.net\/wp-content\/uploads\/2026\/03\/1001392347.jpg?resize=640%2C962&#038;ssl=1\" alt=\"\" class=\"wp-image-18167\" srcset=\"https:\/\/i0.wp.com\/infos-droitshumains.net\/wp-content\/uploads\/2026\/03\/1001392347.jpg?resize=681%2C1024&amp;ssl=1 681w, https:\/\/i0.wp.com\/infos-droitshumains.net\/wp-content\/uploads\/2026\/03\/1001392347.jpg?resize=199%2C300&amp;ssl=1 199w, https:\/\/i0.wp.com\/infos-droitshumains.net\/wp-content\/uploads\/2026\/03\/1001392347.jpg?w=718&amp;ssl=1 718w\" sizes=\"(max-width: 640px) 100vw, 640px\" \/><\/figure>\n\n\n\n<p><em>\u00ab Nous sommes ici au Commissariat urbain de Mont-Ngafula en notre qualit\u00e9 d\u2019officier du Minist\u00e8re public parce que nous voulions proc\u00e9der \u00e0 une inspection des amigos, ce qui fait partie des attributions du Minist\u00e8re public en dehors de son office \u00bb<\/em>, a d\u00e9clar\u00e9 Marie-Claire Ruhamya.<\/p>\n\n\n\n<p>Elle a par ailleurs expliqu\u00e9 que cette mission visait surtout \u00e0 confronter la pratique quotidienne aux exigences de la loi&nbsp;:<\/p>\n\n\n\n<figure class=\"wp-block-image alignfull size-large\"><img data-recalc-dims=\"1\" loading=\"lazy\" decoding=\"async\" width=\"640\" height=\"426\" src=\"https:\/\/i0.wp.com\/infos-droitshumains.net\/wp-content\/uploads\/2026\/03\/1001392377.jpg?resize=640%2C426&#038;ssl=1\" alt=\"\" class=\"wp-image-18168\" srcset=\"https:\/\/i0.wp.com\/infos-droitshumains.net\/wp-content\/uploads\/2026\/03\/1001392377.jpg?resize=1024%2C681&amp;ssl=1 1024w, https:\/\/i0.wp.com\/infos-droitshumains.net\/wp-content\/uploads\/2026\/03\/1001392377.jpg?resize=300%2C199&amp;ssl=1 300w, https:\/\/i0.wp.com\/infos-droitshumains.net\/wp-content\/uploads\/2026\/03\/1001392377.jpg?resize=768%2C511&amp;ssl=1 768w, https:\/\/i0.wp.com\/infos-droitshumains.net\/wp-content\/uploads\/2026\/03\/1001392377.jpg?w=1080&amp;ssl=1 1080w\" sizes=\"(max-width: 640px) 100vw, 640px\" \/><\/figure>\n\n\n\n<p><em>\u00ab Aujourd\u2019hui nous sommes descendus pour palper du doigt les r\u00e9alit\u00e9s qui sont sur terrain. Il est vrai que nous communiquons r\u00e9guli\u00e8rement avec les OPJ \u00e0 travers les r\u00e9quisitions et les inspections organis\u00e9es, mais en tant que Cheffe d\u2019Office, j\u2019ai voulu moi-m\u00eame proc\u00e9der \u00e0 cet exercice obligatoire pour appr\u00e9cier concr\u00e8tement la situation \u00bb<\/em>, a-t-elle pr\u00e9cis\u00e9.<\/p>\n\n\n\n<p>Au cours des \u00e9changes, plusieurs recommandations ont \u00e9t\u00e9 formul\u00e9es afin d\u2019am\u00e9liorer la qualit\u00e9 du travail d\u2019enqu\u00eate et de garantir le respect des droits fondamentaux des justiciables.<\/p>\n\n\n\n<figure class=\"wp-block-image alignfull size-large\"><img data-recalc-dims=\"1\" loading=\"lazy\" decoding=\"async\" width=\"640\" height=\"426\" src=\"https:\/\/i0.wp.com\/infos-droitshumains.net\/wp-content\/uploads\/2026\/03\/1001392521.jpg?resize=640%2C426&#038;ssl=1\" alt=\"\" class=\"wp-image-18169\" srcset=\"https:\/\/i0.wp.com\/infos-droitshumains.net\/wp-content\/uploads\/2026\/03\/1001392521.jpg?resize=1024%2C681&amp;ssl=1 1024w, https:\/\/i0.wp.com\/infos-droitshumains.net\/wp-content\/uploads\/2026\/03\/1001392521.jpg?resize=300%2C199&amp;ssl=1 300w, https:\/\/i0.wp.com\/infos-droitshumains.net\/wp-content\/uploads\/2026\/03\/1001392521.jpg?resize=768%2C511&amp;ssl=1 768w, https:\/\/i0.wp.com\/infos-droitshumains.net\/wp-content\/uploads\/2026\/03\/1001392521.jpg?w=1080&amp;ssl=1 1080w\" sizes=\"(max-width: 640px) 100vw, 640px\" \/><\/figure>\n\n\n\n<p>Parmi les difficult\u00e9s relev\u00e9es figure la requalification des infractions. Constatant que certains OPJ \u00e9prouvent des difficult\u00e9s \u00e0 qualifier juridiquement les faits faute de documentation appropri\u00e9e, Madame le Procureur de la R\u00e9publique a remis \u00e0 chaque Ciat et sous-Ciat un exemplaire du Code p\u00e9nal, afin de renforcer leurs capacit\u00e9s juridiques.<\/p>\n\n\n\n<figure class=\"wp-block-image alignfull size-large\"><img data-recalc-dims=\"1\" loading=\"lazy\" decoding=\"async\" width=\"640\" height=\"962\" src=\"https:\/\/i0.wp.com\/infos-droitshumains.net\/wp-content\/uploads\/2026\/03\/1001392335.jpg?resize=640%2C962&#038;ssl=1\" alt=\"\" class=\"wp-image-18179\" srcset=\"https:\/\/i0.wp.com\/infos-droitshumains.net\/wp-content\/uploads\/2026\/03\/1001392335.jpg?resize=681%2C1024&amp;ssl=1 681w, https:\/\/i0.wp.com\/infos-droitshumains.net\/wp-content\/uploads\/2026\/03\/1001392335.jpg?resize=199%2C300&amp;ssl=1 199w, https:\/\/i0.wp.com\/infos-droitshumains.net\/wp-content\/uploads\/2026\/03\/1001392335.jpg?w=718&amp;ssl=1 718w\" sizes=\"(max-width: 640px) 100vw, 640px\" \/><\/figure>\n\n\n\n<figure class=\"wp-block-image alignfull size-large\"><img data-recalc-dims=\"1\" loading=\"lazy\" decoding=\"async\" width=\"640\" height=\"426\" src=\"https:\/\/i0.wp.com\/infos-droitshumains.net\/wp-content\/uploads\/2026\/03\/1001392515.jpg?resize=640%2C426&#038;ssl=1\" alt=\"\" class=\"wp-image-18177\" srcset=\"https:\/\/i0.wp.com\/infos-droitshumains.net\/wp-content\/uploads\/2026\/03\/1001392515.jpg?resize=1024%2C681&amp;ssl=1 1024w, https:\/\/i0.wp.com\/infos-droitshumains.net\/wp-content\/uploads\/2026\/03\/1001392515.jpg?resize=300%2C199&amp;ssl=1 300w, https:\/\/i0.wp.com\/infos-droitshumains.net\/wp-content\/uploads\/2026\/03\/1001392515.jpg?resize=768%2C511&amp;ssl=1 768w, https:\/\/i0.wp.com\/infos-droitshumains.net\/wp-content\/uploads\/2026\/03\/1001392515.jpg?w=1080&amp;ssl=1 1080w\" sizes=\"(max-width: 640px) 100vw, 640px\" \/><\/figure>\n\n\n\n<figure class=\"wp-block-image alignfull size-large\"><img data-recalc-dims=\"1\" loading=\"lazy\" decoding=\"async\" width=\"640\" height=\"426\" src=\"https:\/\/i0.wp.com\/infos-droitshumains.net\/wp-content\/uploads\/2026\/03\/1001392512.jpg?resize=640%2C426&#038;ssl=1\" alt=\"\" class=\"wp-image-18175\" srcset=\"https:\/\/i0.wp.com\/infos-droitshumains.net\/wp-content\/uploads\/2026\/03\/1001392512.jpg?resize=1024%2C681&amp;ssl=1 1024w, https:\/\/i0.wp.com\/infos-droitshumains.net\/wp-content\/uploads\/2026\/03\/1001392512.jpg?resize=300%2C199&amp;ssl=1 300w, https:\/\/i0.wp.com\/infos-droitshumains.net\/wp-content\/uploads\/2026\/03\/1001392512.jpg?resize=768%2C511&amp;ssl=1 768w, https:\/\/i0.wp.com\/infos-droitshumains.net\/wp-content\/uploads\/2026\/03\/1001392512.jpg?w=1080&amp;ssl=1 1080w\" sizes=\"(max-width: 640px) 100vw, 640px\" \/><\/figure>\n\n\n\n<p><em>\u00ab Il y a des petites failles que nous avons d\u00e9couvertes dans l\u2019exercice des fonctions des OPJ. Nous avons donc tenu \u00e0 revenir sur les principes l\u00e9gaux qui r\u00e9gissent leur travail, notamment la mani\u00e8re de mener les enqu\u00eates, de requalifier les faits et de respecter les exigences l\u00e9gales relatives \u00e0 la garde \u00e0 vue \u00bb<\/em>, a-t-elle soulign\u00e9 tout en insistant sur le r\u00f4le strat\u00e9gique des OPJ dans le fonctionnement du syst\u00e8me judiciaire.<\/p>\n\n\n\n<figure class=\"wp-block-image alignfull size-large\"><img data-recalc-dims=\"1\" loading=\"lazy\" decoding=\"async\" width=\"640\" height=\"426\" src=\"https:\/\/i0.wp.com\/infos-droitshumains.net\/wp-content\/uploads\/2026\/03\/1001392518.jpg?resize=640%2C426&#038;ssl=1\" alt=\"\" class=\"wp-image-18170\" srcset=\"https:\/\/i0.wp.com\/infos-droitshumains.net\/wp-content\/uploads\/2026\/03\/1001392518.jpg?resize=1024%2C681&amp;ssl=1 1024w, https:\/\/i0.wp.com\/infos-droitshumains.net\/wp-content\/uploads\/2026\/03\/1001392518.jpg?resize=300%2C199&amp;ssl=1 300w, https:\/\/i0.wp.com\/infos-droitshumains.net\/wp-content\/uploads\/2026\/03\/1001392518.jpg?resize=768%2C511&amp;ssl=1 768w, https:\/\/i0.wp.com\/infos-droitshumains.net\/wp-content\/uploads\/2026\/03\/1001392518.jpg?w=1080&amp;ssl=1 1080w\" sizes=\"(max-width: 640px) 100vw, 640px\" \/><\/figure>\n\n\n\n<p><em>\u00ab Les OPJ sont les yeux et les oreilles du Minist\u00e8re public. \u00c0 ce titre, il est important qu\u2019ils sentent qu\u2019ils sont suivis et encadr\u00e9s dans leur prestation quotidienne. \u00bb<\/em><\/p>\n\n\n\n<p>Cette inspection s\u2019inscrit \u00e9galement dans le contexte du mois de mars, consacr\u00e9 \u00e0 la promotion et \u00e0 la d\u00e9fense des droits des femmes, donnant ainsi une dimension symbolique \u00e0 cette activit\u00e9 men\u00e9e par une \u00e9quipe majoritairement compos\u00e9e de femmes magistrates.<\/p>\n\n\n\n<figure class=\"wp-block-image alignfull size-large\"><img data-recalc-dims=\"1\" loading=\"lazy\" decoding=\"async\" width=\"640\" height=\"426\" src=\"https:\/\/i0.wp.com\/infos-droitshumains.net\/wp-content\/uploads\/2026\/03\/1001392406.jpg?resize=640%2C426&#038;ssl=1\" alt=\"\" class=\"wp-image-18171\" srcset=\"https:\/\/i0.wp.com\/infos-droitshumains.net\/wp-content\/uploads\/2026\/03\/1001392406.jpg?resize=1024%2C681&amp;ssl=1 1024w, https:\/\/i0.wp.com\/infos-droitshumains.net\/wp-content\/uploads\/2026\/03\/1001392406.jpg?resize=300%2C199&amp;ssl=1 300w, https:\/\/i0.wp.com\/infos-droitshumains.net\/wp-content\/uploads\/2026\/03\/1001392406.jpg?resize=768%2C511&amp;ssl=1 768w, https:\/\/i0.wp.com\/infos-droitshumains.net\/wp-content\/uploads\/2026\/03\/1001392406.jpg?w=1080&amp;ssl=1 1080w\" sizes=\"(max-width: 640px) 100vw, 640px\" \/><\/figure>\n\n\n\n<p><em>\u00ab C\u2019est une inspection de routine, mais organis\u00e9e au mois de mars, d\u00e9di\u00e9 \u00e0 la d\u00e9fense des droits des femmes. Elle s\u2019inscrit aussi dans le cadre des activit\u00e9s de cette c\u00e9l\u00e9bration \u00bb<\/em>, a expliqu\u00e9 Madame Marie-Claire Ruhamya.<\/p>\n\n\n\n<p>Au-del\u00e0 de son caract\u00e8re routinier, cette initiative traduit la volont\u00e9 du parquet de renforcer la discipline judiciaire, d\u2019am\u00e9liorer la qualit\u00e9 des enqu\u00eates et de garantir une justice plus respectueuse des droits humains. En veillant \u00e0 la r\u00e9gularit\u00e9 des gardes \u00e0 vue, \u00e0 la bonne tenue des registres et \u00e0 la qualification correcte des infractions, ces inspections contribuent \u00e0 pr\u00e9venir les abus, \u00e0 prot\u00e9ger les libert\u00e9s individuelles et \u00e0 renforcer la cr\u00e9dibilit\u00e9 de l\u2019institution judiciaire.<\/p>\n\n\n\n<figure class=\"wp-block-image alignfull size-large\"><img data-recalc-dims=\"1\" loading=\"lazy\" decoding=\"async\" width=\"640\" height=\"426\" src=\"https:\/\/i0.wp.com\/infos-droitshumains.net\/wp-content\/uploads\/2026\/03\/1001392530.jpg?resize=640%2C426&#038;ssl=1\" alt=\"\" class=\"wp-image-18173\" srcset=\"https:\/\/i0.wp.com\/infos-droitshumains.net\/wp-content\/uploads\/2026\/03\/1001392530.jpg?resize=1024%2C681&amp;ssl=1 1024w, https:\/\/i0.wp.com\/infos-droitshumains.net\/wp-content\/uploads\/2026\/03\/1001392530.jpg?resize=300%2C199&amp;ssl=1 300w, https:\/\/i0.wp.com\/infos-droitshumains.net\/wp-content\/uploads\/2026\/03\/1001392530.jpg?resize=768%2C511&amp;ssl=1 768w, https:\/\/i0.wp.com\/infos-droitshumains.net\/wp-content\/uploads\/2026\/03\/1001392530.jpg?w=1080&amp;ssl=1 1080w\" sizes=\"(max-width: 640px) 100vw, 640px\" \/><\/figure>\n\n\n\n<p>Madame le Procureur de la R\u00e9publique a d\u2019ailleurs annonc\u00e9 que cette d\u00e9marche ne se limitera pas au seul commissariat urabain de Mont-Ngafula. Elle a promis de poursuivre ces visites d\u2019inspection dans les autres commissariats relevant du ressort du Parquet pr\u00e8s le Tribunal de Paix de Kinshasa\/Ngaliema, dans le but d\u2019assurer une meilleure coordination entre le parquet et les services de police judiciaire. \u00c0 travers cette initiative, le parquet entend r\u00e9affirmer son r\u00f4le de garant de la l\u00e9galit\u00e9 et de la protection des droits des citoyens, piliers essentiels d\u2019une justice \u00e9quitable et efficace.<\/p>\n\n\n\n<p>Jo\u00ebl Diawa<\/p>\n","protected":false},"excerpt":{"rendered":"<p>R\u00e9daction: +243 817 406 088 Le mois de mars, consacr\u00e9 \u00e0 la d\u00e9fense des droits&#8230;<\/p>\n","protected":false},"author":2,"featured_media":18182,"comment_status":"open","ping_status":"open","sticky":false,"template":"","format":"standard","meta":{"_jetpack_memberships_contains_paid_content":false,"footnotes":""},"categories":[6],"tags":[],"class_list":["post-18147","post","type-post","status-publish","format-standard","has-post-thumbnail","hentry","category-justice"],"yoast_head":"<!-- This site is optimized with the Yoast SEO plugin v27.5 - https:\/\/yoast.com\/product\/yoast-seo-wordpress\/ -->\n<title>Kinshasa\u00a0: le Procureur de la r\u00e9publique Marie-Claire Ruhamya inspecte les \u201camigos\u201d de Mont-Ngafula et rappelle les OPJ \u00e0 leurs obligations l\u00e9gales - Infos Droits Humains<\/title>\n<meta name=\"robots\" content=\"index, follow, max-snippet:-1, max-image-preview:large, max-video-preview:-1\" \/>\n<link rel=\"canonical\" href=\"https:\/\/infos-droitshumains.net\/?p=18147\" \/>\n<meta property=\"og:locale\" content=\"fr_FR\" \/>\n<meta property=\"og:type\" content=\"article\" \/>\n<meta property=\"og:title\" content=\"Kinshasa\u00a0: le Procureur de la r\u00e9publique Marie-Claire Ruhamya inspecte les \u201camigos\u201d de Mont-Ngafula et rappelle les OPJ \u00e0 leurs obligations l\u00e9gales - Infos Droits Humains\" \/>\n<meta property=\"og:description\" content=\"R\u00e9daction: +243 817 406 088 Le mois de mars, consacr\u00e9 \u00e0 la d\u00e9fense des droits...\" \/>\n<meta property=\"og:url\" content=\"https:\/\/infos-droitshumains.net\/?p=18147\" \/>\n<meta property=\"og:site_name\" content=\"Infos Droits Humains\" \/>\n<meta property=\"article:published_time\" content=\"2026-03-11T17:14:29+00:00\" \/>\n<meta property=\"article:modified_time\" content=\"2026-03-11T22:10:03+00:00\" \/>\n<meta property=\"og:image\" content=\"https:\/\/infos-droitshumains.net\/wp-content\/uploads\/2026\/03\/1001392533.jpg\" \/>\n\t<meta property=\"og:image:width\" content=\"1080\" \/>\n\t<meta property=\"og:image:height\" content=\"718\" \/>\n\t<meta property=\"og:image:type\" content=\"image\/jpeg\" \/>\n<meta name=\"author\" content=\"Jo\u00ebl Diawa\" \/>\n<meta name=\"twitter:card\" content=\"summary_large_image\" \/>\n<meta name=\"twitter:label1\" content=\"\u00c9crit par\" \/>\n\t<meta name=\"twitter:data1\" content=\"Jo\u00ebl Diawa\" \/>\n\t<meta name=\"twitter:label2\" content=\"Dur\u00e9e de lecture estim\u00e9e\" \/>\n\t<meta name=\"twitter:data2\" content=\"8 minutes\" \/>\n<script type=\"application\/ld+json\" class=\"yoast-schema-graph\">{\"@context\":\"https:\\\/\\\/schema.org\",\"@graph\":[{\"@type\":\"Article\",\"@id\":\"https:\\\/\\\/infos-droitshumains.net\\\/?p=18147#article\",\"isPartOf\":{\"@id\":\"https:\\\/\\\/infos-droitshumains.net\\\/?p=18147\"},\"author\":{\"name\":\"Jo\u00ebl Diawa\",\"@id\":\"https:\\\/\\\/infos-droitshumains.net\\\/#\\\/schema\\\/person\\\/3dc5e921c3302172e0ed4362f96faab7\"},\"headline\":\"Kinshasa\u00a0: le Procureur de la r\u00e9publique Marie-Claire Ruhamya inspecte les \u201camigos\u201d de Mont-Ngafula et rappelle les OPJ \u00e0 leurs obligations l\u00e9gales\",\"datePublished\":\"2026-03-11T17:14:29+00:00\",\"dateModified\":\"2026-03-11T22:10:03+00:00\",\"mainEntityOfPage\":{\"@id\":\"https:\\\/\\\/infos-droitshumains.net\\\/?p=18147\"},\"wordCount\":895,\"commentCount\":0,\"publisher\":{\"@id\":\"https:\\\/\\\/infos-droitshumains.net\\\/#organization\"},\"image\":{\"@id\":\"https:\\\/\\\/infos-droitshumains.net\\\/?p=18147#primaryimage\"},\"thumbnailUrl\":\"https:\\\/\\\/i0.wp.com\\\/infos-droitshumains.net\\\/wp-content\\\/uploads\\\/2026\\\/03\\\/1001392533.jpg?fit=1080%2C718&ssl=1\",\"articleSection\":[\"Justice\"],\"inLanguage\":\"fr-FR\",\"potentialAction\":[{\"@type\":\"CommentAction\",\"name\":\"Comment\",\"target\":[\"https:\\\/\\\/infos-droitshumains.net\\\/?p=18147#respond\"]}]},{\"@type\":\"WebPage\",\"@id\":\"https:\\\/\\\/infos-droitshumains.net\\\/?p=18147\",\"url\":\"https:\\\/\\\/infos-droitshumains.net\\\/?p=18147\",\"name\":\"Kinshasa\u00a0: le Procureur de la r\u00e9publique Marie-Claire Ruhamya inspecte les \u201camigos\u201d de Mont-Ngafula et rappelle les OPJ \u00e0 leurs obligations l\u00e9gales - Infos Droits Humains\",\"isPartOf\":{\"@id\":\"https:\\\/\\\/infos-droitshumains.net\\\/#website\"},\"primaryImageOfPage\":{\"@id\":\"https:\\\/\\\/infos-droitshumains.net\\\/?p=18147#primaryimage\"},\"image\":{\"@id\":\"https:\\\/\\\/infos-droitshumains.net\\\/?p=18147#primaryimage\"},\"thumbnailUrl\":\"https:\\\/\\\/i0.wp.com\\\/infos-droitshumains.net\\\/wp-content\\\/uploads\\\/2026\\\/03\\\/1001392533.jpg?fit=1080%2C718&ssl=1\",\"datePublished\":\"2026-03-11T17:14:29+00:00\",\"dateModified\":\"2026-03-11T22:10:03+00:00\",\"breadcrumb\":{\"@id\":\"https:\\\/\\\/infos-droitshumains.net\\\/?p=18147#breadcrumb\"},\"inLanguage\":\"fr-FR\",\"potentialAction\":[{\"@type\":\"ReadAction\",\"target\":[\"https:\\\/\\\/infos-droitshumains.net\\\/?p=18147\"]}]},{\"@type\":\"ImageObject\",\"inLanguage\":\"fr-FR\",\"@id\":\"https:\\\/\\\/infos-droitshumains.net\\\/?p=18147#primaryimage\",\"url\":\"https:\\\/\\\/i0.wp.com\\\/infos-droitshumains.net\\\/wp-content\\\/uploads\\\/2026\\\/03\\\/1001392533.jpg?fit=1080%2C718&ssl=1\",\"contentUrl\":\"https:\\\/\\\/i0.wp.com\\\/infos-droitshumains.net\\\/wp-content\\\/uploads\\\/2026\\\/03\\\/1001392533.jpg?fit=1080%2C718&ssl=1\",\"width\":1080,\"height\":718},{\"@type\":\"BreadcrumbList\",\"@id\":\"https:\\\/\\\/infos-droitshumains.net\\\/?p=18147#breadcrumb\",\"itemListElement\":[{\"@type\":\"ListItem\",\"position\":1,\"name\":\"Accueil\",\"item\":\"https:\\\/\\\/infos-droitshumains.net\\\/\"},{\"@type\":\"ListItem\",\"position\":2,\"name\":\"Kinshasa\u00a0: le Procureur de la r\u00e9publique Marie-Claire Ruhamya inspecte les \u201camigos\u201d de Mont-Ngafula et rappelle les OPJ \u00e0 leurs obligations l\u00e9gales\"}]},{\"@type\":\"WebSite\",\"@id\":\"https:\\\/\\\/infos-droitshumains.net\\\/#website\",\"url\":\"https:\\\/\\\/infos-droitshumains.net\\\/\",\"name\":\"Infos Droits Humains\",\"description\":\"S&#039;informer est un droit\",\"publisher\":{\"@id\":\"https:\\\/\\\/infos-droitshumains.net\\\/#organization\"},\"potentialAction\":[{\"@type\":\"SearchAction\",\"target\":{\"@type\":\"EntryPoint\",\"urlTemplate\":\"https:\\\/\\\/infos-droitshumains.net\\\/?s={search_term_string}\"},\"query-input\":{\"@type\":\"PropertyValueSpecification\",\"valueRequired\":true,\"valueName\":\"search_term_string\"}}],\"inLanguage\":\"fr-FR\"},{\"@type\":\"Organization\",\"@id\":\"https:\\\/\\\/infos-droitshumains.net\\\/#organization\",\"name\":\"Infos Droits Humains\",\"url\":\"https:\\\/\\\/infos-droitshumains.net\\\/\",\"logo\":{\"@type\":\"ImageObject\",\"inLanguage\":\"fr-FR\",\"@id\":\"https:\\\/\\\/infos-droitshumains.net\\\/#\\\/schema\\\/logo\\\/image\\\/\",\"url\":\"https:\\\/\\\/i0.wp.com\\\/infos-droitshumains.net\\\/wp-content\\\/uploads\\\/2022\\\/05\\\/Logo.png?fit=333%2C129&ssl=1\",\"contentUrl\":\"https:\\\/\\\/i0.wp.com\\\/infos-droitshumains.net\\\/wp-content\\\/uploads\\\/2022\\\/05\\\/Logo.png?fit=333%2C129&ssl=1\",\"width\":333,\"height\":129,\"caption\":\"Infos Droits Humains\"},\"image\":{\"@id\":\"https:\\\/\\\/infos-droitshumains.net\\\/#\\\/schema\\\/logo\\\/image\\\/\"}},{\"@type\":\"Person\",\"@id\":\"https:\\\/\\\/infos-droitshumains.net\\\/#\\\/schema\\\/person\\\/3dc5e921c3302172e0ed4362f96faab7\",\"name\":\"Jo\u00ebl Diawa\",\"image\":{\"@type\":\"ImageObject\",\"inLanguage\":\"fr-FR\",\"@id\":\"https:\\\/\\\/secure.gravatar.com\\\/avatar\\\/729bea6ff4604c624417803c477363be8e3c7186deaa65713313f9b4b820f41c?s=96&d=mm&r=g\",\"url\":\"https:\\\/\\\/secure.gravatar.com\\\/avatar\\\/729bea6ff4604c624417803c477363be8e3c7186deaa65713313f9b4b820f41c?s=96&d=mm&r=g\",\"contentUrl\":\"https:\\\/\\\/secure.gravatar.com\\\/avatar\\\/729bea6ff4604c624417803c477363be8e3c7186deaa65713313f9b4b820f41c?s=96&d=mm&r=g\",\"caption\":\"Jo\u00ebl Diawa\"},\"sameAs\":[\"https:\\\/\\\/www.infos-droitshumains.net\"],\"url\":\"https:\\\/\\\/infos-droitshumains.net\\\/?author=2\"}]}<\/script>\n<!-- \/ Yoast SEO plugin. -->","yoast_head_json":{"title":"Kinshasa\u00a0: le Procureur de la r\u00e9publique Marie-Claire Ruhamya inspecte les \u201camigos\u201d de Mont-Ngafula et rappelle les OPJ \u00e0 leurs obligations l\u00e9gales - Infos Droits Humains","robots":{"index":"index","follow":"follow","max-snippet":"max-snippet:-1","max-image-preview":"max-image-preview:large","max-video-preview":"max-video-preview:-1"},"canonical":"https:\/\/infos-droitshumains.net\/?p=18147","og_locale":"fr_FR","og_type":"article","og_title":"Kinshasa\u00a0: le Procureur de la r\u00e9publique Marie-Claire Ruhamya inspecte les \u201camigos\u201d de Mont-Ngafula et rappelle les OPJ \u00e0 leurs obligations l\u00e9gales - Infos Droits Humains","og_description":"R\u00e9daction: +243 817 406 088 Le mois de mars, consacr\u00e9 \u00e0 la d\u00e9fense des droits...","og_url":"https:\/\/infos-droitshumains.net\/?p=18147","og_site_name":"Infos Droits Humains","article_published_time":"2026-03-11T17:14:29+00:00","article_modified_time":"2026-03-11T22:10:03+00:00","og_image":[{"width":1080,"height":718,"url":"https:\/\/infos-droitshumains.net\/wp-content\/uploads\/2026\/03\/1001392533.jpg","type":"image\/jpeg"}],"author":"Jo\u00ebl Diawa","twitter_card":"summary_large_image","twitter_misc":{"\u00c9crit par":"Jo\u00ebl Diawa","Dur\u00e9e de lecture estim\u00e9e":"8 minutes"},"schema":{"@context":"https:\/\/schema.org","@graph":[{"@type":"Article","@id":"https:\/\/infos-droitshumains.net\/?p=18147#article","isPartOf":{"@id":"https:\/\/infos-droitshumains.net\/?p=18147"},"author":{"name":"Jo\u00ebl Diawa","@id":"https:\/\/infos-droitshumains.net\/#\/schema\/person\/3dc5e921c3302172e0ed4362f96faab7"},"headline":"Kinshasa\u00a0: le Procureur de la r\u00e9publique Marie-Claire Ruhamya inspecte les \u201camigos\u201d de Mont-Ngafula et rappelle les OPJ \u00e0 leurs obligations l\u00e9gales","datePublished":"2026-03-11T17:14:29+00:00","dateModified":"2026-03-11T22:10:03+00:00","mainEntityOfPage":{"@id":"https:\/\/infos-droitshumains.net\/?p=18147"},"wordCount":895,"commentCount":0,"publisher":{"@id":"https:\/\/infos-droitshumains.net\/#organization"},"image":{"@id":"https:\/\/infos-droitshumains.net\/?p=18147#primaryimage"},"thumbnailUrl":"https:\/\/i0.wp.com\/infos-droitshumains.net\/wp-content\/uploads\/2026\/03\/1001392533.jpg?fit=1080%2C718&ssl=1","articleSection":["Justice"],"inLanguage":"fr-FR","potentialAction":[{"@type":"CommentAction","name":"Comment","target":["https:\/\/infos-droitshumains.net\/?p=18147#respond"]}]},{"@type":"WebPage","@id":"https:\/\/infos-droitshumains.net\/?p=18147","url":"https:\/\/infos-droitshumains.net\/?p=18147","name":"Kinshasa\u00a0: le Procureur de la r\u00e9publique Marie-Claire Ruhamya inspecte les \u201camigos\u201d de Mont-Ngafula et rappelle les OPJ \u00e0 leurs obligations l\u00e9gales - Infos Droits Humains","isPartOf":{"@id":"https:\/\/infos-droitshumains.net\/#website"},"primaryImageOfPage":{"@id":"https:\/\/infos-droitshumains.net\/?p=18147#primaryimage"},"image":{"@id":"https:\/\/infos-droitshumains.net\/?p=18147#primaryimage"},"thumbnailUrl":"https:\/\/i0.wp.com\/infos-droitshumains.net\/wp-content\/uploads\/2026\/03\/1001392533.jpg?fit=1080%2C718&ssl=1","datePublished":"2026-03-11T17:14:29+00:00","dateModified":"2026-03-11T22:10:03+00:00","breadcrumb":{"@id":"https:\/\/infos-droitshumains.net\/?p=18147#breadcrumb"},"inLanguage":"fr-FR","potentialAction":[{"@type":"ReadAction","target":["https:\/\/infos-droitshumains.net\/?p=18147"]}]},{"@type":"ImageObject","inLanguage":"fr-FR","@id":"https:\/\/infos-droitshumains.net\/?p=18147#primaryimage","url":"https:\/\/i0.wp.com\/infos-droitshumains.net\/wp-content\/uploads\/2026\/03\/1001392533.jpg?fit=1080%2C718&ssl=1","contentUrl":"https:\/\/i0.wp.com\/infos-droitshumains.net\/wp-content\/uploads\/2026\/03\/1001392533.jpg?fit=1080%2C718&ssl=1","width":1080,"height":718},{"@type":"BreadcrumbList","@id":"https:\/\/infos-droitshumains.net\/?p=18147#breadcrumb","itemListElement":[{"@type":"ListItem","position":1,"name":"Accueil","item":"https:\/\/infos-droitshumains.net\/"},{"@type":"ListItem","position":2,"name":"Kinshasa\u00a0: le Procureur de la r\u00e9publique Marie-Claire Ruhamya inspecte les \u201camigos\u201d de Mont-Ngafula et rappelle les OPJ \u00e0 leurs obligations l\u00e9gales"}]},{"@type":"WebSite","@id":"https:\/\/infos-droitshumains.net\/#website","url":"https:\/\/infos-droitshumains.net\/","name":"Infos Droits Humains","description":"S&#039;informer est un droit","publisher":{"@id":"https:\/\/infos-droitshumains.net\/#organization"},"potentialAction":[{"@type":"SearchAction","target":{"@type":"EntryPoint","urlTemplate":"https:\/\/infos-droitshumains.net\/?s={search_term_string}"},"query-input":{"@type":"PropertyValueSpecification","valueRequired":true,"valueName":"search_term_string"}}],"inLanguage":"fr-FR"},{"@type":"Organization","@id":"https:\/\/infos-droitshumains.net\/#organization","name":"Infos Droits Humains","url":"https:\/\/infos-droitshumains.net\/","logo":{"@type":"ImageObject","inLanguage":"fr-FR","@id":"https:\/\/infos-droitshumains.net\/#\/schema\/logo\/image\/","url":"https:\/\/i0.wp.com\/infos-droitshumains.net\/wp-content\/uploads\/2022\/05\/Logo.png?fit=333%2C129&ssl=1","contentUrl":"https:\/\/i0.wp.com\/infos-droitshumains.net\/wp-content\/uploads\/2022\/05\/Logo.png?fit=333%2C129&ssl=1","width":333,"height":129,"caption":"Infos Droits Humains"},"image":{"@id":"https:\/\/infos-droitshumains.net\/#\/schema\/logo\/image\/"}},{"@type":"Person","@id":"https:\/\/infos-droitshumains.net\/#\/schema\/person\/3dc5e921c3302172e0ed4362f96faab7","name":"Jo\u00ebl Diawa","image":{"@type":"ImageObject","inLanguage":"fr-FR","@id":"https:\/\/secure.gravatar.com\/avatar\/729bea6ff4604c624417803c477363be8e3c7186deaa65713313f9b4b820f41c?s=96&d=mm&r=g","url":"https:\/\/secure.gravatar.com\/avatar\/729bea6ff4604c624417803c477363be8e3c7186deaa65713313f9b4b820f41c?s=96&d=mm&r=g","contentUrl":"https:\/\/secure.gravatar.com\/avatar\/729bea6ff4604c624417803c477363be8e3c7186deaa65713313f9b4b820f41c?s=96&d=mm&r=g","caption":"Jo\u00ebl Diawa"},"sameAs":["https:\/\/www.infos-droitshumains.net"],"url":"https:\/\/infos-droitshumains.net\/?author=2"}]}},"featured_image_urls":{"full":["https:\/\/i0.wp.com\/infos-droitshumains.net\/wp-content\/uploads\/2026\/03\/1001392533.jpg?fit=1080%2C718&ssl=1",1080,718,false],"thumbnail":["https:\/\/i0.wp.com\/infos-droitshumains.net\/wp-content\/uploads\/2026\/03\/1001392533.jpg?resize=150%2C150&ssl=1",150,150,true],"medium":["https:\/\/i0.wp.com\/infos-droitshumains.net\/wp-content\/uploads\/2026\/03\/1001392533.jpg?fit=300%2C199&ssl=1",300,199,true],"medium_large":["https:\/\/i0.wp.com\/infos-droitshumains.net\/wp-content\/uploads\/2026\/03\/1001392533.jpg?fit=640%2C426&ssl=1",640,426,true],"large":["https:\/\/i0.wp.com\/infos-droitshumains.net\/wp-content\/uploads\/2026\/03\/1001392533.jpg?fit=640%2C426&ssl=1",640,426,true],"1536x1536":["https:\/\/i0.wp.com\/infos-droitshumains.net\/wp-content\/uploads\/2026\/03\/1001392533.jpg?fit=1080%2C718&ssl=1",1080,718,true],"2048x2048":["https:\/\/i0.wp.com\/infos-droitshumains.net\/wp-content\/uploads\/2026\/03\/1001392533.jpg?fit=1080%2C718&ssl=1",1080,718,true],"covernews-slider-full":["https:\/\/i0.wp.com\/infos-droitshumains.net\/wp-content\/uploads\/2026\/03\/1001392533.jpg?resize=1080%2C715&ssl=1",1080,715,true],"covernews-slider-center":["https:\/\/i0.wp.com\/infos-droitshumains.net\/wp-content\/uploads\/2026\/03\/1001392533.jpg?resize=800%2C500&ssl=1",800,500,true],"covernews-featured":["https:\/\/i0.wp.com\/infos-droitshumains.net\/wp-content\/uploads\/2026\/03\/1001392533.jpg?fit=1024%2C681&ssl=1",1024,681,true],"covernews-medium":["https:\/\/i0.wp.com\/infos-droitshumains.net\/wp-content\/uploads\/2026\/03\/1001392533.jpg?resize=540%2C340&ssl=1",540,340,true],"covernews-medium-square":["https:\/\/i0.wp.com\/infos-droitshumains.net\/wp-content\/uploads\/2026\/03\/1001392533.jpg?resize=400%2C250&ssl=1",400,250,true]},"author_info":{"display_name":"Jo\u00ebl Diawa","author_link":"https:\/\/infos-droitshumains.net\/?author=2"},"category_info":"<a href=\"https:\/\/infos-droitshumains.net\/?cat=6\" rel=\"category\">Justice<\/a>","tag_info":"Justice","comment_count":"0","jetpack_featured_media_url":"https:\/\/i0.wp.com\/infos-droitshumains.net\/wp-content\/uploads\/2026\/03\/1001392533.jpg?fit=1080%2C718&ssl=1","jetpack-related-posts":[],"jetpack_sharing_enabled":true,"_links":{"self":[{"href":"https:\/\/infos-droitshumains.net\/index.php?rest_route=\/wp\/v2\/posts\/18147","targetHints":{"allow":["GET"]}}],"collection":[{"href":"https:\/\/infos-droitshumains.net\/index.php?rest_route=\/wp\/v2\/posts"}],"about":[{"href":"https:\/\/infos-droitshumains.net\/index.php?rest_route=\/wp\/v2\/types\/post"}],"author":[{"embeddable":true,"href":"https:\/\/infos-droitshumains.net\/index.php?rest_route=\/wp\/v2\/users\/2"}],"replies":[{"embeddable":true,"href":"https:\/\/infos-droitshumains.net\/index.php?rest_route=%2Fwp%2Fv2%2Fcomments&post=18147"}],"version-history":[{"count":17,"href":"https:\/\/infos-droitshumains.net\/index.php?rest_route=\/wp\/v2\/posts\/18147\/revisions"}],"predecessor-version":[{"id":18188,"href":"https:\/\/infos-droitshumains.net\/index.php?rest_route=\/wp\/v2\/posts\/18147\/revisions\/18188"}],"wp:featuredmedia":[{"embeddable":true,"href":"https:\/\/infos-droitshumains.net\/index.php?rest_route=\/wp\/v2\/media\/18182"}],"wp:attachment":[{"href":"https:\/\/infos-droitshumains.net\/index.php?rest_route=%2Fwp%2Fv2%2Fmedia&parent=18147"}],"wp:term":[{"taxonomy":"category","embeddable":true,"href":"https:\/\/infos-droitshumains.net\/index.php?rest_route=%2Fwp%2Fv2%2Fcategories&post=18147"},{"taxonomy":"post_tag","embeddable":true,"href":"https:\/\/infos-droitshumains.net\/index.php?rest_route=%2Fwp%2Fv2%2Ftags&post=18147"}],"curies":[{"name":"wp","href":"https:\/\/api.w.org\/{rel}","templated":true}]}}