{"id":18064,"date":"2026-03-08T13:32:00","date_gmt":"2026-03-08T12:32:00","guid":{"rendered":"https:\/\/infos-droitshumains.net\/?p=18064"},"modified":"2026-03-08T13:37:24","modified_gmt":"2026-03-08T12:37:24","slug":"bandalungwa-le-depute-provincial-jared-phanzu-plaide-pour-lautonomisation-des-femmes-et-appuie-les-entrepreneures-locales-a-loccasion-du-8-mars","status":"publish","type":"post","link":"https:\/\/infos-droitshumains.net\/?p=18064","title":{"rendered":"Bandalungwa : le d\u00e9put\u00e9 provincial Jared Phanzu plaide pour l\u2019autonomisation des femmes et appuie les entrepreneures locales \u00e0 l\u2019occasion du 8 mars"},"content":{"rendered":"\n<p><strong>R\u00e9daction: +243 817 406 088<\/strong><\/p>\n\n\n\n<h3 class=\"wp-block-heading has-vivid-red-color has-text-color has-link-color wp-elements-88cd93c2737430d7992519839efb5c57\">En pr\u00e9lude \u00e0 la c\u00e9l\u00e9bration de la Journ\u00e9e internationale des droits des femmes du 8 mars, le d\u00e9put\u00e9 provincial Jared Phanzu a organis\u00e9, ce samedi 7 mars, une rencontre d\u2019\u00e9changes et de sensibilisation avec un \u00e9chantillon repr\u00e9sentatif des mamans de sa base \u00e9lectorale de la commune de Bandalungwa, \u00e0 Kinshasa.<\/h3>\n\n\n\n<figure class=\"wp-block-image alignfull size-large\"><img data-recalc-dims=\"1\" fetchpriority=\"high\" decoding=\"async\" width=\"640\" height=\"426\" src=\"https:\/\/i0.wp.com\/infos-droitshumains.net\/wp-content\/uploads\/2026\/03\/1001370455.jpg?resize=640%2C426&#038;ssl=1\" alt=\"\" class=\"wp-image-18068\" srcset=\"https:\/\/i0.wp.com\/infos-droitshumains.net\/wp-content\/uploads\/2026\/03\/1001370455.jpg?resize=1024%2C682&amp;ssl=1 1024w, https:\/\/i0.wp.com\/infos-droitshumains.net\/wp-content\/uploads\/2026\/03\/1001370455.jpg?resize=300%2C200&amp;ssl=1 300w, https:\/\/i0.wp.com\/infos-droitshumains.net\/wp-content\/uploads\/2026\/03\/1001370455.jpg?resize=768%2C511&amp;ssl=1 768w, https:\/\/i0.wp.com\/infos-droitshumains.net\/wp-content\/uploads\/2026\/03\/1001370455.jpg?w=1280&amp;ssl=1 1280w\" sizes=\"(max-width: 640px) 100vw, 640px\" \/><\/figure>\n\n\n\n<p>Plac\u00e9e sous le th\u00e8me international de cette ann\u00e9e, <strong><em>\u00ab Pour toutes les femmes et les filles : droits, \u00e9galit\u00e9 et autonomisation \u00bb<\/em><\/strong>, cette activit\u00e9 a constitu\u00e9 un moment privil\u00e9gi\u00e9 de dialogue direct entre l\u2019\u00e9lu provincial et les femmes de la communaut\u00e9, autour des d\u00e9fis quotidiens auxquels elles font face ainsi que des opportunit\u00e9s susceptibles de renforcer leur autonomie \u00e9conomique et sociale.<\/p>\n\n\n\n<p>Prenant la parole devant les participantes, le d\u00e9put\u00e9 provincial a insist\u00e9 sur la n\u00e9cessit\u00e9 de promouvoir le r\u00f4le central de la femme dans le d\u00e9veloppement local.<\/p>\n\n\n\n<figure class=\"wp-block-image alignfull size-large\"><img data-recalc-dims=\"1\" decoding=\"async\" width=\"640\" height=\"426\" src=\"https:\/\/i0.wp.com\/infos-droitshumains.net\/wp-content\/uploads\/2026\/03\/1001370781.jpg?resize=640%2C426&#038;ssl=1\" alt=\"\" class=\"wp-image-18071\" srcset=\"https:\/\/i0.wp.com\/infos-droitshumains.net\/wp-content\/uploads\/2026\/03\/1001370781.jpg?resize=1024%2C682&amp;ssl=1 1024w, https:\/\/i0.wp.com\/infos-droitshumains.net\/wp-content\/uploads\/2026\/03\/1001370781.jpg?resize=300%2C200&amp;ssl=1 300w, https:\/\/i0.wp.com\/infos-droitshumains.net\/wp-content\/uploads\/2026\/03\/1001370781.jpg?resize=768%2C512&amp;ssl=1 768w, https:\/\/i0.wp.com\/infos-droitshumains.net\/wp-content\/uploads\/2026\/03\/1001370781.jpg?resize=1536%2C1023&amp;ssl=1 1536w, https:\/\/i0.wp.com\/infos-droitshumains.net\/wp-content\/uploads\/2026\/03\/1001370781.jpg?w=2048&amp;ssl=1 2048w, https:\/\/i0.wp.com\/infos-droitshumains.net\/wp-content\/uploads\/2026\/03\/1001370781.jpg?w=1280&amp;ssl=1 1280w, https:\/\/i0.wp.com\/infos-droitshumains.net\/wp-content\/uploads\/2026\/03\/1001370781.jpg?w=1920&amp;ssl=1 1920w\" sizes=\"(max-width: 640px) 100vw, 640px\" \/><\/figure>\n\n\n\n<p><em>\u00ab Cette rencontre a \u00e9t\u00e9 un moment d\u2019\u00e9coute, de partage et de r\u00e9flexion sur les d\u00e9fis et les opportunit\u00e9s li\u00e9s \u00e0 l\u2019autonomisation de la femme dans notre commune. Les femmes constituent un pilier essentiel du d\u00e9veloppement de nos familles et de notre soci\u00e9t\u00e9. Il est donc de notre responsabilit\u00e9 de cr\u00e9er des conditions favorables \u00e0 leur \u00e9panouissement \u00bb<\/em>, a d\u00e9clar\u00e9 Jared Phanzu.<\/p>\n\n\n\n<p>Au-del\u00e0 des \u00e9changes, cette activit\u00e9 s\u2019est \u00e9galement voulue concr\u00e8te. Par l\u2019entremise de l\u2019ASBL Les Amis de Patrick Muyaya Katembwe, un appui financier a \u00e9t\u00e9 accord\u00e9 \u00e0 certaines femmes engag\u00e9es dans de petites initiatives entrepreneuriales. Cet accompagnement vise \u00e0 soutenir leurs activit\u00e9s g\u00e9n\u00e9ratrices de revenus et \u00e0 renforcer leur autonomie \u00e9conomique.<\/p>\n\n\n\n<p><em>\u00ab L\u2019autonomisation de la femme passe aussi par la capacit\u00e9 \u00e0 entreprendre, \u00e0 g\u00e9rer une activit\u00e9 et \u00e0 subvenir aux besoins de sa famille. C\u2019est dans cette logique que nous avons voulu apporter un appui \u00e0 celles qui se battent chaque jour pour faire vivre leurs projets \u00bb<\/em>, a-t-il ajout\u00e9.<\/p>\n\n\n\n<p>Les b\u00e9n\u00e9ficiaires, pour la plupart actives dans le petit commerce, la transformation artisanale ou encore les services de proximit\u00e9, ont salu\u00e9 ce geste qui, selon elles, constitue un encouragement \u00e0 poursuivre leurs efforts dans l\u2019entrepreneuriat local.<\/p>\n\n\n\n<figure class=\"wp-block-image alignfull size-full\"><img data-recalc-dims=\"1\" decoding=\"async\" width=\"640\" height=\"426\" src=\"https:\/\/i0.wp.com\/infos-droitshumains.net\/wp-content\/uploads\/2026\/03\/1001370480.jpg?resize=640%2C426&#038;ssl=1\" alt=\"\" class=\"wp-image-18079\" srcset=\"https:\/\/i0.wp.com\/infos-droitshumains.net\/wp-content\/uploads\/2026\/03\/1001370480.jpg?w=1280&amp;ssl=1 1280w, https:\/\/i0.wp.com\/infos-droitshumains.net\/wp-content\/uploads\/2026\/03\/1001370480.jpg?resize=300%2C200&amp;ssl=1 300w, https:\/\/i0.wp.com\/infos-droitshumains.net\/wp-content\/uploads\/2026\/03\/1001370480.jpg?resize=1024%2C682&amp;ssl=1 1024w, https:\/\/i0.wp.com\/infos-droitshumains.net\/wp-content\/uploads\/2026\/03\/1001370480.jpg?resize=768%2C511&amp;ssl=1 768w\" sizes=\"(max-width: 640px) 100vw, 640px\" \/><\/figure>\n\n\n\n<p>La rencontre a \u00e9galement permis d\u2019aborder des questions li\u00e9es \u00e0 la promotion des droits des femmes, \u00e0 l\u2019\u00e9ducation des filles, ainsi qu\u2019\u00e0 la participation accrue des femmes dans les instances de d\u00e9cision.<\/p>\n\n\n\n<p>En guise de geste symbolique marquant la c\u00e9l\u00e9bration du 8 mars, des pagnes comm\u00e9moratifs ont \u00e9t\u00e9 remis \u00e0 toutes les participantes, dans une ambiance conviviale empreinte de solidarit\u00e9 et d\u2019espoir.<\/p>\n\n\n\n<figure class=\"wp-block-image alignfull size-large\"><img data-recalc-dims=\"1\" loading=\"lazy\" decoding=\"async\" width=\"640\" height=\"424\" src=\"https:\/\/i0.wp.com\/infos-droitshumains.net\/wp-content\/uploads\/2026\/03\/1001370475.jpg?resize=640%2C424&#038;ssl=1\" alt=\"\" class=\"wp-image-18074\" srcset=\"https:\/\/i0.wp.com\/infos-droitshumains.net\/wp-content\/uploads\/2026\/03\/1001370475.jpg?resize=1024%2C678&amp;ssl=1 1024w, https:\/\/i0.wp.com\/infos-droitshumains.net\/wp-content\/uploads\/2026\/03\/1001370475.jpg?resize=300%2C199&amp;ssl=1 300w, https:\/\/i0.wp.com\/infos-droitshumains.net\/wp-content\/uploads\/2026\/03\/1001370475.jpg?resize=768%2C508&amp;ssl=1 768w, https:\/\/i0.wp.com\/infos-droitshumains.net\/wp-content\/uploads\/2026\/03\/1001370475.jpg?w=1280&amp;ssl=1 1280w\" sizes=\"(max-width: 640px) 100vw, 640px\" \/><\/figure>\n\n\n\n<figure class=\"wp-block-image alignfull size-large\"><img data-recalc-dims=\"1\" loading=\"lazy\" decoding=\"async\" width=\"640\" height=\"416\" src=\"https:\/\/i0.wp.com\/infos-droitshumains.net\/wp-content\/uploads\/2026\/03\/1001370469.jpg?resize=640%2C416&#038;ssl=1\" alt=\"\" class=\"wp-image-18073\" srcset=\"https:\/\/i0.wp.com\/infos-droitshumains.net\/wp-content\/uploads\/2026\/03\/1001370469.jpg?resize=1024%2C666&amp;ssl=1 1024w, https:\/\/i0.wp.com\/infos-droitshumains.net\/wp-content\/uploads\/2026\/03\/1001370469.jpg?resize=300%2C195&amp;ssl=1 300w, https:\/\/i0.wp.com\/infos-droitshumains.net\/wp-content\/uploads\/2026\/03\/1001370469.jpg?resize=768%2C499&amp;ssl=1 768w, https:\/\/i0.wp.com\/infos-droitshumains.net\/wp-content\/uploads\/2026\/03\/1001370469.jpg?w=1280&amp;ssl=1 1280w\" sizes=\"(max-width: 640px) 100vw, 640px\" \/><\/figure>\n\n\n\n<p>Pour le d\u00e9put\u00e9 provincial Jared Phanzu, cette initiative s\u2019inscrit dans une dynamique plus large visant \u00e0 valoriser le leadership f\u00e9minin et \u00e0 renforcer la place des femmes dans le d\u00e9veloppement de la commune de Bandalungwa et de la ville de Kinshasa.<\/p>\n\n\n\n<p>Jo\u00ebl Diawa<\/p>\n","protected":false},"excerpt":{"rendered":"<p>R\u00e9daction: +243 817 406 088 En pr\u00e9lude \u00e0 la c\u00e9l\u00e9bration de la Journ\u00e9e internationale des&#8230;<\/p>\n","protected":false},"author":2,"featured_media":18077,"comment_status":"open","ping_status":"open","sticky":false,"template":"","format":"standard","meta":{"_jetpack_memberships_contains_paid_content":false,"footnotes":""},"categories":[8],"tags":[],"class_list":["post-18064","post","type-post","status-publish","format-standard","has-post-thumbnail","hentry","category-societe"],"yoast_head":"<!-- This site is optimized with the Yoast SEO plugin v27.5 - https:\/\/yoast.com\/product\/yoast-seo-wordpress\/ -->\n<title>Bandalungwa : le d\u00e9put\u00e9 provincial Jared Phanzu plaide pour l\u2019autonomisation des femmes et appuie les entrepreneures locales \u00e0 l\u2019occasion du 8 mars - Infos Droits Humains<\/title>\n<meta name=\"robots\" content=\"index, follow, max-snippet:-1, max-image-preview:large, max-video-preview:-1\" \/>\n<link rel=\"canonical\" href=\"https:\/\/infos-droitshumains.net\/?p=18064\" \/>\n<meta property=\"og:locale\" content=\"fr_FR\" \/>\n<meta property=\"og:type\" content=\"article\" \/>\n<meta property=\"og:title\" content=\"Bandalungwa : le d\u00e9put\u00e9 provincial Jared Phanzu plaide pour l\u2019autonomisation des femmes et appuie les entrepreneures locales \u00e0 l\u2019occasion du 8 mars - Infos Droits Humains\" \/>\n<meta property=\"og:description\" content=\"R\u00e9daction: +243 817 406 088 En pr\u00e9lude \u00e0 la c\u00e9l\u00e9bration de la Journ\u00e9e internationale des...\" \/>\n<meta property=\"og:url\" content=\"https:\/\/infos-droitshumains.net\/?p=18064\" \/>\n<meta property=\"og:site_name\" content=\"Infos Droits Humains\" \/>\n<meta property=\"article:published_time\" content=\"2026-03-08T12:32:00+00:00\" \/>\n<meta property=\"article:modified_time\" content=\"2026-03-08T12:37:24+00:00\" \/>\n<meta property=\"og:image\" content=\"https:\/\/infos-droitshumains.net\/wp-content\/uploads\/2026\/03\/1001370463.jpg\" \/>\n\t<meta property=\"og:image:width\" content=\"852\" \/>\n\t<meta property=\"og:image:height\" content=\"915\" \/>\n\t<meta property=\"og:image:type\" content=\"image\/jpeg\" \/>\n<meta name=\"author\" content=\"Jo\u00ebl Diawa\" \/>\n<meta name=\"twitter:card\" content=\"summary_large_image\" \/>\n<meta name=\"twitter:label1\" content=\"\u00c9crit par\" \/>\n\t<meta name=\"twitter:data1\" content=\"Jo\u00ebl Diawa\" \/>\n\t<meta name=\"twitter:label2\" content=\"Dur\u00e9e de lecture estim\u00e9e\" \/>\n\t<meta name=\"twitter:data2\" content=\"4 minutes\" \/>\n<script type=\"application\/ld+json\" class=\"yoast-schema-graph\">{\"@context\":\"https:\\\/\\\/schema.org\",\"@graph\":[{\"@type\":\"Article\",\"@id\":\"https:\\\/\\\/infos-droitshumains.net\\\/?p=18064#article\",\"isPartOf\":{\"@id\":\"https:\\\/\\\/infos-droitshumains.net\\\/?p=18064\"},\"author\":{\"name\":\"Jo\u00ebl Diawa\",\"@id\":\"https:\\\/\\\/infos-droitshumains.net\\\/#\\\/schema\\\/person\\\/3dc5e921c3302172e0ed4362f96faab7\"},\"headline\":\"Bandalungwa : le d\u00e9put\u00e9 provincial Jared Phanzu plaide pour l\u2019autonomisation des femmes et appuie les entrepreneures locales \u00e0 l\u2019occasion du 8 mars\",\"datePublished\":\"2026-03-08T12:32:00+00:00\",\"dateModified\":\"2026-03-08T12:37:24+00:00\",\"mainEntityOfPage\":{\"@id\":\"https:\\\/\\\/infos-droitshumains.net\\\/?p=18064\"},\"wordCount\":492,\"commentCount\":0,\"publisher\":{\"@id\":\"https:\\\/\\\/infos-droitshumains.net\\\/#organization\"},\"image\":{\"@id\":\"https:\\\/\\\/infos-droitshumains.net\\\/?p=18064#primaryimage\"},\"thumbnailUrl\":\"https:\\\/\\\/i0.wp.com\\\/infos-droitshumains.net\\\/wp-content\\\/uploads\\\/2026\\\/03\\\/1001370463.jpg?fit=852%2C915&ssl=1\",\"articleSection\":[\"Soci\u00e9t\u00e9\"],\"inLanguage\":\"fr-FR\",\"potentialAction\":[{\"@type\":\"CommentAction\",\"name\":\"Comment\",\"target\":[\"https:\\\/\\\/infos-droitshumains.net\\\/?p=18064#respond\"]}]},{\"@type\":\"WebPage\",\"@id\":\"https:\\\/\\\/infos-droitshumains.net\\\/?p=18064\",\"url\":\"https:\\\/\\\/infos-droitshumains.net\\\/?p=18064\",\"name\":\"Bandalungwa : le d\u00e9put\u00e9 provincial Jared Phanzu plaide pour l\u2019autonomisation des femmes et appuie les entrepreneures locales \u00e0 l\u2019occasion du 8 mars - Infos Droits Humains\",\"isPartOf\":{\"@id\":\"https:\\\/\\\/infos-droitshumains.net\\\/#website\"},\"primaryImageOfPage\":{\"@id\":\"https:\\\/\\\/infos-droitshumains.net\\\/?p=18064#primaryimage\"},\"image\":{\"@id\":\"https:\\\/\\\/infos-droitshumains.net\\\/?p=18064#primaryimage\"},\"thumbnailUrl\":\"https:\\\/\\\/i0.wp.com\\\/infos-droitshumains.net\\\/wp-content\\\/uploads\\\/2026\\\/03\\\/1001370463.jpg?fit=852%2C915&ssl=1\",\"datePublished\":\"2026-03-08T12:32:00+00:00\",\"dateModified\":\"2026-03-08T12:37:24+00:00\",\"breadcrumb\":{\"@id\":\"https:\\\/\\\/infos-droitshumains.net\\\/?p=18064#breadcrumb\"},\"inLanguage\":\"fr-FR\",\"potentialAction\":[{\"@type\":\"ReadAction\",\"target\":[\"https:\\\/\\\/infos-droitshumains.net\\\/?p=18064\"]}]},{\"@type\":\"ImageObject\",\"inLanguage\":\"fr-FR\",\"@id\":\"https:\\\/\\\/infos-droitshumains.net\\\/?p=18064#primaryimage\",\"url\":\"https:\\\/\\\/i0.wp.com\\\/infos-droitshumains.net\\\/wp-content\\\/uploads\\\/2026\\\/03\\\/1001370463.jpg?fit=852%2C915&ssl=1\",\"contentUrl\":\"https:\\\/\\\/i0.wp.com\\\/infos-droitshumains.net\\\/wp-content\\\/uploads\\\/2026\\\/03\\\/1001370463.jpg?fit=852%2C915&ssl=1\",\"width\":852,\"height\":915},{\"@type\":\"BreadcrumbList\",\"@id\":\"https:\\\/\\\/infos-droitshumains.net\\\/?p=18064#breadcrumb\",\"itemListElement\":[{\"@type\":\"ListItem\",\"position\":1,\"name\":\"Accueil\",\"item\":\"https:\\\/\\\/infos-droitshumains.net\\\/\"},{\"@type\":\"ListItem\",\"position\":2,\"name\":\"Bandalungwa : le d\u00e9put\u00e9 provincial Jared Phanzu plaide pour l\u2019autonomisation des femmes et appuie les entrepreneures locales \u00e0 l\u2019occasion du 8 mars\"}]},{\"@type\":\"WebSite\",\"@id\":\"https:\\\/\\\/infos-droitshumains.net\\\/#website\",\"url\":\"https:\\\/\\\/infos-droitshumains.net\\\/\",\"name\":\"Infos Droits Humains\",\"description\":\"S&#039;informer est un droit\",\"publisher\":{\"@id\":\"https:\\\/\\\/infos-droitshumains.net\\\/#organization\"},\"potentialAction\":[{\"@type\":\"SearchAction\",\"target\":{\"@type\":\"EntryPoint\",\"urlTemplate\":\"https:\\\/\\\/infos-droitshumains.net\\\/?s={search_term_string}\"},\"query-input\":{\"@type\":\"PropertyValueSpecification\",\"valueRequired\":true,\"valueName\":\"search_term_string\"}}],\"inLanguage\":\"fr-FR\"},{\"@type\":\"Organization\",\"@id\":\"https:\\\/\\\/infos-droitshumains.net\\\/#organization\",\"name\":\"Infos Droits Humains\",\"url\":\"https:\\\/\\\/infos-droitshumains.net\\\/\",\"logo\":{\"@type\":\"ImageObject\",\"inLanguage\":\"fr-FR\",\"@id\":\"https:\\\/\\\/infos-droitshumains.net\\\/#\\\/schema\\\/logo\\\/image\\\/\",\"url\":\"https:\\\/\\\/i0.wp.com\\\/infos-droitshumains.net\\\/wp-content\\\/uploads\\\/2022\\\/05\\\/Logo.png?fit=333%2C129&ssl=1\",\"contentUrl\":\"https:\\\/\\\/i0.wp.com\\\/infos-droitshumains.net\\\/wp-content\\\/uploads\\\/2022\\\/05\\\/Logo.png?fit=333%2C129&ssl=1\",\"width\":333,\"height\":129,\"caption\":\"Infos Droits Humains\"},\"image\":{\"@id\":\"https:\\\/\\\/infos-droitshumains.net\\\/#\\\/schema\\\/logo\\\/image\\\/\"}},{\"@type\":\"Person\",\"@id\":\"https:\\\/\\\/infos-droitshumains.net\\\/#\\\/schema\\\/person\\\/3dc5e921c3302172e0ed4362f96faab7\",\"name\":\"Jo\u00ebl Diawa\",\"image\":{\"@type\":\"ImageObject\",\"inLanguage\":\"fr-FR\",\"@id\":\"https:\\\/\\\/secure.gravatar.com\\\/avatar\\\/729bea6ff4604c624417803c477363be8e3c7186deaa65713313f9b4b820f41c?s=96&d=mm&r=g\",\"url\":\"https:\\\/\\\/secure.gravatar.com\\\/avatar\\\/729bea6ff4604c624417803c477363be8e3c7186deaa65713313f9b4b820f41c?s=96&d=mm&r=g\",\"contentUrl\":\"https:\\\/\\\/secure.gravatar.com\\\/avatar\\\/729bea6ff4604c624417803c477363be8e3c7186deaa65713313f9b4b820f41c?s=96&d=mm&r=g\",\"caption\":\"Jo\u00ebl Diawa\"},\"sameAs\":[\"https:\\\/\\\/www.infos-droitshumains.net\"],\"url\":\"https:\\\/\\\/infos-droitshumains.net\\\/?author=2\"}]}<\/script>\n<!-- \/ Yoast SEO plugin. -->","yoast_head_json":{"title":"Bandalungwa : le d\u00e9put\u00e9 provincial Jared Phanzu plaide pour l\u2019autonomisation des femmes et appuie les entrepreneures locales \u00e0 l\u2019occasion du 8 mars - Infos Droits Humains","robots":{"index":"index","follow":"follow","max-snippet":"max-snippet:-1","max-image-preview":"max-image-preview:large","max-video-preview":"max-video-preview:-1"},"canonical":"https:\/\/infos-droitshumains.net\/?p=18064","og_locale":"fr_FR","og_type":"article","og_title":"Bandalungwa : le d\u00e9put\u00e9 provincial Jared Phanzu plaide pour l\u2019autonomisation des femmes et appuie les entrepreneures locales \u00e0 l\u2019occasion du 8 mars - Infos Droits Humains","og_description":"R\u00e9daction: +243 817 406 088 En pr\u00e9lude \u00e0 la c\u00e9l\u00e9bration de la Journ\u00e9e internationale des...","og_url":"https:\/\/infos-droitshumains.net\/?p=18064","og_site_name":"Infos Droits Humains","article_published_time":"2026-03-08T12:32:00+00:00","article_modified_time":"2026-03-08T12:37:24+00:00","og_image":[{"width":852,"height":915,"url":"https:\/\/infos-droitshumains.net\/wp-content\/uploads\/2026\/03\/1001370463.jpg","type":"image\/jpeg"}],"author":"Jo\u00ebl Diawa","twitter_card":"summary_large_image","twitter_misc":{"\u00c9crit par":"Jo\u00ebl Diawa","Dur\u00e9e de lecture estim\u00e9e":"4 minutes"},"schema":{"@context":"https:\/\/schema.org","@graph":[{"@type":"Article","@id":"https:\/\/infos-droitshumains.net\/?p=18064#article","isPartOf":{"@id":"https:\/\/infos-droitshumains.net\/?p=18064"},"author":{"name":"Jo\u00ebl Diawa","@id":"https:\/\/infos-droitshumains.net\/#\/schema\/person\/3dc5e921c3302172e0ed4362f96faab7"},"headline":"Bandalungwa : le d\u00e9put\u00e9 provincial Jared Phanzu plaide pour l\u2019autonomisation des femmes et appuie les entrepreneures locales \u00e0 l\u2019occasion du 8 mars","datePublished":"2026-03-08T12:32:00+00:00","dateModified":"2026-03-08T12:37:24+00:00","mainEntityOfPage":{"@id":"https:\/\/infos-droitshumains.net\/?p=18064"},"wordCount":492,"commentCount":0,"publisher":{"@id":"https:\/\/infos-droitshumains.net\/#organization"},"image":{"@id":"https:\/\/infos-droitshumains.net\/?p=18064#primaryimage"},"thumbnailUrl":"https:\/\/i0.wp.com\/infos-droitshumains.net\/wp-content\/uploads\/2026\/03\/1001370463.jpg?fit=852%2C915&ssl=1","articleSection":["Soci\u00e9t\u00e9"],"inLanguage":"fr-FR","potentialAction":[{"@type":"CommentAction","name":"Comment","target":["https:\/\/infos-droitshumains.net\/?p=18064#respond"]}]},{"@type":"WebPage","@id":"https:\/\/infos-droitshumains.net\/?p=18064","url":"https:\/\/infos-droitshumains.net\/?p=18064","name":"Bandalungwa : le d\u00e9put\u00e9 provincial Jared Phanzu plaide pour l\u2019autonomisation des femmes et appuie les entrepreneures locales \u00e0 l\u2019occasion du 8 mars - Infos Droits Humains","isPartOf":{"@id":"https:\/\/infos-droitshumains.net\/#website"},"primaryImageOfPage":{"@id":"https:\/\/infos-droitshumains.net\/?p=18064#primaryimage"},"image":{"@id":"https:\/\/infos-droitshumains.net\/?p=18064#primaryimage"},"thumbnailUrl":"https:\/\/i0.wp.com\/infos-droitshumains.net\/wp-content\/uploads\/2026\/03\/1001370463.jpg?fit=852%2C915&ssl=1","datePublished":"2026-03-08T12:32:00+00:00","dateModified":"2026-03-08T12:37:24+00:00","breadcrumb":{"@id":"https:\/\/infos-droitshumains.net\/?p=18064#breadcrumb"},"inLanguage":"fr-FR","potentialAction":[{"@type":"ReadAction","target":["https:\/\/infos-droitshumains.net\/?p=18064"]}]},{"@type":"ImageObject","inLanguage":"fr-FR","@id":"https:\/\/infos-droitshumains.net\/?p=18064#primaryimage","url":"https:\/\/i0.wp.com\/infos-droitshumains.net\/wp-content\/uploads\/2026\/03\/1001370463.jpg?fit=852%2C915&ssl=1","contentUrl":"https:\/\/i0.wp.com\/infos-droitshumains.net\/wp-content\/uploads\/2026\/03\/1001370463.jpg?fit=852%2C915&ssl=1","width":852,"height":915},{"@type":"BreadcrumbList","@id":"https:\/\/infos-droitshumains.net\/?p=18064#breadcrumb","itemListElement":[{"@type":"ListItem","position":1,"name":"Accueil","item":"https:\/\/infos-droitshumains.net\/"},{"@type":"ListItem","position":2,"name":"Bandalungwa : le d\u00e9put\u00e9 provincial Jared Phanzu plaide pour l\u2019autonomisation des femmes et appuie les entrepreneures locales \u00e0 l\u2019occasion du 8 mars"}]},{"@type":"WebSite","@id":"https:\/\/infos-droitshumains.net\/#website","url":"https:\/\/infos-droitshumains.net\/","name":"Infos Droits Humains","description":"S&#039;informer est un droit","publisher":{"@id":"https:\/\/infos-droitshumains.net\/#organization"},"potentialAction":[{"@type":"SearchAction","target":{"@type":"EntryPoint","urlTemplate":"https:\/\/infos-droitshumains.net\/?s={search_term_string}"},"query-input":{"@type":"PropertyValueSpecification","valueRequired":true,"valueName":"search_term_string"}}],"inLanguage":"fr-FR"},{"@type":"Organization","@id":"https:\/\/infos-droitshumains.net\/#organization","name":"Infos Droits Humains","url":"https:\/\/infos-droitshumains.net\/","logo":{"@type":"ImageObject","inLanguage":"fr-FR","@id":"https:\/\/infos-droitshumains.net\/#\/schema\/logo\/image\/","url":"https:\/\/i0.wp.com\/infos-droitshumains.net\/wp-content\/uploads\/2022\/05\/Logo.png?fit=333%2C129&ssl=1","contentUrl":"https:\/\/i0.wp.com\/infos-droitshumains.net\/wp-content\/uploads\/2022\/05\/Logo.png?fit=333%2C129&ssl=1","width":333,"height":129,"caption":"Infos Droits Humains"},"image":{"@id":"https:\/\/infos-droitshumains.net\/#\/schema\/logo\/image\/"}},{"@type":"Person","@id":"https:\/\/infos-droitshumains.net\/#\/schema\/person\/3dc5e921c3302172e0ed4362f96faab7","name":"Jo\u00ebl Diawa","image":{"@type":"ImageObject","inLanguage":"fr-FR","@id":"https:\/\/secure.gravatar.com\/avatar\/729bea6ff4604c624417803c477363be8e3c7186deaa65713313f9b4b820f41c?s=96&d=mm&r=g","url":"https:\/\/secure.gravatar.com\/avatar\/729bea6ff4604c624417803c477363be8e3c7186deaa65713313f9b4b820f41c?s=96&d=mm&r=g","contentUrl":"https:\/\/secure.gravatar.com\/avatar\/729bea6ff4604c624417803c477363be8e3c7186deaa65713313f9b4b820f41c?s=96&d=mm&r=g","caption":"Jo\u00ebl Diawa"},"sameAs":["https:\/\/www.infos-droitshumains.net"],"url":"https:\/\/infos-droitshumains.net\/?author=2"}]}},"featured_image_urls":{"full":["https:\/\/i0.wp.com\/infos-droitshumains.net\/wp-content\/uploads\/2026\/03\/1001370463.jpg?fit=852%2C915&ssl=1",852,915,false],"thumbnail":["https:\/\/i0.wp.com\/infos-droitshumains.net\/wp-content\/uploads\/2026\/03\/1001370463.jpg?resize=150%2C150&ssl=1",150,150,true],"medium":["https:\/\/i0.wp.com\/infos-droitshumains.net\/wp-content\/uploads\/2026\/03\/1001370463.jpg?fit=279%2C300&ssl=1",279,300,true],"medium_large":["https:\/\/i0.wp.com\/infos-droitshumains.net\/wp-content\/uploads\/2026\/03\/1001370463.jpg?fit=640%2C688&ssl=1",640,688,true],"large":["https:\/\/i0.wp.com\/infos-droitshumains.net\/wp-content\/uploads\/2026\/03\/1001370463.jpg?fit=640%2C687&ssl=1",640,687,true],"1536x1536":["https:\/\/i0.wp.com\/infos-droitshumains.net\/wp-content\/uploads\/2026\/03\/1001370463.jpg?fit=852%2C915&ssl=1",852,915,true],"2048x2048":["https:\/\/i0.wp.com\/infos-droitshumains.net\/wp-content\/uploads\/2026\/03\/1001370463.jpg?fit=852%2C915&ssl=1",852,915,true],"covernews-slider-full":["https:\/\/i0.wp.com\/infos-droitshumains.net\/wp-content\/uploads\/2026\/03\/1001370463.jpg?resize=852%2C715&ssl=1",852,715,true],"covernews-slider-center":["https:\/\/i0.wp.com\/infos-droitshumains.net\/wp-content\/uploads\/2026\/03\/1001370463.jpg?resize=800%2C500&ssl=1",800,500,true],"covernews-featured":["https:\/\/i0.wp.com\/infos-droitshumains.net\/wp-content\/uploads\/2026\/03\/1001370463.jpg?fit=852%2C915&ssl=1",852,915,true],"covernews-medium":["https:\/\/i0.wp.com\/infos-droitshumains.net\/wp-content\/uploads\/2026\/03\/1001370463.jpg?resize=540%2C340&ssl=1",540,340,true],"covernews-medium-square":["https:\/\/i0.wp.com\/infos-droitshumains.net\/wp-content\/uploads\/2026\/03\/1001370463.jpg?resize=400%2C250&ssl=1",400,250,true]},"author_info":{"display_name":"Jo\u00ebl Diawa","author_link":"https:\/\/infos-droitshumains.net\/?author=2"},"category_info":"<a href=\"https:\/\/infos-droitshumains.net\/?cat=8\" rel=\"category\">Soci\u00e9t\u00e9<\/a>","tag_info":"Soci\u00e9t\u00e9","comment_count":"0","jetpack_featured_media_url":"https:\/\/i0.wp.com\/infos-droitshumains.net\/wp-content\/uploads\/2026\/03\/1001370463.jpg?fit=852%2C915&ssl=1","jetpack-related-posts":[],"jetpack_sharing_enabled":true,"_links":{"self":[{"href":"https:\/\/infos-droitshumains.net\/index.php?rest_route=\/wp\/v2\/posts\/18064","targetHints":{"allow":["GET"]}}],"collection":[{"href":"https:\/\/infos-droitshumains.net\/index.php?rest_route=\/wp\/v2\/posts"}],"about":[{"href":"https:\/\/infos-droitshumains.net\/index.php?rest_route=\/wp\/v2\/types\/post"}],"author":[{"embeddable":true,"href":"https:\/\/infos-droitshumains.net\/index.php?rest_route=\/wp\/v2\/users\/2"}],"replies":[{"embeddable":true,"href":"https:\/\/infos-droitshumains.net\/index.php?rest_route=%2Fwp%2Fv2%2Fcomments&post=18064"}],"version-history":[{"count":9,"href":"https:\/\/infos-droitshumains.net\/index.php?rest_route=\/wp\/v2\/posts\/18064\/revisions"}],"predecessor-version":[{"id":18083,"href":"https:\/\/infos-droitshumains.net\/index.php?rest_route=\/wp\/v2\/posts\/18064\/revisions\/18083"}],"wp:featuredmedia":[{"embeddable":true,"href":"https:\/\/infos-droitshumains.net\/index.php?rest_route=\/wp\/v2\/media\/18077"}],"wp:attachment":[{"href":"https:\/\/infos-droitshumains.net\/index.php?rest_route=%2Fwp%2Fv2%2Fmedia&parent=18064"}],"wp:term":[{"taxonomy":"category","embeddable":true,"href":"https:\/\/infos-droitshumains.net\/index.php?rest_route=%2Fwp%2Fv2%2Fcategories&post=18064"},{"taxonomy":"post_tag","embeddable":true,"href":"https:\/\/infos-droitshumains.net\/index.php?rest_route=%2Fwp%2Fv2%2Ftags&post=18064"}],"curies":[{"name":"wp","href":"https:\/\/api.w.org\/{rel}","templated":true}]}}