{"id":18042,"date":"2026-03-07T08:40:47","date_gmt":"2026-03-07T07:40:47","guid":{"rendered":"https:\/\/infos-droitshumains.net\/?p=18042"},"modified":"2026-03-07T08:42:36","modified_gmt":"2026-03-07T07:42:36","slug":"kinshasa-face-a-la-pollution-visuelle-le-depute-provincial-jared-phanzu-depose-une-reforme-ambitieuse-pour-moderniser-la-publicite-exterieure","status":"publish","type":"post","link":"https:\/\/infos-droitshumains.net\/?p=18042","title":{"rendered":"Kinshasa face \u00e0 la \u201cpollution visuelle\u201d : le d\u00e9put\u00e9 provincial Jared Phanzu d\u00e9pose une r\u00e9forme ambitieuse pour moderniser la publicit\u00e9 ext\u00e9rieure"},"content":{"rendered":"\n<p><strong>R\u00e9daction: +243 817 406 088<\/strong><\/p>\n\n\n\n<h3 class=\"wp-block-heading has-vivid-red-color has-text-color has-link-color wp-elements-342a0268d3784b404f5cde947c0d9500\">Dans un contexte marqu\u00e9 par la multiplication des panneaux publicitaires et l\u2019essor des supports num\u00e9riques, le d\u00e9put\u00e9 provincial Jared Phanzu a d\u00e9pos\u00e9, jeudi 5 mars, une proposition d\u2019\u00e9dit visant \u00e0 r\u00e9former la r\u00e9glementation de la publicit\u00e9 ext\u00e9rieure dans la capitale congolaise. Le texte a \u00e9t\u00e9 transmis au bureau de l\u2019Assembl\u00e9e provinciale de Kinshasa en marge de l\u2019ouverture de la session parlementaire de mars.<\/h3>\n\n\n\n<p>Cette initiative l\u00e9gislative entend modifier et compl\u00e9ter l\u2019\u00c9dit n\u00b0004\/2007 du 28 d\u00e9cembre 2007, relatif \u00e0 l\u2019implantation des structures publicitaires et \u00e0 l\u2019affichage publicitaire dans la ville de Kinshasa. Selon l\u2019\u00e9lu provincial, la r\u00e9glementation actuelle ne correspond plus aux r\u00e9alit\u00e9s urbaines et technologiques de la capitale.<\/p>\n\n\n\n<p><em>\u00ab Face \u00e0 la pollution visuelle et \u00e0 la prolif\u00e9ration anarchique des panneaux publicitaires dans la Ville-Province de Kinshasa, nous avons d\u00e9pos\u00e9 ce jour notre proposition d\u2019\u00c9dit portant r\u00e9forme de la r\u00e9glementation de la publicit\u00e9 ext\u00e9rieure \u00bb<\/em>, a d\u00e9clar\u00e9 le d\u00e9put\u00e9 lors du d\u00e9p\u00f4t du texte.<\/p>\n\n\n\n<p>Adopt\u00e9 il y a pr\u00e8s de deux d\u00e9cennies, l\u2019\u00e9dit actuellement en vigueur a \u00e9t\u00e9 con\u00e7u dans un contexte urbain et technologique tr\u00e8s diff\u00e9rent. Or, la capitale congolaise conna\u00eet aujourd\u2019hui une expansion rapide, accompagn\u00e9e d\u2019une diversification des supports publicitaires.<\/p>\n\n\n\n<p>Le parlementaire souligne notamment l\u2019apparition de dispositifs digitaux tels que les \u00e9crans LED ou LCD, mais aussi des supports mobiles et itin\u00e9rants, qui \u00e9chappent parfois au cadre r\u00e9glementaire existant.<\/p>\n\n\n\n<p><em>\u00ab Utilis\u00e9 dans un contexte urbain et technologique diff\u00e9rent, l\u2019actuel texte est aujourd\u2019hui partiellement inadapt\u00e9 aux r\u00e9alit\u00e9s de la ville \u00bb, explique-t-il, \u00e9voquant \u00ab la croissance urbaine acc\u00e9l\u00e9r\u00e9e, l\u2019essor du num\u00e9rique et les exigences contemporaines de transparence et de gouvernance publique \u00bb.<\/em><\/p>\n\n\n\n<p>La proposition d\u2019\u00e9dit introduit plusieurs innovations destin\u00e9es \u00e0 moderniser la gestion du secteur. Parmi les mesures phares figure la cr\u00e9ation d\u2019un <strong>cadastre publicitaire num\u00e9rique<\/strong>, un outil cens\u00e9 permettre aux autorit\u00e9s provinciales d\u2019identifier, de localiser et de suivre l\u2019ensemble des dispositifs publicitaires install\u00e9s dans la ville.<\/p>\n\n\n\n<p>Le texte pr\u00e9voit \u00e9galement la <strong>num\u00e9risation des proc\u00e9dures d\u2019autorisation et de contr\u00f4le<\/strong>, afin de renforcer la tra\u00e7abilit\u00e9 administrative et de limiter les installations ill\u00e9gales.<\/p>\n\n\n\n<p><em>\u00ab La r\u00e9forme vise \u00e0 moderniser et clarifier le cadre l\u00e9gal applicable au secteur de la publicit\u00e9 ext\u00e9rieure, notamment \u00e0 travers l\u2019introduction d\u2019outils innovants tels que la mise en place d\u2019un cadastre publicitaire num\u00e9rique \u00bb<\/em>, pr\u00e9cise l\u2019initiateur du projet.<\/p>\n\n\n\n<p>Au-del\u00e0 de l\u2019aspect esth\u00e9tique et urbanistique, l\u2019enjeu est aussi financier pour la province de Kinshasa. Le texte pr\u00e9voit l\u2019instauration d\u2019une <strong>redevance d\u2019occupation publicitaire du domaine public provincial juridiquement s\u00e9curis\u00e9e<\/strong>, destin\u00e9e \u00e0 am\u00e9liorer la mobilisation des recettes publiques.<\/p>\n\n\n\n<p>Selon le d\u00e9put\u00e9, cette r\u00e9forme devrait permettre de mieux encadrer l\u2019implantation des dispositifs publicitaires tout en renfor\u00e7ant la transparence administrative.<\/p>\n\n\n\n<p><em>\u00ab L\u2019objectif est de mieux encadrer l\u2019implantation des dispositifs publicitaires, renforcer la transparence administrative et optimiser la mobilisation des recettes publiques provinciales \u00bb<\/em>, souligne-t-il.<\/p>\n\n\n\n<p>La r\u00e9forme ambitionne \u00e9galement de contribuer \u00e0 la protection du paysage urbain et \u00e0 la s\u00e9curit\u00e9 des usagers de la route, souvent confront\u00e9s \u00e0 une multiplication d\u00e9sordonn\u00e9e des panneaux publicitaires dans certains axes de la capitale.<\/p>\n\n\n\n<p>Si elle est adopt\u00e9e par Assembl\u00e9e provinciale de Kinshasa, cette proposition d\u2019\u00e9dit pourrait marquer une \u00e9tape importante dans la modernisation de la gouvernance urbaine et de l\u2019\u00e9conomie publicitaire \u00e0 Kinshasa.<\/p>\n\n\n\n<p>Jo\u00ebl Diawa<\/p>\n","protected":false},"excerpt":{"rendered":"<p>R\u00e9daction: +243 817 406 088 Dans un contexte marqu\u00e9 par la multiplication des panneaux publicitaires&#8230;<\/p>\n","protected":false},"author":2,"featured_media":18044,"comment_status":"open","ping_status":"open","sticky":false,"template":"","format":"standard","meta":{"_jetpack_memberships_contains_paid_content":false,"footnotes":""},"categories":[3],"tags":[],"class_list":["post-18042","post","type-post","status-publish","format-standard","has-post-thumbnail","hentry","category-politique"],"yoast_head":"<!-- This site is optimized with the Yoast SEO plugin v27.5 - https:\/\/yoast.com\/product\/yoast-seo-wordpress\/ -->\n<title>Kinshasa face \u00e0 la \u201cpollution visuelle\u201d : le d\u00e9put\u00e9 provincial Jared Phanzu d\u00e9pose une r\u00e9forme ambitieuse pour moderniser la publicit\u00e9 ext\u00e9rieure - Infos Droits Humains<\/title>\n<meta name=\"robots\" content=\"index, follow, max-snippet:-1, max-image-preview:large, max-video-preview:-1\" \/>\n<link rel=\"canonical\" href=\"https:\/\/infos-droitshumains.net\/?p=18042\" \/>\n<meta property=\"og:locale\" content=\"fr_FR\" \/>\n<meta property=\"og:type\" content=\"article\" \/>\n<meta property=\"og:title\" content=\"Kinshasa face \u00e0 la \u201cpollution visuelle\u201d : le d\u00e9put\u00e9 provincial Jared Phanzu d\u00e9pose une r\u00e9forme ambitieuse pour moderniser la publicit\u00e9 ext\u00e9rieure - Infos Droits Humains\" \/>\n<meta property=\"og:description\" content=\"R\u00e9daction: +243 817 406 088 Dans un contexte marqu\u00e9 par la multiplication des panneaux publicitaires...\" \/>\n<meta property=\"og:url\" content=\"https:\/\/infos-droitshumains.net\/?p=18042\" \/>\n<meta property=\"og:site_name\" content=\"Infos Droits Humains\" \/>\n<meta property=\"article:published_time\" content=\"2026-03-07T07:40:47+00:00\" \/>\n<meta property=\"article:modified_time\" content=\"2026-03-07T07:42:36+00:00\" \/>\n<meta property=\"og:image\" content=\"https:\/\/infos-droitshumains.net\/wp-content\/uploads\/2026\/03\/IMG-20260306-WA0006.jpg\" \/>\n\t<meta property=\"og:image:width\" content=\"850\" \/>\n\t<meta property=\"og:image:height\" content=\"994\" \/>\n\t<meta property=\"og:image:type\" content=\"image\/jpeg\" \/>\n<meta name=\"author\" content=\"Jo\u00ebl Diawa\" \/>\n<meta name=\"twitter:card\" content=\"summary_large_image\" \/>\n<meta name=\"twitter:label1\" content=\"\u00c9crit par\" \/>\n\t<meta name=\"twitter:data1\" content=\"Jo\u00ebl Diawa\" \/>\n\t<meta name=\"twitter:label2\" content=\"Dur\u00e9e de lecture estim\u00e9e\" \/>\n\t<meta name=\"twitter:data2\" content=\"3 minutes\" \/>\n<script type=\"application\/ld+json\" class=\"yoast-schema-graph\">{\"@context\":\"https:\\\/\\\/schema.org\",\"@graph\":[{\"@type\":\"Article\",\"@id\":\"https:\\\/\\\/infos-droitshumains.net\\\/?p=18042#article\",\"isPartOf\":{\"@id\":\"https:\\\/\\\/infos-droitshumains.net\\\/?p=18042\"},\"author\":{\"name\":\"Jo\u00ebl Diawa\",\"@id\":\"https:\\\/\\\/infos-droitshumains.net\\\/#\\\/schema\\\/person\\\/3dc5e921c3302172e0ed4362f96faab7\"},\"headline\":\"Kinshasa face \u00e0 la \u201cpollution visuelle\u201d : le d\u00e9put\u00e9 provincial Jared Phanzu d\u00e9pose une r\u00e9forme ambitieuse pour moderniser la publicit\u00e9 ext\u00e9rieure\",\"datePublished\":\"2026-03-07T07:40:47+00:00\",\"dateModified\":\"2026-03-07T07:42:36+00:00\",\"mainEntityOfPage\":{\"@id\":\"https:\\\/\\\/infos-droitshumains.net\\\/?p=18042\"},\"wordCount\":625,\"commentCount\":0,\"publisher\":{\"@id\":\"https:\\\/\\\/infos-droitshumains.net\\\/#organization\"},\"image\":{\"@id\":\"https:\\\/\\\/infos-droitshumains.net\\\/?p=18042#primaryimage\"},\"thumbnailUrl\":\"https:\\\/\\\/i0.wp.com\\\/infos-droitshumains.net\\\/wp-content\\\/uploads\\\/2026\\\/03\\\/IMG-20260306-WA0006.jpg?fit=850%2C994&ssl=1\",\"articleSection\":[\"Politique\"],\"inLanguage\":\"fr-FR\",\"potentialAction\":[{\"@type\":\"CommentAction\",\"name\":\"Comment\",\"target\":[\"https:\\\/\\\/infos-droitshumains.net\\\/?p=18042#respond\"]}]},{\"@type\":\"WebPage\",\"@id\":\"https:\\\/\\\/infos-droitshumains.net\\\/?p=18042\",\"url\":\"https:\\\/\\\/infos-droitshumains.net\\\/?p=18042\",\"name\":\"Kinshasa face \u00e0 la \u201cpollution visuelle\u201d : le d\u00e9put\u00e9 provincial Jared Phanzu d\u00e9pose une r\u00e9forme ambitieuse pour moderniser la publicit\u00e9 ext\u00e9rieure - Infos Droits Humains\",\"isPartOf\":{\"@id\":\"https:\\\/\\\/infos-droitshumains.net\\\/#website\"},\"primaryImageOfPage\":{\"@id\":\"https:\\\/\\\/infos-droitshumains.net\\\/?p=18042#primaryimage\"},\"image\":{\"@id\":\"https:\\\/\\\/infos-droitshumains.net\\\/?p=18042#primaryimage\"},\"thumbnailUrl\":\"https:\\\/\\\/i0.wp.com\\\/infos-droitshumains.net\\\/wp-content\\\/uploads\\\/2026\\\/03\\\/IMG-20260306-WA0006.jpg?fit=850%2C994&ssl=1\",\"datePublished\":\"2026-03-07T07:40:47+00:00\",\"dateModified\":\"2026-03-07T07:42:36+00:00\",\"breadcrumb\":{\"@id\":\"https:\\\/\\\/infos-droitshumains.net\\\/?p=18042#breadcrumb\"},\"inLanguage\":\"fr-FR\",\"potentialAction\":[{\"@type\":\"ReadAction\",\"target\":[\"https:\\\/\\\/infos-droitshumains.net\\\/?p=18042\"]}]},{\"@type\":\"ImageObject\",\"inLanguage\":\"fr-FR\",\"@id\":\"https:\\\/\\\/infos-droitshumains.net\\\/?p=18042#primaryimage\",\"url\":\"https:\\\/\\\/i0.wp.com\\\/infos-droitshumains.net\\\/wp-content\\\/uploads\\\/2026\\\/03\\\/IMG-20260306-WA0006.jpg?fit=850%2C994&ssl=1\",\"contentUrl\":\"https:\\\/\\\/i0.wp.com\\\/infos-droitshumains.net\\\/wp-content\\\/uploads\\\/2026\\\/03\\\/IMG-20260306-WA0006.jpg?fit=850%2C994&ssl=1\",\"width\":850,\"height\":994},{\"@type\":\"BreadcrumbList\",\"@id\":\"https:\\\/\\\/infos-droitshumains.net\\\/?p=18042#breadcrumb\",\"itemListElement\":[{\"@type\":\"ListItem\",\"position\":1,\"name\":\"Accueil\",\"item\":\"https:\\\/\\\/infos-droitshumains.net\\\/\"},{\"@type\":\"ListItem\",\"position\":2,\"name\":\"Kinshasa face \u00e0 la \u201cpollution visuelle\u201d : le d\u00e9put\u00e9 provincial Jared Phanzu d\u00e9pose une r\u00e9forme ambitieuse pour moderniser la publicit\u00e9 ext\u00e9rieure\"}]},{\"@type\":\"WebSite\",\"@id\":\"https:\\\/\\\/infos-droitshumains.net\\\/#website\",\"url\":\"https:\\\/\\\/infos-droitshumains.net\\\/\",\"name\":\"Infos Droits Humains\",\"description\":\"S&#039;informer est un droit\",\"publisher\":{\"@id\":\"https:\\\/\\\/infos-droitshumains.net\\\/#organization\"},\"potentialAction\":[{\"@type\":\"SearchAction\",\"target\":{\"@type\":\"EntryPoint\",\"urlTemplate\":\"https:\\\/\\\/infos-droitshumains.net\\\/?s={search_term_string}\"},\"query-input\":{\"@type\":\"PropertyValueSpecification\",\"valueRequired\":true,\"valueName\":\"search_term_string\"}}],\"inLanguage\":\"fr-FR\"},{\"@type\":\"Organization\",\"@id\":\"https:\\\/\\\/infos-droitshumains.net\\\/#organization\",\"name\":\"Infos Droits Humains\",\"url\":\"https:\\\/\\\/infos-droitshumains.net\\\/\",\"logo\":{\"@type\":\"ImageObject\",\"inLanguage\":\"fr-FR\",\"@id\":\"https:\\\/\\\/infos-droitshumains.net\\\/#\\\/schema\\\/logo\\\/image\\\/\",\"url\":\"https:\\\/\\\/i0.wp.com\\\/infos-droitshumains.net\\\/wp-content\\\/uploads\\\/2022\\\/05\\\/Logo.png?fit=333%2C129&ssl=1\",\"contentUrl\":\"https:\\\/\\\/i0.wp.com\\\/infos-droitshumains.net\\\/wp-content\\\/uploads\\\/2022\\\/05\\\/Logo.png?fit=333%2C129&ssl=1\",\"width\":333,\"height\":129,\"caption\":\"Infos Droits Humains\"},\"image\":{\"@id\":\"https:\\\/\\\/infos-droitshumains.net\\\/#\\\/schema\\\/logo\\\/image\\\/\"}},{\"@type\":\"Person\",\"@id\":\"https:\\\/\\\/infos-droitshumains.net\\\/#\\\/schema\\\/person\\\/3dc5e921c3302172e0ed4362f96faab7\",\"name\":\"Jo\u00ebl Diawa\",\"image\":{\"@type\":\"ImageObject\",\"inLanguage\":\"fr-FR\",\"@id\":\"https:\\\/\\\/secure.gravatar.com\\\/avatar\\\/729bea6ff4604c624417803c477363be8e3c7186deaa65713313f9b4b820f41c?s=96&d=mm&r=g\",\"url\":\"https:\\\/\\\/secure.gravatar.com\\\/avatar\\\/729bea6ff4604c624417803c477363be8e3c7186deaa65713313f9b4b820f41c?s=96&d=mm&r=g\",\"contentUrl\":\"https:\\\/\\\/secure.gravatar.com\\\/avatar\\\/729bea6ff4604c624417803c477363be8e3c7186deaa65713313f9b4b820f41c?s=96&d=mm&r=g\",\"caption\":\"Jo\u00ebl Diawa\"},\"sameAs\":[\"https:\\\/\\\/www.infos-droitshumains.net\"],\"url\":\"https:\\\/\\\/infos-droitshumains.net\\\/?author=2\"}]}<\/script>\n<!-- \/ Yoast SEO plugin. -->","yoast_head_json":{"title":"Kinshasa face \u00e0 la \u201cpollution visuelle\u201d : le d\u00e9put\u00e9 provincial Jared Phanzu d\u00e9pose une r\u00e9forme ambitieuse pour moderniser la publicit\u00e9 ext\u00e9rieure - Infos Droits Humains","robots":{"index":"index","follow":"follow","max-snippet":"max-snippet:-1","max-image-preview":"max-image-preview:large","max-video-preview":"max-video-preview:-1"},"canonical":"https:\/\/infos-droitshumains.net\/?p=18042","og_locale":"fr_FR","og_type":"article","og_title":"Kinshasa face \u00e0 la \u201cpollution visuelle\u201d : le d\u00e9put\u00e9 provincial Jared Phanzu d\u00e9pose une r\u00e9forme ambitieuse pour moderniser la publicit\u00e9 ext\u00e9rieure - Infos Droits Humains","og_description":"R\u00e9daction: +243 817 406 088 Dans un contexte marqu\u00e9 par la multiplication des panneaux publicitaires...","og_url":"https:\/\/infos-droitshumains.net\/?p=18042","og_site_name":"Infos Droits Humains","article_published_time":"2026-03-07T07:40:47+00:00","article_modified_time":"2026-03-07T07:42:36+00:00","og_image":[{"width":850,"height":994,"url":"https:\/\/infos-droitshumains.net\/wp-content\/uploads\/2026\/03\/IMG-20260306-WA0006.jpg","type":"image\/jpeg"}],"author":"Jo\u00ebl Diawa","twitter_card":"summary_large_image","twitter_misc":{"\u00c9crit par":"Jo\u00ebl Diawa","Dur\u00e9e de lecture estim\u00e9e":"3 minutes"},"schema":{"@context":"https:\/\/schema.org","@graph":[{"@type":"Article","@id":"https:\/\/infos-droitshumains.net\/?p=18042#article","isPartOf":{"@id":"https:\/\/infos-droitshumains.net\/?p=18042"},"author":{"name":"Jo\u00ebl Diawa","@id":"https:\/\/infos-droitshumains.net\/#\/schema\/person\/3dc5e921c3302172e0ed4362f96faab7"},"headline":"Kinshasa face \u00e0 la \u201cpollution visuelle\u201d : le d\u00e9put\u00e9 provincial Jared Phanzu d\u00e9pose une r\u00e9forme ambitieuse pour moderniser la publicit\u00e9 ext\u00e9rieure","datePublished":"2026-03-07T07:40:47+00:00","dateModified":"2026-03-07T07:42:36+00:00","mainEntityOfPage":{"@id":"https:\/\/infos-droitshumains.net\/?p=18042"},"wordCount":625,"commentCount":0,"publisher":{"@id":"https:\/\/infos-droitshumains.net\/#organization"},"image":{"@id":"https:\/\/infos-droitshumains.net\/?p=18042#primaryimage"},"thumbnailUrl":"https:\/\/i0.wp.com\/infos-droitshumains.net\/wp-content\/uploads\/2026\/03\/IMG-20260306-WA0006.jpg?fit=850%2C994&ssl=1","articleSection":["Politique"],"inLanguage":"fr-FR","potentialAction":[{"@type":"CommentAction","name":"Comment","target":["https:\/\/infos-droitshumains.net\/?p=18042#respond"]}]},{"@type":"WebPage","@id":"https:\/\/infos-droitshumains.net\/?p=18042","url":"https:\/\/infos-droitshumains.net\/?p=18042","name":"Kinshasa face \u00e0 la \u201cpollution visuelle\u201d : le d\u00e9put\u00e9 provincial Jared Phanzu d\u00e9pose une r\u00e9forme ambitieuse pour moderniser la publicit\u00e9 ext\u00e9rieure - Infos Droits Humains","isPartOf":{"@id":"https:\/\/infos-droitshumains.net\/#website"},"primaryImageOfPage":{"@id":"https:\/\/infos-droitshumains.net\/?p=18042#primaryimage"},"image":{"@id":"https:\/\/infos-droitshumains.net\/?p=18042#primaryimage"},"thumbnailUrl":"https:\/\/i0.wp.com\/infos-droitshumains.net\/wp-content\/uploads\/2026\/03\/IMG-20260306-WA0006.jpg?fit=850%2C994&ssl=1","datePublished":"2026-03-07T07:40:47+00:00","dateModified":"2026-03-07T07:42:36+00:00","breadcrumb":{"@id":"https:\/\/infos-droitshumains.net\/?p=18042#breadcrumb"},"inLanguage":"fr-FR","potentialAction":[{"@type":"ReadAction","target":["https:\/\/infos-droitshumains.net\/?p=18042"]}]},{"@type":"ImageObject","inLanguage":"fr-FR","@id":"https:\/\/infos-droitshumains.net\/?p=18042#primaryimage","url":"https:\/\/i0.wp.com\/infos-droitshumains.net\/wp-content\/uploads\/2026\/03\/IMG-20260306-WA0006.jpg?fit=850%2C994&ssl=1","contentUrl":"https:\/\/i0.wp.com\/infos-droitshumains.net\/wp-content\/uploads\/2026\/03\/IMG-20260306-WA0006.jpg?fit=850%2C994&ssl=1","width":850,"height":994},{"@type":"BreadcrumbList","@id":"https:\/\/infos-droitshumains.net\/?p=18042#breadcrumb","itemListElement":[{"@type":"ListItem","position":1,"name":"Accueil","item":"https:\/\/infos-droitshumains.net\/"},{"@type":"ListItem","position":2,"name":"Kinshasa face \u00e0 la \u201cpollution visuelle\u201d : le d\u00e9put\u00e9 provincial Jared Phanzu d\u00e9pose une r\u00e9forme ambitieuse pour moderniser la publicit\u00e9 ext\u00e9rieure"}]},{"@type":"WebSite","@id":"https:\/\/infos-droitshumains.net\/#website","url":"https:\/\/infos-droitshumains.net\/","name":"Infos Droits Humains","description":"S&#039;informer est un droit","publisher":{"@id":"https:\/\/infos-droitshumains.net\/#organization"},"potentialAction":[{"@type":"SearchAction","target":{"@type":"EntryPoint","urlTemplate":"https:\/\/infos-droitshumains.net\/?s={search_term_string}"},"query-input":{"@type":"PropertyValueSpecification","valueRequired":true,"valueName":"search_term_string"}}],"inLanguage":"fr-FR"},{"@type":"Organization","@id":"https:\/\/infos-droitshumains.net\/#organization","name":"Infos Droits Humains","url":"https:\/\/infos-droitshumains.net\/","logo":{"@type":"ImageObject","inLanguage":"fr-FR","@id":"https:\/\/infos-droitshumains.net\/#\/schema\/logo\/image\/","url":"https:\/\/i0.wp.com\/infos-droitshumains.net\/wp-content\/uploads\/2022\/05\/Logo.png?fit=333%2C129&ssl=1","contentUrl":"https:\/\/i0.wp.com\/infos-droitshumains.net\/wp-content\/uploads\/2022\/05\/Logo.png?fit=333%2C129&ssl=1","width":333,"height":129,"caption":"Infos Droits Humains"},"image":{"@id":"https:\/\/infos-droitshumains.net\/#\/schema\/logo\/image\/"}},{"@type":"Person","@id":"https:\/\/infos-droitshumains.net\/#\/schema\/person\/3dc5e921c3302172e0ed4362f96faab7","name":"Jo\u00ebl Diawa","image":{"@type":"ImageObject","inLanguage":"fr-FR","@id":"https:\/\/secure.gravatar.com\/avatar\/729bea6ff4604c624417803c477363be8e3c7186deaa65713313f9b4b820f41c?s=96&d=mm&r=g","url":"https:\/\/secure.gravatar.com\/avatar\/729bea6ff4604c624417803c477363be8e3c7186deaa65713313f9b4b820f41c?s=96&d=mm&r=g","contentUrl":"https:\/\/secure.gravatar.com\/avatar\/729bea6ff4604c624417803c477363be8e3c7186deaa65713313f9b4b820f41c?s=96&d=mm&r=g","caption":"Jo\u00ebl Diawa"},"sameAs":["https:\/\/www.infos-droitshumains.net"],"url":"https:\/\/infos-droitshumains.net\/?author=2"}]}},"featured_image_urls":{"full":["https:\/\/i0.wp.com\/infos-droitshumains.net\/wp-content\/uploads\/2026\/03\/IMG-20260306-WA0006.jpg?fit=850%2C994&ssl=1",850,994,false],"thumbnail":["https:\/\/i0.wp.com\/infos-droitshumains.net\/wp-content\/uploads\/2026\/03\/IMG-20260306-WA0006.jpg?resize=150%2C150&ssl=1",150,150,true],"medium":["https:\/\/i0.wp.com\/infos-droitshumains.net\/wp-content\/uploads\/2026\/03\/IMG-20260306-WA0006.jpg?fit=257%2C300&ssl=1",257,300,true],"medium_large":["https:\/\/i0.wp.com\/infos-droitshumains.net\/wp-content\/uploads\/2026\/03\/IMG-20260306-WA0006.jpg?fit=640%2C748&ssl=1",640,748,true],"large":["https:\/\/i0.wp.com\/infos-droitshumains.net\/wp-content\/uploads\/2026\/03\/IMG-20260306-WA0006.jpg?fit=640%2C748&ssl=1",640,748,true],"1536x1536":["https:\/\/i0.wp.com\/infos-droitshumains.net\/wp-content\/uploads\/2026\/03\/IMG-20260306-WA0006.jpg?fit=850%2C994&ssl=1",850,994,true],"2048x2048":["https:\/\/i0.wp.com\/infos-droitshumains.net\/wp-content\/uploads\/2026\/03\/IMG-20260306-WA0006.jpg?fit=850%2C994&ssl=1",850,994,true],"covernews-slider-full":["https:\/\/i0.wp.com\/infos-droitshumains.net\/wp-content\/uploads\/2026\/03\/IMG-20260306-WA0006.jpg?resize=850%2C715&ssl=1",850,715,true],"covernews-slider-center":["https:\/\/i0.wp.com\/infos-droitshumains.net\/wp-content\/uploads\/2026\/03\/IMG-20260306-WA0006.jpg?resize=800%2C500&ssl=1",800,500,true],"covernews-featured":["https:\/\/i0.wp.com\/infos-droitshumains.net\/wp-content\/uploads\/2026\/03\/IMG-20260306-WA0006.jpg?fit=850%2C994&ssl=1",850,994,true],"covernews-medium":["https:\/\/i0.wp.com\/infos-droitshumains.net\/wp-content\/uploads\/2026\/03\/IMG-20260306-WA0006.jpg?resize=540%2C340&ssl=1",540,340,true],"covernews-medium-square":["https:\/\/i0.wp.com\/infos-droitshumains.net\/wp-content\/uploads\/2026\/03\/IMG-20260306-WA0006.jpg?resize=400%2C250&ssl=1",400,250,true]},"author_info":{"display_name":"Jo\u00ebl Diawa","author_link":"https:\/\/infos-droitshumains.net\/?author=2"},"category_info":"<a href=\"https:\/\/infos-droitshumains.net\/?cat=3\" rel=\"category\">Politique<\/a>","tag_info":"Politique","comment_count":"0","jetpack_featured_media_url":"https:\/\/i0.wp.com\/infos-droitshumains.net\/wp-content\/uploads\/2026\/03\/IMG-20260306-WA0006.jpg?fit=850%2C994&ssl=1","jetpack-related-posts":[],"jetpack_sharing_enabled":true,"_links":{"self":[{"href":"https:\/\/infos-droitshumains.net\/index.php?rest_route=\/wp\/v2\/posts\/18042","targetHints":{"allow":["GET"]}}],"collection":[{"href":"https:\/\/infos-droitshumains.net\/index.php?rest_route=\/wp\/v2\/posts"}],"about":[{"href":"https:\/\/infos-droitshumains.net\/index.php?rest_route=\/wp\/v2\/types\/post"}],"author":[{"embeddable":true,"href":"https:\/\/infos-droitshumains.net\/index.php?rest_route=\/wp\/v2\/users\/2"}],"replies":[{"embeddable":true,"href":"https:\/\/infos-droitshumains.net\/index.php?rest_route=%2Fwp%2Fv2%2Fcomments&post=18042"}],"version-history":[{"count":1,"href":"https:\/\/infos-droitshumains.net\/index.php?rest_route=\/wp\/v2\/posts\/18042\/revisions"}],"predecessor-version":[{"id":18043,"href":"https:\/\/infos-droitshumains.net\/index.php?rest_route=\/wp\/v2\/posts\/18042\/revisions\/18043"}],"wp:featuredmedia":[{"embeddable":true,"href":"https:\/\/infos-droitshumains.net\/index.php?rest_route=\/wp\/v2\/media\/18044"}],"wp:attachment":[{"href":"https:\/\/infos-droitshumains.net\/index.php?rest_route=%2Fwp%2Fv2%2Fmedia&parent=18042"}],"wp:term":[{"taxonomy":"category","embeddable":true,"href":"https:\/\/infos-droitshumains.net\/index.php?rest_route=%2Fwp%2Fv2%2Fcategories&post=18042"},{"taxonomy":"post_tag","embeddable":true,"href":"https:\/\/infos-droitshumains.net\/index.php?rest_route=%2Fwp%2Fv2%2Ftags&post=18042"}],"curies":[{"name":"wp","href":"https:\/\/api.w.org\/{rel}","templated":true}]}}