{"id":18033,"date":"2026-03-05T20:36:37","date_gmt":"2026-03-05T19:36:37","guid":{"rendered":"https:\/\/infos-droitshumains.net\/?p=18033"},"modified":"2026-03-06T08:02:39","modified_gmt":"2026-03-06T07:02:39","slug":"kinshasa-accueille-les-10%e1%b5%89-assises-du-colub-la-rdc-veut-renforcer-sa-strategie-dans-la-lutte-contre-le-blanchiment-de-capitaux-et-financement-du-terrorisme","status":"publish","type":"post","link":"https:\/\/infos-droitshumains.net\/?p=18033","title":{"rendered":"Kinshasa accueille les 10\u1d49 assises du COLUB : la RDC veut renforcer sa strat\u00e9gie dans la lutte contre le blanchiment de capitaux et financement du terrorisme"},"content":{"rendered":"\n<p><strong>R\u00e9daction: +243 817 406 088<\/strong><\/p>\n\n\n\n<h4 class=\"wp-block-heading has-vivid-red-color has-text-color has-link-color wp-elements-c37ab2a0845df403a660d81c66816cf8\">Sous le haut patronage du Ministre des Finances, les 10\u1d49 assises du Comit\u00e9 Consultatif de Lutte contre le Blanchiment de Capitaux et le Financement du Terrorisme et de la Prolif\u00e9ration (COLUB) se tiendront \u00e0 Kinshasa du 11 au 12 mars 2026. Ces travaux se d\u00e9rouleront autour du th\u00e8me : <strong><em>\u00ab Bonne gouvernance, r\u00e9silience et lutte contre le blanchiment de capitaux et le financement du terrorisme en temps de crise s\u00e9curitaire : avanc\u00e9es de la RDC pour sortir de la liste grise du GAFI \u00bb<\/em><\/strong><em>.<\/em><\/h4>\n\n\n\n<p>Ces assises s\u2019inscrivent dans le cadre de la mise en \u0153uvre de la coordination nationale de la lutte contre le blanchiment de capitaux, le financement du terrorisme et de la prolif\u00e9ration (LBC\/FT), mission assur\u00e9e par le COLUB. Elles constituent un cadre privil\u00e9gi\u00e9 d\u2019\u00e9changes, de concertation et de r\u00e9flexion autour des enjeux actuels li\u00e9s \u00e0 la lutte contre les flux financiers illicites auxquels la R\u00e9publique d\u00e9mocratique du Congo est confront\u00e9e.<\/p>\n\n\n\n<p>\u00c0 travers ces rencontres, les participants auront l\u2019occasion d\u2019examiner les th\u00e9matiques prioritaires du moment et de promouvoir l\u2019application effective des normes et des politiques visant la pr\u00e9vention, la d\u00e9tection et la r\u00e9duction des risques de blanchiment de capitaux et de financement du terrorisme dans les secteurs cl\u00e9s de l\u2019\u00e9conomie nationale. Les assises favoriseront \u00e9galement le partage d\u2019informations sur l\u2019actualit\u00e9 et les bonnes pratiques en mati\u00e8re de LBC\/FT, ainsi que l\u2019identification de solutions concr\u00e8tes pour surmonter les obstacles qui entravent l\u2019efficacit\u00e9 du dispositif national.<\/p>\n\n\n\n<p>Plusieurs acteurs prendront part \u00e0 ces travaux, notamment les membres permanents du COLUB issus des services publics, institutions et administrations de l\u2019\u00c9tat, ainsi que des organisations priv\u00e9es soumises \u00e0 la l\u00e9gislation relative \u00e0 la LBC\/FT. Les collaborateurs du Ministre des Finances, en sa qualit\u00e9 de Coordonnateur national de la LBC\/FT, ainsi que d\u2019autres invit\u00e9s provenant de secteurs concern\u00e9s ou impact\u00e9s par ces probl\u00e9matiques, y participeront \u00e9galement.<\/p>\n\n\n\n<p>Ces 10\u1d49 assises visent principalement \u00e0 favoriser une vision globale du dispositif national de lutte contre le blanchiment de capitaux, le financement du terrorisme et la prolif\u00e9ration, tout en d\u00e9veloppant une compr\u00e9hension commune des menaces et des vuln\u00e9rabilit\u00e9s auxquelles le pays est expos\u00e9. Elles permettront aussi de promouvoir la mutualisation des efforts entre les diff\u00e9rents acteurs impliqu\u00e9s afin de renforcer l\u2019efficacit\u00e9 et la coordination de la lutte, ainsi que le dispositif national de LBC\/FT.<\/p>\n\n\n\n<p>Par ailleurs, ces assises mettront en lumi\u00e8re l\u2019importance de l\u2019implication de toutes les parties prenantes dans la mise en \u0153uvre effective de la Strat\u00e9gie nationale de lutte contre le blanchiment de capitaux et le financement du terrorisme.<\/p>\n\n\n\n<p>Il convient de rappeler que le COLUB constitue l\u2019organe technique charg\u00e9 de d\u00e9finir et de coordonner la strat\u00e9gie nationale de lutte contre le blanchiment de capitaux et le financement du terrorisme et de la prolif\u00e9ration en R\u00e9publique d\u00e9mocratique du Congo. Cette structure a \u00e9t\u00e9 r\u00e9organis\u00e9e par le d\u00e9cret n\u00b023\/28 du 12 ao\u00fbt 2023, dans le but de renforcer l\u2019efficacit\u00e9 du dispositif national face aux d\u00e9fis croissants li\u00e9s aux flux financiers illicites.<\/p>\n\n\n\n<p>Jo\u00ebl Diawa<\/p>\n","protected":false},"excerpt":{"rendered":"<p>R\u00e9daction: +243 817 406 088 Sous le haut patronage du Ministre des Finances, les 10\u1d49&#8230;<\/p>\n","protected":false},"author":2,"featured_media":18035,"comment_status":"open","ping_status":"open","sticky":false,"template":"","format":"standard","meta":{"_jetpack_memberships_contains_paid_content":false,"footnotes":""},"categories":[4],"tags":[],"class_list":["post-18033","post","type-post","status-publish","format-standard","has-post-thumbnail","hentry","category-eco"],"yoast_head":"<!-- This site is optimized with the Yoast SEO plugin v27.5 - https:\/\/yoast.com\/product\/yoast-seo-wordpress\/ -->\n<title>Kinshasa accueille les 10\u1d49 assises du COLUB : la RDC veut renforcer sa strat\u00e9gie dans la lutte contre le blanchiment de capitaux et financement du terrorisme - Infos Droits Humains<\/title>\n<meta name=\"robots\" content=\"index, follow, max-snippet:-1, max-image-preview:large, max-video-preview:-1\" \/>\n<link rel=\"canonical\" href=\"https:\/\/infos-droitshumains.net\/?p=18033\" \/>\n<meta property=\"og:locale\" content=\"fr_FR\" \/>\n<meta property=\"og:type\" content=\"article\" \/>\n<meta property=\"og:title\" content=\"Kinshasa accueille les 10\u1d49 assises du COLUB : la RDC veut renforcer sa strat\u00e9gie dans la lutte contre le blanchiment de capitaux et financement du terrorisme - Infos Droits Humains\" \/>\n<meta property=\"og:description\" content=\"R\u00e9daction: +243 817 406 088 Sous le haut patronage du Ministre des Finances, les 10\u1d49...\" \/>\n<meta property=\"og:url\" content=\"https:\/\/infos-droitshumains.net\/?p=18033\" \/>\n<meta property=\"og:site_name\" content=\"Infos Droits Humains\" \/>\n<meta property=\"article:published_time\" content=\"2026-03-05T19:36:37+00:00\" \/>\n<meta property=\"article:modified_time\" content=\"2026-03-06T07:02:39+00:00\" \/>\n<meta property=\"og:image\" content=\"https:\/\/infos-droitshumains.net\/wp-content\/uploads\/2026\/03\/IMG-20260226-WA0041.jpg\" \/>\n\t<meta property=\"og:image:width\" content=\"1600\" \/>\n\t<meta property=\"og:image:height\" content=\"1205\" \/>\n\t<meta property=\"og:image:type\" content=\"image\/jpeg\" \/>\n<meta name=\"author\" content=\"Jo\u00ebl Diawa\" \/>\n<meta name=\"twitter:card\" content=\"summary_large_image\" \/>\n<meta name=\"twitter:label1\" content=\"\u00c9crit par\" \/>\n\t<meta name=\"twitter:data1\" content=\"Jo\u00ebl Diawa\" \/>\n\t<meta name=\"twitter:label2\" content=\"Dur\u00e9e de lecture estim\u00e9e\" \/>\n\t<meta name=\"twitter:data2\" content=\"3 minutes\" \/>\n<script type=\"application\/ld+json\" class=\"yoast-schema-graph\">{\"@context\":\"https:\\\/\\\/schema.org\",\"@graph\":[{\"@type\":\"Article\",\"@id\":\"https:\\\/\\\/infos-droitshumains.net\\\/?p=18033#article\",\"isPartOf\":{\"@id\":\"https:\\\/\\\/infos-droitshumains.net\\\/?p=18033\"},\"author\":{\"name\":\"Jo\u00ebl Diawa\",\"@id\":\"https:\\\/\\\/infos-droitshumains.net\\\/#\\\/schema\\\/person\\\/3dc5e921c3302172e0ed4362f96faab7\"},\"headline\":\"Kinshasa accueille les 10\u1d49 assises du COLUB : la RDC veut renforcer sa strat\u00e9gie dans la lutte contre le blanchiment de capitaux et financement du terrorisme\",\"datePublished\":\"2026-03-05T19:36:37+00:00\",\"dateModified\":\"2026-03-06T07:02:39+00:00\",\"mainEntityOfPage\":{\"@id\":\"https:\\\/\\\/infos-droitshumains.net\\\/?p=18033\"},\"wordCount\":565,\"commentCount\":0,\"publisher\":{\"@id\":\"https:\\\/\\\/infos-droitshumains.net\\\/#organization\"},\"image\":{\"@id\":\"https:\\\/\\\/infos-droitshumains.net\\\/?p=18033#primaryimage\"},\"thumbnailUrl\":\"https:\\\/\\\/i0.wp.com\\\/infos-droitshumains.net\\\/wp-content\\\/uploads\\\/2026\\\/03\\\/IMG-20260226-WA0041.jpg?fit=1600%2C1205&ssl=1\",\"articleSection\":[\"Economie\"],\"inLanguage\":\"fr-FR\",\"potentialAction\":[{\"@type\":\"CommentAction\",\"name\":\"Comment\",\"target\":[\"https:\\\/\\\/infos-droitshumains.net\\\/?p=18033#respond\"]}]},{\"@type\":\"WebPage\",\"@id\":\"https:\\\/\\\/infos-droitshumains.net\\\/?p=18033\",\"url\":\"https:\\\/\\\/infos-droitshumains.net\\\/?p=18033\",\"name\":\"Kinshasa accueille les 10\u1d49 assises du COLUB : la RDC veut renforcer sa strat\u00e9gie dans la lutte contre le blanchiment de capitaux et financement du terrorisme - Infos Droits Humains\",\"isPartOf\":{\"@id\":\"https:\\\/\\\/infos-droitshumains.net\\\/#website\"},\"primaryImageOfPage\":{\"@id\":\"https:\\\/\\\/infos-droitshumains.net\\\/?p=18033#primaryimage\"},\"image\":{\"@id\":\"https:\\\/\\\/infos-droitshumains.net\\\/?p=18033#primaryimage\"},\"thumbnailUrl\":\"https:\\\/\\\/i0.wp.com\\\/infos-droitshumains.net\\\/wp-content\\\/uploads\\\/2026\\\/03\\\/IMG-20260226-WA0041.jpg?fit=1600%2C1205&ssl=1\",\"datePublished\":\"2026-03-05T19:36:37+00:00\",\"dateModified\":\"2026-03-06T07:02:39+00:00\",\"breadcrumb\":{\"@id\":\"https:\\\/\\\/infos-droitshumains.net\\\/?p=18033#breadcrumb\"},\"inLanguage\":\"fr-FR\",\"potentialAction\":[{\"@type\":\"ReadAction\",\"target\":[\"https:\\\/\\\/infos-droitshumains.net\\\/?p=18033\"]}]},{\"@type\":\"ImageObject\",\"inLanguage\":\"fr-FR\",\"@id\":\"https:\\\/\\\/infos-droitshumains.net\\\/?p=18033#primaryimage\",\"url\":\"https:\\\/\\\/i0.wp.com\\\/infos-droitshumains.net\\\/wp-content\\\/uploads\\\/2026\\\/03\\\/IMG-20260226-WA0041.jpg?fit=1600%2C1205&ssl=1\",\"contentUrl\":\"https:\\\/\\\/i0.wp.com\\\/infos-droitshumains.net\\\/wp-content\\\/uploads\\\/2026\\\/03\\\/IMG-20260226-WA0041.jpg?fit=1600%2C1205&ssl=1\",\"width\":1600,\"height\":1205},{\"@type\":\"BreadcrumbList\",\"@id\":\"https:\\\/\\\/infos-droitshumains.net\\\/?p=18033#breadcrumb\",\"itemListElement\":[{\"@type\":\"ListItem\",\"position\":1,\"name\":\"Accueil\",\"item\":\"https:\\\/\\\/infos-droitshumains.net\\\/\"},{\"@type\":\"ListItem\",\"position\":2,\"name\":\"Kinshasa accueille les 10\u1d49 assises du COLUB : la RDC veut renforcer sa strat\u00e9gie dans la lutte contre le blanchiment de capitaux et financement du terrorisme\"}]},{\"@type\":\"WebSite\",\"@id\":\"https:\\\/\\\/infos-droitshumains.net\\\/#website\",\"url\":\"https:\\\/\\\/infos-droitshumains.net\\\/\",\"name\":\"Infos Droits Humains\",\"description\":\"S&#039;informer est un droit\",\"publisher\":{\"@id\":\"https:\\\/\\\/infos-droitshumains.net\\\/#organization\"},\"potentialAction\":[{\"@type\":\"SearchAction\",\"target\":{\"@type\":\"EntryPoint\",\"urlTemplate\":\"https:\\\/\\\/infos-droitshumains.net\\\/?s={search_term_string}\"},\"query-input\":{\"@type\":\"PropertyValueSpecification\",\"valueRequired\":true,\"valueName\":\"search_term_string\"}}],\"inLanguage\":\"fr-FR\"},{\"@type\":\"Organization\",\"@id\":\"https:\\\/\\\/infos-droitshumains.net\\\/#organization\",\"name\":\"Infos Droits Humains\",\"url\":\"https:\\\/\\\/infos-droitshumains.net\\\/\",\"logo\":{\"@type\":\"ImageObject\",\"inLanguage\":\"fr-FR\",\"@id\":\"https:\\\/\\\/infos-droitshumains.net\\\/#\\\/schema\\\/logo\\\/image\\\/\",\"url\":\"https:\\\/\\\/i0.wp.com\\\/infos-droitshumains.net\\\/wp-content\\\/uploads\\\/2022\\\/05\\\/Logo.png?fit=333%2C129&ssl=1\",\"contentUrl\":\"https:\\\/\\\/i0.wp.com\\\/infos-droitshumains.net\\\/wp-content\\\/uploads\\\/2022\\\/05\\\/Logo.png?fit=333%2C129&ssl=1\",\"width\":333,\"height\":129,\"caption\":\"Infos Droits Humains\"},\"image\":{\"@id\":\"https:\\\/\\\/infos-droitshumains.net\\\/#\\\/schema\\\/logo\\\/image\\\/\"}},{\"@type\":\"Person\",\"@id\":\"https:\\\/\\\/infos-droitshumains.net\\\/#\\\/schema\\\/person\\\/3dc5e921c3302172e0ed4362f96faab7\",\"name\":\"Jo\u00ebl Diawa\",\"image\":{\"@type\":\"ImageObject\",\"inLanguage\":\"fr-FR\",\"@id\":\"https:\\\/\\\/secure.gravatar.com\\\/avatar\\\/729bea6ff4604c624417803c477363be8e3c7186deaa65713313f9b4b820f41c?s=96&d=mm&r=g\",\"url\":\"https:\\\/\\\/secure.gravatar.com\\\/avatar\\\/729bea6ff4604c624417803c477363be8e3c7186deaa65713313f9b4b820f41c?s=96&d=mm&r=g\",\"contentUrl\":\"https:\\\/\\\/secure.gravatar.com\\\/avatar\\\/729bea6ff4604c624417803c477363be8e3c7186deaa65713313f9b4b820f41c?s=96&d=mm&r=g\",\"caption\":\"Jo\u00ebl Diawa\"},\"sameAs\":[\"https:\\\/\\\/www.infos-droitshumains.net\"],\"url\":\"https:\\\/\\\/infos-droitshumains.net\\\/?author=2\"}]}<\/script>\n<!-- \/ Yoast SEO plugin. -->","yoast_head_json":{"title":"Kinshasa accueille les 10\u1d49 assises du COLUB : la RDC veut renforcer sa strat\u00e9gie dans la lutte contre le blanchiment de capitaux et financement du terrorisme - Infos Droits Humains","robots":{"index":"index","follow":"follow","max-snippet":"max-snippet:-1","max-image-preview":"max-image-preview:large","max-video-preview":"max-video-preview:-1"},"canonical":"https:\/\/infos-droitshumains.net\/?p=18033","og_locale":"fr_FR","og_type":"article","og_title":"Kinshasa accueille les 10\u1d49 assises du COLUB : la RDC veut renforcer sa strat\u00e9gie dans la lutte contre le blanchiment de capitaux et financement du terrorisme - Infos Droits Humains","og_description":"R\u00e9daction: +243 817 406 088 Sous le haut patronage du Ministre des Finances, les 10\u1d49...","og_url":"https:\/\/infos-droitshumains.net\/?p=18033","og_site_name":"Infos Droits Humains","article_published_time":"2026-03-05T19:36:37+00:00","article_modified_time":"2026-03-06T07:02:39+00:00","og_image":[{"width":1600,"height":1205,"url":"https:\/\/infos-droitshumains.net\/wp-content\/uploads\/2026\/03\/IMG-20260226-WA0041.jpg","type":"image\/jpeg"}],"author":"Jo\u00ebl Diawa","twitter_card":"summary_large_image","twitter_misc":{"\u00c9crit par":"Jo\u00ebl Diawa","Dur\u00e9e de lecture estim\u00e9e":"3 minutes"},"schema":{"@context":"https:\/\/schema.org","@graph":[{"@type":"Article","@id":"https:\/\/infos-droitshumains.net\/?p=18033#article","isPartOf":{"@id":"https:\/\/infos-droitshumains.net\/?p=18033"},"author":{"name":"Jo\u00ebl Diawa","@id":"https:\/\/infos-droitshumains.net\/#\/schema\/person\/3dc5e921c3302172e0ed4362f96faab7"},"headline":"Kinshasa accueille les 10\u1d49 assises du COLUB : la RDC veut renforcer sa strat\u00e9gie dans la lutte contre le blanchiment de capitaux et financement du terrorisme","datePublished":"2026-03-05T19:36:37+00:00","dateModified":"2026-03-06T07:02:39+00:00","mainEntityOfPage":{"@id":"https:\/\/infos-droitshumains.net\/?p=18033"},"wordCount":565,"commentCount":0,"publisher":{"@id":"https:\/\/infos-droitshumains.net\/#organization"},"image":{"@id":"https:\/\/infos-droitshumains.net\/?p=18033#primaryimage"},"thumbnailUrl":"https:\/\/i0.wp.com\/infos-droitshumains.net\/wp-content\/uploads\/2026\/03\/IMG-20260226-WA0041.jpg?fit=1600%2C1205&ssl=1","articleSection":["Economie"],"inLanguage":"fr-FR","potentialAction":[{"@type":"CommentAction","name":"Comment","target":["https:\/\/infos-droitshumains.net\/?p=18033#respond"]}]},{"@type":"WebPage","@id":"https:\/\/infos-droitshumains.net\/?p=18033","url":"https:\/\/infos-droitshumains.net\/?p=18033","name":"Kinshasa accueille les 10\u1d49 assises du COLUB : la RDC veut renforcer sa strat\u00e9gie dans la lutte contre le blanchiment de capitaux et financement du terrorisme - Infos Droits Humains","isPartOf":{"@id":"https:\/\/infos-droitshumains.net\/#website"},"primaryImageOfPage":{"@id":"https:\/\/infos-droitshumains.net\/?p=18033#primaryimage"},"image":{"@id":"https:\/\/infos-droitshumains.net\/?p=18033#primaryimage"},"thumbnailUrl":"https:\/\/i0.wp.com\/infos-droitshumains.net\/wp-content\/uploads\/2026\/03\/IMG-20260226-WA0041.jpg?fit=1600%2C1205&ssl=1","datePublished":"2026-03-05T19:36:37+00:00","dateModified":"2026-03-06T07:02:39+00:00","breadcrumb":{"@id":"https:\/\/infos-droitshumains.net\/?p=18033#breadcrumb"},"inLanguage":"fr-FR","potentialAction":[{"@type":"ReadAction","target":["https:\/\/infos-droitshumains.net\/?p=18033"]}]},{"@type":"ImageObject","inLanguage":"fr-FR","@id":"https:\/\/infos-droitshumains.net\/?p=18033#primaryimage","url":"https:\/\/i0.wp.com\/infos-droitshumains.net\/wp-content\/uploads\/2026\/03\/IMG-20260226-WA0041.jpg?fit=1600%2C1205&ssl=1","contentUrl":"https:\/\/i0.wp.com\/infos-droitshumains.net\/wp-content\/uploads\/2026\/03\/IMG-20260226-WA0041.jpg?fit=1600%2C1205&ssl=1","width":1600,"height":1205},{"@type":"BreadcrumbList","@id":"https:\/\/infos-droitshumains.net\/?p=18033#breadcrumb","itemListElement":[{"@type":"ListItem","position":1,"name":"Accueil","item":"https:\/\/infos-droitshumains.net\/"},{"@type":"ListItem","position":2,"name":"Kinshasa accueille les 10\u1d49 assises du COLUB : la RDC veut renforcer sa strat\u00e9gie dans la lutte contre le blanchiment de capitaux et financement du terrorisme"}]},{"@type":"WebSite","@id":"https:\/\/infos-droitshumains.net\/#website","url":"https:\/\/infos-droitshumains.net\/","name":"Infos Droits Humains","description":"S&#039;informer est un droit","publisher":{"@id":"https:\/\/infos-droitshumains.net\/#organization"},"potentialAction":[{"@type":"SearchAction","target":{"@type":"EntryPoint","urlTemplate":"https:\/\/infos-droitshumains.net\/?s={search_term_string}"},"query-input":{"@type":"PropertyValueSpecification","valueRequired":true,"valueName":"search_term_string"}}],"inLanguage":"fr-FR"},{"@type":"Organization","@id":"https:\/\/infos-droitshumains.net\/#organization","name":"Infos Droits Humains","url":"https:\/\/infos-droitshumains.net\/","logo":{"@type":"ImageObject","inLanguage":"fr-FR","@id":"https:\/\/infos-droitshumains.net\/#\/schema\/logo\/image\/","url":"https:\/\/i0.wp.com\/infos-droitshumains.net\/wp-content\/uploads\/2022\/05\/Logo.png?fit=333%2C129&ssl=1","contentUrl":"https:\/\/i0.wp.com\/infos-droitshumains.net\/wp-content\/uploads\/2022\/05\/Logo.png?fit=333%2C129&ssl=1","width":333,"height":129,"caption":"Infos Droits Humains"},"image":{"@id":"https:\/\/infos-droitshumains.net\/#\/schema\/logo\/image\/"}},{"@type":"Person","@id":"https:\/\/infos-droitshumains.net\/#\/schema\/person\/3dc5e921c3302172e0ed4362f96faab7","name":"Jo\u00ebl Diawa","image":{"@type":"ImageObject","inLanguage":"fr-FR","@id":"https:\/\/secure.gravatar.com\/avatar\/729bea6ff4604c624417803c477363be8e3c7186deaa65713313f9b4b820f41c?s=96&d=mm&r=g","url":"https:\/\/secure.gravatar.com\/avatar\/729bea6ff4604c624417803c477363be8e3c7186deaa65713313f9b4b820f41c?s=96&d=mm&r=g","contentUrl":"https:\/\/secure.gravatar.com\/avatar\/729bea6ff4604c624417803c477363be8e3c7186deaa65713313f9b4b820f41c?s=96&d=mm&r=g","caption":"Jo\u00ebl Diawa"},"sameAs":["https:\/\/www.infos-droitshumains.net"],"url":"https:\/\/infos-droitshumains.net\/?author=2"}]}},"featured_image_urls":{"full":["https:\/\/i0.wp.com\/infos-droitshumains.net\/wp-content\/uploads\/2026\/03\/IMG-20260226-WA0041.jpg?fit=1600%2C1205&ssl=1",1600,1205,false],"thumbnail":["https:\/\/i0.wp.com\/infos-droitshumains.net\/wp-content\/uploads\/2026\/03\/IMG-20260226-WA0041.jpg?resize=150%2C150&ssl=1",150,150,true],"medium":["https:\/\/i0.wp.com\/infos-droitshumains.net\/wp-content\/uploads\/2026\/03\/IMG-20260226-WA0041.jpg?fit=300%2C226&ssl=1",300,226,true],"medium_large":["https:\/\/i0.wp.com\/infos-droitshumains.net\/wp-content\/uploads\/2026\/03\/IMG-20260226-WA0041.jpg?fit=640%2C482&ssl=1",640,482,true],"large":["https:\/\/i0.wp.com\/infos-droitshumains.net\/wp-content\/uploads\/2026\/03\/IMG-20260226-WA0041.jpg?fit=640%2C482&ssl=1",640,482,true],"1536x1536":["https:\/\/i0.wp.com\/infos-droitshumains.net\/wp-content\/uploads\/2026\/03\/IMG-20260226-WA0041.jpg?fit=1536%2C1157&ssl=1",1536,1157,true],"2048x2048":["https:\/\/i0.wp.com\/infos-droitshumains.net\/wp-content\/uploads\/2026\/03\/IMG-20260226-WA0041.jpg?fit=1600%2C1205&ssl=1",1600,1205,true],"covernews-slider-full":["https:\/\/i0.wp.com\/infos-droitshumains.net\/wp-content\/uploads\/2026\/03\/IMG-20260226-WA0041.jpg?resize=1115%2C715&ssl=1",1115,715,true],"covernews-slider-center":["https:\/\/i0.wp.com\/infos-droitshumains.net\/wp-content\/uploads\/2026\/03\/IMG-20260226-WA0041.jpg?resize=800%2C500&ssl=1",800,500,true],"covernews-featured":["https:\/\/i0.wp.com\/infos-droitshumains.net\/wp-content\/uploads\/2026\/03\/IMG-20260226-WA0041.jpg?fit=1024%2C771&ssl=1",1024,771,true],"covernews-medium":["https:\/\/i0.wp.com\/infos-droitshumains.net\/wp-content\/uploads\/2026\/03\/IMG-20260226-WA0041.jpg?resize=540%2C340&ssl=1",540,340,true],"covernews-medium-square":["https:\/\/i0.wp.com\/infos-droitshumains.net\/wp-content\/uploads\/2026\/03\/IMG-20260226-WA0041.jpg?resize=400%2C250&ssl=1",400,250,true]},"author_info":{"display_name":"Jo\u00ebl Diawa","author_link":"https:\/\/infos-droitshumains.net\/?author=2"},"category_info":"<a href=\"https:\/\/infos-droitshumains.net\/?cat=4\" rel=\"category\">Economie<\/a>","tag_info":"Economie","comment_count":"0","jetpack_featured_media_url":"https:\/\/i0.wp.com\/infos-droitshumains.net\/wp-content\/uploads\/2026\/03\/IMG-20260226-WA0041.jpg?fit=1600%2C1205&ssl=1","jetpack-related-posts":[],"jetpack_sharing_enabled":true,"_links":{"self":[{"href":"https:\/\/infos-droitshumains.net\/index.php?rest_route=\/wp\/v2\/posts\/18033","targetHints":{"allow":["GET"]}}],"collection":[{"href":"https:\/\/infos-droitshumains.net\/index.php?rest_route=\/wp\/v2\/posts"}],"about":[{"href":"https:\/\/infos-droitshumains.net\/index.php?rest_route=\/wp\/v2\/types\/post"}],"author":[{"embeddable":true,"href":"https:\/\/infos-droitshumains.net\/index.php?rest_route=\/wp\/v2\/users\/2"}],"replies":[{"embeddable":true,"href":"https:\/\/infos-droitshumains.net\/index.php?rest_route=%2Fwp%2Fv2%2Fcomments&post=18033"}],"version-history":[{"count":2,"href":"https:\/\/infos-droitshumains.net\/index.php?rest_route=\/wp\/v2\/posts\/18033\/revisions"}],"predecessor-version":[{"id":18037,"href":"https:\/\/infos-droitshumains.net\/index.php?rest_route=\/wp\/v2\/posts\/18033\/revisions\/18037"}],"wp:featuredmedia":[{"embeddable":true,"href":"https:\/\/infos-droitshumains.net\/index.php?rest_route=\/wp\/v2\/media\/18035"}],"wp:attachment":[{"href":"https:\/\/infos-droitshumains.net\/index.php?rest_route=%2Fwp%2Fv2%2Fmedia&parent=18033"}],"wp:term":[{"taxonomy":"category","embeddable":true,"href":"https:\/\/infos-droitshumains.net\/index.php?rest_route=%2Fwp%2Fv2%2Fcategories&post=18033"},{"taxonomy":"post_tag","embeddable":true,"href":"https:\/\/infos-droitshumains.net\/index.php?rest_route=%2Fwp%2Fv2%2Ftags&post=18033"}],"curies":[{"name":"wp","href":"https:\/\/api.w.org\/{rel}","templated":true}]}}