{"id":18029,"date":"2026-03-05T08:30:02","date_gmt":"2026-03-05T07:30:02","guid":{"rendered":"https:\/\/infos-droitshumains.net\/?p=18029"},"modified":"2026-03-05T09:38:23","modified_gmt":"2026-03-05T08:38:23","slug":"rdc-la-condamnation-de-me-freddy-ntumba-denoncee-par-lacaj-qui-redoute-une-menace-contre-lindependance-des-avocats","status":"publish","type":"post","link":"https:\/\/infos-droitshumains.net\/?p=18029","title":{"rendered":"RDC : la condamnation de Me Freddy Ntumba d\u00e9nonc\u00e9e par l\u2019ACAJ, qui redoute une menace contre l\u2019ind\u00e9pendance des avocats"},"content":{"rendered":"\n<p><strong>R\u00e9daction: +243 817 406 088<\/strong><\/p>\n\n\n\n<h3 class=\"wp-block-heading has-vivid-red-color has-text-color has-link-color wp-elements-b14327426f611fe84858abca55343683\">L\u2019Association Congolaise pour l\u2019Acc\u00e8s \u00e0 la Justice (ACAJ) a exprim\u00e9 sa vive inqui\u00e9tude apr\u00e8s la condamnation de Me Freddy Ntumba Mukendi Mpunga, avocat au Barreau de Kinshasa\/Gombe, estimant que cette d\u00e9cision judiciaire pourrait constituer un pr\u00e9c\u00e9dent <strong><em>\u2018\u2019dangereux\u2019\u2019<\/em><\/strong> pour l\u2019exercice de la profession d\u2019avocat en R\u00e9publique d\u00e9mocratique du Congo.<\/h3>\n\n\n\n<p>Le 7 f\u00e9vrier dernier, le Tribunal de Paix de Kinshasa\/Gombe a condamn\u00e9 l\u2019avocat \u00e0 8 ans de servitude p\u00e9nale principale, assortis d\u2019une amende de 500.000 francs congolais, avec arrestation imm\u00e9diate. La juridiction a retenu contre lui les infractions de tentative d\u2019escroquerie, faux et usage de faux ainsi que r\u00e9bellion.<\/p>\n\n\n\n<p>Cette affaire s\u2019inscrit dans un litige opposant Rawbank SA \u00e0 certains de ses cr\u00e9anciers. Selon les \u00e9l\u00e9ments rapport\u00e9s par l\u2019ACAJ dans un communiqu\u00e9 publi\u00e9 le 5 f\u00e9vrier 2025, les actes pos\u00e9s par l\u2019avocat l\u2019auraient \u00e9t\u00e9 dans le cadre <strong><em>\u2018\u2019strict\u2019\u2019<\/em><\/strong> du mandat re\u00e7u de ses clients.<\/p>\n\n\n\n<p>En effet, Me Ntumba agissait pour le compte des liquidateurs des successions Mwamba Bonso Bakajika et Mupompa Kakese, dans le cadre d\u2019une proc\u00e9dure d\u2019ex\u00e9cution d\u2019un jugement rendu par le Tribunal de Commerce de Lubumbashi. Ce jugement, prononc\u00e9 le 17 septembre 2012 sous le num\u00e9ro RAC 885, avait condamn\u00e9 Rawbank, en qualit\u00e9 de tiers saisi et solidairement avec le d\u00e9biteur principal Charles Brown, \u00e0 payer la somme de 2.430.000 dollars am\u00e9ricains aux ayants droit des deux d\u00e9funts.<\/p>\n\n\n\n<p>Sur la base de ce jugement, une proc\u00e9dure de saisie immobili\u00e8re avait \u00e9t\u00e9 engag\u00e9e par l\u2019interm\u00e9diaire d\u2019un huissier de justice afin de mettre sous-main de justice un immeuble appartenant \u00e0 la banque.<\/p>\n\n\n\n<p>De son c\u00f4t\u00e9, Rawbank a contest\u00e9 la r\u00e9gularit\u00e9 de l\u2019exploit de commandement pr\u00e9alable \u00e0 la saisie immobili\u00e8re. La banque soutient notamment que le jugement utilis\u00e9 comme base de la proc\u00e9dure aurait \u00e9t\u00e9 annul\u00e9 par la Cour de cassation, si\u00e9geant en mati\u00e8re de prise \u00e0 partie pour dol.<\/p>\n\n\n\n<p>Selon la banque, l\u2019avocat poursuivi aurait ainsi tent\u00e9 d\u2019engager une proc\u00e9dure sur la base d\u2019un jugement inexistant, ce qui constituerait une tentative d\u2019escroquerie, accompagn\u00e9e d\u2019un faux en \u00e9criture et d\u2019une tentative de stellionat, l\u2019op\u00e9ration visant, selon elle, la vente <strong><em>\u2018\u2019frauduleuse\u2019\u2019<\/em><\/strong> d\u2019un immeuble appartenant \u00e0 autrui.<\/p>\n\n\n\n<p>L\u2019ACAJ estime cependant que la proc\u00e9dure ayant conduit \u00e0 la condamnation de l\u2019avocat ne respecte pas les r\u00e8gles d\u2019un proc\u00e8s \u00e9quitable. Dans son communiqu\u00e9, l\u2019organisation souligne que les actes pos\u00e9s par Me Ntumba relevaient de l\u2019exercice normal de son minist\u00e8re d\u2019avocat.<\/p>\n\n\n\n<p><em>\u00ab Cette condamnation constitue un pr\u00e9c\u00e9dent f\u00e2cheux et ins\u00e9curise d\u00e9sormais la profession d\u2019avocat en infligeant une lourde sanction p\u00e9nale \u00e0 un avocat pour des d\u00e9marches accomplies dans l\u2019exercice de son mandat \u00bb<\/em>, indique l\u2019ACAJ.<\/p>\n\n\n\n<p>L\u2019organisation rappelle \u00e9galement que l\u2019article 73 alin\u00e9a 1 de l\u2019ordonnance-loi n\u00b079-028 du 28 septembre 1979 prot\u00e8ge l\u2019avocat contre toute responsabilit\u00e9 pour les actes accomplis r\u00e9guli\u00e8rement au nom de son mandant. Pour l\u2019ACAJ, les faits reproch\u00e9s \u00e0 l\u2019avocat ne rel\u00e8vent pas du droit p\u00e9nal, mais plut\u00f4t d\u2019une <em>\u2018\u2019proc\u00e9dure d\u2019ex\u00e9cution forc\u00e9e\u2019\u2019<\/em> r\u00e9gie par l\u2019Acte uniforme portant Organisation des Proc\u00e9dures Simplifi\u00e9es de Recouvrement et des Voies d\u2019Ex\u00e9cution.<\/p>\n\n\n\n<p>L\u2019organisation estime que Rawbank disposait de voies de recours appropri\u00e9es pour contester la r\u00e9gularit\u00e9 de l\u2019acte de saisie.<\/p>\n\n\n\n<p><em>\u00ab Il appartenait \u00e0 la Rawbank de recourir aux dispositions des articles 298 et suivants de cet acte uniforme afin de contester la r\u00e9gularit\u00e9 de l\u2019acte et en obtenir \u00e9ventuellement l\u2019annulation, plut\u00f4t que de saisir la juridiction p\u00e9nale \u00bb<\/em>, souligne l\u2019ACAJ.<\/p>\n\n\n\n<p>L\u2019association consid\u00e8re par ailleurs que la responsabilit\u00e9 li\u00e9e \u00e0 la signification de l\u2019exploit de commandement incombe en principe \u00e0 l\u2019huissier de justice instrumentant, mettant en garde contre ce qu\u2019elle consid\u00e8re comme une <em>\u2018\u2019d\u00e9rive\u2019\u2019<\/em> susceptible de fragiliser l\u2019ind\u00e9pendance de la profession d\u2019avocat en RDC.<\/p>\n\n\n\n<p><em>\u00ab Le recours \u00e0 la proc\u00e9dure p\u00e9nale contre un avocat ayant agi au nom et pour le compte de ses clients proc\u00e8de de m\u00e9thodes d\u2019intimidation et place d\u00e9sormais la profession d\u2019avocat dans une ins\u00e9curit\u00e9 totale \u00bb<\/em>, affirme l\u2019organisation.<\/p>\n\n\n\n<p>Face \u00e0 cette situation, l\u2019ACAJ appelle les institutions judiciaires et les instances professionnelles \u00e0 r\u00e9agir. L\u2019organisation recommande notamment au Conseil Sup\u00e9rieur de la Magistrature de veiller \u00e0 ce que les magistrats rendent la justice avec impartialit\u00e9 ; aux diff\u00e9rents barreaux congolais de d\u00e9fendre par toutes les voies de droit l\u2019ind\u00e9pendance du minist\u00e8re de l\u2019avocat.<\/p>\n\n\n\n<p>Pour l\u2019ACAJ, cette affaire soul\u00e8ve des questions cruciales sur la protection juridique des avocats dans l\u2019exercice de leurs fonctions et sur l\u2019\u00e9quilibre entre poursuites p\u00e9nales et proc\u00e9dures civiles dans les litiges d\u2019ex\u00e9cution.<\/p>\n\n\n\n<p>Jo\u00ebl Diawa<\/p>\n","protected":false},"excerpt":{"rendered":"<p>R\u00e9daction: +243 817 406 088 L\u2019Association Congolaise pour l\u2019Acc\u00e8s \u00e0 la Justice (ACAJ) a exprim\u00e9&#8230;<\/p>\n","protected":false},"author":2,"featured_media":18032,"comment_status":"open","ping_status":"open","sticky":false,"template":"","format":"standard","meta":{"_jetpack_memberships_contains_paid_content":false,"footnotes":""},"categories":[6],"tags":[],"class_list":["post-18029","post","type-post","status-publish","format-standard","has-post-thumbnail","hentry","category-justice"],"yoast_head":"<!-- This site is optimized with the Yoast SEO plugin v27.5 - https:\/\/yoast.com\/product\/yoast-seo-wordpress\/ -->\n<title>RDC : la condamnation de Me Freddy Ntumba d\u00e9nonc\u00e9e par l\u2019ACAJ, qui redoute une menace contre l\u2019ind\u00e9pendance des avocats - Infos Droits Humains<\/title>\n<meta name=\"robots\" content=\"index, follow, max-snippet:-1, max-image-preview:large, max-video-preview:-1\" \/>\n<link rel=\"canonical\" href=\"https:\/\/infos-droitshumains.net\/?p=18029\" \/>\n<meta property=\"og:locale\" content=\"fr_FR\" \/>\n<meta property=\"og:type\" content=\"article\" \/>\n<meta property=\"og:title\" content=\"RDC : la condamnation de Me Freddy Ntumba d\u00e9nonc\u00e9e par l\u2019ACAJ, qui redoute une menace contre l\u2019ind\u00e9pendance des avocats - Infos Droits Humains\" \/>\n<meta property=\"og:description\" content=\"R\u00e9daction: +243 817 406 088 L\u2019Association Congolaise pour l\u2019Acc\u00e8s \u00e0 la Justice (ACAJ) a exprim\u00e9...\" \/>\n<meta property=\"og:url\" content=\"https:\/\/infos-droitshumains.net\/?p=18029\" \/>\n<meta property=\"og:site_name\" content=\"Infos Droits Humains\" \/>\n<meta property=\"article:published_time\" content=\"2026-03-05T07:30:02+00:00\" \/>\n<meta property=\"article:modified_time\" content=\"2026-03-05T08:38:23+00:00\" \/>\n<meta property=\"og:image\" content=\"https:\/\/infos-droitshumains.net\/wp-content\/uploads\/2026\/03\/IMG-20260305-WA0015.jpg\" \/>\n\t<meta property=\"og:image:width\" content=\"1600\" \/>\n\t<meta property=\"og:image:height\" content=\"900\" \/>\n\t<meta property=\"og:image:type\" content=\"image\/jpeg\" \/>\n<meta name=\"author\" content=\"Jo\u00ebl Diawa\" \/>\n<meta name=\"twitter:card\" content=\"summary_large_image\" \/>\n<meta name=\"twitter:label1\" content=\"\u00c9crit par\" \/>\n\t<meta name=\"twitter:data1\" content=\"Jo\u00ebl Diawa\" \/>\n\t<meta name=\"twitter:label2\" content=\"Dur\u00e9e de lecture estim\u00e9e\" \/>\n\t<meta name=\"twitter:data2\" content=\"4 minutes\" \/>\n<script type=\"application\/ld+json\" class=\"yoast-schema-graph\">{\"@context\":\"https:\\\/\\\/schema.org\",\"@graph\":[{\"@type\":\"Article\",\"@id\":\"https:\\\/\\\/infos-droitshumains.net\\\/?p=18029#article\",\"isPartOf\":{\"@id\":\"https:\\\/\\\/infos-droitshumains.net\\\/?p=18029\"},\"author\":{\"name\":\"Jo\u00ebl Diawa\",\"@id\":\"https:\\\/\\\/infos-droitshumains.net\\\/#\\\/schema\\\/person\\\/3dc5e921c3302172e0ed4362f96faab7\"},\"headline\":\"RDC : la condamnation de Me Freddy Ntumba d\u00e9nonc\u00e9e par l\u2019ACAJ, qui redoute une menace contre l\u2019ind\u00e9pendance des avocats\",\"datePublished\":\"2026-03-05T07:30:02+00:00\",\"dateModified\":\"2026-03-05T08:38:23+00:00\",\"mainEntityOfPage\":{\"@id\":\"https:\\\/\\\/infos-droitshumains.net\\\/?p=18029\"},\"wordCount\":856,\"commentCount\":0,\"publisher\":{\"@id\":\"https:\\\/\\\/infos-droitshumains.net\\\/#organization\"},\"image\":{\"@id\":\"https:\\\/\\\/infos-droitshumains.net\\\/?p=18029#primaryimage\"},\"thumbnailUrl\":\"https:\\\/\\\/i0.wp.com\\\/infos-droitshumains.net\\\/wp-content\\\/uploads\\\/2026\\\/03\\\/IMG-20260305-WA0015.jpg?fit=1600%2C900&ssl=1\",\"articleSection\":[\"Justice\"],\"inLanguage\":\"fr-FR\",\"potentialAction\":[{\"@type\":\"CommentAction\",\"name\":\"Comment\",\"target\":[\"https:\\\/\\\/infos-droitshumains.net\\\/?p=18029#respond\"]}]},{\"@type\":\"WebPage\",\"@id\":\"https:\\\/\\\/infos-droitshumains.net\\\/?p=18029\",\"url\":\"https:\\\/\\\/infos-droitshumains.net\\\/?p=18029\",\"name\":\"RDC : la condamnation de Me Freddy Ntumba d\u00e9nonc\u00e9e par l\u2019ACAJ, qui redoute une menace contre l\u2019ind\u00e9pendance des avocats - Infos Droits Humains\",\"isPartOf\":{\"@id\":\"https:\\\/\\\/infos-droitshumains.net\\\/#website\"},\"primaryImageOfPage\":{\"@id\":\"https:\\\/\\\/infos-droitshumains.net\\\/?p=18029#primaryimage\"},\"image\":{\"@id\":\"https:\\\/\\\/infos-droitshumains.net\\\/?p=18029#primaryimage\"},\"thumbnailUrl\":\"https:\\\/\\\/i0.wp.com\\\/infos-droitshumains.net\\\/wp-content\\\/uploads\\\/2026\\\/03\\\/IMG-20260305-WA0015.jpg?fit=1600%2C900&ssl=1\",\"datePublished\":\"2026-03-05T07:30:02+00:00\",\"dateModified\":\"2026-03-05T08:38:23+00:00\",\"breadcrumb\":{\"@id\":\"https:\\\/\\\/infos-droitshumains.net\\\/?p=18029#breadcrumb\"},\"inLanguage\":\"fr-FR\",\"potentialAction\":[{\"@type\":\"ReadAction\",\"target\":[\"https:\\\/\\\/infos-droitshumains.net\\\/?p=18029\"]}]},{\"@type\":\"ImageObject\",\"inLanguage\":\"fr-FR\",\"@id\":\"https:\\\/\\\/infos-droitshumains.net\\\/?p=18029#primaryimage\",\"url\":\"https:\\\/\\\/i0.wp.com\\\/infos-droitshumains.net\\\/wp-content\\\/uploads\\\/2026\\\/03\\\/IMG-20260305-WA0015.jpg?fit=1600%2C900&ssl=1\",\"contentUrl\":\"https:\\\/\\\/i0.wp.com\\\/infos-droitshumains.net\\\/wp-content\\\/uploads\\\/2026\\\/03\\\/IMG-20260305-WA0015.jpg?fit=1600%2C900&ssl=1\",\"width\":1600,\"height\":900},{\"@type\":\"BreadcrumbList\",\"@id\":\"https:\\\/\\\/infos-droitshumains.net\\\/?p=18029#breadcrumb\",\"itemListElement\":[{\"@type\":\"ListItem\",\"position\":1,\"name\":\"Accueil\",\"item\":\"https:\\\/\\\/infos-droitshumains.net\\\/\"},{\"@type\":\"ListItem\",\"position\":2,\"name\":\"RDC : la condamnation de Me Freddy Ntumba d\u00e9nonc\u00e9e par l\u2019ACAJ, qui redoute une menace contre l\u2019ind\u00e9pendance des avocats\"}]},{\"@type\":\"WebSite\",\"@id\":\"https:\\\/\\\/infos-droitshumains.net\\\/#website\",\"url\":\"https:\\\/\\\/infos-droitshumains.net\\\/\",\"name\":\"Infos Droits Humains\",\"description\":\"S&#039;informer est un droit\",\"publisher\":{\"@id\":\"https:\\\/\\\/infos-droitshumains.net\\\/#organization\"},\"potentialAction\":[{\"@type\":\"SearchAction\",\"target\":{\"@type\":\"EntryPoint\",\"urlTemplate\":\"https:\\\/\\\/infos-droitshumains.net\\\/?s={search_term_string}\"},\"query-input\":{\"@type\":\"PropertyValueSpecification\",\"valueRequired\":true,\"valueName\":\"search_term_string\"}}],\"inLanguage\":\"fr-FR\"},{\"@type\":\"Organization\",\"@id\":\"https:\\\/\\\/infos-droitshumains.net\\\/#organization\",\"name\":\"Infos Droits Humains\",\"url\":\"https:\\\/\\\/infos-droitshumains.net\\\/\",\"logo\":{\"@type\":\"ImageObject\",\"inLanguage\":\"fr-FR\",\"@id\":\"https:\\\/\\\/infos-droitshumains.net\\\/#\\\/schema\\\/logo\\\/image\\\/\",\"url\":\"https:\\\/\\\/i0.wp.com\\\/infos-droitshumains.net\\\/wp-content\\\/uploads\\\/2022\\\/05\\\/Logo.png?fit=333%2C129&ssl=1\",\"contentUrl\":\"https:\\\/\\\/i0.wp.com\\\/infos-droitshumains.net\\\/wp-content\\\/uploads\\\/2022\\\/05\\\/Logo.png?fit=333%2C129&ssl=1\",\"width\":333,\"height\":129,\"caption\":\"Infos Droits Humains\"},\"image\":{\"@id\":\"https:\\\/\\\/infos-droitshumains.net\\\/#\\\/schema\\\/logo\\\/image\\\/\"}},{\"@type\":\"Person\",\"@id\":\"https:\\\/\\\/infos-droitshumains.net\\\/#\\\/schema\\\/person\\\/3dc5e921c3302172e0ed4362f96faab7\",\"name\":\"Jo\u00ebl Diawa\",\"image\":{\"@type\":\"ImageObject\",\"inLanguage\":\"fr-FR\",\"@id\":\"https:\\\/\\\/secure.gravatar.com\\\/avatar\\\/729bea6ff4604c624417803c477363be8e3c7186deaa65713313f9b4b820f41c?s=96&d=mm&r=g\",\"url\":\"https:\\\/\\\/secure.gravatar.com\\\/avatar\\\/729bea6ff4604c624417803c477363be8e3c7186deaa65713313f9b4b820f41c?s=96&d=mm&r=g\",\"contentUrl\":\"https:\\\/\\\/secure.gravatar.com\\\/avatar\\\/729bea6ff4604c624417803c477363be8e3c7186deaa65713313f9b4b820f41c?s=96&d=mm&r=g\",\"caption\":\"Jo\u00ebl Diawa\"},\"sameAs\":[\"https:\\\/\\\/www.infos-droitshumains.net\"],\"url\":\"https:\\\/\\\/infos-droitshumains.net\\\/?author=2\"}]}<\/script>\n<!-- \/ Yoast SEO plugin. -->","yoast_head_json":{"title":"RDC : la condamnation de Me Freddy Ntumba d\u00e9nonc\u00e9e par l\u2019ACAJ, qui redoute une menace contre l\u2019ind\u00e9pendance des avocats - Infos Droits Humains","robots":{"index":"index","follow":"follow","max-snippet":"max-snippet:-1","max-image-preview":"max-image-preview:large","max-video-preview":"max-video-preview:-1"},"canonical":"https:\/\/infos-droitshumains.net\/?p=18029","og_locale":"fr_FR","og_type":"article","og_title":"RDC : la condamnation de Me Freddy Ntumba d\u00e9nonc\u00e9e par l\u2019ACAJ, qui redoute une menace contre l\u2019ind\u00e9pendance des avocats - Infos Droits Humains","og_description":"R\u00e9daction: +243 817 406 088 L\u2019Association Congolaise pour l\u2019Acc\u00e8s \u00e0 la Justice (ACAJ) a exprim\u00e9...","og_url":"https:\/\/infos-droitshumains.net\/?p=18029","og_site_name":"Infos Droits Humains","article_published_time":"2026-03-05T07:30:02+00:00","article_modified_time":"2026-03-05T08:38:23+00:00","og_image":[{"width":1600,"height":900,"url":"https:\/\/infos-droitshumains.net\/wp-content\/uploads\/2026\/03\/IMG-20260305-WA0015.jpg","type":"image\/jpeg"}],"author":"Jo\u00ebl Diawa","twitter_card":"summary_large_image","twitter_misc":{"\u00c9crit par":"Jo\u00ebl Diawa","Dur\u00e9e de lecture estim\u00e9e":"4 minutes"},"schema":{"@context":"https:\/\/schema.org","@graph":[{"@type":"Article","@id":"https:\/\/infos-droitshumains.net\/?p=18029#article","isPartOf":{"@id":"https:\/\/infos-droitshumains.net\/?p=18029"},"author":{"name":"Jo\u00ebl Diawa","@id":"https:\/\/infos-droitshumains.net\/#\/schema\/person\/3dc5e921c3302172e0ed4362f96faab7"},"headline":"RDC : la condamnation de Me Freddy Ntumba d\u00e9nonc\u00e9e par l\u2019ACAJ, qui redoute une menace contre l\u2019ind\u00e9pendance des avocats","datePublished":"2026-03-05T07:30:02+00:00","dateModified":"2026-03-05T08:38:23+00:00","mainEntityOfPage":{"@id":"https:\/\/infos-droitshumains.net\/?p=18029"},"wordCount":856,"commentCount":0,"publisher":{"@id":"https:\/\/infos-droitshumains.net\/#organization"},"image":{"@id":"https:\/\/infos-droitshumains.net\/?p=18029#primaryimage"},"thumbnailUrl":"https:\/\/i0.wp.com\/infos-droitshumains.net\/wp-content\/uploads\/2026\/03\/IMG-20260305-WA0015.jpg?fit=1600%2C900&ssl=1","articleSection":["Justice"],"inLanguage":"fr-FR","potentialAction":[{"@type":"CommentAction","name":"Comment","target":["https:\/\/infos-droitshumains.net\/?p=18029#respond"]}]},{"@type":"WebPage","@id":"https:\/\/infos-droitshumains.net\/?p=18029","url":"https:\/\/infos-droitshumains.net\/?p=18029","name":"RDC : la condamnation de Me Freddy Ntumba d\u00e9nonc\u00e9e par l\u2019ACAJ, qui redoute une menace contre l\u2019ind\u00e9pendance des avocats - Infos Droits Humains","isPartOf":{"@id":"https:\/\/infos-droitshumains.net\/#website"},"primaryImageOfPage":{"@id":"https:\/\/infos-droitshumains.net\/?p=18029#primaryimage"},"image":{"@id":"https:\/\/infos-droitshumains.net\/?p=18029#primaryimage"},"thumbnailUrl":"https:\/\/i0.wp.com\/infos-droitshumains.net\/wp-content\/uploads\/2026\/03\/IMG-20260305-WA0015.jpg?fit=1600%2C900&ssl=1","datePublished":"2026-03-05T07:30:02+00:00","dateModified":"2026-03-05T08:38:23+00:00","breadcrumb":{"@id":"https:\/\/infos-droitshumains.net\/?p=18029#breadcrumb"},"inLanguage":"fr-FR","potentialAction":[{"@type":"ReadAction","target":["https:\/\/infos-droitshumains.net\/?p=18029"]}]},{"@type":"ImageObject","inLanguage":"fr-FR","@id":"https:\/\/infos-droitshumains.net\/?p=18029#primaryimage","url":"https:\/\/i0.wp.com\/infos-droitshumains.net\/wp-content\/uploads\/2026\/03\/IMG-20260305-WA0015.jpg?fit=1600%2C900&ssl=1","contentUrl":"https:\/\/i0.wp.com\/infos-droitshumains.net\/wp-content\/uploads\/2026\/03\/IMG-20260305-WA0015.jpg?fit=1600%2C900&ssl=1","width":1600,"height":900},{"@type":"BreadcrumbList","@id":"https:\/\/infos-droitshumains.net\/?p=18029#breadcrumb","itemListElement":[{"@type":"ListItem","position":1,"name":"Accueil","item":"https:\/\/infos-droitshumains.net\/"},{"@type":"ListItem","position":2,"name":"RDC : la condamnation de Me Freddy Ntumba d\u00e9nonc\u00e9e par l\u2019ACAJ, qui redoute une menace contre l\u2019ind\u00e9pendance des avocats"}]},{"@type":"WebSite","@id":"https:\/\/infos-droitshumains.net\/#website","url":"https:\/\/infos-droitshumains.net\/","name":"Infos Droits Humains","description":"S&#039;informer est un droit","publisher":{"@id":"https:\/\/infos-droitshumains.net\/#organization"},"potentialAction":[{"@type":"SearchAction","target":{"@type":"EntryPoint","urlTemplate":"https:\/\/infos-droitshumains.net\/?s={search_term_string}"},"query-input":{"@type":"PropertyValueSpecification","valueRequired":true,"valueName":"search_term_string"}}],"inLanguage":"fr-FR"},{"@type":"Organization","@id":"https:\/\/infos-droitshumains.net\/#organization","name":"Infos Droits Humains","url":"https:\/\/infos-droitshumains.net\/","logo":{"@type":"ImageObject","inLanguage":"fr-FR","@id":"https:\/\/infos-droitshumains.net\/#\/schema\/logo\/image\/","url":"https:\/\/i0.wp.com\/infos-droitshumains.net\/wp-content\/uploads\/2022\/05\/Logo.png?fit=333%2C129&ssl=1","contentUrl":"https:\/\/i0.wp.com\/infos-droitshumains.net\/wp-content\/uploads\/2022\/05\/Logo.png?fit=333%2C129&ssl=1","width":333,"height":129,"caption":"Infos Droits Humains"},"image":{"@id":"https:\/\/infos-droitshumains.net\/#\/schema\/logo\/image\/"}},{"@type":"Person","@id":"https:\/\/infos-droitshumains.net\/#\/schema\/person\/3dc5e921c3302172e0ed4362f96faab7","name":"Jo\u00ebl Diawa","image":{"@type":"ImageObject","inLanguage":"fr-FR","@id":"https:\/\/secure.gravatar.com\/avatar\/729bea6ff4604c624417803c477363be8e3c7186deaa65713313f9b4b820f41c?s=96&d=mm&r=g","url":"https:\/\/secure.gravatar.com\/avatar\/729bea6ff4604c624417803c477363be8e3c7186deaa65713313f9b4b820f41c?s=96&d=mm&r=g","contentUrl":"https:\/\/secure.gravatar.com\/avatar\/729bea6ff4604c624417803c477363be8e3c7186deaa65713313f9b4b820f41c?s=96&d=mm&r=g","caption":"Jo\u00ebl Diawa"},"sameAs":["https:\/\/www.infos-droitshumains.net"],"url":"https:\/\/infos-droitshumains.net\/?author=2"}]}},"featured_image_urls":{"full":["https:\/\/i0.wp.com\/infos-droitshumains.net\/wp-content\/uploads\/2026\/03\/IMG-20260305-WA0015.jpg?fit=1600%2C900&ssl=1",1600,900,false],"thumbnail":["https:\/\/i0.wp.com\/infos-droitshumains.net\/wp-content\/uploads\/2026\/03\/IMG-20260305-WA0015.jpg?resize=150%2C150&ssl=1",150,150,true],"medium":["https:\/\/i0.wp.com\/infos-droitshumains.net\/wp-content\/uploads\/2026\/03\/IMG-20260305-WA0015.jpg?fit=300%2C169&ssl=1",300,169,true],"medium_large":["https:\/\/i0.wp.com\/infos-droitshumains.net\/wp-content\/uploads\/2026\/03\/IMG-20260305-WA0015.jpg?fit=640%2C360&ssl=1",640,360,true],"large":["https:\/\/i0.wp.com\/infos-droitshumains.net\/wp-content\/uploads\/2026\/03\/IMG-20260305-WA0015.jpg?fit=640%2C360&ssl=1",640,360,true],"1536x1536":["https:\/\/i0.wp.com\/infos-droitshumains.net\/wp-content\/uploads\/2026\/03\/IMG-20260305-WA0015.jpg?fit=1536%2C864&ssl=1",1536,864,true],"2048x2048":["https:\/\/i0.wp.com\/infos-droitshumains.net\/wp-content\/uploads\/2026\/03\/IMG-20260305-WA0015.jpg?fit=1600%2C900&ssl=1",1600,900,true],"covernews-slider-full":["https:\/\/i0.wp.com\/infos-droitshumains.net\/wp-content\/uploads\/2026\/03\/IMG-20260305-WA0015.jpg?resize=1115%2C715&ssl=1",1115,715,true],"covernews-slider-center":["https:\/\/i0.wp.com\/infos-droitshumains.net\/wp-content\/uploads\/2026\/03\/IMG-20260305-WA0015.jpg?resize=800%2C500&ssl=1",800,500,true],"covernews-featured":["https:\/\/i0.wp.com\/infos-droitshumains.net\/wp-content\/uploads\/2026\/03\/IMG-20260305-WA0015.jpg?fit=1024%2C576&ssl=1",1024,576,true],"covernews-medium":["https:\/\/i0.wp.com\/infos-droitshumains.net\/wp-content\/uploads\/2026\/03\/IMG-20260305-WA0015.jpg?resize=540%2C340&ssl=1",540,340,true],"covernews-medium-square":["https:\/\/i0.wp.com\/infos-droitshumains.net\/wp-content\/uploads\/2026\/03\/IMG-20260305-WA0015.jpg?resize=400%2C250&ssl=1",400,250,true]},"author_info":{"display_name":"Jo\u00ebl Diawa","author_link":"https:\/\/infos-droitshumains.net\/?author=2"},"category_info":"<a href=\"https:\/\/infos-droitshumains.net\/?cat=6\" rel=\"category\">Justice<\/a>","tag_info":"Justice","comment_count":"0","jetpack_featured_media_url":"https:\/\/i0.wp.com\/infos-droitshumains.net\/wp-content\/uploads\/2026\/03\/IMG-20260305-WA0015.jpg?fit=1600%2C900&ssl=1","jetpack-related-posts":[],"jetpack_sharing_enabled":true,"_links":{"self":[{"href":"https:\/\/infos-droitshumains.net\/index.php?rest_route=\/wp\/v2\/posts\/18029","targetHints":{"allow":["GET"]}}],"collection":[{"href":"https:\/\/infos-droitshumains.net\/index.php?rest_route=\/wp\/v2\/posts"}],"about":[{"href":"https:\/\/infos-droitshumains.net\/index.php?rest_route=\/wp\/v2\/types\/post"}],"author":[{"embeddable":true,"href":"https:\/\/infos-droitshumains.net\/index.php?rest_route=\/wp\/v2\/users\/2"}],"replies":[{"embeddable":true,"href":"https:\/\/infos-droitshumains.net\/index.php?rest_route=%2Fwp%2Fv2%2Fcomments&post=18029"}],"version-history":[{"count":2,"href":"https:\/\/infos-droitshumains.net\/index.php?rest_route=\/wp\/v2\/posts\/18029\/revisions"}],"predecessor-version":[{"id":18031,"href":"https:\/\/infos-droitshumains.net\/index.php?rest_route=\/wp\/v2\/posts\/18029\/revisions\/18031"}],"wp:featuredmedia":[{"embeddable":true,"href":"https:\/\/infos-droitshumains.net\/index.php?rest_route=\/wp\/v2\/media\/18032"}],"wp:attachment":[{"href":"https:\/\/infos-droitshumains.net\/index.php?rest_route=%2Fwp%2Fv2%2Fmedia&parent=18029"}],"wp:term":[{"taxonomy":"category","embeddable":true,"href":"https:\/\/infos-droitshumains.net\/index.php?rest_route=%2Fwp%2Fv2%2Fcategories&post=18029"},{"taxonomy":"post_tag","embeddable":true,"href":"https:\/\/infos-droitshumains.net\/index.php?rest_route=%2Fwp%2Fv2%2Ftags&post=18029"}],"curies":[{"name":"wp","href":"https:\/\/api.w.org\/{rel}","templated":true}]}}