{"id":17869,"date":"2026-02-19T21:23:31","date_gmt":"2026-02-19T20:23:31","guid":{"rendered":"https:\/\/infos-droitshumains.net\/?p=17869"},"modified":"2026-02-20T10:49:47","modified_gmt":"2026-02-20T09:49:47","slug":"lancement-du-specimen-de-la-nouvelle-carte-de-presse-luncc-salue-une-avancee-majeure-pour-la-professionnalisation-des-medias","status":"publish","type":"post","link":"https:\/\/infos-droitshumains.net\/?p=17869","title":{"rendered":"Lancement du sp\u00e9cimen de la nouvelle carte de presse : l\u2019UNCC salue une avanc\u00e9e majeure pour la professionnalisation des m\u00e9dias"},"content":{"rendered":"\n<p><strong>R\u00e9daction: +243 817 406 088<\/strong><\/p>\n\n\n\n<h3 class=\"wp-block-heading has-vivid-red-color has-text-color has-link-color wp-elements-4f5ec67a2b5acb9bdf8c8ea2cec20af0\">L\u2019Union nationale de la Presse du Congo (UNPC) a officiellement pr\u00e9sent\u00e9 le sp\u00e9cimen de la nouvelle carte de presse, ce jeudi 19 f\u00e9vrier \u00e0 Kinshasa. La c\u00e9r\u00e9monie, organis\u00e9e dans une atmosph\u00e8re solennelle, a r\u00e9uni plusieurs personnalit\u00e9s du monde m\u00e9diatique, des responsables d\u2019organes de presse ainsi que des repr\u00e9sentants d\u2019associations professionnelles.<\/h3>\n\n\n\n<figure class=\"wp-block-image alignfull size-large\"><img data-recalc-dims=\"1\" fetchpriority=\"high\" decoding=\"async\" width=\"640\" height=\"383\" src=\"https:\/\/i0.wp.com\/infos-droitshumains.net\/wp-content\/uploads\/2026\/02\/1001275355.jpg?resize=640%2C383&#038;ssl=1\" alt=\"\" class=\"wp-image-17882\" srcset=\"https:\/\/i0.wp.com\/infos-droitshumains.net\/wp-content\/uploads\/2026\/02\/1001275355.jpg?resize=1024%2C613&amp;ssl=1 1024w, https:\/\/i0.wp.com\/infos-droitshumains.net\/wp-content\/uploads\/2026\/02\/1001275355.jpg?resize=300%2C180&amp;ssl=1 300w, https:\/\/i0.wp.com\/infos-droitshumains.net\/wp-content\/uploads\/2026\/02\/1001275355.jpg?resize=768%2C460&amp;ssl=1 768w, https:\/\/i0.wp.com\/infos-droitshumains.net\/wp-content\/uploads\/2026\/02\/1001275355.jpg?w=1080&amp;ssl=1 1080w\" sizes=\"(max-width: 640px) 100vw, 640px\" \/><\/figure>\n\n\n\n<p>Cette initiative s\u2019inscrit dans une dynamique de r\u00e9forme et de structuration du secteur des m\u00e9dias en R\u00e9publique d\u00e9mocratique du Congo. Elle vise \u00e0 renforcer l\u2019identification officielle des professionnels des m\u00e9dias, \u00e0 garantir la cr\u00e9dibilit\u00e9 du m\u00e9tier et \u00e0 lutter contre l\u2019exercice ill\u00e9gal du journalisme par des individus ne r\u00e9pondant pas aux crit\u00e8res requis.<\/p>\n\n\n\n<figure class=\"wp-block-image alignfull size-large\"><img data-recalc-dims=\"1\" decoding=\"async\" width=\"640\" height=\"767\" src=\"https:\/\/i0.wp.com\/infos-droitshumains.net\/wp-content\/uploads\/2026\/02\/1001275352.jpg?resize=640%2C767&#038;ssl=1\" alt=\"\" class=\"wp-image-17885\" srcset=\"https:\/\/i0.wp.com\/infos-droitshumains.net\/wp-content\/uploads\/2026\/02\/1001275352.jpg?resize=854%2C1024&amp;ssl=1 854w, https:\/\/i0.wp.com\/infos-droitshumains.net\/wp-content\/uploads\/2026\/02\/1001275352.jpg?resize=250%2C300&amp;ssl=1 250w, https:\/\/i0.wp.com\/infos-droitshumains.net\/wp-content\/uploads\/2026\/02\/1001275352.jpg?resize=768%2C920&amp;ssl=1 768w, https:\/\/i0.wp.com\/infos-droitshumains.net\/wp-content\/uploads\/2026\/02\/1001275352.jpg?resize=1024%2C1227&amp;ssl=1 1024w, https:\/\/i0.wp.com\/infos-droitshumains.net\/wp-content\/uploads\/2026\/02\/1001275352.jpg?w=1043&amp;ssl=1 1043w\" sizes=\"(max-width: 640px) 100vw, 640px\" \/><\/figure>\n\n\n\n<p>Au-del\u00e0 d\u2019un simple document d\u2019identification, la nouvelle carte de presse se veut un outil de r\u00e9gulation et de valorisation du m\u00e9tier. Elle permettra notamment de distinguer les journalistes et techniciens des m\u00e9dias d\u00fbment reconnus, de faciliter leur acc\u00e8s aux sources d\u2019information officielles et de renforcer leur protection dans l\u2019exercice de leurs fonctions.<\/p>\n\n\n\n<p>Prenant part \u00e0 cette c\u00e9r\u00e9monie, l\u2019Union Nationale des Cameramen du Congo (UNCC), repr\u00e9sent\u00e9e par son pr\u00e9sident Merlin Kamalandua, a salu\u00e9 cette avanc\u00e9e significative.<\/p>\n\n\n\n<figure class=\"wp-block-image alignfull size-large\"><img data-recalc-dims=\"1\" decoding=\"async\" width=\"640\" height=\"829\" src=\"https:\/\/i0.wp.com\/infos-droitshumains.net\/wp-content\/uploads\/2026\/02\/1001273219.jpg?resize=640%2C829&#038;ssl=1\" alt=\"\" class=\"wp-image-17873\" srcset=\"https:\/\/i0.wp.com\/infos-droitshumains.net\/wp-content\/uploads\/2026\/02\/1001273219.jpg?resize=791%2C1024&amp;ssl=1 791w, https:\/\/i0.wp.com\/infos-droitshumains.net\/wp-content\/uploads\/2026\/02\/1001273219.jpg?resize=232%2C300&amp;ssl=1 232w, https:\/\/i0.wp.com\/infos-droitshumains.net\/wp-content\/uploads\/2026\/02\/1001273219.jpg?resize=768%2C994&amp;ssl=1 768w, https:\/\/i0.wp.com\/infos-droitshumains.net\/wp-content\/uploads\/2026\/02\/1001273219.jpg?resize=1187%2C1536&amp;ssl=1 1187w, https:\/\/i0.wp.com\/infos-droitshumains.net\/wp-content\/uploads\/2026\/02\/1001273219.jpg?resize=1582%2C2048&amp;ssl=1 1582w, https:\/\/i0.wp.com\/infos-droitshumains.net\/wp-content\/uploads\/2026\/02\/1001273219.jpg?resize=1024%2C1325&amp;ssl=1 1024w, https:\/\/i0.wp.com\/infos-droitshumains.net\/wp-content\/uploads\/2026\/02\/1001273219.jpg?w=1978&amp;ssl=1 1978w, https:\/\/i0.wp.com\/infos-droitshumains.net\/wp-content\/uploads\/2026\/02\/1001273219.jpg?w=1280&amp;ssl=1 1280w, https:\/\/i0.wp.com\/infos-droitshumains.net\/wp-content\/uploads\/2026\/02\/1001273219.jpg?w=1920&amp;ssl=1 1920w\" sizes=\"(max-width: 640px) 100vw, 640px\" \/><\/figure>\n\n\n\n<p><em>\u00ab \u00c0 travers notre pr\u00e9sence, nous avons r\u00e9affirm\u00e9 l\u2019engagement des cameramen congolais \u00e0 accompagner le processus de professionnalisation et de structuration du secteur des m\u00e9dias en R\u00e9publique d\u00e9mocratique du Congo \u00bb<\/em>, a d\u00e9clar\u00e9 le pr\u00e9sident de l\u2019UNCC.<\/p>\n\n\n\n<p>Pour l\u2019UNCC, cette r\u00e9forme constitue une \u00e9tape d\u00e9terminante vers l\u2019assainissement du quatri\u00e8me pouvoir, en mettant fin \u00e0 certaines pratiques d\u00e9cri\u00e9es et en promouvant l\u2019\u00e9thique, la comp\u00e9tence et la responsabilit\u00e9 professionnelle. L\u2019organisation a \u00e9galement encourag\u00e9 les acteurs du secteur \u00e0 s\u2019approprier cette initiative afin de consolider la cr\u00e9dibilit\u00e9 des m\u00e9dias congolais tant au niveau national qu\u2019international.<\/p>\n\n\n\n<p>Concernant les modalit\u00e9s d\u2019obtention, le co\u00fbt de la nouvelle carte de presse est fix\u00e9 \u00e0 105 dollars am\u00e9ricains, r\u00e9partis comme suit : 5 dollars pour la fiche d\u2019identification, 50 dollars pour la contribution annuelle et 50 dollars pour les frais de retrait.<\/p>\n\n\n\n<figure class=\"wp-block-image alignfull size-large\"><img data-recalc-dims=\"1\" loading=\"lazy\" decoding=\"async\" width=\"640\" height=\"414\" src=\"https:\/\/i0.wp.com\/infos-droitshumains.net\/wp-content\/uploads\/2026\/02\/1001275349.jpg?resize=640%2C414&#038;ssl=1\" alt=\"\" class=\"wp-image-17886\" srcset=\"https:\/\/i0.wp.com\/infos-droitshumains.net\/wp-content\/uploads\/2026\/02\/1001275349.jpg?resize=1024%2C662&amp;ssl=1 1024w, https:\/\/i0.wp.com\/infos-droitshumains.net\/wp-content\/uploads\/2026\/02\/1001275349.jpg?resize=300%2C194&amp;ssl=1 300w, https:\/\/i0.wp.com\/infos-droitshumains.net\/wp-content\/uploads\/2026\/02\/1001275349.jpg?resize=768%2C496&amp;ssl=1 768w, https:\/\/i0.wp.com\/infos-droitshumains.net\/wp-content\/uploads\/2026\/02\/1001275349.jpg?w=1066&amp;ssl=1 1066w\" sizes=\"(max-width: 640px) 100vw, 640px\" \/><\/figure>\n\n\n\n<p>Avec le lancement de ce sp\u00e9cimen, l\u2019UNPC ouvre ainsi la voie \u00e0 une nouvelle \u00e8re pour la presse congolaise, marqu\u00e9e par davantage de rigueur, de professionnalisme et de reconnaissance institutionnelle.<\/p>\n\n\n\n<p>Jo\u00ebl Diawa<\/p>\n","protected":false},"excerpt":{"rendered":"<p>R\u00e9daction: +243 817 406 088 L\u2019Union nationale de la Presse du Congo (UNPC) a officiellement&#8230;<\/p>\n","protected":false},"author":2,"featured_media":17889,"comment_status":"open","ping_status":"open","sticky":false,"template":"","format":"standard","meta":{"_jetpack_memberships_contains_paid_content":false,"footnotes":""},"categories":[8],"tags":[],"class_list":["post-17869","post","type-post","status-publish","format-standard","has-post-thumbnail","hentry","category-societe"],"yoast_head":"<!-- This site is optimized with the Yoast SEO plugin v27.5 - https:\/\/yoast.com\/product\/yoast-seo-wordpress\/ -->\n<title>Lancement du sp\u00e9cimen de la nouvelle carte de presse : l\u2019UNCC salue une avanc\u00e9e majeure pour la professionnalisation des m\u00e9dias - Infos Droits Humains<\/title>\n<meta name=\"robots\" content=\"index, follow, max-snippet:-1, max-image-preview:large, max-video-preview:-1\" \/>\n<link rel=\"canonical\" href=\"https:\/\/infos-droitshumains.net\/?p=17869\" \/>\n<meta property=\"og:locale\" content=\"fr_FR\" \/>\n<meta property=\"og:type\" content=\"article\" \/>\n<meta property=\"og:title\" content=\"Lancement du sp\u00e9cimen de la nouvelle carte de presse : l\u2019UNCC salue une avanc\u00e9e majeure pour la professionnalisation des m\u00e9dias - Infos Droits Humains\" \/>\n<meta property=\"og:description\" content=\"R\u00e9daction: +243 817 406 088 L\u2019Union nationale de la Presse du Congo (UNPC) a officiellement...\" \/>\n<meta property=\"og:url\" content=\"https:\/\/infos-droitshumains.net\/?p=17869\" \/>\n<meta property=\"og:site_name\" content=\"Infos Droits Humains\" \/>\n<meta property=\"article:published_time\" content=\"2026-02-19T20:23:31+00:00\" \/>\n<meta property=\"article:modified_time\" content=\"2026-02-20T09:49:47+00:00\" \/>\n<meta property=\"og:image\" content=\"https:\/\/infos-droitshumains.net\/wp-content\/uploads\/2026\/02\/IMG-20260220-WA0014.jpg\" \/>\n\t<meta property=\"og:image:width\" content=\"1078\" \/>\n\t<meta property=\"og:image:height\" content=\"524\" \/>\n\t<meta property=\"og:image:type\" content=\"image\/jpeg\" \/>\n<meta name=\"author\" content=\"Jo\u00ebl Diawa\" \/>\n<meta name=\"twitter:card\" content=\"summary_large_image\" \/>\n<meta name=\"twitter:label1\" content=\"\u00c9crit par\" \/>\n\t<meta name=\"twitter:data1\" content=\"Jo\u00ebl Diawa\" \/>\n\t<meta name=\"twitter:label2\" content=\"Dur\u00e9e de lecture estim\u00e9e\" \/>\n\t<meta name=\"twitter:data2\" content=\"3 minutes\" \/>\n<script type=\"application\/ld+json\" class=\"yoast-schema-graph\">{\"@context\":\"https:\\\/\\\/schema.org\",\"@graph\":[{\"@type\":\"Article\",\"@id\":\"https:\\\/\\\/infos-droitshumains.net\\\/?p=17869#article\",\"isPartOf\":{\"@id\":\"https:\\\/\\\/infos-droitshumains.net\\\/?p=17869\"},\"author\":{\"name\":\"Jo\u00ebl Diawa\",\"@id\":\"https:\\\/\\\/infos-droitshumains.net\\\/#\\\/schema\\\/person\\\/3dc5e921c3302172e0ed4362f96faab7\"},\"headline\":\"Lancement du sp\u00e9cimen de la nouvelle carte de presse : l\u2019UNCC salue une avanc\u00e9e majeure pour la professionnalisation des m\u00e9dias\",\"datePublished\":\"2026-02-19T20:23:31+00:00\",\"dateModified\":\"2026-02-20T09:49:47+00:00\",\"mainEntityOfPage\":{\"@id\":\"https:\\\/\\\/infos-droitshumains.net\\\/?p=17869\"},\"wordCount\":426,\"commentCount\":0,\"publisher\":{\"@id\":\"https:\\\/\\\/infos-droitshumains.net\\\/#organization\"},\"image\":{\"@id\":\"https:\\\/\\\/infos-droitshumains.net\\\/?p=17869#primaryimage\"},\"thumbnailUrl\":\"https:\\\/\\\/i0.wp.com\\\/infos-droitshumains.net\\\/wp-content\\\/uploads\\\/2026\\\/02\\\/IMG-20260220-WA0014.jpg?fit=1078%2C524&ssl=1\",\"articleSection\":[\"Soci\u00e9t\u00e9\"],\"inLanguage\":\"fr-FR\",\"potentialAction\":[{\"@type\":\"CommentAction\",\"name\":\"Comment\",\"target\":[\"https:\\\/\\\/infos-droitshumains.net\\\/?p=17869#respond\"]}]},{\"@type\":\"WebPage\",\"@id\":\"https:\\\/\\\/infos-droitshumains.net\\\/?p=17869\",\"url\":\"https:\\\/\\\/infos-droitshumains.net\\\/?p=17869\",\"name\":\"Lancement du sp\u00e9cimen de la nouvelle carte de presse : l\u2019UNCC salue une avanc\u00e9e majeure pour la professionnalisation des m\u00e9dias - Infos Droits Humains\",\"isPartOf\":{\"@id\":\"https:\\\/\\\/infos-droitshumains.net\\\/#website\"},\"primaryImageOfPage\":{\"@id\":\"https:\\\/\\\/infos-droitshumains.net\\\/?p=17869#primaryimage\"},\"image\":{\"@id\":\"https:\\\/\\\/infos-droitshumains.net\\\/?p=17869#primaryimage\"},\"thumbnailUrl\":\"https:\\\/\\\/i0.wp.com\\\/infos-droitshumains.net\\\/wp-content\\\/uploads\\\/2026\\\/02\\\/IMG-20260220-WA0014.jpg?fit=1078%2C524&ssl=1\",\"datePublished\":\"2026-02-19T20:23:31+00:00\",\"dateModified\":\"2026-02-20T09:49:47+00:00\",\"breadcrumb\":{\"@id\":\"https:\\\/\\\/infos-droitshumains.net\\\/?p=17869#breadcrumb\"},\"inLanguage\":\"fr-FR\",\"potentialAction\":[{\"@type\":\"ReadAction\",\"target\":[\"https:\\\/\\\/infos-droitshumains.net\\\/?p=17869\"]}]},{\"@type\":\"ImageObject\",\"inLanguage\":\"fr-FR\",\"@id\":\"https:\\\/\\\/infos-droitshumains.net\\\/?p=17869#primaryimage\",\"url\":\"https:\\\/\\\/i0.wp.com\\\/infos-droitshumains.net\\\/wp-content\\\/uploads\\\/2026\\\/02\\\/IMG-20260220-WA0014.jpg?fit=1078%2C524&ssl=1\",\"contentUrl\":\"https:\\\/\\\/i0.wp.com\\\/infos-droitshumains.net\\\/wp-content\\\/uploads\\\/2026\\\/02\\\/IMG-20260220-WA0014.jpg?fit=1078%2C524&ssl=1\",\"width\":1078,\"height\":524},{\"@type\":\"BreadcrumbList\",\"@id\":\"https:\\\/\\\/infos-droitshumains.net\\\/?p=17869#breadcrumb\",\"itemListElement\":[{\"@type\":\"ListItem\",\"position\":1,\"name\":\"Accueil\",\"item\":\"https:\\\/\\\/infos-droitshumains.net\\\/\"},{\"@type\":\"ListItem\",\"position\":2,\"name\":\"Lancement du sp\u00e9cimen de la nouvelle carte de presse : l\u2019UNCC salue une avanc\u00e9e majeure pour la professionnalisation des m\u00e9dias\"}]},{\"@type\":\"WebSite\",\"@id\":\"https:\\\/\\\/infos-droitshumains.net\\\/#website\",\"url\":\"https:\\\/\\\/infos-droitshumains.net\\\/\",\"name\":\"Infos Droits Humains\",\"description\":\"S&#039;informer est un droit\",\"publisher\":{\"@id\":\"https:\\\/\\\/infos-droitshumains.net\\\/#organization\"},\"potentialAction\":[{\"@type\":\"SearchAction\",\"target\":{\"@type\":\"EntryPoint\",\"urlTemplate\":\"https:\\\/\\\/infos-droitshumains.net\\\/?s={search_term_string}\"},\"query-input\":{\"@type\":\"PropertyValueSpecification\",\"valueRequired\":true,\"valueName\":\"search_term_string\"}}],\"inLanguage\":\"fr-FR\"},{\"@type\":\"Organization\",\"@id\":\"https:\\\/\\\/infos-droitshumains.net\\\/#organization\",\"name\":\"Infos Droits Humains\",\"url\":\"https:\\\/\\\/infos-droitshumains.net\\\/\",\"logo\":{\"@type\":\"ImageObject\",\"inLanguage\":\"fr-FR\",\"@id\":\"https:\\\/\\\/infos-droitshumains.net\\\/#\\\/schema\\\/logo\\\/image\\\/\",\"url\":\"https:\\\/\\\/i0.wp.com\\\/infos-droitshumains.net\\\/wp-content\\\/uploads\\\/2022\\\/05\\\/Logo.png?fit=333%2C129&ssl=1\",\"contentUrl\":\"https:\\\/\\\/i0.wp.com\\\/infos-droitshumains.net\\\/wp-content\\\/uploads\\\/2022\\\/05\\\/Logo.png?fit=333%2C129&ssl=1\",\"width\":333,\"height\":129,\"caption\":\"Infos Droits Humains\"},\"image\":{\"@id\":\"https:\\\/\\\/infos-droitshumains.net\\\/#\\\/schema\\\/logo\\\/image\\\/\"}},{\"@type\":\"Person\",\"@id\":\"https:\\\/\\\/infos-droitshumains.net\\\/#\\\/schema\\\/person\\\/3dc5e921c3302172e0ed4362f96faab7\",\"name\":\"Jo\u00ebl Diawa\",\"image\":{\"@type\":\"ImageObject\",\"inLanguage\":\"fr-FR\",\"@id\":\"https:\\\/\\\/secure.gravatar.com\\\/avatar\\\/729bea6ff4604c624417803c477363be8e3c7186deaa65713313f9b4b820f41c?s=96&d=mm&r=g\",\"url\":\"https:\\\/\\\/secure.gravatar.com\\\/avatar\\\/729bea6ff4604c624417803c477363be8e3c7186deaa65713313f9b4b820f41c?s=96&d=mm&r=g\",\"contentUrl\":\"https:\\\/\\\/secure.gravatar.com\\\/avatar\\\/729bea6ff4604c624417803c477363be8e3c7186deaa65713313f9b4b820f41c?s=96&d=mm&r=g\",\"caption\":\"Jo\u00ebl Diawa\"},\"sameAs\":[\"https:\\\/\\\/www.infos-droitshumains.net\"],\"url\":\"https:\\\/\\\/infos-droitshumains.net\\\/?author=2\"}]}<\/script>\n<!-- \/ Yoast SEO plugin. -->","yoast_head_json":{"title":"Lancement du sp\u00e9cimen de la nouvelle carte de presse : l\u2019UNCC salue une avanc\u00e9e majeure pour la professionnalisation des m\u00e9dias - Infos Droits Humains","robots":{"index":"index","follow":"follow","max-snippet":"max-snippet:-1","max-image-preview":"max-image-preview:large","max-video-preview":"max-video-preview:-1"},"canonical":"https:\/\/infos-droitshumains.net\/?p=17869","og_locale":"fr_FR","og_type":"article","og_title":"Lancement du sp\u00e9cimen de la nouvelle carte de presse : l\u2019UNCC salue une avanc\u00e9e majeure pour la professionnalisation des m\u00e9dias - Infos Droits Humains","og_description":"R\u00e9daction: +243 817 406 088 L\u2019Union nationale de la Presse du Congo (UNPC) a officiellement...","og_url":"https:\/\/infos-droitshumains.net\/?p=17869","og_site_name":"Infos Droits Humains","article_published_time":"2026-02-19T20:23:31+00:00","article_modified_time":"2026-02-20T09:49:47+00:00","og_image":[{"width":1078,"height":524,"url":"https:\/\/infos-droitshumains.net\/wp-content\/uploads\/2026\/02\/IMG-20260220-WA0014.jpg","type":"image\/jpeg"}],"author":"Jo\u00ebl Diawa","twitter_card":"summary_large_image","twitter_misc":{"\u00c9crit par":"Jo\u00ebl Diawa","Dur\u00e9e de lecture estim\u00e9e":"3 minutes"},"schema":{"@context":"https:\/\/schema.org","@graph":[{"@type":"Article","@id":"https:\/\/infos-droitshumains.net\/?p=17869#article","isPartOf":{"@id":"https:\/\/infos-droitshumains.net\/?p=17869"},"author":{"name":"Jo\u00ebl Diawa","@id":"https:\/\/infos-droitshumains.net\/#\/schema\/person\/3dc5e921c3302172e0ed4362f96faab7"},"headline":"Lancement du sp\u00e9cimen de la nouvelle carte de presse : l\u2019UNCC salue une avanc\u00e9e majeure pour la professionnalisation des m\u00e9dias","datePublished":"2026-02-19T20:23:31+00:00","dateModified":"2026-02-20T09:49:47+00:00","mainEntityOfPage":{"@id":"https:\/\/infos-droitshumains.net\/?p=17869"},"wordCount":426,"commentCount":0,"publisher":{"@id":"https:\/\/infos-droitshumains.net\/#organization"},"image":{"@id":"https:\/\/infos-droitshumains.net\/?p=17869#primaryimage"},"thumbnailUrl":"https:\/\/i0.wp.com\/infos-droitshumains.net\/wp-content\/uploads\/2026\/02\/IMG-20260220-WA0014.jpg?fit=1078%2C524&ssl=1","articleSection":["Soci\u00e9t\u00e9"],"inLanguage":"fr-FR","potentialAction":[{"@type":"CommentAction","name":"Comment","target":["https:\/\/infos-droitshumains.net\/?p=17869#respond"]}]},{"@type":"WebPage","@id":"https:\/\/infos-droitshumains.net\/?p=17869","url":"https:\/\/infos-droitshumains.net\/?p=17869","name":"Lancement du sp\u00e9cimen de la nouvelle carte de presse : l\u2019UNCC salue une avanc\u00e9e majeure pour la professionnalisation des m\u00e9dias - Infos Droits Humains","isPartOf":{"@id":"https:\/\/infos-droitshumains.net\/#website"},"primaryImageOfPage":{"@id":"https:\/\/infos-droitshumains.net\/?p=17869#primaryimage"},"image":{"@id":"https:\/\/infos-droitshumains.net\/?p=17869#primaryimage"},"thumbnailUrl":"https:\/\/i0.wp.com\/infos-droitshumains.net\/wp-content\/uploads\/2026\/02\/IMG-20260220-WA0014.jpg?fit=1078%2C524&ssl=1","datePublished":"2026-02-19T20:23:31+00:00","dateModified":"2026-02-20T09:49:47+00:00","breadcrumb":{"@id":"https:\/\/infos-droitshumains.net\/?p=17869#breadcrumb"},"inLanguage":"fr-FR","potentialAction":[{"@type":"ReadAction","target":["https:\/\/infos-droitshumains.net\/?p=17869"]}]},{"@type":"ImageObject","inLanguage":"fr-FR","@id":"https:\/\/infos-droitshumains.net\/?p=17869#primaryimage","url":"https:\/\/i0.wp.com\/infos-droitshumains.net\/wp-content\/uploads\/2026\/02\/IMG-20260220-WA0014.jpg?fit=1078%2C524&ssl=1","contentUrl":"https:\/\/i0.wp.com\/infos-droitshumains.net\/wp-content\/uploads\/2026\/02\/IMG-20260220-WA0014.jpg?fit=1078%2C524&ssl=1","width":1078,"height":524},{"@type":"BreadcrumbList","@id":"https:\/\/infos-droitshumains.net\/?p=17869#breadcrumb","itemListElement":[{"@type":"ListItem","position":1,"name":"Accueil","item":"https:\/\/infos-droitshumains.net\/"},{"@type":"ListItem","position":2,"name":"Lancement du sp\u00e9cimen de la nouvelle carte de presse : l\u2019UNCC salue une avanc\u00e9e majeure pour la professionnalisation des m\u00e9dias"}]},{"@type":"WebSite","@id":"https:\/\/infos-droitshumains.net\/#website","url":"https:\/\/infos-droitshumains.net\/","name":"Infos Droits Humains","description":"S&#039;informer est un droit","publisher":{"@id":"https:\/\/infos-droitshumains.net\/#organization"},"potentialAction":[{"@type":"SearchAction","target":{"@type":"EntryPoint","urlTemplate":"https:\/\/infos-droitshumains.net\/?s={search_term_string}"},"query-input":{"@type":"PropertyValueSpecification","valueRequired":true,"valueName":"search_term_string"}}],"inLanguage":"fr-FR"},{"@type":"Organization","@id":"https:\/\/infos-droitshumains.net\/#organization","name":"Infos Droits Humains","url":"https:\/\/infos-droitshumains.net\/","logo":{"@type":"ImageObject","inLanguage":"fr-FR","@id":"https:\/\/infos-droitshumains.net\/#\/schema\/logo\/image\/","url":"https:\/\/i0.wp.com\/infos-droitshumains.net\/wp-content\/uploads\/2022\/05\/Logo.png?fit=333%2C129&ssl=1","contentUrl":"https:\/\/i0.wp.com\/infos-droitshumains.net\/wp-content\/uploads\/2022\/05\/Logo.png?fit=333%2C129&ssl=1","width":333,"height":129,"caption":"Infos Droits Humains"},"image":{"@id":"https:\/\/infos-droitshumains.net\/#\/schema\/logo\/image\/"}},{"@type":"Person","@id":"https:\/\/infos-droitshumains.net\/#\/schema\/person\/3dc5e921c3302172e0ed4362f96faab7","name":"Jo\u00ebl Diawa","image":{"@type":"ImageObject","inLanguage":"fr-FR","@id":"https:\/\/secure.gravatar.com\/avatar\/729bea6ff4604c624417803c477363be8e3c7186deaa65713313f9b4b820f41c?s=96&d=mm&r=g","url":"https:\/\/secure.gravatar.com\/avatar\/729bea6ff4604c624417803c477363be8e3c7186deaa65713313f9b4b820f41c?s=96&d=mm&r=g","contentUrl":"https:\/\/secure.gravatar.com\/avatar\/729bea6ff4604c624417803c477363be8e3c7186deaa65713313f9b4b820f41c?s=96&d=mm&r=g","caption":"Jo\u00ebl Diawa"},"sameAs":["https:\/\/www.infos-droitshumains.net"],"url":"https:\/\/infos-droitshumains.net\/?author=2"}]}},"featured_image_urls":{"full":["https:\/\/i0.wp.com\/infos-droitshumains.net\/wp-content\/uploads\/2026\/02\/IMG-20260220-WA0014.jpg?fit=1078%2C524&ssl=1",1078,524,false],"thumbnail":["https:\/\/i0.wp.com\/infos-droitshumains.net\/wp-content\/uploads\/2026\/02\/IMG-20260220-WA0014.jpg?resize=150%2C150&ssl=1",150,150,true],"medium":["https:\/\/i0.wp.com\/infos-droitshumains.net\/wp-content\/uploads\/2026\/02\/IMG-20260220-WA0014.jpg?fit=300%2C146&ssl=1",300,146,true],"medium_large":["https:\/\/i0.wp.com\/infos-droitshumains.net\/wp-content\/uploads\/2026\/02\/IMG-20260220-WA0014.jpg?fit=640%2C311&ssl=1",640,311,true],"large":["https:\/\/i0.wp.com\/infos-droitshumains.net\/wp-content\/uploads\/2026\/02\/IMG-20260220-WA0014.jpg?fit=640%2C311&ssl=1",640,311,true],"1536x1536":["https:\/\/i0.wp.com\/infos-droitshumains.net\/wp-content\/uploads\/2026\/02\/IMG-20260220-WA0014.jpg?fit=1078%2C524&ssl=1",1078,524,true],"2048x2048":["https:\/\/i0.wp.com\/infos-droitshumains.net\/wp-content\/uploads\/2026\/02\/IMG-20260220-WA0014.jpg?fit=1078%2C524&ssl=1",1078,524,true],"covernews-slider-full":["https:\/\/i0.wp.com\/infos-droitshumains.net\/wp-content\/uploads\/2026\/02\/IMG-20260220-WA0014.jpg?resize=1078%2C524&ssl=1",1078,524,true],"covernews-slider-center":["https:\/\/i0.wp.com\/infos-droitshumains.net\/wp-content\/uploads\/2026\/02\/IMG-20260220-WA0014.jpg?resize=800%2C500&ssl=1",800,500,true],"covernews-featured":["https:\/\/i0.wp.com\/infos-droitshumains.net\/wp-content\/uploads\/2026\/02\/IMG-20260220-WA0014.jpg?fit=1024%2C498&ssl=1",1024,498,true],"covernews-medium":["https:\/\/i0.wp.com\/infos-droitshumains.net\/wp-content\/uploads\/2026\/02\/IMG-20260220-WA0014.jpg?resize=540%2C340&ssl=1",540,340,true],"covernews-medium-square":["https:\/\/i0.wp.com\/infos-droitshumains.net\/wp-content\/uploads\/2026\/02\/IMG-20260220-WA0014.jpg?resize=400%2C250&ssl=1",400,250,true]},"author_info":{"display_name":"Jo\u00ebl Diawa","author_link":"https:\/\/infos-droitshumains.net\/?author=2"},"category_info":"<a href=\"https:\/\/infos-droitshumains.net\/?cat=8\" rel=\"category\">Soci\u00e9t\u00e9<\/a>","tag_info":"Soci\u00e9t\u00e9","comment_count":"0","jetpack_featured_media_url":"https:\/\/i0.wp.com\/infos-droitshumains.net\/wp-content\/uploads\/2026\/02\/IMG-20260220-WA0014.jpg?fit=1078%2C524&ssl=1","jetpack-related-posts":[],"jetpack_sharing_enabled":true,"_links":{"self":[{"href":"https:\/\/infos-droitshumains.net\/index.php?rest_route=\/wp\/v2\/posts\/17869","targetHints":{"allow":["GET"]}}],"collection":[{"href":"https:\/\/infos-droitshumains.net\/index.php?rest_route=\/wp\/v2\/posts"}],"about":[{"href":"https:\/\/infos-droitshumains.net\/index.php?rest_route=\/wp\/v2\/types\/post"}],"author":[{"embeddable":true,"href":"https:\/\/infos-droitshumains.net\/index.php?rest_route=\/wp\/v2\/users\/2"}],"replies":[{"embeddable":true,"href":"https:\/\/infos-droitshumains.net\/index.php?rest_route=%2Fwp%2Fv2%2Fcomments&post=17869"}],"version-history":[{"count":6,"href":"https:\/\/infos-droitshumains.net\/index.php?rest_route=\/wp\/v2\/posts\/17869\/revisions"}],"predecessor-version":[{"id":17890,"href":"https:\/\/infos-droitshumains.net\/index.php?rest_route=\/wp\/v2\/posts\/17869\/revisions\/17890"}],"wp:featuredmedia":[{"embeddable":true,"href":"https:\/\/infos-droitshumains.net\/index.php?rest_route=\/wp\/v2\/media\/17889"}],"wp:attachment":[{"href":"https:\/\/infos-droitshumains.net\/index.php?rest_route=%2Fwp%2Fv2%2Fmedia&parent=17869"}],"wp:term":[{"taxonomy":"category","embeddable":true,"href":"https:\/\/infos-droitshumains.net\/index.php?rest_route=%2Fwp%2Fv2%2Fcategories&post=17869"},{"taxonomy":"post_tag","embeddable":true,"href":"https:\/\/infos-droitshumains.net\/index.php?rest_route=%2Fwp%2Fv2%2Ftags&post=17869"}],"curies":[{"name":"wp","href":"https:\/\/api.w.org\/{rel}","templated":true}]}}