{"id":17777,"date":"2026-02-11T01:30:35","date_gmt":"2026-02-11T00:30:35","guid":{"rendered":"https:\/\/infos-droitshumains.net\/?p=17777"},"modified":"2026-02-11T01:36:02","modified_gmt":"2026-02-11T00:36:02","slug":"deces-de-jean-jacques-lombela-luncc-sous-le-choc-merlin-kamalandua-pour-un-leadership-marque-par-la-solidarite-et-lattachement-aux-cameramen","status":"publish","type":"post","link":"https:\/\/infos-droitshumains.net\/?p=17777","title":{"rendered":"D\u00e9c\u00e8s de Jean Jacques Lombela : l\u2019UNCC sous le choc, Merlin Kamalandua pour un leadership marqu\u00e9 par la solidarit\u00e9 et l\u2019attachement aux cameramen"},"content":{"rendered":"\n<p><strong>R\u00e9daction: +243 817 406 088<\/strong><\/p>\n\n\n\n<h3 class=\"wp-block-heading has-vivid-red-color has-text-color has-link-color wp-elements-ae4b6269c4bf59537df5645e93bd17d3\">La grande famille des professionnels de l\u2019image est en deuil. L\u2019Union Nationale des Cameramen du Congo (UNCC) a annonc\u00e9 le d\u00e9c\u00e8s de Jean Jacques Lombela, cameraman \u00e0 Canal Kin T\u00e9l\u00e9vision, membre effectif de l\u2019UNCC et membre du Comit\u00e9 des Sages. Une disparition brutale qui a profond\u00e9ment boulevers\u00e9 la corporation et, en premier lieu, son pr\u00e9sident, Merlin Kamalandua.<\/h3>\n\n\n\n<p>D\u00e8s l\u2019annonce de cette triste nouvelle, le Pr\u00e9sident de l\u2019UNCC s\u2019est montr\u00e9 profond\u00e9ment affect\u00e9 par la perte de ce confr\u00e8re engag\u00e9, respect\u00e9 et d\u00e9vou\u00e9 \u00e0 son m\u00e9tier. T\u00e9moignant d\u2019un sens aigu de responsabilit\u00e9, mais surtout d\u2019un attachement sinc\u00e8re \u00e0 ses membres, Merlin Kamalandua a imm\u00e9diatement instruit l\u2019envoi d\u2019une d\u00e9l\u00e9gation officielle au domicile du d\u00e9funt.<\/p>\n\n\n\n<p>Cette d\u00e9l\u00e9gation, conduite par le Secr\u00e9taire G\u00e9n\u00e9ral et le Charg\u00e9 de discipline de l\u2019UNCC, s\u2019est rendue aupr\u00e8s de la famille endeuill\u00e9e afin de s\u2019enqu\u00e9rir des circonstances du d\u00e9c\u00e8s et de transmettre, au nom de toute la corporation, les condol\u00e9ances les plus attrist\u00e9es. Sur place, elle a rencontr\u00e9 l\u2019\u00e9pouse de Jean Jacques Lombela, ses enfants ainsi que plusieurs membres de la famille, dont son petit fr\u00e8re et son oncle.<\/p>\n\n\n\n<p>\u00c0 travers cette d\u00e9marche rapide et humaine, le Pr\u00e9sident Merlin Kamalandua a une fois de plus d\u00e9montr\u00e9 que l\u2019UNCC n\u2019est pas seulement une structure professionnelle, mais aussi une v\u00e9ritable famille solidaire, o\u00f9 chaque membre compte, de son vivant comme apr\u00e8s sa disparition.<\/p>\n\n\n\n<p>Fid\u00e8le \u00e0 sa vision d\u2019une union soud\u00e9e et responsable, le Pr\u00e9sident de l\u2019UNCC a \u00e9galement rassur\u00e9 l\u2019ensemble des cameramen que l\u2019organisation travaillera en \u00e9troite collaboration avec la famille du regrett\u00e9 Jean Jacques Lombela afin de lui offrir des obs\u00e8ques dignes de son rang, de son parcours et de son engagement au service de l\u2019image.<\/p>\n\n\n\n<p>En ces moments douloureux, l\u2019implication personnelle de Merlin Kamalandua illustre un leadership fond\u00e9 sur l\u2019humanit\u00e9, la proximit\u00e9 et la solidarit\u00e9, des valeurs qui continuent de renforcer la coh\u00e9sion au sein de l\u2019Union Nationale des Cameramen du Congo.<\/p>\n\n\n\n<p>Jo\u00ebl Diawa<\/p>\n","protected":false},"excerpt":{"rendered":"<p>R\u00e9daction: +243 817 406 088 La grande famille des professionnels de l\u2019image est en deuil&#8230;.<\/p>\n","protected":false},"author":2,"featured_media":17780,"comment_status":"open","ping_status":"open","sticky":false,"template":"","format":"standard","meta":{"_jetpack_memberships_contains_paid_content":false,"footnotes":""},"categories":[8],"tags":[],"class_list":["post-17777","post","type-post","status-publish","format-standard","has-post-thumbnail","hentry","category-societe"],"yoast_head":"<!-- This site is optimized with the Yoast SEO plugin v27.5 - https:\/\/yoast.com\/product\/yoast-seo-wordpress\/ -->\n<title>D\u00e9c\u00e8s de Jean Jacques Lombela : l\u2019UNCC sous le choc, Merlin Kamalandua pour un leadership marqu\u00e9 par la solidarit\u00e9 et l\u2019attachement aux cameramen - Infos Droits Humains<\/title>\n<meta name=\"robots\" content=\"index, follow, max-snippet:-1, max-image-preview:large, max-video-preview:-1\" \/>\n<link rel=\"canonical\" href=\"https:\/\/infos-droitshumains.net\/?p=17777\" \/>\n<meta property=\"og:locale\" content=\"fr_FR\" \/>\n<meta property=\"og:type\" content=\"article\" \/>\n<meta property=\"og:title\" content=\"D\u00e9c\u00e8s de Jean Jacques Lombela : l\u2019UNCC sous le choc, Merlin Kamalandua pour un leadership marqu\u00e9 par la solidarit\u00e9 et l\u2019attachement aux cameramen - Infos Droits Humains\" \/>\n<meta property=\"og:description\" content=\"R\u00e9daction: +243 817 406 088 La grande famille des professionnels de l\u2019image est en deuil....\" \/>\n<meta property=\"og:url\" content=\"https:\/\/infos-droitshumains.net\/?p=17777\" \/>\n<meta property=\"og:site_name\" content=\"Infos Droits Humains\" \/>\n<meta property=\"article:published_time\" content=\"2026-02-11T00:30:35+00:00\" \/>\n<meta property=\"article:modified_time\" content=\"2026-02-11T00:36:02+00:00\" \/>\n<meta property=\"og:image\" content=\"https:\/\/infos-droitshumains.net\/wp-content\/uploads\/2026\/02\/Composition1.jpg\" \/>\n\t<meta property=\"og:image:width\" content=\"1653\" \/>\n\t<meta property=\"og:image:height\" content=\"1023\" \/>\n\t<meta property=\"og:image:type\" content=\"image\/jpeg\" \/>\n<meta name=\"author\" content=\"Jo\u00ebl Diawa\" \/>\n<meta name=\"twitter:card\" content=\"summary_large_image\" \/>\n<meta name=\"twitter:label1\" content=\"\u00c9crit par\" \/>\n\t<meta name=\"twitter:data1\" content=\"Jo\u00ebl Diawa\" \/>\n\t<meta name=\"twitter:label2\" content=\"Dur\u00e9e de lecture estim\u00e9e\" \/>\n\t<meta name=\"twitter:data2\" content=\"2 minutes\" \/>\n<script type=\"application\/ld+json\" class=\"yoast-schema-graph\">{\"@context\":\"https:\\\/\\\/schema.org\",\"@graph\":[{\"@type\":\"Article\",\"@id\":\"https:\\\/\\\/infos-droitshumains.net\\\/?p=17777#article\",\"isPartOf\":{\"@id\":\"https:\\\/\\\/infos-droitshumains.net\\\/?p=17777\"},\"author\":{\"name\":\"Jo\u00ebl Diawa\",\"@id\":\"https:\\\/\\\/infos-droitshumains.net\\\/#\\\/schema\\\/person\\\/3dc5e921c3302172e0ed4362f96faab7\"},\"headline\":\"D\u00e9c\u00e8s de Jean Jacques Lombela : l\u2019UNCC sous le choc, Merlin Kamalandua pour un leadership marqu\u00e9 par la solidarit\u00e9 et l\u2019attachement aux cameramen\",\"datePublished\":\"2026-02-11T00:30:35+00:00\",\"dateModified\":\"2026-02-11T00:36:02+00:00\",\"mainEntityOfPage\":{\"@id\":\"https:\\\/\\\/infos-droitshumains.net\\\/?p=17777\"},\"wordCount\":403,\"commentCount\":0,\"publisher\":{\"@id\":\"https:\\\/\\\/infos-droitshumains.net\\\/#organization\"},\"image\":{\"@id\":\"https:\\\/\\\/infos-droitshumains.net\\\/?p=17777#primaryimage\"},\"thumbnailUrl\":\"https:\\\/\\\/i0.wp.com\\\/infos-droitshumains.net\\\/wp-content\\\/uploads\\\/2026\\\/02\\\/Composition1.jpg?fit=1653%2C1023&ssl=1\",\"articleSection\":[\"Soci\u00e9t\u00e9\"],\"inLanguage\":\"fr-FR\",\"potentialAction\":[{\"@type\":\"CommentAction\",\"name\":\"Comment\",\"target\":[\"https:\\\/\\\/infos-droitshumains.net\\\/?p=17777#respond\"]}]},{\"@type\":\"WebPage\",\"@id\":\"https:\\\/\\\/infos-droitshumains.net\\\/?p=17777\",\"url\":\"https:\\\/\\\/infos-droitshumains.net\\\/?p=17777\",\"name\":\"D\u00e9c\u00e8s de Jean Jacques Lombela : l\u2019UNCC sous le choc, Merlin Kamalandua pour un leadership marqu\u00e9 par la solidarit\u00e9 et l\u2019attachement aux cameramen - Infos Droits Humains\",\"isPartOf\":{\"@id\":\"https:\\\/\\\/infos-droitshumains.net\\\/#website\"},\"primaryImageOfPage\":{\"@id\":\"https:\\\/\\\/infos-droitshumains.net\\\/?p=17777#primaryimage\"},\"image\":{\"@id\":\"https:\\\/\\\/infos-droitshumains.net\\\/?p=17777#primaryimage\"},\"thumbnailUrl\":\"https:\\\/\\\/i0.wp.com\\\/infos-droitshumains.net\\\/wp-content\\\/uploads\\\/2026\\\/02\\\/Composition1.jpg?fit=1653%2C1023&ssl=1\",\"datePublished\":\"2026-02-11T00:30:35+00:00\",\"dateModified\":\"2026-02-11T00:36:02+00:00\",\"breadcrumb\":{\"@id\":\"https:\\\/\\\/infos-droitshumains.net\\\/?p=17777#breadcrumb\"},\"inLanguage\":\"fr-FR\",\"potentialAction\":[{\"@type\":\"ReadAction\",\"target\":[\"https:\\\/\\\/infos-droitshumains.net\\\/?p=17777\"]}]},{\"@type\":\"ImageObject\",\"inLanguage\":\"fr-FR\",\"@id\":\"https:\\\/\\\/infos-droitshumains.net\\\/?p=17777#primaryimage\",\"url\":\"https:\\\/\\\/i0.wp.com\\\/infos-droitshumains.net\\\/wp-content\\\/uploads\\\/2026\\\/02\\\/Composition1.jpg?fit=1653%2C1023&ssl=1\",\"contentUrl\":\"https:\\\/\\\/i0.wp.com\\\/infos-droitshumains.net\\\/wp-content\\\/uploads\\\/2026\\\/02\\\/Composition1.jpg?fit=1653%2C1023&ssl=1\",\"width\":1653,\"height\":1023},{\"@type\":\"BreadcrumbList\",\"@id\":\"https:\\\/\\\/infos-droitshumains.net\\\/?p=17777#breadcrumb\",\"itemListElement\":[{\"@type\":\"ListItem\",\"position\":1,\"name\":\"Accueil\",\"item\":\"https:\\\/\\\/infos-droitshumains.net\\\/\"},{\"@type\":\"ListItem\",\"position\":2,\"name\":\"D\u00e9c\u00e8s de Jean Jacques Lombela : l\u2019UNCC sous le choc, Merlin Kamalandua pour un leadership marqu\u00e9 par la solidarit\u00e9 et l\u2019attachement aux cameramen\"}]},{\"@type\":\"WebSite\",\"@id\":\"https:\\\/\\\/infos-droitshumains.net\\\/#website\",\"url\":\"https:\\\/\\\/infos-droitshumains.net\\\/\",\"name\":\"Infos Droits Humains\",\"description\":\"S&#039;informer est un droit\",\"publisher\":{\"@id\":\"https:\\\/\\\/infos-droitshumains.net\\\/#organization\"},\"potentialAction\":[{\"@type\":\"SearchAction\",\"target\":{\"@type\":\"EntryPoint\",\"urlTemplate\":\"https:\\\/\\\/infos-droitshumains.net\\\/?s={search_term_string}\"},\"query-input\":{\"@type\":\"PropertyValueSpecification\",\"valueRequired\":true,\"valueName\":\"search_term_string\"}}],\"inLanguage\":\"fr-FR\"},{\"@type\":\"Organization\",\"@id\":\"https:\\\/\\\/infos-droitshumains.net\\\/#organization\",\"name\":\"Infos Droits Humains\",\"url\":\"https:\\\/\\\/infos-droitshumains.net\\\/\",\"logo\":{\"@type\":\"ImageObject\",\"inLanguage\":\"fr-FR\",\"@id\":\"https:\\\/\\\/infos-droitshumains.net\\\/#\\\/schema\\\/logo\\\/image\\\/\",\"url\":\"https:\\\/\\\/i0.wp.com\\\/infos-droitshumains.net\\\/wp-content\\\/uploads\\\/2022\\\/05\\\/Logo.png?fit=333%2C129&ssl=1\",\"contentUrl\":\"https:\\\/\\\/i0.wp.com\\\/infos-droitshumains.net\\\/wp-content\\\/uploads\\\/2022\\\/05\\\/Logo.png?fit=333%2C129&ssl=1\",\"width\":333,\"height\":129,\"caption\":\"Infos Droits Humains\"},\"image\":{\"@id\":\"https:\\\/\\\/infos-droitshumains.net\\\/#\\\/schema\\\/logo\\\/image\\\/\"}},{\"@type\":\"Person\",\"@id\":\"https:\\\/\\\/infos-droitshumains.net\\\/#\\\/schema\\\/person\\\/3dc5e921c3302172e0ed4362f96faab7\",\"name\":\"Jo\u00ebl Diawa\",\"image\":{\"@type\":\"ImageObject\",\"inLanguage\":\"fr-FR\",\"@id\":\"https:\\\/\\\/secure.gravatar.com\\\/avatar\\\/729bea6ff4604c624417803c477363be8e3c7186deaa65713313f9b4b820f41c?s=96&d=mm&r=g\",\"url\":\"https:\\\/\\\/secure.gravatar.com\\\/avatar\\\/729bea6ff4604c624417803c477363be8e3c7186deaa65713313f9b4b820f41c?s=96&d=mm&r=g\",\"contentUrl\":\"https:\\\/\\\/secure.gravatar.com\\\/avatar\\\/729bea6ff4604c624417803c477363be8e3c7186deaa65713313f9b4b820f41c?s=96&d=mm&r=g\",\"caption\":\"Jo\u00ebl Diawa\"},\"sameAs\":[\"https:\\\/\\\/www.infos-droitshumains.net\"],\"url\":\"https:\\\/\\\/infos-droitshumains.net\\\/?author=2\"}]}<\/script>\n<!-- \/ Yoast SEO plugin. -->","yoast_head_json":{"title":"D\u00e9c\u00e8s de Jean Jacques Lombela : l\u2019UNCC sous le choc, Merlin Kamalandua pour un leadership marqu\u00e9 par la solidarit\u00e9 et l\u2019attachement aux cameramen - Infos Droits Humains","robots":{"index":"index","follow":"follow","max-snippet":"max-snippet:-1","max-image-preview":"max-image-preview:large","max-video-preview":"max-video-preview:-1"},"canonical":"https:\/\/infos-droitshumains.net\/?p=17777","og_locale":"fr_FR","og_type":"article","og_title":"D\u00e9c\u00e8s de Jean Jacques Lombela : l\u2019UNCC sous le choc, Merlin Kamalandua pour un leadership marqu\u00e9 par la solidarit\u00e9 et l\u2019attachement aux cameramen - Infos Droits Humains","og_description":"R\u00e9daction: +243 817 406 088 La grande famille des professionnels de l\u2019image est en deuil....","og_url":"https:\/\/infos-droitshumains.net\/?p=17777","og_site_name":"Infos Droits Humains","article_published_time":"2026-02-11T00:30:35+00:00","article_modified_time":"2026-02-11T00:36:02+00:00","og_image":[{"width":1653,"height":1023,"url":"https:\/\/infos-droitshumains.net\/wp-content\/uploads\/2026\/02\/Composition1.jpg","type":"image\/jpeg"}],"author":"Jo\u00ebl Diawa","twitter_card":"summary_large_image","twitter_misc":{"\u00c9crit par":"Jo\u00ebl Diawa","Dur\u00e9e de lecture estim\u00e9e":"2 minutes"},"schema":{"@context":"https:\/\/schema.org","@graph":[{"@type":"Article","@id":"https:\/\/infos-droitshumains.net\/?p=17777#article","isPartOf":{"@id":"https:\/\/infos-droitshumains.net\/?p=17777"},"author":{"name":"Jo\u00ebl Diawa","@id":"https:\/\/infos-droitshumains.net\/#\/schema\/person\/3dc5e921c3302172e0ed4362f96faab7"},"headline":"D\u00e9c\u00e8s de Jean Jacques Lombela : l\u2019UNCC sous le choc, Merlin Kamalandua pour un leadership marqu\u00e9 par la solidarit\u00e9 et l\u2019attachement aux cameramen","datePublished":"2026-02-11T00:30:35+00:00","dateModified":"2026-02-11T00:36:02+00:00","mainEntityOfPage":{"@id":"https:\/\/infos-droitshumains.net\/?p=17777"},"wordCount":403,"commentCount":0,"publisher":{"@id":"https:\/\/infos-droitshumains.net\/#organization"},"image":{"@id":"https:\/\/infos-droitshumains.net\/?p=17777#primaryimage"},"thumbnailUrl":"https:\/\/i0.wp.com\/infos-droitshumains.net\/wp-content\/uploads\/2026\/02\/Composition1.jpg?fit=1653%2C1023&ssl=1","articleSection":["Soci\u00e9t\u00e9"],"inLanguage":"fr-FR","potentialAction":[{"@type":"CommentAction","name":"Comment","target":["https:\/\/infos-droitshumains.net\/?p=17777#respond"]}]},{"@type":"WebPage","@id":"https:\/\/infos-droitshumains.net\/?p=17777","url":"https:\/\/infos-droitshumains.net\/?p=17777","name":"D\u00e9c\u00e8s de Jean Jacques Lombela : l\u2019UNCC sous le choc, Merlin Kamalandua pour un leadership marqu\u00e9 par la solidarit\u00e9 et l\u2019attachement aux cameramen - Infos Droits Humains","isPartOf":{"@id":"https:\/\/infos-droitshumains.net\/#website"},"primaryImageOfPage":{"@id":"https:\/\/infos-droitshumains.net\/?p=17777#primaryimage"},"image":{"@id":"https:\/\/infos-droitshumains.net\/?p=17777#primaryimage"},"thumbnailUrl":"https:\/\/i0.wp.com\/infos-droitshumains.net\/wp-content\/uploads\/2026\/02\/Composition1.jpg?fit=1653%2C1023&ssl=1","datePublished":"2026-02-11T00:30:35+00:00","dateModified":"2026-02-11T00:36:02+00:00","breadcrumb":{"@id":"https:\/\/infos-droitshumains.net\/?p=17777#breadcrumb"},"inLanguage":"fr-FR","potentialAction":[{"@type":"ReadAction","target":["https:\/\/infos-droitshumains.net\/?p=17777"]}]},{"@type":"ImageObject","inLanguage":"fr-FR","@id":"https:\/\/infos-droitshumains.net\/?p=17777#primaryimage","url":"https:\/\/i0.wp.com\/infos-droitshumains.net\/wp-content\/uploads\/2026\/02\/Composition1.jpg?fit=1653%2C1023&ssl=1","contentUrl":"https:\/\/i0.wp.com\/infos-droitshumains.net\/wp-content\/uploads\/2026\/02\/Composition1.jpg?fit=1653%2C1023&ssl=1","width":1653,"height":1023},{"@type":"BreadcrumbList","@id":"https:\/\/infos-droitshumains.net\/?p=17777#breadcrumb","itemListElement":[{"@type":"ListItem","position":1,"name":"Accueil","item":"https:\/\/infos-droitshumains.net\/"},{"@type":"ListItem","position":2,"name":"D\u00e9c\u00e8s de Jean Jacques Lombela : l\u2019UNCC sous le choc, Merlin Kamalandua pour un leadership marqu\u00e9 par la solidarit\u00e9 et l\u2019attachement aux cameramen"}]},{"@type":"WebSite","@id":"https:\/\/infos-droitshumains.net\/#website","url":"https:\/\/infos-droitshumains.net\/","name":"Infos Droits Humains","description":"S&#039;informer est un droit","publisher":{"@id":"https:\/\/infos-droitshumains.net\/#organization"},"potentialAction":[{"@type":"SearchAction","target":{"@type":"EntryPoint","urlTemplate":"https:\/\/infos-droitshumains.net\/?s={search_term_string}"},"query-input":{"@type":"PropertyValueSpecification","valueRequired":true,"valueName":"search_term_string"}}],"inLanguage":"fr-FR"},{"@type":"Organization","@id":"https:\/\/infos-droitshumains.net\/#organization","name":"Infos Droits Humains","url":"https:\/\/infos-droitshumains.net\/","logo":{"@type":"ImageObject","inLanguage":"fr-FR","@id":"https:\/\/infos-droitshumains.net\/#\/schema\/logo\/image\/","url":"https:\/\/i0.wp.com\/infos-droitshumains.net\/wp-content\/uploads\/2022\/05\/Logo.png?fit=333%2C129&ssl=1","contentUrl":"https:\/\/i0.wp.com\/infos-droitshumains.net\/wp-content\/uploads\/2022\/05\/Logo.png?fit=333%2C129&ssl=1","width":333,"height":129,"caption":"Infos Droits Humains"},"image":{"@id":"https:\/\/infos-droitshumains.net\/#\/schema\/logo\/image\/"}},{"@type":"Person","@id":"https:\/\/infos-droitshumains.net\/#\/schema\/person\/3dc5e921c3302172e0ed4362f96faab7","name":"Jo\u00ebl Diawa","image":{"@type":"ImageObject","inLanguage":"fr-FR","@id":"https:\/\/secure.gravatar.com\/avatar\/729bea6ff4604c624417803c477363be8e3c7186deaa65713313f9b4b820f41c?s=96&d=mm&r=g","url":"https:\/\/secure.gravatar.com\/avatar\/729bea6ff4604c624417803c477363be8e3c7186deaa65713313f9b4b820f41c?s=96&d=mm&r=g","contentUrl":"https:\/\/secure.gravatar.com\/avatar\/729bea6ff4604c624417803c477363be8e3c7186deaa65713313f9b4b820f41c?s=96&d=mm&r=g","caption":"Jo\u00ebl Diawa"},"sameAs":["https:\/\/www.infos-droitshumains.net"],"url":"https:\/\/infos-droitshumains.net\/?author=2"}]}},"featured_image_urls":{"full":["https:\/\/i0.wp.com\/infos-droitshumains.net\/wp-content\/uploads\/2026\/02\/Composition1.jpg?fit=1653%2C1023&ssl=1",1653,1023,false],"thumbnail":["https:\/\/i0.wp.com\/infos-droitshumains.net\/wp-content\/uploads\/2026\/02\/Composition1.jpg?resize=150%2C150&ssl=1",150,150,true],"medium":["https:\/\/i0.wp.com\/infos-droitshumains.net\/wp-content\/uploads\/2026\/02\/Composition1.jpg?fit=300%2C186&ssl=1",300,186,true],"medium_large":["https:\/\/i0.wp.com\/infos-droitshumains.net\/wp-content\/uploads\/2026\/02\/Composition1.jpg?fit=640%2C396&ssl=1",640,396,true],"large":["https:\/\/i0.wp.com\/infos-droitshumains.net\/wp-content\/uploads\/2026\/02\/Composition1.jpg?fit=640%2C396&ssl=1",640,396,true],"1536x1536":["https:\/\/i0.wp.com\/infos-droitshumains.net\/wp-content\/uploads\/2026\/02\/Composition1.jpg?fit=1536%2C951&ssl=1",1536,951,true],"2048x2048":["https:\/\/i0.wp.com\/infos-droitshumains.net\/wp-content\/uploads\/2026\/02\/Composition1.jpg?fit=1653%2C1023&ssl=1",1653,1023,true],"covernews-slider-full":["https:\/\/i0.wp.com\/infos-droitshumains.net\/wp-content\/uploads\/2026\/02\/Composition1.jpg?resize=1115%2C715&ssl=1",1115,715,true],"covernews-slider-center":["https:\/\/i0.wp.com\/infos-droitshumains.net\/wp-content\/uploads\/2026\/02\/Composition1.jpg?resize=800%2C500&ssl=1",800,500,true],"covernews-featured":["https:\/\/i0.wp.com\/infos-droitshumains.net\/wp-content\/uploads\/2026\/02\/Composition1.jpg?fit=1024%2C634&ssl=1",1024,634,true],"covernews-medium":["https:\/\/i0.wp.com\/infos-droitshumains.net\/wp-content\/uploads\/2026\/02\/Composition1.jpg?resize=540%2C340&ssl=1",540,340,true],"covernews-medium-square":["https:\/\/i0.wp.com\/infos-droitshumains.net\/wp-content\/uploads\/2026\/02\/Composition1.jpg?resize=400%2C250&ssl=1",400,250,true]},"author_info":{"display_name":"Jo\u00ebl Diawa","author_link":"https:\/\/infos-droitshumains.net\/?author=2"},"category_info":"<a href=\"https:\/\/infos-droitshumains.net\/?cat=8\" rel=\"category\">Soci\u00e9t\u00e9<\/a>","tag_info":"Soci\u00e9t\u00e9","comment_count":"0","jetpack_featured_media_url":"https:\/\/i0.wp.com\/infos-droitshumains.net\/wp-content\/uploads\/2026\/02\/Composition1.jpg?fit=1653%2C1023&ssl=1","jetpack-related-posts":[],"jetpack_sharing_enabled":true,"_links":{"self":[{"href":"https:\/\/infos-droitshumains.net\/index.php?rest_route=\/wp\/v2\/posts\/17777","targetHints":{"allow":["GET"]}}],"collection":[{"href":"https:\/\/infos-droitshumains.net\/index.php?rest_route=\/wp\/v2\/posts"}],"about":[{"href":"https:\/\/infos-droitshumains.net\/index.php?rest_route=\/wp\/v2\/types\/post"}],"author":[{"embeddable":true,"href":"https:\/\/infos-droitshumains.net\/index.php?rest_route=\/wp\/v2\/users\/2"}],"replies":[{"embeddable":true,"href":"https:\/\/infos-droitshumains.net\/index.php?rest_route=%2Fwp%2Fv2%2Fcomments&post=17777"}],"version-history":[{"count":1,"href":"https:\/\/infos-droitshumains.net\/index.php?rest_route=\/wp\/v2\/posts\/17777\/revisions"}],"predecessor-version":[{"id":17779,"href":"https:\/\/infos-droitshumains.net\/index.php?rest_route=\/wp\/v2\/posts\/17777\/revisions\/17779"}],"wp:featuredmedia":[{"embeddable":true,"href":"https:\/\/infos-droitshumains.net\/index.php?rest_route=\/wp\/v2\/media\/17780"}],"wp:attachment":[{"href":"https:\/\/infos-droitshumains.net\/index.php?rest_route=%2Fwp%2Fv2%2Fmedia&parent=17777"}],"wp:term":[{"taxonomy":"category","embeddable":true,"href":"https:\/\/infos-droitshumains.net\/index.php?rest_route=%2Fwp%2Fv2%2Fcategories&post=17777"},{"taxonomy":"post_tag","embeddable":true,"href":"https:\/\/infos-droitshumains.net\/index.php?rest_route=%2Fwp%2Fv2%2Ftags&post=17777"}],"curies":[{"name":"wp","href":"https:\/\/api.w.org\/{rel}","templated":true}]}}