{"id":1773,"date":"2022-02-04T13:00:23","date_gmt":"2022-02-04T12:00:23","guid":{"rendered":"https:\/\/infos-droitshumains.net\/?p=1773"},"modified":"2023-04-06T12:10:31","modified_gmt":"2023-04-06T10:10:31","slug":"drame-a-matadi-kibala-tueries-a-lest-de-la-rdc-la-generation-positive-charge-le-vpm-aselo-okito","status":"publish","type":"post","link":"https:\/\/infos-droitshumains.net\/?p=1773","title":{"rendered":"Drame \u00e0 Matadi kibala, tueries \u00e0 l&rsquo;Est de la RDC: La G\u00e9n\u00e9ration Positive charge le VPM Aselo Okito"},"content":{"rendered":"\n<p><strong>R\u00e9daction :+243817406088<\/strong><\/p>\n\n\n\n<p>En l\u2019espace de deux jours, la RDC a enregistr\u00e9 plus d&rsquo;une cinquantaine des morts. D\u2019un c\u00f4t\u00e9, l\u2019accident du mercredi 02 f\u00e9vrier au march\u00e9 de Matadi-Kibala ayant caus\u00e9 26 morts, de l&rsquo;autre, l&rsquo;attaque du camp des refugi\u00e9s \u00e0 Djugu dans la province de l\u2019Ituri avec ses 24 morts, \u00e0 cel\u00e0 s&rsquo;ajoute les accidents de circulations qui ont \u00e9galement co\u00fbt\u00e9 les vies humaines cette semaine \u00e0 Kinshasa, sans compter d\u2019autres  morts que le pays enregistre chaque jour.<\/p>\n\n\n\n<p>Face \u00e0 tous ces \u00e9v\u00e9nements malheureux, le coordonnateur du courant politique <strong>\u00abG\u00e9n\u00e9ration Positive\u00bb<\/strong> n\u2019est pas all\u00e9 au dos de la cuill\u00e8re pour d\u00e9plorer <em>\u00abla l\u00e9g\u00e8ret\u00e9 avec laquelle la cit\u00e9 est g\u00e9r\u00e9e \u00e0 ce jour au niveau des entit\u00e9s territoriales de base\u00bb.<\/em><\/p>\n\n\n\n<p>A en croire Ben Shanal Kimoni, <em>\u00abplusieurs collaborateurs du chef de l&rsquo;\u00c9tat ne l&rsquo;aident pas \u00e0 concr\u00e9tiser la vision qu&rsquo;il d\u00e9veloppe pour la RDC\u00bb<\/em>. <em>\u00abLa majorit\u00e9 dans leurs responsabilit\u00e9s se contente de tirer les gains et avantages que procure le pouvoir en lieu et place de regarder dans la m\u00eame direction que le Chef de l&rsquo;\u00c9tat et l&rsquo;accompagner \u00e0 atteindre ses objectifs pour le bien du Congo\u00bb<\/em> a-t-il ajout\u00e9.<\/p>\n\n\n\n<p>Le coordonnateur de la G+ n\u2019a pas eu sa langue dans la poche pour tacler les bourgmestres, maires des villes, chefs des secteurs et d&rsquo;autres dirigeants au niveau de la base.<\/p>\n\n\n\n<p><em>\u00abQue font tous ces gens-l\u00e0 \u00e0 la base pour repr\u00e9senter dignement le Chef de l&rsquo;Etat dans leurs juridictions politico-administratives respectives\u00bb <\/em>s\u2019est-il interrog\u00e9 avant de poursuivre: <em>\u00abAu regard de leurs actions, rien ne d\u00e9montre qu&rsquo;ils sont dans la vision politique du Chef de l&rsquo;Etat. Ils se contentent des oripeaux du pouvoir sans se mettre s\u00e9rieusement au service du peuple, ils travaillent toujours avec les r\u00e9flexes de l&rsquo;ancien r\u00e9gime qui ne s&rsquo;int\u00e9ressait pas \u00e0 placer le peuple au centre de leurs actions politiques\u00bb.<\/em><\/p>\n\n\n\n<p>Pour corriger cette erreur, G\u00e9n\u00e9ration Positive au-travers de son coordonnateur national Ben Shanal Kimoni pense qu&rsquo;il est temps que <em><strong>\u00able Vice-premier ministre, ministre de l\u2019int\u00e9rieur puisse r\u00e9am\u00e9nager les institutions \u00e0 la base qui, d&rsquo;ailleurs, souffrent de l\u00e9gitimit\u00e9 depuis 2006 par manque d&rsquo;organisation des \u00e9lection\u00bb.<\/strong><\/em><\/p>\n\n\n\n<p>En attendant la tenue des \u00e9lections locales et municipales, Ben Shanal Kimoni exhorte le VPM de l&rsquo;int\u00e9rieur \u00e0<strong><em> \u00abremplacer\u00bb<\/em> <\/strong>urgemment ces bourgmestres <strong><em>\u00abnomm\u00e9s sur fond de client\u00e9lisme, n\u00e9potisme, r\u00e9gionalisme\u00bb<\/em><\/strong>, par des personnes aptes et dispos\u00e9es \u00e0 accompagner le Chef de l\u2019Etat dans les efforts qu\u2019il d\u00e9ploie pour obtenir un Congo digne, solidaire et prosp\u00e8re ; et que des personnalit\u00e9s qui seront d\u00e9sign\u00e9es soient  en majorit\u00e9 <em><strong>\u00abpuis\u00e9es dans la jeunesse montante qui meurt d&rsquo;envie de participer \u00e0 la concr\u00e9tisation du Congo de nos r\u00eaves en partant de la base\u00bb.<\/strong><\/em><\/p>\n\n\n\n<p>Notons que la G\u00e9n\u00e9ration Positive comme courant politique milite depuis plus d&rsquo;une d\u00e9cennie dans la formation et la conscientisation des jeunes pour le bien du Congo. Elle se d\u00e9finit comme \u00e9tant <strong>\u00abl&rsquo;engagement patriotique des jeunes pour le Changement positif de la RDC d\u00e8s maintenant\u00bb.<\/strong><\/p>\n\n\n\n<p>Jo\u00ebl Diawa<\/p>\n","protected":false},"excerpt":{"rendered":"<p>R\u00e9daction :+243817406088 En l\u2019espace de deux jours, la RDC a enregistr\u00e9 plus d&rsquo;une cinquantaine des&#8230;<\/p>\n","protected":false},"author":2,"featured_media":0,"comment_status":"closed","ping_status":"open","sticky":false,"template":"","format":"standard","meta":{"_jetpack_memberships_contains_paid_content":false,"footnotes":""},"categories":[1],"tags":[],"class_list":["post-1773","post","type-post","status-publish","format-standard","hentry","category-non-classe"],"yoast_head":"<!-- This site is optimized with the Yoast SEO plugin v27.5 - https:\/\/yoast.com\/product\/yoast-seo-wordpress\/ -->\n<title>Drame \u00e0 Matadi kibala, tueries \u00e0 l&#039;Est de la RDC: La G\u00e9n\u00e9ration Positive charge le VPM Aselo Okito - Infos Droits Humains<\/title>\n<meta name=\"robots\" content=\"index, follow, max-snippet:-1, max-image-preview:large, max-video-preview:-1\" \/>\n<link rel=\"canonical\" href=\"https:\/\/infos-droitshumains.net\/?p=1773\" \/>\n<meta property=\"og:locale\" content=\"fr_FR\" \/>\n<meta property=\"og:type\" content=\"article\" \/>\n<meta property=\"og:title\" content=\"Drame \u00e0 Matadi kibala, tueries \u00e0 l&#039;Est de la RDC: La G\u00e9n\u00e9ration Positive charge le VPM Aselo Okito - Infos Droits Humains\" \/>\n<meta property=\"og:description\" content=\"R\u00e9daction :+243817406088 En l\u2019espace de deux jours, la RDC a enregistr\u00e9 plus d&rsquo;une cinquantaine des...\" \/>\n<meta property=\"og:url\" content=\"https:\/\/infos-droitshumains.net\/?p=1773\" \/>\n<meta property=\"og:site_name\" content=\"Infos Droits Humains\" \/>\n<meta property=\"article:published_time\" content=\"2022-02-04T12:00:23+00:00\" \/>\n<meta property=\"article:modified_time\" content=\"2023-04-06T10:10:31+00:00\" \/>\n<meta name=\"author\" content=\"Jo\u00ebl Diawa\" \/>\n<meta name=\"twitter:card\" content=\"summary_large_image\" \/>\n<meta name=\"twitter:label1\" content=\"\u00c9crit par\" \/>\n\t<meta name=\"twitter:data1\" content=\"Jo\u00ebl Diawa\" \/>\n\t<meta name=\"twitter:label2\" content=\"Dur\u00e9e de lecture estim\u00e9e\" \/>\n\t<meta name=\"twitter:data2\" content=\"3 minutes\" \/>\n<script type=\"application\/ld+json\" class=\"yoast-schema-graph\">{\"@context\":\"https:\\\/\\\/schema.org\",\"@graph\":[{\"@type\":\"Article\",\"@id\":\"https:\\\/\\\/infos-droitshumains.net\\\/?p=1773#article\",\"isPartOf\":{\"@id\":\"https:\\\/\\\/infos-droitshumains.net\\\/?p=1773\"},\"author\":{\"name\":\"Jo\u00ebl Diawa\",\"@id\":\"https:\\\/\\\/infos-droitshumains.net\\\/#\\\/schema\\\/person\\\/3dc5e921c3302172e0ed4362f96faab7\"},\"headline\":\"Drame \u00e0 Matadi kibala, tueries \u00e0 l&rsquo;Est de la RDC: La G\u00e9n\u00e9ration Positive charge le VPM Aselo Okito\",\"datePublished\":\"2022-02-04T12:00:23+00:00\",\"dateModified\":\"2023-04-06T10:10:31+00:00\",\"mainEntityOfPage\":{\"@id\":\"https:\\\/\\\/infos-droitshumains.net\\\/?p=1773\"},\"wordCount\":540,\"publisher\":{\"@id\":\"https:\\\/\\\/infos-droitshumains.net\\\/#organization\"},\"inLanguage\":\"fr-FR\"},{\"@type\":\"WebPage\",\"@id\":\"https:\\\/\\\/infos-droitshumains.net\\\/?p=1773\",\"url\":\"https:\\\/\\\/infos-droitshumains.net\\\/?p=1773\",\"name\":\"Drame \u00e0 Matadi kibala, tueries \u00e0 l'Est de la RDC: La G\u00e9n\u00e9ration Positive charge le VPM Aselo Okito - Infos Droits Humains\",\"isPartOf\":{\"@id\":\"https:\\\/\\\/infos-droitshumains.net\\\/#website\"},\"datePublished\":\"2022-02-04T12:00:23+00:00\",\"dateModified\":\"2023-04-06T10:10:31+00:00\",\"breadcrumb\":{\"@id\":\"https:\\\/\\\/infos-droitshumains.net\\\/?p=1773#breadcrumb\"},\"inLanguage\":\"fr-FR\",\"potentialAction\":[{\"@type\":\"ReadAction\",\"target\":[\"https:\\\/\\\/infos-droitshumains.net\\\/?p=1773\"]}]},{\"@type\":\"BreadcrumbList\",\"@id\":\"https:\\\/\\\/infos-droitshumains.net\\\/?p=1773#breadcrumb\",\"itemListElement\":[{\"@type\":\"ListItem\",\"position\":1,\"name\":\"Accueil\",\"item\":\"https:\\\/\\\/infos-droitshumains.net\\\/\"},{\"@type\":\"ListItem\",\"position\":2,\"name\":\"Drame \u00e0 Matadi kibala, tueries \u00e0 l&rsquo;Est de la RDC: La G\u00e9n\u00e9ration Positive charge le VPM Aselo Okito\"}]},{\"@type\":\"WebSite\",\"@id\":\"https:\\\/\\\/infos-droitshumains.net\\\/#website\",\"url\":\"https:\\\/\\\/infos-droitshumains.net\\\/\",\"name\":\"Infos Droits Humains\",\"description\":\"S&#039;informer est un droit\",\"publisher\":{\"@id\":\"https:\\\/\\\/infos-droitshumains.net\\\/#organization\"},\"potentialAction\":[{\"@type\":\"SearchAction\",\"target\":{\"@type\":\"EntryPoint\",\"urlTemplate\":\"https:\\\/\\\/infos-droitshumains.net\\\/?s={search_term_string}\"},\"query-input\":{\"@type\":\"PropertyValueSpecification\",\"valueRequired\":true,\"valueName\":\"search_term_string\"}}],\"inLanguage\":\"fr-FR\"},{\"@type\":\"Organization\",\"@id\":\"https:\\\/\\\/infos-droitshumains.net\\\/#organization\",\"name\":\"Infos Droits Humains\",\"url\":\"https:\\\/\\\/infos-droitshumains.net\\\/\",\"logo\":{\"@type\":\"ImageObject\",\"inLanguage\":\"fr-FR\",\"@id\":\"https:\\\/\\\/infos-droitshumains.net\\\/#\\\/schema\\\/logo\\\/image\\\/\",\"url\":\"https:\\\/\\\/i0.wp.com\\\/infos-droitshumains.net\\\/wp-content\\\/uploads\\\/2022\\\/05\\\/Logo.png?fit=333%2C129&ssl=1\",\"contentUrl\":\"https:\\\/\\\/i0.wp.com\\\/infos-droitshumains.net\\\/wp-content\\\/uploads\\\/2022\\\/05\\\/Logo.png?fit=333%2C129&ssl=1\",\"width\":333,\"height\":129,\"caption\":\"Infos Droits Humains\"},\"image\":{\"@id\":\"https:\\\/\\\/infos-droitshumains.net\\\/#\\\/schema\\\/logo\\\/image\\\/\"}},{\"@type\":\"Person\",\"@id\":\"https:\\\/\\\/infos-droitshumains.net\\\/#\\\/schema\\\/person\\\/3dc5e921c3302172e0ed4362f96faab7\",\"name\":\"Jo\u00ebl Diawa\",\"image\":{\"@type\":\"ImageObject\",\"inLanguage\":\"fr-FR\",\"@id\":\"https:\\\/\\\/secure.gravatar.com\\\/avatar\\\/729bea6ff4604c624417803c477363be8e3c7186deaa65713313f9b4b820f41c?s=96&d=mm&r=g\",\"url\":\"https:\\\/\\\/secure.gravatar.com\\\/avatar\\\/729bea6ff4604c624417803c477363be8e3c7186deaa65713313f9b4b820f41c?s=96&d=mm&r=g\",\"contentUrl\":\"https:\\\/\\\/secure.gravatar.com\\\/avatar\\\/729bea6ff4604c624417803c477363be8e3c7186deaa65713313f9b4b820f41c?s=96&d=mm&r=g\",\"caption\":\"Jo\u00ebl Diawa\"},\"sameAs\":[\"https:\\\/\\\/www.infos-droitshumains.net\"],\"url\":\"https:\\\/\\\/infos-droitshumains.net\\\/?author=2\"}]}<\/script>\n<!-- \/ Yoast SEO plugin. -->","yoast_head_json":{"title":"Drame \u00e0 Matadi kibala, tueries \u00e0 l'Est de la RDC: La G\u00e9n\u00e9ration Positive charge le VPM Aselo Okito - Infos Droits Humains","robots":{"index":"index","follow":"follow","max-snippet":"max-snippet:-1","max-image-preview":"max-image-preview:large","max-video-preview":"max-video-preview:-1"},"canonical":"https:\/\/infos-droitshumains.net\/?p=1773","og_locale":"fr_FR","og_type":"article","og_title":"Drame \u00e0 Matadi kibala, tueries \u00e0 l'Est de la RDC: La G\u00e9n\u00e9ration Positive charge le VPM Aselo Okito - Infos Droits Humains","og_description":"R\u00e9daction :+243817406088 En l\u2019espace de deux jours, la RDC a enregistr\u00e9 plus d&rsquo;une cinquantaine des...","og_url":"https:\/\/infos-droitshumains.net\/?p=1773","og_site_name":"Infos Droits Humains","article_published_time":"2022-02-04T12:00:23+00:00","article_modified_time":"2023-04-06T10:10:31+00:00","author":"Jo\u00ebl Diawa","twitter_card":"summary_large_image","twitter_misc":{"\u00c9crit par":"Jo\u00ebl Diawa","Dur\u00e9e de lecture estim\u00e9e":"3 minutes"},"schema":{"@context":"https:\/\/schema.org","@graph":[{"@type":"Article","@id":"https:\/\/infos-droitshumains.net\/?p=1773#article","isPartOf":{"@id":"https:\/\/infos-droitshumains.net\/?p=1773"},"author":{"name":"Jo\u00ebl Diawa","@id":"https:\/\/infos-droitshumains.net\/#\/schema\/person\/3dc5e921c3302172e0ed4362f96faab7"},"headline":"Drame \u00e0 Matadi kibala, tueries \u00e0 l&rsquo;Est de la RDC: La G\u00e9n\u00e9ration Positive charge le VPM Aselo Okito","datePublished":"2022-02-04T12:00:23+00:00","dateModified":"2023-04-06T10:10:31+00:00","mainEntityOfPage":{"@id":"https:\/\/infos-droitshumains.net\/?p=1773"},"wordCount":540,"publisher":{"@id":"https:\/\/infos-droitshumains.net\/#organization"},"inLanguage":"fr-FR"},{"@type":"WebPage","@id":"https:\/\/infos-droitshumains.net\/?p=1773","url":"https:\/\/infos-droitshumains.net\/?p=1773","name":"Drame \u00e0 Matadi kibala, tueries \u00e0 l'Est de la RDC: La G\u00e9n\u00e9ration Positive charge le VPM Aselo Okito - Infos Droits Humains","isPartOf":{"@id":"https:\/\/infos-droitshumains.net\/#website"},"datePublished":"2022-02-04T12:00:23+00:00","dateModified":"2023-04-06T10:10:31+00:00","breadcrumb":{"@id":"https:\/\/infos-droitshumains.net\/?p=1773#breadcrumb"},"inLanguage":"fr-FR","potentialAction":[{"@type":"ReadAction","target":["https:\/\/infos-droitshumains.net\/?p=1773"]}]},{"@type":"BreadcrumbList","@id":"https:\/\/infos-droitshumains.net\/?p=1773#breadcrumb","itemListElement":[{"@type":"ListItem","position":1,"name":"Accueil","item":"https:\/\/infos-droitshumains.net\/"},{"@type":"ListItem","position":2,"name":"Drame \u00e0 Matadi kibala, tueries \u00e0 l&rsquo;Est de la RDC: La G\u00e9n\u00e9ration Positive charge le VPM Aselo Okito"}]},{"@type":"WebSite","@id":"https:\/\/infos-droitshumains.net\/#website","url":"https:\/\/infos-droitshumains.net\/","name":"Infos Droits Humains","description":"S&#039;informer est un droit","publisher":{"@id":"https:\/\/infos-droitshumains.net\/#organization"},"potentialAction":[{"@type":"SearchAction","target":{"@type":"EntryPoint","urlTemplate":"https:\/\/infos-droitshumains.net\/?s={search_term_string}"},"query-input":{"@type":"PropertyValueSpecification","valueRequired":true,"valueName":"search_term_string"}}],"inLanguage":"fr-FR"},{"@type":"Organization","@id":"https:\/\/infos-droitshumains.net\/#organization","name":"Infos Droits Humains","url":"https:\/\/infos-droitshumains.net\/","logo":{"@type":"ImageObject","inLanguage":"fr-FR","@id":"https:\/\/infos-droitshumains.net\/#\/schema\/logo\/image\/","url":"https:\/\/i0.wp.com\/infos-droitshumains.net\/wp-content\/uploads\/2022\/05\/Logo.png?fit=333%2C129&ssl=1","contentUrl":"https:\/\/i0.wp.com\/infos-droitshumains.net\/wp-content\/uploads\/2022\/05\/Logo.png?fit=333%2C129&ssl=1","width":333,"height":129,"caption":"Infos Droits Humains"},"image":{"@id":"https:\/\/infos-droitshumains.net\/#\/schema\/logo\/image\/"}},{"@type":"Person","@id":"https:\/\/infos-droitshumains.net\/#\/schema\/person\/3dc5e921c3302172e0ed4362f96faab7","name":"Jo\u00ebl Diawa","image":{"@type":"ImageObject","inLanguage":"fr-FR","@id":"https:\/\/secure.gravatar.com\/avatar\/729bea6ff4604c624417803c477363be8e3c7186deaa65713313f9b4b820f41c?s=96&d=mm&r=g","url":"https:\/\/secure.gravatar.com\/avatar\/729bea6ff4604c624417803c477363be8e3c7186deaa65713313f9b4b820f41c?s=96&d=mm&r=g","contentUrl":"https:\/\/secure.gravatar.com\/avatar\/729bea6ff4604c624417803c477363be8e3c7186deaa65713313f9b4b820f41c?s=96&d=mm&r=g","caption":"Jo\u00ebl Diawa"},"sameAs":["https:\/\/www.infos-droitshumains.net"],"url":"https:\/\/infos-droitshumains.net\/?author=2"}]}},"featured_image_urls":{"full":"","thumbnail":"","medium":"","medium_large":"","large":"","1536x1536":"","2048x2048":"","covernews-slider-full":"","covernews-slider-center":"","covernews-featured":"","covernews-medium":"","covernews-medium-square":""},"author_info":{"display_name":"Jo\u00ebl Diawa","author_link":"https:\/\/infos-droitshumains.net\/?author=2"},"category_info":"<a href=\"https:\/\/infos-droitshumains.net\/?cat=1\" rel=\"category\">Non class\u00e9<\/a>","tag_info":"Non class\u00e9","comment_count":"0","jetpack_featured_media_url":"","jetpack-related-posts":[],"jetpack_sharing_enabled":true,"_links":{"self":[{"href":"https:\/\/infos-droitshumains.net\/index.php?rest_route=\/wp\/v2\/posts\/1773","targetHints":{"allow":["GET"]}}],"collection":[{"href":"https:\/\/infos-droitshumains.net\/index.php?rest_route=\/wp\/v2\/posts"}],"about":[{"href":"https:\/\/infos-droitshumains.net\/index.php?rest_route=\/wp\/v2\/types\/post"}],"author":[{"embeddable":true,"href":"https:\/\/infos-droitshumains.net\/index.php?rest_route=\/wp\/v2\/users\/2"}],"replies":[{"embeddable":true,"href":"https:\/\/infos-droitshumains.net\/index.php?rest_route=%2Fwp%2Fv2%2Fcomments&post=1773"}],"version-history":[{"count":6,"href":"https:\/\/infos-droitshumains.net\/index.php?rest_route=\/wp\/v2\/posts\/1773\/revisions"}],"predecessor-version":[{"id":1782,"href":"https:\/\/infos-droitshumains.net\/index.php?rest_route=\/wp\/v2\/posts\/1773\/revisions\/1782"}],"wp:attachment":[{"href":"https:\/\/infos-droitshumains.net\/index.php?rest_route=%2Fwp%2Fv2%2Fmedia&parent=1773"}],"wp:term":[{"taxonomy":"category","embeddable":true,"href":"https:\/\/infos-droitshumains.net\/index.php?rest_route=%2Fwp%2Fv2%2Fcategories&post=1773"},{"taxonomy":"post_tag","embeddable":true,"href":"https:\/\/infos-droitshumains.net\/index.php?rest_route=%2Fwp%2Fv2%2Ftags&post=1773"}],"curies":[{"name":"wp","href":"https:\/\/api.w.org\/{rel}","templated":true}]}}