{"id":17669,"date":"2026-02-03T13:53:38","date_gmt":"2026-02-03T12:53:38","guid":{"rendered":"https:\/\/infos-droitshumains.net\/?p=17669"},"modified":"2026-02-03T13:56:38","modified_gmt":"2026-02-03T12:56:38","slug":"kinshasa-fanny-kamweni-de-lorphelinat-evapev-nommee-ambassadrice-des-enfants-vulnerables-en-afrique-centrale-par-la-fondation-alpha-perla","status":"publish","type":"post","link":"https:\/\/infos-droitshumains.net\/?p=17669","title":{"rendered":"Kinshasa : Fanny Kamweni de l\u2019orphelinat Evapev, nomm\u00e9e Ambassadrice des enfants vuln\u00e9rables en Afrique centrale par la fondation Alpha Perla"},"content":{"rendered":"\n<p><strong>R\u00e9daction: +243 817 406 088<\/strong><\/p>\n\n\n\n<h3 class=\"wp-block-heading has-vivid-red-color has-text-color has-link-color wp-elements-0b73465a44250a0f9cd953e3bf434963\">Le si\u00e8ge de l\u2019orphelinat Evapev, situ\u00e9 \u00e0 Kimuenza dans la commune de Mont Ngafula, a connu une ambiance particuli\u00e8re ce dimanche 1er f\u00e9vrier 2026. La visite organis\u00e9e par la fondation Alpha Perla a notamment consist\u00e9 en la remise du titre \u00e0 Fanny Kamweni et en un repas partag\u00e9 avec les enfants vuln\u00e9rables, internes et externes \u00e0 l\u2019\u00e9tablissement.<\/h3>\n\n\n\n<p><br>Pour la fondation Alpha Perla, le choix de Fanny Kamweni r\u00e9sulte de son travail acharn\u00e9 envers les enfants en situation difficile.<\/p>\n\n\n\n<p><em>\u00ab Nous encourageons Mme Fanny \u00e0 pers\u00e9v\u00e9rer dans cette vocation d\u2019aider les enfants abandonn\u00e9s et tous les autres vuln\u00e9rables. La fondation Alpha Perla reconna\u00eet son travail et lui d\u00e9cerne ce prix pour l\u2019encourager. Nous lui r\u00e9it\u00e9rons notre soutien et promettons que nous serons toujours l\u00e0 pour lui apporter notre assistance en pr\u00eatant main forte \u00e0 sa mission et sa lutte qui consiste \u00e0 aider les enfants. \u00bb<\/em>, affirme la pr\u00e9sidente de la fondation.<\/p>\n\n\n\n<p>Du c\u00f4t\u00e9 de l\u2019orphelinat Evapev, Fanny Kamweni se dit touch\u00e9e par cette marque de reconnaissance et voit ce prix comme une motivation suppl\u00e9mentaire pour son engagement. Elle invite tous ceux qui partagent cette cause \u00e0 d\u00e9fendre v\u00e9ritablement la mission qui est la leur.<\/p>\n\n\n\n<p><em>\u00ab Ce troph\u00e9e m\u2019est attribu\u00e9 en raison du combat pour les droits de l\u2019enfance que je m\u00e8ne et diff\u00e9rentes d\u00e9nonciations que je fais sans crainte face aux pr\u00e9dateurs qui d\u00e9tournent les fonds des vuln\u00e9rables pour s\u2019enrichir. \u00c0 travers ce prix, j\u2019invite ceux qui sont engag\u00e9s comme moi \u00e0 braver la peur, \u00e0 dire non \u00e0 la corruption sous toutes ses formes et \u00e0 \u0153uvrer uniquement pour l\u2019int\u00e9r\u00eat des enfants abandonn\u00e9s par la soci\u00e9t\u00e9. \u00bb<\/em>, a-t-elle lanc\u00e9.<\/p>\n\n\n\n<p>Au-del\u00e0 de l\u2019attribution du titre d\u2019Ambassadrice, la Fondation Alpha Perla a annonc\u00e9 une aide financi\u00e8re et p\u00e9dagogique \u00e0 ses laur\u00e9ats. Elle a ainsi accord\u00e9 une bourse d\u2019\u00e9tudes en \u00c9gypte \u00e0 l\u2019un des r\u00e9cipients d\u2019Evapev et pris en charge une formation professionnelle pour un autre b\u00e9n\u00e9ficiaire \u00e0 Duba\u00ef. Cette initiative a r\u00e9joui les b\u00e9n\u00e9ficiaires et encourag\u00e9 les \u00e9l\u00e8ves \u00e0 redoubler d\u2019assiduit\u00e9 dans leurs \u00e9tudes.<\/p>\n\n\n\n<p>Ce prix d\u00e9cern\u00e9 \u00e0 Kamweni par la Fondation Alpha Perla refl\u00e8te la reconnaissance apport\u00e9e par la coordination de l\u2019orphelinat Evapev. Touch\u00e9e par cet accueil et par l\u2019amour inconditionnel manifest\u00e9 envers les enfants d\u00e9laiss\u00e9s, la fondation a estim\u00e9 n\u00e9cessaire de mettre en exergue le courage et l\u2019engagement de Fanny Kamweni, afin de soutenir son action sur le terrain.<\/p>\n\n\n\n<p>La r\u00e9daction<\/p>\n","protected":false},"excerpt":{"rendered":"<p>R\u00e9daction: +243 817 406 088 Le si\u00e8ge de l\u2019orphelinat Evapev, situ\u00e9 \u00e0 Kimuenza dans la&#8230;<\/p>\n","protected":false},"author":2,"featured_media":17671,"comment_status":"open","ping_status":"open","sticky":false,"template":"","format":"standard","meta":{"_jetpack_memberships_contains_paid_content":false,"footnotes":""},"categories":[8],"tags":[],"class_list":["post-17669","post","type-post","status-publish","format-standard","has-post-thumbnail","hentry","category-societe"],"yoast_head":"<!-- This site is optimized with the Yoast SEO plugin v27.5 - https:\/\/yoast.com\/product\/yoast-seo-wordpress\/ -->\n<title>Kinshasa : Fanny Kamweni de l\u2019orphelinat Evapev, nomm\u00e9e Ambassadrice des enfants vuln\u00e9rables en Afrique centrale par la fondation Alpha Perla - Infos Droits Humains<\/title>\n<meta name=\"robots\" content=\"index, follow, max-snippet:-1, max-image-preview:large, max-video-preview:-1\" \/>\n<link rel=\"canonical\" href=\"https:\/\/infos-droitshumains.net\/?p=17669\" \/>\n<meta property=\"og:locale\" content=\"fr_FR\" \/>\n<meta property=\"og:type\" content=\"article\" \/>\n<meta property=\"og:title\" content=\"Kinshasa : Fanny Kamweni de l\u2019orphelinat Evapev, nomm\u00e9e Ambassadrice des enfants vuln\u00e9rables en Afrique centrale par la fondation Alpha Perla - Infos Droits Humains\" \/>\n<meta property=\"og:description\" content=\"R\u00e9daction: +243 817 406 088 Le si\u00e8ge de l\u2019orphelinat Evapev, situ\u00e9 \u00e0 Kimuenza dans la...\" \/>\n<meta property=\"og:url\" content=\"https:\/\/infos-droitshumains.net\/?p=17669\" \/>\n<meta property=\"og:site_name\" content=\"Infos Droits Humains\" \/>\n<meta property=\"article:published_time\" content=\"2026-02-03T12:53:38+00:00\" \/>\n<meta property=\"article:modified_time\" content=\"2026-02-03T12:56:38+00:00\" \/>\n<meta property=\"og:image\" content=\"https:\/\/infos-droitshumains.net\/wp-content\/uploads\/2026\/02\/IMG-20260203-WA0032.jpg\" \/>\n\t<meta property=\"og:image:width\" content=\"1179\" \/>\n\t<meta property=\"og:image:height\" content=\"700\" \/>\n\t<meta property=\"og:image:type\" content=\"image\/jpeg\" \/>\n<meta name=\"author\" content=\"Jo\u00ebl Diawa\" \/>\n<meta name=\"twitter:card\" content=\"summary_large_image\" \/>\n<meta name=\"twitter:label1\" content=\"\u00c9crit par\" \/>\n\t<meta name=\"twitter:data1\" content=\"Jo\u00ebl Diawa\" \/>\n\t<meta name=\"twitter:label2\" content=\"Dur\u00e9e de lecture estim\u00e9e\" \/>\n\t<meta name=\"twitter:data2\" content=\"3 minutes\" \/>\n<script type=\"application\/ld+json\" class=\"yoast-schema-graph\">{\"@context\":\"https:\\\/\\\/schema.org\",\"@graph\":[{\"@type\":\"Article\",\"@id\":\"https:\\\/\\\/infos-droitshumains.net\\\/?p=17669#article\",\"isPartOf\":{\"@id\":\"https:\\\/\\\/infos-droitshumains.net\\\/?p=17669\"},\"author\":{\"name\":\"Jo\u00ebl Diawa\",\"@id\":\"https:\\\/\\\/infos-droitshumains.net\\\/#\\\/schema\\\/person\\\/3dc5e921c3302172e0ed4362f96faab7\"},\"headline\":\"Kinshasa : Fanny Kamweni de l\u2019orphelinat Evapev, nomm\u00e9e Ambassadrice des enfants vuln\u00e9rables en Afrique centrale par la fondation Alpha Perla\",\"datePublished\":\"2026-02-03T12:53:38+00:00\",\"dateModified\":\"2026-02-03T12:56:38+00:00\",\"mainEntityOfPage\":{\"@id\":\"https:\\\/\\\/infos-droitshumains.net\\\/?p=17669\"},\"wordCount\":464,\"commentCount\":0,\"publisher\":{\"@id\":\"https:\\\/\\\/infos-droitshumains.net\\\/#organization\"},\"image\":{\"@id\":\"https:\\\/\\\/infos-droitshumains.net\\\/?p=17669#primaryimage\"},\"thumbnailUrl\":\"https:\\\/\\\/i0.wp.com\\\/infos-droitshumains.net\\\/wp-content\\\/uploads\\\/2026\\\/02\\\/IMG-20260203-WA0032.jpg?fit=1179%2C700&ssl=1\",\"articleSection\":[\"Soci\u00e9t\u00e9\"],\"inLanguage\":\"fr-FR\",\"potentialAction\":[{\"@type\":\"CommentAction\",\"name\":\"Comment\",\"target\":[\"https:\\\/\\\/infos-droitshumains.net\\\/?p=17669#respond\"]}]},{\"@type\":\"WebPage\",\"@id\":\"https:\\\/\\\/infos-droitshumains.net\\\/?p=17669\",\"url\":\"https:\\\/\\\/infos-droitshumains.net\\\/?p=17669\",\"name\":\"Kinshasa : Fanny Kamweni de l\u2019orphelinat Evapev, nomm\u00e9e Ambassadrice des enfants vuln\u00e9rables en Afrique centrale par la fondation Alpha Perla - Infos Droits Humains\",\"isPartOf\":{\"@id\":\"https:\\\/\\\/infos-droitshumains.net\\\/#website\"},\"primaryImageOfPage\":{\"@id\":\"https:\\\/\\\/infos-droitshumains.net\\\/?p=17669#primaryimage\"},\"image\":{\"@id\":\"https:\\\/\\\/infos-droitshumains.net\\\/?p=17669#primaryimage\"},\"thumbnailUrl\":\"https:\\\/\\\/i0.wp.com\\\/infos-droitshumains.net\\\/wp-content\\\/uploads\\\/2026\\\/02\\\/IMG-20260203-WA0032.jpg?fit=1179%2C700&ssl=1\",\"datePublished\":\"2026-02-03T12:53:38+00:00\",\"dateModified\":\"2026-02-03T12:56:38+00:00\",\"breadcrumb\":{\"@id\":\"https:\\\/\\\/infos-droitshumains.net\\\/?p=17669#breadcrumb\"},\"inLanguage\":\"fr-FR\",\"potentialAction\":[{\"@type\":\"ReadAction\",\"target\":[\"https:\\\/\\\/infos-droitshumains.net\\\/?p=17669\"]}]},{\"@type\":\"ImageObject\",\"inLanguage\":\"fr-FR\",\"@id\":\"https:\\\/\\\/infos-droitshumains.net\\\/?p=17669#primaryimage\",\"url\":\"https:\\\/\\\/i0.wp.com\\\/infos-droitshumains.net\\\/wp-content\\\/uploads\\\/2026\\\/02\\\/IMG-20260203-WA0032.jpg?fit=1179%2C700&ssl=1\",\"contentUrl\":\"https:\\\/\\\/i0.wp.com\\\/infos-droitshumains.net\\\/wp-content\\\/uploads\\\/2026\\\/02\\\/IMG-20260203-WA0032.jpg?fit=1179%2C700&ssl=1\",\"width\":1179,\"height\":700},{\"@type\":\"BreadcrumbList\",\"@id\":\"https:\\\/\\\/infos-droitshumains.net\\\/?p=17669#breadcrumb\",\"itemListElement\":[{\"@type\":\"ListItem\",\"position\":1,\"name\":\"Accueil\",\"item\":\"https:\\\/\\\/infos-droitshumains.net\\\/\"},{\"@type\":\"ListItem\",\"position\":2,\"name\":\"Kinshasa : Fanny Kamweni de l\u2019orphelinat Evapev, nomm\u00e9e Ambassadrice des enfants vuln\u00e9rables en Afrique centrale par la fondation Alpha Perla\"}]},{\"@type\":\"WebSite\",\"@id\":\"https:\\\/\\\/infos-droitshumains.net\\\/#website\",\"url\":\"https:\\\/\\\/infos-droitshumains.net\\\/\",\"name\":\"Infos Droits Humains\",\"description\":\"S&#039;informer est un droit\",\"publisher\":{\"@id\":\"https:\\\/\\\/infos-droitshumains.net\\\/#organization\"},\"potentialAction\":[{\"@type\":\"SearchAction\",\"target\":{\"@type\":\"EntryPoint\",\"urlTemplate\":\"https:\\\/\\\/infos-droitshumains.net\\\/?s={search_term_string}\"},\"query-input\":{\"@type\":\"PropertyValueSpecification\",\"valueRequired\":true,\"valueName\":\"search_term_string\"}}],\"inLanguage\":\"fr-FR\"},{\"@type\":\"Organization\",\"@id\":\"https:\\\/\\\/infos-droitshumains.net\\\/#organization\",\"name\":\"Infos Droits Humains\",\"url\":\"https:\\\/\\\/infos-droitshumains.net\\\/\",\"logo\":{\"@type\":\"ImageObject\",\"inLanguage\":\"fr-FR\",\"@id\":\"https:\\\/\\\/infos-droitshumains.net\\\/#\\\/schema\\\/logo\\\/image\\\/\",\"url\":\"https:\\\/\\\/i0.wp.com\\\/infos-droitshumains.net\\\/wp-content\\\/uploads\\\/2022\\\/05\\\/Logo.png?fit=333%2C129&ssl=1\",\"contentUrl\":\"https:\\\/\\\/i0.wp.com\\\/infos-droitshumains.net\\\/wp-content\\\/uploads\\\/2022\\\/05\\\/Logo.png?fit=333%2C129&ssl=1\",\"width\":333,\"height\":129,\"caption\":\"Infos Droits Humains\"},\"image\":{\"@id\":\"https:\\\/\\\/infos-droitshumains.net\\\/#\\\/schema\\\/logo\\\/image\\\/\"}},{\"@type\":\"Person\",\"@id\":\"https:\\\/\\\/infos-droitshumains.net\\\/#\\\/schema\\\/person\\\/3dc5e921c3302172e0ed4362f96faab7\",\"name\":\"Jo\u00ebl Diawa\",\"image\":{\"@type\":\"ImageObject\",\"inLanguage\":\"fr-FR\",\"@id\":\"https:\\\/\\\/secure.gravatar.com\\\/avatar\\\/729bea6ff4604c624417803c477363be8e3c7186deaa65713313f9b4b820f41c?s=96&d=mm&r=g\",\"url\":\"https:\\\/\\\/secure.gravatar.com\\\/avatar\\\/729bea6ff4604c624417803c477363be8e3c7186deaa65713313f9b4b820f41c?s=96&d=mm&r=g\",\"contentUrl\":\"https:\\\/\\\/secure.gravatar.com\\\/avatar\\\/729bea6ff4604c624417803c477363be8e3c7186deaa65713313f9b4b820f41c?s=96&d=mm&r=g\",\"caption\":\"Jo\u00ebl Diawa\"},\"sameAs\":[\"https:\\\/\\\/www.infos-droitshumains.net\"],\"url\":\"https:\\\/\\\/infos-droitshumains.net\\\/?author=2\"}]}<\/script>\n<!-- \/ Yoast SEO plugin. -->","yoast_head_json":{"title":"Kinshasa : Fanny Kamweni de l\u2019orphelinat Evapev, nomm\u00e9e Ambassadrice des enfants vuln\u00e9rables en Afrique centrale par la fondation Alpha Perla - Infos Droits Humains","robots":{"index":"index","follow":"follow","max-snippet":"max-snippet:-1","max-image-preview":"max-image-preview:large","max-video-preview":"max-video-preview:-1"},"canonical":"https:\/\/infos-droitshumains.net\/?p=17669","og_locale":"fr_FR","og_type":"article","og_title":"Kinshasa : Fanny Kamweni de l\u2019orphelinat Evapev, nomm\u00e9e Ambassadrice des enfants vuln\u00e9rables en Afrique centrale par la fondation Alpha Perla - Infos Droits Humains","og_description":"R\u00e9daction: +243 817 406 088 Le si\u00e8ge de l\u2019orphelinat Evapev, situ\u00e9 \u00e0 Kimuenza dans la...","og_url":"https:\/\/infos-droitshumains.net\/?p=17669","og_site_name":"Infos Droits Humains","article_published_time":"2026-02-03T12:53:38+00:00","article_modified_time":"2026-02-03T12:56:38+00:00","og_image":[{"width":1179,"height":700,"url":"https:\/\/infos-droitshumains.net\/wp-content\/uploads\/2026\/02\/IMG-20260203-WA0032.jpg","type":"image\/jpeg"}],"author":"Jo\u00ebl Diawa","twitter_card":"summary_large_image","twitter_misc":{"\u00c9crit par":"Jo\u00ebl Diawa","Dur\u00e9e de lecture estim\u00e9e":"3 minutes"},"schema":{"@context":"https:\/\/schema.org","@graph":[{"@type":"Article","@id":"https:\/\/infos-droitshumains.net\/?p=17669#article","isPartOf":{"@id":"https:\/\/infos-droitshumains.net\/?p=17669"},"author":{"name":"Jo\u00ebl Diawa","@id":"https:\/\/infos-droitshumains.net\/#\/schema\/person\/3dc5e921c3302172e0ed4362f96faab7"},"headline":"Kinshasa : Fanny Kamweni de l\u2019orphelinat Evapev, nomm\u00e9e Ambassadrice des enfants vuln\u00e9rables en Afrique centrale par la fondation Alpha Perla","datePublished":"2026-02-03T12:53:38+00:00","dateModified":"2026-02-03T12:56:38+00:00","mainEntityOfPage":{"@id":"https:\/\/infos-droitshumains.net\/?p=17669"},"wordCount":464,"commentCount":0,"publisher":{"@id":"https:\/\/infos-droitshumains.net\/#organization"},"image":{"@id":"https:\/\/infos-droitshumains.net\/?p=17669#primaryimage"},"thumbnailUrl":"https:\/\/i0.wp.com\/infos-droitshumains.net\/wp-content\/uploads\/2026\/02\/IMG-20260203-WA0032.jpg?fit=1179%2C700&ssl=1","articleSection":["Soci\u00e9t\u00e9"],"inLanguage":"fr-FR","potentialAction":[{"@type":"CommentAction","name":"Comment","target":["https:\/\/infos-droitshumains.net\/?p=17669#respond"]}]},{"@type":"WebPage","@id":"https:\/\/infos-droitshumains.net\/?p=17669","url":"https:\/\/infos-droitshumains.net\/?p=17669","name":"Kinshasa : Fanny Kamweni de l\u2019orphelinat Evapev, nomm\u00e9e Ambassadrice des enfants vuln\u00e9rables en Afrique centrale par la fondation Alpha Perla - Infos Droits Humains","isPartOf":{"@id":"https:\/\/infos-droitshumains.net\/#website"},"primaryImageOfPage":{"@id":"https:\/\/infos-droitshumains.net\/?p=17669#primaryimage"},"image":{"@id":"https:\/\/infos-droitshumains.net\/?p=17669#primaryimage"},"thumbnailUrl":"https:\/\/i0.wp.com\/infos-droitshumains.net\/wp-content\/uploads\/2026\/02\/IMG-20260203-WA0032.jpg?fit=1179%2C700&ssl=1","datePublished":"2026-02-03T12:53:38+00:00","dateModified":"2026-02-03T12:56:38+00:00","breadcrumb":{"@id":"https:\/\/infos-droitshumains.net\/?p=17669#breadcrumb"},"inLanguage":"fr-FR","potentialAction":[{"@type":"ReadAction","target":["https:\/\/infos-droitshumains.net\/?p=17669"]}]},{"@type":"ImageObject","inLanguage":"fr-FR","@id":"https:\/\/infos-droitshumains.net\/?p=17669#primaryimage","url":"https:\/\/i0.wp.com\/infos-droitshumains.net\/wp-content\/uploads\/2026\/02\/IMG-20260203-WA0032.jpg?fit=1179%2C700&ssl=1","contentUrl":"https:\/\/i0.wp.com\/infos-droitshumains.net\/wp-content\/uploads\/2026\/02\/IMG-20260203-WA0032.jpg?fit=1179%2C700&ssl=1","width":1179,"height":700},{"@type":"BreadcrumbList","@id":"https:\/\/infos-droitshumains.net\/?p=17669#breadcrumb","itemListElement":[{"@type":"ListItem","position":1,"name":"Accueil","item":"https:\/\/infos-droitshumains.net\/"},{"@type":"ListItem","position":2,"name":"Kinshasa : Fanny Kamweni de l\u2019orphelinat Evapev, nomm\u00e9e Ambassadrice des enfants vuln\u00e9rables en Afrique centrale par la fondation Alpha Perla"}]},{"@type":"WebSite","@id":"https:\/\/infos-droitshumains.net\/#website","url":"https:\/\/infos-droitshumains.net\/","name":"Infos Droits Humains","description":"S&#039;informer est un droit","publisher":{"@id":"https:\/\/infos-droitshumains.net\/#organization"},"potentialAction":[{"@type":"SearchAction","target":{"@type":"EntryPoint","urlTemplate":"https:\/\/infos-droitshumains.net\/?s={search_term_string}"},"query-input":{"@type":"PropertyValueSpecification","valueRequired":true,"valueName":"search_term_string"}}],"inLanguage":"fr-FR"},{"@type":"Organization","@id":"https:\/\/infos-droitshumains.net\/#organization","name":"Infos Droits Humains","url":"https:\/\/infos-droitshumains.net\/","logo":{"@type":"ImageObject","inLanguage":"fr-FR","@id":"https:\/\/infos-droitshumains.net\/#\/schema\/logo\/image\/","url":"https:\/\/i0.wp.com\/infos-droitshumains.net\/wp-content\/uploads\/2022\/05\/Logo.png?fit=333%2C129&ssl=1","contentUrl":"https:\/\/i0.wp.com\/infos-droitshumains.net\/wp-content\/uploads\/2022\/05\/Logo.png?fit=333%2C129&ssl=1","width":333,"height":129,"caption":"Infos Droits Humains"},"image":{"@id":"https:\/\/infos-droitshumains.net\/#\/schema\/logo\/image\/"}},{"@type":"Person","@id":"https:\/\/infos-droitshumains.net\/#\/schema\/person\/3dc5e921c3302172e0ed4362f96faab7","name":"Jo\u00ebl Diawa","image":{"@type":"ImageObject","inLanguage":"fr-FR","@id":"https:\/\/secure.gravatar.com\/avatar\/729bea6ff4604c624417803c477363be8e3c7186deaa65713313f9b4b820f41c?s=96&d=mm&r=g","url":"https:\/\/secure.gravatar.com\/avatar\/729bea6ff4604c624417803c477363be8e3c7186deaa65713313f9b4b820f41c?s=96&d=mm&r=g","contentUrl":"https:\/\/secure.gravatar.com\/avatar\/729bea6ff4604c624417803c477363be8e3c7186deaa65713313f9b4b820f41c?s=96&d=mm&r=g","caption":"Jo\u00ebl Diawa"},"sameAs":["https:\/\/www.infos-droitshumains.net"],"url":"https:\/\/infos-droitshumains.net\/?author=2"}]}},"featured_image_urls":{"full":["https:\/\/i0.wp.com\/infos-droitshumains.net\/wp-content\/uploads\/2026\/02\/IMG-20260203-WA0032.jpg?fit=1179%2C700&ssl=1",1179,700,false],"thumbnail":["https:\/\/i0.wp.com\/infos-droitshumains.net\/wp-content\/uploads\/2026\/02\/IMG-20260203-WA0032.jpg?resize=150%2C150&ssl=1",150,150,true],"medium":["https:\/\/i0.wp.com\/infos-droitshumains.net\/wp-content\/uploads\/2026\/02\/IMG-20260203-WA0032.jpg?fit=300%2C178&ssl=1",300,178,true],"medium_large":["https:\/\/i0.wp.com\/infos-droitshumains.net\/wp-content\/uploads\/2026\/02\/IMG-20260203-WA0032.jpg?fit=640%2C380&ssl=1",640,380,true],"large":["https:\/\/i0.wp.com\/infos-droitshumains.net\/wp-content\/uploads\/2026\/02\/IMG-20260203-WA0032.jpg?fit=640%2C380&ssl=1",640,380,true],"1536x1536":["https:\/\/i0.wp.com\/infos-droitshumains.net\/wp-content\/uploads\/2026\/02\/IMG-20260203-WA0032.jpg?fit=1179%2C700&ssl=1",1179,700,true],"2048x2048":["https:\/\/i0.wp.com\/infos-droitshumains.net\/wp-content\/uploads\/2026\/02\/IMG-20260203-WA0032.jpg?fit=1179%2C700&ssl=1",1179,700,true],"covernews-slider-full":["https:\/\/i0.wp.com\/infos-droitshumains.net\/wp-content\/uploads\/2026\/02\/IMG-20260203-WA0032.jpg?resize=1115%2C700&ssl=1",1115,700,true],"covernews-slider-center":["https:\/\/i0.wp.com\/infos-droitshumains.net\/wp-content\/uploads\/2026\/02\/IMG-20260203-WA0032.jpg?resize=800%2C500&ssl=1",800,500,true],"covernews-featured":["https:\/\/i0.wp.com\/infos-droitshumains.net\/wp-content\/uploads\/2026\/02\/IMG-20260203-WA0032.jpg?fit=1024%2C608&ssl=1",1024,608,true],"covernews-medium":["https:\/\/i0.wp.com\/infos-droitshumains.net\/wp-content\/uploads\/2026\/02\/IMG-20260203-WA0032.jpg?resize=540%2C340&ssl=1",540,340,true],"covernews-medium-square":["https:\/\/i0.wp.com\/infos-droitshumains.net\/wp-content\/uploads\/2026\/02\/IMG-20260203-WA0032.jpg?resize=400%2C250&ssl=1",400,250,true]},"author_info":{"display_name":"Jo\u00ebl Diawa","author_link":"https:\/\/infos-droitshumains.net\/?author=2"},"category_info":"<a href=\"https:\/\/infos-droitshumains.net\/?cat=8\" rel=\"category\">Soci\u00e9t\u00e9<\/a>","tag_info":"Soci\u00e9t\u00e9","comment_count":"0","jetpack_featured_media_url":"https:\/\/i0.wp.com\/infos-droitshumains.net\/wp-content\/uploads\/2026\/02\/IMG-20260203-WA0032.jpg?fit=1179%2C700&ssl=1","jetpack-related-posts":[],"jetpack_sharing_enabled":true,"_links":{"self":[{"href":"https:\/\/infos-droitshumains.net\/index.php?rest_route=\/wp\/v2\/posts\/17669","targetHints":{"allow":["GET"]}}],"collection":[{"href":"https:\/\/infos-droitshumains.net\/index.php?rest_route=\/wp\/v2\/posts"}],"about":[{"href":"https:\/\/infos-droitshumains.net\/index.php?rest_route=\/wp\/v2\/types\/post"}],"author":[{"embeddable":true,"href":"https:\/\/infos-droitshumains.net\/index.php?rest_route=\/wp\/v2\/users\/2"}],"replies":[{"embeddable":true,"href":"https:\/\/infos-droitshumains.net\/index.php?rest_route=%2Fwp%2Fv2%2Fcomments&post=17669"}],"version-history":[{"count":3,"href":"https:\/\/infos-droitshumains.net\/index.php?rest_route=\/wp\/v2\/posts\/17669\/revisions"}],"predecessor-version":[{"id":17673,"href":"https:\/\/infos-droitshumains.net\/index.php?rest_route=\/wp\/v2\/posts\/17669\/revisions\/17673"}],"wp:featuredmedia":[{"embeddable":true,"href":"https:\/\/infos-droitshumains.net\/index.php?rest_route=\/wp\/v2\/media\/17671"}],"wp:attachment":[{"href":"https:\/\/infos-droitshumains.net\/index.php?rest_route=%2Fwp%2Fv2%2Fmedia&parent=17669"}],"wp:term":[{"taxonomy":"category","embeddable":true,"href":"https:\/\/infos-droitshumains.net\/index.php?rest_route=%2Fwp%2Fv2%2Fcategories&post=17669"},{"taxonomy":"post_tag","embeddable":true,"href":"https:\/\/infos-droitshumains.net\/index.php?rest_route=%2Fwp%2Fv2%2Ftags&post=17669"}],"curies":[{"name":"wp","href":"https:\/\/api.w.org\/{rel}","templated":true}]}}