{"id":17632,"date":"2026-01-31T22:40:52","date_gmt":"2026-01-31T21:40:52","guid":{"rendered":"https:\/\/infos-droitshumains.net\/?p=17632"},"modified":"2026-02-01T11:40:36","modified_gmt":"2026-02-01T10:40:36","slug":"rdc-accusee-a-tort-lisette-kabanga-denonce-une-campagne-de-diffamation-et-annonce-des-poursuites-judiciaires","status":"publish","type":"post","link":"https:\/\/infos-droitshumains.net\/?p=17632","title":{"rendered":"RDC\u00a0: Accus\u00e9e \u00ab\u00a0\u00e0 tort\u00a0\u00bb, Lisette Kabanga d\u00e9nonce une campagne de diffamation et annonce des poursuites judiciaires"},"content":{"rendered":"\n<p><strong>R\u00e9daction: +243 817 406 088<\/strong><\/p>\n\n\n\n<h3 class=\"wp-block-heading has-vivid-red-color has-text-color has-link-color wp-elements-253c2df15d98562eacc667492dbba86e\">Mme Kabanga Lisette, fonctionnaire de l\u2019\u00c9tat congolais, est mont\u00e9e au cr\u00e9neau ce samedi pour d\u00e9noncer ce qu\u2019elle qualifie de campagne de diffamation organis\u00e9e, visant \u00e0 porter atteinte \u00e0 son honneur, \u00e0 sa dignit\u00e9 et \u00e0 sa r\u00e9putation.<\/h3>\n\n\n\n<p>Lors d\u2019une conf\u00e9rence de presse tenue \u00e0 Kinshasa, anim\u00e9e par son conseil Me Ciamba Ckiness, Madame Kabanga a rejet\u00e9 avec fermet\u00e9 toutes les accusations port\u00e9es contre elle ces derniers temps au sujet des pr\u00e9tendues arrestations et d\u00e9tentionarbitraires au CNC. Selon ses avocats, ces all\u00e9gations seraient le fruit d\u2019un <em>\u00ab\u00a0lynchage m\u00e9diatique savamment orchestr\u00e9 par certaines organisations de la soci\u00e9t\u00e9 civile, en connivence avec des officines politiques\u00a0\u00bb<\/em>, dans le but manifeste de nuire \u00e0 son image.<\/p>\n\n\n\n<p>Lisette Kabanga affirme par ailleurs avoir toujours accompli ses missions professionnelles avec \u00ab&nbsp;conscience, loyaut\u00e9 et dans le strict respect des lois et r\u00e8glements de la R\u00e9publique d\u00e9mocratique du Congo.&nbsp;\u00bb Elle se dit profond\u00e9ment affect\u00e9e par ces attaques qu\u2019elle juge <em>\u00ab&nbsp;infond\u00e9es&nbsp;\u00bb,<\/em> d\u2019autant plus qu\u2019elles portent atteinte \u00e0 sa qualit\u00e9 de femme et de m\u00e8re de famille.<\/p>\n\n\n\n<p>Sa d\u00e9fense regrette que cette campagne de d\u00e9nigrement ait \u00e9t\u00e9 relay\u00e9e par certains m\u00e9dias nationaux et internationaux, ainsi que par l\u2019usage abusif des nouvelles technologies de l\u2019information et de la communication, contribuant ainsi \u00e0 une large diffusion de fausses informations.<\/p>\n\n\n\n<p>Face \u00e0 cette situation, elle d\u00e9ment formellement l\u2019ensemble des faits qui lui sont imput\u00e9s et annonce le d\u00e9p\u00f4t imminent de plaintes devant les juridictions comp\u00e9tentes contre les auteurs, coauteurs et complices de ces actes diffamatoires.<\/p>\n\n\n\n<p>Par la voix de son avocat, Lisette Kabanga met en garde toute personne qui serait tent\u00e9e de r\u00e9\u00e9diter ou de relayer ces accusations, que ce soit verbalement, par voie de presse ou via les r\u00e9seaux sociaux. Elle pr\u00e9vient qu\u2019elle n\u2019h\u00e9sitera pas \u00e0 saisir la justice afin que les responsabilit\u00e9s p\u00e9nales et civiles soient \u00e9tablies, tout en appelant \u00e9galement au sens de responsabilit\u00e9 de tous les Congolais, et plus particuli\u00e8rement des professionnels des m\u00e9dias, les exhortant \u00e0 ne plus relayer des imputations dommageables et non v\u00e9rifi\u00e9es, sous peine de sanctions pr\u00e9vues par la loi.<\/p>\n\n\n\n<p>\u00c0 l\u2019issue de cette conf\u00e9rence de presse, Me Ciamba Ckiness a insist\u00e9 sur la d\u00e9termination de sa cliente \u00e0 faire pr\u00e9valoir le droit et la justice, afin que cessent ces atteintes r\u00e9p\u00e9t\u00e9es \u00e0 sa r\u00e9putation et que les auteurs r\u00e9pondent de leurs actes devant la loi.<\/p>\n\n\n\n<p>Jo\u00ebl Diawa<\/p>\n","protected":false},"excerpt":{"rendered":"<p>R\u00e9daction: +243 817 406 088 Mme Kabanga Lisette, fonctionnaire de l\u2019\u00c9tat congolais, est mont\u00e9e au&#8230;<\/p>\n","protected":false},"author":2,"featured_media":17636,"comment_status":"open","ping_status":"open","sticky":false,"template":"","format":"standard","meta":{"_jetpack_memberships_contains_paid_content":false,"footnotes":""},"categories":[8],"tags":[],"class_list":["post-17632","post","type-post","status-publish","format-standard","has-post-thumbnail","hentry","category-societe"],"yoast_head":"<!-- This site is optimized with the Yoast SEO plugin v27.5 - https:\/\/yoast.com\/product\/yoast-seo-wordpress\/ -->\n<title>RDC\u00a0: Accus\u00e9e \u00ab\u00a0\u00e0 tort\u00a0\u00bb, Lisette Kabanga d\u00e9nonce une campagne de diffamation et annonce des poursuites judiciaires - Infos Droits Humains<\/title>\n<meta name=\"robots\" content=\"index, follow, max-snippet:-1, max-image-preview:large, max-video-preview:-1\" \/>\n<link rel=\"canonical\" href=\"https:\/\/infos-droitshumains.net\/?p=17632\" \/>\n<meta property=\"og:locale\" content=\"fr_FR\" \/>\n<meta property=\"og:type\" content=\"article\" \/>\n<meta property=\"og:title\" content=\"RDC\u00a0: Accus\u00e9e \u00ab\u00a0\u00e0 tort\u00a0\u00bb, Lisette Kabanga d\u00e9nonce une campagne de diffamation et annonce des poursuites judiciaires - Infos Droits Humains\" \/>\n<meta property=\"og:description\" content=\"R\u00e9daction: +243 817 406 088 Mme Kabanga Lisette, fonctionnaire de l\u2019\u00c9tat congolais, est mont\u00e9e au...\" \/>\n<meta property=\"og:url\" content=\"https:\/\/infos-droitshumains.net\/?p=17632\" \/>\n<meta property=\"og:site_name\" content=\"Infos Droits Humains\" \/>\n<meta property=\"article:published_time\" content=\"2026-01-31T21:40:52+00:00\" \/>\n<meta property=\"article:modified_time\" content=\"2026-02-01T10:40:36+00:00\" \/>\n<meta property=\"og:image\" content=\"https:\/\/infos-droitshumains.net\/wp-content\/uploads\/2026\/01\/IMG-20260131-WA0071.jpg\" \/>\n\t<meta property=\"og:image:width\" content=\"1280\" \/>\n\t<meta property=\"og:image:height\" content=\"960\" \/>\n\t<meta property=\"og:image:type\" content=\"image\/jpeg\" \/>\n<meta name=\"author\" content=\"Jo\u00ebl Diawa\" \/>\n<meta name=\"twitter:card\" content=\"summary_large_image\" \/>\n<meta name=\"twitter:label1\" content=\"\u00c9crit par\" \/>\n\t<meta name=\"twitter:data1\" content=\"Jo\u00ebl Diawa\" \/>\n\t<meta name=\"twitter:label2\" content=\"Dur\u00e9e de lecture estim\u00e9e\" \/>\n\t<meta name=\"twitter:data2\" content=\"3 minutes\" \/>\n<script type=\"application\/ld+json\" class=\"yoast-schema-graph\">{\"@context\":\"https:\\\/\\\/schema.org\",\"@graph\":[{\"@type\":\"Article\",\"@id\":\"https:\\\/\\\/infos-droitshumains.net\\\/?p=17632#article\",\"isPartOf\":{\"@id\":\"https:\\\/\\\/infos-droitshumains.net\\\/?p=17632\"},\"author\":{\"name\":\"Jo\u00ebl Diawa\",\"@id\":\"https:\\\/\\\/infos-droitshumains.net\\\/#\\\/schema\\\/person\\\/3dc5e921c3302172e0ed4362f96faab7\"},\"headline\":\"RDC\u00a0: Accus\u00e9e \u00ab\u00a0\u00e0 tort\u00a0\u00bb, Lisette Kabanga d\u00e9nonce une campagne de diffamation et annonce des poursuites judiciaires\",\"datePublished\":\"2026-01-31T21:40:52+00:00\",\"dateModified\":\"2026-02-01T10:40:36+00:00\",\"mainEntityOfPage\":{\"@id\":\"https:\\\/\\\/infos-droitshumains.net\\\/?p=17632\"},\"wordCount\":454,\"commentCount\":0,\"publisher\":{\"@id\":\"https:\\\/\\\/infos-droitshumains.net\\\/#organization\"},\"image\":{\"@id\":\"https:\\\/\\\/infos-droitshumains.net\\\/?p=17632#primaryimage\"},\"thumbnailUrl\":\"https:\\\/\\\/i0.wp.com\\\/infos-droitshumains.net\\\/wp-content\\\/uploads\\\/2026\\\/01\\\/IMG-20260131-WA0071.jpg?fit=1280%2C960&ssl=1\",\"articleSection\":[\"Soci\u00e9t\u00e9\"],\"inLanguage\":\"fr-FR\",\"potentialAction\":[{\"@type\":\"CommentAction\",\"name\":\"Comment\",\"target\":[\"https:\\\/\\\/infos-droitshumains.net\\\/?p=17632#respond\"]}]},{\"@type\":\"WebPage\",\"@id\":\"https:\\\/\\\/infos-droitshumains.net\\\/?p=17632\",\"url\":\"https:\\\/\\\/infos-droitshumains.net\\\/?p=17632\",\"name\":\"RDC\u00a0: Accus\u00e9e \u00ab\u00a0\u00e0 tort\u00a0\u00bb, Lisette Kabanga d\u00e9nonce une campagne de diffamation et annonce des poursuites judiciaires - Infos Droits Humains\",\"isPartOf\":{\"@id\":\"https:\\\/\\\/infos-droitshumains.net\\\/#website\"},\"primaryImageOfPage\":{\"@id\":\"https:\\\/\\\/infos-droitshumains.net\\\/?p=17632#primaryimage\"},\"image\":{\"@id\":\"https:\\\/\\\/infos-droitshumains.net\\\/?p=17632#primaryimage\"},\"thumbnailUrl\":\"https:\\\/\\\/i0.wp.com\\\/infos-droitshumains.net\\\/wp-content\\\/uploads\\\/2026\\\/01\\\/IMG-20260131-WA0071.jpg?fit=1280%2C960&ssl=1\",\"datePublished\":\"2026-01-31T21:40:52+00:00\",\"dateModified\":\"2026-02-01T10:40:36+00:00\",\"breadcrumb\":{\"@id\":\"https:\\\/\\\/infos-droitshumains.net\\\/?p=17632#breadcrumb\"},\"inLanguage\":\"fr-FR\",\"potentialAction\":[{\"@type\":\"ReadAction\",\"target\":[\"https:\\\/\\\/infos-droitshumains.net\\\/?p=17632\"]}]},{\"@type\":\"ImageObject\",\"inLanguage\":\"fr-FR\",\"@id\":\"https:\\\/\\\/infos-droitshumains.net\\\/?p=17632#primaryimage\",\"url\":\"https:\\\/\\\/i0.wp.com\\\/infos-droitshumains.net\\\/wp-content\\\/uploads\\\/2026\\\/01\\\/IMG-20260131-WA0071.jpg?fit=1280%2C960&ssl=1\",\"contentUrl\":\"https:\\\/\\\/i0.wp.com\\\/infos-droitshumains.net\\\/wp-content\\\/uploads\\\/2026\\\/01\\\/IMG-20260131-WA0071.jpg?fit=1280%2C960&ssl=1\",\"width\":1280,\"height\":960},{\"@type\":\"BreadcrumbList\",\"@id\":\"https:\\\/\\\/infos-droitshumains.net\\\/?p=17632#breadcrumb\",\"itemListElement\":[{\"@type\":\"ListItem\",\"position\":1,\"name\":\"Accueil\",\"item\":\"https:\\\/\\\/infos-droitshumains.net\\\/\"},{\"@type\":\"ListItem\",\"position\":2,\"name\":\"RDC\u00a0: Accus\u00e9e \u00ab\u00a0\u00e0 tort\u00a0\u00bb, Lisette Kabanga d\u00e9nonce une campagne de diffamation et annonce des poursuites judiciaires\"}]},{\"@type\":\"WebSite\",\"@id\":\"https:\\\/\\\/infos-droitshumains.net\\\/#website\",\"url\":\"https:\\\/\\\/infos-droitshumains.net\\\/\",\"name\":\"Infos Droits Humains\",\"description\":\"S&#039;informer est un droit\",\"publisher\":{\"@id\":\"https:\\\/\\\/infos-droitshumains.net\\\/#organization\"},\"potentialAction\":[{\"@type\":\"SearchAction\",\"target\":{\"@type\":\"EntryPoint\",\"urlTemplate\":\"https:\\\/\\\/infos-droitshumains.net\\\/?s={search_term_string}\"},\"query-input\":{\"@type\":\"PropertyValueSpecification\",\"valueRequired\":true,\"valueName\":\"search_term_string\"}}],\"inLanguage\":\"fr-FR\"},{\"@type\":\"Organization\",\"@id\":\"https:\\\/\\\/infos-droitshumains.net\\\/#organization\",\"name\":\"Infos Droits Humains\",\"url\":\"https:\\\/\\\/infos-droitshumains.net\\\/\",\"logo\":{\"@type\":\"ImageObject\",\"inLanguage\":\"fr-FR\",\"@id\":\"https:\\\/\\\/infos-droitshumains.net\\\/#\\\/schema\\\/logo\\\/image\\\/\",\"url\":\"https:\\\/\\\/i0.wp.com\\\/infos-droitshumains.net\\\/wp-content\\\/uploads\\\/2022\\\/05\\\/Logo.png?fit=333%2C129&ssl=1\",\"contentUrl\":\"https:\\\/\\\/i0.wp.com\\\/infos-droitshumains.net\\\/wp-content\\\/uploads\\\/2022\\\/05\\\/Logo.png?fit=333%2C129&ssl=1\",\"width\":333,\"height\":129,\"caption\":\"Infos Droits Humains\"},\"image\":{\"@id\":\"https:\\\/\\\/infos-droitshumains.net\\\/#\\\/schema\\\/logo\\\/image\\\/\"}},{\"@type\":\"Person\",\"@id\":\"https:\\\/\\\/infos-droitshumains.net\\\/#\\\/schema\\\/person\\\/3dc5e921c3302172e0ed4362f96faab7\",\"name\":\"Jo\u00ebl Diawa\",\"image\":{\"@type\":\"ImageObject\",\"inLanguage\":\"fr-FR\",\"@id\":\"https:\\\/\\\/secure.gravatar.com\\\/avatar\\\/729bea6ff4604c624417803c477363be8e3c7186deaa65713313f9b4b820f41c?s=96&d=mm&r=g\",\"url\":\"https:\\\/\\\/secure.gravatar.com\\\/avatar\\\/729bea6ff4604c624417803c477363be8e3c7186deaa65713313f9b4b820f41c?s=96&d=mm&r=g\",\"contentUrl\":\"https:\\\/\\\/secure.gravatar.com\\\/avatar\\\/729bea6ff4604c624417803c477363be8e3c7186deaa65713313f9b4b820f41c?s=96&d=mm&r=g\",\"caption\":\"Jo\u00ebl Diawa\"},\"sameAs\":[\"https:\\\/\\\/www.infos-droitshumains.net\"],\"url\":\"https:\\\/\\\/infos-droitshumains.net\\\/?author=2\"}]}<\/script>\n<!-- \/ Yoast SEO plugin. -->","yoast_head_json":{"title":"RDC\u00a0: Accus\u00e9e \u00ab\u00a0\u00e0 tort\u00a0\u00bb, Lisette Kabanga d\u00e9nonce une campagne de diffamation et annonce des poursuites judiciaires - Infos Droits Humains","robots":{"index":"index","follow":"follow","max-snippet":"max-snippet:-1","max-image-preview":"max-image-preview:large","max-video-preview":"max-video-preview:-1"},"canonical":"https:\/\/infos-droitshumains.net\/?p=17632","og_locale":"fr_FR","og_type":"article","og_title":"RDC\u00a0: Accus\u00e9e \u00ab\u00a0\u00e0 tort\u00a0\u00bb, Lisette Kabanga d\u00e9nonce une campagne de diffamation et annonce des poursuites judiciaires - Infos Droits Humains","og_description":"R\u00e9daction: +243 817 406 088 Mme Kabanga Lisette, fonctionnaire de l\u2019\u00c9tat congolais, est mont\u00e9e au...","og_url":"https:\/\/infos-droitshumains.net\/?p=17632","og_site_name":"Infos Droits Humains","article_published_time":"2026-01-31T21:40:52+00:00","article_modified_time":"2026-02-01T10:40:36+00:00","og_image":[{"width":1280,"height":960,"url":"https:\/\/infos-droitshumains.net\/wp-content\/uploads\/2026\/01\/IMG-20260131-WA0071.jpg","type":"image\/jpeg"}],"author":"Jo\u00ebl Diawa","twitter_card":"summary_large_image","twitter_misc":{"\u00c9crit par":"Jo\u00ebl Diawa","Dur\u00e9e de lecture estim\u00e9e":"3 minutes"},"schema":{"@context":"https:\/\/schema.org","@graph":[{"@type":"Article","@id":"https:\/\/infos-droitshumains.net\/?p=17632#article","isPartOf":{"@id":"https:\/\/infos-droitshumains.net\/?p=17632"},"author":{"name":"Jo\u00ebl Diawa","@id":"https:\/\/infos-droitshumains.net\/#\/schema\/person\/3dc5e921c3302172e0ed4362f96faab7"},"headline":"RDC\u00a0: Accus\u00e9e \u00ab\u00a0\u00e0 tort\u00a0\u00bb, Lisette Kabanga d\u00e9nonce une campagne de diffamation et annonce des poursuites judiciaires","datePublished":"2026-01-31T21:40:52+00:00","dateModified":"2026-02-01T10:40:36+00:00","mainEntityOfPage":{"@id":"https:\/\/infos-droitshumains.net\/?p=17632"},"wordCount":454,"commentCount":0,"publisher":{"@id":"https:\/\/infos-droitshumains.net\/#organization"},"image":{"@id":"https:\/\/infos-droitshumains.net\/?p=17632#primaryimage"},"thumbnailUrl":"https:\/\/i0.wp.com\/infos-droitshumains.net\/wp-content\/uploads\/2026\/01\/IMG-20260131-WA0071.jpg?fit=1280%2C960&ssl=1","articleSection":["Soci\u00e9t\u00e9"],"inLanguage":"fr-FR","potentialAction":[{"@type":"CommentAction","name":"Comment","target":["https:\/\/infos-droitshumains.net\/?p=17632#respond"]}]},{"@type":"WebPage","@id":"https:\/\/infos-droitshumains.net\/?p=17632","url":"https:\/\/infos-droitshumains.net\/?p=17632","name":"RDC\u00a0: Accus\u00e9e \u00ab\u00a0\u00e0 tort\u00a0\u00bb, Lisette Kabanga d\u00e9nonce une campagne de diffamation et annonce des poursuites judiciaires - Infos Droits Humains","isPartOf":{"@id":"https:\/\/infos-droitshumains.net\/#website"},"primaryImageOfPage":{"@id":"https:\/\/infos-droitshumains.net\/?p=17632#primaryimage"},"image":{"@id":"https:\/\/infos-droitshumains.net\/?p=17632#primaryimage"},"thumbnailUrl":"https:\/\/i0.wp.com\/infos-droitshumains.net\/wp-content\/uploads\/2026\/01\/IMG-20260131-WA0071.jpg?fit=1280%2C960&ssl=1","datePublished":"2026-01-31T21:40:52+00:00","dateModified":"2026-02-01T10:40:36+00:00","breadcrumb":{"@id":"https:\/\/infos-droitshumains.net\/?p=17632#breadcrumb"},"inLanguage":"fr-FR","potentialAction":[{"@type":"ReadAction","target":["https:\/\/infos-droitshumains.net\/?p=17632"]}]},{"@type":"ImageObject","inLanguage":"fr-FR","@id":"https:\/\/infos-droitshumains.net\/?p=17632#primaryimage","url":"https:\/\/i0.wp.com\/infos-droitshumains.net\/wp-content\/uploads\/2026\/01\/IMG-20260131-WA0071.jpg?fit=1280%2C960&ssl=1","contentUrl":"https:\/\/i0.wp.com\/infos-droitshumains.net\/wp-content\/uploads\/2026\/01\/IMG-20260131-WA0071.jpg?fit=1280%2C960&ssl=1","width":1280,"height":960},{"@type":"BreadcrumbList","@id":"https:\/\/infos-droitshumains.net\/?p=17632#breadcrumb","itemListElement":[{"@type":"ListItem","position":1,"name":"Accueil","item":"https:\/\/infos-droitshumains.net\/"},{"@type":"ListItem","position":2,"name":"RDC\u00a0: Accus\u00e9e \u00ab\u00a0\u00e0 tort\u00a0\u00bb, Lisette Kabanga d\u00e9nonce une campagne de diffamation et annonce des poursuites judiciaires"}]},{"@type":"WebSite","@id":"https:\/\/infos-droitshumains.net\/#website","url":"https:\/\/infos-droitshumains.net\/","name":"Infos Droits Humains","description":"S&#039;informer est un droit","publisher":{"@id":"https:\/\/infos-droitshumains.net\/#organization"},"potentialAction":[{"@type":"SearchAction","target":{"@type":"EntryPoint","urlTemplate":"https:\/\/infos-droitshumains.net\/?s={search_term_string}"},"query-input":{"@type":"PropertyValueSpecification","valueRequired":true,"valueName":"search_term_string"}}],"inLanguage":"fr-FR"},{"@type":"Organization","@id":"https:\/\/infos-droitshumains.net\/#organization","name":"Infos Droits Humains","url":"https:\/\/infos-droitshumains.net\/","logo":{"@type":"ImageObject","inLanguage":"fr-FR","@id":"https:\/\/infos-droitshumains.net\/#\/schema\/logo\/image\/","url":"https:\/\/i0.wp.com\/infos-droitshumains.net\/wp-content\/uploads\/2022\/05\/Logo.png?fit=333%2C129&ssl=1","contentUrl":"https:\/\/i0.wp.com\/infos-droitshumains.net\/wp-content\/uploads\/2022\/05\/Logo.png?fit=333%2C129&ssl=1","width":333,"height":129,"caption":"Infos Droits Humains"},"image":{"@id":"https:\/\/infos-droitshumains.net\/#\/schema\/logo\/image\/"}},{"@type":"Person","@id":"https:\/\/infos-droitshumains.net\/#\/schema\/person\/3dc5e921c3302172e0ed4362f96faab7","name":"Jo\u00ebl Diawa","image":{"@type":"ImageObject","inLanguage":"fr-FR","@id":"https:\/\/secure.gravatar.com\/avatar\/729bea6ff4604c624417803c477363be8e3c7186deaa65713313f9b4b820f41c?s=96&d=mm&r=g","url":"https:\/\/secure.gravatar.com\/avatar\/729bea6ff4604c624417803c477363be8e3c7186deaa65713313f9b4b820f41c?s=96&d=mm&r=g","contentUrl":"https:\/\/secure.gravatar.com\/avatar\/729bea6ff4604c624417803c477363be8e3c7186deaa65713313f9b4b820f41c?s=96&d=mm&r=g","caption":"Jo\u00ebl Diawa"},"sameAs":["https:\/\/www.infos-droitshumains.net"],"url":"https:\/\/infos-droitshumains.net\/?author=2"}]}},"featured_image_urls":{"full":["https:\/\/i0.wp.com\/infos-droitshumains.net\/wp-content\/uploads\/2026\/01\/IMG-20260131-WA0071.jpg?fit=1280%2C960&ssl=1",1280,960,false],"thumbnail":["https:\/\/i0.wp.com\/infos-droitshumains.net\/wp-content\/uploads\/2026\/01\/IMG-20260131-WA0071.jpg?resize=150%2C150&ssl=1",150,150,true],"medium":["https:\/\/i0.wp.com\/infos-droitshumains.net\/wp-content\/uploads\/2026\/01\/IMG-20260131-WA0071.jpg?fit=300%2C225&ssl=1",300,225,true],"medium_large":["https:\/\/i0.wp.com\/infos-droitshumains.net\/wp-content\/uploads\/2026\/01\/IMG-20260131-WA0071.jpg?fit=640%2C480&ssl=1",640,480,true],"large":["https:\/\/i0.wp.com\/infos-droitshumains.net\/wp-content\/uploads\/2026\/01\/IMG-20260131-WA0071.jpg?fit=640%2C480&ssl=1",640,480,true],"1536x1536":["https:\/\/i0.wp.com\/infos-droitshumains.net\/wp-content\/uploads\/2026\/01\/IMG-20260131-WA0071.jpg?fit=1280%2C960&ssl=1",1280,960,true],"2048x2048":["https:\/\/i0.wp.com\/infos-droitshumains.net\/wp-content\/uploads\/2026\/01\/IMG-20260131-WA0071.jpg?fit=1280%2C960&ssl=1",1280,960,true],"covernews-slider-full":["https:\/\/i0.wp.com\/infos-droitshumains.net\/wp-content\/uploads\/2026\/01\/IMG-20260131-WA0071.jpg?resize=1115%2C715&ssl=1",1115,715,true],"covernews-slider-center":["https:\/\/i0.wp.com\/infos-droitshumains.net\/wp-content\/uploads\/2026\/01\/IMG-20260131-WA0071.jpg?resize=800%2C500&ssl=1",800,500,true],"covernews-featured":["https:\/\/i0.wp.com\/infos-droitshumains.net\/wp-content\/uploads\/2026\/01\/IMG-20260131-WA0071.jpg?fit=1024%2C768&ssl=1",1024,768,true],"covernews-medium":["https:\/\/i0.wp.com\/infos-droitshumains.net\/wp-content\/uploads\/2026\/01\/IMG-20260131-WA0071.jpg?resize=540%2C340&ssl=1",540,340,true],"covernews-medium-square":["https:\/\/i0.wp.com\/infos-droitshumains.net\/wp-content\/uploads\/2026\/01\/IMG-20260131-WA0071.jpg?resize=400%2C250&ssl=1",400,250,true]},"author_info":{"display_name":"Jo\u00ebl Diawa","author_link":"https:\/\/infos-droitshumains.net\/?author=2"},"category_info":"<a href=\"https:\/\/infos-droitshumains.net\/?cat=8\" rel=\"category\">Soci\u00e9t\u00e9<\/a>","tag_info":"Soci\u00e9t\u00e9","comment_count":"0","jetpack_featured_media_url":"https:\/\/i0.wp.com\/infos-droitshumains.net\/wp-content\/uploads\/2026\/01\/IMG-20260131-WA0071.jpg?fit=1280%2C960&ssl=1","jetpack-related-posts":[],"jetpack_sharing_enabled":true,"_links":{"self":[{"href":"https:\/\/infos-droitshumains.net\/index.php?rest_route=\/wp\/v2\/posts\/17632","targetHints":{"allow":["GET"]}}],"collection":[{"href":"https:\/\/infos-droitshumains.net\/index.php?rest_route=\/wp\/v2\/posts"}],"about":[{"href":"https:\/\/infos-droitshumains.net\/index.php?rest_route=\/wp\/v2\/types\/post"}],"author":[{"embeddable":true,"href":"https:\/\/infos-droitshumains.net\/index.php?rest_route=\/wp\/v2\/users\/2"}],"replies":[{"embeddable":true,"href":"https:\/\/infos-droitshumains.net\/index.php?rest_route=%2Fwp%2Fv2%2Fcomments&post=17632"}],"version-history":[{"count":3,"href":"https:\/\/infos-droitshumains.net\/index.php?rest_route=\/wp\/v2\/posts\/17632\/revisions"}],"predecessor-version":[{"id":17655,"href":"https:\/\/infos-droitshumains.net\/index.php?rest_route=\/wp\/v2\/posts\/17632\/revisions\/17655"}],"wp:featuredmedia":[{"embeddable":true,"href":"https:\/\/infos-droitshumains.net\/index.php?rest_route=\/wp\/v2\/media\/17636"}],"wp:attachment":[{"href":"https:\/\/infos-droitshumains.net\/index.php?rest_route=%2Fwp%2Fv2%2Fmedia&parent=17632"}],"wp:term":[{"taxonomy":"category","embeddable":true,"href":"https:\/\/infos-droitshumains.net\/index.php?rest_route=%2Fwp%2Fv2%2Fcategories&post=17632"},{"taxonomy":"post_tag","embeddable":true,"href":"https:\/\/infos-droitshumains.net\/index.php?rest_route=%2Fwp%2Fv2%2Ftags&post=17632"}],"curies":[{"name":"wp","href":"https:\/\/api.w.org\/{rel}","templated":true}]}}